{"id":113822,"date":"2021-01-08T08:30:44","date_gmt":"2021-01-08T14:30:44","guid":{"rendered":"https:\/\/centrourbano.com\/?p=113822"},"modified":"2021-01-07T16:29:32","modified_gmt":"2021-01-07T22:29:32","slug":"onu-habitat-plan-desarrollo-sostenible","status":"publish","type":"post","link":"https:\/\/centrourbano.com\/revista\/urbanismo\/onu-habitat-plan-desarrollo-sostenible\/","title":{"rendered":"Presenta ONU-Habitat su plan 2020-2023 para el desarrollo sostenible"},"content":{"rendered":"<p><em>El plan estrat\u00e9gico de ONU-Habitat contempla la reducci\u00f3n de la desigualdad, el alcance de la prosperidad y el fortalecimiento de la acci\u00f3n clim\u00e1tica en el entorno urbano<\/em><!--more--><\/p>\n<p><strong>ONU-Habitat<\/strong>, el programa de las Naciones Unidas para los asentamientos humanos, present\u00f3 su <strong>Plan Estrat\u00e9gico 2020-2023<\/strong> para el <strong>desarrollo urbano sostenible<\/strong>. Con el cual, la <a href=\"http:\/\/onuhabitat.org.mx\/\" target=\"_blank\" rel=\"noopener noreferrer\">agencia <\/a>se consolida como una entidad global y centro de excelencia e innovaci\u00f3n.<\/p>\n<p>El plan incluye la <strong>reducci\u00f3n de la<\/strong> <strong>desigualdad espacial<\/strong> <strong>y la pobreza<\/strong> en las comunidades a lo largo del continuo urbano-rural. Esto a trav\u00e9s del:<\/p>\n<ul>\n<li>Acceso mayor e igualitario a los servicios b\u00e1sicos, la movilidad sostenible y el espacio p\u00fablico.<\/li>\n<li>Acceso seguro a la tierra y a viviendas adecuadas y asequibles.<\/li>\n<li>Crecimiento y regeneraci\u00f3n efectiva de asentamientos humanos.<\/li>\n<\/ul>\n<a href=\"https:\/\/centrourbano.com\/revista\/wp-content\/uploads\/Pobreza01.jpg\" target=\"_blank\" rel=\"noopener noreferrer\"><img loading=\"lazy\" decoding=\"async\" class=\"aligncenter wp-image-113824 \" src=\"https:\/\/centrourbano.com\/revista\/wp-content\/uploads\/Pobreza01.jpg\" alt=\"\" width=\"700\" height=\"350\" srcset=\"https:\/\/centrourbano.com\/revista\/wp-content\/uploads\/Pobreza01.jpg 800w, https:\/\/centrourbano.com\/revista\/wp-content\/uploads\/Pobreza01-300x150.jpg 300w, https:\/\/centrourbano.com\/revista\/wp-content\/uploads\/Pobreza01-768x384.jpg 768w\" sizes=\"auto, (max-width: 700px) 100vw, 700px\" \/><\/a>\n<p>Asimismo, <strong>ONU-Habitat<\/strong> contempla alcanzar una <strong>prosperidad compartida en ciudades y regiones<\/strong>. Lo cual incluye:<\/p>\n<ul>\n<li>Mejorar la conectividad espacial y la productividad de ciudades y regiones.<\/li>\n<li>Motivar la generaci\u00f3n de ingresos locales que se distribuyan equitativamente.<\/li>\n<li>Desplegar ampliamente tecnolog\u00edas e innovaciones de vanguardia para el desarrollo urbano.<\/li>\n<\/ul>\n<p>Adem\u00e1s, se pretende <strong>fortalecer<\/strong> <strong>la acci\u00f3n clim\u00e1tica y mejora del entorno urbano<\/strong>, al:<\/p>\n<ul>\n<li>Reducir las emisiones de gases de efecto invernadero y mejora de la calidad del aire.<\/li>\n<li>Mejorar la eficiencia de los recursos y la protecci\u00f3n de los activos ecol\u00f3gicos.<\/li>\n<li>Adaptar efectivamente infraestructura para el cambio clim\u00e1tico.<\/li>\n<\/ul>\n<a href=\"https:\/\/centrourbano.com\/revista\/wp-content\/uploads\/plan-estrategico-04-1.jpg\" target=\"_blank\" rel=\"noopener noreferrer\"><img loading=\"lazy\" decoding=\"async\" class=\"aligncenter wp-image-113826 \" src=\"https:\/\/centrourbano.com\/revista\/wp-content\/uploads\/plan-estrategico-04-1.jpg\" alt=\"\" width=\"700\" height=\"414\" srcset=\"https:\/\/centrourbano.com\/revista\/wp-content\/uploads\/plan-estrategico-04-1.jpg 999w, https:\/\/centrourbano.com\/revista\/wp-content\/uploads\/plan-estrategico-04-1-300x177.jpg 300w, https:\/\/centrourbano.com\/revista\/wp-content\/uploads\/plan-estrategico-04-1-768x454.jpg 768w\" sizes=\"auto, (max-width: 700px) 100vw, 700px\" \/><\/a>\n<p>De igual manera, el <strong>Plan<\/strong> de <strong>ONU-Habitat<\/strong> contempla la promoci\u00f3n de la <strong>prevenci\u00f3n y respuesta eficaces ante las crisis urbanas<\/strong>. Esto con las siguientes acciones:<\/p>\n<ul>\n<li>Lograr una mayor integraci\u00f3n social en comunidades inclusivas.<\/li>\n<li>Mejorar el nivel de vida e inclusi\u00f3n de migrantes y refugiados; as\u00ed como desplazados internos y repatriados. Esto mediante una respuesta eficaz ante las crisis.<\/li>\n<li>Promover medidas de mayor resiliencia en el entorno construido y la infraestructura.<\/li>\n<\/ul>\n","protected":false},"excerpt":{"rendered":"<p>El plan estrat\u00e9gico de ONU-Habitat contempla la reducci\u00f3n de la desigualdad, el alcance de la prosperidad y el fortalecimiento de la acci\u00f3n clim\u00e1tica en el entorno urbano<\/p>\n","protected":false},"author":73,"featured_media":113823,"comment_status":"open","ping_status":"closed","sticky":false,"template":"","format":"standard","meta":{"om_disable_all_campaigns":false,"inline_featured_image":false,"_monsterinsights_skip_tracking":false,"_monsterinsights_sitenote_active":false,"_monsterinsights_sitenote_note":"","_monsterinsights_sitenote_category":0,"footnotes":""},"categories":[82],"tags":[5325,1612,2653,20169],"class_list":["post-113822","post","type-post","status-publish","format-standard","has-post-thumbnail","hentry","category-urbanismo","tag-desarrollo-urbano-sostenible","tag-entorno-urbano","tag-onu-habitat","tag-plan-estrategico-2020-2023"],"yoast_head":"<!-- This site is optimized with the Yoast SEO plugin v27.4 - https:\/\/yoast.com\/product\/yoast-seo-wordpress\/ -->\n<title>ONU-Habitat presenta su plan 2020-2023 para el desarrollo sostenible<\/title>\n<meta name=\"description\" content=\"El plan estrat\u00e9gico de ONU-Habitat contempla la reducci\u00f3n de la desigualdad, el alcance de la prosperidad y el fortalecimiento de la acci\u00f3n clim\u00e1tica\" \/>\n<meta name=\"robots\" content=\"index, follow, max-snippet:-1, max-image-preview:large, max-video-preview:-1\" \/>\n<link rel=\"canonical\" href=\"https:\/\/centrourbano.com\/revista\/urbanismo\/onu-habitat-plan-desarrollo-sostenible\/\" \/>\n<meta property=\"og:locale\" content=\"es_ES\" \/>\n<meta property=\"og:type\" content=\"article\" \/>\n<meta property=\"og:title\" content=\"ONU-Habitat presenta su plan 2020-2023 para el desarrollo sostenible\" \/>\n<meta property=\"og:description\" content=\"El plan estrat\u00e9gico de ONU-Habitat contempla la reducci\u00f3n de la desigualdad, el alcance de la prosperidad y el fortalecimiento de la acci\u00f3n clim\u00e1tica\" \/>\n<meta property=\"og:url\" content=\"https:\/\/centrourbano.com\/revista\/urbanismo\/onu-habitat-plan-desarrollo-sostenible\/\" \/>\n<meta property=\"og:site_name\" content=\"Centro Urbano\" \/>\n<meta property=\"article:publisher\" content=\"https:\/\/www.facebook.com\/portalcentrourbano\" \/>\n<meta property=\"article:published_time\" content=\"2021-01-08T14:30:44+00:00\" \/>\n<meta property=\"og:image\" content=\"https:\/\/centrourbano.com\/revista\/wp-content\/uploads\/ONU-Habitat-presenta-su-plan-2020-2023-para-el-desarrollo-sostenible.jpg\" \/>\n\t<meta property=\"og:image:width\" content=\"800\" \/>\n\t<meta property=\"og:image:height\" content=\"445\" \/>\n\t<meta property=\"og:image:type\" content=\"image\/jpeg\" \/>\n<meta name=\"author\" content=\"Fernanda Hern\u00e1ndez\" \/>\n<meta name=\"twitter:card\" content=\"summary_large_image\" \/>\n<meta name=\"twitter:creator\" content=\"@https:\/\/twitter.com\/Nannz_Hernandez\" \/>\n<meta name=\"twitter:site\" content=\"@CentroUrbano\" \/>\n<meta name=\"twitter:label1\" content=\"Escrito por\" \/>\n\t<meta name=\"twitter:data1\" content=\"Fernanda Hern\u00e1ndez\" \/>\n\t<meta name=\"twitter:label2\" content=\"Tiempo de lectura\" \/>\n\t<meta name=\"twitter:data2\" content=\"2 minutos\" \/>\n<script type=\"application\/ld+json\" class=\"yoast-schema-graph\">{\"@context\":\"https:\\\/\\\/schema.org\",\"@graph\":[{\"@type\":\"Article\",\"@id\":\"https:\\\/\\\/centrourbano.com\\\/revista\\\/urbanismo\\\/onu-habitat-plan-desarrollo-sostenible\\\/#article\",\"isPartOf\":{\"@id\":\"https:\\\/\\\/centrourbano.com\\\/revista\\\/urbanismo\\\/onu-habitat-plan-desarrollo-sostenible\\\/\"},\"author\":{\"name\":\"Fernanda Hern\u00e1ndez\",\"@id\":\"https:\\\/\\\/centrourbano.com\\\/revista\\\/#\\\/schema\\\/person\\\/b190b20bbbceb41ec72278c546fa8df3\"},\"headline\":\"Presenta ONU-Habitat su plan 2020-2023 para el desarrollo sostenible\",\"datePublished\":\"2021-01-08T14:30:44+00:00\",\"mainEntityOfPage\":{\"@id\":\"https:\\\/\\\/centrourbano.com\\\/revista\\\/urbanismo\\\/onu-habitat-plan-desarrollo-sostenible\\\/\"},\"wordCount\":319,\"commentCount\":0,\"publisher\":{\"@id\":\"https:\\\/\\\/centrourbano.com\\\/revista\\\/#organization\"},\"image\":{\"@id\":\"https:\\\/\\\/centrourbano.com\\\/revista\\\/urbanismo\\\/onu-habitat-plan-desarrollo-sostenible\\\/#primaryimage\"},\"thumbnailUrl\":\"https:\\\/\\\/centrourbano.com\\\/revista\\\/wp-content\\\/uploads\\\/ONU-Habitat-presenta-su-plan-2020-2023-para-el-desarrollo-sostenible.jpg\",\"keywords\":[\"desarrollo urbano sostenible\",\"entorno urbano\",\"ONU-Habitat\",\"Plan Estrat\u00e9gico 2020-2023\"],\"articleSection\":[\"Urbanismo\"],\"inLanguage\":\"es\",\"potentialAction\":[{\"@type\":\"CommentAction\",\"name\":\"Comment\",\"target\":[\"https:\\\/\\\/centrourbano.com\\\/revista\\\/urbanismo\\\/onu-habitat-plan-desarrollo-sostenible\\\/#respond\"]}]},{\"@type\":\"WebPage\",\"@id\":\"https:\\\/\\\/centrourbano.com\\\/revista\\\/urbanismo\\\/onu-habitat-plan-desarrollo-sostenible\\\/\",\"url\":\"https:\\\/\\\/centrourbano.com\\\/revista\\\/urbanismo\\\/onu-habitat-plan-desarrollo-sostenible\\\/\",\"name\":\"ONU-Habitat presenta su plan 2020-2023 para el desarrollo sostenible\",\"isPartOf\":{\"@id\":\"https:\\\/\\\/centrourbano.com\\\/revista\\\/#website\"},\"primaryImageOfPage\":{\"@id\":\"https:\\\/\\\/centrourbano.com\\\/revista\\\/urbanismo\\\/onu-habitat-plan-desarrollo-sostenible\\\/#primaryimage\"},\"image\":{\"@id\":\"https:\\\/\\\/centrourbano.com\\\/revista\\\/urbanismo\\\/onu-habitat-plan-desarrollo-sostenible\\\/#primaryimage\"},\"thumbnailUrl\":\"https:\\\/\\\/centrourbano.com\\\/revista\\\/wp-content\\\/uploads\\\/ONU-Habitat-presenta-su-plan-2020-2023-para-el-desarrollo-sostenible.jpg\",\"datePublished\":\"2021-01-08T14:30:44+00:00\",\"description\":\"El plan estrat\u00e9gico de ONU-Habitat contempla la reducci\u00f3n de la desigualdad, el alcance de la prosperidad y el fortalecimiento de la acci\u00f3n clim\u00e1tica\",\"breadcrumb\":{\"@id\":\"https:\\\/\\\/centrourbano.com\\\/revista\\\/urbanismo\\\/onu-habitat-plan-desarrollo-sostenible\\\/#breadcrumb\"},\"inLanguage\":\"es\",\"potentialAction\":[{\"@type\":\"ReadAction\",\"target\":[\"https:\\\/\\\/centrourbano.com\\\/revista\\\/urbanismo\\\/onu-habitat-plan-desarrollo-sostenible\\\/\"]}]},{\"@type\":\"ImageObject\",\"inLanguage\":\"es\",\"@id\":\"https:\\\/\\\/centrourbano.com\\\/revista\\\/urbanismo\\\/onu-habitat-plan-desarrollo-sostenible\\\/#primaryimage\",\"url\":\"https:\\\/\\\/centrourbano.com\\\/revista\\\/wp-content\\\/uploads\\\/ONU-Habitat-presenta-su-plan-2020-2023-para-el-desarrollo-sostenible.jpg\",\"contentUrl\":\"https:\\\/\\\/centrourbano.com\\\/revista\\\/wp-content\\\/uploads\\\/ONU-Habitat-presenta-su-plan-2020-2023-para-el-desarrollo-sostenible.jpg\",\"width\":800,\"height\":445,\"caption\":\"El plan estrat\u00e9gico de ONU-Habitat contempla la reducci\u00f3n de la desigualdad, el alcance de la prosperidad y el fortalecimiento de la acci\u00f3n clim\u00e1tica\"},{\"@type\":\"BreadcrumbList\",\"@id\":\"https:\\\/\\\/centrourbano.com\\\/revista\\\/urbanismo\\\/onu-habitat-plan-desarrollo-sostenible\\\/#breadcrumb\",\"itemListElement\":[{\"@type\":\"ListItem\",\"position\":1,\"name\":\"Portada\",\"item\":\"https:\\\/\\\/centrourbano.com\\\/revista\\\/\"},{\"@type\":\"ListItem\",\"position\":2,\"name\":\"Presenta ONU-Habitat su plan 2020-2023 para el desarrollo sostenible\"}]},{\"@type\":\"WebSite\",\"@id\":\"https:\\\/\\\/centrourbano.com\\\/revista\\\/#website\",\"url\":\"https:\\\/\\\/centrourbano.com\\\/revista\\\/\",\"name\":\"Centro Urbano\",\"description\":\"Medio especializado en los sectores vivienda, inmobiliario, construcci\u00f3n, arquitectura y urbanismo.\",\"publisher\":{\"@id\":\"https:\\\/\\\/centrourbano.com\\\/revista\\\/#organization\"},\"potentialAction\":[{\"@type\":\"SearchAction\",\"target\":{\"@type\":\"EntryPoint\",\"urlTemplate\":\"https:\\\/\\\/centrourbano.com\\\/revista\\\/?s={search_term_string}\"},\"query-input\":{\"@type\":\"PropertyValueSpecification\",\"valueRequired\":true,\"valueName\":\"search_term_string\"}}],\"inLanguage\":\"es\"},{\"@type\":\"Organization\",\"@id\":\"https:\\\/\\\/centrourbano.com\\\/revista\\\/#organization\",\"name\":\"Centro Urbano\",\"url\":\"https:\\\/\\\/centrourbano.com\\\/revista\\\/\",\"logo\":{\"@type\":\"ImageObject\",\"inLanguage\":\"es\",\"@id\":\"https:\\\/\\\/centrourbano.com\\\/revista\\\/#\\\/schema\\\/logo\\\/image\\\/\",\"url\":\"https:\\\/\\\/centrourbano.com\\\/revista\\\/wp-content\\\/uploads\\\/web_CU_logo-1.png\",\"contentUrl\":\"https:\\\/\\\/centrourbano.com\\\/revista\\\/wp-content\\\/uploads\\\/web_CU_logo-1.png\",\"width\":350,\"height\":91,\"caption\":\"Centro Urbano\"},\"image\":{\"@id\":\"https:\\\/\\\/centrourbano.com\\\/revista\\\/#\\\/schema\\\/logo\\\/image\\\/\"},\"sameAs\":[\"https:\\\/\\\/www.facebook.com\\\/portalcentrourbano\",\"https:\\\/\\\/x.com\\\/CentroUrbano\",\"https:\\\/\\\/www.instagram.com\\\/centro_urbano\\\/\",\"https:\\\/\\\/www.linkedin.com\\\/company\\\/centro-urbano\\\/\",\"http:\\\/\\\/www.youtube.com\\\/user\\\/portalcentrourbano\"]},{\"@type\":\"Person\",\"@id\":\"https:\\\/\\\/centrourbano.com\\\/revista\\\/#\\\/schema\\\/person\\\/b190b20bbbceb41ec72278c546fa8df3\",\"name\":\"Fernanda Hern\u00e1ndez\",\"image\":{\"@type\":\"ImageObject\",\"inLanguage\":\"es\",\"@id\":\"https:\\\/\\\/secure.gravatar.com\\\/avatar\\\/9471831fb0a24eae9d32d826a7cb8ef07c34a41520aca1a0ab1f5c0903ba49b9?s=96&d=mm&r=g\",\"url\":\"https:\\\/\\\/secure.gravatar.com\\\/avatar\\\/9471831fb0a24eae9d32d826a7cb8ef07c34a41520aca1a0ab1f5c0903ba49b9?s=96&d=mm&r=g\",\"contentUrl\":\"https:\\\/\\\/secure.gravatar.com\\\/avatar\\\/9471831fb0a24eae9d32d826a7cb8ef07c34a41520aca1a0ab1f5c0903ba49b9?s=96&d=mm&r=g\",\"caption\":\"Fernanda Hern\u00e1ndez\"},\"description\":\"Reportera y redactora en Centro Urbano. Soy egresada de la licenciatura en Ciencias de la Comunicaci\u00f3n de la Facultad de Ciencias Pol\u00edticas y Sociales (UNAM). Me interesa la cultura, el urbanismo y la arquitectura. Amante del mundo digital, el cine, la m\u00fasica, la lectura y la escritura.\",\"sameAs\":[\"https:\\\/\\\/x.com\\\/https:\\\/\\\/twitter.com\\\/Nannz_Hernandez\"],\"url\":\"https:\\\/\\\/centrourbano.com\\\/revista\\\/author\\\/fernanda-hernandez\\\/\"}]}<\/script>\n<!-- \/ Yoast SEO plugin. -->","yoast_head_json":{"title":"ONU-Habitat presenta su plan 2020-2023 para el desarrollo sostenible","description":"El plan estrat\u00e9gico de ONU-Habitat contempla la reducci\u00f3n de la desigualdad, el alcance de la prosperidad y el fortalecimiento de la acci\u00f3n clim\u00e1tica","robots":{"index":"index","follow":"follow","max-snippet":"max-snippet:-1","max-image-preview":"max-image-preview:large","max-video-preview":"max-video-preview:-1"},"canonical":"https:\/\/centrourbano.com\/revista\/urbanismo\/onu-habitat-plan-desarrollo-sostenible\/","og_locale":"es_ES","og_type":"article","og_title":"ONU-Habitat presenta su plan 2020-2023 para el desarrollo sostenible","og_description":"El plan estrat\u00e9gico de ONU-Habitat contempla la reducci\u00f3n de la desigualdad, el alcance de la prosperidad y el fortalecimiento de la acci\u00f3n clim\u00e1tica","og_url":"https:\/\/centrourbano.com\/revista\/urbanismo\/onu-habitat-plan-desarrollo-sostenible\/","og_site_name":"Centro Urbano","article_publisher":"https:\/\/www.facebook.com\/portalcentrourbano","article_published_time":"2021-01-08T14:30:44+00:00","og_image":[{"width":800,"height":445,"url":"https:\/\/centrourbano.com\/revista\/wp-content\/uploads\/ONU-Habitat-presenta-su-plan-2020-2023-para-el-desarrollo-sostenible.jpg","type":"image\/jpeg"}],"author":"Fernanda Hern\u00e1ndez","twitter_card":"summary_large_image","twitter_creator":"@https:\/\/twitter.com\/Nannz_Hernandez","twitter_site":"@CentroUrbano","twitter_misc":{"Escrito por":"Fernanda Hern\u00e1ndez","Tiempo de lectura":"2 minutos"},"schema":{"@context":"https:\/\/schema.org","@graph":[{"@type":"Article","@id":"https:\/\/centrourbano.com\/revista\/urbanismo\/onu-habitat-plan-desarrollo-sostenible\/#article","isPartOf":{"@id":"https:\/\/centrourbano.com\/revista\/urbanismo\/onu-habitat-plan-desarrollo-sostenible\/"},"author":{"name":"Fernanda Hern\u00e1ndez","@id":"https:\/\/centrourbano.com\/revista\/#\/schema\/person\/b190b20bbbceb41ec72278c546fa8df3"},"headline":"Presenta ONU-Habitat su plan 2020-2023 para el desarrollo sostenible","datePublished":"2021-01-08T14:30:44+00:00","mainEntityOfPage":{"@id":"https:\/\/centrourbano.com\/revista\/urbanismo\/onu-habitat-plan-desarrollo-sostenible\/"},"wordCount":319,"commentCount":0,"publisher":{"@id":"https:\/\/centrourbano.com\/revista\/#organization"},"image":{"@id":"https:\/\/centrourbano.com\/revista\/urbanismo\/onu-habitat-plan-desarrollo-sostenible\/#primaryimage"},"thumbnailUrl":"https:\/\/centrourbano.com\/revista\/wp-content\/uploads\/ONU-Habitat-presenta-su-plan-2020-2023-para-el-desarrollo-sostenible.jpg","keywords":["desarrollo urbano sostenible","entorno urbano","ONU-Habitat","Plan Estrat\u00e9gico 2020-2023"],"articleSection":["Urbanismo"],"inLanguage":"es","potentialAction":[{"@type":"CommentAction","name":"Comment","target":["https:\/\/centrourbano.com\/revista\/urbanismo\/onu-habitat-plan-desarrollo-sostenible\/#respond"]}]},{"@type":"WebPage","@id":"https:\/\/centrourbano.com\/revista\/urbanismo\/onu-habitat-plan-desarrollo-sostenible\/","url":"https:\/\/centrourbano.com\/revista\/urbanismo\/onu-habitat-plan-desarrollo-sostenible\/","name":"ONU-Habitat presenta su plan 2020-2023 para el desarrollo sostenible","isPartOf":{"@id":"https:\/\/centrourbano.com\/revista\/#website"},"primaryImageOfPage":{"@id":"https:\/\/centrourbano.com\/revista\/urbanismo\/onu-habitat-plan-desarrollo-sostenible\/#primaryimage"},"image":{"@id":"https:\/\/centrourbano.com\/revista\/urbanismo\/onu-habitat-plan-desarrollo-sostenible\/#primaryimage"},"thumbnailUrl":"https:\/\/centrourbano.com\/revista\/wp-content\/uploads\/ONU-Habitat-presenta-su-plan-2020-2023-para-el-desarrollo-sostenible.jpg","datePublished":"2021-01-08T14:30:44+00:00","description":"El plan estrat\u00e9gico de ONU-Habitat contempla la reducci\u00f3n de la desigualdad, el alcance de la prosperidad y el fortalecimiento de la acci\u00f3n clim\u00e1tica","breadcrumb":{"@id":"https:\/\/centrourbano.com\/revista\/urbanismo\/onu-habitat-plan-desarrollo-sostenible\/#breadcrumb"},"inLanguage":"es","potentialAction":[{"@type":"ReadAction","target":["https:\/\/centrourbano.com\/revista\/urbanismo\/onu-habitat-plan-desarrollo-sostenible\/"]}]},{"@type":"ImageObject","inLanguage":"es","@id":"https:\/\/centrourbano.com\/revista\/urbanismo\/onu-habitat-plan-desarrollo-sostenible\/#primaryimage","url":"https:\/\/centrourbano.com\/revista\/wp-content\/uploads\/ONU-Habitat-presenta-su-plan-2020-2023-para-el-desarrollo-sostenible.jpg","contentUrl":"https:\/\/centrourbano.com\/revista\/wp-content\/uploads\/ONU-Habitat-presenta-su-plan-2020-2023-para-el-desarrollo-sostenible.jpg","width":800,"height":445,"caption":"El plan estrat\u00e9gico de ONU-Habitat contempla la reducci\u00f3n de la desigualdad, el alcance de la prosperidad y el fortalecimiento de la acci\u00f3n clim\u00e1tica"},{"@type":"BreadcrumbList","@id":"https:\/\/centrourbano.com\/revista\/urbanismo\/onu-habitat-plan-desarrollo-sostenible\/#breadcrumb","itemListElement":[{"@type":"ListItem","position":1,"name":"Portada","item":"https:\/\/centrourbano.com\/revista\/"},{"@type":"ListItem","position":2,"name":"Presenta ONU-Habitat su plan 2020-2023 para el desarrollo sostenible"}]},{"@type":"WebSite","@id":"https:\/\/centrourbano.com\/revista\/#website","url":"https:\/\/centrourbano.com\/revista\/","name":"Centro Urbano","description":"Medio especializado en los sectores vivienda, inmobiliario, construcci\u00f3n, arquitectura y urbanismo.","publisher":{"@id":"https:\/\/centrourbano.com\/revista\/#organization"},"potentialAction":[{"@type":"SearchAction","target":{"@type":"EntryPoint","urlTemplate":"https:\/\/centrourbano.com\/revista\/?s={search_term_string}"},"query-input":{"@type":"PropertyValueSpecification","valueRequired":true,"valueName":"search_term_string"}}],"inLanguage":"es"},{"@type":"Organization","@id":"https:\/\/centrourbano.com\/revista\/#organization","name":"Centro Urbano","url":"https:\/\/centrourbano.com\/revista\/","logo":{"@type":"ImageObject","inLanguage":"es","@id":"https:\/\/centrourbano.com\/revista\/#\/schema\/logo\/image\/","url":"https:\/\/centrourbano.com\/revista\/wp-content\/uploads\/web_CU_logo-1.png","contentUrl":"https:\/\/centrourbano.com\/revista\/wp-content\/uploads\/web_CU_logo-1.png","width":350,"height":91,"caption":"Centro Urbano"},"image":{"@id":"https:\/\/centrourbano.com\/revista\/#\/schema\/logo\/image\/"},"sameAs":["https:\/\/www.facebook.com\/portalcentrourbano","https:\/\/x.com\/CentroUrbano","https:\/\/www.instagram.com\/centro_urbano\/","https:\/\/www.linkedin.com\/company\/centro-urbano\/","http:\/\/www.youtube.com\/user\/portalcentrourbano"]},{"@type":"Person","@id":"https:\/\/centrourbano.com\/revista\/#\/schema\/person\/b190b20bbbceb41ec72278c546fa8df3","name":"Fernanda Hern\u00e1ndez","image":{"@type":"ImageObject","inLanguage":"es","@id":"https:\/\/secure.gravatar.com\/avatar\/9471831fb0a24eae9d32d826a7cb8ef07c34a41520aca1a0ab1f5c0903ba49b9?s=96&d=mm&r=g","url":"https:\/\/secure.gravatar.com\/avatar\/9471831fb0a24eae9d32d826a7cb8ef07c34a41520aca1a0ab1f5c0903ba49b9?s=96&d=mm&r=g","contentUrl":"https:\/\/secure.gravatar.com\/avatar\/9471831fb0a24eae9d32d826a7cb8ef07c34a41520aca1a0ab1f5c0903ba49b9?s=96&d=mm&r=g","caption":"Fernanda Hern\u00e1ndez"},"description":"Reportera y redactora en Centro Urbano. Soy egresada de la licenciatura en Ciencias de la Comunicaci\u00f3n de la Facultad de Ciencias Pol\u00edticas y Sociales (UNAM). Me interesa la cultura, el urbanismo y la arquitectura. Amante del mundo digital, el cine, la m\u00fasica, la lectura y la escritura.","sameAs":["https:\/\/x.com\/https:\/\/twitter.com\/Nannz_Hernandez"],"url":"https:\/\/centrourbano.com\/revista\/author\/fernanda-hernandez\/"}]}},"_links":{"self":[{"href":"https:\/\/centrourbano.com\/revista\/wp-json\/wp\/v2\/posts\/113822","targetHints":{"allow":["GET"]}}],"collection":[{"href":"https:\/\/centrourbano.com\/revista\/wp-json\/wp\/v2\/posts"}],"about":[{"href":"https:\/\/centrourbano.com\/revista\/wp-json\/wp\/v2\/types\/post"}],"author":[{"embeddable":true,"href":"https:\/\/centrourbano.com\/revista\/wp-json\/wp\/v2\/users\/73"}],"replies":[{"embeddable":true,"href":"https:\/\/centrourbano.com\/revista\/wp-json\/wp\/v2\/comments?post=113822"}],"version-history":[{"count":1,"href":"https:\/\/centrourbano.com\/revista\/wp-json\/wp\/v2\/posts\/113822\/revisions"}],"predecessor-version":[{"id":113827,"href":"https:\/\/centrourbano.com\/revista\/wp-json\/wp\/v2\/posts\/113822\/revisions\/113827"}],"wp:featuredmedia":[{"embeddable":true,"href":"https:\/\/centrourbano.com\/revista\/wp-json\/wp\/v2\/media\/113823"}],"wp:attachment":[{"href":"https:\/\/centrourbano.com\/revista\/wp-json\/wp\/v2\/media?parent=113822"}],"wp:term":[{"taxonomy":"category","embeddable":true,"href":"https:\/\/centrourbano.com\/revista\/wp-json\/wp\/v2\/categories?post=113822"},{"taxonomy":"post_tag","embeddable":true,"href":"https:\/\/centrourbano.com\/revista\/wp-json\/wp\/v2\/tags?post=113822"}],"curies":[{"name":"wp","href":"https:\/\/api.w.org\/{rel}","templated":true}]}}