{"id":113817,"date":"2021-01-07T14:33:54","date_gmt":"2021-01-07T20:33:54","guid":{"rendered":"https:\/\/centrourbano.com\/?p=113817"},"modified":"2021-01-07T14:37:03","modified_gmt":"2021-01-07T20:37:03","slug":"creditos-infonavit-salario-minimo","status":"publish","type":"post","link":"https:\/\/centrourbano.com\/revista\/vivienda\/creditos-infonavit-salario-minimo\/","title":{"rendered":"Cr\u00e9ditos Infonavit no ser\u00e1n afectados por aumento en el salario m\u00ednimo"},"content":{"rendered":"<p><em>Desde 2016 se desindex\u00f3 el salario m\u00ednimo de los cr\u00e9ditos del Instituto para proteger a los acreditados ante posibles incrementos del indicador<\/em><!--more--><\/p>\n<p>El <strong>aumento de 15% al salario minio<\/strong> para 2021 <strong>no impactar\u00e1 en el saldo de los cr\u00e9dito del Infonavit<\/strong> tasados bajo este indicador, inform\u00f3 el <a href=\"https:\/\/www.facebook.com\/watch\/live\/?v=431776441545418&amp;ref=watch_permalink\" target=\"_blank\" rel=\"noopener noreferrer\">organismo<\/a> a trav\u00e9s de un comunicado.<\/p>\n<p>De acuerdo con el Instituto, gracias a la <strong>reforma de 2016,<\/strong> con la que se <strong>desindex\u00f3 el salari\u00f3 m\u00ednimo<\/strong>, el ajuste anual a los cr\u00e9ditos se realiza con base al movimiento de la <strong>Unidad de Medida y Actualizaci\u00f3n<\/strong> (UMA).<\/p>\n<p>[quote]\u201cCon la creaci\u00f3n de la UMA, los cr\u00e9ditos hipotecarios originados en Veces Salaros M\u00ednimos (VSM) se actualizan con lo que resulte menor entre el crecimiento del salario m\u00ednimo y el incremento de la Unidad de Medida y Actualizaci\u00f3n (UMA), la cual es una referencia econ\u00f3mica basada en la inflaci\u00f3n\u201d, explic\u00f3 el Instituto.[\/quote]<\/p>\n<p>Es as\u00ed que para 2021, los cr\u00e9ditos del Instituto no se ajustar\u00e1n a la par del aumento en el salario m\u00ednimo. En este caso, el <strong>ajuste ser\u00e1 de 3.15%<\/strong>, acorde al comportamiento de la UMA para el a\u00f1o.<\/p>\n<p>\u201cLos cr\u00e9ditos vigentes denominados en VSM s\u00f3lo registrar\u00e1n un incremento de 3.15% y no de 15% como el salario m\u00ednimo, en beneficio de las y los trabajadores que recurrieron al cr\u00e9dito Infonavit para formar un hogar.<\/p>\n<p>\u201cPor otro lado, el aumento al salario m\u00ednimo propicia una mayor contribuci\u00f3n por parte de los patrones a las Subcuentas de Vivienda. Este factor incrementa el ahorro de los derechohabientes que todav\u00eda no acceden a un cr\u00e9dito, permiti\u00e9ndoles obtener un mayor monto de financiamiento\u201d, destac\u00f3.<\/p>\n<h4>Conversiones de VSM a Pesos<\/h4>\n<p>Como medida para ayudar a los trabajadores con cr\u00e9ditos en VSM, el Instituto record\u00f3 que a la fecha, mantiene vigente el <strong>Programa Responsabilidad Compartida<\/strong>. Con este esquema, el organismo ofrece una opci\u00f3n para reestructurar el cr\u00e9dito y migrar a un modelo en Pesos.<\/p>\n<p>\u201cPara que un acreditado sepa si su cr\u00e9dito es susceptible de este programa a Mi Cuenta Infonavit (micuenta.infonavit.org.mx). Ah\u00ed podr\u00e1 revisar el estatus de su financiamiento en la pesta\u00f1a Mi Cr\u00e9dito\u201d, explic\u00f3 el fondo.<\/p>\n<p>Asimismo, y <strong><a href=\"https:\/\/centrourbano.com\/2021\/01\/06\/infonavit-masificara-las-reestructuras-de-salarios-minimos-a-pesos\/\" target=\"_blank\" rel=\"noopener noreferrer\">como lo adelant\u00f3 Centro Urbano<\/a><\/strong>, el Instituto prepara un nuevo <strong>programa para masificar las conversiones de VSM a Pesos<\/strong>. Este programa ser\u00eda lanzado en el 1S2021.<\/p>\n<p>\u201cEl Instituto trabaja en un programa que permitir\u00e1, a todos los acreditados que as\u00ed lo deseen, convertir a pesos los financiamientos tasados en VSM. El desarrollo de esta soluci\u00f3n financiera se llevar\u00e1 a cabo en 2021. Especificamente, esponde al compromiso del Infonavit por poner a los trabajadores, sus necesidades y bienestar en el centro de todas las acciones\u201d, detall\u00f3.<\/p>\n","protected":false},"excerpt":{"rendered":"<p>Desde 2016 se desindex\u00f3 el salario m\u00ednimo de los cr\u00e9ditos del Instituto para proteger a los acreditados ante posibles incrementos del indicador<\/p>\n","protected":false},"author":14,"featured_media":113818,"comment_status":"open","ping_status":"closed","sticky":false,"template":"","format":"standard","meta":{"om_disable_all_campaigns":false,"inline_featured_image":false,"_monsterinsights_skip_tracking":false,"_monsterinsights_sitenote_active":false,"_monsterinsights_sitenote_note":"","_monsterinsights_sitenote_category":0,"footnotes":""},"categories":[12],"tags":[642,100,2701,60],"class_list":["post-113817","post","type-post","status-publish","format-standard","has-post-thumbnail","hentry","category-vivienda","tag-creditos","tag-infonavit","tag-salario-minimo","tag-vivienda-2"],"yoast_head":"<!-- This site is optimized with the Yoast SEO plugin v27.4 - https:\/\/yoast.com\/product\/yoast-seo-wordpress\/ -->\n<title>Cr\u00e9ditos Infonavit no ser\u00e1n afectados por aumento en el salario m\u00ednimo<\/title>\n<meta name=\"description\" content=\"Desde 2016 se desindex\u00f3 el salario m\u00ednimo de los cr\u00e9ditos del Instituto como...Cr\u00e9ditos Infonavit no ser\u00e1n afectados por aumento en...\" \/>\n<meta name=\"robots\" content=\"index, follow, max-snippet:-1, max-image-preview:large, max-video-preview:-1\" \/>\n<link rel=\"canonical\" href=\"https:\/\/centrourbano.com\/revista\/vivienda\/creditos-infonavit-salario-minimo\/\" \/>\n<meta property=\"og:locale\" content=\"es_ES\" \/>\n<meta property=\"og:type\" content=\"article\" \/>\n<meta property=\"og:title\" content=\"Cr\u00e9ditos Infonavit no ser\u00e1n afectados por aumento en el salario m\u00ednimo\" \/>\n<meta property=\"og:description\" content=\"Desde 2016 se desindex\u00f3 el salario m\u00ednimo de los cr\u00e9ditos del Instituto como...Cr\u00e9ditos Infonavit no ser\u00e1n afectados por aumento en...\" \/>\n<meta property=\"og:url\" content=\"https:\/\/centrourbano.com\/revista\/vivienda\/creditos-infonavit-salario-minimo\/\" \/>\n<meta property=\"og:site_name\" content=\"Centro Urbano\" \/>\n<meta property=\"article:publisher\" content=\"https:\/\/www.facebook.com\/portalcentrourbano\" \/>\n<meta property=\"article:published_time\" content=\"2021-01-07T20:33:54+00:00\" \/>\n<meta property=\"article:modified_time\" content=\"2021-01-07T20:37:03+00:00\" \/>\n<meta property=\"og:image\" content=\"https:\/\/centrourbano.com\/revista\/wp-content\/uploads\/Creditos-Infonavit-no-seran-afectados-por-aumento-en-el-salario-minimo-Infoavit.jpg\" \/>\n\t<meta property=\"og:image:width\" content=\"688\" \/>\n\t<meta property=\"og:image:height\" content=\"460\" \/>\n\t<meta property=\"og:image:type\" content=\"image\/jpeg\" \/>\n<meta name=\"author\" content=\"Redacci\u00f3n Centro Urbano\" \/>\n<meta name=\"twitter:card\" content=\"summary_large_image\" \/>\n<meta name=\"twitter:creator\" content=\"@CentroUrbano\" \/>\n<meta name=\"twitter:site\" content=\"@CentroUrbano\" \/>\n<meta name=\"twitter:label1\" content=\"Escrito por\" \/>\n\t<meta name=\"twitter:data1\" content=\"Redacci\u00f3n Centro Urbano\" \/>\n\t<meta name=\"twitter:label2\" content=\"Tiempo de lectura\" \/>\n\t<meta name=\"twitter:data2\" content=\"2 minutos\" \/>\n<script type=\"application\/ld+json\" class=\"yoast-schema-graph\">{\"@context\":\"https:\\\/\\\/schema.org\",\"@graph\":[{\"@type\":\"Article\",\"@id\":\"https:\\\/\\\/centrourbano.com\\\/revista\\\/vivienda\\\/creditos-infonavit-salario-minimo\\\/#article\",\"isPartOf\":{\"@id\":\"https:\\\/\\\/centrourbano.com\\\/revista\\\/vivienda\\\/creditos-infonavit-salario-minimo\\\/\"},\"author\":{\"name\":\"Redacci\u00f3n Centro Urbano\",\"@id\":\"https:\\\/\\\/centrourbano.com\\\/revista\\\/#\\\/schema\\\/person\\\/680e7c50f9d6e917e416c9efdc26f996\"},\"headline\":\"Cr\u00e9ditos Infonavit no ser\u00e1n afectados por aumento en el salario m\u00ednimo\",\"datePublished\":\"2021-01-07T20:33:54+00:00\",\"dateModified\":\"2021-01-07T20:37:03+00:00\",\"mainEntityOfPage\":{\"@id\":\"https:\\\/\\\/centrourbano.com\\\/revista\\\/vivienda\\\/creditos-infonavit-salario-minimo\\\/\"},\"wordCount\":478,\"commentCount\":0,\"publisher\":{\"@id\":\"https:\\\/\\\/centrourbano.com\\\/revista\\\/#organization\"},\"image\":{\"@id\":\"https:\\\/\\\/centrourbano.com\\\/revista\\\/vivienda\\\/creditos-infonavit-salario-minimo\\\/#primaryimage\"},\"thumbnailUrl\":\"https:\\\/\\\/centrourbano.com\\\/revista\\\/wp-content\\\/uploads\\\/Creditos-Infonavit-no-seran-afectados-por-aumento-en-el-salario-minimo-Infoavit.jpg\",\"keywords\":[\"Cr\u00e9ditos\",\"Infonavit\",\"Salario Minimo\",\"vivienda\"],\"articleSection\":[\"Vivienda\"],\"inLanguage\":\"es\",\"potentialAction\":[{\"@type\":\"CommentAction\",\"name\":\"Comment\",\"target\":[\"https:\\\/\\\/centrourbano.com\\\/revista\\\/vivienda\\\/creditos-infonavit-salario-minimo\\\/#respond\"]}]},{\"@type\":\"WebPage\",\"@id\":\"https:\\\/\\\/centrourbano.com\\\/revista\\\/vivienda\\\/creditos-infonavit-salario-minimo\\\/\",\"url\":\"https:\\\/\\\/centrourbano.com\\\/revista\\\/vivienda\\\/creditos-infonavit-salario-minimo\\\/\",\"name\":\"Cr\u00e9ditos Infonavit no ser\u00e1n afectados por aumento en el salario m\u00ednimo\",\"isPartOf\":{\"@id\":\"https:\\\/\\\/centrourbano.com\\\/revista\\\/#website\"},\"primaryImageOfPage\":{\"@id\":\"https:\\\/\\\/centrourbano.com\\\/revista\\\/vivienda\\\/creditos-infonavit-salario-minimo\\\/#primaryimage\"},\"image\":{\"@id\":\"https:\\\/\\\/centrourbano.com\\\/revista\\\/vivienda\\\/creditos-infonavit-salario-minimo\\\/#primaryimage\"},\"thumbnailUrl\":\"https:\\\/\\\/centrourbano.com\\\/revista\\\/wp-content\\\/uploads\\\/Creditos-Infonavit-no-seran-afectados-por-aumento-en-el-salario-minimo-Infoavit.jpg\",\"datePublished\":\"2021-01-07T20:33:54+00:00\",\"dateModified\":\"2021-01-07T20:37:03+00:00\",\"description\":\"Desde 2016 se desindex\u00f3 el salario m\u00ednimo de los cr\u00e9ditos del Instituto como...Cr\u00e9ditos Infonavit no ser\u00e1n afectados por aumento en...\",\"breadcrumb\":{\"@id\":\"https:\\\/\\\/centrourbano.com\\\/revista\\\/vivienda\\\/creditos-infonavit-salario-minimo\\\/#breadcrumb\"},\"inLanguage\":\"es\",\"potentialAction\":[{\"@type\":\"ReadAction\",\"target\":[\"https:\\\/\\\/centrourbano.com\\\/revista\\\/vivienda\\\/creditos-infonavit-salario-minimo\\\/\"]}]},{\"@type\":\"ImageObject\",\"inLanguage\":\"es\",\"@id\":\"https:\\\/\\\/centrourbano.com\\\/revista\\\/vivienda\\\/creditos-infonavit-salario-minimo\\\/#primaryimage\",\"url\":\"https:\\\/\\\/centrourbano.com\\\/revista\\\/wp-content\\\/uploads\\\/Creditos-Infonavit-no-seran-afectados-por-aumento-en-el-salario-minimo-Infoavit.jpg\",\"contentUrl\":\"https:\\\/\\\/centrourbano.com\\\/revista\\\/wp-content\\\/uploads\\\/Creditos-Infonavit-no-seran-afectados-por-aumento-en-el-salario-minimo-Infoavit.jpg\",\"width\":688,\"height\":460,\"caption\":\"Cr\u00e9ditos Infonavit no ser\u00e1n afectados por aumento en el salario m\u00ednimo-Infoavit\"},{\"@type\":\"BreadcrumbList\",\"@id\":\"https:\\\/\\\/centrourbano.com\\\/revista\\\/vivienda\\\/creditos-infonavit-salario-minimo\\\/#breadcrumb\",\"itemListElement\":[{\"@type\":\"ListItem\",\"position\":1,\"name\":\"Portada\",\"item\":\"https:\\\/\\\/centrourbano.com\\\/revista\\\/\"},{\"@type\":\"ListItem\",\"position\":2,\"name\":\"Cr\u00e9ditos Infonavit no ser\u00e1n afectados por aumento en el salario m\u00ednimo\"}]},{\"@type\":\"WebSite\",\"@id\":\"https:\\\/\\\/centrourbano.com\\\/revista\\\/#website\",\"url\":\"https:\\\/\\\/centrourbano.com\\\/revista\\\/\",\"name\":\"Centro Urbano\",\"description\":\"Medio especializado en los sectores vivienda, inmobiliario, construcci\u00f3n, arquitectura y urbanismo.\",\"publisher\":{\"@id\":\"https:\\\/\\\/centrourbano.com\\\/revista\\\/#organization\"},\"potentialAction\":[{\"@type\":\"SearchAction\",\"target\":{\"@type\":\"EntryPoint\",\"urlTemplate\":\"https:\\\/\\\/centrourbano.com\\\/revista\\\/?s={search_term_string}\"},\"query-input\":{\"@type\":\"PropertyValueSpecification\",\"valueRequired\":true,\"valueName\":\"search_term_string\"}}],\"inLanguage\":\"es\"},{\"@type\":\"Organization\",\"@id\":\"https:\\\/\\\/centrourbano.com\\\/revista\\\/#organization\",\"name\":\"Centro Urbano\",\"url\":\"https:\\\/\\\/centrourbano.com\\\/revista\\\/\",\"logo\":{\"@type\":\"ImageObject\",\"inLanguage\":\"es\",\"@id\":\"https:\\\/\\\/centrourbano.com\\\/revista\\\/#\\\/schema\\\/logo\\\/image\\\/\",\"url\":\"https:\\\/\\\/centrourbano.com\\\/revista\\\/wp-content\\\/uploads\\\/web_CU_logo-1.png\",\"contentUrl\":\"https:\\\/\\\/centrourbano.com\\\/revista\\\/wp-content\\\/uploads\\\/web_CU_logo-1.png\",\"width\":350,\"height\":91,\"caption\":\"Centro Urbano\"},\"image\":{\"@id\":\"https:\\\/\\\/centrourbano.com\\\/revista\\\/#\\\/schema\\\/logo\\\/image\\\/\"},\"sameAs\":[\"https:\\\/\\\/www.facebook.com\\\/portalcentrourbano\",\"https:\\\/\\\/x.com\\\/CentroUrbano\",\"https:\\\/\\\/www.instagram.com\\\/centro_urbano\\\/\",\"https:\\\/\\\/www.linkedin.com\\\/company\\\/centro-urbano\\\/\",\"http:\\\/\\\/www.youtube.com\\\/user\\\/portalcentrourbano\"]},{\"@type\":\"Person\",\"@id\":\"https:\\\/\\\/centrourbano.com\\\/revista\\\/#\\\/schema\\\/person\\\/680e7c50f9d6e917e416c9efdc26f996\",\"name\":\"Redacci\u00f3n Centro Urbano\",\"image\":{\"@type\":\"ImageObject\",\"inLanguage\":\"es\",\"@id\":\"https:\\\/\\\/secure.gravatar.com\\\/avatar\\\/15a789f894398c0f311f3a7a2ee28032bbc0483098539da66b6a045aa810bf35?s=96&d=mm&r=g\",\"url\":\"https:\\\/\\\/secure.gravatar.com\\\/avatar\\\/15a789f894398c0f311f3a7a2ee28032bbc0483098539da66b6a045aa810bf35?s=96&d=mm&r=g\",\"contentUrl\":\"https:\\\/\\\/secure.gravatar.com\\\/avatar\\\/15a789f894398c0f311f3a7a2ee28032bbc0483098539da66b6a045aa810bf35?s=96&d=mm&r=g\",\"caption\":\"Redacci\u00f3n Centro Urbano\"},\"url\":\"https:\\\/\\\/centrourbano.com\\\/revista\\\/author\\\/editorial\\\/\"}]}<\/script>\n<!-- \/ Yoast SEO plugin. -->","yoast_head_json":{"title":"Cr\u00e9ditos Infonavit no ser\u00e1n afectados por aumento en el salario m\u00ednimo","description":"Desde 2016 se desindex\u00f3 el salario m\u00ednimo de los cr\u00e9ditos del Instituto como...Cr\u00e9ditos Infonavit no ser\u00e1n afectados por aumento en...","robots":{"index":"index","follow":"follow","max-snippet":"max-snippet:-1","max-image-preview":"max-image-preview:large","max-video-preview":"max-video-preview:-1"},"canonical":"https:\/\/centrourbano.com\/revista\/vivienda\/creditos-infonavit-salario-minimo\/","og_locale":"es_ES","og_type":"article","og_title":"Cr\u00e9ditos Infonavit no ser\u00e1n afectados por aumento en el salario m\u00ednimo","og_description":"Desde 2016 se desindex\u00f3 el salario m\u00ednimo de los cr\u00e9ditos del Instituto como...Cr\u00e9ditos Infonavit no ser\u00e1n afectados por aumento en...","og_url":"https:\/\/centrourbano.com\/revista\/vivienda\/creditos-infonavit-salario-minimo\/","og_site_name":"Centro Urbano","article_publisher":"https:\/\/www.facebook.com\/portalcentrourbano","article_published_time":"2021-01-07T20:33:54+00:00","article_modified_time":"2021-01-07T20:37:03+00:00","og_image":[{"width":688,"height":460,"url":"https:\/\/centrourbano.com\/revista\/wp-content\/uploads\/Creditos-Infonavit-no-seran-afectados-por-aumento-en-el-salario-minimo-Infoavit.jpg","type":"image\/jpeg"}],"author":"Redacci\u00f3n Centro Urbano","twitter_card":"summary_large_image","twitter_creator":"@CentroUrbano","twitter_site":"@CentroUrbano","twitter_misc":{"Escrito por":"Redacci\u00f3n Centro Urbano","Tiempo de lectura":"2 minutos"},"schema":{"@context":"https:\/\/schema.org","@graph":[{"@type":"Article","@id":"https:\/\/centrourbano.com\/revista\/vivienda\/creditos-infonavit-salario-minimo\/#article","isPartOf":{"@id":"https:\/\/centrourbano.com\/revista\/vivienda\/creditos-infonavit-salario-minimo\/"},"author":{"name":"Redacci\u00f3n Centro Urbano","@id":"https:\/\/centrourbano.com\/revista\/#\/schema\/person\/680e7c50f9d6e917e416c9efdc26f996"},"headline":"Cr\u00e9ditos Infonavit no ser\u00e1n afectados por aumento en el salario m\u00ednimo","datePublished":"2021-01-07T20:33:54+00:00","dateModified":"2021-01-07T20:37:03+00:00","mainEntityOfPage":{"@id":"https:\/\/centrourbano.com\/revista\/vivienda\/creditos-infonavit-salario-minimo\/"},"wordCount":478,"commentCount":0,"publisher":{"@id":"https:\/\/centrourbano.com\/revista\/#organization"},"image":{"@id":"https:\/\/centrourbano.com\/revista\/vivienda\/creditos-infonavit-salario-minimo\/#primaryimage"},"thumbnailUrl":"https:\/\/centrourbano.com\/revista\/wp-content\/uploads\/Creditos-Infonavit-no-seran-afectados-por-aumento-en-el-salario-minimo-Infoavit.jpg","keywords":["Cr\u00e9ditos","Infonavit","Salario Minimo","vivienda"],"articleSection":["Vivienda"],"inLanguage":"es","potentialAction":[{"@type":"CommentAction","name":"Comment","target":["https:\/\/centrourbano.com\/revista\/vivienda\/creditos-infonavit-salario-minimo\/#respond"]}]},{"@type":"WebPage","@id":"https:\/\/centrourbano.com\/revista\/vivienda\/creditos-infonavit-salario-minimo\/","url":"https:\/\/centrourbano.com\/revista\/vivienda\/creditos-infonavit-salario-minimo\/","name":"Cr\u00e9ditos Infonavit no ser\u00e1n afectados por aumento en el salario m\u00ednimo","isPartOf":{"@id":"https:\/\/centrourbano.com\/revista\/#website"},"primaryImageOfPage":{"@id":"https:\/\/centrourbano.com\/revista\/vivienda\/creditos-infonavit-salario-minimo\/#primaryimage"},"image":{"@id":"https:\/\/centrourbano.com\/revista\/vivienda\/creditos-infonavit-salario-minimo\/#primaryimage"},"thumbnailUrl":"https:\/\/centrourbano.com\/revista\/wp-content\/uploads\/Creditos-Infonavit-no-seran-afectados-por-aumento-en-el-salario-minimo-Infoavit.jpg","datePublished":"2021-01-07T20:33:54+00:00","dateModified":"2021-01-07T20:37:03+00:00","description":"Desde 2016 se desindex\u00f3 el salario m\u00ednimo de los cr\u00e9ditos del Instituto como...Cr\u00e9ditos Infonavit no ser\u00e1n afectados por aumento en...","breadcrumb":{"@id":"https:\/\/centrourbano.com\/revista\/vivienda\/creditos-infonavit-salario-minimo\/#breadcrumb"},"inLanguage":"es","potentialAction":[{"@type":"ReadAction","target":["https:\/\/centrourbano.com\/revista\/vivienda\/creditos-infonavit-salario-minimo\/"]}]},{"@type":"ImageObject","inLanguage":"es","@id":"https:\/\/centrourbano.com\/revista\/vivienda\/creditos-infonavit-salario-minimo\/#primaryimage","url":"https:\/\/centrourbano.com\/revista\/wp-content\/uploads\/Creditos-Infonavit-no-seran-afectados-por-aumento-en-el-salario-minimo-Infoavit.jpg","contentUrl":"https:\/\/centrourbano.com\/revista\/wp-content\/uploads\/Creditos-Infonavit-no-seran-afectados-por-aumento-en-el-salario-minimo-Infoavit.jpg","width":688,"height":460,"caption":"Cr\u00e9ditos Infonavit no ser\u00e1n afectados por aumento en el salario m\u00ednimo-Infoavit"},{"@type":"BreadcrumbList","@id":"https:\/\/centrourbano.com\/revista\/vivienda\/creditos-infonavit-salario-minimo\/#breadcrumb","itemListElement":[{"@type":"ListItem","position":1,"name":"Portada","item":"https:\/\/centrourbano.com\/revista\/"},{"@type":"ListItem","position":2,"name":"Cr\u00e9ditos Infonavit no ser\u00e1n afectados por aumento en el salario m\u00ednimo"}]},{"@type":"WebSite","@id":"https:\/\/centrourbano.com\/revista\/#website","url":"https:\/\/centrourbano.com\/revista\/","name":"Centro Urbano","description":"Medio especializado en los sectores vivienda, inmobiliario, construcci\u00f3n, arquitectura y urbanismo.","publisher":{"@id":"https:\/\/centrourbano.com\/revista\/#organization"},"potentialAction":[{"@type":"SearchAction","target":{"@type":"EntryPoint","urlTemplate":"https:\/\/centrourbano.com\/revista\/?s={search_term_string}"},"query-input":{"@type":"PropertyValueSpecification","valueRequired":true,"valueName":"search_term_string"}}],"inLanguage":"es"},{"@type":"Organization","@id":"https:\/\/centrourbano.com\/revista\/#organization","name":"Centro Urbano","url":"https:\/\/centrourbano.com\/revista\/","logo":{"@type":"ImageObject","inLanguage":"es","@id":"https:\/\/centrourbano.com\/revista\/#\/schema\/logo\/image\/","url":"https:\/\/centrourbano.com\/revista\/wp-content\/uploads\/web_CU_logo-1.png","contentUrl":"https:\/\/centrourbano.com\/revista\/wp-content\/uploads\/web_CU_logo-1.png","width":350,"height":91,"caption":"Centro Urbano"},"image":{"@id":"https:\/\/centrourbano.com\/revista\/#\/schema\/logo\/image\/"},"sameAs":["https:\/\/www.facebook.com\/portalcentrourbano","https:\/\/x.com\/CentroUrbano","https:\/\/www.instagram.com\/centro_urbano\/","https:\/\/www.linkedin.com\/company\/centro-urbano\/","http:\/\/www.youtube.com\/user\/portalcentrourbano"]},{"@type":"Person","@id":"https:\/\/centrourbano.com\/revista\/#\/schema\/person\/680e7c50f9d6e917e416c9efdc26f996","name":"Redacci\u00f3n Centro Urbano","image":{"@type":"ImageObject","inLanguage":"es","@id":"https:\/\/secure.gravatar.com\/avatar\/15a789f894398c0f311f3a7a2ee28032bbc0483098539da66b6a045aa810bf35?s=96&d=mm&r=g","url":"https:\/\/secure.gravatar.com\/avatar\/15a789f894398c0f311f3a7a2ee28032bbc0483098539da66b6a045aa810bf35?s=96&d=mm&r=g","contentUrl":"https:\/\/secure.gravatar.com\/avatar\/15a789f894398c0f311f3a7a2ee28032bbc0483098539da66b6a045aa810bf35?s=96&d=mm&r=g","caption":"Redacci\u00f3n Centro Urbano"},"url":"https:\/\/centrourbano.com\/revista\/author\/editorial\/"}]}},"_links":{"self":[{"href":"https:\/\/centrourbano.com\/revista\/wp-json\/wp\/v2\/posts\/113817","targetHints":{"allow":["GET"]}}],"collection":[{"href":"https:\/\/centrourbano.com\/revista\/wp-json\/wp\/v2\/posts"}],"about":[{"href":"https:\/\/centrourbano.com\/revista\/wp-json\/wp\/v2\/types\/post"}],"author":[{"embeddable":true,"href":"https:\/\/centrourbano.com\/revista\/wp-json\/wp\/v2\/users\/14"}],"replies":[{"embeddable":true,"href":"https:\/\/centrourbano.com\/revista\/wp-json\/wp\/v2\/comments?post=113817"}],"version-history":[{"count":3,"href":"https:\/\/centrourbano.com\/revista\/wp-json\/wp\/v2\/posts\/113817\/revisions"}],"predecessor-version":[{"id":113821,"href":"https:\/\/centrourbano.com\/revista\/wp-json\/wp\/v2\/posts\/113817\/revisions\/113821"}],"wp:featuredmedia":[{"embeddable":true,"href":"https:\/\/centrourbano.com\/revista\/wp-json\/wp\/v2\/media\/113818"}],"wp:attachment":[{"href":"https:\/\/centrourbano.com\/revista\/wp-json\/wp\/v2\/media?parent=113817"}],"wp:term":[{"taxonomy":"category","embeddable":true,"href":"https:\/\/centrourbano.com\/revista\/wp-json\/wp\/v2\/categories?post=113817"},{"taxonomy":"post_tag","embeddable":true,"href":"https:\/\/centrourbano.com\/revista\/wp-json\/wp\/v2\/tags?post=113817"}],"curies":[{"name":"wp","href":"https:\/\/api.w.org\/{rel}","templated":true}]}}