{"id":113789,"date":"2021-01-06T08:30:20","date_gmt":"2021-01-06T14:30:20","guid":{"rendered":"https:\/\/centrourbano.com\/?p=113789"},"modified":"2021-01-05T22:19:49","modified_gmt":"2021-01-06T04:19:49","slug":"onu-habitat-encuentro-politicas-urbanas","status":"publish","type":"post","link":"https:\/\/centrourbano.com\/revista\/urbanismo\/onu-habitat-encuentro-politicas-urbanas\/","title":{"rendered":"Invita ONU-Habitat al Encuentro sobre Pol\u00edticas Urbanas Nacionales"},"content":{"rendered":"<p><em>El Encuentro se llevar\u00e1 a cabo el pr\u00f3ximo lunes 11 de enero; y se podr\u00e1 seguir virtualmente, bajo registro previo, a partir de las<\/em> <em>16:00 horas (GMT+1)<\/em><!--more--><\/p>\n<p><strong>ONU-Habitat<\/strong>, el programa de las Naciones Unidas para los asentamientos humanos, invita a participar en el <strong>Encuentro sobre Pol\u00edticas Urbanas Nacionales Espa\u00f1a<\/strong>&#8211; A<strong>m\u00e9rica Latina y el Caribe<\/strong>. A trav\u00e9s del cual se promover\u00e1 el di\u00e1logo sobre el rol de las pol\u00edticas urbanas nacionales en relaci\u00f3n con el desarrollo urbano sostenible.<\/p>\n<p>Durante el encuentro se compartir\u00e1n experiencias y buenas pr\u00e1cticas entre <strong>Espa\u00f1a<\/strong> y los pa\u00edses de la regi\u00f3n de <strong>Am\u00e9rica Latina<\/strong> y el <strong>Caribe<\/strong> para dialogar sobre el papel que deben cumplir las ciudades y los territorios en la <a href=\"https:\/\/centrourbano.com\/2020\/08\/27\/onu-habitat-recuperacion-municipal\/\" target=\"_blank\" rel=\"noopener noreferrer\">recuperaci\u00f3n<\/a> social y econ\u00f3mica.<\/p>\n<p>De acuerdo con <strong>ONU-Habitat<\/strong>, el encuentro contar\u00e1 con la participaci\u00f3n de representantes de gobiernos y expertos internacionales; quienes compartir\u00e1n opiniones, experiencias y buenas pr\u00e1cticas en torno a la elaboraci\u00f3n e implementaci\u00f3n de <strong>Pol\u00edticas Nacionales Urbanas <\/strong>como una herramienta para el seguimiento de las agendas de desarrollo globales.<\/p>\n<p>El evento consistir\u00e1 en la realizaci\u00f3n de la mesa redonda \u2018<strong>Pol\u00edticas Nacionales Urbanas<\/strong>: <strong>Acelerando el desarrollo urbano sostenible\u2019<\/strong>; moderado por <strong>Elkin Vel\u00e1squez<\/strong>, <strong>director regional para Am\u00e9rica Latina y el Caribe de ONU-Habitat<\/strong>.<\/p>\n<p>En dicha mesa se discutir\u00e1 con base en las siguientes preguntas:<\/p>\n<ul>\n<li>\u00bfC\u00f3mo contribuye una Pol\u00edtica Urbana Nacional en la implementaci\u00f3n de la Nueva Agenda Urbana?<\/li>\n<li>\u00bfDe qu\u00e9 manera una Pol\u00edtica Nacional Urbana puede ayudar a los gobiernos subnacionales y locales a desarrollar sus estrategias urbanas?<\/li>\n<li>\u00bfQu\u00e9 pueden hacer las organizaciones para promover el apoyo en el desarrollo de Pol\u00edticas Urbanas Nacionales?<\/li>\n<li>\u00bfQu\u00e9 acciones concretas podr\u00edan proponer?<\/li>\n<li>\u00bfCu\u00e1les son los principales retos en la implementaci\u00f3n de las Pol\u00edticas?<\/li>\n<\/ul>\n<p>El <strong>Encuentro sobre Pol\u00edticas Urbanas Nacionales Espa\u00f1a<\/strong>&#8211; <strong>Am\u00e9rica Latina y el Caribe<\/strong> se llevar\u00e1 a cabo el pr\u00f3ximo <strong>lunes 11 de enero<\/strong>; y se podr\u00e1 seguir virtualmente, bajo <a href=\"https:\/\/forourbanoespana.es\/\" target=\"_blank\" rel=\"noopener noreferrer\">registro<\/a> previo, a partir de las 16:00 horas (GMT+1).<\/p>\n","protected":false},"excerpt":{"rendered":"<p>El Encuentro se llevar\u00e1 a cabo el pr\u00f3ximo lunes 11 de enero; y se podr\u00e1 seguir virtualmente, bajo registro previo, a partir de las 16:00 horas (GMT+1)<\/p>\n","protected":false},"author":73,"featured_media":113790,"comment_status":"open","ping_status":"closed","sticky":false,"template":"","format":"standard","meta":{"om_disable_all_campaigns":false,"inline_featured_image":false,"_monsterinsights_skip_tracking":false,"_monsterinsights_sitenote_active":false,"_monsterinsights_sitenote_note":"","_monsterinsights_sitenote_category":0,"footnotes":""},"categories":[82],"tags":[181,13398,46,2653,20162],"class_list":["post-113789","post","type-post","status-publish","format-standard","has-post-thumbnail","hentry","category-urbanismo","tag-america-latina","tag-encuentro","tag-espana","tag-onu-habitat","tag-politicas-urbanas-nacionales"],"yoast_head":"<!-- This site is optimized with the Yoast SEO plugin v27.4 - https:\/\/yoast.com\/product\/yoast-seo-wordpress\/ -->\n<title>Invita ONU-Habitat al Encuentro sobre Pol\u00edticas Urbanas Nacionales<\/title>\n<meta name=\"description\" content=\"El Encuentro se llevar\u00e1 a cabo el pr\u00f3ximo lunes 11 de enero; y se podr\u00e1 seguir virtualmente a partir de las 16:00 horas (GMT+1)\" \/>\n<meta name=\"robots\" content=\"index, follow, max-snippet:-1, max-image-preview:large, max-video-preview:-1\" \/>\n<link rel=\"canonical\" href=\"https:\/\/centrourbano.com\/revista\/urbanismo\/onu-habitat-encuentro-politicas-urbanas\/\" \/>\n<meta property=\"og:locale\" content=\"es_ES\" \/>\n<meta property=\"og:type\" content=\"article\" \/>\n<meta property=\"og:title\" content=\"Invita ONU-Habitat al Encuentro sobre Pol\u00edticas Urbanas Nacionales\" \/>\n<meta property=\"og:description\" content=\"El Encuentro se llevar\u00e1 a cabo el pr\u00f3ximo lunes 11 de enero; y se podr\u00e1 seguir virtualmente a partir de las 16:00 horas (GMT+1)\" \/>\n<meta property=\"og:url\" content=\"https:\/\/centrourbano.com\/revista\/urbanismo\/onu-habitat-encuentro-politicas-urbanas\/\" \/>\n<meta property=\"og:site_name\" content=\"Centro Urbano\" \/>\n<meta property=\"article:publisher\" content=\"https:\/\/www.facebook.com\/portalcentrourbano\" \/>\n<meta property=\"article:published_time\" content=\"2021-01-06T14:30:20+00:00\" \/>\n<meta property=\"og:image\" content=\"https:\/\/centrourbano.com\/revista\/wp-content\/uploads\/Invita-ONU-Habitat-al-Encuentro-sobre-Politicas-Urbanas-Nacionales.jpg\" \/>\n\t<meta property=\"og:image:width\" content=\"800\" \/>\n\t<meta property=\"og:image:height\" content=\"450\" \/>\n\t<meta property=\"og:image:type\" content=\"image\/jpeg\" \/>\n<meta name=\"author\" content=\"Fernanda Hern\u00e1ndez\" \/>\n<meta name=\"twitter:card\" content=\"summary_large_image\" \/>\n<meta name=\"twitter:creator\" content=\"@https:\/\/twitter.com\/Nannz_Hernandez\" \/>\n<meta name=\"twitter:site\" content=\"@CentroUrbano\" \/>\n<meta name=\"twitter:label1\" content=\"Escrito por\" \/>\n\t<meta name=\"twitter:data1\" content=\"Fernanda Hern\u00e1ndez\" \/>\n\t<meta name=\"twitter:label2\" content=\"Tiempo de lectura\" \/>\n\t<meta name=\"twitter:data2\" content=\"2 minutos\" \/>\n<script type=\"application\/ld+json\" class=\"yoast-schema-graph\">{\"@context\":\"https:\\\/\\\/schema.org\",\"@graph\":[{\"@type\":\"Article\",\"@id\":\"https:\\\/\\\/centrourbano.com\\\/revista\\\/urbanismo\\\/onu-habitat-encuentro-politicas-urbanas\\\/#article\",\"isPartOf\":{\"@id\":\"https:\\\/\\\/centrourbano.com\\\/revista\\\/urbanismo\\\/onu-habitat-encuentro-politicas-urbanas\\\/\"},\"author\":{\"name\":\"Fernanda Hern\u00e1ndez\",\"@id\":\"https:\\\/\\\/centrourbano.com\\\/revista\\\/#\\\/schema\\\/person\\\/b190b20bbbceb41ec72278c546fa8df3\"},\"headline\":\"Invita ONU-Habitat al Encuentro sobre Pol\u00edticas Urbanas Nacionales\",\"datePublished\":\"2021-01-06T14:30:20+00:00\",\"mainEntityOfPage\":{\"@id\":\"https:\\\/\\\/centrourbano.com\\\/revista\\\/urbanismo\\\/onu-habitat-encuentro-politicas-urbanas\\\/\"},\"wordCount\":356,\"commentCount\":0,\"publisher\":{\"@id\":\"https:\\\/\\\/centrourbano.com\\\/revista\\\/#organization\"},\"image\":{\"@id\":\"https:\\\/\\\/centrourbano.com\\\/revista\\\/urbanismo\\\/onu-habitat-encuentro-politicas-urbanas\\\/#primaryimage\"},\"thumbnailUrl\":\"https:\\\/\\\/centrourbano.com\\\/revista\\\/wp-content\\\/uploads\\\/Invita-ONU-Habitat-al-Encuentro-sobre-Politicas-Urbanas-Nacionales.jpg\",\"keywords\":[\"Am\u00e9rica Latina\",\"encuentro\",\"Espa\u00f1a\",\"ONU-Habitat\",\"Pol\u00edticas Urbanas Nacionales\"],\"articleSection\":[\"Urbanismo\"],\"inLanguage\":\"es\",\"potentialAction\":[{\"@type\":\"CommentAction\",\"name\":\"Comment\",\"target\":[\"https:\\\/\\\/centrourbano.com\\\/revista\\\/urbanismo\\\/onu-habitat-encuentro-politicas-urbanas\\\/#respond\"]}]},{\"@type\":\"WebPage\",\"@id\":\"https:\\\/\\\/centrourbano.com\\\/revista\\\/urbanismo\\\/onu-habitat-encuentro-politicas-urbanas\\\/\",\"url\":\"https:\\\/\\\/centrourbano.com\\\/revista\\\/urbanismo\\\/onu-habitat-encuentro-politicas-urbanas\\\/\",\"name\":\"Invita ONU-Habitat al Encuentro sobre Pol\u00edticas Urbanas Nacionales\",\"isPartOf\":{\"@id\":\"https:\\\/\\\/centrourbano.com\\\/revista\\\/#website\"},\"primaryImageOfPage\":{\"@id\":\"https:\\\/\\\/centrourbano.com\\\/revista\\\/urbanismo\\\/onu-habitat-encuentro-politicas-urbanas\\\/#primaryimage\"},\"image\":{\"@id\":\"https:\\\/\\\/centrourbano.com\\\/revista\\\/urbanismo\\\/onu-habitat-encuentro-politicas-urbanas\\\/#primaryimage\"},\"thumbnailUrl\":\"https:\\\/\\\/centrourbano.com\\\/revista\\\/wp-content\\\/uploads\\\/Invita-ONU-Habitat-al-Encuentro-sobre-Politicas-Urbanas-Nacionales.jpg\",\"datePublished\":\"2021-01-06T14:30:20+00:00\",\"description\":\"El Encuentro se llevar\u00e1 a cabo el pr\u00f3ximo lunes 11 de enero; y se podr\u00e1 seguir virtualmente a partir de las 16:00 horas (GMT+1)\",\"breadcrumb\":{\"@id\":\"https:\\\/\\\/centrourbano.com\\\/revista\\\/urbanismo\\\/onu-habitat-encuentro-politicas-urbanas\\\/#breadcrumb\"},\"inLanguage\":\"es\",\"potentialAction\":[{\"@type\":\"ReadAction\",\"target\":[\"https:\\\/\\\/centrourbano.com\\\/revista\\\/urbanismo\\\/onu-habitat-encuentro-politicas-urbanas\\\/\"]}]},{\"@type\":\"ImageObject\",\"inLanguage\":\"es\",\"@id\":\"https:\\\/\\\/centrourbano.com\\\/revista\\\/urbanismo\\\/onu-habitat-encuentro-politicas-urbanas\\\/#primaryimage\",\"url\":\"https:\\\/\\\/centrourbano.com\\\/revista\\\/wp-content\\\/uploads\\\/Invita-ONU-Habitat-al-Encuentro-sobre-Politicas-Urbanas-Nacionales.jpg\",\"contentUrl\":\"https:\\\/\\\/centrourbano.com\\\/revista\\\/wp-content\\\/uploads\\\/Invita-ONU-Habitat-al-Encuentro-sobre-Politicas-Urbanas-Nacionales.jpg\",\"width\":800,\"height\":450,\"caption\":\"El Encuentro se llevar\u00e1 a cabo el pr\u00f3ximo lunes 11 de enero; y se podr\u00e1 seguir virtualmente a partir de las 16:00 horas (GMT+1)\"},{\"@type\":\"BreadcrumbList\",\"@id\":\"https:\\\/\\\/centrourbano.com\\\/revista\\\/urbanismo\\\/onu-habitat-encuentro-politicas-urbanas\\\/#breadcrumb\",\"itemListElement\":[{\"@type\":\"ListItem\",\"position\":1,\"name\":\"Portada\",\"item\":\"https:\\\/\\\/centrourbano.com\\\/revista\\\/\"},{\"@type\":\"ListItem\",\"position\":2,\"name\":\"Invita ONU-Habitat al Encuentro sobre Pol\u00edticas Urbanas Nacionales\"}]},{\"@type\":\"WebSite\",\"@id\":\"https:\\\/\\\/centrourbano.com\\\/revista\\\/#website\",\"url\":\"https:\\\/\\\/centrourbano.com\\\/revista\\\/\",\"name\":\"Centro Urbano\",\"description\":\"Medio especializado en los sectores vivienda, inmobiliario, construcci\u00f3n, arquitectura y urbanismo.\",\"publisher\":{\"@id\":\"https:\\\/\\\/centrourbano.com\\\/revista\\\/#organization\"},\"potentialAction\":[{\"@type\":\"SearchAction\",\"target\":{\"@type\":\"EntryPoint\",\"urlTemplate\":\"https:\\\/\\\/centrourbano.com\\\/revista\\\/?s={search_term_string}\"},\"query-input\":{\"@type\":\"PropertyValueSpecification\",\"valueRequired\":true,\"valueName\":\"search_term_string\"}}],\"inLanguage\":\"es\"},{\"@type\":\"Organization\",\"@id\":\"https:\\\/\\\/centrourbano.com\\\/revista\\\/#organization\",\"name\":\"Centro Urbano\",\"url\":\"https:\\\/\\\/centrourbano.com\\\/revista\\\/\",\"logo\":{\"@type\":\"ImageObject\",\"inLanguage\":\"es\",\"@id\":\"https:\\\/\\\/centrourbano.com\\\/revista\\\/#\\\/schema\\\/logo\\\/image\\\/\",\"url\":\"https:\\\/\\\/centrourbano.com\\\/revista\\\/wp-content\\\/uploads\\\/web_CU_logo-1.png\",\"contentUrl\":\"https:\\\/\\\/centrourbano.com\\\/revista\\\/wp-content\\\/uploads\\\/web_CU_logo-1.png\",\"width\":350,\"height\":91,\"caption\":\"Centro Urbano\"},\"image\":{\"@id\":\"https:\\\/\\\/centrourbano.com\\\/revista\\\/#\\\/schema\\\/logo\\\/image\\\/\"},\"sameAs\":[\"https:\\\/\\\/www.facebook.com\\\/portalcentrourbano\",\"https:\\\/\\\/x.com\\\/CentroUrbano\",\"https:\\\/\\\/www.instagram.com\\\/centro_urbano\\\/\",\"https:\\\/\\\/www.linkedin.com\\\/company\\\/centro-urbano\\\/\",\"http:\\\/\\\/www.youtube.com\\\/user\\\/portalcentrourbano\"]},{\"@type\":\"Person\",\"@id\":\"https:\\\/\\\/centrourbano.com\\\/revista\\\/#\\\/schema\\\/person\\\/b190b20bbbceb41ec72278c546fa8df3\",\"name\":\"Fernanda Hern\u00e1ndez\",\"image\":{\"@type\":\"ImageObject\",\"inLanguage\":\"es\",\"@id\":\"https:\\\/\\\/secure.gravatar.com\\\/avatar\\\/9471831fb0a24eae9d32d826a7cb8ef07c34a41520aca1a0ab1f5c0903ba49b9?s=96&d=mm&r=g\",\"url\":\"https:\\\/\\\/secure.gravatar.com\\\/avatar\\\/9471831fb0a24eae9d32d826a7cb8ef07c34a41520aca1a0ab1f5c0903ba49b9?s=96&d=mm&r=g\",\"contentUrl\":\"https:\\\/\\\/secure.gravatar.com\\\/avatar\\\/9471831fb0a24eae9d32d826a7cb8ef07c34a41520aca1a0ab1f5c0903ba49b9?s=96&d=mm&r=g\",\"caption\":\"Fernanda Hern\u00e1ndez\"},\"description\":\"Reportera y redactora en Centro Urbano. Soy egresada de la licenciatura en Ciencias de la Comunicaci\u00f3n de la Facultad de Ciencias Pol\u00edticas y Sociales (UNAM). Me interesa la cultura, el urbanismo y la arquitectura. Amante del mundo digital, el cine, la m\u00fasica, la lectura y la escritura.\",\"sameAs\":[\"https:\\\/\\\/x.com\\\/https:\\\/\\\/twitter.com\\\/Nannz_Hernandez\"],\"url\":\"https:\\\/\\\/centrourbano.com\\\/revista\\\/author\\\/fernanda-hernandez\\\/\"}]}<\/script>\n<!-- \/ Yoast SEO plugin. -->","yoast_head_json":{"title":"Invita ONU-Habitat al Encuentro sobre Pol\u00edticas Urbanas Nacionales","description":"El Encuentro se llevar\u00e1 a cabo el pr\u00f3ximo lunes 11 de enero; y se podr\u00e1 seguir virtualmente a partir de las 16:00 horas (GMT+1)","robots":{"index":"index","follow":"follow","max-snippet":"max-snippet:-1","max-image-preview":"max-image-preview:large","max-video-preview":"max-video-preview:-1"},"canonical":"https:\/\/centrourbano.com\/revista\/urbanismo\/onu-habitat-encuentro-politicas-urbanas\/","og_locale":"es_ES","og_type":"article","og_title":"Invita ONU-Habitat al Encuentro sobre Pol\u00edticas Urbanas Nacionales","og_description":"El Encuentro se llevar\u00e1 a cabo el pr\u00f3ximo lunes 11 de enero; y se podr\u00e1 seguir virtualmente a partir de las 16:00 horas (GMT+1)","og_url":"https:\/\/centrourbano.com\/revista\/urbanismo\/onu-habitat-encuentro-politicas-urbanas\/","og_site_name":"Centro Urbano","article_publisher":"https:\/\/www.facebook.com\/portalcentrourbano","article_published_time":"2021-01-06T14:30:20+00:00","og_image":[{"width":800,"height":450,"url":"https:\/\/centrourbano.com\/revista\/wp-content\/uploads\/Invita-ONU-Habitat-al-Encuentro-sobre-Politicas-Urbanas-Nacionales.jpg","type":"image\/jpeg"}],"author":"Fernanda Hern\u00e1ndez","twitter_card":"summary_large_image","twitter_creator":"@https:\/\/twitter.com\/Nannz_Hernandez","twitter_site":"@CentroUrbano","twitter_misc":{"Escrito por":"Fernanda Hern\u00e1ndez","Tiempo de lectura":"2 minutos"},"schema":{"@context":"https:\/\/schema.org","@graph":[{"@type":"Article","@id":"https:\/\/centrourbano.com\/revista\/urbanismo\/onu-habitat-encuentro-politicas-urbanas\/#article","isPartOf":{"@id":"https:\/\/centrourbano.com\/revista\/urbanismo\/onu-habitat-encuentro-politicas-urbanas\/"},"author":{"name":"Fernanda Hern\u00e1ndez","@id":"https:\/\/centrourbano.com\/revista\/#\/schema\/person\/b190b20bbbceb41ec72278c546fa8df3"},"headline":"Invita ONU-Habitat al Encuentro sobre Pol\u00edticas Urbanas Nacionales","datePublished":"2021-01-06T14:30:20+00:00","mainEntityOfPage":{"@id":"https:\/\/centrourbano.com\/revista\/urbanismo\/onu-habitat-encuentro-politicas-urbanas\/"},"wordCount":356,"commentCount":0,"publisher":{"@id":"https:\/\/centrourbano.com\/revista\/#organization"},"image":{"@id":"https:\/\/centrourbano.com\/revista\/urbanismo\/onu-habitat-encuentro-politicas-urbanas\/#primaryimage"},"thumbnailUrl":"https:\/\/centrourbano.com\/revista\/wp-content\/uploads\/Invita-ONU-Habitat-al-Encuentro-sobre-Politicas-Urbanas-Nacionales.jpg","keywords":["Am\u00e9rica Latina","encuentro","Espa\u00f1a","ONU-Habitat","Pol\u00edticas Urbanas Nacionales"],"articleSection":["Urbanismo"],"inLanguage":"es","potentialAction":[{"@type":"CommentAction","name":"Comment","target":["https:\/\/centrourbano.com\/revista\/urbanismo\/onu-habitat-encuentro-politicas-urbanas\/#respond"]}]},{"@type":"WebPage","@id":"https:\/\/centrourbano.com\/revista\/urbanismo\/onu-habitat-encuentro-politicas-urbanas\/","url":"https:\/\/centrourbano.com\/revista\/urbanismo\/onu-habitat-encuentro-politicas-urbanas\/","name":"Invita ONU-Habitat al Encuentro sobre Pol\u00edticas Urbanas Nacionales","isPartOf":{"@id":"https:\/\/centrourbano.com\/revista\/#website"},"primaryImageOfPage":{"@id":"https:\/\/centrourbano.com\/revista\/urbanismo\/onu-habitat-encuentro-politicas-urbanas\/#primaryimage"},"image":{"@id":"https:\/\/centrourbano.com\/revista\/urbanismo\/onu-habitat-encuentro-politicas-urbanas\/#primaryimage"},"thumbnailUrl":"https:\/\/centrourbano.com\/revista\/wp-content\/uploads\/Invita-ONU-Habitat-al-Encuentro-sobre-Politicas-Urbanas-Nacionales.jpg","datePublished":"2021-01-06T14:30:20+00:00","description":"El Encuentro se llevar\u00e1 a cabo el pr\u00f3ximo lunes 11 de enero; y se podr\u00e1 seguir virtualmente a partir de las 16:00 horas (GMT+1)","breadcrumb":{"@id":"https:\/\/centrourbano.com\/revista\/urbanismo\/onu-habitat-encuentro-politicas-urbanas\/#breadcrumb"},"inLanguage":"es","potentialAction":[{"@type":"ReadAction","target":["https:\/\/centrourbano.com\/revista\/urbanismo\/onu-habitat-encuentro-politicas-urbanas\/"]}]},{"@type":"ImageObject","inLanguage":"es","@id":"https:\/\/centrourbano.com\/revista\/urbanismo\/onu-habitat-encuentro-politicas-urbanas\/#primaryimage","url":"https:\/\/centrourbano.com\/revista\/wp-content\/uploads\/Invita-ONU-Habitat-al-Encuentro-sobre-Politicas-Urbanas-Nacionales.jpg","contentUrl":"https:\/\/centrourbano.com\/revista\/wp-content\/uploads\/Invita-ONU-Habitat-al-Encuentro-sobre-Politicas-Urbanas-Nacionales.jpg","width":800,"height":450,"caption":"El Encuentro se llevar\u00e1 a cabo el pr\u00f3ximo lunes 11 de enero; y se podr\u00e1 seguir virtualmente a partir de las 16:00 horas (GMT+1)"},{"@type":"BreadcrumbList","@id":"https:\/\/centrourbano.com\/revista\/urbanismo\/onu-habitat-encuentro-politicas-urbanas\/#breadcrumb","itemListElement":[{"@type":"ListItem","position":1,"name":"Portada","item":"https:\/\/centrourbano.com\/revista\/"},{"@type":"ListItem","position":2,"name":"Invita ONU-Habitat al Encuentro sobre Pol\u00edticas Urbanas Nacionales"}]},{"@type":"WebSite","@id":"https:\/\/centrourbano.com\/revista\/#website","url":"https:\/\/centrourbano.com\/revista\/","name":"Centro Urbano","description":"Medio especializado en los sectores vivienda, inmobiliario, construcci\u00f3n, arquitectura y urbanismo.","publisher":{"@id":"https:\/\/centrourbano.com\/revista\/#organization"},"potentialAction":[{"@type":"SearchAction","target":{"@type":"EntryPoint","urlTemplate":"https:\/\/centrourbano.com\/revista\/?s={search_term_string}"},"query-input":{"@type":"PropertyValueSpecification","valueRequired":true,"valueName":"search_term_string"}}],"inLanguage":"es"},{"@type":"Organization","@id":"https:\/\/centrourbano.com\/revista\/#organization","name":"Centro Urbano","url":"https:\/\/centrourbano.com\/revista\/","logo":{"@type":"ImageObject","inLanguage":"es","@id":"https:\/\/centrourbano.com\/revista\/#\/schema\/logo\/image\/","url":"https:\/\/centrourbano.com\/revista\/wp-content\/uploads\/web_CU_logo-1.png","contentUrl":"https:\/\/centrourbano.com\/revista\/wp-content\/uploads\/web_CU_logo-1.png","width":350,"height":91,"caption":"Centro Urbano"},"image":{"@id":"https:\/\/centrourbano.com\/revista\/#\/schema\/logo\/image\/"},"sameAs":["https:\/\/www.facebook.com\/portalcentrourbano","https:\/\/x.com\/CentroUrbano","https:\/\/www.instagram.com\/centro_urbano\/","https:\/\/www.linkedin.com\/company\/centro-urbano\/","http:\/\/www.youtube.com\/user\/portalcentrourbano"]},{"@type":"Person","@id":"https:\/\/centrourbano.com\/revista\/#\/schema\/person\/b190b20bbbceb41ec72278c546fa8df3","name":"Fernanda Hern\u00e1ndez","image":{"@type":"ImageObject","inLanguage":"es","@id":"https:\/\/secure.gravatar.com\/avatar\/9471831fb0a24eae9d32d826a7cb8ef07c34a41520aca1a0ab1f5c0903ba49b9?s=96&d=mm&r=g","url":"https:\/\/secure.gravatar.com\/avatar\/9471831fb0a24eae9d32d826a7cb8ef07c34a41520aca1a0ab1f5c0903ba49b9?s=96&d=mm&r=g","contentUrl":"https:\/\/secure.gravatar.com\/avatar\/9471831fb0a24eae9d32d826a7cb8ef07c34a41520aca1a0ab1f5c0903ba49b9?s=96&d=mm&r=g","caption":"Fernanda Hern\u00e1ndez"},"description":"Reportera y redactora en Centro Urbano. Soy egresada de la licenciatura en Ciencias de la Comunicaci\u00f3n de la Facultad de Ciencias Pol\u00edticas y Sociales (UNAM). Me interesa la cultura, el urbanismo y la arquitectura. Amante del mundo digital, el cine, la m\u00fasica, la lectura y la escritura.","sameAs":["https:\/\/x.com\/https:\/\/twitter.com\/Nannz_Hernandez"],"url":"https:\/\/centrourbano.com\/revista\/author\/fernanda-hernandez\/"}]}},"_links":{"self":[{"href":"https:\/\/centrourbano.com\/revista\/wp-json\/wp\/v2\/posts\/113789","targetHints":{"allow":["GET"]}}],"collection":[{"href":"https:\/\/centrourbano.com\/revista\/wp-json\/wp\/v2\/posts"}],"about":[{"href":"https:\/\/centrourbano.com\/revista\/wp-json\/wp\/v2\/types\/post"}],"author":[{"embeddable":true,"href":"https:\/\/centrourbano.com\/revista\/wp-json\/wp\/v2\/users\/73"}],"replies":[{"embeddable":true,"href":"https:\/\/centrourbano.com\/revista\/wp-json\/wp\/v2\/comments?post=113789"}],"version-history":[{"count":1,"href":"https:\/\/centrourbano.com\/revista\/wp-json\/wp\/v2\/posts\/113789\/revisions"}],"predecessor-version":[{"id":113791,"href":"https:\/\/centrourbano.com\/revista\/wp-json\/wp\/v2\/posts\/113789\/revisions\/113791"}],"wp:featuredmedia":[{"embeddable":true,"href":"https:\/\/centrourbano.com\/revista\/wp-json\/wp\/v2\/media\/113790"}],"wp:attachment":[{"href":"https:\/\/centrourbano.com\/revista\/wp-json\/wp\/v2\/media?parent=113789"}],"wp:term":[{"taxonomy":"category","embeddable":true,"href":"https:\/\/centrourbano.com\/revista\/wp-json\/wp\/v2\/categories?post=113789"},{"taxonomy":"post_tag","embeddable":true,"href":"https:\/\/centrourbano.com\/revista\/wp-json\/wp\/v2\/tags?post=113789"}],"curies":[{"name":"wp","href":"https:\/\/api.w.org\/{rel}","templated":true}]}}