{"id":113606,"date":"2020-12-18T08:45:11","date_gmt":"2020-12-18T14:45:11","guid":{"rendered":"https:\/\/centrourbano.com\/?p=113606"},"modified":"2020-12-17T22:41:51","modified_gmt":"2020-12-18T04:41:51","slug":"sedatu-planeacion-istmo-tehuantepec","status":"publish","type":"post","link":"https:\/\/centrourbano.com\/revista\/urbanismo\/sedatu-planeacion-istmo-tehuantepec\/","title":{"rendered":"Impulsa Sedatu planeaci\u00f3n urbana del Istmo de Tehuantepec"},"content":{"rendered":"<p><em>El titular de la Sedatu indic\u00f3 que se busca que el Programa Territorial del Istmo de Tehuantepec sirva de marco normativo y de referencia para los programas estatales y municipales<\/em><!--more--><\/p>\n<p>La <strong>Secretar\u00eda de Desarrollo Agrario, Territorial y Urbano<\/strong> (<strong>Sedatu<\/strong>) firm\u00f3 un convenio de colaboraci\u00f3n con el <strong>Corredor Interoce\u00e1nico del Istmo de Tehuantepec <\/strong>(<a href=\"https:\/\/centrourbano.com\/2020\/10\/12\/corredor-interoceanico-detonara-el-desarrollo-regional-del-sureste\/\" target=\"_blank\" rel=\"noopener noreferrer\"><strong>CIIT<\/strong><\/a>) y los gobiernos estatales de <strong>Oaxaca<\/strong> y <strong>Veracruz<\/strong>. Esto con el prop\u00f3sito de impulsar la elaboraci\u00f3n conjunta del <strong>Programa de Ordenamiento Territorial de la Regi\u00f3n del Istmo de Tehuantepec<\/strong>.<\/p>\n<p><strong>Rom\u00e1n Meyer Falc\u00f3n<\/strong>, <strong>titular de la Sedatu<\/strong>, destac\u00f3 que una de las prioridades del Gobierno de M\u00e9xico, en materia de desarrollo e infraestructura, es que los proyectos de gran magnitud como el <strong>Corredor Interoce\u00e1nico del Istmo de Tehuantepec<\/strong>, tengan como base procesos t\u00e9cnicos de planeaci\u00f3n para saber su impacto a mediano y largo plazo.<\/p>\n<p>\u201cBuscamos que, a partir de este convenio, se generen reuniones t\u00e9cnicas consecutivas para ir tejiendo la visi\u00f3n del territorio de forma conjunta. Este corredor traer\u00e1 grandes beneficios y <strong>montos importantes de inversi\u00f3n<\/strong> que se deben distribuir de la mejor forma posible entre la sociedad; que sea la planeaci\u00f3n el elemento que nos asegure un mejor desarrollo. Creo que es un momento hist\u00f3rico y de las pocas oportunidades que tenemos para asegurar que lo que hacemos trascienda de forma correcta\u201d, dijo.<\/p>\n<p>El <strong>titular de la Sedatu<\/strong> indic\u00f3 que se busca que el <strong>Programa Territorial del Istmo de Tehuantepec<\/strong> sirva de marco normativo y de referencia para los programas estatales y municipales.<\/p>\n<p>Por su parte, el <strong>gobernador de Veracruz<\/strong>, <strong>Cuitl\u00e1huac Garc\u00eda Jim\u00e9nez<\/strong>, coment\u00f3: \u201cAhora se da un paso importante. Hemos firmado diferentes acuerdos y convenios que van sacando adelante el proyecto. El d\u00eda de ayer nos entregaron ya el proyecto del plan maestro de todo este desarrollo que, desde luego, requiere bases fuertes y bien dise\u00f1adas en todos los territorios donde se va a implementar el proyecto\u201d.<\/p>\n<p>En tanto, el <strong>director general del Corredor Interoce\u00e1nico del Istmo de Tehuantepec<\/strong>, <strong>Rafael Mar\u00edn Mollinedo<\/strong>, explic\u00f3 que el objetivo del programa es generar los cambios necesarios para fortalecer y diversificar la econom\u00eda local, como condici\u00f3n para mejorar el nivel de bienestar de la poblaci\u00f3n de una de las regiones m\u00e1s rezagadas del pa\u00eds.<\/p>\n<p>\u201cDesde la perspectiva de la planeaci\u00f3n del desarrollo, uno de los \u00e1mbitos con mayor prioridad es el ordenamiento del \u00e1mbito espacial que sustentar\u00e1 el proceso de desarrollo de la regi\u00f3n del <strong>Istmo de Tehuantepec<\/strong>. El ordenamiento territorial estar\u00e1 orientado a un modelo sostenible, equilibrado e inclusivo, que integre las dimensiones sociodemogr\u00e1ficas, culturales, econ\u00f3micas y ambientales en las distintas escalas\u201d, mencion\u00f3.<\/p>\n","protected":false},"excerpt":{"rendered":"<p>El titular de la Sedatu indic\u00f3 que se busca que el Programa Territorial del Istmo de Tehuantepec sirva de marco normativo y de referencia para los programas estatales y municipales<\/p>\n","protected":false},"author":73,"featured_media":113610,"comment_status":"open","ping_status":"closed","sticky":false,"template":"","format":"standard","meta":{"om_disable_all_campaigns":false,"inline_featured_image":false,"_monsterinsights_skip_tracking":false,"_monsterinsights_sitenote_active":false,"_monsterinsights_sitenote_note":"","_monsterinsights_sitenote_category":0,"footnotes":""},"categories":[82],"tags":[17751,752,501,420,105,70],"class_list":["post-113606","post","type-post","status-publish","format-standard","has-post-thumbnail","hentry","category-urbanismo","tag-corredor-interoceanico","tag-istmo-de-tehuantepec","tag-oaxaca","tag-planeacion-urbana","tag-sedatu","tag-veracruz"],"yoast_head":"<!-- This site is optimized with the Yoast SEO plugin v27.4 - https:\/\/yoast.com\/product\/yoast-seo-wordpress\/ -->\n<title>Sedatu impulsa planeaci\u00f3n urbana del Istmo de Tehuantepec<\/title>\n<meta name=\"description\" content=\"El titular de la Sedatu indic\u00f3 que se busca que el Programa Territorial del Istmo de Tehuantepec sirva de referencia para los programas estatales\" \/>\n<meta name=\"robots\" content=\"index, follow, max-snippet:-1, max-image-preview:large, max-video-preview:-1\" \/>\n<link rel=\"canonical\" href=\"https:\/\/centrourbano.com\/revista\/urbanismo\/sedatu-planeacion-istmo-tehuantepec\/\" \/>\n<meta property=\"og:locale\" content=\"es_ES\" \/>\n<meta property=\"og:type\" content=\"article\" \/>\n<meta property=\"og:title\" content=\"Sedatu impulsa planeaci\u00f3n urbana del Istmo de Tehuantepec\" \/>\n<meta property=\"og:description\" content=\"El titular de la Sedatu indic\u00f3 que se busca que el Programa Territorial del Istmo de Tehuantepec sirva de referencia para los programas estatales\" \/>\n<meta property=\"og:url\" content=\"https:\/\/centrourbano.com\/revista\/urbanismo\/sedatu-planeacion-istmo-tehuantepec\/\" \/>\n<meta property=\"og:site_name\" content=\"Centro Urbano\" \/>\n<meta property=\"article:publisher\" content=\"https:\/\/www.facebook.com\/portalcentrourbano\" \/>\n<meta property=\"article:published_time\" content=\"2020-12-18T14:45:11+00:00\" \/>\n<meta property=\"og:image\" content=\"https:\/\/centrourbano.com\/revista\/wp-content\/uploads\/Impulsa-Sedatu-planeacion-urbana-del-Istmo-de-Tehuantepec.jpg\" \/>\n\t<meta property=\"og:image:width\" content=\"800\" \/>\n\t<meta property=\"og:image:height\" content=\"436\" \/>\n\t<meta property=\"og:image:type\" content=\"image\/jpeg\" \/>\n<meta name=\"author\" content=\"Fernanda Hern\u00e1ndez\" \/>\n<meta name=\"twitter:card\" content=\"summary_large_image\" \/>\n<meta name=\"twitter:creator\" content=\"@https:\/\/twitter.com\/Nannz_Hernandez\" \/>\n<meta name=\"twitter:site\" content=\"@CentroUrbano\" \/>\n<meta name=\"twitter:label1\" content=\"Escrito por\" \/>\n\t<meta name=\"twitter:data1\" content=\"Fernanda Hern\u00e1ndez\" \/>\n\t<meta name=\"twitter:label2\" content=\"Tiempo de lectura\" \/>\n\t<meta name=\"twitter:data2\" content=\"2 minutos\" \/>\n<script type=\"application\/ld+json\" class=\"yoast-schema-graph\">{\"@context\":\"https:\\\/\\\/schema.org\",\"@graph\":[{\"@type\":\"Article\",\"@id\":\"https:\\\/\\\/centrourbano.com\\\/revista\\\/urbanismo\\\/sedatu-planeacion-istmo-tehuantepec\\\/#article\",\"isPartOf\":{\"@id\":\"https:\\\/\\\/centrourbano.com\\\/revista\\\/urbanismo\\\/sedatu-planeacion-istmo-tehuantepec\\\/\"},\"author\":{\"name\":\"Fernanda Hern\u00e1ndez\",\"@id\":\"https:\\\/\\\/centrourbano.com\\\/revista\\\/#\\\/schema\\\/person\\\/b190b20bbbceb41ec72278c546fa8df3\"},\"headline\":\"Impulsa Sedatu planeaci\u00f3n urbana del Istmo de Tehuantepec\",\"datePublished\":\"2020-12-18T14:45:11+00:00\",\"mainEntityOfPage\":{\"@id\":\"https:\\\/\\\/centrourbano.com\\\/revista\\\/urbanismo\\\/sedatu-planeacion-istmo-tehuantepec\\\/\"},\"wordCount\":466,\"commentCount\":0,\"publisher\":{\"@id\":\"https:\\\/\\\/centrourbano.com\\\/revista\\\/#organization\"},\"image\":{\"@id\":\"https:\\\/\\\/centrourbano.com\\\/revista\\\/urbanismo\\\/sedatu-planeacion-istmo-tehuantepec\\\/#primaryimage\"},\"thumbnailUrl\":\"https:\\\/\\\/centrourbano.com\\\/revista\\\/wp-content\\\/uploads\\\/Impulsa-Sedatu-planeacion-urbana-del-Istmo-de-Tehuantepec.jpg\",\"keywords\":[\"Corredor Interoce\u00e1nico\",\"Istmo de Tehuantepec\",\"Oaxaca\",\"planeaci\u00f3n urbana\",\"Sedatu\",\"Veracruz\"],\"articleSection\":[\"Urbanismo\"],\"inLanguage\":\"es\",\"potentialAction\":[{\"@type\":\"CommentAction\",\"name\":\"Comment\",\"target\":[\"https:\\\/\\\/centrourbano.com\\\/revista\\\/urbanismo\\\/sedatu-planeacion-istmo-tehuantepec\\\/#respond\"]}]},{\"@type\":\"WebPage\",\"@id\":\"https:\\\/\\\/centrourbano.com\\\/revista\\\/urbanismo\\\/sedatu-planeacion-istmo-tehuantepec\\\/\",\"url\":\"https:\\\/\\\/centrourbano.com\\\/revista\\\/urbanismo\\\/sedatu-planeacion-istmo-tehuantepec\\\/\",\"name\":\"Sedatu impulsa planeaci\u00f3n urbana del Istmo de Tehuantepec\",\"isPartOf\":{\"@id\":\"https:\\\/\\\/centrourbano.com\\\/revista\\\/#website\"},\"primaryImageOfPage\":{\"@id\":\"https:\\\/\\\/centrourbano.com\\\/revista\\\/urbanismo\\\/sedatu-planeacion-istmo-tehuantepec\\\/#primaryimage\"},\"image\":{\"@id\":\"https:\\\/\\\/centrourbano.com\\\/revista\\\/urbanismo\\\/sedatu-planeacion-istmo-tehuantepec\\\/#primaryimage\"},\"thumbnailUrl\":\"https:\\\/\\\/centrourbano.com\\\/revista\\\/wp-content\\\/uploads\\\/Impulsa-Sedatu-planeacion-urbana-del-Istmo-de-Tehuantepec.jpg\",\"datePublished\":\"2020-12-18T14:45:11+00:00\",\"description\":\"El titular de la Sedatu indic\u00f3 que se busca que el Programa Territorial del Istmo de Tehuantepec sirva de referencia para los programas estatales\",\"breadcrumb\":{\"@id\":\"https:\\\/\\\/centrourbano.com\\\/revista\\\/urbanismo\\\/sedatu-planeacion-istmo-tehuantepec\\\/#breadcrumb\"},\"inLanguage\":\"es\",\"potentialAction\":[{\"@type\":\"ReadAction\",\"target\":[\"https:\\\/\\\/centrourbano.com\\\/revista\\\/urbanismo\\\/sedatu-planeacion-istmo-tehuantepec\\\/\"]}]},{\"@type\":\"ImageObject\",\"inLanguage\":\"es\",\"@id\":\"https:\\\/\\\/centrourbano.com\\\/revista\\\/urbanismo\\\/sedatu-planeacion-istmo-tehuantepec\\\/#primaryimage\",\"url\":\"https:\\\/\\\/centrourbano.com\\\/revista\\\/wp-content\\\/uploads\\\/Impulsa-Sedatu-planeacion-urbana-del-Istmo-de-Tehuantepec.jpg\",\"contentUrl\":\"https:\\\/\\\/centrourbano.com\\\/revista\\\/wp-content\\\/uploads\\\/Impulsa-Sedatu-planeacion-urbana-del-Istmo-de-Tehuantepec.jpg\",\"width\":800,\"height\":436,\"caption\":\"El titular de la Sedatu indic\u00f3 que se busca que el Programa Territorial del Istmo de Tehuantepec sirva de referencia para los programas estatales\"},{\"@type\":\"BreadcrumbList\",\"@id\":\"https:\\\/\\\/centrourbano.com\\\/revista\\\/urbanismo\\\/sedatu-planeacion-istmo-tehuantepec\\\/#breadcrumb\",\"itemListElement\":[{\"@type\":\"ListItem\",\"position\":1,\"name\":\"Portada\",\"item\":\"https:\\\/\\\/centrourbano.com\\\/revista\\\/\"},{\"@type\":\"ListItem\",\"position\":2,\"name\":\"Impulsa Sedatu planeaci\u00f3n urbana del Istmo de Tehuantepec\"}]},{\"@type\":\"WebSite\",\"@id\":\"https:\\\/\\\/centrourbano.com\\\/revista\\\/#website\",\"url\":\"https:\\\/\\\/centrourbano.com\\\/revista\\\/\",\"name\":\"Centro Urbano\",\"description\":\"Medio especializado en los sectores vivienda, inmobiliario, construcci\u00f3n, arquitectura y urbanismo.\",\"publisher\":{\"@id\":\"https:\\\/\\\/centrourbano.com\\\/revista\\\/#organization\"},\"potentialAction\":[{\"@type\":\"SearchAction\",\"target\":{\"@type\":\"EntryPoint\",\"urlTemplate\":\"https:\\\/\\\/centrourbano.com\\\/revista\\\/?s={search_term_string}\"},\"query-input\":{\"@type\":\"PropertyValueSpecification\",\"valueRequired\":true,\"valueName\":\"search_term_string\"}}],\"inLanguage\":\"es\"},{\"@type\":\"Organization\",\"@id\":\"https:\\\/\\\/centrourbano.com\\\/revista\\\/#organization\",\"name\":\"Centro Urbano\",\"url\":\"https:\\\/\\\/centrourbano.com\\\/revista\\\/\",\"logo\":{\"@type\":\"ImageObject\",\"inLanguage\":\"es\",\"@id\":\"https:\\\/\\\/centrourbano.com\\\/revista\\\/#\\\/schema\\\/logo\\\/image\\\/\",\"url\":\"https:\\\/\\\/centrourbano.com\\\/revista\\\/wp-content\\\/uploads\\\/web_CU_logo-1.png\",\"contentUrl\":\"https:\\\/\\\/centrourbano.com\\\/revista\\\/wp-content\\\/uploads\\\/web_CU_logo-1.png\",\"width\":350,\"height\":91,\"caption\":\"Centro Urbano\"},\"image\":{\"@id\":\"https:\\\/\\\/centrourbano.com\\\/revista\\\/#\\\/schema\\\/logo\\\/image\\\/\"},\"sameAs\":[\"https:\\\/\\\/www.facebook.com\\\/portalcentrourbano\",\"https:\\\/\\\/x.com\\\/CentroUrbano\",\"https:\\\/\\\/www.instagram.com\\\/centro_urbano\\\/\",\"https:\\\/\\\/www.linkedin.com\\\/company\\\/centro-urbano\\\/\",\"http:\\\/\\\/www.youtube.com\\\/user\\\/portalcentrourbano\"]},{\"@type\":\"Person\",\"@id\":\"https:\\\/\\\/centrourbano.com\\\/revista\\\/#\\\/schema\\\/person\\\/b190b20bbbceb41ec72278c546fa8df3\",\"name\":\"Fernanda Hern\u00e1ndez\",\"image\":{\"@type\":\"ImageObject\",\"inLanguage\":\"es\",\"@id\":\"https:\\\/\\\/secure.gravatar.com\\\/avatar\\\/9471831fb0a24eae9d32d826a7cb8ef07c34a41520aca1a0ab1f5c0903ba49b9?s=96&d=mm&r=g\",\"url\":\"https:\\\/\\\/secure.gravatar.com\\\/avatar\\\/9471831fb0a24eae9d32d826a7cb8ef07c34a41520aca1a0ab1f5c0903ba49b9?s=96&d=mm&r=g\",\"contentUrl\":\"https:\\\/\\\/secure.gravatar.com\\\/avatar\\\/9471831fb0a24eae9d32d826a7cb8ef07c34a41520aca1a0ab1f5c0903ba49b9?s=96&d=mm&r=g\",\"caption\":\"Fernanda Hern\u00e1ndez\"},\"description\":\"Reportera y redactora en Centro Urbano. Soy egresada de la licenciatura en Ciencias de la Comunicaci\u00f3n de la Facultad de Ciencias Pol\u00edticas y Sociales (UNAM). Me interesa la cultura, el urbanismo y la arquitectura. Amante del mundo digital, el cine, la m\u00fasica, la lectura y la escritura.\",\"sameAs\":[\"https:\\\/\\\/x.com\\\/https:\\\/\\\/twitter.com\\\/Nannz_Hernandez\"],\"url\":\"https:\\\/\\\/centrourbano.com\\\/revista\\\/author\\\/fernanda-hernandez\\\/\"}]}<\/script>\n<!-- \/ Yoast SEO plugin. -->","yoast_head_json":{"title":"Sedatu impulsa planeaci\u00f3n urbana del Istmo de Tehuantepec","description":"El titular de la Sedatu indic\u00f3 que se busca que el Programa Territorial del Istmo de Tehuantepec sirva de referencia para los programas estatales","robots":{"index":"index","follow":"follow","max-snippet":"max-snippet:-1","max-image-preview":"max-image-preview:large","max-video-preview":"max-video-preview:-1"},"canonical":"https:\/\/centrourbano.com\/revista\/urbanismo\/sedatu-planeacion-istmo-tehuantepec\/","og_locale":"es_ES","og_type":"article","og_title":"Sedatu impulsa planeaci\u00f3n urbana del Istmo de Tehuantepec","og_description":"El titular de la Sedatu indic\u00f3 que se busca que el Programa Territorial del Istmo de Tehuantepec sirva de referencia para los programas estatales","og_url":"https:\/\/centrourbano.com\/revista\/urbanismo\/sedatu-planeacion-istmo-tehuantepec\/","og_site_name":"Centro Urbano","article_publisher":"https:\/\/www.facebook.com\/portalcentrourbano","article_published_time":"2020-12-18T14:45:11+00:00","og_image":[{"width":800,"height":436,"url":"https:\/\/centrourbano.com\/revista\/wp-content\/uploads\/Impulsa-Sedatu-planeacion-urbana-del-Istmo-de-Tehuantepec.jpg","type":"image\/jpeg"}],"author":"Fernanda Hern\u00e1ndez","twitter_card":"summary_large_image","twitter_creator":"@https:\/\/twitter.com\/Nannz_Hernandez","twitter_site":"@CentroUrbano","twitter_misc":{"Escrito por":"Fernanda Hern\u00e1ndez","Tiempo de lectura":"2 minutos"},"schema":{"@context":"https:\/\/schema.org","@graph":[{"@type":"Article","@id":"https:\/\/centrourbano.com\/revista\/urbanismo\/sedatu-planeacion-istmo-tehuantepec\/#article","isPartOf":{"@id":"https:\/\/centrourbano.com\/revista\/urbanismo\/sedatu-planeacion-istmo-tehuantepec\/"},"author":{"name":"Fernanda Hern\u00e1ndez","@id":"https:\/\/centrourbano.com\/revista\/#\/schema\/person\/b190b20bbbceb41ec72278c546fa8df3"},"headline":"Impulsa Sedatu planeaci\u00f3n urbana del Istmo de Tehuantepec","datePublished":"2020-12-18T14:45:11+00:00","mainEntityOfPage":{"@id":"https:\/\/centrourbano.com\/revista\/urbanismo\/sedatu-planeacion-istmo-tehuantepec\/"},"wordCount":466,"commentCount":0,"publisher":{"@id":"https:\/\/centrourbano.com\/revista\/#organization"},"image":{"@id":"https:\/\/centrourbano.com\/revista\/urbanismo\/sedatu-planeacion-istmo-tehuantepec\/#primaryimage"},"thumbnailUrl":"https:\/\/centrourbano.com\/revista\/wp-content\/uploads\/Impulsa-Sedatu-planeacion-urbana-del-Istmo-de-Tehuantepec.jpg","keywords":["Corredor Interoce\u00e1nico","Istmo de Tehuantepec","Oaxaca","planeaci\u00f3n urbana","Sedatu","Veracruz"],"articleSection":["Urbanismo"],"inLanguage":"es","potentialAction":[{"@type":"CommentAction","name":"Comment","target":["https:\/\/centrourbano.com\/revista\/urbanismo\/sedatu-planeacion-istmo-tehuantepec\/#respond"]}]},{"@type":"WebPage","@id":"https:\/\/centrourbano.com\/revista\/urbanismo\/sedatu-planeacion-istmo-tehuantepec\/","url":"https:\/\/centrourbano.com\/revista\/urbanismo\/sedatu-planeacion-istmo-tehuantepec\/","name":"Sedatu impulsa planeaci\u00f3n urbana del Istmo de Tehuantepec","isPartOf":{"@id":"https:\/\/centrourbano.com\/revista\/#website"},"primaryImageOfPage":{"@id":"https:\/\/centrourbano.com\/revista\/urbanismo\/sedatu-planeacion-istmo-tehuantepec\/#primaryimage"},"image":{"@id":"https:\/\/centrourbano.com\/revista\/urbanismo\/sedatu-planeacion-istmo-tehuantepec\/#primaryimage"},"thumbnailUrl":"https:\/\/centrourbano.com\/revista\/wp-content\/uploads\/Impulsa-Sedatu-planeacion-urbana-del-Istmo-de-Tehuantepec.jpg","datePublished":"2020-12-18T14:45:11+00:00","description":"El titular de la Sedatu indic\u00f3 que se busca que el Programa Territorial del Istmo de Tehuantepec sirva de referencia para los programas estatales","breadcrumb":{"@id":"https:\/\/centrourbano.com\/revista\/urbanismo\/sedatu-planeacion-istmo-tehuantepec\/#breadcrumb"},"inLanguage":"es","potentialAction":[{"@type":"ReadAction","target":["https:\/\/centrourbano.com\/revista\/urbanismo\/sedatu-planeacion-istmo-tehuantepec\/"]}]},{"@type":"ImageObject","inLanguage":"es","@id":"https:\/\/centrourbano.com\/revista\/urbanismo\/sedatu-planeacion-istmo-tehuantepec\/#primaryimage","url":"https:\/\/centrourbano.com\/revista\/wp-content\/uploads\/Impulsa-Sedatu-planeacion-urbana-del-Istmo-de-Tehuantepec.jpg","contentUrl":"https:\/\/centrourbano.com\/revista\/wp-content\/uploads\/Impulsa-Sedatu-planeacion-urbana-del-Istmo-de-Tehuantepec.jpg","width":800,"height":436,"caption":"El titular de la Sedatu indic\u00f3 que se busca que el Programa Territorial del Istmo de Tehuantepec sirva de referencia para los programas estatales"},{"@type":"BreadcrumbList","@id":"https:\/\/centrourbano.com\/revista\/urbanismo\/sedatu-planeacion-istmo-tehuantepec\/#breadcrumb","itemListElement":[{"@type":"ListItem","position":1,"name":"Portada","item":"https:\/\/centrourbano.com\/revista\/"},{"@type":"ListItem","position":2,"name":"Impulsa Sedatu planeaci\u00f3n urbana del Istmo de Tehuantepec"}]},{"@type":"WebSite","@id":"https:\/\/centrourbano.com\/revista\/#website","url":"https:\/\/centrourbano.com\/revista\/","name":"Centro Urbano","description":"Medio especializado en los sectores vivienda, inmobiliario, construcci\u00f3n, arquitectura y urbanismo.","publisher":{"@id":"https:\/\/centrourbano.com\/revista\/#organization"},"potentialAction":[{"@type":"SearchAction","target":{"@type":"EntryPoint","urlTemplate":"https:\/\/centrourbano.com\/revista\/?s={search_term_string}"},"query-input":{"@type":"PropertyValueSpecification","valueRequired":true,"valueName":"search_term_string"}}],"inLanguage":"es"},{"@type":"Organization","@id":"https:\/\/centrourbano.com\/revista\/#organization","name":"Centro Urbano","url":"https:\/\/centrourbano.com\/revista\/","logo":{"@type":"ImageObject","inLanguage":"es","@id":"https:\/\/centrourbano.com\/revista\/#\/schema\/logo\/image\/","url":"https:\/\/centrourbano.com\/revista\/wp-content\/uploads\/web_CU_logo-1.png","contentUrl":"https:\/\/centrourbano.com\/revista\/wp-content\/uploads\/web_CU_logo-1.png","width":350,"height":91,"caption":"Centro Urbano"},"image":{"@id":"https:\/\/centrourbano.com\/revista\/#\/schema\/logo\/image\/"},"sameAs":["https:\/\/www.facebook.com\/portalcentrourbano","https:\/\/x.com\/CentroUrbano","https:\/\/www.instagram.com\/centro_urbano\/","https:\/\/www.linkedin.com\/company\/centro-urbano\/","http:\/\/www.youtube.com\/user\/portalcentrourbano"]},{"@type":"Person","@id":"https:\/\/centrourbano.com\/revista\/#\/schema\/person\/b190b20bbbceb41ec72278c546fa8df3","name":"Fernanda Hern\u00e1ndez","image":{"@type":"ImageObject","inLanguage":"es","@id":"https:\/\/secure.gravatar.com\/avatar\/9471831fb0a24eae9d32d826a7cb8ef07c34a41520aca1a0ab1f5c0903ba49b9?s=96&d=mm&r=g","url":"https:\/\/secure.gravatar.com\/avatar\/9471831fb0a24eae9d32d826a7cb8ef07c34a41520aca1a0ab1f5c0903ba49b9?s=96&d=mm&r=g","contentUrl":"https:\/\/secure.gravatar.com\/avatar\/9471831fb0a24eae9d32d826a7cb8ef07c34a41520aca1a0ab1f5c0903ba49b9?s=96&d=mm&r=g","caption":"Fernanda Hern\u00e1ndez"},"description":"Reportera y redactora en Centro Urbano. Soy egresada de la licenciatura en Ciencias de la Comunicaci\u00f3n de la Facultad de Ciencias Pol\u00edticas y Sociales (UNAM). Me interesa la cultura, el urbanismo y la arquitectura. Amante del mundo digital, el cine, la m\u00fasica, la lectura y la escritura.","sameAs":["https:\/\/x.com\/https:\/\/twitter.com\/Nannz_Hernandez"],"url":"https:\/\/centrourbano.com\/revista\/author\/fernanda-hernandez\/"}]}},"_links":{"self":[{"href":"https:\/\/centrourbano.com\/revista\/wp-json\/wp\/v2\/posts\/113606","targetHints":{"allow":["GET"]}}],"collection":[{"href":"https:\/\/centrourbano.com\/revista\/wp-json\/wp\/v2\/posts"}],"about":[{"href":"https:\/\/centrourbano.com\/revista\/wp-json\/wp\/v2\/types\/post"}],"author":[{"embeddable":true,"href":"https:\/\/centrourbano.com\/revista\/wp-json\/wp\/v2\/users\/73"}],"replies":[{"embeddable":true,"href":"https:\/\/centrourbano.com\/revista\/wp-json\/wp\/v2\/comments?post=113606"}],"version-history":[{"count":1,"href":"https:\/\/centrourbano.com\/revista\/wp-json\/wp\/v2\/posts\/113606\/revisions"}],"predecessor-version":[{"id":113611,"href":"https:\/\/centrourbano.com\/revista\/wp-json\/wp\/v2\/posts\/113606\/revisions\/113611"}],"wp:featuredmedia":[{"embeddable":true,"href":"https:\/\/centrourbano.com\/revista\/wp-json\/wp\/v2\/media\/113610"}],"wp:attachment":[{"href":"https:\/\/centrourbano.com\/revista\/wp-json\/wp\/v2\/media?parent=113606"}],"wp:term":[{"taxonomy":"category","embeddable":true,"href":"https:\/\/centrourbano.com\/revista\/wp-json\/wp\/v2\/categories?post=113606"},{"taxonomy":"post_tag","embeddable":true,"href":"https:\/\/centrourbano.com\/revista\/wp-json\/wp\/v2\/tags?post=113606"}],"curies":[{"name":"wp","href":"https:\/\/api.w.org\/{rel}","templated":true}]}}