{"id":113339,"date":"2020-12-08T09:00:51","date_gmt":"2020-12-08T15:00:51","guid":{"rendered":"https:\/\/centrourbano.com\/?p=113339"},"modified":"2020-12-08T00:01:29","modified_gmt":"2020-12-08T06:01:29","slug":"unesco-patrimonio-sureste","status":"publish","type":"post","link":"https:\/\/centrourbano.com\/revista\/arquitectura-2\/unesco-patrimonio-sureste\/","title":{"rendered":"Unesco contribuir\u00e1 a la preservaci\u00f3n del patrimonio del sureste"},"content":{"rendered":"<p><em>La<\/em> o<em>ficina de la Unesco en M\u00e9xico velar\u00e1 por el fomento de un desarrollo sostenible en la ruta del Tren Maya, que parta del reconocimiento y valoraci\u00f3n de la cultura del sureste <\/em><!--more--><\/p>\n<p>La <strong>Oficina en M\u00e9xico de la Organizaci\u00f3n de las Naciones Unidas para la Educaci\u00f3n, la Ciencia y la Cultura<\/strong> (<strong>Unesco<\/strong>) firm\u00f3 un convenio de colaboraci\u00f3n con el <strong>Fondo Nacional de Fomento al Turismo<\/strong> (<strong>Fonatur<\/strong>). Esto con la finalidad de implementar el programa de acompa\u00f1amiento a las obras del <a href=\"https:\/\/centrourbano.com\/2019\/12\/20\/unesco-acompanara-al-proyecto-del-tren-maya\/\" target=\"_blank\" rel=\"noopener noreferrer\"><strong>Tren Maya<\/strong><\/a>.<\/p>\n<p>A trav\u00e9s de dicho convenio, se busca garantizar la protecci\u00f3n del vasto <strong>patrimonio cultural material e inmaterial<\/strong> que existe en la regi\u00f3n sureste del pa\u00eds. Adem\u00e1s del respeto a la <strong>conservaci\u00f3n medioambiental<\/strong> del patrimonio natural y mixto; as\u00ed como la promoci\u00f3n de los derechos culturales.<\/p>\n<p>De esta manera, la oficina de la <strong>Unesco<\/strong> en M\u00e9xico velar\u00e1 por el fomento de un <strong>desarrollo sostenible en la ruta del tren<\/strong>, que parta del reconocimiento y valoraci\u00f3n de la cultura del sureste; que fomente inversiones centradas en la comunidad y que se protejan y aprovechen los activos culturales y naturales de la regi\u00f3n.<\/p>\n<p>El convenio establece que la <strong>Unesco<\/strong> contribuir\u00e1 a:<\/p>\n<ul>\n<li>Establecer un mecanismo de <strong>coordinaci\u00f3n interinstitucional<\/strong> entre los tres niveles de gobierno; el cual permita la correcta articulaci\u00f3n de las actividades, aunado a una oportuna incorporaci\u00f3n del fortalecimiento y salvaguarda del patrimonio cultural y natural de la zona del proyecto del <strong>Tren Maya<\/strong>.<\/li>\n<li>Proporcionar a <strong>Fonatur<\/strong> herramientas para asegurar la salvaguarda los <strong>valores culturales y naturales<\/strong>, adecuados al contexto; as\u00ed como necesidades locales, en particular en el proceso de creaci\u00f3n de <strong>Comunidades Sustentables<\/strong>.<\/li>\n<li>Promover <strong>productos y servicios tur\u00edsticos de calidad<\/strong> que fomenten un aprovechamiento de toda la cadena de valor.<\/li>\n<li>Fomentar un <strong>desarrollo centrado en las personas<\/strong> a trav\u00e9s del reconocimiento y valoraci\u00f3n de sus culturas.<\/li>\n<li>Proporcionar a <strong>Fonatur<\/strong> experiencias comparables al <strong>Tren Maya<\/strong> que permitan su aplicaci\u00f3n para que no degrade ni da\u00f1en los valores naturales y culturales.<\/li>\n<li>Proporcionar a <strong>Fonatur<\/strong> elementos que permitan alentar la diversificaci\u00f3n de la oferta tur\u00edstica de la regi\u00f3n.<\/li>\n<\/ul>\n<p><strong>Rogelio Jim\u00e9nez Pons<\/strong>, <strong>director del Fonatur<\/strong>, afirm\u00f3 que la <strong>Unesco<\/strong> es un aliado de las Naciones Unidas al proyecto del <strong>Tren Maya<\/strong>; ya que tambi\u00e9n se trabaja de la mano con <strong>ONU-H\u00e1bitat<\/strong> y la <strong>Oficina de las Naciones Unidas de Servicios para Proyectos<\/strong> (<strong>UNOPS<\/strong>). Esto demuestra el inter\u00e9s de estas agencias en t\u00e9rminos de materializar este proyecto con una perspectiva de desarrollo sostenible.<\/p>\n","protected":false},"excerpt":{"rendered":"<p>La oficina de la Unesco en M\u00e9xico velar\u00e1 por el fomento de un desarrollo sostenible en la ruta del Tren Maya, que parta del reconocimiento y valoraci\u00f3n de la cultura del sureste<\/p>\n","protected":false},"author":73,"featured_media":113340,"comment_status":"open","ping_status":"closed","sticky":false,"template":"","format":"standard","meta":{"om_disable_all_campaigns":false,"inline_featured_image":false,"_monsterinsights_skip_tracking":false,"_monsterinsights_sitenote_active":false,"_monsterinsights_sitenote_note":"","_monsterinsights_sitenote_category":0,"footnotes":""},"categories":[81,14],"tags":[949,994,5115,14281,586],"class_list":["post-113339","post","type-post","status-publish","format-standard","has-post-thumbnail","hentry","category-arquitectura-2","category-construccion","tag-convenio-de-colaboracion","tag-fonatur","tag-patrimonio-cultural","tag-tren-maya","tag-unesco"],"yoast_head":"<!-- This site is optimized with the Yoast SEO plugin v27.5 - https:\/\/yoast.com\/product\/yoast-seo-wordpress\/ -->\n<title>Unesco contribuir\u00e1 a la preservaci\u00f3n del patrimonio del sureste<\/title>\n<meta name=\"description\" content=\"La Unesco velar\u00e1 por el fomento de un desarrollo sostenible en la ruta del Tren Maya, que parta del reconocimiento de la cultura\" \/>\n<meta name=\"robots\" content=\"index, follow, max-snippet:-1, max-image-preview:large, max-video-preview:-1\" \/>\n<link rel=\"canonical\" href=\"https:\/\/centrourbano.com\/revista\/arquitectura-2\/unesco-patrimonio-sureste\/\" \/>\n<meta property=\"og:locale\" content=\"es_ES\" \/>\n<meta property=\"og:type\" content=\"article\" \/>\n<meta property=\"og:title\" content=\"Unesco contribuir\u00e1 a la preservaci\u00f3n del patrimonio del sureste\" \/>\n<meta property=\"og:description\" content=\"La Unesco velar\u00e1 por el fomento de un desarrollo sostenible en la ruta del Tren Maya, que parta del reconocimiento de la cultura\" \/>\n<meta property=\"og:url\" content=\"https:\/\/centrourbano.com\/revista\/arquitectura-2\/unesco-patrimonio-sureste\/\" \/>\n<meta property=\"og:site_name\" content=\"Centro Urbano\" \/>\n<meta property=\"article:publisher\" content=\"https:\/\/www.facebook.com\/portalcentrourbano\" \/>\n<meta property=\"article:published_time\" content=\"2020-12-08T15:00:51+00:00\" \/>\n<meta property=\"og:image\" content=\"https:\/\/centrourbano.com\/revista\/wp-content\/uploads\/Unesco-contribuira-a-la-preservacion-del-patrimonio-del-sureste.jpg\" \/>\n\t<meta property=\"og:image:width\" content=\"800\" \/>\n\t<meta property=\"og:image:height\" content=\"433\" \/>\n\t<meta property=\"og:image:type\" content=\"image\/jpeg\" \/>\n<meta name=\"author\" content=\"Fernanda Hern\u00e1ndez\" \/>\n<meta name=\"twitter:card\" content=\"summary_large_image\" \/>\n<meta name=\"twitter:creator\" content=\"@https:\/\/twitter.com\/Nannz_Hernandez\" \/>\n<meta name=\"twitter:site\" content=\"@CentroUrbano\" \/>\n<meta name=\"twitter:label1\" content=\"Escrito por\" \/>\n\t<meta name=\"twitter:data1\" content=\"Fernanda Hern\u00e1ndez\" \/>\n\t<meta name=\"twitter:label2\" content=\"Tiempo de lectura\" \/>\n\t<meta name=\"twitter:data2\" content=\"2 minutos\" \/>\n<script type=\"application\/ld+json\" class=\"yoast-schema-graph\">{\"@context\":\"https:\\\/\\\/schema.org\",\"@graph\":[{\"@type\":\"Article\",\"@id\":\"https:\\\/\\\/centrourbano.com\\\/revista\\\/arquitectura-2\\\/unesco-patrimonio-sureste\\\/#article\",\"isPartOf\":{\"@id\":\"https:\\\/\\\/centrourbano.com\\\/revista\\\/arquitectura-2\\\/unesco-patrimonio-sureste\\\/\"},\"author\":{\"name\":\"Fernanda Hern\u00e1ndez\",\"@id\":\"https:\\\/\\\/centrourbano.com\\\/revista\\\/#\\\/schema\\\/person\\\/b190b20bbbceb41ec72278c546fa8df3\"},\"headline\":\"Unesco contribuir\u00e1 a la preservaci\u00f3n del patrimonio del sureste\",\"datePublished\":\"2020-12-08T15:00:51+00:00\",\"mainEntityOfPage\":{\"@id\":\"https:\\\/\\\/centrourbano.com\\\/revista\\\/arquitectura-2\\\/unesco-patrimonio-sureste\\\/\"},\"wordCount\":442,\"commentCount\":0,\"publisher\":{\"@id\":\"https:\\\/\\\/centrourbano.com\\\/revista\\\/#organization\"},\"image\":{\"@id\":\"https:\\\/\\\/centrourbano.com\\\/revista\\\/arquitectura-2\\\/unesco-patrimonio-sureste\\\/#primaryimage\"},\"thumbnailUrl\":\"https:\\\/\\\/centrourbano.com\\\/revista\\\/wp-content\\\/uploads\\\/Unesco-contribuira-a-la-preservacion-del-patrimonio-del-sureste.jpg\",\"keywords\":[\"Convenio de colaboraci\u00f3n\",\"Fonatur\",\"patrimonio cultural\",\"Tren Maya\",\"Unesco\"],\"articleSection\":[\"Arquitectura\",\"Construcci\u00f3n\"],\"inLanguage\":\"es\",\"potentialAction\":[{\"@type\":\"CommentAction\",\"name\":\"Comment\",\"target\":[\"https:\\\/\\\/centrourbano.com\\\/revista\\\/arquitectura-2\\\/unesco-patrimonio-sureste\\\/#respond\"]}]},{\"@type\":\"WebPage\",\"@id\":\"https:\\\/\\\/centrourbano.com\\\/revista\\\/arquitectura-2\\\/unesco-patrimonio-sureste\\\/\",\"url\":\"https:\\\/\\\/centrourbano.com\\\/revista\\\/arquitectura-2\\\/unesco-patrimonio-sureste\\\/\",\"name\":\"Unesco contribuir\u00e1 a la preservaci\u00f3n del patrimonio del sureste\",\"isPartOf\":{\"@id\":\"https:\\\/\\\/centrourbano.com\\\/revista\\\/#website\"},\"primaryImageOfPage\":{\"@id\":\"https:\\\/\\\/centrourbano.com\\\/revista\\\/arquitectura-2\\\/unesco-patrimonio-sureste\\\/#primaryimage\"},\"image\":{\"@id\":\"https:\\\/\\\/centrourbano.com\\\/revista\\\/arquitectura-2\\\/unesco-patrimonio-sureste\\\/#primaryimage\"},\"thumbnailUrl\":\"https:\\\/\\\/centrourbano.com\\\/revista\\\/wp-content\\\/uploads\\\/Unesco-contribuira-a-la-preservacion-del-patrimonio-del-sureste.jpg\",\"datePublished\":\"2020-12-08T15:00:51+00:00\",\"description\":\"La Unesco velar\u00e1 por el fomento de un desarrollo sostenible en la ruta del Tren Maya, que parta del reconocimiento de la cultura\",\"breadcrumb\":{\"@id\":\"https:\\\/\\\/centrourbano.com\\\/revista\\\/arquitectura-2\\\/unesco-patrimonio-sureste\\\/#breadcrumb\"},\"inLanguage\":\"es\",\"potentialAction\":[{\"@type\":\"ReadAction\",\"target\":[\"https:\\\/\\\/centrourbano.com\\\/revista\\\/arquitectura-2\\\/unesco-patrimonio-sureste\\\/\"]}]},{\"@type\":\"ImageObject\",\"inLanguage\":\"es\",\"@id\":\"https:\\\/\\\/centrourbano.com\\\/revista\\\/arquitectura-2\\\/unesco-patrimonio-sureste\\\/#primaryimage\",\"url\":\"https:\\\/\\\/centrourbano.com\\\/revista\\\/wp-content\\\/uploads\\\/Unesco-contribuira-a-la-preservacion-del-patrimonio-del-sureste.jpg\",\"contentUrl\":\"https:\\\/\\\/centrourbano.com\\\/revista\\\/wp-content\\\/uploads\\\/Unesco-contribuira-a-la-preservacion-del-patrimonio-del-sureste.jpg\",\"width\":800,\"height\":433,\"caption\":\"La oficina de la Unesco en M\u00e9xico velar\u00e1 por el fomento de un desarrollo sostenible en la ruta del Tren Maya, que parta del reconocimiento y valoraci\u00f3n de la cultura del sureste\"},{\"@type\":\"BreadcrumbList\",\"@id\":\"https:\\\/\\\/centrourbano.com\\\/revista\\\/arquitectura-2\\\/unesco-patrimonio-sureste\\\/#breadcrumb\",\"itemListElement\":[{\"@type\":\"ListItem\",\"position\":1,\"name\":\"Portada\",\"item\":\"https:\\\/\\\/centrourbano.com\\\/revista\\\/\"},{\"@type\":\"ListItem\",\"position\":2,\"name\":\"Unesco contribuir\u00e1 a la preservaci\u00f3n del patrimonio del sureste\"}]},{\"@type\":\"WebSite\",\"@id\":\"https:\\\/\\\/centrourbano.com\\\/revista\\\/#website\",\"url\":\"https:\\\/\\\/centrourbano.com\\\/revista\\\/\",\"name\":\"Centro Urbano\",\"description\":\"Medio especializado en los sectores vivienda, inmobiliario, construcci\u00f3n, arquitectura y urbanismo.\",\"publisher\":{\"@id\":\"https:\\\/\\\/centrourbano.com\\\/revista\\\/#organization\"},\"potentialAction\":[{\"@type\":\"SearchAction\",\"target\":{\"@type\":\"EntryPoint\",\"urlTemplate\":\"https:\\\/\\\/centrourbano.com\\\/revista\\\/?s={search_term_string}\"},\"query-input\":{\"@type\":\"PropertyValueSpecification\",\"valueRequired\":true,\"valueName\":\"search_term_string\"}}],\"inLanguage\":\"es\"},{\"@type\":\"Organization\",\"@id\":\"https:\\\/\\\/centrourbano.com\\\/revista\\\/#organization\",\"name\":\"Centro Urbano\",\"url\":\"https:\\\/\\\/centrourbano.com\\\/revista\\\/\",\"logo\":{\"@type\":\"ImageObject\",\"inLanguage\":\"es\",\"@id\":\"https:\\\/\\\/centrourbano.com\\\/revista\\\/#\\\/schema\\\/logo\\\/image\\\/\",\"url\":\"https:\\\/\\\/centrourbano.com\\\/revista\\\/wp-content\\\/uploads\\\/web_CU_logo-1.png\",\"contentUrl\":\"https:\\\/\\\/centrourbano.com\\\/revista\\\/wp-content\\\/uploads\\\/web_CU_logo-1.png\",\"width\":350,\"height\":91,\"caption\":\"Centro Urbano\"},\"image\":{\"@id\":\"https:\\\/\\\/centrourbano.com\\\/revista\\\/#\\\/schema\\\/logo\\\/image\\\/\"},\"sameAs\":[\"https:\\\/\\\/www.facebook.com\\\/portalcentrourbano\",\"https:\\\/\\\/x.com\\\/CentroUrbano\",\"https:\\\/\\\/www.instagram.com\\\/centro_urbano\\\/\",\"https:\\\/\\\/www.linkedin.com\\\/company\\\/centro-urbano\\\/\",\"http:\\\/\\\/www.youtube.com\\\/user\\\/portalcentrourbano\"]},{\"@type\":\"Person\",\"@id\":\"https:\\\/\\\/centrourbano.com\\\/revista\\\/#\\\/schema\\\/person\\\/b190b20bbbceb41ec72278c546fa8df3\",\"name\":\"Fernanda Hern\u00e1ndez\",\"image\":{\"@type\":\"ImageObject\",\"inLanguage\":\"es\",\"@id\":\"https:\\\/\\\/secure.gravatar.com\\\/avatar\\\/9471831fb0a24eae9d32d826a7cb8ef07c34a41520aca1a0ab1f5c0903ba49b9?s=96&d=mm&r=g\",\"url\":\"https:\\\/\\\/secure.gravatar.com\\\/avatar\\\/9471831fb0a24eae9d32d826a7cb8ef07c34a41520aca1a0ab1f5c0903ba49b9?s=96&d=mm&r=g\",\"contentUrl\":\"https:\\\/\\\/secure.gravatar.com\\\/avatar\\\/9471831fb0a24eae9d32d826a7cb8ef07c34a41520aca1a0ab1f5c0903ba49b9?s=96&d=mm&r=g\",\"caption\":\"Fernanda Hern\u00e1ndez\"},\"description\":\"Reportera y redactora en Centro Urbano. Soy egresada de la licenciatura en Ciencias de la Comunicaci\u00f3n de la Facultad de Ciencias Pol\u00edticas y Sociales (UNAM). Me interesa la cultura, el urbanismo y la arquitectura. Amante del mundo digital, el cine, la m\u00fasica, la lectura y la escritura.\",\"sameAs\":[\"https:\\\/\\\/x.com\\\/https:\\\/\\\/twitter.com\\\/Nannz_Hernandez\"],\"url\":\"https:\\\/\\\/centrourbano.com\\\/revista\\\/author\\\/fernanda-hernandez\\\/\"}]}<\/script>\n<!-- \/ Yoast SEO plugin. -->","yoast_head_json":{"title":"Unesco contribuir\u00e1 a la preservaci\u00f3n del patrimonio del sureste","description":"La Unesco velar\u00e1 por el fomento de un desarrollo sostenible en la ruta del Tren Maya, que parta del reconocimiento de la cultura","robots":{"index":"index","follow":"follow","max-snippet":"max-snippet:-1","max-image-preview":"max-image-preview:large","max-video-preview":"max-video-preview:-1"},"canonical":"https:\/\/centrourbano.com\/revista\/arquitectura-2\/unesco-patrimonio-sureste\/","og_locale":"es_ES","og_type":"article","og_title":"Unesco contribuir\u00e1 a la preservaci\u00f3n del patrimonio del sureste","og_description":"La Unesco velar\u00e1 por el fomento de un desarrollo sostenible en la ruta del Tren Maya, que parta del reconocimiento de la cultura","og_url":"https:\/\/centrourbano.com\/revista\/arquitectura-2\/unesco-patrimonio-sureste\/","og_site_name":"Centro Urbano","article_publisher":"https:\/\/www.facebook.com\/portalcentrourbano","article_published_time":"2020-12-08T15:00:51+00:00","og_image":[{"width":800,"height":433,"url":"https:\/\/centrourbano.com\/revista\/wp-content\/uploads\/Unesco-contribuira-a-la-preservacion-del-patrimonio-del-sureste.jpg","type":"image\/jpeg"}],"author":"Fernanda Hern\u00e1ndez","twitter_card":"summary_large_image","twitter_creator":"@https:\/\/twitter.com\/Nannz_Hernandez","twitter_site":"@CentroUrbano","twitter_misc":{"Escrito por":"Fernanda Hern\u00e1ndez","Tiempo de lectura":"2 minutos"},"schema":{"@context":"https:\/\/schema.org","@graph":[{"@type":"Article","@id":"https:\/\/centrourbano.com\/revista\/arquitectura-2\/unesco-patrimonio-sureste\/#article","isPartOf":{"@id":"https:\/\/centrourbano.com\/revista\/arquitectura-2\/unesco-patrimonio-sureste\/"},"author":{"name":"Fernanda Hern\u00e1ndez","@id":"https:\/\/centrourbano.com\/revista\/#\/schema\/person\/b190b20bbbceb41ec72278c546fa8df3"},"headline":"Unesco contribuir\u00e1 a la preservaci\u00f3n del patrimonio del sureste","datePublished":"2020-12-08T15:00:51+00:00","mainEntityOfPage":{"@id":"https:\/\/centrourbano.com\/revista\/arquitectura-2\/unesco-patrimonio-sureste\/"},"wordCount":442,"commentCount":0,"publisher":{"@id":"https:\/\/centrourbano.com\/revista\/#organization"},"image":{"@id":"https:\/\/centrourbano.com\/revista\/arquitectura-2\/unesco-patrimonio-sureste\/#primaryimage"},"thumbnailUrl":"https:\/\/centrourbano.com\/revista\/wp-content\/uploads\/Unesco-contribuira-a-la-preservacion-del-patrimonio-del-sureste.jpg","keywords":["Convenio de colaboraci\u00f3n","Fonatur","patrimonio cultural","Tren Maya","Unesco"],"articleSection":["Arquitectura","Construcci\u00f3n"],"inLanguage":"es","potentialAction":[{"@type":"CommentAction","name":"Comment","target":["https:\/\/centrourbano.com\/revista\/arquitectura-2\/unesco-patrimonio-sureste\/#respond"]}]},{"@type":"WebPage","@id":"https:\/\/centrourbano.com\/revista\/arquitectura-2\/unesco-patrimonio-sureste\/","url":"https:\/\/centrourbano.com\/revista\/arquitectura-2\/unesco-patrimonio-sureste\/","name":"Unesco contribuir\u00e1 a la preservaci\u00f3n del patrimonio del sureste","isPartOf":{"@id":"https:\/\/centrourbano.com\/revista\/#website"},"primaryImageOfPage":{"@id":"https:\/\/centrourbano.com\/revista\/arquitectura-2\/unesco-patrimonio-sureste\/#primaryimage"},"image":{"@id":"https:\/\/centrourbano.com\/revista\/arquitectura-2\/unesco-patrimonio-sureste\/#primaryimage"},"thumbnailUrl":"https:\/\/centrourbano.com\/revista\/wp-content\/uploads\/Unesco-contribuira-a-la-preservacion-del-patrimonio-del-sureste.jpg","datePublished":"2020-12-08T15:00:51+00:00","description":"La Unesco velar\u00e1 por el fomento de un desarrollo sostenible en la ruta del Tren Maya, que parta del reconocimiento de la cultura","breadcrumb":{"@id":"https:\/\/centrourbano.com\/revista\/arquitectura-2\/unesco-patrimonio-sureste\/#breadcrumb"},"inLanguage":"es","potentialAction":[{"@type":"ReadAction","target":["https:\/\/centrourbano.com\/revista\/arquitectura-2\/unesco-patrimonio-sureste\/"]}]},{"@type":"ImageObject","inLanguage":"es","@id":"https:\/\/centrourbano.com\/revista\/arquitectura-2\/unesco-patrimonio-sureste\/#primaryimage","url":"https:\/\/centrourbano.com\/revista\/wp-content\/uploads\/Unesco-contribuira-a-la-preservacion-del-patrimonio-del-sureste.jpg","contentUrl":"https:\/\/centrourbano.com\/revista\/wp-content\/uploads\/Unesco-contribuira-a-la-preservacion-del-patrimonio-del-sureste.jpg","width":800,"height":433,"caption":"La oficina de la Unesco en M\u00e9xico velar\u00e1 por el fomento de un desarrollo sostenible en la ruta del Tren Maya, que parta del reconocimiento y valoraci\u00f3n de la cultura del sureste"},{"@type":"BreadcrumbList","@id":"https:\/\/centrourbano.com\/revista\/arquitectura-2\/unesco-patrimonio-sureste\/#breadcrumb","itemListElement":[{"@type":"ListItem","position":1,"name":"Portada","item":"https:\/\/centrourbano.com\/revista\/"},{"@type":"ListItem","position":2,"name":"Unesco contribuir\u00e1 a la preservaci\u00f3n del patrimonio del sureste"}]},{"@type":"WebSite","@id":"https:\/\/centrourbano.com\/revista\/#website","url":"https:\/\/centrourbano.com\/revista\/","name":"Centro Urbano","description":"Medio especializado en los sectores vivienda, inmobiliario, construcci\u00f3n, arquitectura y urbanismo.","publisher":{"@id":"https:\/\/centrourbano.com\/revista\/#organization"},"potentialAction":[{"@type":"SearchAction","target":{"@type":"EntryPoint","urlTemplate":"https:\/\/centrourbano.com\/revista\/?s={search_term_string}"},"query-input":{"@type":"PropertyValueSpecification","valueRequired":true,"valueName":"search_term_string"}}],"inLanguage":"es"},{"@type":"Organization","@id":"https:\/\/centrourbano.com\/revista\/#organization","name":"Centro Urbano","url":"https:\/\/centrourbano.com\/revista\/","logo":{"@type":"ImageObject","inLanguage":"es","@id":"https:\/\/centrourbano.com\/revista\/#\/schema\/logo\/image\/","url":"https:\/\/centrourbano.com\/revista\/wp-content\/uploads\/web_CU_logo-1.png","contentUrl":"https:\/\/centrourbano.com\/revista\/wp-content\/uploads\/web_CU_logo-1.png","width":350,"height":91,"caption":"Centro Urbano"},"image":{"@id":"https:\/\/centrourbano.com\/revista\/#\/schema\/logo\/image\/"},"sameAs":["https:\/\/www.facebook.com\/portalcentrourbano","https:\/\/x.com\/CentroUrbano","https:\/\/www.instagram.com\/centro_urbano\/","https:\/\/www.linkedin.com\/company\/centro-urbano\/","http:\/\/www.youtube.com\/user\/portalcentrourbano"]},{"@type":"Person","@id":"https:\/\/centrourbano.com\/revista\/#\/schema\/person\/b190b20bbbceb41ec72278c546fa8df3","name":"Fernanda Hern\u00e1ndez","image":{"@type":"ImageObject","inLanguage":"es","@id":"https:\/\/secure.gravatar.com\/avatar\/9471831fb0a24eae9d32d826a7cb8ef07c34a41520aca1a0ab1f5c0903ba49b9?s=96&d=mm&r=g","url":"https:\/\/secure.gravatar.com\/avatar\/9471831fb0a24eae9d32d826a7cb8ef07c34a41520aca1a0ab1f5c0903ba49b9?s=96&d=mm&r=g","contentUrl":"https:\/\/secure.gravatar.com\/avatar\/9471831fb0a24eae9d32d826a7cb8ef07c34a41520aca1a0ab1f5c0903ba49b9?s=96&d=mm&r=g","caption":"Fernanda Hern\u00e1ndez"},"description":"Reportera y redactora en Centro Urbano. Soy egresada de la licenciatura en Ciencias de la Comunicaci\u00f3n de la Facultad de Ciencias Pol\u00edticas y Sociales (UNAM). Me interesa la cultura, el urbanismo y la arquitectura. Amante del mundo digital, el cine, la m\u00fasica, la lectura y la escritura.","sameAs":["https:\/\/x.com\/https:\/\/twitter.com\/Nannz_Hernandez"],"url":"https:\/\/centrourbano.com\/revista\/author\/fernanda-hernandez\/"}]}},"_links":{"self":[{"href":"https:\/\/centrourbano.com\/revista\/wp-json\/wp\/v2\/posts\/113339","targetHints":{"allow":["GET"]}}],"collection":[{"href":"https:\/\/centrourbano.com\/revista\/wp-json\/wp\/v2\/posts"}],"about":[{"href":"https:\/\/centrourbano.com\/revista\/wp-json\/wp\/v2\/types\/post"}],"author":[{"embeddable":true,"href":"https:\/\/centrourbano.com\/revista\/wp-json\/wp\/v2\/users\/73"}],"replies":[{"embeddable":true,"href":"https:\/\/centrourbano.com\/revista\/wp-json\/wp\/v2\/comments?post=113339"}],"version-history":[{"count":1,"href":"https:\/\/centrourbano.com\/revista\/wp-json\/wp\/v2\/posts\/113339\/revisions"}],"predecessor-version":[{"id":113341,"href":"https:\/\/centrourbano.com\/revista\/wp-json\/wp\/v2\/posts\/113339\/revisions\/113341"}],"wp:featuredmedia":[{"embeddable":true,"href":"https:\/\/centrourbano.com\/revista\/wp-json\/wp\/v2\/media\/113340"}],"wp:attachment":[{"href":"https:\/\/centrourbano.com\/revista\/wp-json\/wp\/v2\/media?parent=113339"}],"wp:term":[{"taxonomy":"category","embeddable":true,"href":"https:\/\/centrourbano.com\/revista\/wp-json\/wp\/v2\/categories?post=113339"},{"taxonomy":"post_tag","embeddable":true,"href":"https:\/\/centrourbano.com\/revista\/wp-json\/wp\/v2\/tags?post=113339"}],"curies":[{"name":"wp","href":"https:\/\/api.w.org\/{rel}","templated":true}]}}