{"id":113141,"date":"2020-11-24T17:31:03","date_gmt":"2020-11-24T23:31:03","guid":{"rendered":"https:\/\/centrourbano.com\/?p=113141"},"modified":"2020-11-24T17:31:03","modified_gmt":"2020-11-24T23:31:03","slug":"valor-produccion-constructoras-inegi","status":"publish","type":"post","link":"https:\/\/centrourbano.com\/revista\/construccion\/valor-produccion-constructoras-inegi\/","title":{"rendered":"Valor de producci\u00f3n en constructoras aumenta 0.2% en septiembre: Inegi"},"content":{"rendered":"<p><em>Frente a 2019, el valor real de la producci\u00f3n de las constructoras mostr\u00f3 una reducci\u00f3n de -25.9%, el personal ocupado total de -19.8% y las horas trabajadas retrocedieron -20.9%<\/em><!--more--><\/p>\n<p>Seg\u00fan datos de la <strong>Encuesta Nacional de Empresas Constructoras<\/strong> (<a href=\"https:\/\/www.inegi.org.mx\/programas\/enec\/2013\/\" target=\"_blank\" rel=\"noopener noreferrer\"><strong>ENEC<\/strong><\/a>), del <strong>Instituto Nacional de Estad\u00edstica y Geograf\u00eda<\/strong> (<strong>Inegi<\/strong>), al cierre de septiembre de 2020, el <strong>valor de la producci\u00f3n<\/strong> generado por las empresas constructoras registr\u00f3 un aumento de 0.2% respecto al mes anterior.<\/p>\n<p>Cabe mencionar que este indicador ha crecido por cuatro meses consecutivos en una peque\u00f1a proporci\u00f3n, tras haber colapsado al menor nivel registrado en mayo pasado, debido al cierre de algunas industrias por la <strong>pandemia de Covid-19<\/strong>.<\/p>\n<a href=\"https:\/\/centrourbano.com\/revista\/wp-content\/uploads\/valor-produccion.png\" target=\"_blank\" rel=\"noopener noreferrer\"><img loading=\"lazy\" decoding=\"async\" class=\"aligncenter wp-image-113144 \" src=\"https:\/\/centrourbano.com\/revista\/wp-content\/uploads\/valor-produccion.png\" alt=\"\" width=\"532\" height=\"400\" srcset=\"https:\/\/centrourbano.com\/revista\/wp-content\/uploads\/valor-produccion.png 591w, https:\/\/centrourbano.com\/revista\/wp-content\/uploads\/valor-produccion-300x225.png 300w, https:\/\/centrourbano.com\/revista\/wp-content\/uploads\/valor-produccion-100x75.png 100w\" sizes=\"auto, (max-width: 532px) 100vw, 532px\" \/><\/a>\n<p>No obstante, las <strong>constructoras mexicanas<\/strong> atraviesan momentos complejos desde hace m\u00e1s de dos a\u00f1os. El a\u00f1o pasado registr\u00f3 contracciones de hasta 16%, y se profundiz\u00f3 con la crisis actual al reportar las ca\u00eddas m\u00e1s altas de la historia.<\/p>\n<p>El <strong>Inegi<\/strong> tambi\u00e9n destac\u00f3 que el <strong>personal ocupado<\/strong> total present\u00f3 un incremento de 0.1% respecto al mes precedente; mientras que las <strong>horas trabajadas<\/strong> y las <strong>remuneraciones medias<\/strong> reales descendieron en un 0.8% y 0.6%, respectivamente.<\/p>\n<a href=\"https:\/\/centrourbano.com\/revista\/wp-content\/uploads\/personal.png\" target=\"_blank\" rel=\"noopener noreferrer\"><img loading=\"lazy\" decoding=\"async\" class=\"aligncenter wp-image-113145 \" src=\"https:\/\/centrourbano.com\/revista\/wp-content\/uploads\/personal.png\" alt=\"\" width=\"543\" height=\"400\" srcset=\"https:\/\/centrourbano.com\/revista\/wp-content\/uploads\/personal.png 596w, https:\/\/centrourbano.com\/revista\/wp-content\/uploads\/personal-300x221.png 300w, https:\/\/centrourbano.com\/revista\/wp-content\/uploads\/personal-100x75.png 100w\" sizes=\"auto, (max-width: 543px) 100vw, 543px\" \/><\/a>\n<p>Sin embargo, frente al 2019, el valor real de la <strong>producci\u00f3n<\/strong> de las empresas constructoras mostr\u00f3 una reducci\u00f3n de 25.9%; el <strong>personal ocupado<\/strong> total se redujo 19.8% y las <strong>horas trabajadas<\/strong> retrocedieron -20.9%.<\/p>\n<p>En tanto, las <strong>remuneraciones medias<\/strong> reales crecieron 1.5% en septiembre de 2020 frente al mismo mes de un a\u00f1o antes.<\/p>\n","protected":false},"excerpt":{"rendered":"<p>Frente a 2019, el valor real de la producci\u00f3n de las constructoras mostr\u00f3 una reducci\u00f3n de -25.9%, el personal ocupado total de -19.8% y las horas trabajadas retrocedieron -20.9%<\/p>\n","protected":false},"author":73,"featured_media":113142,"comment_status":"open","ping_status":"closed","sticky":false,"template":"","format":"standard","meta":{"om_disable_all_campaigns":false,"inline_featured_image":false,"_monsterinsights_skip_tracking":false,"_monsterinsights_sitenote_active":false,"_monsterinsights_sitenote_note":"","_monsterinsights_sitenote_category":0,"footnotes":""},"categories":[17827,14],"tags":[2421,17784,16413,430,13971,13972,6305],"class_list":["post-113141","post","type-post","status-publish","format-standard","has-post-thumbnail","hentry","category-cobertura-covid-19","category-construccion","tag-constructoras","tag-covid-19","tag-enec","tag-inegi","tag-personal","tag-remuneraciones","tag-valor-de-produccion"],"yoast_head":"<!-- This site is optimized with the Yoast SEO plugin v27.4 - https:\/\/yoast.com\/product\/yoast-seo-wordpress\/ -->\n<title>Valor de producci\u00f3n en constructoras aumenta 0.2% en septiembre: Inegi<\/title>\n<meta name=\"description\" content=\"Frente a 2019, el valor real de la producci\u00f3n de las constructoras mostr\u00f3 una reducci\u00f3n de -25.9% y el personal ocupado total de -19.8%\" \/>\n<meta name=\"robots\" content=\"index, follow, max-snippet:-1, max-image-preview:large, max-video-preview:-1\" \/>\n<link rel=\"canonical\" href=\"https:\/\/centrourbano.com\/revista\/construccion\/valor-produccion-constructoras-inegi\/\" \/>\n<meta property=\"og:locale\" content=\"es_ES\" \/>\n<meta property=\"og:type\" content=\"article\" \/>\n<meta property=\"og:title\" content=\"Valor de producci\u00f3n en constructoras aumenta 0.2% en septiembre: Inegi\" \/>\n<meta property=\"og:description\" content=\"Frente a 2019, el valor real de la producci\u00f3n de las constructoras mostr\u00f3 una reducci\u00f3n de -25.9% y el personal ocupado total de -19.8%\" \/>\n<meta property=\"og:url\" content=\"https:\/\/centrourbano.com\/revista\/construccion\/valor-produccion-constructoras-inegi\/\" \/>\n<meta property=\"og:site_name\" content=\"Centro Urbano\" \/>\n<meta property=\"article:publisher\" content=\"https:\/\/www.facebook.com\/portalcentrourbano\" \/>\n<meta property=\"article:published_time\" content=\"2020-11-24T23:31:03+00:00\" \/>\n<meta property=\"og:image\" content=\"https:\/\/centrourbano.com\/revista\/wp-content\/uploads\/Valor-de-produccion-en-constructoras-aumenta-0.2-en-septiembre-Inegi.jpg\" \/>\n\t<meta property=\"og:image:width\" content=\"800\" \/>\n\t<meta property=\"og:image:height\" content=\"440\" \/>\n\t<meta property=\"og:image:type\" content=\"image\/jpeg\" \/>\n<meta name=\"author\" content=\"Fernanda Hern\u00e1ndez\" \/>\n<meta name=\"twitter:card\" content=\"summary_large_image\" \/>\n<meta name=\"twitter:creator\" content=\"@https:\/\/twitter.com\/Nannz_Hernandez\" \/>\n<meta name=\"twitter:site\" content=\"@CentroUrbano\" \/>\n<meta name=\"twitter:label1\" content=\"Escrito por\" \/>\n\t<meta name=\"twitter:data1\" content=\"Fernanda Hern\u00e1ndez\" \/>\n\t<meta name=\"twitter:label2\" content=\"Tiempo de lectura\" \/>\n\t<meta name=\"twitter:data2\" content=\"1 minuto\" \/>\n<script type=\"application\/ld+json\" class=\"yoast-schema-graph\">{\"@context\":\"https:\\\/\\\/schema.org\",\"@graph\":[{\"@type\":\"Article\",\"@id\":\"https:\\\/\\\/centrourbano.com\\\/revista\\\/construccion\\\/valor-produccion-constructoras-inegi\\\/#article\",\"isPartOf\":{\"@id\":\"https:\\\/\\\/centrourbano.com\\\/revista\\\/construccion\\\/valor-produccion-constructoras-inegi\\\/\"},\"author\":{\"name\":\"Fernanda Hern\u00e1ndez\",\"@id\":\"https:\\\/\\\/centrourbano.com\\\/revista\\\/#\\\/schema\\\/person\\\/b190b20bbbceb41ec72278c546fa8df3\"},\"headline\":\"Valor de producci\u00f3n en constructoras aumenta 0.2% en septiembre: Inegi\",\"datePublished\":\"2020-11-24T23:31:03+00:00\",\"mainEntityOfPage\":{\"@id\":\"https:\\\/\\\/centrourbano.com\\\/revista\\\/construccion\\\/valor-produccion-constructoras-inegi\\\/\"},\"wordCount\":249,\"commentCount\":0,\"publisher\":{\"@id\":\"https:\\\/\\\/centrourbano.com\\\/revista\\\/#organization\"},\"image\":{\"@id\":\"https:\\\/\\\/centrourbano.com\\\/revista\\\/construccion\\\/valor-produccion-constructoras-inegi\\\/#primaryimage\"},\"thumbnailUrl\":\"https:\\\/\\\/centrourbano.com\\\/revista\\\/wp-content\\\/uploads\\\/Valor-de-produccion-en-constructoras-aumenta-0.2-en-septiembre-Inegi.jpg\",\"keywords\":[\"constructoras\",\"COVID-19\",\"ENEC\",\"Inegi\",\"personal\",\"remuneraciones\",\"valor de producci\u00f3n\"],\"articleSection\":[\"Cobertura Covid-19\",\"Construcci\u00f3n\"],\"inLanguage\":\"es\",\"potentialAction\":[{\"@type\":\"CommentAction\",\"name\":\"Comment\",\"target\":[\"https:\\\/\\\/centrourbano.com\\\/revista\\\/construccion\\\/valor-produccion-constructoras-inegi\\\/#respond\"]}]},{\"@type\":\"WebPage\",\"@id\":\"https:\\\/\\\/centrourbano.com\\\/revista\\\/construccion\\\/valor-produccion-constructoras-inegi\\\/\",\"url\":\"https:\\\/\\\/centrourbano.com\\\/revista\\\/construccion\\\/valor-produccion-constructoras-inegi\\\/\",\"name\":\"Valor de producci\u00f3n en constructoras aumenta 0.2% en septiembre: Inegi\",\"isPartOf\":{\"@id\":\"https:\\\/\\\/centrourbano.com\\\/revista\\\/#website\"},\"primaryImageOfPage\":{\"@id\":\"https:\\\/\\\/centrourbano.com\\\/revista\\\/construccion\\\/valor-produccion-constructoras-inegi\\\/#primaryimage\"},\"image\":{\"@id\":\"https:\\\/\\\/centrourbano.com\\\/revista\\\/construccion\\\/valor-produccion-constructoras-inegi\\\/#primaryimage\"},\"thumbnailUrl\":\"https:\\\/\\\/centrourbano.com\\\/revista\\\/wp-content\\\/uploads\\\/Valor-de-produccion-en-constructoras-aumenta-0.2-en-septiembre-Inegi.jpg\",\"datePublished\":\"2020-11-24T23:31:03+00:00\",\"description\":\"Frente a 2019, el valor real de la producci\u00f3n de las constructoras mostr\u00f3 una reducci\u00f3n de -25.9% y el personal ocupado total de -19.8%\",\"breadcrumb\":{\"@id\":\"https:\\\/\\\/centrourbano.com\\\/revista\\\/construccion\\\/valor-produccion-constructoras-inegi\\\/#breadcrumb\"},\"inLanguage\":\"es\",\"potentialAction\":[{\"@type\":\"ReadAction\",\"target\":[\"https:\\\/\\\/centrourbano.com\\\/revista\\\/construccion\\\/valor-produccion-constructoras-inegi\\\/\"]}]},{\"@type\":\"ImageObject\",\"inLanguage\":\"es\",\"@id\":\"https:\\\/\\\/centrourbano.com\\\/revista\\\/construccion\\\/valor-produccion-constructoras-inegi\\\/#primaryimage\",\"url\":\"https:\\\/\\\/centrourbano.com\\\/revista\\\/wp-content\\\/uploads\\\/Valor-de-produccion-en-constructoras-aumenta-0.2-en-septiembre-Inegi.jpg\",\"contentUrl\":\"https:\\\/\\\/centrourbano.com\\\/revista\\\/wp-content\\\/uploads\\\/Valor-de-produccion-en-constructoras-aumenta-0.2-en-septiembre-Inegi.jpg\",\"width\":800,\"height\":440,\"caption\":\"Frente a 2019, el valor real de la producci\u00f3n de las constructoras mostr\u00f3 una reducci\u00f3n de -25.9% y el personal ocupado total de -19.8%\"},{\"@type\":\"BreadcrumbList\",\"@id\":\"https:\\\/\\\/centrourbano.com\\\/revista\\\/construccion\\\/valor-produccion-constructoras-inegi\\\/#breadcrumb\",\"itemListElement\":[{\"@type\":\"ListItem\",\"position\":1,\"name\":\"Portada\",\"item\":\"https:\\\/\\\/centrourbano.com\\\/revista\\\/\"},{\"@type\":\"ListItem\",\"position\":2,\"name\":\"Valor de producci\u00f3n en constructoras aumenta 0.2% en septiembre: Inegi\"}]},{\"@type\":\"WebSite\",\"@id\":\"https:\\\/\\\/centrourbano.com\\\/revista\\\/#website\",\"url\":\"https:\\\/\\\/centrourbano.com\\\/revista\\\/\",\"name\":\"Centro Urbano\",\"description\":\"Medio especializado en los sectores vivienda, inmobiliario, construcci\u00f3n, arquitectura y urbanismo.\",\"publisher\":{\"@id\":\"https:\\\/\\\/centrourbano.com\\\/revista\\\/#organization\"},\"potentialAction\":[{\"@type\":\"SearchAction\",\"target\":{\"@type\":\"EntryPoint\",\"urlTemplate\":\"https:\\\/\\\/centrourbano.com\\\/revista\\\/?s={search_term_string}\"},\"query-input\":{\"@type\":\"PropertyValueSpecification\",\"valueRequired\":true,\"valueName\":\"search_term_string\"}}],\"inLanguage\":\"es\"},{\"@type\":\"Organization\",\"@id\":\"https:\\\/\\\/centrourbano.com\\\/revista\\\/#organization\",\"name\":\"Centro Urbano\",\"url\":\"https:\\\/\\\/centrourbano.com\\\/revista\\\/\",\"logo\":{\"@type\":\"ImageObject\",\"inLanguage\":\"es\",\"@id\":\"https:\\\/\\\/centrourbano.com\\\/revista\\\/#\\\/schema\\\/logo\\\/image\\\/\",\"url\":\"https:\\\/\\\/centrourbano.com\\\/revista\\\/wp-content\\\/uploads\\\/web_CU_logo-1.png\",\"contentUrl\":\"https:\\\/\\\/centrourbano.com\\\/revista\\\/wp-content\\\/uploads\\\/web_CU_logo-1.png\",\"width\":350,\"height\":91,\"caption\":\"Centro Urbano\"},\"image\":{\"@id\":\"https:\\\/\\\/centrourbano.com\\\/revista\\\/#\\\/schema\\\/logo\\\/image\\\/\"},\"sameAs\":[\"https:\\\/\\\/www.facebook.com\\\/portalcentrourbano\",\"https:\\\/\\\/x.com\\\/CentroUrbano\",\"https:\\\/\\\/www.instagram.com\\\/centro_urbano\\\/\",\"https:\\\/\\\/www.linkedin.com\\\/company\\\/centro-urbano\\\/\",\"http:\\\/\\\/www.youtube.com\\\/user\\\/portalcentrourbano\"]},{\"@type\":\"Person\",\"@id\":\"https:\\\/\\\/centrourbano.com\\\/revista\\\/#\\\/schema\\\/person\\\/b190b20bbbceb41ec72278c546fa8df3\",\"name\":\"Fernanda Hern\u00e1ndez\",\"image\":{\"@type\":\"ImageObject\",\"inLanguage\":\"es\",\"@id\":\"https:\\\/\\\/secure.gravatar.com\\\/avatar\\\/9471831fb0a24eae9d32d826a7cb8ef07c34a41520aca1a0ab1f5c0903ba49b9?s=96&d=mm&r=g\",\"url\":\"https:\\\/\\\/secure.gravatar.com\\\/avatar\\\/9471831fb0a24eae9d32d826a7cb8ef07c34a41520aca1a0ab1f5c0903ba49b9?s=96&d=mm&r=g\",\"contentUrl\":\"https:\\\/\\\/secure.gravatar.com\\\/avatar\\\/9471831fb0a24eae9d32d826a7cb8ef07c34a41520aca1a0ab1f5c0903ba49b9?s=96&d=mm&r=g\",\"caption\":\"Fernanda Hern\u00e1ndez\"},\"description\":\"Reportera y redactora en Centro Urbano. Soy egresada de la licenciatura en Ciencias de la Comunicaci\u00f3n de la Facultad de Ciencias Pol\u00edticas y Sociales (UNAM). Me interesa la cultura, el urbanismo y la arquitectura. Amante del mundo digital, el cine, la m\u00fasica, la lectura y la escritura.\",\"sameAs\":[\"https:\\\/\\\/x.com\\\/https:\\\/\\\/twitter.com\\\/Nannz_Hernandez\"],\"url\":\"https:\\\/\\\/centrourbano.com\\\/revista\\\/author\\\/fernanda-hernandez\\\/\"}]}<\/script>\n<!-- \/ Yoast SEO plugin. -->","yoast_head_json":{"title":"Valor de producci\u00f3n en constructoras aumenta 0.2% en septiembre: Inegi","description":"Frente a 2019, el valor real de la producci\u00f3n de las constructoras mostr\u00f3 una reducci\u00f3n de -25.9% y el personal ocupado total de -19.8%","robots":{"index":"index","follow":"follow","max-snippet":"max-snippet:-1","max-image-preview":"max-image-preview:large","max-video-preview":"max-video-preview:-1"},"canonical":"https:\/\/centrourbano.com\/revista\/construccion\/valor-produccion-constructoras-inegi\/","og_locale":"es_ES","og_type":"article","og_title":"Valor de producci\u00f3n en constructoras aumenta 0.2% en septiembre: Inegi","og_description":"Frente a 2019, el valor real de la producci\u00f3n de las constructoras mostr\u00f3 una reducci\u00f3n de -25.9% y el personal ocupado total de -19.8%","og_url":"https:\/\/centrourbano.com\/revista\/construccion\/valor-produccion-constructoras-inegi\/","og_site_name":"Centro Urbano","article_publisher":"https:\/\/www.facebook.com\/portalcentrourbano","article_published_time":"2020-11-24T23:31:03+00:00","og_image":[{"width":800,"height":440,"url":"https:\/\/centrourbano.com\/revista\/wp-content\/uploads\/Valor-de-produccion-en-constructoras-aumenta-0.2-en-septiembre-Inegi.jpg","type":"image\/jpeg"}],"author":"Fernanda Hern\u00e1ndez","twitter_card":"summary_large_image","twitter_creator":"@https:\/\/twitter.com\/Nannz_Hernandez","twitter_site":"@CentroUrbano","twitter_misc":{"Escrito por":"Fernanda Hern\u00e1ndez","Tiempo de lectura":"1 minuto"},"schema":{"@context":"https:\/\/schema.org","@graph":[{"@type":"Article","@id":"https:\/\/centrourbano.com\/revista\/construccion\/valor-produccion-constructoras-inegi\/#article","isPartOf":{"@id":"https:\/\/centrourbano.com\/revista\/construccion\/valor-produccion-constructoras-inegi\/"},"author":{"name":"Fernanda Hern\u00e1ndez","@id":"https:\/\/centrourbano.com\/revista\/#\/schema\/person\/b190b20bbbceb41ec72278c546fa8df3"},"headline":"Valor de producci\u00f3n en constructoras aumenta 0.2% en septiembre: Inegi","datePublished":"2020-11-24T23:31:03+00:00","mainEntityOfPage":{"@id":"https:\/\/centrourbano.com\/revista\/construccion\/valor-produccion-constructoras-inegi\/"},"wordCount":249,"commentCount":0,"publisher":{"@id":"https:\/\/centrourbano.com\/revista\/#organization"},"image":{"@id":"https:\/\/centrourbano.com\/revista\/construccion\/valor-produccion-constructoras-inegi\/#primaryimage"},"thumbnailUrl":"https:\/\/centrourbano.com\/revista\/wp-content\/uploads\/Valor-de-produccion-en-constructoras-aumenta-0.2-en-septiembre-Inegi.jpg","keywords":["constructoras","COVID-19","ENEC","Inegi","personal","remuneraciones","valor de producci\u00f3n"],"articleSection":["Cobertura Covid-19","Construcci\u00f3n"],"inLanguage":"es","potentialAction":[{"@type":"CommentAction","name":"Comment","target":["https:\/\/centrourbano.com\/revista\/construccion\/valor-produccion-constructoras-inegi\/#respond"]}]},{"@type":"WebPage","@id":"https:\/\/centrourbano.com\/revista\/construccion\/valor-produccion-constructoras-inegi\/","url":"https:\/\/centrourbano.com\/revista\/construccion\/valor-produccion-constructoras-inegi\/","name":"Valor de producci\u00f3n en constructoras aumenta 0.2% en septiembre: Inegi","isPartOf":{"@id":"https:\/\/centrourbano.com\/revista\/#website"},"primaryImageOfPage":{"@id":"https:\/\/centrourbano.com\/revista\/construccion\/valor-produccion-constructoras-inegi\/#primaryimage"},"image":{"@id":"https:\/\/centrourbano.com\/revista\/construccion\/valor-produccion-constructoras-inegi\/#primaryimage"},"thumbnailUrl":"https:\/\/centrourbano.com\/revista\/wp-content\/uploads\/Valor-de-produccion-en-constructoras-aumenta-0.2-en-septiembre-Inegi.jpg","datePublished":"2020-11-24T23:31:03+00:00","description":"Frente a 2019, el valor real de la producci\u00f3n de las constructoras mostr\u00f3 una reducci\u00f3n de -25.9% y el personal ocupado total de -19.8%","breadcrumb":{"@id":"https:\/\/centrourbano.com\/revista\/construccion\/valor-produccion-constructoras-inegi\/#breadcrumb"},"inLanguage":"es","potentialAction":[{"@type":"ReadAction","target":["https:\/\/centrourbano.com\/revista\/construccion\/valor-produccion-constructoras-inegi\/"]}]},{"@type":"ImageObject","inLanguage":"es","@id":"https:\/\/centrourbano.com\/revista\/construccion\/valor-produccion-constructoras-inegi\/#primaryimage","url":"https:\/\/centrourbano.com\/revista\/wp-content\/uploads\/Valor-de-produccion-en-constructoras-aumenta-0.2-en-septiembre-Inegi.jpg","contentUrl":"https:\/\/centrourbano.com\/revista\/wp-content\/uploads\/Valor-de-produccion-en-constructoras-aumenta-0.2-en-septiembre-Inegi.jpg","width":800,"height":440,"caption":"Frente a 2019, el valor real de la producci\u00f3n de las constructoras mostr\u00f3 una reducci\u00f3n de -25.9% y el personal ocupado total de -19.8%"},{"@type":"BreadcrumbList","@id":"https:\/\/centrourbano.com\/revista\/construccion\/valor-produccion-constructoras-inegi\/#breadcrumb","itemListElement":[{"@type":"ListItem","position":1,"name":"Portada","item":"https:\/\/centrourbano.com\/revista\/"},{"@type":"ListItem","position":2,"name":"Valor de producci\u00f3n en constructoras aumenta 0.2% en septiembre: Inegi"}]},{"@type":"WebSite","@id":"https:\/\/centrourbano.com\/revista\/#website","url":"https:\/\/centrourbano.com\/revista\/","name":"Centro Urbano","description":"Medio especializado en los sectores vivienda, inmobiliario, construcci\u00f3n, arquitectura y urbanismo.","publisher":{"@id":"https:\/\/centrourbano.com\/revista\/#organization"},"potentialAction":[{"@type":"SearchAction","target":{"@type":"EntryPoint","urlTemplate":"https:\/\/centrourbano.com\/revista\/?s={search_term_string}"},"query-input":{"@type":"PropertyValueSpecification","valueRequired":true,"valueName":"search_term_string"}}],"inLanguage":"es"},{"@type":"Organization","@id":"https:\/\/centrourbano.com\/revista\/#organization","name":"Centro Urbano","url":"https:\/\/centrourbano.com\/revista\/","logo":{"@type":"ImageObject","inLanguage":"es","@id":"https:\/\/centrourbano.com\/revista\/#\/schema\/logo\/image\/","url":"https:\/\/centrourbano.com\/revista\/wp-content\/uploads\/web_CU_logo-1.png","contentUrl":"https:\/\/centrourbano.com\/revista\/wp-content\/uploads\/web_CU_logo-1.png","width":350,"height":91,"caption":"Centro Urbano"},"image":{"@id":"https:\/\/centrourbano.com\/revista\/#\/schema\/logo\/image\/"},"sameAs":["https:\/\/www.facebook.com\/portalcentrourbano","https:\/\/x.com\/CentroUrbano","https:\/\/www.instagram.com\/centro_urbano\/","https:\/\/www.linkedin.com\/company\/centro-urbano\/","http:\/\/www.youtube.com\/user\/portalcentrourbano"]},{"@type":"Person","@id":"https:\/\/centrourbano.com\/revista\/#\/schema\/person\/b190b20bbbceb41ec72278c546fa8df3","name":"Fernanda Hern\u00e1ndez","image":{"@type":"ImageObject","inLanguage":"es","@id":"https:\/\/secure.gravatar.com\/avatar\/9471831fb0a24eae9d32d826a7cb8ef07c34a41520aca1a0ab1f5c0903ba49b9?s=96&d=mm&r=g","url":"https:\/\/secure.gravatar.com\/avatar\/9471831fb0a24eae9d32d826a7cb8ef07c34a41520aca1a0ab1f5c0903ba49b9?s=96&d=mm&r=g","contentUrl":"https:\/\/secure.gravatar.com\/avatar\/9471831fb0a24eae9d32d826a7cb8ef07c34a41520aca1a0ab1f5c0903ba49b9?s=96&d=mm&r=g","caption":"Fernanda Hern\u00e1ndez"},"description":"Reportera y redactora en Centro Urbano. Soy egresada de la licenciatura en Ciencias de la Comunicaci\u00f3n de la Facultad de Ciencias Pol\u00edticas y Sociales (UNAM). Me interesa la cultura, el urbanismo y la arquitectura. Amante del mundo digital, el cine, la m\u00fasica, la lectura y la escritura.","sameAs":["https:\/\/x.com\/https:\/\/twitter.com\/Nannz_Hernandez"],"url":"https:\/\/centrourbano.com\/revista\/author\/fernanda-hernandez\/"}]}},"_links":{"self":[{"href":"https:\/\/centrourbano.com\/revista\/wp-json\/wp\/v2\/posts\/113141","targetHints":{"allow":["GET"]}}],"collection":[{"href":"https:\/\/centrourbano.com\/revista\/wp-json\/wp\/v2\/posts"}],"about":[{"href":"https:\/\/centrourbano.com\/revista\/wp-json\/wp\/v2\/types\/post"}],"author":[{"embeddable":true,"href":"https:\/\/centrourbano.com\/revista\/wp-json\/wp\/v2\/users\/73"}],"replies":[{"embeddable":true,"href":"https:\/\/centrourbano.com\/revista\/wp-json\/wp\/v2\/comments?post=113141"}],"version-history":[{"count":1,"href":"https:\/\/centrourbano.com\/revista\/wp-json\/wp\/v2\/posts\/113141\/revisions"}],"predecessor-version":[{"id":113146,"href":"https:\/\/centrourbano.com\/revista\/wp-json\/wp\/v2\/posts\/113141\/revisions\/113146"}],"wp:featuredmedia":[{"embeddable":true,"href":"https:\/\/centrourbano.com\/revista\/wp-json\/wp\/v2\/media\/113142"}],"wp:attachment":[{"href":"https:\/\/centrourbano.com\/revista\/wp-json\/wp\/v2\/media?parent=113141"}],"wp:term":[{"taxonomy":"category","embeddable":true,"href":"https:\/\/centrourbano.com\/revista\/wp-json\/wp\/v2\/categories?post=113141"},{"taxonomy":"post_tag","embeddable":true,"href":"https:\/\/centrourbano.com\/revista\/wp-json\/wp\/v2\/tags?post=113141"}],"curies":[{"name":"wp","href":"https:\/\/api.w.org\/{rel}","templated":true}]}}