{"id":112853,"date":"2020-11-11T09:00:30","date_gmt":"2020-11-11T15:00:30","guid":{"rendered":"https:\/\/centrourbano.com\/?p=112853"},"modified":"2020-11-11T16:22:08","modified_gmt":"2020-11-11T22:22:08","slug":"320-mil-trabajadores-infonavit","status":"publish","type":"post","link":"https:\/\/centrourbano.com\/revista\/vivienda\/320-mil-trabajadores-infonavit\/","title":{"rendered":"320 mil trabajadores se beneficiar\u00edan con reforma al Infonavit"},"content":{"rendered":"<p><em>Con los cambios al Infonavit, se espera que 35,000 trabajadores puedan refinanciar sus cr\u00e9ditos y mejorar su tasa de inter\u00e9s con al menos una baja de 2% <\/em><!--more--><\/p>\n<p>Hasta <strong>320,000 derechohabientes del Infonavit<\/strong> se ver\u00edan beneficiados de manera directa con la <strong>reforma al Instituto<\/strong> propuesta por el Ejecutivo Federal. Y es que, de acuerdo con <strong>Carlos Mart\u00ednez<\/strong>, director general del organismo, este universo de derechohabientes <strong>ha expresado su deseo de adquirir un <a href=\"https:\/\/centrourbano.com\/2020\/11\/06\/vivienda-progresiva-el-concepto-clave-en-la-reforma-al-infonavit-de-amlo\/\" target=\"_blank\" rel=\"noopener noreferrer\">terreno<\/a> <\/strong>para construir vivienda.<\/p>\n<p>Al participar en la conferencia matutina desde <strong>Palacio Nacional<\/strong>, el Director General del Infonavit habl\u00f3 sobre los impactos que traer\u00e1n los cambios propuestos al Instituto sobre los derechohabientes. Entre otras cosas, precis\u00f3, el permitir comprar terreno-uno de los cambios fundamentales de la reforma-abrir\u00e1 la puerta para atender sectores que no hab\u00edan tenido acceso al cr\u00e9dito.<\/p>\n<h5>Compra de terreno<\/h5>\n<p>En lo referente, se\u00f1al\u00f3 que de entrada, en el corto plazo se podr\u00edan originar hasta 15,000 cr\u00e9ditos para compra de terreno durante el primer a\u00f1o de implementaci\u00f3n del programa. Dijo que este esquema tendr\u00eda impacto importante en regiones como el sur-sureste del pa\u00eds.<\/p>\n<p>\u201cExiste esta necesidad (de comprar terreno con cr\u00e9dito Infonavit). Conforme vayamos avanzando e implementando la reforma, <strong>veremos que hay m\u00e1s necesidad<\/strong>; pero, adem\u00e1s, que se van formando nuevos mercados.<\/p>\n<p>\u201c<strong>Esto impactar\u00e1 de manera predominante en la parte sur-sureste del pa\u00eds<\/strong>, comparado con las otras l\u00edneas de cr\u00e9dito. Y la raz\u00f3n es sencilla. Imag\u00ednense el caso de <strong>Oaxaca<\/strong>, donde m\u00e1s del 80% es propiedad ejidal o comunal. Ah\u00ed dif\u00edcilmente se van a encontrar extensiones de terrenos donde se puedan desarrollar vivienda en serie\u201d, dijo.<\/p>\n<p>De acuerdo con el Instituto, las <strong>regiones<\/strong> <strong>centro<\/strong>, <strong>occidente<\/strong> y <strong>oriente<\/strong>, son las m\u00e1s interesadas en utilizar el cr\u00e9dito para compra de terreno. Seg\u00fan una encuesta aplicada por el Infonavit, al menos 35.4% de quienes desean adquirir un terreno para construir vivienda <strong>se encuentra en la zona centro<\/strong>, es decir, el <strong>Estado y la Ciudad de M\u00e9xico<\/strong>, as\u00ed como Morelos.<\/p>\n<h4>M\u00e1s ampliaciones y refinanciamientos<\/h4>\n<p>Por otro lado, Carlos Mart\u00ednez, destac\u00f3 que la reforma tambi\u00e9n impactar\u00eda en aumentar la colocaci\u00f3n crediticia en productos para mejora o ampliaci\u00f3n. Al respecto, expuso que 2.3 millones de trabajadores tienen la voluntad de adquirir un financiamiento para este fin.<\/p>\n<p>En lo referente, a\u00f1adi\u00f3 que <strong>la reforma permitir\u00eda incrementar en 17%,\u00a0<\/strong>durante el primer a\u00f1o, la colocaci\u00f3n de cr\u00e9dito para mejoras. Es decir, se colocar\u00edan alrededor de <strong>170,870 cr\u00e9ditos<\/strong>.<\/p>\n<p>De igual forma, destac\u00f3 que con los cambios, <strong>se esperar\u00eda que al menos 35,000 trabajadores puedan\u00a0refinanciar\u00a0su cr\u00e9dito<\/strong>. Indic\u00f3 que la expectativa es lograr mejoras en las condiciones crediticias de financiamiento otorgados por el propio instituto o por otro organismo financiero, como bajas de al menos 2 puntos en la tasa de inter\u00e9s.<\/p>\n<p>Asimismo, puntualiz\u00f3, se esperar\u00eda <strong>que crezca la colocaci\u00f3n de cr\u00e9dito subsecuentes<\/strong>. Coment\u00f3 que se contemplan, para el primer a\u00f1o, <strong>5,000 acciones de segundos cr\u00e9ditos<\/strong>.<\/p>\n<p>Sumado a lo anterior, el Director del Infonavit explic\u00f3 que l<strong>a reforma implicar\u00eda que al menos 10,000 trabajadores sin relaci\u00f3n laboral vigente<\/strong> puedan acceder a cr\u00e9dito en el primer a\u00f1o. A\u00f1adi\u00f3 que, en ese orden, la reforma se traduce como una de inclusi\u00f3n financiera, pues abrir\u00e1 la oportunidad que 40 millones de trabajadores que cuentan con ahorro en el Instituto, pero no cotizan activamente, puedan acceder a cr\u00e9dito.<\/p>\n<h4>Principales Cambios con la reforma<\/h4>\n<p>En su participaci\u00f3n, <strong>Carlos Mart\u00ednez hizo \u00e9nfasis en los cambios que se concretar\u00edan con la reforma al Infonavit<\/strong>. De entrada, dijo, son <a href=\"https:\/\/twitter.com\/CentroUrbano\/status\/1326525716549279745\" target=\"_blank\" rel=\"noopener noreferrer\">cuatro los puntos clave<\/a> que trae consigo la propuesta, entre ellos:<\/p>\n<ol>\n<li>Reconocer que el derechohabiente podr\u00e1 recibir de manera directa su cr\u00e9dito, sin intermediarios.<\/li>\n<li>Impulsar que los derechohabientes podr\u00e1n solicitar cr\u00e9dito del Instituto cu\u00e1ntas veces lo necesiten<\/li>\n<li>Que se reconozca al suelo como precondici\u00f3n de la vivienda y por ende, permitir que se adquiera tierra con el cr\u00e9dito del Infonavit.<\/li>\n<li>Detonar el refinanciamiento de cr\u00e9ditos que ha otorgado el Instituto u otras entidades financieras.<\/li>\n<\/ol>\n<p>Al respecto, es preciso se\u00f1alar que, Carlos Mart\u00ednez subray\u00f3 que con la reforma, el Infonavit aumentar\u00eda en 18% la colocaci\u00f3n de cr\u00e9dito en t\u00e9rminos generales. Adem\u00e1s, cabe mencionar que los seis cambios que propone la reforma se resumen en:<\/p>\n<ol>\n<li>Expandir las opciones de cr\u00e9dito a los trabajadores al permitir usar el financiamiento para la compra de terrenos.<\/li>\n<li>Definir a la autoproducci\u00f3n como posibilidad de destino de los cr\u00e9ditos otorgados.<\/li>\n<li>Crear la L\u00ednea VI, destinada para el refinanciamiento de cr\u00e9ditos adquiridos con otra instituci\u00f3n financiera.<\/li>\n<li>Establecer el derecho del trabajador de recibir el cr\u00e9dito de manera directa, sin intermediarios.<\/li>\n<li>Quitar la limitaci\u00f3n para que Infonavit entregue m\u00e1s de un cr\u00e9dito. Con ello, los trabajadores podr\u00e1n solicitar el n\u00famero de financiamientos que deseen en la medida de sus capacidades.<\/li>\n<li>Se abre la oportunidad para que trabajadores inactivos puedan ser sujetos de cr\u00e9dito.<\/li>\n<\/ol>\n","protected":false},"excerpt":{"rendered":"<p>Con los cambios al Infonavit, se espera que 35,000 trabajadores puedan refinanciar sus cr\u00e9ditos y mejorar su tasa de inter\u00e9s con al menos una baja de 2%<\/p>\n","protected":false},"author":47,"featured_media":112854,"comment_status":"open","ping_status":"closed","sticky":false,"template":"","format":"standard","meta":{"om_disable_all_campaigns":false,"inline_featured_image":false,"_monsterinsights_skip_tracking":false,"_monsterinsights_sitenote_active":false,"_monsterinsights_sitenote_note":"","_monsterinsights_sitenote_category":0,"footnotes":""},"categories":[12],"tags":[10245,5590,100,193,60],"class_list":["post-112853","post","type-post","status-publish","format-standard","has-post-thumbnail","hentry","category-vivienda","tag-andres-manuel-lopez-obrador","tag-capital-reforma","tag-infonavit","tag-reforma","tag-vivienda-2"],"yoast_head":"<!-- This site is optimized with the Yoast SEO plugin v27.4 - https:\/\/yoast.com\/product\/yoast-seo-wordpress\/ -->\n<title>320 mil trabajadores se beneficiar\u00edan con reforma al Infonavit: Mart\u00ednez<\/title>\n<meta name=\"description\" content=\"Con los cambios al Infonavit, se espera que 35,000 trabajadores puedan refinanciar. 320 mil trabajadores se beneficiar\u00edan...\" \/>\n<meta name=\"robots\" content=\"index, follow, max-snippet:-1, max-image-preview:large, max-video-preview:-1\" \/>\n<link rel=\"canonical\" href=\"https:\/\/centrourbano.com\/revista\/vivienda\/320-mil-trabajadores-infonavit\/\" \/>\n<meta property=\"og:locale\" content=\"es_ES\" \/>\n<meta property=\"og:type\" content=\"article\" \/>\n<meta property=\"og:title\" content=\"320 mil trabajadores se beneficiar\u00edan con reforma al Infonavit: Mart\u00ednez\" \/>\n<meta property=\"og:description\" content=\"Con los cambios al Infonavit, se espera que 35,000 trabajadores puedan refinanciar. 320 mil trabajadores se beneficiar\u00edan...\" \/>\n<meta property=\"og:url\" content=\"https:\/\/centrourbano.com\/revista\/vivienda\/320-mil-trabajadores-infonavit\/\" \/>\n<meta property=\"og:site_name\" content=\"Centro Urbano\" \/>\n<meta property=\"article:publisher\" content=\"https:\/\/www.facebook.com\/portalcentrourbano\" \/>\n<meta property=\"article:published_time\" content=\"2020-11-11T15:00:30+00:00\" \/>\n<meta property=\"article:modified_time\" content=\"2020-11-11T22:22:08+00:00\" \/>\n<meta property=\"og:image\" content=\"https:\/\/centrourbano.com\/revista\/wp-content\/uploads\/320000-derechohabientes-Infonavit-se-beneficiarian-con-reforma-Carlos-Martinez-.jpeg\" \/>\n\t<meta property=\"og:image:width\" content=\"1024\" \/>\n\t<meta property=\"og:image:height\" content=\"682\" \/>\n\t<meta property=\"og:image:type\" content=\"image\/jpeg\" \/>\n<meta name=\"author\" content=\"Edgar Rosas\" \/>\n<meta name=\"twitter:card\" content=\"summary_large_image\" \/>\n<meta name=\"twitter:creator\" content=\"@https:\/\/twitter.com\/ERosasCU?s=09\" \/>\n<meta name=\"twitter:site\" content=\"@CentroUrbano\" \/>\n<meta name=\"twitter:label1\" content=\"Escrito por\" \/>\n\t<meta name=\"twitter:data1\" content=\"Edgar Rosas\" \/>\n\t<meta name=\"twitter:label2\" content=\"Tiempo de lectura\" \/>\n\t<meta name=\"twitter:data2\" content=\"4 minutos\" \/>\n<script type=\"application\/ld+json\" class=\"yoast-schema-graph\">{\"@context\":\"https:\\\/\\\/schema.org\",\"@graph\":[{\"@type\":\"Article\",\"@id\":\"https:\\\/\\\/centrourbano.com\\\/revista\\\/vivienda\\\/320-mil-trabajadores-infonavit\\\/#article\",\"isPartOf\":{\"@id\":\"https:\\\/\\\/centrourbano.com\\\/revista\\\/vivienda\\\/320-mil-trabajadores-infonavit\\\/\"},\"author\":{\"name\":\"Edgar Rosas\",\"@id\":\"https:\\\/\\\/centrourbano.com\\\/revista\\\/#\\\/schema\\\/person\\\/ff3c00651ce5b1630479d2cd0c2e3ac0\"},\"headline\":\"320 mil trabajadores se beneficiar\u00edan con reforma al Infonavit\",\"datePublished\":\"2020-11-11T15:00:30+00:00\",\"dateModified\":\"2020-11-11T22:22:08+00:00\",\"mainEntityOfPage\":{\"@id\":\"https:\\\/\\\/centrourbano.com\\\/revista\\\/vivienda\\\/320-mil-trabajadores-infonavit\\\/\"},\"wordCount\":859,\"commentCount\":0,\"publisher\":{\"@id\":\"https:\\\/\\\/centrourbano.com\\\/revista\\\/#organization\"},\"image\":{\"@id\":\"https:\\\/\\\/centrourbano.com\\\/revista\\\/vivienda\\\/320-mil-trabajadores-infonavit\\\/#primaryimage\"},\"thumbnailUrl\":\"https:\\\/\\\/centrourbano.com\\\/revista\\\/wp-content\\\/uploads\\\/320000-derechohabientes-Infonavit-se-beneficiarian-con-reforma-Carlos-Martinez-.jpeg\",\"keywords\":[\"Andres Manuel L\u00f3pez Obrador\",\"Capital Reforma\",\"Infonavit\",\"reforma\",\"vivienda\"],\"articleSection\":[\"Vivienda\"],\"inLanguage\":\"es\",\"potentialAction\":[{\"@type\":\"CommentAction\",\"name\":\"Comment\",\"target\":[\"https:\\\/\\\/centrourbano.com\\\/revista\\\/vivienda\\\/320-mil-trabajadores-infonavit\\\/#respond\"]}]},{\"@type\":\"WebPage\",\"@id\":\"https:\\\/\\\/centrourbano.com\\\/revista\\\/vivienda\\\/320-mil-trabajadores-infonavit\\\/\",\"url\":\"https:\\\/\\\/centrourbano.com\\\/revista\\\/vivienda\\\/320-mil-trabajadores-infonavit\\\/\",\"name\":\"320 mil trabajadores se beneficiar\u00edan con reforma al Infonavit: Mart\u00ednez\",\"isPartOf\":{\"@id\":\"https:\\\/\\\/centrourbano.com\\\/revista\\\/#website\"},\"primaryImageOfPage\":{\"@id\":\"https:\\\/\\\/centrourbano.com\\\/revista\\\/vivienda\\\/320-mil-trabajadores-infonavit\\\/#primaryimage\"},\"image\":{\"@id\":\"https:\\\/\\\/centrourbano.com\\\/revista\\\/vivienda\\\/320-mil-trabajadores-infonavit\\\/#primaryimage\"},\"thumbnailUrl\":\"https:\\\/\\\/centrourbano.com\\\/revista\\\/wp-content\\\/uploads\\\/320000-derechohabientes-Infonavit-se-beneficiarian-con-reforma-Carlos-Martinez-.jpeg\",\"datePublished\":\"2020-11-11T15:00:30+00:00\",\"dateModified\":\"2020-11-11T22:22:08+00:00\",\"description\":\"Con los cambios al Infonavit, se espera que 35,000 trabajadores puedan refinanciar. 320 mil trabajadores se beneficiar\u00edan...\",\"breadcrumb\":{\"@id\":\"https:\\\/\\\/centrourbano.com\\\/revista\\\/vivienda\\\/320-mil-trabajadores-infonavit\\\/#breadcrumb\"},\"inLanguage\":\"es\",\"potentialAction\":[{\"@type\":\"ReadAction\",\"target\":[\"https:\\\/\\\/centrourbano.com\\\/revista\\\/vivienda\\\/320-mil-trabajadores-infonavit\\\/\"]}]},{\"@type\":\"ImageObject\",\"inLanguage\":\"es\",\"@id\":\"https:\\\/\\\/centrourbano.com\\\/revista\\\/vivienda\\\/320-mil-trabajadores-infonavit\\\/#primaryimage\",\"url\":\"https:\\\/\\\/centrourbano.com\\\/revista\\\/wp-content\\\/uploads\\\/320000-derechohabientes-Infonavit-se-beneficiarian-con-reforma-Carlos-Martinez-.jpeg\",\"contentUrl\":\"https:\\\/\\\/centrourbano.com\\\/revista\\\/wp-content\\\/uploads\\\/320000-derechohabientes-Infonavit-se-beneficiarian-con-reforma-Carlos-Martinez-.jpeg\",\"width\":1024,\"height\":682,\"caption\":\"320,000 derechohabientes Infonavit se beneficiar\u00edan con reforma- Carlos Mart\u00ednez\"},{\"@type\":\"BreadcrumbList\",\"@id\":\"https:\\\/\\\/centrourbano.com\\\/revista\\\/vivienda\\\/320-mil-trabajadores-infonavit\\\/#breadcrumb\",\"itemListElement\":[{\"@type\":\"ListItem\",\"position\":1,\"name\":\"Portada\",\"item\":\"https:\\\/\\\/centrourbano.com\\\/revista\\\/\"},{\"@type\":\"ListItem\",\"position\":2,\"name\":\"320 mil trabajadores se beneficiar\u00edan con reforma al Infonavit\"}]},{\"@type\":\"WebSite\",\"@id\":\"https:\\\/\\\/centrourbano.com\\\/revista\\\/#website\",\"url\":\"https:\\\/\\\/centrourbano.com\\\/revista\\\/\",\"name\":\"Centro Urbano\",\"description\":\"Medio especializado en los sectores vivienda, inmobiliario, construcci\u00f3n, arquitectura y urbanismo.\",\"publisher\":{\"@id\":\"https:\\\/\\\/centrourbano.com\\\/revista\\\/#organization\"},\"potentialAction\":[{\"@type\":\"SearchAction\",\"target\":{\"@type\":\"EntryPoint\",\"urlTemplate\":\"https:\\\/\\\/centrourbano.com\\\/revista\\\/?s={search_term_string}\"},\"query-input\":{\"@type\":\"PropertyValueSpecification\",\"valueRequired\":true,\"valueName\":\"search_term_string\"}}],\"inLanguage\":\"es\"},{\"@type\":\"Organization\",\"@id\":\"https:\\\/\\\/centrourbano.com\\\/revista\\\/#organization\",\"name\":\"Centro Urbano\",\"url\":\"https:\\\/\\\/centrourbano.com\\\/revista\\\/\",\"logo\":{\"@type\":\"ImageObject\",\"inLanguage\":\"es\",\"@id\":\"https:\\\/\\\/centrourbano.com\\\/revista\\\/#\\\/schema\\\/logo\\\/image\\\/\",\"url\":\"https:\\\/\\\/centrourbano.com\\\/revista\\\/wp-content\\\/uploads\\\/web_CU_logo-1.png\",\"contentUrl\":\"https:\\\/\\\/centrourbano.com\\\/revista\\\/wp-content\\\/uploads\\\/web_CU_logo-1.png\",\"width\":350,\"height\":91,\"caption\":\"Centro Urbano\"},\"image\":{\"@id\":\"https:\\\/\\\/centrourbano.com\\\/revista\\\/#\\\/schema\\\/logo\\\/image\\\/\"},\"sameAs\":[\"https:\\\/\\\/www.facebook.com\\\/portalcentrourbano\",\"https:\\\/\\\/x.com\\\/CentroUrbano\",\"https:\\\/\\\/www.instagram.com\\\/centro_urbano\\\/\",\"https:\\\/\\\/www.linkedin.com\\\/company\\\/centro-urbano\\\/\",\"http:\\\/\\\/www.youtube.com\\\/user\\\/portalcentrourbano\"]},{\"@type\":\"Person\",\"@id\":\"https:\\\/\\\/centrourbano.com\\\/revista\\\/#\\\/schema\\\/person\\\/ff3c00651ce5b1630479d2cd0c2e3ac0\",\"name\":\"Edgar Rosas\",\"image\":{\"@type\":\"ImageObject\",\"inLanguage\":\"es\",\"@id\":\"https:\\\/\\\/secure.gravatar.com\\\/avatar\\\/94440c4283495211faa5300bf85e80061036b83fced868c3783aa1310b350d9c?s=96&d=mm&r=g\",\"url\":\"https:\\\/\\\/secure.gravatar.com\\\/avatar\\\/94440c4283495211faa5300bf85e80061036b83fced868c3783aa1310b350d9c?s=96&d=mm&r=g\",\"contentUrl\":\"https:\\\/\\\/secure.gravatar.com\\\/avatar\\\/94440c4283495211faa5300bf85e80061036b83fced868c3783aa1310b350d9c?s=96&d=mm&r=g\",\"caption\":\"Edgar Rosas\"},\"description\":\"Editor en Jefe de Centro Urbano. Egresado de la maestr\u00eda en Periodismo Pol\u00edtico de la Escuela de Periodismo Carlos Septi\u00e9n Garc\u00eda (EPCSG). Estudi\u00f3 la licenciatura en Comunicaci\u00f3n en la Universidad Mexicana. Amante de la cr\u00f3nica y el reportaje. Admirador de Vicente Le\u00f1ero y Miguel \u00c1ngel Granados Chapa.\",\"sameAs\":[\"https:\\\/\\\/x.com\\\/https:\\\/\\\/twitter.com\\\/ERosasCU?s=09\"],\"url\":\"https:\\\/\\\/centrourbano.com\\\/revista\\\/author\\\/edgar-rosas\\\/\"}]}<\/script>\n<!-- \/ Yoast SEO plugin. -->","yoast_head_json":{"title":"320 mil trabajadores se beneficiar\u00edan con reforma al Infonavit: Mart\u00ednez","description":"Con los cambios al Infonavit, se espera que 35,000 trabajadores puedan refinanciar. 320 mil trabajadores se beneficiar\u00edan...","robots":{"index":"index","follow":"follow","max-snippet":"max-snippet:-1","max-image-preview":"max-image-preview:large","max-video-preview":"max-video-preview:-1"},"canonical":"https:\/\/centrourbano.com\/revista\/vivienda\/320-mil-trabajadores-infonavit\/","og_locale":"es_ES","og_type":"article","og_title":"320 mil trabajadores se beneficiar\u00edan con reforma al Infonavit: Mart\u00ednez","og_description":"Con los cambios al Infonavit, se espera que 35,000 trabajadores puedan refinanciar. 320 mil trabajadores se beneficiar\u00edan...","og_url":"https:\/\/centrourbano.com\/revista\/vivienda\/320-mil-trabajadores-infonavit\/","og_site_name":"Centro Urbano","article_publisher":"https:\/\/www.facebook.com\/portalcentrourbano","article_published_time":"2020-11-11T15:00:30+00:00","article_modified_time":"2020-11-11T22:22:08+00:00","og_image":[{"width":1024,"height":682,"url":"https:\/\/centrourbano.com\/revista\/wp-content\/uploads\/320000-derechohabientes-Infonavit-se-beneficiarian-con-reforma-Carlos-Martinez-.jpeg","type":"image\/jpeg"}],"author":"Edgar Rosas","twitter_card":"summary_large_image","twitter_creator":"@https:\/\/twitter.com\/ERosasCU?s=09","twitter_site":"@CentroUrbano","twitter_misc":{"Escrito por":"Edgar Rosas","Tiempo de lectura":"4 minutos"},"schema":{"@context":"https:\/\/schema.org","@graph":[{"@type":"Article","@id":"https:\/\/centrourbano.com\/revista\/vivienda\/320-mil-trabajadores-infonavit\/#article","isPartOf":{"@id":"https:\/\/centrourbano.com\/revista\/vivienda\/320-mil-trabajadores-infonavit\/"},"author":{"name":"Edgar Rosas","@id":"https:\/\/centrourbano.com\/revista\/#\/schema\/person\/ff3c00651ce5b1630479d2cd0c2e3ac0"},"headline":"320 mil trabajadores se beneficiar\u00edan con reforma al Infonavit","datePublished":"2020-11-11T15:00:30+00:00","dateModified":"2020-11-11T22:22:08+00:00","mainEntityOfPage":{"@id":"https:\/\/centrourbano.com\/revista\/vivienda\/320-mil-trabajadores-infonavit\/"},"wordCount":859,"commentCount":0,"publisher":{"@id":"https:\/\/centrourbano.com\/revista\/#organization"},"image":{"@id":"https:\/\/centrourbano.com\/revista\/vivienda\/320-mil-trabajadores-infonavit\/#primaryimage"},"thumbnailUrl":"https:\/\/centrourbano.com\/revista\/wp-content\/uploads\/320000-derechohabientes-Infonavit-se-beneficiarian-con-reforma-Carlos-Martinez-.jpeg","keywords":["Andres Manuel L\u00f3pez Obrador","Capital Reforma","Infonavit","reforma","vivienda"],"articleSection":["Vivienda"],"inLanguage":"es","potentialAction":[{"@type":"CommentAction","name":"Comment","target":["https:\/\/centrourbano.com\/revista\/vivienda\/320-mil-trabajadores-infonavit\/#respond"]}]},{"@type":"WebPage","@id":"https:\/\/centrourbano.com\/revista\/vivienda\/320-mil-trabajadores-infonavit\/","url":"https:\/\/centrourbano.com\/revista\/vivienda\/320-mil-trabajadores-infonavit\/","name":"320 mil trabajadores se beneficiar\u00edan con reforma al Infonavit: Mart\u00ednez","isPartOf":{"@id":"https:\/\/centrourbano.com\/revista\/#website"},"primaryImageOfPage":{"@id":"https:\/\/centrourbano.com\/revista\/vivienda\/320-mil-trabajadores-infonavit\/#primaryimage"},"image":{"@id":"https:\/\/centrourbano.com\/revista\/vivienda\/320-mil-trabajadores-infonavit\/#primaryimage"},"thumbnailUrl":"https:\/\/centrourbano.com\/revista\/wp-content\/uploads\/320000-derechohabientes-Infonavit-se-beneficiarian-con-reforma-Carlos-Martinez-.jpeg","datePublished":"2020-11-11T15:00:30+00:00","dateModified":"2020-11-11T22:22:08+00:00","description":"Con los cambios al Infonavit, se espera que 35,000 trabajadores puedan refinanciar. 320 mil trabajadores se beneficiar\u00edan...","breadcrumb":{"@id":"https:\/\/centrourbano.com\/revista\/vivienda\/320-mil-trabajadores-infonavit\/#breadcrumb"},"inLanguage":"es","potentialAction":[{"@type":"ReadAction","target":["https:\/\/centrourbano.com\/revista\/vivienda\/320-mil-trabajadores-infonavit\/"]}]},{"@type":"ImageObject","inLanguage":"es","@id":"https:\/\/centrourbano.com\/revista\/vivienda\/320-mil-trabajadores-infonavit\/#primaryimage","url":"https:\/\/centrourbano.com\/revista\/wp-content\/uploads\/320000-derechohabientes-Infonavit-se-beneficiarian-con-reforma-Carlos-Martinez-.jpeg","contentUrl":"https:\/\/centrourbano.com\/revista\/wp-content\/uploads\/320000-derechohabientes-Infonavit-se-beneficiarian-con-reforma-Carlos-Martinez-.jpeg","width":1024,"height":682,"caption":"320,000 derechohabientes Infonavit se beneficiar\u00edan con reforma- Carlos Mart\u00ednez"},{"@type":"BreadcrumbList","@id":"https:\/\/centrourbano.com\/revista\/vivienda\/320-mil-trabajadores-infonavit\/#breadcrumb","itemListElement":[{"@type":"ListItem","position":1,"name":"Portada","item":"https:\/\/centrourbano.com\/revista\/"},{"@type":"ListItem","position":2,"name":"320 mil trabajadores se beneficiar\u00edan con reforma al Infonavit"}]},{"@type":"WebSite","@id":"https:\/\/centrourbano.com\/revista\/#website","url":"https:\/\/centrourbano.com\/revista\/","name":"Centro Urbano","description":"Medio especializado en los sectores vivienda, inmobiliario, construcci\u00f3n, arquitectura y urbanismo.","publisher":{"@id":"https:\/\/centrourbano.com\/revista\/#organization"},"potentialAction":[{"@type":"SearchAction","target":{"@type":"EntryPoint","urlTemplate":"https:\/\/centrourbano.com\/revista\/?s={search_term_string}"},"query-input":{"@type":"PropertyValueSpecification","valueRequired":true,"valueName":"search_term_string"}}],"inLanguage":"es"},{"@type":"Organization","@id":"https:\/\/centrourbano.com\/revista\/#organization","name":"Centro Urbano","url":"https:\/\/centrourbano.com\/revista\/","logo":{"@type":"ImageObject","inLanguage":"es","@id":"https:\/\/centrourbano.com\/revista\/#\/schema\/logo\/image\/","url":"https:\/\/centrourbano.com\/revista\/wp-content\/uploads\/web_CU_logo-1.png","contentUrl":"https:\/\/centrourbano.com\/revista\/wp-content\/uploads\/web_CU_logo-1.png","width":350,"height":91,"caption":"Centro Urbano"},"image":{"@id":"https:\/\/centrourbano.com\/revista\/#\/schema\/logo\/image\/"},"sameAs":["https:\/\/www.facebook.com\/portalcentrourbano","https:\/\/x.com\/CentroUrbano","https:\/\/www.instagram.com\/centro_urbano\/","https:\/\/www.linkedin.com\/company\/centro-urbano\/","http:\/\/www.youtube.com\/user\/portalcentrourbano"]},{"@type":"Person","@id":"https:\/\/centrourbano.com\/revista\/#\/schema\/person\/ff3c00651ce5b1630479d2cd0c2e3ac0","name":"Edgar Rosas","image":{"@type":"ImageObject","inLanguage":"es","@id":"https:\/\/secure.gravatar.com\/avatar\/94440c4283495211faa5300bf85e80061036b83fced868c3783aa1310b350d9c?s=96&d=mm&r=g","url":"https:\/\/secure.gravatar.com\/avatar\/94440c4283495211faa5300bf85e80061036b83fced868c3783aa1310b350d9c?s=96&d=mm&r=g","contentUrl":"https:\/\/secure.gravatar.com\/avatar\/94440c4283495211faa5300bf85e80061036b83fced868c3783aa1310b350d9c?s=96&d=mm&r=g","caption":"Edgar Rosas"},"description":"Editor en Jefe de Centro Urbano. Egresado de la maestr\u00eda en Periodismo Pol\u00edtico de la Escuela de Periodismo Carlos Septi\u00e9n Garc\u00eda (EPCSG). Estudi\u00f3 la licenciatura en Comunicaci\u00f3n en la Universidad Mexicana. Amante de la cr\u00f3nica y el reportaje. Admirador de Vicente Le\u00f1ero y Miguel \u00c1ngel Granados Chapa.","sameAs":["https:\/\/x.com\/https:\/\/twitter.com\/ERosasCU?s=09"],"url":"https:\/\/centrourbano.com\/revista\/author\/edgar-rosas\/"}]}},"_links":{"self":[{"href":"https:\/\/centrourbano.com\/revista\/wp-json\/wp\/v2\/posts\/112853","targetHints":{"allow":["GET"]}}],"collection":[{"href":"https:\/\/centrourbano.com\/revista\/wp-json\/wp\/v2\/posts"}],"about":[{"href":"https:\/\/centrourbano.com\/revista\/wp-json\/wp\/v2\/types\/post"}],"author":[{"embeddable":true,"href":"https:\/\/centrourbano.com\/revista\/wp-json\/wp\/v2\/users\/47"}],"replies":[{"embeddable":true,"href":"https:\/\/centrourbano.com\/revista\/wp-json\/wp\/v2\/comments?post=112853"}],"version-history":[{"count":10,"href":"https:\/\/centrourbano.com\/revista\/wp-json\/wp\/v2\/posts\/112853\/revisions"}],"predecessor-version":[{"id":112866,"href":"https:\/\/centrourbano.com\/revista\/wp-json\/wp\/v2\/posts\/112853\/revisions\/112866"}],"wp:featuredmedia":[{"embeddable":true,"href":"https:\/\/centrourbano.com\/revista\/wp-json\/wp\/v2\/media\/112854"}],"wp:attachment":[{"href":"https:\/\/centrourbano.com\/revista\/wp-json\/wp\/v2\/media?parent=112853"}],"wp:term":[{"taxonomy":"category","embeddable":true,"href":"https:\/\/centrourbano.com\/revista\/wp-json\/wp\/v2\/categories?post=112853"},{"taxonomy":"post_tag","embeddable":true,"href":"https:\/\/centrourbano.com\/revista\/wp-json\/wp\/v2\/tags?post=112853"}],"curies":[{"name":"wp","href":"https:\/\/api.w.org\/{rel}","templated":true}]}}