{"id":112490,"date":"2020-10-22T10:01:16","date_gmt":"2020-10-22T15:01:16","guid":{"rendered":"https:\/\/centrourbano.com\/?p=112490"},"modified":"2020-10-22T13:34:39","modified_gmt":"2020-10-22T18:34:39","slug":"credito-a-la-vivienda-registra-tendencia-a-la-baja-bbva","status":"publish","type":"post","link":"https:\/\/centrourbano.com\/revista\/vivienda\/credito-a-la-vivienda-registra-tendencia-a-la-baja-bbva\/","title":{"rendered":"Cr\u00e9dito a la vivienda registra tendencia a la baja: BBVA"},"content":{"rendered":"<p><em>BBVA se\u00f1al\u00f3 que el cr\u00e9dito a la vivienda, junto con los cr\u00e9ditos al consumo y al sector privado acent\u00faan su ca\u00edda en el mes de agosto<\/em><\/p>\n<p><!--more--><\/p>\n<p>BBVA Research dio a conocer el estado en el que se encuentra la <strong>colocaci\u00f3n de cr\u00e9dito al sector privado no financiero<\/strong>, mismo que se compone de cr\u00e9dito al consumo, <strong>a la vivienda<\/strong> y al sector empresarial.<\/p>\n<p>El centro de investigaci\u00f3n de la instituci\u00f3n financiera revel\u00f3 que aunque a <strong>agosto<\/strong> de 2020 el <strong>cr\u00e9dito vigente otorgado<\/strong> por la banca comercial al sector privado <strong>creci\u00f3 2.7%<\/strong> a tasa anual nominal, este crecimiento es menor que el de <strong>4.9% de julio<\/strong> y muy inferior al que se registr\u00f3 en <strong>agosto de 2019<\/strong> mismo que se situ\u00f3 en <strong>8.9 por ciento<\/strong>.<\/p>\n<h3>Cr\u00e9dito a la vivienda se ralentiza<\/h3>\n<p>Para agosto de 2020, seg\u00fan datos de BBVA, el saldo de la cartera de <strong>cr\u00e9dito vigente otorgado por la banca comercial a la <\/strong><a href=\"https:\/\/centrourbano.com\/2020\/10\/02\/mercado-vivienda-crisis-bbva\/\"><strong>vivienda<\/strong><\/a> observ\u00f3 un <strong>crecimiento del 8.6%<\/strong> (4.4% real).<\/p>\n<p>La ralentizaci\u00f3n se observa cuando se compara con las variaciones de meses previos. En julio el crecimiento fue del 9.0% y en agosto de 2019 fue de 11.0%.<\/p>\n<p>Cabe mencionar que, aunque tambi\u00e9n <strong>el sector del cr\u00e9dito a la vivienda<\/strong> ha observado una tendencia a la baja es, de los 3<strong>, el menos afectado<\/strong>. Esto debido a que los efectos de la din\u00e1mica econ\u00f3mica se ven en el sector inmobiliario con cierto rezago temporal.<\/p>\n<p>\u201cLa cartera de cr\u00e9dito hipotecario mantiene una tendencia a la baja, pero significativamente menos pronunciada que la observada en el cr\u00e9dito al consumo y a las empresas [\u2026]<\/p>\n<h3>Falta lo peor<\/h3>\n<p>BBVA Research se\u00f1al\u00f3 que <strong>esta ralentizaci\u00f3n obedece a la din\u00e1mica laboral (decadente) que se registr\u00f3 desde mediados de 2018<\/strong>. En esa l\u00ednea, el saldo de cr\u00e9ditos otorgados a la vivienda <strong>se espera que se ralentice aun m\u00e1s<\/strong> como consecuencia de la p\u00e9rdida masiva de empleos en los \u00faltimos 24 meses.<\/p>\n<p>\u201cEl impacto negativo asociado a la p\u00e9rdida de empleos a\u00fan no se refleja de lleno sobre el desempe\u00f1o de la cartera hipotecaria, principalmente por el rezago con que el empleo permanente impacta el desempe\u00f1o de este tipo de financiamiento.<\/p>\n<p>\u201cLa <strong>desaceleraci\u00f3n<\/strong> que se ha observado hasta ahora estar\u00eda asociada a los <strong>primeros efectos de la reducci\u00f3n en el crecimiento del empleo<\/strong> registrada a partir de la <strong>segunda mitad de 2018<\/strong>, por lo que a esta reducci\u00f3n ir\u00e1 agreg\u00e1ndose el pobre desempe\u00f1o del empleo formal acumulado en los \u00faltimos 24 meses\u201d.<\/p>\n<h3>Cr\u00f3nica de la desaceleraci\u00f3n de cr\u00e9dito al sector privado<\/h3>\n<p><a href=\"https:\/\/twitter.com\/BBVAResearch\">BBVA Research<\/a> detall\u00f3 la razones por las que el cr\u00e9dito ha entrado en un proceso de desaceleraci\u00f3n generalizada en los tres rubros en los que se divide.<\/p>\n<p>En primera instancia se\u00f1al\u00f3 que el sector privado, al reducir sus ingresos por concepto de ventas y a un entorno complicado para aventurarse a invertir han desestimado contraer deuda en el corto plazo.<\/p>\n<p>\u201cLa debilidad en los ingresos por ventas de bienes y servicios aunada al deterioro de las condiciones para invertir han afectado negativamente la demanda de financiamiento bancario por parte de las empresas, perdi\u00e9ndose con ello uno de los principales motores de impulso al cr\u00e9dito para el sector privado\u201d.<\/p>\n<p>En el caso del consumo, la p\u00e9rdida de empleos y la reducci\u00f3n masiva en la capacidad de pago han hecho que se reduzca la solicitud de cr\u00e9ditos.<\/p>\n<p>\u201cEl cr\u00e9dito al consumo ha entrado en una franca desaceleraci\u00f3n derivada del efecto de la p\u00e9rdida de empleos, que reducir\u00e1 tanto la base de clientes potenciales como la capacidad de pago de los hogares\u201d.<\/p>\n","protected":false},"excerpt":{"rendered":"<p>BBVA se\u00f1al\u00f3 que el cr\u00e9dito a la vivienda, junto con los cr\u00e9ditos al consumo y al sector privado acent\u00faan su ca\u00edda en el mes de agosto<\/p>\n","protected":false},"author":75,"featured_media":112493,"comment_status":"open","ping_status":"closed","sticky":false,"template":"","format":"standard","meta":{"om_disable_all_campaigns":false,"inline_featured_image":false,"_monsterinsights_skip_tracking":false,"_monsterinsights_sitenote_active":false,"_monsterinsights_sitenote_note":"","_monsterinsights_sitenote_category":0,"footnotes":""},"categories":[12],"tags":[1053,9046,12976,10209,20006,20007,3777,20005,20004,60],"class_list":["post-112490","post","type-post","status-publish","format-standard","has-post-thumbnail","hentry","category-vivienda","tag-bbva","tag-colocacion-de-credito","tag-consumo","tag-credito-a-la-vivienda","tag-credito-vigente-otorgado","tag-desaceleracion-de-credito","tag-sector-privado","tag-sector-privado-no-financiero","tag-tendencia-a-la-baja","tag-vivienda-2"],"yoast_head":"<!-- This site is optimized with the Yoast SEO plugin v27.4 - https:\/\/yoast.com\/product\/yoast-seo-wordpress\/ -->\n<title>Cr\u00e9dito a la vivienda registra tendencia a la baja: BBVA<\/title>\n<meta name=\"description\" content=\"BBVA se\u00f1al\u00f3 que el cr\u00e9dito a la vivienda, junto con los cr\u00e9ditos al consumo y al sector privado acent\u00faan su ca\u00edda en el mes de agosto\" \/>\n<meta name=\"robots\" content=\"index, follow, max-snippet:-1, max-image-preview:large, max-video-preview:-1\" \/>\n<link rel=\"canonical\" href=\"https:\/\/centrourbano.com\/revista\/vivienda\/credito-a-la-vivienda-registra-tendencia-a-la-baja-bbva\/\" \/>\n<meta property=\"og:locale\" content=\"es_ES\" \/>\n<meta property=\"og:type\" content=\"article\" \/>\n<meta property=\"og:title\" content=\"Cr\u00e9dito a la vivienda registra tendencia a la baja: BBVA\" \/>\n<meta property=\"og:description\" content=\"BBVA se\u00f1al\u00f3 que el cr\u00e9dito a la vivienda, junto con los cr\u00e9ditos al consumo y al sector privado acent\u00faan su ca\u00edda en el mes de agosto\" \/>\n<meta property=\"og:url\" content=\"https:\/\/centrourbano.com\/revista\/vivienda\/credito-a-la-vivienda-registra-tendencia-a-la-baja-bbva\/\" \/>\n<meta property=\"og:site_name\" content=\"Centro Urbano\" \/>\n<meta property=\"article:publisher\" content=\"https:\/\/www.facebook.com\/portalcentrourbano\" \/>\n<meta property=\"article:published_time\" content=\"2020-10-22T15:01:16+00:00\" \/>\n<meta property=\"article:modified_time\" content=\"2020-10-22T18:34:39+00:00\" \/>\n<meta property=\"og:image\" content=\"https:\/\/centrourbano.com\/revista\/wp-content\/uploads\/creditos-vivienda-1.jpg\" \/>\n\t<meta property=\"og:image:width\" content=\"1280\" \/>\n\t<meta property=\"og:image:height\" content=\"961\" \/>\n\t<meta property=\"og:image:type\" content=\"image\/jpeg\" \/>\n<meta name=\"author\" content=\"Antonio Garc\u00eda\" \/>\n<meta name=\"twitter:card\" content=\"summary_large_image\" \/>\n<meta name=\"twitter:creator\" content=\"@https:\/\/twitter.com\/TGarper\" \/>\n<meta name=\"twitter:site\" content=\"@CentroUrbano\" \/>\n<meta name=\"twitter:label1\" content=\"Escrito por\" \/>\n\t<meta name=\"twitter:data1\" content=\"Antonio Garc\u00eda\" \/>\n\t<meta name=\"twitter:label2\" content=\"Tiempo de lectura\" \/>\n\t<meta name=\"twitter:data2\" content=\"3 minutos\" \/>\n<script type=\"application\/ld+json\" class=\"yoast-schema-graph\">{\"@context\":\"https:\\\/\\\/schema.org\",\"@graph\":[{\"@type\":\"Article\",\"@id\":\"https:\\\/\\\/centrourbano.com\\\/revista\\\/vivienda\\\/credito-a-la-vivienda-registra-tendencia-a-la-baja-bbva\\\/#article\",\"isPartOf\":{\"@id\":\"https:\\\/\\\/centrourbano.com\\\/revista\\\/vivienda\\\/credito-a-la-vivienda-registra-tendencia-a-la-baja-bbva\\\/\"},\"author\":{\"name\":\"Antonio Garc\u00eda\",\"@id\":\"https:\\\/\\\/centrourbano.com\\\/revista\\\/#\\\/schema\\\/person\\\/d12ede3164a0881bab68f5868d5dfe8c\"},\"headline\":\"Cr\u00e9dito a la vivienda registra tendencia a la baja: BBVA\",\"datePublished\":\"2020-10-22T15:01:16+00:00\",\"dateModified\":\"2020-10-22T18:34:39+00:00\",\"mainEntityOfPage\":{\"@id\":\"https:\\\/\\\/centrourbano.com\\\/revista\\\/vivienda\\\/credito-a-la-vivienda-registra-tendencia-a-la-baja-bbva\\\/\"},\"wordCount\":629,\"commentCount\":0,\"publisher\":{\"@id\":\"https:\\\/\\\/centrourbano.com\\\/revista\\\/#organization\"},\"image\":{\"@id\":\"https:\\\/\\\/centrourbano.com\\\/revista\\\/vivienda\\\/credito-a-la-vivienda-registra-tendencia-a-la-baja-bbva\\\/#primaryimage\"},\"thumbnailUrl\":\"https:\\\/\\\/centrourbano.com\\\/revista\\\/wp-content\\\/uploads\\\/creditos-vivienda-1.jpg\",\"keywords\":[\"BBVA\",\"Colocaci\u00f3n de cr\u00e9dito\",\"consumo\",\"cr\u00e9dito a la vivienda\",\"cr\u00e9dito vigente otorgado\",\"desaceleraci\u00f3n de cr\u00e9dito\",\"Sector Privado\",\"sector privado no financiero\",\"tendencia a la baja\",\"vivienda\"],\"articleSection\":[\"Vivienda\"],\"inLanguage\":\"es\",\"potentialAction\":[{\"@type\":\"CommentAction\",\"name\":\"Comment\",\"target\":[\"https:\\\/\\\/centrourbano.com\\\/revista\\\/vivienda\\\/credito-a-la-vivienda-registra-tendencia-a-la-baja-bbva\\\/#respond\"]}]},{\"@type\":\"WebPage\",\"@id\":\"https:\\\/\\\/centrourbano.com\\\/revista\\\/vivienda\\\/credito-a-la-vivienda-registra-tendencia-a-la-baja-bbva\\\/\",\"url\":\"https:\\\/\\\/centrourbano.com\\\/revista\\\/vivienda\\\/credito-a-la-vivienda-registra-tendencia-a-la-baja-bbva\\\/\",\"name\":\"Cr\u00e9dito a la vivienda registra tendencia a la baja: BBVA\",\"isPartOf\":{\"@id\":\"https:\\\/\\\/centrourbano.com\\\/revista\\\/#website\"},\"primaryImageOfPage\":{\"@id\":\"https:\\\/\\\/centrourbano.com\\\/revista\\\/vivienda\\\/credito-a-la-vivienda-registra-tendencia-a-la-baja-bbva\\\/#primaryimage\"},\"image\":{\"@id\":\"https:\\\/\\\/centrourbano.com\\\/revista\\\/vivienda\\\/credito-a-la-vivienda-registra-tendencia-a-la-baja-bbva\\\/#primaryimage\"},\"thumbnailUrl\":\"https:\\\/\\\/centrourbano.com\\\/revista\\\/wp-content\\\/uploads\\\/creditos-vivienda-1.jpg\",\"datePublished\":\"2020-10-22T15:01:16+00:00\",\"dateModified\":\"2020-10-22T18:34:39+00:00\",\"description\":\"BBVA se\u00f1al\u00f3 que el cr\u00e9dito a la vivienda, junto con los cr\u00e9ditos al consumo y al sector privado acent\u00faan su ca\u00edda en el mes de agosto\",\"breadcrumb\":{\"@id\":\"https:\\\/\\\/centrourbano.com\\\/revista\\\/vivienda\\\/credito-a-la-vivienda-registra-tendencia-a-la-baja-bbva\\\/#breadcrumb\"},\"inLanguage\":\"es\",\"potentialAction\":[{\"@type\":\"ReadAction\",\"target\":[\"https:\\\/\\\/centrourbano.com\\\/revista\\\/vivienda\\\/credito-a-la-vivienda-registra-tendencia-a-la-baja-bbva\\\/\"]}]},{\"@type\":\"ImageObject\",\"inLanguage\":\"es\",\"@id\":\"https:\\\/\\\/centrourbano.com\\\/revista\\\/vivienda\\\/credito-a-la-vivienda-registra-tendencia-a-la-baja-bbva\\\/#primaryimage\",\"url\":\"https:\\\/\\\/centrourbano.com\\\/revista\\\/wp-content\\\/uploads\\\/creditos-vivienda-1.jpg\",\"contentUrl\":\"https:\\\/\\\/centrourbano.com\\\/revista\\\/wp-content\\\/uploads\\\/creditos-vivienda-1.jpg\",\"width\":1280,\"height\":961,\"caption\":\"BBVA se\u00f1al\u00f3 que el cr\u00e9dito a la vivienda, junto con los cr\u00e9ditos al consumo y al sector privado acent\u00faan su ca\u00edda en el mes de agosto\"},{\"@type\":\"BreadcrumbList\",\"@id\":\"https:\\\/\\\/centrourbano.com\\\/revista\\\/vivienda\\\/credito-a-la-vivienda-registra-tendencia-a-la-baja-bbva\\\/#breadcrumb\",\"itemListElement\":[{\"@type\":\"ListItem\",\"position\":1,\"name\":\"Portada\",\"item\":\"https:\\\/\\\/centrourbano.com\\\/revista\\\/\"},{\"@type\":\"ListItem\",\"position\":2,\"name\":\"Cr\u00e9dito a la vivienda registra tendencia a la baja: BBVA\"}]},{\"@type\":\"WebSite\",\"@id\":\"https:\\\/\\\/centrourbano.com\\\/revista\\\/#website\",\"url\":\"https:\\\/\\\/centrourbano.com\\\/revista\\\/\",\"name\":\"Centro Urbano\",\"description\":\"Medio especializado en los sectores vivienda, inmobiliario, construcci\u00f3n, arquitectura y urbanismo.\",\"publisher\":{\"@id\":\"https:\\\/\\\/centrourbano.com\\\/revista\\\/#organization\"},\"potentialAction\":[{\"@type\":\"SearchAction\",\"target\":{\"@type\":\"EntryPoint\",\"urlTemplate\":\"https:\\\/\\\/centrourbano.com\\\/revista\\\/?s={search_term_string}\"},\"query-input\":{\"@type\":\"PropertyValueSpecification\",\"valueRequired\":true,\"valueName\":\"search_term_string\"}}],\"inLanguage\":\"es\"},{\"@type\":\"Organization\",\"@id\":\"https:\\\/\\\/centrourbano.com\\\/revista\\\/#organization\",\"name\":\"Centro Urbano\",\"url\":\"https:\\\/\\\/centrourbano.com\\\/revista\\\/\",\"logo\":{\"@type\":\"ImageObject\",\"inLanguage\":\"es\",\"@id\":\"https:\\\/\\\/centrourbano.com\\\/revista\\\/#\\\/schema\\\/logo\\\/image\\\/\",\"url\":\"https:\\\/\\\/centrourbano.com\\\/revista\\\/wp-content\\\/uploads\\\/web_CU_logo-1.png\",\"contentUrl\":\"https:\\\/\\\/centrourbano.com\\\/revista\\\/wp-content\\\/uploads\\\/web_CU_logo-1.png\",\"width\":350,\"height\":91,\"caption\":\"Centro Urbano\"},\"image\":{\"@id\":\"https:\\\/\\\/centrourbano.com\\\/revista\\\/#\\\/schema\\\/logo\\\/image\\\/\"},\"sameAs\":[\"https:\\\/\\\/www.facebook.com\\\/portalcentrourbano\",\"https:\\\/\\\/x.com\\\/CentroUrbano\",\"https:\\\/\\\/www.instagram.com\\\/centro_urbano\\\/\",\"https:\\\/\\\/www.linkedin.com\\\/company\\\/centro-urbano\\\/\",\"http:\\\/\\\/www.youtube.com\\\/user\\\/portalcentrourbano\"]},{\"@type\":\"Person\",\"@id\":\"https:\\\/\\\/centrourbano.com\\\/revista\\\/#\\\/schema\\\/person\\\/d12ede3164a0881bab68f5868d5dfe8c\",\"name\":\"Antonio Garc\u00eda\",\"image\":{\"@type\":\"ImageObject\",\"inLanguage\":\"es\",\"@id\":\"https:\\\/\\\/secure.gravatar.com\\\/avatar\\\/68b7fcfc82d16a702310836698db1d823c3fb3b28e1f0938164455de47d96d82?s=96&d=mm&r=g\",\"url\":\"https:\\\/\\\/secure.gravatar.com\\\/avatar\\\/68b7fcfc82d16a702310836698db1d823c3fb3b28e1f0938164455de47d96d82?s=96&d=mm&r=g\",\"contentUrl\":\"https:\\\/\\\/secure.gravatar.com\\\/avatar\\\/68b7fcfc82d16a702310836698db1d823c3fb3b28e1f0938164455de47d96d82?s=96&d=mm&r=g\",\"caption\":\"Antonio Garc\u00eda\"},\"description\":\"Integrante del equipo editorial en Centro Urbano. Egresado de la carrera de Econom\u00eda (preespecialidad en Desarrollo Regional) en el IPN y de Matem\u00e1ticas Aplicadas y Computaci\u00f3n en la UNAM. Apasionado de los temas inherentes al desarrollo urbano-regional y estudios formales -e informales- sobre la ciudad y la econom\u00eda urbana.\",\"sameAs\":[\"https:\\\/\\\/www.instagram.com\\\/caminante_en_la_ciudad\\\/?hl=es-la\",\"https:\\\/\\\/x.com\\\/https:\\\/\\\/twitter.com\\\/TGarper\"],\"url\":\"https:\\\/\\\/centrourbano.com\\\/revista\\\/author\\\/antonio-garcia\\\/\"}]}<\/script>\n<!-- \/ Yoast SEO plugin. -->","yoast_head_json":{"title":"Cr\u00e9dito a la vivienda registra tendencia a la baja: BBVA","description":"BBVA se\u00f1al\u00f3 que el cr\u00e9dito a la vivienda, junto con los cr\u00e9ditos al consumo y al sector privado acent\u00faan su ca\u00edda en el mes de agosto","robots":{"index":"index","follow":"follow","max-snippet":"max-snippet:-1","max-image-preview":"max-image-preview:large","max-video-preview":"max-video-preview:-1"},"canonical":"https:\/\/centrourbano.com\/revista\/vivienda\/credito-a-la-vivienda-registra-tendencia-a-la-baja-bbva\/","og_locale":"es_ES","og_type":"article","og_title":"Cr\u00e9dito a la vivienda registra tendencia a la baja: BBVA","og_description":"BBVA se\u00f1al\u00f3 que el cr\u00e9dito a la vivienda, junto con los cr\u00e9ditos al consumo y al sector privado acent\u00faan su ca\u00edda en el mes de agosto","og_url":"https:\/\/centrourbano.com\/revista\/vivienda\/credito-a-la-vivienda-registra-tendencia-a-la-baja-bbva\/","og_site_name":"Centro Urbano","article_publisher":"https:\/\/www.facebook.com\/portalcentrourbano","article_published_time":"2020-10-22T15:01:16+00:00","article_modified_time":"2020-10-22T18:34:39+00:00","og_image":[{"width":1280,"height":961,"url":"https:\/\/centrourbano.com\/revista\/wp-content\/uploads\/creditos-vivienda-1.jpg","type":"image\/jpeg"}],"author":"Antonio Garc\u00eda","twitter_card":"summary_large_image","twitter_creator":"@https:\/\/twitter.com\/TGarper","twitter_site":"@CentroUrbano","twitter_misc":{"Escrito por":"Antonio Garc\u00eda","Tiempo de lectura":"3 minutos"},"schema":{"@context":"https:\/\/schema.org","@graph":[{"@type":"Article","@id":"https:\/\/centrourbano.com\/revista\/vivienda\/credito-a-la-vivienda-registra-tendencia-a-la-baja-bbva\/#article","isPartOf":{"@id":"https:\/\/centrourbano.com\/revista\/vivienda\/credito-a-la-vivienda-registra-tendencia-a-la-baja-bbva\/"},"author":{"name":"Antonio Garc\u00eda","@id":"https:\/\/centrourbano.com\/revista\/#\/schema\/person\/d12ede3164a0881bab68f5868d5dfe8c"},"headline":"Cr\u00e9dito a la vivienda registra tendencia a la baja: BBVA","datePublished":"2020-10-22T15:01:16+00:00","dateModified":"2020-10-22T18:34:39+00:00","mainEntityOfPage":{"@id":"https:\/\/centrourbano.com\/revista\/vivienda\/credito-a-la-vivienda-registra-tendencia-a-la-baja-bbva\/"},"wordCount":629,"commentCount":0,"publisher":{"@id":"https:\/\/centrourbano.com\/revista\/#organization"},"image":{"@id":"https:\/\/centrourbano.com\/revista\/vivienda\/credito-a-la-vivienda-registra-tendencia-a-la-baja-bbva\/#primaryimage"},"thumbnailUrl":"https:\/\/centrourbano.com\/revista\/wp-content\/uploads\/creditos-vivienda-1.jpg","keywords":["BBVA","Colocaci\u00f3n de cr\u00e9dito","consumo","cr\u00e9dito a la vivienda","cr\u00e9dito vigente otorgado","desaceleraci\u00f3n de cr\u00e9dito","Sector Privado","sector privado no financiero","tendencia a la baja","vivienda"],"articleSection":["Vivienda"],"inLanguage":"es","potentialAction":[{"@type":"CommentAction","name":"Comment","target":["https:\/\/centrourbano.com\/revista\/vivienda\/credito-a-la-vivienda-registra-tendencia-a-la-baja-bbva\/#respond"]}]},{"@type":"WebPage","@id":"https:\/\/centrourbano.com\/revista\/vivienda\/credito-a-la-vivienda-registra-tendencia-a-la-baja-bbva\/","url":"https:\/\/centrourbano.com\/revista\/vivienda\/credito-a-la-vivienda-registra-tendencia-a-la-baja-bbva\/","name":"Cr\u00e9dito a la vivienda registra tendencia a la baja: BBVA","isPartOf":{"@id":"https:\/\/centrourbano.com\/revista\/#website"},"primaryImageOfPage":{"@id":"https:\/\/centrourbano.com\/revista\/vivienda\/credito-a-la-vivienda-registra-tendencia-a-la-baja-bbva\/#primaryimage"},"image":{"@id":"https:\/\/centrourbano.com\/revista\/vivienda\/credito-a-la-vivienda-registra-tendencia-a-la-baja-bbva\/#primaryimage"},"thumbnailUrl":"https:\/\/centrourbano.com\/revista\/wp-content\/uploads\/creditos-vivienda-1.jpg","datePublished":"2020-10-22T15:01:16+00:00","dateModified":"2020-10-22T18:34:39+00:00","description":"BBVA se\u00f1al\u00f3 que el cr\u00e9dito a la vivienda, junto con los cr\u00e9ditos al consumo y al sector privado acent\u00faan su ca\u00edda en el mes de agosto","breadcrumb":{"@id":"https:\/\/centrourbano.com\/revista\/vivienda\/credito-a-la-vivienda-registra-tendencia-a-la-baja-bbva\/#breadcrumb"},"inLanguage":"es","potentialAction":[{"@type":"ReadAction","target":["https:\/\/centrourbano.com\/revista\/vivienda\/credito-a-la-vivienda-registra-tendencia-a-la-baja-bbva\/"]}]},{"@type":"ImageObject","inLanguage":"es","@id":"https:\/\/centrourbano.com\/revista\/vivienda\/credito-a-la-vivienda-registra-tendencia-a-la-baja-bbva\/#primaryimage","url":"https:\/\/centrourbano.com\/revista\/wp-content\/uploads\/creditos-vivienda-1.jpg","contentUrl":"https:\/\/centrourbano.com\/revista\/wp-content\/uploads\/creditos-vivienda-1.jpg","width":1280,"height":961,"caption":"BBVA se\u00f1al\u00f3 que el cr\u00e9dito a la vivienda, junto con los cr\u00e9ditos al consumo y al sector privado acent\u00faan su ca\u00edda en el mes de agosto"},{"@type":"BreadcrumbList","@id":"https:\/\/centrourbano.com\/revista\/vivienda\/credito-a-la-vivienda-registra-tendencia-a-la-baja-bbva\/#breadcrumb","itemListElement":[{"@type":"ListItem","position":1,"name":"Portada","item":"https:\/\/centrourbano.com\/revista\/"},{"@type":"ListItem","position":2,"name":"Cr\u00e9dito a la vivienda registra tendencia a la baja: BBVA"}]},{"@type":"WebSite","@id":"https:\/\/centrourbano.com\/revista\/#website","url":"https:\/\/centrourbano.com\/revista\/","name":"Centro Urbano","description":"Medio especializado en los sectores vivienda, inmobiliario, construcci\u00f3n, arquitectura y urbanismo.","publisher":{"@id":"https:\/\/centrourbano.com\/revista\/#organization"},"potentialAction":[{"@type":"SearchAction","target":{"@type":"EntryPoint","urlTemplate":"https:\/\/centrourbano.com\/revista\/?s={search_term_string}"},"query-input":{"@type":"PropertyValueSpecification","valueRequired":true,"valueName":"search_term_string"}}],"inLanguage":"es"},{"@type":"Organization","@id":"https:\/\/centrourbano.com\/revista\/#organization","name":"Centro Urbano","url":"https:\/\/centrourbano.com\/revista\/","logo":{"@type":"ImageObject","inLanguage":"es","@id":"https:\/\/centrourbano.com\/revista\/#\/schema\/logo\/image\/","url":"https:\/\/centrourbano.com\/revista\/wp-content\/uploads\/web_CU_logo-1.png","contentUrl":"https:\/\/centrourbano.com\/revista\/wp-content\/uploads\/web_CU_logo-1.png","width":350,"height":91,"caption":"Centro Urbano"},"image":{"@id":"https:\/\/centrourbano.com\/revista\/#\/schema\/logo\/image\/"},"sameAs":["https:\/\/www.facebook.com\/portalcentrourbano","https:\/\/x.com\/CentroUrbano","https:\/\/www.instagram.com\/centro_urbano\/","https:\/\/www.linkedin.com\/company\/centro-urbano\/","http:\/\/www.youtube.com\/user\/portalcentrourbano"]},{"@type":"Person","@id":"https:\/\/centrourbano.com\/revista\/#\/schema\/person\/d12ede3164a0881bab68f5868d5dfe8c","name":"Antonio Garc\u00eda","image":{"@type":"ImageObject","inLanguage":"es","@id":"https:\/\/secure.gravatar.com\/avatar\/68b7fcfc82d16a702310836698db1d823c3fb3b28e1f0938164455de47d96d82?s=96&d=mm&r=g","url":"https:\/\/secure.gravatar.com\/avatar\/68b7fcfc82d16a702310836698db1d823c3fb3b28e1f0938164455de47d96d82?s=96&d=mm&r=g","contentUrl":"https:\/\/secure.gravatar.com\/avatar\/68b7fcfc82d16a702310836698db1d823c3fb3b28e1f0938164455de47d96d82?s=96&d=mm&r=g","caption":"Antonio Garc\u00eda"},"description":"Integrante del equipo editorial en Centro Urbano. Egresado de la carrera de Econom\u00eda (preespecialidad en Desarrollo Regional) en el IPN y de Matem\u00e1ticas Aplicadas y Computaci\u00f3n en la UNAM. Apasionado de los temas inherentes al desarrollo urbano-regional y estudios formales -e informales- sobre la ciudad y la econom\u00eda urbana.","sameAs":["https:\/\/www.instagram.com\/caminante_en_la_ciudad\/?hl=es-la","https:\/\/x.com\/https:\/\/twitter.com\/TGarper"],"url":"https:\/\/centrourbano.com\/revista\/author\/antonio-garcia\/"}]}},"_links":{"self":[{"href":"https:\/\/centrourbano.com\/revista\/wp-json\/wp\/v2\/posts\/112490","targetHints":{"allow":["GET"]}}],"collection":[{"href":"https:\/\/centrourbano.com\/revista\/wp-json\/wp\/v2\/posts"}],"about":[{"href":"https:\/\/centrourbano.com\/revista\/wp-json\/wp\/v2\/types\/post"}],"author":[{"embeddable":true,"href":"https:\/\/centrourbano.com\/revista\/wp-json\/wp\/v2\/users\/75"}],"replies":[{"embeddable":true,"href":"https:\/\/centrourbano.com\/revista\/wp-json\/wp\/v2\/comments?post=112490"}],"version-history":[{"count":1,"href":"https:\/\/centrourbano.com\/revista\/wp-json\/wp\/v2\/posts\/112490\/revisions"}],"predecessor-version":[{"id":112492,"href":"https:\/\/centrourbano.com\/revista\/wp-json\/wp\/v2\/posts\/112490\/revisions\/112492"}],"wp:featuredmedia":[{"embeddable":true,"href":"https:\/\/centrourbano.com\/revista\/wp-json\/wp\/v2\/media\/112493"}],"wp:attachment":[{"href":"https:\/\/centrourbano.com\/revista\/wp-json\/wp\/v2\/media?parent=112490"}],"wp:term":[{"taxonomy":"category","embeddable":true,"href":"https:\/\/centrourbano.com\/revista\/wp-json\/wp\/v2\/categories?post=112490"},{"taxonomy":"post_tag","embeddable":true,"href":"https:\/\/centrourbano.com\/revista\/wp-json\/wp\/v2\/tags?post=112490"}],"curies":[{"name":"wp","href":"https:\/\/api.w.org\/{rel}","templated":true}]}}