{"id":112202,"date":"2020-10-14T13:30:43","date_gmt":"2020-10-14T18:30:43","guid":{"rendered":"https:\/\/centrourbano.com\/?p=112202"},"modified":"2020-10-14T17:41:14","modified_gmt":"2020-10-14T22:41:14","slug":"artha-capital-anuncia-inversion-por-35000-mdp-en-naucalpan","status":"publish","type":"post","link":"https:\/\/centrourbano.com\/revista\/inmobiliario\/artha-capital-anuncia-inversion-por-35000-mdp-en-naucalpan\/","title":{"rendered":"Artha Capital anuncia inversi\u00f3n por 35,000 mdp en Naucalpan"},"content":{"rendered":"<p><em>La firma detonar\u00e1 un proyecto inmobiliario integral, que contempla elementos como vivienda, oficinas, un centro comercial, un hospital, y un centro de investigaci\u00f3n automotriz<\/em><!--more--><\/p>\n<p>El fondo de inversi\u00f3n <strong>Artha Capital<\/strong> impulsar\u00e1 un proyecto ambicioso de <strong>usos mixtos<\/strong> al poniente del Valle de M\u00e9xico. Se trata del <strong>Desarrollo Latiz<\/strong>, el cual contempla una extensi\u00f3n de 190 hect\u00e1reas y una inversi\u00f3n del orden de los 35,000 millones de pesos.<\/p>\n<p>Este mi\u00e9rcoles, se dio la presentaci\u00f3n oficial del proyecto. El acto estuvo encabezado por el gobernador del Estado de M\u00e9xico, <strong>Alfredo del Mazo<\/strong>, y <strong>Germ\u00e1n Ahumada Alduncin<\/strong>, socio fundador y copresidente de Artha Capital.<\/p>\n<h4>Caracter\u00edsticas<\/h4>\n<p>El <a href=\"https:\/\/centrourbano.com\/inmobiliario\/\" target=\"_blank\" rel=\"noopener noreferrer\">proyecto inmobiliario<\/a> contar\u00e1 con diversos componentes, entre ellos <strong>vivienda<\/strong>, <strong>centro comercial<\/strong>, <strong>oficinas<\/strong> y un <strong>hospital<\/strong>; esto, adem\u00e1s de un <strong>Centro de Investigaci\u00f3n Automotriz<\/strong>. El objetivo, de acuerdo con los impulsores del desarrollo, es concebir un proyecto que pugne por un crecimiento ordenado, que permita a sus habitantes contar con los espacios necesarios para trabajar, vivir y proveer sus necesidades b\u00e1sicas.<\/p>\n<p>Al respecto, a decir de Germ\u00e1n Ahumada, el proyecto apuesta por un <strong><a href=\"https:\/\/www.youtube.com\/watch?v=Y5746HwiV5g\" target=\"_blank\" rel=\"noopener noreferrer\">desarrollo integral<\/a> de la zona<\/strong>. A\u00f1adi\u00f3 que el Desarrollo Latiz contempla elementos como sustentabilidad, calidad e infraestructura; adem\u00e1s de un gran componente verde.<\/p>\n<p>En lo referente, explic\u00f3 que de las 190 hect\u00e1reas que contempla el desarrollo, 110 ser\u00e1n aprovechables, mientras que 80 se destinar\u00e1n para \u00e1reas verdes, 16 de \u00e9stas de conservaci\u00f3n.<\/p>\n<p>\u201cEste proyecto ya es una realidad. Vemos el crecimiento urbano en las diversas ciudades, y creo que <strong>el hacer un desarrollo ordenado<\/strong> como este es una gran ventaja (\u2026)<\/p>\n<p>\u201cTodo el proyecto ser\u00e1 <strong>desarrollado bajo el concepto<\/strong> que las familias puedan vivir, puedan trabajar y disfrutar de las diversas \u00e1reas que hay en el desarrollo\u201d, apunt\u00f3.<\/p>\n<p>Cabe destacar que en la primera etapa, ya se puso en marcha la construcci\u00f3n del <strong>Centro de Investigaci\u00f3n Automotriz<\/strong>. De acuerdo con Ahumada Alduncin, ya est\u00e1 en proceso la planeaci\u00f3n del <strong>Centro Comercial<\/strong>, el cual estar\u00e1 anclado por Ikea.<\/p>\n<h4>Confianza en el Edomex<\/h4>\n<p>Durante su participaci\u00f3n, el gobernador del Estado de M\u00e9xico, <strong>Alfredo del Mazo<\/strong>, destac\u00f3 que esta inversi\u00f3n refrenda la confianza del sector por invertir en la demarcaci\u00f3n. En el camino a la recuperaci\u00f3n tras el Covid-19, dijo, uno de los objetivos de la administraci\u00f3n estatal es facilitar la llegada de nuevos proyectos.<\/p>\n<p>Sobre Latiz, el mandatario mexiquense se\u00f1al\u00f3 que ser\u00e1 proyecto m\u00e1s importante de Naucalpan, y uno de los m\u00e1s relevantes que se desarrollen en la entidad. Destac\u00f3 que tan s\u00f3lo para la primera etapa, la inversi\u00f3n prevista asciende a <strong>12,000 millones de pesos para los pr\u00f3ximos tres a\u00f1os<\/strong>.<\/p>\n<p>En este sentido, destac\u00f3 la generaci\u00f3n de empleos que se dar\u00e1 con el proyecto. Dijo que se prev\u00e9 crear alrededor de 20,000 empleos directos. A\u00f1adi\u00f3 que este punto es relevante, sobre todo en el marco del escenario postcovid.<\/p>\n","protected":false},"excerpt":{"rendered":"<p>La firma detonar\u00e1 un proyecto inmobiliario integral, que contempla elementos como vivienda, oficinas, un centro comercial, un hospital, y un centro de investigaci\u00f3n automotriz<\/p>\n","protected":false},"author":47,"featured_media":112204,"comment_status":"open","ping_status":"closed","sticky":false,"template":"","format":"standard","meta":{"om_disable_all_campaigns":false,"inline_featured_image":false,"_monsterinsights_skip_tracking":false,"_monsterinsights_sitenote_active":false,"_monsterinsights_sitenote_note":"","_monsterinsights_sitenote_category":0,"footnotes":""},"categories":[15],"tags":[11543,3837,19943,19945,19944],"class_list":["post-112202","post","type-post","status-publish","format-standard","has-post-thumbnail","hentry","category-inmobiliario","tag-alfredo-del-mazo","tag-artha-capital","tag-desarrollo-latiz","tag-german-ahumada-alduncin","tag-nauculpan"],"yoast_head":"<!-- This site is optimized with the Yoast SEO plugin v27.4 - https:\/\/yoast.com\/product\/yoast-seo-wordpress\/ -->\n<title>Artha Capital anuncia inversi\u00f3n por 35,000 mdp en Naucalpan<\/title>\n<meta name=\"description\" content=\"La firma detonar\u00e1 un proyecto inmobiliario integral, que contempla elementos como vivienda, oficinas... Artha Capital anuncia inversi\u00f3n por.\" \/>\n<meta name=\"robots\" content=\"index, follow, max-snippet:-1, max-image-preview:large, max-video-preview:-1\" \/>\n<link rel=\"canonical\" href=\"https:\/\/centrourbano.com\/revista\/inmobiliario\/artha-capital-anuncia-inversion-por-35000-mdp-en-naucalpan\/\" \/>\n<meta property=\"og:locale\" content=\"es_ES\" \/>\n<meta property=\"og:type\" content=\"article\" \/>\n<meta property=\"og:title\" content=\"Artha Capital anuncia inversi\u00f3n por 35,000 mdp en Naucalpan\" \/>\n<meta property=\"og:description\" content=\"La firma detonar\u00e1 un proyecto inmobiliario integral, que contempla elementos como vivienda, oficinas... Artha Capital anuncia inversi\u00f3n por.\" \/>\n<meta property=\"og:url\" content=\"https:\/\/centrourbano.com\/revista\/inmobiliario\/artha-capital-anuncia-inversion-por-35000-mdp-en-naucalpan\/\" \/>\n<meta property=\"og:site_name\" content=\"Centro Urbano\" \/>\n<meta property=\"article:publisher\" content=\"https:\/\/www.facebook.com\/portalcentrourbano\" \/>\n<meta property=\"article:published_time\" content=\"2020-10-14T18:30:43+00:00\" \/>\n<meta property=\"article:modified_time\" content=\"2020-10-14T22:41:14+00:00\" \/>\n<meta property=\"og:image\" content=\"https:\/\/centrourbano.com\/revista\/wp-content\/uploads\/Artha-Capital-impulsa-inversion-por-35000-mdp-en-Naucalpan-Usos-Mixtos-Alfredo-del-Mazo.jpeg\" \/>\n\t<meta property=\"og:image:width\" content=\"800\" \/>\n\t<meta property=\"og:image:height\" content=\"451\" \/>\n\t<meta property=\"og:image:type\" content=\"image\/jpeg\" \/>\n<meta name=\"author\" content=\"Edgar Rosas\" \/>\n<meta name=\"twitter:card\" content=\"summary_large_image\" \/>\n<meta name=\"twitter:creator\" content=\"@https:\/\/twitter.com\/ERosasCU?s=09\" \/>\n<meta name=\"twitter:site\" content=\"@CentroUrbano\" \/>\n<meta name=\"twitter:label1\" content=\"Escrito por\" \/>\n\t<meta name=\"twitter:data1\" content=\"Edgar Rosas\" \/>\n\t<meta name=\"twitter:label2\" content=\"Tiempo de lectura\" \/>\n\t<meta name=\"twitter:data2\" content=\"2 minutos\" \/>\n<script type=\"application\/ld+json\" class=\"yoast-schema-graph\">{\"@context\":\"https:\\\/\\\/schema.org\",\"@graph\":[{\"@type\":\"Article\",\"@id\":\"https:\\\/\\\/centrourbano.com\\\/revista\\\/inmobiliario\\\/artha-capital-anuncia-inversion-por-35000-mdp-en-naucalpan\\\/#article\",\"isPartOf\":{\"@id\":\"https:\\\/\\\/centrourbano.com\\\/revista\\\/inmobiliario\\\/artha-capital-anuncia-inversion-por-35000-mdp-en-naucalpan\\\/\"},\"author\":{\"name\":\"Edgar Rosas\",\"@id\":\"https:\\\/\\\/centrourbano.com\\\/revista\\\/#\\\/schema\\\/person\\\/ff3c00651ce5b1630479d2cd0c2e3ac0\"},\"headline\":\"Artha Capital anuncia inversi\u00f3n por 35,000 mdp en Naucalpan\",\"datePublished\":\"2020-10-14T18:30:43+00:00\",\"dateModified\":\"2020-10-14T22:41:14+00:00\",\"mainEntityOfPage\":{\"@id\":\"https:\\\/\\\/centrourbano.com\\\/revista\\\/inmobiliario\\\/artha-capital-anuncia-inversion-por-35000-mdp-en-naucalpan\\\/\"},\"wordCount\":501,\"commentCount\":0,\"publisher\":{\"@id\":\"https:\\\/\\\/centrourbano.com\\\/revista\\\/#organization\"},\"image\":{\"@id\":\"https:\\\/\\\/centrourbano.com\\\/revista\\\/inmobiliario\\\/artha-capital-anuncia-inversion-por-35000-mdp-en-naucalpan\\\/#primaryimage\"},\"thumbnailUrl\":\"https:\\\/\\\/centrourbano.com\\\/revista\\\/wp-content\\\/uploads\\\/Artha-Capital-impulsa-inversion-por-35000-mdp-en-Naucalpan-Usos-Mixtos-Alfredo-del-Mazo.jpeg\",\"keywords\":[\"Alfredo Del Mazo\",\"Artha Capital\",\"Desarrollo Latiz\",\"Germ\u00e1n Ahumada Alduncin\",\"Nauculpan\"],\"articleSection\":[\"Inmobiliario\"],\"inLanguage\":\"es\",\"potentialAction\":[{\"@type\":\"CommentAction\",\"name\":\"Comment\",\"target\":[\"https:\\\/\\\/centrourbano.com\\\/revista\\\/inmobiliario\\\/artha-capital-anuncia-inversion-por-35000-mdp-en-naucalpan\\\/#respond\"]}]},{\"@type\":\"WebPage\",\"@id\":\"https:\\\/\\\/centrourbano.com\\\/revista\\\/inmobiliario\\\/artha-capital-anuncia-inversion-por-35000-mdp-en-naucalpan\\\/\",\"url\":\"https:\\\/\\\/centrourbano.com\\\/revista\\\/inmobiliario\\\/artha-capital-anuncia-inversion-por-35000-mdp-en-naucalpan\\\/\",\"name\":\"Artha Capital anuncia inversi\u00f3n por 35,000 mdp en Naucalpan\",\"isPartOf\":{\"@id\":\"https:\\\/\\\/centrourbano.com\\\/revista\\\/#website\"},\"primaryImageOfPage\":{\"@id\":\"https:\\\/\\\/centrourbano.com\\\/revista\\\/inmobiliario\\\/artha-capital-anuncia-inversion-por-35000-mdp-en-naucalpan\\\/#primaryimage\"},\"image\":{\"@id\":\"https:\\\/\\\/centrourbano.com\\\/revista\\\/inmobiliario\\\/artha-capital-anuncia-inversion-por-35000-mdp-en-naucalpan\\\/#primaryimage\"},\"thumbnailUrl\":\"https:\\\/\\\/centrourbano.com\\\/revista\\\/wp-content\\\/uploads\\\/Artha-Capital-impulsa-inversion-por-35000-mdp-en-Naucalpan-Usos-Mixtos-Alfredo-del-Mazo.jpeg\",\"datePublished\":\"2020-10-14T18:30:43+00:00\",\"dateModified\":\"2020-10-14T22:41:14+00:00\",\"description\":\"La firma detonar\u00e1 un proyecto inmobiliario integral, que contempla elementos como vivienda, oficinas... Artha Capital anuncia inversi\u00f3n por.\",\"breadcrumb\":{\"@id\":\"https:\\\/\\\/centrourbano.com\\\/revista\\\/inmobiliario\\\/artha-capital-anuncia-inversion-por-35000-mdp-en-naucalpan\\\/#breadcrumb\"},\"inLanguage\":\"es\",\"potentialAction\":[{\"@type\":\"ReadAction\",\"target\":[\"https:\\\/\\\/centrourbano.com\\\/revista\\\/inmobiliario\\\/artha-capital-anuncia-inversion-por-35000-mdp-en-naucalpan\\\/\"]}]},{\"@type\":\"ImageObject\",\"inLanguage\":\"es\",\"@id\":\"https:\\\/\\\/centrourbano.com\\\/revista\\\/inmobiliario\\\/artha-capital-anuncia-inversion-por-35000-mdp-en-naucalpan\\\/#primaryimage\",\"url\":\"https:\\\/\\\/centrourbano.com\\\/revista\\\/wp-content\\\/uploads\\\/Artha-Capital-impulsa-inversion-por-35000-mdp-en-Naucalpan-Usos-Mixtos-Alfredo-del-Mazo.jpeg\",\"contentUrl\":\"https:\\\/\\\/centrourbano.com\\\/revista\\\/wp-content\\\/uploads\\\/Artha-Capital-impulsa-inversion-por-35000-mdp-en-Naucalpan-Usos-Mixtos-Alfredo-del-Mazo.jpeg\",\"width\":800,\"height\":451,\"caption\":\"Artha Capital impulsa inversi\u00f3n por 35,000 mdp en Naucalpan-Usos Mixtos-Alfredo del Mazo\"},{\"@type\":\"BreadcrumbList\",\"@id\":\"https:\\\/\\\/centrourbano.com\\\/revista\\\/inmobiliario\\\/artha-capital-anuncia-inversion-por-35000-mdp-en-naucalpan\\\/#breadcrumb\",\"itemListElement\":[{\"@type\":\"ListItem\",\"position\":1,\"name\":\"Portada\",\"item\":\"https:\\\/\\\/centrourbano.com\\\/revista\\\/\"},{\"@type\":\"ListItem\",\"position\":2,\"name\":\"Artha Capital anuncia inversi\u00f3n por 35,000 mdp en Naucalpan\"}]},{\"@type\":\"WebSite\",\"@id\":\"https:\\\/\\\/centrourbano.com\\\/revista\\\/#website\",\"url\":\"https:\\\/\\\/centrourbano.com\\\/revista\\\/\",\"name\":\"Centro Urbano\",\"description\":\"Medio especializado en los sectores vivienda, inmobiliario, construcci\u00f3n, arquitectura y urbanismo.\",\"publisher\":{\"@id\":\"https:\\\/\\\/centrourbano.com\\\/revista\\\/#organization\"},\"potentialAction\":[{\"@type\":\"SearchAction\",\"target\":{\"@type\":\"EntryPoint\",\"urlTemplate\":\"https:\\\/\\\/centrourbano.com\\\/revista\\\/?s={search_term_string}\"},\"query-input\":{\"@type\":\"PropertyValueSpecification\",\"valueRequired\":true,\"valueName\":\"search_term_string\"}}],\"inLanguage\":\"es\"},{\"@type\":\"Organization\",\"@id\":\"https:\\\/\\\/centrourbano.com\\\/revista\\\/#organization\",\"name\":\"Centro Urbano\",\"url\":\"https:\\\/\\\/centrourbano.com\\\/revista\\\/\",\"logo\":{\"@type\":\"ImageObject\",\"inLanguage\":\"es\",\"@id\":\"https:\\\/\\\/centrourbano.com\\\/revista\\\/#\\\/schema\\\/logo\\\/image\\\/\",\"url\":\"https:\\\/\\\/centrourbano.com\\\/revista\\\/wp-content\\\/uploads\\\/web_CU_logo-1.png\",\"contentUrl\":\"https:\\\/\\\/centrourbano.com\\\/revista\\\/wp-content\\\/uploads\\\/web_CU_logo-1.png\",\"width\":350,\"height\":91,\"caption\":\"Centro Urbano\"},\"image\":{\"@id\":\"https:\\\/\\\/centrourbano.com\\\/revista\\\/#\\\/schema\\\/logo\\\/image\\\/\"},\"sameAs\":[\"https:\\\/\\\/www.facebook.com\\\/portalcentrourbano\",\"https:\\\/\\\/x.com\\\/CentroUrbano\",\"https:\\\/\\\/www.instagram.com\\\/centro_urbano\\\/\",\"https:\\\/\\\/www.linkedin.com\\\/company\\\/centro-urbano\\\/\",\"http:\\\/\\\/www.youtube.com\\\/user\\\/portalcentrourbano\"]},{\"@type\":\"Person\",\"@id\":\"https:\\\/\\\/centrourbano.com\\\/revista\\\/#\\\/schema\\\/person\\\/ff3c00651ce5b1630479d2cd0c2e3ac0\",\"name\":\"Edgar Rosas\",\"image\":{\"@type\":\"ImageObject\",\"inLanguage\":\"es\",\"@id\":\"https:\\\/\\\/secure.gravatar.com\\\/avatar\\\/94440c4283495211faa5300bf85e80061036b83fced868c3783aa1310b350d9c?s=96&d=mm&r=g\",\"url\":\"https:\\\/\\\/secure.gravatar.com\\\/avatar\\\/94440c4283495211faa5300bf85e80061036b83fced868c3783aa1310b350d9c?s=96&d=mm&r=g\",\"contentUrl\":\"https:\\\/\\\/secure.gravatar.com\\\/avatar\\\/94440c4283495211faa5300bf85e80061036b83fced868c3783aa1310b350d9c?s=96&d=mm&r=g\",\"caption\":\"Edgar Rosas\"},\"description\":\"Editor en Jefe de Centro Urbano. Egresado de la maestr\u00eda en Periodismo Pol\u00edtico de la Escuela de Periodismo Carlos Septi\u00e9n Garc\u00eda (EPCSG). Estudi\u00f3 la licenciatura en Comunicaci\u00f3n en la Universidad Mexicana. Amante de la cr\u00f3nica y el reportaje. Admirador de Vicente Le\u00f1ero y Miguel \u00c1ngel Granados Chapa.\",\"sameAs\":[\"https:\\\/\\\/x.com\\\/https:\\\/\\\/twitter.com\\\/ERosasCU?s=09\"],\"url\":\"https:\\\/\\\/centrourbano.com\\\/revista\\\/author\\\/edgar-rosas\\\/\"}]}<\/script>\n<!-- \/ Yoast SEO plugin. -->","yoast_head_json":{"title":"Artha Capital anuncia inversi\u00f3n por 35,000 mdp en Naucalpan","description":"La firma detonar\u00e1 un proyecto inmobiliario integral, que contempla elementos como vivienda, oficinas... Artha Capital anuncia inversi\u00f3n por.","robots":{"index":"index","follow":"follow","max-snippet":"max-snippet:-1","max-image-preview":"max-image-preview:large","max-video-preview":"max-video-preview:-1"},"canonical":"https:\/\/centrourbano.com\/revista\/inmobiliario\/artha-capital-anuncia-inversion-por-35000-mdp-en-naucalpan\/","og_locale":"es_ES","og_type":"article","og_title":"Artha Capital anuncia inversi\u00f3n por 35,000 mdp en Naucalpan","og_description":"La firma detonar\u00e1 un proyecto inmobiliario integral, que contempla elementos como vivienda, oficinas... Artha Capital anuncia inversi\u00f3n por.","og_url":"https:\/\/centrourbano.com\/revista\/inmobiliario\/artha-capital-anuncia-inversion-por-35000-mdp-en-naucalpan\/","og_site_name":"Centro Urbano","article_publisher":"https:\/\/www.facebook.com\/portalcentrourbano","article_published_time":"2020-10-14T18:30:43+00:00","article_modified_time":"2020-10-14T22:41:14+00:00","og_image":[{"width":800,"height":451,"url":"https:\/\/centrourbano.com\/revista\/wp-content\/uploads\/Artha-Capital-impulsa-inversion-por-35000-mdp-en-Naucalpan-Usos-Mixtos-Alfredo-del-Mazo.jpeg","type":"image\/jpeg"}],"author":"Edgar Rosas","twitter_card":"summary_large_image","twitter_creator":"@https:\/\/twitter.com\/ERosasCU?s=09","twitter_site":"@CentroUrbano","twitter_misc":{"Escrito por":"Edgar Rosas","Tiempo de lectura":"2 minutos"},"schema":{"@context":"https:\/\/schema.org","@graph":[{"@type":"Article","@id":"https:\/\/centrourbano.com\/revista\/inmobiliario\/artha-capital-anuncia-inversion-por-35000-mdp-en-naucalpan\/#article","isPartOf":{"@id":"https:\/\/centrourbano.com\/revista\/inmobiliario\/artha-capital-anuncia-inversion-por-35000-mdp-en-naucalpan\/"},"author":{"name":"Edgar Rosas","@id":"https:\/\/centrourbano.com\/revista\/#\/schema\/person\/ff3c00651ce5b1630479d2cd0c2e3ac0"},"headline":"Artha Capital anuncia inversi\u00f3n por 35,000 mdp en Naucalpan","datePublished":"2020-10-14T18:30:43+00:00","dateModified":"2020-10-14T22:41:14+00:00","mainEntityOfPage":{"@id":"https:\/\/centrourbano.com\/revista\/inmobiliario\/artha-capital-anuncia-inversion-por-35000-mdp-en-naucalpan\/"},"wordCount":501,"commentCount":0,"publisher":{"@id":"https:\/\/centrourbano.com\/revista\/#organization"},"image":{"@id":"https:\/\/centrourbano.com\/revista\/inmobiliario\/artha-capital-anuncia-inversion-por-35000-mdp-en-naucalpan\/#primaryimage"},"thumbnailUrl":"https:\/\/centrourbano.com\/revista\/wp-content\/uploads\/Artha-Capital-impulsa-inversion-por-35000-mdp-en-Naucalpan-Usos-Mixtos-Alfredo-del-Mazo.jpeg","keywords":["Alfredo Del Mazo","Artha Capital","Desarrollo Latiz","Germ\u00e1n Ahumada Alduncin","Nauculpan"],"articleSection":["Inmobiliario"],"inLanguage":"es","potentialAction":[{"@type":"CommentAction","name":"Comment","target":["https:\/\/centrourbano.com\/revista\/inmobiliario\/artha-capital-anuncia-inversion-por-35000-mdp-en-naucalpan\/#respond"]}]},{"@type":"WebPage","@id":"https:\/\/centrourbano.com\/revista\/inmobiliario\/artha-capital-anuncia-inversion-por-35000-mdp-en-naucalpan\/","url":"https:\/\/centrourbano.com\/revista\/inmobiliario\/artha-capital-anuncia-inversion-por-35000-mdp-en-naucalpan\/","name":"Artha Capital anuncia inversi\u00f3n por 35,000 mdp en Naucalpan","isPartOf":{"@id":"https:\/\/centrourbano.com\/revista\/#website"},"primaryImageOfPage":{"@id":"https:\/\/centrourbano.com\/revista\/inmobiliario\/artha-capital-anuncia-inversion-por-35000-mdp-en-naucalpan\/#primaryimage"},"image":{"@id":"https:\/\/centrourbano.com\/revista\/inmobiliario\/artha-capital-anuncia-inversion-por-35000-mdp-en-naucalpan\/#primaryimage"},"thumbnailUrl":"https:\/\/centrourbano.com\/revista\/wp-content\/uploads\/Artha-Capital-impulsa-inversion-por-35000-mdp-en-Naucalpan-Usos-Mixtos-Alfredo-del-Mazo.jpeg","datePublished":"2020-10-14T18:30:43+00:00","dateModified":"2020-10-14T22:41:14+00:00","description":"La firma detonar\u00e1 un proyecto inmobiliario integral, que contempla elementos como vivienda, oficinas... Artha Capital anuncia inversi\u00f3n por.","breadcrumb":{"@id":"https:\/\/centrourbano.com\/revista\/inmobiliario\/artha-capital-anuncia-inversion-por-35000-mdp-en-naucalpan\/#breadcrumb"},"inLanguage":"es","potentialAction":[{"@type":"ReadAction","target":["https:\/\/centrourbano.com\/revista\/inmobiliario\/artha-capital-anuncia-inversion-por-35000-mdp-en-naucalpan\/"]}]},{"@type":"ImageObject","inLanguage":"es","@id":"https:\/\/centrourbano.com\/revista\/inmobiliario\/artha-capital-anuncia-inversion-por-35000-mdp-en-naucalpan\/#primaryimage","url":"https:\/\/centrourbano.com\/revista\/wp-content\/uploads\/Artha-Capital-impulsa-inversion-por-35000-mdp-en-Naucalpan-Usos-Mixtos-Alfredo-del-Mazo.jpeg","contentUrl":"https:\/\/centrourbano.com\/revista\/wp-content\/uploads\/Artha-Capital-impulsa-inversion-por-35000-mdp-en-Naucalpan-Usos-Mixtos-Alfredo-del-Mazo.jpeg","width":800,"height":451,"caption":"Artha Capital impulsa inversi\u00f3n por 35,000 mdp en Naucalpan-Usos Mixtos-Alfredo del Mazo"},{"@type":"BreadcrumbList","@id":"https:\/\/centrourbano.com\/revista\/inmobiliario\/artha-capital-anuncia-inversion-por-35000-mdp-en-naucalpan\/#breadcrumb","itemListElement":[{"@type":"ListItem","position":1,"name":"Portada","item":"https:\/\/centrourbano.com\/revista\/"},{"@type":"ListItem","position":2,"name":"Artha Capital anuncia inversi\u00f3n por 35,000 mdp en Naucalpan"}]},{"@type":"WebSite","@id":"https:\/\/centrourbano.com\/revista\/#website","url":"https:\/\/centrourbano.com\/revista\/","name":"Centro Urbano","description":"Medio especializado en los sectores vivienda, inmobiliario, construcci\u00f3n, arquitectura y urbanismo.","publisher":{"@id":"https:\/\/centrourbano.com\/revista\/#organization"},"potentialAction":[{"@type":"SearchAction","target":{"@type":"EntryPoint","urlTemplate":"https:\/\/centrourbano.com\/revista\/?s={search_term_string}"},"query-input":{"@type":"PropertyValueSpecification","valueRequired":true,"valueName":"search_term_string"}}],"inLanguage":"es"},{"@type":"Organization","@id":"https:\/\/centrourbano.com\/revista\/#organization","name":"Centro Urbano","url":"https:\/\/centrourbano.com\/revista\/","logo":{"@type":"ImageObject","inLanguage":"es","@id":"https:\/\/centrourbano.com\/revista\/#\/schema\/logo\/image\/","url":"https:\/\/centrourbano.com\/revista\/wp-content\/uploads\/web_CU_logo-1.png","contentUrl":"https:\/\/centrourbano.com\/revista\/wp-content\/uploads\/web_CU_logo-1.png","width":350,"height":91,"caption":"Centro Urbano"},"image":{"@id":"https:\/\/centrourbano.com\/revista\/#\/schema\/logo\/image\/"},"sameAs":["https:\/\/www.facebook.com\/portalcentrourbano","https:\/\/x.com\/CentroUrbano","https:\/\/www.instagram.com\/centro_urbano\/","https:\/\/www.linkedin.com\/company\/centro-urbano\/","http:\/\/www.youtube.com\/user\/portalcentrourbano"]},{"@type":"Person","@id":"https:\/\/centrourbano.com\/revista\/#\/schema\/person\/ff3c00651ce5b1630479d2cd0c2e3ac0","name":"Edgar Rosas","image":{"@type":"ImageObject","inLanguage":"es","@id":"https:\/\/secure.gravatar.com\/avatar\/94440c4283495211faa5300bf85e80061036b83fced868c3783aa1310b350d9c?s=96&d=mm&r=g","url":"https:\/\/secure.gravatar.com\/avatar\/94440c4283495211faa5300bf85e80061036b83fced868c3783aa1310b350d9c?s=96&d=mm&r=g","contentUrl":"https:\/\/secure.gravatar.com\/avatar\/94440c4283495211faa5300bf85e80061036b83fced868c3783aa1310b350d9c?s=96&d=mm&r=g","caption":"Edgar Rosas"},"description":"Editor en Jefe de Centro Urbano. Egresado de la maestr\u00eda en Periodismo Pol\u00edtico de la Escuela de Periodismo Carlos Septi\u00e9n Garc\u00eda (EPCSG). Estudi\u00f3 la licenciatura en Comunicaci\u00f3n en la Universidad Mexicana. Amante de la cr\u00f3nica y el reportaje. Admirador de Vicente Le\u00f1ero y Miguel \u00c1ngel Granados Chapa.","sameAs":["https:\/\/x.com\/https:\/\/twitter.com\/ERosasCU?s=09"],"url":"https:\/\/centrourbano.com\/revista\/author\/edgar-rosas\/"}]}},"_links":{"self":[{"href":"https:\/\/centrourbano.com\/revista\/wp-json\/wp\/v2\/posts\/112202","targetHints":{"allow":["GET"]}}],"collection":[{"href":"https:\/\/centrourbano.com\/revista\/wp-json\/wp\/v2\/posts"}],"about":[{"href":"https:\/\/centrourbano.com\/revista\/wp-json\/wp\/v2\/types\/post"}],"author":[{"embeddable":true,"href":"https:\/\/centrourbano.com\/revista\/wp-json\/wp\/v2\/users\/47"}],"replies":[{"embeddable":true,"href":"https:\/\/centrourbano.com\/revista\/wp-json\/wp\/v2\/comments?post=112202"}],"version-history":[{"count":5,"href":"https:\/\/centrourbano.com\/revista\/wp-json\/wp\/v2\/posts\/112202\/revisions"}],"predecessor-version":[{"id":112229,"href":"https:\/\/centrourbano.com\/revista\/wp-json\/wp\/v2\/posts\/112202\/revisions\/112229"}],"wp:featuredmedia":[{"embeddable":true,"href":"https:\/\/centrourbano.com\/revista\/wp-json\/wp\/v2\/media\/112204"}],"wp:attachment":[{"href":"https:\/\/centrourbano.com\/revista\/wp-json\/wp\/v2\/media?parent=112202"}],"wp:term":[{"taxonomy":"category","embeddable":true,"href":"https:\/\/centrourbano.com\/revista\/wp-json\/wp\/v2\/categories?post=112202"},{"taxonomy":"post_tag","embeddable":true,"href":"https:\/\/centrourbano.com\/revista\/wp-json\/wp\/v2\/tags?post=112202"}],"curies":[{"name":"wp","href":"https:\/\/api.w.org\/{rel}","templated":true}]}}