{"id":111966,"date":"2020-10-07T08:30:07","date_gmt":"2020-10-07T13:30:07","guid":{"rendered":"https:\/\/centrourbano.com\/?p=111966"},"modified":"2020-10-06T19:59:55","modified_gmt":"2020-10-07T00:59:55","slug":"artistas-urbanos-muros-cdmx","status":"publish","type":"post","link":"https:\/\/centrourbano.com\/revista\/urbanismo\/artistas-urbanos-muros-cdmx\/","title":{"rendered":"Artistas urbanos llenar\u00e1n de color los muros de la CDMX"},"content":{"rendered":"<p><em>Fueron seleccionados los proyectos de 1,263 artistas, creadores y profesionales de la cultura; quienes ser\u00e1n acreedores a un premio de 13,000 pesos por su participaci\u00f3n<\/em><!--more--><\/p>\n<p>Este <strong>jueves 8 de octubre<\/strong> dar\u00e1 inicio el proyecto \u2018<strong>Contigo en las calles. Arte callejero<\/strong>\u2019, de la <strong>Secretar\u00eda de Cultura<\/strong> <strong>del Gobierno Federal<\/strong>. A trav\u00e9s del cual, colectivos de <strong>artistas<\/strong> <strong>visuales<\/strong>, <strong>fot\u00f3grafos<\/strong>, <strong>cineastas<\/strong> y <strong>poetas<\/strong> intervendr\u00e1n 30 muros y bardas p\u00fablicas de 14 alcald\u00edas de la Ciudad de M\u00e9xico.<\/p>\n<p>Esta iniciativa impactar\u00e1 de manera directa en la <strong>presencia art\u00edstica y cultural<\/strong> del espacio urbano de la metr\u00f3poli; e invitar\u00e1 a la reflexi\u00f3n y al di\u00e1logo entre la historia y cultura de cada sitio.<\/p>\n<p>En cada obra, los artistas visuales y poetas abordar\u00e1n alguno de los <strong>temas de conciencia social<\/strong> relacionados con las mujeres trabajadoras, los ind\u00edgenas migrantes en la CDMX, los adultos mayores y la cultura alimentaria en la capital.<\/p>\n<p>La primera obra <a href=\"https:\/\/centrourbano.com\/2020\/09\/17\/artistas-urbanos-pintar-murales-en-ciudades-del-pais\/\" target=\"_blank\" rel=\"noopener noreferrer\">mural<\/a> se ubicar\u00e1 en el <strong>Barrio La Concha<\/strong>, <strong>en Xochimilco<\/strong>. En ella colaborar\u00e1n los artistas <strong>Andrea Alc\u00e1ntara Aguirre<\/strong> y <strong>Jos\u00e9 Arturo Garc\u00eda Barr\u00f3n<\/strong>; as\u00ed como la poeta <strong>Nidya Areli D\u00edaz Garc\u00e9s<\/strong> y la artista audiovisual <strong>Lizeth Gamboa Ortega<\/strong>.<\/p>\n<p>\u2018<strong>Contigo en las calles<\/strong>\u2019 reunir\u00e1 a <strong>62 artistas<\/strong>, quienes a partir de cuadrillas trabajar\u00e1n en los murales hasta el 20 de octubre del presente a\u00f1o. Lo anterior en un circuito que incluye las alcald\u00edas Xochimilco, Tl\u00e1huac, Milpa Alta, Gustavo A. Madero, Venustiano Carranza, Iztacalco, Iztapalapa, Magdalena Contreras, Cuajimalpa, Tlalpan, Azcapotzalco, Miguel Hidalgo, \u00c1lvaro Obreg\u00f3n y Benito Ju\u00e1rez.<\/p>\n<p>Los artistas se seleccionaron a partir de una convocatoria que cerr\u00f3 el pasado 9 de septiembre; en la que los <strong>proyectos de 1,263 artistas<\/strong>, <strong>creadores<\/strong> y <strong>profesionales de la cultura <\/strong>ser\u00e1n acreedores a un premio 13,000 pesos por su participaci\u00f3n en las iniciativas: Contigo en las calles. Arte callejero; Arte para la unidad. Festival Habitacional en la CDMX; Encuentros fortuitos. Exhibiciones de artes visuales en el espacio p\u00fablico; Reactiva tu imaginaci\u00f3n y haz radio, y Palomazos para el teatro, la danza y la m\u00fasica.<\/p>\n","protected":false},"excerpt":{"rendered":"<p>Fueron seleccionados los proyectos de 1,263 artistas, creadores y profesionales de la cultura; quienes ser\u00e1n acreedores a un premio de 13,000 pesos por su participaci\u00f3n<\/p>\n","protected":false},"author":73,"featured_media":111967,"comment_status":"open","ping_status":"closed","sticky":false,"template":"","format":"standard","meta":{"om_disable_all_campaigns":false,"inline_featured_image":false,"_monsterinsights_skip_tracking":false,"_monsterinsights_sitenote_active":false,"_monsterinsights_sitenote_note":"","_monsterinsights_sitenote_category":0,"footnotes":""},"categories":[81,82],"tags":[4726,606,19874,3462],"class_list":["post-111966","post","type-post","status-publish","format-standard","has-post-thumbnail","hentry","category-arquitectura-2","category-urbanismo","tag-arte-urbano","tag-cdmx","tag-contigo-en-las-calles","tag-secretaria-de-cultura"],"yoast_head":"<!-- This site is optimized with the Yoast SEO plugin v27.4 - https:\/\/yoast.com\/product\/yoast-seo-wordpress\/ -->\n<title>Artistas urbanos llenar\u00e1n de color los muros de la CDMX<\/title>\n<meta name=\"description\" content=\"Fueron seleccionados los proyectos de 1,263 artistas y profesionales de la cultura, quienes ser\u00e1n acreedores a un premio de 13,000 pesos\" \/>\n<meta name=\"robots\" content=\"index, follow, max-snippet:-1, max-image-preview:large, max-video-preview:-1\" \/>\n<link rel=\"canonical\" href=\"https:\/\/centrourbano.com\/revista\/urbanismo\/artistas-urbanos-muros-cdmx\/\" \/>\n<meta property=\"og:locale\" content=\"es_ES\" \/>\n<meta property=\"og:type\" content=\"article\" \/>\n<meta property=\"og:title\" content=\"Artistas urbanos llenar\u00e1n de color los muros de la CDMX\" \/>\n<meta property=\"og:description\" content=\"Fueron seleccionados los proyectos de 1,263 artistas y profesionales de la cultura, quienes ser\u00e1n acreedores a un premio de 13,000 pesos\" \/>\n<meta property=\"og:url\" content=\"https:\/\/centrourbano.com\/revista\/urbanismo\/artistas-urbanos-muros-cdmx\/\" \/>\n<meta property=\"og:site_name\" content=\"Centro Urbano\" \/>\n<meta property=\"article:publisher\" content=\"https:\/\/www.facebook.com\/portalcentrourbano\" \/>\n<meta property=\"article:published_time\" content=\"2020-10-07T13:30:07+00:00\" \/>\n<meta property=\"og:image\" content=\"https:\/\/centrourbano.com\/revista\/wp-content\/uploads\/Artistas-urbanos-llenaran-de-color-los-muros-de-la-CDMX.jpg\" \/>\n\t<meta property=\"og:image:width\" content=\"800\" \/>\n\t<meta property=\"og:image:height\" content=\"450\" \/>\n\t<meta property=\"og:image:type\" content=\"image\/jpeg\" \/>\n<meta name=\"author\" content=\"Fernanda Hern\u00e1ndez\" \/>\n<meta name=\"twitter:card\" content=\"summary_large_image\" \/>\n<meta name=\"twitter:creator\" content=\"@https:\/\/twitter.com\/Nannz_Hernandez\" \/>\n<meta name=\"twitter:site\" content=\"@CentroUrbano\" \/>\n<meta name=\"twitter:label1\" content=\"Escrito por\" \/>\n\t<meta name=\"twitter:data1\" content=\"Fernanda Hern\u00e1ndez\" \/>\n\t<meta name=\"twitter:label2\" content=\"Tiempo de lectura\" \/>\n\t<meta name=\"twitter:data2\" content=\"2 minutos\" \/>\n<script type=\"application\/ld+json\" class=\"yoast-schema-graph\">{\"@context\":\"https:\\\/\\\/schema.org\",\"@graph\":[{\"@type\":\"Article\",\"@id\":\"https:\\\/\\\/centrourbano.com\\\/revista\\\/urbanismo\\\/artistas-urbanos-muros-cdmx\\\/#article\",\"isPartOf\":{\"@id\":\"https:\\\/\\\/centrourbano.com\\\/revista\\\/urbanismo\\\/artistas-urbanos-muros-cdmx\\\/\"},\"author\":{\"name\":\"Fernanda Hern\u00e1ndez\",\"@id\":\"https:\\\/\\\/centrourbano.com\\\/revista\\\/#\\\/schema\\\/person\\\/b190b20bbbceb41ec72278c546fa8df3\"},\"headline\":\"Artistas urbanos llenar\u00e1n de color los muros de la CDMX\",\"datePublished\":\"2020-10-07T13:30:07+00:00\",\"mainEntityOfPage\":{\"@id\":\"https:\\\/\\\/centrourbano.com\\\/revista\\\/urbanismo\\\/artistas-urbanos-muros-cdmx\\\/\"},\"wordCount\":360,\"commentCount\":0,\"publisher\":{\"@id\":\"https:\\\/\\\/centrourbano.com\\\/revista\\\/#organization\"},\"image\":{\"@id\":\"https:\\\/\\\/centrourbano.com\\\/revista\\\/urbanismo\\\/artistas-urbanos-muros-cdmx\\\/#primaryimage\"},\"thumbnailUrl\":\"https:\\\/\\\/centrourbano.com\\\/revista\\\/wp-content\\\/uploads\\\/Artistas-urbanos-llenaran-de-color-los-muros-de-la-CDMX.jpg\",\"keywords\":[\"arte urbano\",\"CDMX\",\"Contigo en las Calles\",\"Secretar\u00eda de Cultura\"],\"articleSection\":[\"Arquitectura\",\"Urbanismo\"],\"inLanguage\":\"es\",\"potentialAction\":[{\"@type\":\"CommentAction\",\"name\":\"Comment\",\"target\":[\"https:\\\/\\\/centrourbano.com\\\/revista\\\/urbanismo\\\/artistas-urbanos-muros-cdmx\\\/#respond\"]}]},{\"@type\":\"WebPage\",\"@id\":\"https:\\\/\\\/centrourbano.com\\\/revista\\\/urbanismo\\\/artistas-urbanos-muros-cdmx\\\/\",\"url\":\"https:\\\/\\\/centrourbano.com\\\/revista\\\/urbanismo\\\/artistas-urbanos-muros-cdmx\\\/\",\"name\":\"Artistas urbanos llenar\u00e1n de color los muros de la CDMX\",\"isPartOf\":{\"@id\":\"https:\\\/\\\/centrourbano.com\\\/revista\\\/#website\"},\"primaryImageOfPage\":{\"@id\":\"https:\\\/\\\/centrourbano.com\\\/revista\\\/urbanismo\\\/artistas-urbanos-muros-cdmx\\\/#primaryimage\"},\"image\":{\"@id\":\"https:\\\/\\\/centrourbano.com\\\/revista\\\/urbanismo\\\/artistas-urbanos-muros-cdmx\\\/#primaryimage\"},\"thumbnailUrl\":\"https:\\\/\\\/centrourbano.com\\\/revista\\\/wp-content\\\/uploads\\\/Artistas-urbanos-llenaran-de-color-los-muros-de-la-CDMX.jpg\",\"datePublished\":\"2020-10-07T13:30:07+00:00\",\"description\":\"Fueron seleccionados los proyectos de 1,263 artistas y profesionales de la cultura, quienes ser\u00e1n acreedores a un premio de 13,000 pesos\",\"breadcrumb\":{\"@id\":\"https:\\\/\\\/centrourbano.com\\\/revista\\\/urbanismo\\\/artistas-urbanos-muros-cdmx\\\/#breadcrumb\"},\"inLanguage\":\"es\",\"potentialAction\":[{\"@type\":\"ReadAction\",\"target\":[\"https:\\\/\\\/centrourbano.com\\\/revista\\\/urbanismo\\\/artistas-urbanos-muros-cdmx\\\/\"]}]},{\"@type\":\"ImageObject\",\"inLanguage\":\"es\",\"@id\":\"https:\\\/\\\/centrourbano.com\\\/revista\\\/urbanismo\\\/artistas-urbanos-muros-cdmx\\\/#primaryimage\",\"url\":\"https:\\\/\\\/centrourbano.com\\\/revista\\\/wp-content\\\/uploads\\\/Artistas-urbanos-llenaran-de-color-los-muros-de-la-CDMX.jpg\",\"contentUrl\":\"https:\\\/\\\/centrourbano.com\\\/revista\\\/wp-content\\\/uploads\\\/Artistas-urbanos-llenaran-de-color-los-muros-de-la-CDMX.jpg\",\"width\":800,\"height\":450,\"caption\":\"Fueron seleccionados los proyectos de 1,263 artistas y profesionales de la cultura, quienes ser\u00e1n acreedores a un premio de 13,000 pesos\"},{\"@type\":\"BreadcrumbList\",\"@id\":\"https:\\\/\\\/centrourbano.com\\\/revista\\\/urbanismo\\\/artistas-urbanos-muros-cdmx\\\/#breadcrumb\",\"itemListElement\":[{\"@type\":\"ListItem\",\"position\":1,\"name\":\"Portada\",\"item\":\"https:\\\/\\\/centrourbano.com\\\/revista\\\/\"},{\"@type\":\"ListItem\",\"position\":2,\"name\":\"Artistas urbanos llenar\u00e1n de color los muros de la CDMX\"}]},{\"@type\":\"WebSite\",\"@id\":\"https:\\\/\\\/centrourbano.com\\\/revista\\\/#website\",\"url\":\"https:\\\/\\\/centrourbano.com\\\/revista\\\/\",\"name\":\"Centro Urbano\",\"description\":\"Medio especializado en los sectores vivienda, inmobiliario, construcci\u00f3n, arquitectura y urbanismo.\",\"publisher\":{\"@id\":\"https:\\\/\\\/centrourbano.com\\\/revista\\\/#organization\"},\"potentialAction\":[{\"@type\":\"SearchAction\",\"target\":{\"@type\":\"EntryPoint\",\"urlTemplate\":\"https:\\\/\\\/centrourbano.com\\\/revista\\\/?s={search_term_string}\"},\"query-input\":{\"@type\":\"PropertyValueSpecification\",\"valueRequired\":true,\"valueName\":\"search_term_string\"}}],\"inLanguage\":\"es\"},{\"@type\":\"Organization\",\"@id\":\"https:\\\/\\\/centrourbano.com\\\/revista\\\/#organization\",\"name\":\"Centro Urbano\",\"url\":\"https:\\\/\\\/centrourbano.com\\\/revista\\\/\",\"logo\":{\"@type\":\"ImageObject\",\"inLanguage\":\"es\",\"@id\":\"https:\\\/\\\/centrourbano.com\\\/revista\\\/#\\\/schema\\\/logo\\\/image\\\/\",\"url\":\"https:\\\/\\\/centrourbano.com\\\/revista\\\/wp-content\\\/uploads\\\/web_CU_logo-1.png\",\"contentUrl\":\"https:\\\/\\\/centrourbano.com\\\/revista\\\/wp-content\\\/uploads\\\/web_CU_logo-1.png\",\"width\":350,\"height\":91,\"caption\":\"Centro Urbano\"},\"image\":{\"@id\":\"https:\\\/\\\/centrourbano.com\\\/revista\\\/#\\\/schema\\\/logo\\\/image\\\/\"},\"sameAs\":[\"https:\\\/\\\/www.facebook.com\\\/portalcentrourbano\",\"https:\\\/\\\/x.com\\\/CentroUrbano\",\"https:\\\/\\\/www.instagram.com\\\/centro_urbano\\\/\",\"https:\\\/\\\/www.linkedin.com\\\/company\\\/centro-urbano\\\/\",\"http:\\\/\\\/www.youtube.com\\\/user\\\/portalcentrourbano\"]},{\"@type\":\"Person\",\"@id\":\"https:\\\/\\\/centrourbano.com\\\/revista\\\/#\\\/schema\\\/person\\\/b190b20bbbceb41ec72278c546fa8df3\",\"name\":\"Fernanda Hern\u00e1ndez\",\"image\":{\"@type\":\"ImageObject\",\"inLanguage\":\"es\",\"@id\":\"https:\\\/\\\/secure.gravatar.com\\\/avatar\\\/9471831fb0a24eae9d32d826a7cb8ef07c34a41520aca1a0ab1f5c0903ba49b9?s=96&d=mm&r=g\",\"url\":\"https:\\\/\\\/secure.gravatar.com\\\/avatar\\\/9471831fb0a24eae9d32d826a7cb8ef07c34a41520aca1a0ab1f5c0903ba49b9?s=96&d=mm&r=g\",\"contentUrl\":\"https:\\\/\\\/secure.gravatar.com\\\/avatar\\\/9471831fb0a24eae9d32d826a7cb8ef07c34a41520aca1a0ab1f5c0903ba49b9?s=96&d=mm&r=g\",\"caption\":\"Fernanda Hern\u00e1ndez\"},\"description\":\"Reportera y redactora en Centro Urbano. Soy egresada de la licenciatura en Ciencias de la Comunicaci\u00f3n de la Facultad de Ciencias Pol\u00edticas y Sociales (UNAM). Me interesa la cultura, el urbanismo y la arquitectura. Amante del mundo digital, el cine, la m\u00fasica, la lectura y la escritura.\",\"sameAs\":[\"https:\\\/\\\/x.com\\\/https:\\\/\\\/twitter.com\\\/Nannz_Hernandez\"],\"url\":\"https:\\\/\\\/centrourbano.com\\\/revista\\\/author\\\/fernanda-hernandez\\\/\"}]}<\/script>\n<!-- \/ Yoast SEO plugin. -->","yoast_head_json":{"title":"Artistas urbanos llenar\u00e1n de color los muros de la CDMX","description":"Fueron seleccionados los proyectos de 1,263 artistas y profesionales de la cultura, quienes ser\u00e1n acreedores a un premio de 13,000 pesos","robots":{"index":"index","follow":"follow","max-snippet":"max-snippet:-1","max-image-preview":"max-image-preview:large","max-video-preview":"max-video-preview:-1"},"canonical":"https:\/\/centrourbano.com\/revista\/urbanismo\/artistas-urbanos-muros-cdmx\/","og_locale":"es_ES","og_type":"article","og_title":"Artistas urbanos llenar\u00e1n de color los muros de la CDMX","og_description":"Fueron seleccionados los proyectos de 1,263 artistas y profesionales de la cultura, quienes ser\u00e1n acreedores a un premio de 13,000 pesos","og_url":"https:\/\/centrourbano.com\/revista\/urbanismo\/artistas-urbanos-muros-cdmx\/","og_site_name":"Centro Urbano","article_publisher":"https:\/\/www.facebook.com\/portalcentrourbano","article_published_time":"2020-10-07T13:30:07+00:00","og_image":[{"width":800,"height":450,"url":"https:\/\/centrourbano.com\/revista\/wp-content\/uploads\/Artistas-urbanos-llenaran-de-color-los-muros-de-la-CDMX.jpg","type":"image\/jpeg"}],"author":"Fernanda Hern\u00e1ndez","twitter_card":"summary_large_image","twitter_creator":"@https:\/\/twitter.com\/Nannz_Hernandez","twitter_site":"@CentroUrbano","twitter_misc":{"Escrito por":"Fernanda Hern\u00e1ndez","Tiempo de lectura":"2 minutos"},"schema":{"@context":"https:\/\/schema.org","@graph":[{"@type":"Article","@id":"https:\/\/centrourbano.com\/revista\/urbanismo\/artistas-urbanos-muros-cdmx\/#article","isPartOf":{"@id":"https:\/\/centrourbano.com\/revista\/urbanismo\/artistas-urbanos-muros-cdmx\/"},"author":{"name":"Fernanda Hern\u00e1ndez","@id":"https:\/\/centrourbano.com\/revista\/#\/schema\/person\/b190b20bbbceb41ec72278c546fa8df3"},"headline":"Artistas urbanos llenar\u00e1n de color los muros de la CDMX","datePublished":"2020-10-07T13:30:07+00:00","mainEntityOfPage":{"@id":"https:\/\/centrourbano.com\/revista\/urbanismo\/artistas-urbanos-muros-cdmx\/"},"wordCount":360,"commentCount":0,"publisher":{"@id":"https:\/\/centrourbano.com\/revista\/#organization"},"image":{"@id":"https:\/\/centrourbano.com\/revista\/urbanismo\/artistas-urbanos-muros-cdmx\/#primaryimage"},"thumbnailUrl":"https:\/\/centrourbano.com\/revista\/wp-content\/uploads\/Artistas-urbanos-llenaran-de-color-los-muros-de-la-CDMX.jpg","keywords":["arte urbano","CDMX","Contigo en las Calles","Secretar\u00eda de Cultura"],"articleSection":["Arquitectura","Urbanismo"],"inLanguage":"es","potentialAction":[{"@type":"CommentAction","name":"Comment","target":["https:\/\/centrourbano.com\/revista\/urbanismo\/artistas-urbanos-muros-cdmx\/#respond"]}]},{"@type":"WebPage","@id":"https:\/\/centrourbano.com\/revista\/urbanismo\/artistas-urbanos-muros-cdmx\/","url":"https:\/\/centrourbano.com\/revista\/urbanismo\/artistas-urbanos-muros-cdmx\/","name":"Artistas urbanos llenar\u00e1n de color los muros de la CDMX","isPartOf":{"@id":"https:\/\/centrourbano.com\/revista\/#website"},"primaryImageOfPage":{"@id":"https:\/\/centrourbano.com\/revista\/urbanismo\/artistas-urbanos-muros-cdmx\/#primaryimage"},"image":{"@id":"https:\/\/centrourbano.com\/revista\/urbanismo\/artistas-urbanos-muros-cdmx\/#primaryimage"},"thumbnailUrl":"https:\/\/centrourbano.com\/revista\/wp-content\/uploads\/Artistas-urbanos-llenaran-de-color-los-muros-de-la-CDMX.jpg","datePublished":"2020-10-07T13:30:07+00:00","description":"Fueron seleccionados los proyectos de 1,263 artistas y profesionales de la cultura, quienes ser\u00e1n acreedores a un premio de 13,000 pesos","breadcrumb":{"@id":"https:\/\/centrourbano.com\/revista\/urbanismo\/artistas-urbanos-muros-cdmx\/#breadcrumb"},"inLanguage":"es","potentialAction":[{"@type":"ReadAction","target":["https:\/\/centrourbano.com\/revista\/urbanismo\/artistas-urbanos-muros-cdmx\/"]}]},{"@type":"ImageObject","inLanguage":"es","@id":"https:\/\/centrourbano.com\/revista\/urbanismo\/artistas-urbanos-muros-cdmx\/#primaryimage","url":"https:\/\/centrourbano.com\/revista\/wp-content\/uploads\/Artistas-urbanos-llenaran-de-color-los-muros-de-la-CDMX.jpg","contentUrl":"https:\/\/centrourbano.com\/revista\/wp-content\/uploads\/Artistas-urbanos-llenaran-de-color-los-muros-de-la-CDMX.jpg","width":800,"height":450,"caption":"Fueron seleccionados los proyectos de 1,263 artistas y profesionales de la cultura, quienes ser\u00e1n acreedores a un premio de 13,000 pesos"},{"@type":"BreadcrumbList","@id":"https:\/\/centrourbano.com\/revista\/urbanismo\/artistas-urbanos-muros-cdmx\/#breadcrumb","itemListElement":[{"@type":"ListItem","position":1,"name":"Portada","item":"https:\/\/centrourbano.com\/revista\/"},{"@type":"ListItem","position":2,"name":"Artistas urbanos llenar\u00e1n de color los muros de la CDMX"}]},{"@type":"WebSite","@id":"https:\/\/centrourbano.com\/revista\/#website","url":"https:\/\/centrourbano.com\/revista\/","name":"Centro Urbano","description":"Medio especializado en los sectores vivienda, inmobiliario, construcci\u00f3n, arquitectura y urbanismo.","publisher":{"@id":"https:\/\/centrourbano.com\/revista\/#organization"},"potentialAction":[{"@type":"SearchAction","target":{"@type":"EntryPoint","urlTemplate":"https:\/\/centrourbano.com\/revista\/?s={search_term_string}"},"query-input":{"@type":"PropertyValueSpecification","valueRequired":true,"valueName":"search_term_string"}}],"inLanguage":"es"},{"@type":"Organization","@id":"https:\/\/centrourbano.com\/revista\/#organization","name":"Centro Urbano","url":"https:\/\/centrourbano.com\/revista\/","logo":{"@type":"ImageObject","inLanguage":"es","@id":"https:\/\/centrourbano.com\/revista\/#\/schema\/logo\/image\/","url":"https:\/\/centrourbano.com\/revista\/wp-content\/uploads\/web_CU_logo-1.png","contentUrl":"https:\/\/centrourbano.com\/revista\/wp-content\/uploads\/web_CU_logo-1.png","width":350,"height":91,"caption":"Centro Urbano"},"image":{"@id":"https:\/\/centrourbano.com\/revista\/#\/schema\/logo\/image\/"},"sameAs":["https:\/\/www.facebook.com\/portalcentrourbano","https:\/\/x.com\/CentroUrbano","https:\/\/www.instagram.com\/centro_urbano\/","https:\/\/www.linkedin.com\/company\/centro-urbano\/","http:\/\/www.youtube.com\/user\/portalcentrourbano"]},{"@type":"Person","@id":"https:\/\/centrourbano.com\/revista\/#\/schema\/person\/b190b20bbbceb41ec72278c546fa8df3","name":"Fernanda Hern\u00e1ndez","image":{"@type":"ImageObject","inLanguage":"es","@id":"https:\/\/secure.gravatar.com\/avatar\/9471831fb0a24eae9d32d826a7cb8ef07c34a41520aca1a0ab1f5c0903ba49b9?s=96&d=mm&r=g","url":"https:\/\/secure.gravatar.com\/avatar\/9471831fb0a24eae9d32d826a7cb8ef07c34a41520aca1a0ab1f5c0903ba49b9?s=96&d=mm&r=g","contentUrl":"https:\/\/secure.gravatar.com\/avatar\/9471831fb0a24eae9d32d826a7cb8ef07c34a41520aca1a0ab1f5c0903ba49b9?s=96&d=mm&r=g","caption":"Fernanda Hern\u00e1ndez"},"description":"Reportera y redactora en Centro Urbano. Soy egresada de la licenciatura en Ciencias de la Comunicaci\u00f3n de la Facultad de Ciencias Pol\u00edticas y Sociales (UNAM). Me interesa la cultura, el urbanismo y la arquitectura. Amante del mundo digital, el cine, la m\u00fasica, la lectura y la escritura.","sameAs":["https:\/\/x.com\/https:\/\/twitter.com\/Nannz_Hernandez"],"url":"https:\/\/centrourbano.com\/revista\/author\/fernanda-hernandez\/"}]}},"_links":{"self":[{"href":"https:\/\/centrourbano.com\/revista\/wp-json\/wp\/v2\/posts\/111966","targetHints":{"allow":["GET"]}}],"collection":[{"href":"https:\/\/centrourbano.com\/revista\/wp-json\/wp\/v2\/posts"}],"about":[{"href":"https:\/\/centrourbano.com\/revista\/wp-json\/wp\/v2\/types\/post"}],"author":[{"embeddable":true,"href":"https:\/\/centrourbano.com\/revista\/wp-json\/wp\/v2\/users\/73"}],"replies":[{"embeddable":true,"href":"https:\/\/centrourbano.com\/revista\/wp-json\/wp\/v2\/comments?post=111966"}],"version-history":[{"count":1,"href":"https:\/\/centrourbano.com\/revista\/wp-json\/wp\/v2\/posts\/111966\/revisions"}],"predecessor-version":[{"id":111982,"href":"https:\/\/centrourbano.com\/revista\/wp-json\/wp\/v2\/posts\/111966\/revisions\/111982"}],"wp:featuredmedia":[{"embeddable":true,"href":"https:\/\/centrourbano.com\/revista\/wp-json\/wp\/v2\/media\/111967"}],"wp:attachment":[{"href":"https:\/\/centrourbano.com\/revista\/wp-json\/wp\/v2\/media?parent=111966"}],"wp:term":[{"taxonomy":"category","embeddable":true,"href":"https:\/\/centrourbano.com\/revista\/wp-json\/wp\/v2\/categories?post=111966"},{"taxonomy":"post_tag","embeddable":true,"href":"https:\/\/centrourbano.com\/revista\/wp-json\/wp\/v2\/tags?post=111966"}],"curies":[{"name":"wp","href":"https:\/\/api.w.org\/{rel}","templated":true}]}}