{"id":111956,"date":"2020-10-06T13:09:06","date_gmt":"2020-10-06T18:09:06","guid":{"rendered":"https:\/\/centrourbano.com\/?p=111956"},"modified":"2020-10-06T13:09:07","modified_gmt":"2020-10-06T18:09:07","slug":"revela-pandemia-necesidad-de-construir-infraestructura-hidraulica-cipro","status":"publish","type":"post","link":"https:\/\/centrourbano.com\/revista\/entrevistas\/revela-pandemia-necesidad-de-construir-infraestructura-hidraulica-cipro\/","title":{"rendered":"Revela pandemia necesidad de construir infraestructura hidr\u00e1ulica: Cipro"},"content":{"rendered":"<p><em>El director de Cipro se\u00f1al\u00f3 que la infraestructura hidr\u00e1ulica es clave para impulsar el desarrollo de las regiones; debe cubrir a poblaci\u00f3n e industria<\/em><\/p>\n<p><!--more--><\/p>\n<p>La construcci\u00f3n de infraestructura hidr\u00e1ulica es clave para el desarrollo de las ciudades y regiones de M\u00e9xico. As\u00ed lo afirm\u00f3 el director general de <a href=\"https:\/\/twitter.com\/CIPRO_MX\">Cipro<\/a>, ingeniero Manuel Salas, en entrevista exclusiva para Centro Urbano.<\/p>\n<p>En este contexto, Manuel Salas se congratul\u00f3 de una serie de licitaciones de proyectos de infraestructura en las que salieron ganadores, en plena contingencia, y detall\u00f3 el papel que juega el agua y la capacidad instalada en una regi\u00f3n para aprovechar el vital l\u00edquido, situaci\u00f3n que qued\u00f3 evidenciada, dijo, con el embate de la pandemia.<\/p>\n<p>Adem\u00e1s, continu\u00f3, el agua juega un papel esencial para el desarrollo de pueblos, ciudades y regiones enteras, cuesti\u00f3n m\u00e1s que suficiente para dimensionar la relevancia que tiene la construcci\u00f3n de este tipo de infraestructura en el desarrollo de un pa\u00eds.<\/p>\n<p>\u201cEl agua es un recurso vital para el desarrollo de las ciudades, desarrollo regional, sin agua no hay futuro [\u2026]<\/p>\n<p>\u201cSi queremos que haya desarrollo tiene que haber capacidad de suministrar agua no solo en la poblaci\u00f3n, que tiene que ser el principal objetivo, sino tambi\u00e9n a la industria asentada en la regi\u00f3n que tenga capacidad de dar empleo y capacidades de desarrollo\u201d.<\/p>\n<h3>Licitaciones en la contingencia<\/h3>\n<p>Pese a la situaci\u00f3n critica por la pandemia y la crisis econ\u00f3mica que trajo consigo, para Cipro las cosas han marchado favorablemente. El ingeniero detall\u00f3 que recientemente han sido beneficiados con la asignaci\u00f3n de licitaciones de <a href=\"https:\/\/centrourbano.com\/2020\/07\/29\/cipro-supervisara-construccion-de-vivero-en-zona-del-lago-de-texcoco\/\">proyectos<\/a> insignia para la compa\u00f1\u00eda entre los que destacan los siguientes:<\/p>\n<ul>\n<li>Ingenier\u00eda b\u00e1sica de la desaladora de La Paz (con un valor de 600 a 800 millones de pesos).<\/li>\n<li>Supervisi\u00f3n de la construcci\u00f3n de un vivero en el Parque Ecol\u00f3gico Lago de Texcoco (250 millones de pesos).<\/li>\n<\/ul>\n<p>Sobre esta \u00faltima obra, adelant\u00f3 que el proyecto estar\u00e1 listo para la primera mitad de diciembre del a\u00f1o en curso.<\/p>\n<p>Cabe mencionar que, debido a la pandemia, Cipro tuvo que detener un proyecto que estaba trabajando en la ciudad de Bogot\u00e1, en Colombia, no obstante, en d\u00edas recientes ha dado comienzo el proceso de reincorporaci\u00f3n a la obra.<\/p>\n","protected":false},"excerpt":{"rendered":"<p>El director de Cipro se\u00f1al\u00f3 que la infraestructura hidr\u00e1ulica es clave para impulsar el desarrollo de las regiones; debe cubrir a poblaci\u00f3n e industria<\/p>\n","protected":false},"author":75,"featured_media":111957,"comment_status":"open","ping_status":"closed","sticky":false,"template":"","format":"standard","meta":{"om_disable_all_campaigns":false,"inline_featured_image":false,"_monsterinsights_skip_tracking":false,"_monsterinsights_sitenote_active":false,"_monsterinsights_sitenote_note":"","_monsterinsights_sitenote_category":0,"footnotes":""},"categories":[17827,14,13],"tags":[19155,211,19863,569,4271,19486,8168,19864,19156],"class_list":["post-111956","post","type-post","status-publish","format-standard","has-post-thumbnail","hentry","category-cobertura-covid-19","category-construccion","category-entrevistas","tag-cipro","tag-ciudades","tag-desarrollo-de-las-regiones","tag-infraestructura-hidraulica","tag-licitaciones","tag-parque-ecologico-lago-de-texcoco","tag-proyectos-de-infraestructura","tag-proyectos-insignia","tag-vivero"],"yoast_head":"<!-- This site is optimized with the Yoast SEO plugin v27.5 - https:\/\/yoast.com\/product\/yoast-seo-wordpress\/ -->\n<title>Revela pandemia necesidad de construir infraestructura hidr\u00e1ulica: Cipro<\/title>\n<meta name=\"description\" content=\"El director de Cipro se\u00f1al\u00f3 que la infraestructura hidr\u00e1ulica es clave para impulsar el desarrollo de las regiones; debe cubrir a poblaci\u00f3n e industria\" \/>\n<meta name=\"robots\" content=\"index, follow, max-snippet:-1, max-image-preview:large, max-video-preview:-1\" \/>\n<link rel=\"canonical\" href=\"https:\/\/centrourbano.com\/revista\/entrevistas\/revela-pandemia-necesidad-de-construir-infraestructura-hidraulica-cipro\/\" \/>\n<meta property=\"og:locale\" content=\"es_ES\" \/>\n<meta property=\"og:type\" content=\"article\" \/>\n<meta property=\"og:title\" content=\"Revela pandemia necesidad de construir infraestructura hidr\u00e1ulica: Cipro\" \/>\n<meta property=\"og:description\" content=\"El director de Cipro se\u00f1al\u00f3 que la infraestructura hidr\u00e1ulica es clave para impulsar el desarrollo de las regiones; debe cubrir a poblaci\u00f3n e industria\" \/>\n<meta property=\"og:url\" content=\"https:\/\/centrourbano.com\/revista\/entrevistas\/revela-pandemia-necesidad-de-construir-infraestructura-hidraulica-cipro\/\" \/>\n<meta property=\"og:site_name\" content=\"Centro Urbano\" \/>\n<meta property=\"article:publisher\" content=\"https:\/\/www.facebook.com\/portalcentrourbano\" \/>\n<meta property=\"article:published_time\" content=\"2020-10-06T18:09:06+00:00\" \/>\n<meta property=\"article:modified_time\" content=\"2020-10-06T18:09:07+00:00\" \/>\n<meta property=\"og:image\" content=\"https:\/\/centrourbano.com\/revista\/wp-content\/uploads\/agua-2.jpg\" \/>\n\t<meta property=\"og:image:width\" content=\"1280\" \/>\n\t<meta property=\"og:image:height\" content=\"622\" \/>\n\t<meta property=\"og:image:type\" content=\"image\/jpeg\" \/>\n<meta name=\"author\" content=\"Antonio Garc\u00eda\" \/>\n<meta name=\"twitter:card\" content=\"summary_large_image\" \/>\n<meta name=\"twitter:creator\" content=\"@https:\/\/twitter.com\/TGarper\" \/>\n<meta name=\"twitter:site\" content=\"@CentroUrbano\" \/>\n<meta name=\"twitter:label1\" content=\"Escrito por\" \/>\n\t<meta name=\"twitter:data1\" content=\"Antonio Garc\u00eda\" \/>\n\t<meta name=\"twitter:label2\" content=\"Tiempo de lectura\" \/>\n\t<meta name=\"twitter:data2\" content=\"2 minutos\" \/>\n<script type=\"application\/ld+json\" class=\"yoast-schema-graph\">{\"@context\":\"https:\\\/\\\/schema.org\",\"@graph\":[{\"@type\":\"Article\",\"@id\":\"https:\\\/\\\/centrourbano.com\\\/revista\\\/entrevistas\\\/revela-pandemia-necesidad-de-construir-infraestructura-hidraulica-cipro\\\/#article\",\"isPartOf\":{\"@id\":\"https:\\\/\\\/centrourbano.com\\\/revista\\\/entrevistas\\\/revela-pandemia-necesidad-de-construir-infraestructura-hidraulica-cipro\\\/\"},\"author\":{\"name\":\"Antonio Garc\u00eda\",\"@id\":\"https:\\\/\\\/centrourbano.com\\\/revista\\\/#\\\/schema\\\/person\\\/d12ede3164a0881bab68f5868d5dfe8c\"},\"headline\":\"Revela pandemia necesidad de construir infraestructura hidr\u00e1ulica: Cipro\",\"datePublished\":\"2020-10-06T18:09:06+00:00\",\"dateModified\":\"2020-10-06T18:09:07+00:00\",\"mainEntityOfPage\":{\"@id\":\"https:\\\/\\\/centrourbano.com\\\/revista\\\/entrevistas\\\/revela-pandemia-necesidad-de-construir-infraestructura-hidraulica-cipro\\\/\"},\"wordCount\":395,\"commentCount\":0,\"publisher\":{\"@id\":\"https:\\\/\\\/centrourbano.com\\\/revista\\\/#organization\"},\"image\":{\"@id\":\"https:\\\/\\\/centrourbano.com\\\/revista\\\/entrevistas\\\/revela-pandemia-necesidad-de-construir-infraestructura-hidraulica-cipro\\\/#primaryimage\"},\"thumbnailUrl\":\"https:\\\/\\\/centrourbano.com\\\/revista\\\/wp-content\\\/uploads\\\/agua-2.jpg\",\"keywords\":[\"Cipro\",\"ciudades\",\"desarrollo de las regiones\",\"infraestructura hidr\u00e1ulica\",\"licitaciones\",\"Parque Ecol\u00f3gico Lago de Texcoco\",\"proyectos de infraestructura\",\"proyectos insignia\",\"vivero\"],\"articleSection\":[\"Cobertura Covid-19\",\"Construcci\u00f3n\",\"Entrevistas\"],\"inLanguage\":\"es\",\"potentialAction\":[{\"@type\":\"CommentAction\",\"name\":\"Comment\",\"target\":[\"https:\\\/\\\/centrourbano.com\\\/revista\\\/entrevistas\\\/revela-pandemia-necesidad-de-construir-infraestructura-hidraulica-cipro\\\/#respond\"]}]},{\"@type\":\"WebPage\",\"@id\":\"https:\\\/\\\/centrourbano.com\\\/revista\\\/entrevistas\\\/revela-pandemia-necesidad-de-construir-infraestructura-hidraulica-cipro\\\/\",\"url\":\"https:\\\/\\\/centrourbano.com\\\/revista\\\/entrevistas\\\/revela-pandemia-necesidad-de-construir-infraestructura-hidraulica-cipro\\\/\",\"name\":\"Revela pandemia necesidad de construir infraestructura hidr\u00e1ulica: Cipro\",\"isPartOf\":{\"@id\":\"https:\\\/\\\/centrourbano.com\\\/revista\\\/#website\"},\"primaryImageOfPage\":{\"@id\":\"https:\\\/\\\/centrourbano.com\\\/revista\\\/entrevistas\\\/revela-pandemia-necesidad-de-construir-infraestructura-hidraulica-cipro\\\/#primaryimage\"},\"image\":{\"@id\":\"https:\\\/\\\/centrourbano.com\\\/revista\\\/entrevistas\\\/revela-pandemia-necesidad-de-construir-infraestructura-hidraulica-cipro\\\/#primaryimage\"},\"thumbnailUrl\":\"https:\\\/\\\/centrourbano.com\\\/revista\\\/wp-content\\\/uploads\\\/agua-2.jpg\",\"datePublished\":\"2020-10-06T18:09:06+00:00\",\"dateModified\":\"2020-10-06T18:09:07+00:00\",\"description\":\"El director de Cipro se\u00f1al\u00f3 que la infraestructura hidr\u00e1ulica es clave para impulsar el desarrollo de las regiones; debe cubrir a poblaci\u00f3n e industria\",\"breadcrumb\":{\"@id\":\"https:\\\/\\\/centrourbano.com\\\/revista\\\/entrevistas\\\/revela-pandemia-necesidad-de-construir-infraestructura-hidraulica-cipro\\\/#breadcrumb\"},\"inLanguage\":\"es\",\"potentialAction\":[{\"@type\":\"ReadAction\",\"target\":[\"https:\\\/\\\/centrourbano.com\\\/revista\\\/entrevistas\\\/revela-pandemia-necesidad-de-construir-infraestructura-hidraulica-cipro\\\/\"]}]},{\"@type\":\"ImageObject\",\"inLanguage\":\"es\",\"@id\":\"https:\\\/\\\/centrourbano.com\\\/revista\\\/entrevistas\\\/revela-pandemia-necesidad-de-construir-infraestructura-hidraulica-cipro\\\/#primaryimage\",\"url\":\"https:\\\/\\\/centrourbano.com\\\/revista\\\/wp-content\\\/uploads\\\/agua-2.jpg\",\"contentUrl\":\"https:\\\/\\\/centrourbano.com\\\/revista\\\/wp-content\\\/uploads\\\/agua-2.jpg\",\"width\":1280,\"height\":622,\"caption\":\"El director de Cipro se\u00f1al\u00f3 que la infraestructura hidr\u00e1ulica es clave para impulsar el desarrollo de las regiones; debe cubrir a poblaci\u00f3n e industria\"},{\"@type\":\"BreadcrumbList\",\"@id\":\"https:\\\/\\\/centrourbano.com\\\/revista\\\/entrevistas\\\/revela-pandemia-necesidad-de-construir-infraestructura-hidraulica-cipro\\\/#breadcrumb\",\"itemListElement\":[{\"@type\":\"ListItem\",\"position\":1,\"name\":\"Portada\",\"item\":\"https:\\\/\\\/centrourbano.com\\\/revista\\\/\"},{\"@type\":\"ListItem\",\"position\":2,\"name\":\"Revela pandemia necesidad de construir infraestructura hidr\u00e1ulica: Cipro\"}]},{\"@type\":\"WebSite\",\"@id\":\"https:\\\/\\\/centrourbano.com\\\/revista\\\/#website\",\"url\":\"https:\\\/\\\/centrourbano.com\\\/revista\\\/\",\"name\":\"Centro Urbano\",\"description\":\"Medio especializado en los sectores vivienda, inmobiliario, construcci\u00f3n, arquitectura y urbanismo.\",\"publisher\":{\"@id\":\"https:\\\/\\\/centrourbano.com\\\/revista\\\/#organization\"},\"potentialAction\":[{\"@type\":\"SearchAction\",\"target\":{\"@type\":\"EntryPoint\",\"urlTemplate\":\"https:\\\/\\\/centrourbano.com\\\/revista\\\/?s={search_term_string}\"},\"query-input\":{\"@type\":\"PropertyValueSpecification\",\"valueRequired\":true,\"valueName\":\"search_term_string\"}}],\"inLanguage\":\"es\"},{\"@type\":\"Organization\",\"@id\":\"https:\\\/\\\/centrourbano.com\\\/revista\\\/#organization\",\"name\":\"Centro Urbano\",\"url\":\"https:\\\/\\\/centrourbano.com\\\/revista\\\/\",\"logo\":{\"@type\":\"ImageObject\",\"inLanguage\":\"es\",\"@id\":\"https:\\\/\\\/centrourbano.com\\\/revista\\\/#\\\/schema\\\/logo\\\/image\\\/\",\"url\":\"https:\\\/\\\/centrourbano.com\\\/revista\\\/wp-content\\\/uploads\\\/web_CU_logo-1.png\",\"contentUrl\":\"https:\\\/\\\/centrourbano.com\\\/revista\\\/wp-content\\\/uploads\\\/web_CU_logo-1.png\",\"width\":350,\"height\":91,\"caption\":\"Centro Urbano\"},\"image\":{\"@id\":\"https:\\\/\\\/centrourbano.com\\\/revista\\\/#\\\/schema\\\/logo\\\/image\\\/\"},\"sameAs\":[\"https:\\\/\\\/www.facebook.com\\\/portalcentrourbano\",\"https:\\\/\\\/x.com\\\/CentroUrbano\",\"https:\\\/\\\/www.instagram.com\\\/centro_urbano\\\/\",\"https:\\\/\\\/www.linkedin.com\\\/company\\\/centro-urbano\\\/\",\"http:\\\/\\\/www.youtube.com\\\/user\\\/portalcentrourbano\"]},{\"@type\":\"Person\",\"@id\":\"https:\\\/\\\/centrourbano.com\\\/revista\\\/#\\\/schema\\\/person\\\/d12ede3164a0881bab68f5868d5dfe8c\",\"name\":\"Antonio Garc\u00eda\",\"image\":{\"@type\":\"ImageObject\",\"inLanguage\":\"es\",\"@id\":\"https:\\\/\\\/secure.gravatar.com\\\/avatar\\\/68b7fcfc82d16a702310836698db1d823c3fb3b28e1f0938164455de47d96d82?s=96&d=mm&r=g\",\"url\":\"https:\\\/\\\/secure.gravatar.com\\\/avatar\\\/68b7fcfc82d16a702310836698db1d823c3fb3b28e1f0938164455de47d96d82?s=96&d=mm&r=g\",\"contentUrl\":\"https:\\\/\\\/secure.gravatar.com\\\/avatar\\\/68b7fcfc82d16a702310836698db1d823c3fb3b28e1f0938164455de47d96d82?s=96&d=mm&r=g\",\"caption\":\"Antonio Garc\u00eda\"},\"description\":\"Integrante del equipo editorial en Centro Urbano. Egresado de la carrera de Econom\u00eda (preespecialidad en Desarrollo Regional) en el IPN y de Matem\u00e1ticas Aplicadas y Computaci\u00f3n en la UNAM. Apasionado de los temas inherentes al desarrollo urbano-regional y estudios formales -e informales- sobre la ciudad y la econom\u00eda urbana.\",\"sameAs\":[\"https:\\\/\\\/www.instagram.com\\\/caminante_en_la_ciudad\\\/?hl=es-la\",\"https:\\\/\\\/x.com\\\/https:\\\/\\\/twitter.com\\\/TGarper\"],\"url\":\"https:\\\/\\\/centrourbano.com\\\/revista\\\/author\\\/antonio-garcia\\\/\"}]}<\/script>\n<!-- \/ Yoast SEO plugin. -->","yoast_head_json":{"title":"Revela pandemia necesidad de construir infraestructura hidr\u00e1ulica: Cipro","description":"El director de Cipro se\u00f1al\u00f3 que la infraestructura hidr\u00e1ulica es clave para impulsar el desarrollo de las regiones; debe cubrir a poblaci\u00f3n e industria","robots":{"index":"index","follow":"follow","max-snippet":"max-snippet:-1","max-image-preview":"max-image-preview:large","max-video-preview":"max-video-preview:-1"},"canonical":"https:\/\/centrourbano.com\/revista\/entrevistas\/revela-pandemia-necesidad-de-construir-infraestructura-hidraulica-cipro\/","og_locale":"es_ES","og_type":"article","og_title":"Revela pandemia necesidad de construir infraestructura hidr\u00e1ulica: Cipro","og_description":"El director de Cipro se\u00f1al\u00f3 que la infraestructura hidr\u00e1ulica es clave para impulsar el desarrollo de las regiones; debe cubrir a poblaci\u00f3n e industria","og_url":"https:\/\/centrourbano.com\/revista\/entrevistas\/revela-pandemia-necesidad-de-construir-infraestructura-hidraulica-cipro\/","og_site_name":"Centro Urbano","article_publisher":"https:\/\/www.facebook.com\/portalcentrourbano","article_published_time":"2020-10-06T18:09:06+00:00","article_modified_time":"2020-10-06T18:09:07+00:00","og_image":[{"width":1280,"height":622,"url":"https:\/\/centrourbano.com\/revista\/wp-content\/uploads\/agua-2.jpg","type":"image\/jpeg"}],"author":"Antonio Garc\u00eda","twitter_card":"summary_large_image","twitter_creator":"@https:\/\/twitter.com\/TGarper","twitter_site":"@CentroUrbano","twitter_misc":{"Escrito por":"Antonio Garc\u00eda","Tiempo de lectura":"2 minutos"},"schema":{"@context":"https:\/\/schema.org","@graph":[{"@type":"Article","@id":"https:\/\/centrourbano.com\/revista\/entrevistas\/revela-pandemia-necesidad-de-construir-infraestructura-hidraulica-cipro\/#article","isPartOf":{"@id":"https:\/\/centrourbano.com\/revista\/entrevistas\/revela-pandemia-necesidad-de-construir-infraestructura-hidraulica-cipro\/"},"author":{"name":"Antonio Garc\u00eda","@id":"https:\/\/centrourbano.com\/revista\/#\/schema\/person\/d12ede3164a0881bab68f5868d5dfe8c"},"headline":"Revela pandemia necesidad de construir infraestructura hidr\u00e1ulica: Cipro","datePublished":"2020-10-06T18:09:06+00:00","dateModified":"2020-10-06T18:09:07+00:00","mainEntityOfPage":{"@id":"https:\/\/centrourbano.com\/revista\/entrevistas\/revela-pandemia-necesidad-de-construir-infraestructura-hidraulica-cipro\/"},"wordCount":395,"commentCount":0,"publisher":{"@id":"https:\/\/centrourbano.com\/revista\/#organization"},"image":{"@id":"https:\/\/centrourbano.com\/revista\/entrevistas\/revela-pandemia-necesidad-de-construir-infraestructura-hidraulica-cipro\/#primaryimage"},"thumbnailUrl":"https:\/\/centrourbano.com\/revista\/wp-content\/uploads\/agua-2.jpg","keywords":["Cipro","ciudades","desarrollo de las regiones","infraestructura hidr\u00e1ulica","licitaciones","Parque Ecol\u00f3gico Lago de Texcoco","proyectos de infraestructura","proyectos insignia","vivero"],"articleSection":["Cobertura Covid-19","Construcci\u00f3n","Entrevistas"],"inLanguage":"es","potentialAction":[{"@type":"CommentAction","name":"Comment","target":["https:\/\/centrourbano.com\/revista\/entrevistas\/revela-pandemia-necesidad-de-construir-infraestructura-hidraulica-cipro\/#respond"]}]},{"@type":"WebPage","@id":"https:\/\/centrourbano.com\/revista\/entrevistas\/revela-pandemia-necesidad-de-construir-infraestructura-hidraulica-cipro\/","url":"https:\/\/centrourbano.com\/revista\/entrevistas\/revela-pandemia-necesidad-de-construir-infraestructura-hidraulica-cipro\/","name":"Revela pandemia necesidad de construir infraestructura hidr\u00e1ulica: Cipro","isPartOf":{"@id":"https:\/\/centrourbano.com\/revista\/#website"},"primaryImageOfPage":{"@id":"https:\/\/centrourbano.com\/revista\/entrevistas\/revela-pandemia-necesidad-de-construir-infraestructura-hidraulica-cipro\/#primaryimage"},"image":{"@id":"https:\/\/centrourbano.com\/revista\/entrevistas\/revela-pandemia-necesidad-de-construir-infraestructura-hidraulica-cipro\/#primaryimage"},"thumbnailUrl":"https:\/\/centrourbano.com\/revista\/wp-content\/uploads\/agua-2.jpg","datePublished":"2020-10-06T18:09:06+00:00","dateModified":"2020-10-06T18:09:07+00:00","description":"El director de Cipro se\u00f1al\u00f3 que la infraestructura hidr\u00e1ulica es clave para impulsar el desarrollo de las regiones; debe cubrir a poblaci\u00f3n e industria","breadcrumb":{"@id":"https:\/\/centrourbano.com\/revista\/entrevistas\/revela-pandemia-necesidad-de-construir-infraestructura-hidraulica-cipro\/#breadcrumb"},"inLanguage":"es","potentialAction":[{"@type":"ReadAction","target":["https:\/\/centrourbano.com\/revista\/entrevistas\/revela-pandemia-necesidad-de-construir-infraestructura-hidraulica-cipro\/"]}]},{"@type":"ImageObject","inLanguage":"es","@id":"https:\/\/centrourbano.com\/revista\/entrevistas\/revela-pandemia-necesidad-de-construir-infraestructura-hidraulica-cipro\/#primaryimage","url":"https:\/\/centrourbano.com\/revista\/wp-content\/uploads\/agua-2.jpg","contentUrl":"https:\/\/centrourbano.com\/revista\/wp-content\/uploads\/agua-2.jpg","width":1280,"height":622,"caption":"El director de Cipro se\u00f1al\u00f3 que la infraestructura hidr\u00e1ulica es clave para impulsar el desarrollo de las regiones; debe cubrir a poblaci\u00f3n e industria"},{"@type":"BreadcrumbList","@id":"https:\/\/centrourbano.com\/revista\/entrevistas\/revela-pandemia-necesidad-de-construir-infraestructura-hidraulica-cipro\/#breadcrumb","itemListElement":[{"@type":"ListItem","position":1,"name":"Portada","item":"https:\/\/centrourbano.com\/revista\/"},{"@type":"ListItem","position":2,"name":"Revela pandemia necesidad de construir infraestructura hidr\u00e1ulica: Cipro"}]},{"@type":"WebSite","@id":"https:\/\/centrourbano.com\/revista\/#website","url":"https:\/\/centrourbano.com\/revista\/","name":"Centro Urbano","description":"Medio especializado en los sectores vivienda, inmobiliario, construcci\u00f3n, arquitectura y urbanismo.","publisher":{"@id":"https:\/\/centrourbano.com\/revista\/#organization"},"potentialAction":[{"@type":"SearchAction","target":{"@type":"EntryPoint","urlTemplate":"https:\/\/centrourbano.com\/revista\/?s={search_term_string}"},"query-input":{"@type":"PropertyValueSpecification","valueRequired":true,"valueName":"search_term_string"}}],"inLanguage":"es"},{"@type":"Organization","@id":"https:\/\/centrourbano.com\/revista\/#organization","name":"Centro Urbano","url":"https:\/\/centrourbano.com\/revista\/","logo":{"@type":"ImageObject","inLanguage":"es","@id":"https:\/\/centrourbano.com\/revista\/#\/schema\/logo\/image\/","url":"https:\/\/centrourbano.com\/revista\/wp-content\/uploads\/web_CU_logo-1.png","contentUrl":"https:\/\/centrourbano.com\/revista\/wp-content\/uploads\/web_CU_logo-1.png","width":350,"height":91,"caption":"Centro Urbano"},"image":{"@id":"https:\/\/centrourbano.com\/revista\/#\/schema\/logo\/image\/"},"sameAs":["https:\/\/www.facebook.com\/portalcentrourbano","https:\/\/x.com\/CentroUrbano","https:\/\/www.instagram.com\/centro_urbano\/","https:\/\/www.linkedin.com\/company\/centro-urbano\/","http:\/\/www.youtube.com\/user\/portalcentrourbano"]},{"@type":"Person","@id":"https:\/\/centrourbano.com\/revista\/#\/schema\/person\/d12ede3164a0881bab68f5868d5dfe8c","name":"Antonio Garc\u00eda","image":{"@type":"ImageObject","inLanguage":"es","@id":"https:\/\/secure.gravatar.com\/avatar\/68b7fcfc82d16a702310836698db1d823c3fb3b28e1f0938164455de47d96d82?s=96&d=mm&r=g","url":"https:\/\/secure.gravatar.com\/avatar\/68b7fcfc82d16a702310836698db1d823c3fb3b28e1f0938164455de47d96d82?s=96&d=mm&r=g","contentUrl":"https:\/\/secure.gravatar.com\/avatar\/68b7fcfc82d16a702310836698db1d823c3fb3b28e1f0938164455de47d96d82?s=96&d=mm&r=g","caption":"Antonio Garc\u00eda"},"description":"Integrante del equipo editorial en Centro Urbano. Egresado de la carrera de Econom\u00eda (preespecialidad en Desarrollo Regional) en el IPN y de Matem\u00e1ticas Aplicadas y Computaci\u00f3n en la UNAM. Apasionado de los temas inherentes al desarrollo urbano-regional y estudios formales -e informales- sobre la ciudad y la econom\u00eda urbana.","sameAs":["https:\/\/www.instagram.com\/caminante_en_la_ciudad\/?hl=es-la","https:\/\/x.com\/https:\/\/twitter.com\/TGarper"],"url":"https:\/\/centrourbano.com\/revista\/author\/antonio-garcia\/"}]}},"_links":{"self":[{"href":"https:\/\/centrourbano.com\/revista\/wp-json\/wp\/v2\/posts\/111956","targetHints":{"allow":["GET"]}}],"collection":[{"href":"https:\/\/centrourbano.com\/revista\/wp-json\/wp\/v2\/posts"}],"about":[{"href":"https:\/\/centrourbano.com\/revista\/wp-json\/wp\/v2\/types\/post"}],"author":[{"embeddable":true,"href":"https:\/\/centrourbano.com\/revista\/wp-json\/wp\/v2\/users\/75"}],"replies":[{"embeddable":true,"href":"https:\/\/centrourbano.com\/revista\/wp-json\/wp\/v2\/comments?post=111956"}],"version-history":[{"count":1,"href":"https:\/\/centrourbano.com\/revista\/wp-json\/wp\/v2\/posts\/111956\/revisions"}],"predecessor-version":[{"id":111958,"href":"https:\/\/centrourbano.com\/revista\/wp-json\/wp\/v2\/posts\/111956\/revisions\/111958"}],"wp:featuredmedia":[{"embeddable":true,"href":"https:\/\/centrourbano.com\/revista\/wp-json\/wp\/v2\/media\/111957"}],"wp:attachment":[{"href":"https:\/\/centrourbano.com\/revista\/wp-json\/wp\/v2\/media?parent=111956"}],"wp:term":[{"taxonomy":"category","embeddable":true,"href":"https:\/\/centrourbano.com\/revista\/wp-json\/wp\/v2\/categories?post=111956"},{"taxonomy":"post_tag","embeddable":true,"href":"https:\/\/centrourbano.com\/revista\/wp-json\/wp\/v2\/tags?post=111956"}],"curies":[{"name":"wp","href":"https:\/\/api.w.org\/{rel}","templated":true}]}}