{"id":111953,"date":"2020-10-06T08:08:38","date_gmt":"2020-10-06T13:08:38","guid":{"rendered":"https:\/\/centrourbano.com\/?p=111953"},"modified":"2020-10-06T13:09:18","modified_gmt":"2020-10-06T18:09:18","slug":"sector-industrial-presenta-comportamiento-diferido-en-las-plazas-del-pais","status":"publish","type":"post","link":"https:\/\/centrourbano.com\/revista\/inmobiliario\/sector-industrial-presenta-comportamiento-diferido-en-las-plazas-del-pais\/","title":{"rendered":"Sector industrial presenta comportamiento diferido en las plazas del pa\u00eds"},"content":{"rendered":"<p><em>Solili encontr\u00f3 que el segmento inmobiliario industrial se encuentra en fase de recuperaci\u00f3n aunque esta presenta variaciones entre ciudades<\/em><\/p>\n<p><!--more--><\/p>\n<p>La firma consultora inmobiliaria Solili dio a conocer el balance del segmento inmobiliario <strong>industrial para el tercer trimestre de 2020<\/strong> (3T2020). En este an\u00e1lisis, <a href=\"https:\/\/twitter.com\/SoliliMX\">Solili<\/a> encontr\u00f3 din\u00e1micas distintas en el propio sector, seg\u00fan las ciudades en las que se analiz\u00f3.<\/p>\n<p>No obstante, uno de los principales componentes que encontr\u00f3 es el de la <strong>mesura en las decisiones de inversi\u00f3n<\/strong>, puntualmente en el tema de <strong>construcci\u00f3n<\/strong> de nuevos complejos. S\u00ed se construy\u00f3 pero a <strong>ritmos m\u00e1s lentos<\/strong> que otros a\u00f1os, aunque, importante precisarlo, hay excepciones a nivel ciudades.<\/p>\n<h3>Din\u00e1mica intacta en el Valle de M\u00e9xico<\/h3>\n<p>La Ciudad de M\u00e9xico, desde reportes de trimestres anteriores, encontr\u00f3 un dinamismo importante pese al desplome de los dem\u00e1s segmentos del sector inmobiliario. En la capital del pa\u00eds se tiene la particularidad de ser sede de 25 millones de personas, la mayor\u00eda de las naves industriales son de vocaci\u00f3n log\u00edstica.<\/p>\n<p>El aislamiento obligado por la pandemia impuls\u00f3 como nunca el comercio electr\u00f3nico, en ese sentido, la actividad log\u00edstica corri\u00f3 la misma suerte y con ello el sector industrial mostr\u00f3 n\u00fameros que ning\u00fan otro segmento logr\u00f3.<\/p>\n<p>\u201cLa demanda bruta de la ZMCM super\u00f3 los 200 mil m2, 63% proveniente de empresas del sector log\u00edstico, e-commerce y bebidas y alimentos, en tanto que la demanda neta sigue registrando niveles inferiores a los t\u00edpicamente reportados en otros trimestres\u201d.<\/p>\n<p>Para <strong>octubre de 2020<\/strong>, en la <strong>Zona Metropolitana del Valle de M\u00e9xico<\/strong> se observ\u00f3 un <strong>incremento de 90,000 m2<\/strong> debido a la construcci\u00f3n de 2 naves industriales en el corredor de Toluca, puntualiz\u00f3 la firma.<\/p>\n<p>En materia de vacancia, se mantiene estable y el <strong>precio promedio de renta<\/strong> incluso se encuentra <strong>al alza desde el 2T2020<\/strong>, incluso con <strong>precio hist\u00f3rico<\/strong> ya. El sector inmobiliario industrial del Valle de M\u00e9xico tuvo un comportamiento contrario a toda la actividad econ\u00f3mica en general en tiempos de pandemia.<\/p>\n<p>La <strong>construcci\u00f3n<\/strong> de nuevos complejos en la metr\u00f3poli, no solo no decreci\u00f3 sino que tuvo un incremento de m\u00e1s del doble de lo registrado en 2019. Se tiene registrada la <strong>construcci\u00f3n de 62 edificaciones<\/strong> clase A y B, 10 iniciadas en este trimestre y un total de <strong>180,000 m2<\/strong>.<\/p>\n<h3>Recuperaci\u00f3n industrial en la Sultana<\/h3>\n<p>En el 2T2020, en la ciudad de <strong>Monterrey<\/strong> se encontr\u00f3 un <strong>comportamiento<\/strong> que Solili calific\u00f3 como <strong>sano<\/strong>. La construcci\u00f3n mantuvo constancia mediante <strong>12 proyectos que totalizar\u00e1n 92,000 m2<\/strong>. La oferta se redujo por retrasos en la obra y la tasa de vacancia, aun saludable, aumento 10 puntos base.<\/p>\n<p>En el norte, la composici\u00f3n de la infraestructura industrial no est\u00e1 tan volcada al tema log\u00edstico como en el Valle de M\u00e9xico. En ese sentido, la absorci\u00f3n fue 18% menor que en 2019 y marcadamente diversificada.<\/p>\n<p>\u201cDemanda impulsada principalmente por el sector manufacturero secundado por el sector automotriz, log\u00edstico, la industria qu\u00edmica, la industria del empaquetado y la alimentaria\u201d.<\/p>\n<h3>La otra cara de la moneda<\/h3>\n<p>Las plazas con edificaciones industriales de vocaci\u00f3n netamente manufacturera tuvieron complicaciones m\u00e1s notorias. Solili y otras firmas lo han sostenido en reiteradas ocasiones. En muchos casos la \u201csalvaci\u00f3n\u201d del sector fueron las naves con capacidad para recibir empresas log\u00edsticas.<\/p>\n<p>Una de las plazas m\u00e1s afectadas es Guanajuato (y todo el corredor industrial del Baj\u00edo) debido a que sus fortalezas son industriales manufactureras, no log\u00edsticas.<\/p>\n<p>\u201cGuanajuato por su vocaci\u00f3n manufacturera y asiento de un cl\u00faster automotriz se ha visto afectada en forma importante con n\u00fameros de demanda inferiores a los que reportaba previo a la pandemia, escenario que empeora si se compara con tres o cuatro a\u00f1os anteriores[\u2026]<\/p>\n<p>\u201cEl alto componente de la demanda manufacturera en la industria en San Luis Potos\u00ed en medio del impacto de la pandemia es uno de los factores que atenu\u00f3 el crecimiento del sector industrial en la ciudad\u201d.<\/p>\n","protected":false},"excerpt":{"rendered":"<p>Solili encontr\u00f3 que el segmento inmobiliario industrial se encuentra en fase de recuperaci\u00f3n aunque esta presenta variaciones entre ciudades<\/p>\n","protected":false},"author":75,"featured_media":111954,"comment_status":"open","ping_status":"closed","sticky":false,"template":"","format":"standard","meta":{"om_disable_all_campaigns":false,"inline_featured_image":false,"_monsterinsights_skip_tracking":false,"_monsterinsights_sitenote_active":false,"_monsterinsights_sitenote_note":"","_monsterinsights_sitenote_category":0,"footnotes":""},"categories":[15],"tags":[211,22,115,1802,14925,213,3273,15558,4851],"class_list":["post-111953","post","type-post","status-publish","format-standard","has-post-thumbnail","hentry","category-inmobiliario","tag-ciudades","tag-construccion-2","tag-industrial","tag-inmobiliario-industrial","tag-logistica","tag-monterrey","tag-sector-industrial","tag-solili","tag-zona-metropolitana-del-valle-de-mexico"],"yoast_head":"<!-- This site is optimized with the Yoast SEO plugin v27.5 - https:\/\/yoast.com\/product\/yoast-seo-wordpress\/ -->\n<title>Sector industrial presenta comportamiento diferido en las plazas del pa\u00eds<\/title>\n<meta name=\"description\" content=\"Solili encontr\u00f3 que el segmento inmobiliario industrial se encuentra en fase de recuperaci\u00f3n aunque esta presenta variaciones entre ciudades\" \/>\n<meta name=\"robots\" content=\"index, follow, max-snippet:-1, max-image-preview:large, max-video-preview:-1\" \/>\n<link rel=\"canonical\" href=\"https:\/\/centrourbano.com\/revista\/inmobiliario\/sector-industrial-presenta-comportamiento-diferido-en-las-plazas-del-pais\/\" \/>\n<meta property=\"og:locale\" content=\"es_ES\" \/>\n<meta property=\"og:type\" content=\"article\" \/>\n<meta property=\"og:title\" content=\"Sector industrial presenta comportamiento diferido en las plazas del pa\u00eds\" \/>\n<meta property=\"og:description\" content=\"Solili encontr\u00f3 que el segmento inmobiliario industrial se encuentra en fase de recuperaci\u00f3n aunque esta presenta variaciones entre ciudades\" \/>\n<meta property=\"og:url\" content=\"https:\/\/centrourbano.com\/revista\/inmobiliario\/sector-industrial-presenta-comportamiento-diferido-en-las-plazas-del-pais\/\" \/>\n<meta property=\"og:site_name\" content=\"Centro Urbano\" \/>\n<meta property=\"article:publisher\" content=\"https:\/\/www.facebook.com\/portalcentrourbano\" \/>\n<meta property=\"article:published_time\" content=\"2020-10-06T13:08:38+00:00\" \/>\n<meta property=\"article:modified_time\" content=\"2020-10-06T18:09:18+00:00\" \/>\n<meta property=\"og:image\" content=\"https:\/\/centrourbano.com\/revista\/wp-content\/uploads\/industrial-solili.jpg\" \/>\n\t<meta property=\"og:image:width\" content=\"1280\" \/>\n\t<meta property=\"og:image:height\" content=\"720\" \/>\n\t<meta property=\"og:image:type\" content=\"image\/jpeg\" \/>\n<meta name=\"author\" content=\"Antonio Garc\u00eda\" \/>\n<meta name=\"twitter:card\" content=\"summary_large_image\" \/>\n<meta name=\"twitter:creator\" content=\"@https:\/\/twitter.com\/TGarper\" \/>\n<meta name=\"twitter:site\" content=\"@CentroUrbano\" \/>\n<meta name=\"twitter:label1\" content=\"Escrito por\" \/>\n\t<meta name=\"twitter:data1\" content=\"Antonio Garc\u00eda\" \/>\n\t<meta name=\"twitter:label2\" content=\"Tiempo de lectura\" \/>\n\t<meta name=\"twitter:data2\" content=\"3 minutos\" \/>\n<script type=\"application\/ld+json\" class=\"yoast-schema-graph\">{\"@context\":\"https:\\\/\\\/schema.org\",\"@graph\":[{\"@type\":\"Article\",\"@id\":\"https:\\\/\\\/centrourbano.com\\\/revista\\\/inmobiliario\\\/sector-industrial-presenta-comportamiento-diferido-en-las-plazas-del-pais\\\/#article\",\"isPartOf\":{\"@id\":\"https:\\\/\\\/centrourbano.com\\\/revista\\\/inmobiliario\\\/sector-industrial-presenta-comportamiento-diferido-en-las-plazas-del-pais\\\/\"},\"author\":{\"name\":\"Antonio Garc\u00eda\",\"@id\":\"https:\\\/\\\/centrourbano.com\\\/revista\\\/#\\\/schema\\\/person\\\/317fc57cd0dcfa64aa25174335bd5d1a\"},\"headline\":\"Sector industrial presenta comportamiento diferido en las plazas del pa\u00eds\",\"datePublished\":\"2020-10-06T13:08:38+00:00\",\"dateModified\":\"2020-10-06T18:09:18+00:00\",\"mainEntityOfPage\":{\"@id\":\"https:\\\/\\\/centrourbano.com\\\/revista\\\/inmobiliario\\\/sector-industrial-presenta-comportamiento-diferido-en-las-plazas-del-pais\\\/\"},\"wordCount\":678,\"commentCount\":0,\"publisher\":{\"@id\":\"https:\\\/\\\/centrourbano.com\\\/revista\\\/#organization\"},\"image\":{\"@id\":\"https:\\\/\\\/centrourbano.com\\\/revista\\\/inmobiliario\\\/sector-industrial-presenta-comportamiento-diferido-en-las-plazas-del-pais\\\/#primaryimage\"},\"thumbnailUrl\":\"https:\\\/\\\/centrourbano.com\\\/revista\\\/wp-content\\\/uploads\\\/industrial-solili.jpg\",\"keywords\":[\"ciudades\",\"construcci\u00f3n\",\"industrial\",\"inmobiliario industrial\",\"Log\u00edstica\",\"Monterrey\",\"sector industrial\",\"Solili\",\"Zona Metropolitana del Valle de M\u00e9xico\"],\"articleSection\":[\"Inmobiliario\"],\"inLanguage\":\"es\",\"potentialAction\":[{\"@type\":\"CommentAction\",\"name\":\"Comment\",\"target\":[\"https:\\\/\\\/centrourbano.com\\\/revista\\\/inmobiliario\\\/sector-industrial-presenta-comportamiento-diferido-en-las-plazas-del-pais\\\/#respond\"]}]},{\"@type\":\"WebPage\",\"@id\":\"https:\\\/\\\/centrourbano.com\\\/revista\\\/inmobiliario\\\/sector-industrial-presenta-comportamiento-diferido-en-las-plazas-del-pais\\\/\",\"url\":\"https:\\\/\\\/centrourbano.com\\\/revista\\\/inmobiliario\\\/sector-industrial-presenta-comportamiento-diferido-en-las-plazas-del-pais\\\/\",\"name\":\"Sector industrial presenta comportamiento diferido en las plazas del pa\u00eds\",\"isPartOf\":{\"@id\":\"https:\\\/\\\/centrourbano.com\\\/revista\\\/#website\"},\"primaryImageOfPage\":{\"@id\":\"https:\\\/\\\/centrourbano.com\\\/revista\\\/inmobiliario\\\/sector-industrial-presenta-comportamiento-diferido-en-las-plazas-del-pais\\\/#primaryimage\"},\"image\":{\"@id\":\"https:\\\/\\\/centrourbano.com\\\/revista\\\/inmobiliario\\\/sector-industrial-presenta-comportamiento-diferido-en-las-plazas-del-pais\\\/#primaryimage\"},\"thumbnailUrl\":\"https:\\\/\\\/centrourbano.com\\\/revista\\\/wp-content\\\/uploads\\\/industrial-solili.jpg\",\"datePublished\":\"2020-10-06T13:08:38+00:00\",\"dateModified\":\"2020-10-06T18:09:18+00:00\",\"description\":\"Solili encontr\u00f3 que el segmento inmobiliario industrial se encuentra en fase de recuperaci\u00f3n aunque esta presenta variaciones entre ciudades\",\"breadcrumb\":{\"@id\":\"https:\\\/\\\/centrourbano.com\\\/revista\\\/inmobiliario\\\/sector-industrial-presenta-comportamiento-diferido-en-las-plazas-del-pais\\\/#breadcrumb\"},\"inLanguage\":\"es\",\"potentialAction\":[{\"@type\":\"ReadAction\",\"target\":[\"https:\\\/\\\/centrourbano.com\\\/revista\\\/inmobiliario\\\/sector-industrial-presenta-comportamiento-diferido-en-las-plazas-del-pais\\\/\"]}]},{\"@type\":\"ImageObject\",\"inLanguage\":\"es\",\"@id\":\"https:\\\/\\\/centrourbano.com\\\/revista\\\/inmobiliario\\\/sector-industrial-presenta-comportamiento-diferido-en-las-plazas-del-pais\\\/#primaryimage\",\"url\":\"https:\\\/\\\/centrourbano.com\\\/revista\\\/wp-content\\\/uploads\\\/industrial-solili.jpg\",\"contentUrl\":\"https:\\\/\\\/centrourbano.com\\\/revista\\\/wp-content\\\/uploads\\\/industrial-solili.jpg\",\"width\":1280,\"height\":720,\"caption\":\"Solili encontr\u00f3 que el segmento inmobiliario industrial se encuentra en fase de recuperaci\u00f3n aunque esta presenta variaciones entre ciudades\"},{\"@type\":\"BreadcrumbList\",\"@id\":\"https:\\\/\\\/centrourbano.com\\\/revista\\\/inmobiliario\\\/sector-industrial-presenta-comportamiento-diferido-en-las-plazas-del-pais\\\/#breadcrumb\",\"itemListElement\":[{\"@type\":\"ListItem\",\"position\":1,\"name\":\"Portada\",\"item\":\"https:\\\/\\\/centrourbano.com\\\/revista\\\/\"},{\"@type\":\"ListItem\",\"position\":2,\"name\":\"Sector industrial presenta comportamiento diferido en las plazas del pa\u00eds\"}]},{\"@type\":\"WebSite\",\"@id\":\"https:\\\/\\\/centrourbano.com\\\/revista\\\/#website\",\"url\":\"https:\\\/\\\/centrourbano.com\\\/revista\\\/\",\"name\":\"Centro Urbano\",\"description\":\"Medio especializado en los sectores vivienda, inmobiliario, construcci\u00f3n, arquitectura y urbanismo.\",\"publisher\":{\"@id\":\"https:\\\/\\\/centrourbano.com\\\/revista\\\/#organization\"},\"potentialAction\":[{\"@type\":\"SearchAction\",\"target\":{\"@type\":\"EntryPoint\",\"urlTemplate\":\"https:\\\/\\\/centrourbano.com\\\/revista\\\/?s={search_term_string}\"},\"query-input\":{\"@type\":\"PropertyValueSpecification\",\"valueRequired\":true,\"valueName\":\"search_term_string\"}}],\"inLanguage\":\"es\"},{\"@type\":\"Organization\",\"@id\":\"https:\\\/\\\/centrourbano.com\\\/revista\\\/#organization\",\"name\":\"Centro Urbano\",\"url\":\"https:\\\/\\\/centrourbano.com\\\/revista\\\/\",\"logo\":{\"@type\":\"ImageObject\",\"inLanguage\":\"es\",\"@id\":\"https:\\\/\\\/centrourbano.com\\\/revista\\\/#\\\/schema\\\/logo\\\/image\\\/\",\"url\":\"https:\\\/\\\/centrourbano.com\\\/revista\\\/wp-content\\\/uploads\\\/web_CU_logo-1.png\",\"contentUrl\":\"https:\\\/\\\/centrourbano.com\\\/revista\\\/wp-content\\\/uploads\\\/web_CU_logo-1.png\",\"width\":350,\"height\":91,\"caption\":\"Centro Urbano\"},\"image\":{\"@id\":\"https:\\\/\\\/centrourbano.com\\\/revista\\\/#\\\/schema\\\/logo\\\/image\\\/\"},\"sameAs\":[\"https:\\\/\\\/www.facebook.com\\\/portalcentrourbano\",\"https:\\\/\\\/x.com\\\/CentroUrbano\",\"https:\\\/\\\/www.instagram.com\\\/centro_urbano\\\/\",\"https:\\\/\\\/www.linkedin.com\\\/company\\\/centro-urbano\\\/\",\"http:\\\/\\\/www.youtube.com\\\/user\\\/portalcentrourbano\"]},{\"@type\":\"Person\",\"@id\":\"https:\\\/\\\/centrourbano.com\\\/revista\\\/#\\\/schema\\\/person\\\/317fc57cd0dcfa64aa25174335bd5d1a\",\"name\":\"Antonio Garc\u00eda\",\"image\":{\"@type\":\"ImageObject\",\"inLanguage\":\"es\",\"@id\":\"https:\\\/\\\/secure.gravatar.com\\\/avatar\\\/68b7fcfc82d16a702310836698db1d823c3fb3b28e1f0938164455de47d96d82?s=96&d=mm&r=g\",\"url\":\"https:\\\/\\\/secure.gravatar.com\\\/avatar\\\/68b7fcfc82d16a702310836698db1d823c3fb3b28e1f0938164455de47d96d82?s=96&d=mm&r=g\",\"contentUrl\":\"https:\\\/\\\/secure.gravatar.com\\\/avatar\\\/68b7fcfc82d16a702310836698db1d823c3fb3b28e1f0938164455de47d96d82?s=96&d=mm&r=g\",\"caption\":\"Antonio Garc\u00eda\"},\"description\":\"Integrante del equipo editorial en Centro Urbano. Egresado de la carrera de Econom\u00eda (preespecialidad en Desarrollo Regional) en el IPN y de Matem\u00e1ticas Aplicadas y Computaci\u00f3n en la UNAM. Apasionado de los temas inherentes al desarrollo urbano-regional y estudios formales -e informales- sobre la ciudad y la econom\u00eda urbana.\",\"sameAs\":[\"https:\\\/\\\/www.instagram.com\\\/caminante_en_la_ciudad\\\/?hl=es-la\",\"https:\\\/\\\/x.com\\\/https:\\\/\\\/twitter.com\\\/TGarper\"],\"url\":\"https:\\\/\\\/centrourbano.com\\\/revista\\\/author\\\/antonio-garcia\\\/\"}]}<\/script>\n<!-- \/ Yoast SEO plugin. -->","yoast_head_json":{"title":"Sector industrial presenta comportamiento diferido en las plazas del pa\u00eds","description":"Solili encontr\u00f3 que el segmento inmobiliario industrial se encuentra en fase de recuperaci\u00f3n aunque esta presenta variaciones entre ciudades","robots":{"index":"index","follow":"follow","max-snippet":"max-snippet:-1","max-image-preview":"max-image-preview:large","max-video-preview":"max-video-preview:-1"},"canonical":"https:\/\/centrourbano.com\/revista\/inmobiliario\/sector-industrial-presenta-comportamiento-diferido-en-las-plazas-del-pais\/","og_locale":"es_ES","og_type":"article","og_title":"Sector industrial presenta comportamiento diferido en las plazas del pa\u00eds","og_description":"Solili encontr\u00f3 que el segmento inmobiliario industrial se encuentra en fase de recuperaci\u00f3n aunque esta presenta variaciones entre ciudades","og_url":"https:\/\/centrourbano.com\/revista\/inmobiliario\/sector-industrial-presenta-comportamiento-diferido-en-las-plazas-del-pais\/","og_site_name":"Centro Urbano","article_publisher":"https:\/\/www.facebook.com\/portalcentrourbano","article_published_time":"2020-10-06T13:08:38+00:00","article_modified_time":"2020-10-06T18:09:18+00:00","og_image":[{"width":1280,"height":720,"url":"https:\/\/centrourbano.com\/revista\/wp-content\/uploads\/industrial-solili.jpg","type":"image\/jpeg"}],"author":"Antonio Garc\u00eda","twitter_card":"summary_large_image","twitter_creator":"@https:\/\/twitter.com\/TGarper","twitter_site":"@CentroUrbano","twitter_misc":{"Escrito por":"Antonio Garc\u00eda","Tiempo de lectura":"3 minutos"},"schema":{"@context":"https:\/\/schema.org","@graph":[{"@type":"Article","@id":"https:\/\/centrourbano.com\/revista\/inmobiliario\/sector-industrial-presenta-comportamiento-diferido-en-las-plazas-del-pais\/#article","isPartOf":{"@id":"https:\/\/centrourbano.com\/revista\/inmobiliario\/sector-industrial-presenta-comportamiento-diferido-en-las-plazas-del-pais\/"},"author":{"name":"Antonio Garc\u00eda","@id":"https:\/\/centrourbano.com\/revista\/#\/schema\/person\/317fc57cd0dcfa64aa25174335bd5d1a"},"headline":"Sector industrial presenta comportamiento diferido en las plazas del pa\u00eds","datePublished":"2020-10-06T13:08:38+00:00","dateModified":"2020-10-06T18:09:18+00:00","mainEntityOfPage":{"@id":"https:\/\/centrourbano.com\/revista\/inmobiliario\/sector-industrial-presenta-comportamiento-diferido-en-las-plazas-del-pais\/"},"wordCount":678,"commentCount":0,"publisher":{"@id":"https:\/\/centrourbano.com\/revista\/#organization"},"image":{"@id":"https:\/\/centrourbano.com\/revista\/inmobiliario\/sector-industrial-presenta-comportamiento-diferido-en-las-plazas-del-pais\/#primaryimage"},"thumbnailUrl":"https:\/\/centrourbano.com\/revista\/wp-content\/uploads\/industrial-solili.jpg","keywords":["ciudades","construcci\u00f3n","industrial","inmobiliario industrial","Log\u00edstica","Monterrey","sector industrial","Solili","Zona Metropolitana del Valle de M\u00e9xico"],"articleSection":["Inmobiliario"],"inLanguage":"es","potentialAction":[{"@type":"CommentAction","name":"Comment","target":["https:\/\/centrourbano.com\/revista\/inmobiliario\/sector-industrial-presenta-comportamiento-diferido-en-las-plazas-del-pais\/#respond"]}]},{"@type":"WebPage","@id":"https:\/\/centrourbano.com\/revista\/inmobiliario\/sector-industrial-presenta-comportamiento-diferido-en-las-plazas-del-pais\/","url":"https:\/\/centrourbano.com\/revista\/inmobiliario\/sector-industrial-presenta-comportamiento-diferido-en-las-plazas-del-pais\/","name":"Sector industrial presenta comportamiento diferido en las plazas del pa\u00eds","isPartOf":{"@id":"https:\/\/centrourbano.com\/revista\/#website"},"primaryImageOfPage":{"@id":"https:\/\/centrourbano.com\/revista\/inmobiliario\/sector-industrial-presenta-comportamiento-diferido-en-las-plazas-del-pais\/#primaryimage"},"image":{"@id":"https:\/\/centrourbano.com\/revista\/inmobiliario\/sector-industrial-presenta-comportamiento-diferido-en-las-plazas-del-pais\/#primaryimage"},"thumbnailUrl":"https:\/\/centrourbano.com\/revista\/wp-content\/uploads\/industrial-solili.jpg","datePublished":"2020-10-06T13:08:38+00:00","dateModified":"2020-10-06T18:09:18+00:00","description":"Solili encontr\u00f3 que el segmento inmobiliario industrial se encuentra en fase de recuperaci\u00f3n aunque esta presenta variaciones entre ciudades","breadcrumb":{"@id":"https:\/\/centrourbano.com\/revista\/inmobiliario\/sector-industrial-presenta-comportamiento-diferido-en-las-plazas-del-pais\/#breadcrumb"},"inLanguage":"es","potentialAction":[{"@type":"ReadAction","target":["https:\/\/centrourbano.com\/revista\/inmobiliario\/sector-industrial-presenta-comportamiento-diferido-en-las-plazas-del-pais\/"]}]},{"@type":"ImageObject","inLanguage":"es","@id":"https:\/\/centrourbano.com\/revista\/inmobiliario\/sector-industrial-presenta-comportamiento-diferido-en-las-plazas-del-pais\/#primaryimage","url":"https:\/\/centrourbano.com\/revista\/wp-content\/uploads\/industrial-solili.jpg","contentUrl":"https:\/\/centrourbano.com\/revista\/wp-content\/uploads\/industrial-solili.jpg","width":1280,"height":720,"caption":"Solili encontr\u00f3 que el segmento inmobiliario industrial se encuentra en fase de recuperaci\u00f3n aunque esta presenta variaciones entre ciudades"},{"@type":"BreadcrumbList","@id":"https:\/\/centrourbano.com\/revista\/inmobiliario\/sector-industrial-presenta-comportamiento-diferido-en-las-plazas-del-pais\/#breadcrumb","itemListElement":[{"@type":"ListItem","position":1,"name":"Portada","item":"https:\/\/centrourbano.com\/revista\/"},{"@type":"ListItem","position":2,"name":"Sector industrial presenta comportamiento diferido en las plazas del pa\u00eds"}]},{"@type":"WebSite","@id":"https:\/\/centrourbano.com\/revista\/#website","url":"https:\/\/centrourbano.com\/revista\/","name":"Centro Urbano","description":"Medio especializado en los sectores vivienda, inmobiliario, construcci\u00f3n, arquitectura y urbanismo.","publisher":{"@id":"https:\/\/centrourbano.com\/revista\/#organization"},"potentialAction":[{"@type":"SearchAction","target":{"@type":"EntryPoint","urlTemplate":"https:\/\/centrourbano.com\/revista\/?s={search_term_string}"},"query-input":{"@type":"PropertyValueSpecification","valueRequired":true,"valueName":"search_term_string"}}],"inLanguage":"es"},{"@type":"Organization","@id":"https:\/\/centrourbano.com\/revista\/#organization","name":"Centro Urbano","url":"https:\/\/centrourbano.com\/revista\/","logo":{"@type":"ImageObject","inLanguage":"es","@id":"https:\/\/centrourbano.com\/revista\/#\/schema\/logo\/image\/","url":"https:\/\/centrourbano.com\/revista\/wp-content\/uploads\/web_CU_logo-1.png","contentUrl":"https:\/\/centrourbano.com\/revista\/wp-content\/uploads\/web_CU_logo-1.png","width":350,"height":91,"caption":"Centro Urbano"},"image":{"@id":"https:\/\/centrourbano.com\/revista\/#\/schema\/logo\/image\/"},"sameAs":["https:\/\/www.facebook.com\/portalcentrourbano","https:\/\/x.com\/CentroUrbano","https:\/\/www.instagram.com\/centro_urbano\/","https:\/\/www.linkedin.com\/company\/centro-urbano\/","http:\/\/www.youtube.com\/user\/portalcentrourbano"]},{"@type":"Person","@id":"https:\/\/centrourbano.com\/revista\/#\/schema\/person\/317fc57cd0dcfa64aa25174335bd5d1a","name":"Antonio Garc\u00eda","image":{"@type":"ImageObject","inLanguage":"es","@id":"https:\/\/secure.gravatar.com\/avatar\/68b7fcfc82d16a702310836698db1d823c3fb3b28e1f0938164455de47d96d82?s=96&d=mm&r=g","url":"https:\/\/secure.gravatar.com\/avatar\/68b7fcfc82d16a702310836698db1d823c3fb3b28e1f0938164455de47d96d82?s=96&d=mm&r=g","contentUrl":"https:\/\/secure.gravatar.com\/avatar\/68b7fcfc82d16a702310836698db1d823c3fb3b28e1f0938164455de47d96d82?s=96&d=mm&r=g","caption":"Antonio Garc\u00eda"},"description":"Integrante del equipo editorial en Centro Urbano. Egresado de la carrera de Econom\u00eda (preespecialidad en Desarrollo Regional) en el IPN y de Matem\u00e1ticas Aplicadas y Computaci\u00f3n en la UNAM. Apasionado de los temas inherentes al desarrollo urbano-regional y estudios formales -e informales- sobre la ciudad y la econom\u00eda urbana.","sameAs":["https:\/\/www.instagram.com\/caminante_en_la_ciudad\/?hl=es-la","https:\/\/x.com\/https:\/\/twitter.com\/TGarper"],"url":"https:\/\/centrourbano.com\/revista\/author\/antonio-garcia\/"}]}},"_links":{"self":[{"href":"https:\/\/centrourbano.com\/revista\/wp-json\/wp\/v2\/posts\/111953","targetHints":{"allow":["GET"]}}],"collection":[{"href":"https:\/\/centrourbano.com\/revista\/wp-json\/wp\/v2\/posts"}],"about":[{"href":"https:\/\/centrourbano.com\/revista\/wp-json\/wp\/v2\/types\/post"}],"author":[{"embeddable":true,"href":"https:\/\/centrourbano.com\/revista\/wp-json\/wp\/v2\/users\/75"}],"replies":[{"embeddable":true,"href":"https:\/\/centrourbano.com\/revista\/wp-json\/wp\/v2\/comments?post=111953"}],"version-history":[{"count":1,"href":"https:\/\/centrourbano.com\/revista\/wp-json\/wp\/v2\/posts\/111953\/revisions"}],"predecessor-version":[{"id":111955,"href":"https:\/\/centrourbano.com\/revista\/wp-json\/wp\/v2\/posts\/111953\/revisions\/111955"}],"wp:featuredmedia":[{"embeddable":true,"href":"https:\/\/centrourbano.com\/revista\/wp-json\/wp\/v2\/media\/111954"}],"wp:attachment":[{"href":"https:\/\/centrourbano.com\/revista\/wp-json\/wp\/v2\/media?parent=111953"}],"wp:term":[{"taxonomy":"category","embeddable":true,"href":"https:\/\/centrourbano.com\/revista\/wp-json\/wp\/v2\/categories?post=111953"},{"taxonomy":"post_tag","embeddable":true,"href":"https:\/\/centrourbano.com\/revista\/wp-json\/wp\/v2\/tags?post=111953"}],"curies":[{"name":"wp","href":"https:\/\/api.w.org\/{rel}","templated":true}]}}