{"id":111855,"date":"2020-10-02T09:56:38","date_gmt":"2020-10-02T14:56:38","guid":{"rendered":"https:\/\/centrourbano.com\/?p=111855"},"modified":"2020-10-02T11:12:01","modified_gmt":"2020-10-02T16:12:01","slug":"acuerda-cfe-y-fonatur-modernizacion-de-redes-electricas-para-tren-maya","status":"publish","type":"post","link":"https:\/\/centrourbano.com\/revista\/construccion\/acuerda-cfe-y-fonatur-modernizacion-de-redes-electricas-para-tren-maya\/","title":{"rendered":"Acuerda CFE y Fonatur modernizaci\u00f3n de redes el\u00e9ctricas para Tren Maya"},"content":{"rendered":"<p><em>La CFE y Fonatur trabajar\u00e1n en el proceso de modernizaci\u00f3n del sistema el\u00e9ctrico que alimentar\u00e1 los 680 km de la ruta el\u00e9ctrica del Tren Maya<\/em><\/p>\n<p><!--more--><\/p>\n<p>El Fondo Nacional de Fomento al Turismo (<a href=\"https:\/\/twitter.com\/FonaturMX\">Fonatur<\/a>) oficializ\u00f3 un convenio de colaboraci\u00f3n con la <strong>Comisi\u00f3n Federal de Electricidad<\/strong> (<a href=\"https:\/\/twitter.com\/CFEmx\">CFE<\/a>) con el objetivo de implementar la ruta de colaboraci\u00f3n a seguir en aras de <strong>modernizar y adecuar las redes que suministraran la energ\u00eda el\u00e9ctrica a la infraestructura ferroviaria del Tren Maya<\/strong>.<\/p>\n<p>Este acuerdo, comentaron los directivos de ambas instancias, Rogelio Jim\u00e9nez Pons, Director de Fonatur, y Manuel Bartlett D\u00edaz, Director General de la CFE, compromete a ambas dependencias a trabajar en distintos frentes, aunque con el mismo objetivo, <strong>electrificar el 40% de la ruta del Tren<\/strong>.<\/p>\n<p>A este respecto, Fonatur record\u00f3 que el <strong>tramo el\u00e9ctrico<\/strong> corresponde a la ruta <strong>M\u00e9rida-Canc\u00fan-Chetumal <\/strong>que consta de <strong>680 km de ruta<\/strong>, incluyendo v\u00edas dobles para servicios m\u00faltiples. Adem\u00e1s, a\u00f1adi\u00f3, est\u00e1 abierta la posibilidad de electrificar la totalidad de la ruta en un futuro.<\/p>\n<h3>Colaboraci\u00f3n entre CFE y Fonatur<\/h3>\n<p>La <strong>compa\u00f1\u00eda el\u00e9ctrica<\/strong> realizar\u00e1 los <strong>trabajos previos de ingenier\u00eda, supervisi\u00f3n y construcci\u00f3n de la infraestructura el\u00e9ctrica<\/strong> de los estados de Yucat\u00e1n, Campeche, Quintana Roo, Tabasco y Chiapas. El <strong>Fondo<\/strong> de Fomento, por su parte, <strong>proveer\u00e1 los recursos, facilidades e informaci\u00f3n<\/strong> a su alcance para desarrollar el proyecto.<\/p>\n<p>La magnitud del proyecto insignia de la administraci\u00f3n precisa que se <strong>adecue el sistema el\u00e9ctrico<\/strong> para que garantice eficiencia en las operaciones. En ese tenor, CFE detall\u00f3 que varias de sus filiales (CFE Distribuci\u00f3n, CFE Transmisi\u00f3n y CFE Suministro B\u00e1sico, Empresas Productivas Subsidiarias de la CFE) tendr\u00e1n actividad en el proceso de modernizaci\u00f3n.<\/p>\n<p>\u201cParticipar\u00e1n en los procesos de planeaci\u00f3n, desarrollo, implementaci\u00f3n, instalaci\u00f3n y operaci\u00f3n de la infraestructura el\u00e9ctrica para el proyecto Tren Maya. Los trabajos de modernizaci\u00f3n favorecer\u00e1n la estabilidad y confiabilidad al sistema el\u00e9ctrico\u201d.<\/p>\n","protected":false},"excerpt":{"rendered":"<p>La CFE y Fonatur trabajar\u00e1n en el proceso de modernizaci\u00f3n del sistema el\u00e9ctrico que alimentar\u00e1 los 680 km de la ruta el\u00e9ctrica del Tren Maya<\/p>\n","protected":false},"author":75,"featured_media":111859,"comment_status":"open","ping_status":"closed","sticky":false,"template":"","format":"standard","meta":{"om_disable_all_campaigns":false,"inline_featured_image":false,"_monsterinsights_skip_tracking":false,"_monsterinsights_sitenote_active":false,"_monsterinsights_sitenote_note":"","_monsterinsights_sitenote_category":0,"footnotes":""},"categories":[14],"tags":[19831,2574,4260,19832,19834,19833,8078,14281],"class_list":["post-111855","post","type-post","status-publish","format-standard","has-post-thumbnail","hentry","category-construccion","tag-cfe-y-fonatur","tag-infraestructura-electrica","tag-modernizacion","tag-redes-electricas","tag-ruta-del-tren","tag-sistema-electrico","tag-sureste","tag-tren-maya"],"yoast_head":"<!-- This site is optimized with the Yoast SEO plugin v27.4 - https:\/\/yoast.com\/product\/yoast-seo-wordpress\/ -->\n<title>Acuerda CFE y Fonatur modernizaci\u00f3n de redes el\u00e9ctricas para Tren Maya<\/title>\n<meta name=\"description\" content=\"La CFE y Fonatur trabajar\u00e1n en el proceso de modernizaci\u00f3n del sistema el\u00e9ctrico que alimentar\u00e1 los 680 km de la ruta el\u00e9ctrica del Tren Maya\" \/>\n<meta name=\"robots\" content=\"index, follow, max-snippet:-1, max-image-preview:large, max-video-preview:-1\" \/>\n<link rel=\"canonical\" href=\"https:\/\/centrourbano.com\/revista\/construccion\/acuerda-cfe-y-fonatur-modernizacion-de-redes-electricas-para-tren-maya\/\" \/>\n<meta property=\"og:locale\" content=\"es_ES\" \/>\n<meta property=\"og:type\" content=\"article\" \/>\n<meta property=\"og:title\" content=\"Acuerda CFE y Fonatur modernizaci\u00f3n de redes el\u00e9ctricas para Tren Maya\" \/>\n<meta property=\"og:description\" content=\"La CFE y Fonatur trabajar\u00e1n en el proceso de modernizaci\u00f3n del sistema el\u00e9ctrico que alimentar\u00e1 los 680 km de la ruta el\u00e9ctrica del Tren Maya\" \/>\n<meta property=\"og:url\" content=\"https:\/\/centrourbano.com\/revista\/construccion\/acuerda-cfe-y-fonatur-modernizacion-de-redes-electricas-para-tren-maya\/\" \/>\n<meta property=\"og:site_name\" content=\"Centro Urbano\" \/>\n<meta property=\"article:publisher\" content=\"https:\/\/www.facebook.com\/portalcentrourbano\" \/>\n<meta property=\"article:published_time\" content=\"2020-10-02T14:56:38+00:00\" \/>\n<meta property=\"article:modified_time\" content=\"2020-10-02T16:12:01+00:00\" \/>\n<meta property=\"og:image\" content=\"https:\/\/centrourbano.com\/revista\/wp-content\/uploads\/CFE-FONATUR.jpg\" \/>\n\t<meta property=\"og:image:width\" content=\"1280\" \/>\n\t<meta property=\"og:image:height\" content=\"853\" \/>\n\t<meta property=\"og:image:type\" content=\"image\/jpeg\" \/>\n<meta name=\"author\" content=\"Antonio Garc\u00eda\" \/>\n<meta name=\"twitter:card\" content=\"summary_large_image\" \/>\n<meta name=\"twitter:creator\" content=\"@https:\/\/twitter.com\/TGarper\" \/>\n<meta name=\"twitter:site\" content=\"@CentroUrbano\" \/>\n<meta name=\"twitter:label1\" content=\"Escrito por\" \/>\n\t<meta name=\"twitter:data1\" content=\"Antonio Garc\u00eda\" \/>\n\t<meta name=\"twitter:label2\" content=\"Tiempo de lectura\" \/>\n\t<meta name=\"twitter:data2\" content=\"2 minutos\" \/>\n<script type=\"application\/ld+json\" class=\"yoast-schema-graph\">{\"@context\":\"https:\\\/\\\/schema.org\",\"@graph\":[{\"@type\":\"Article\",\"@id\":\"https:\\\/\\\/centrourbano.com\\\/revista\\\/construccion\\\/acuerda-cfe-y-fonatur-modernizacion-de-redes-electricas-para-tren-maya\\\/#article\",\"isPartOf\":{\"@id\":\"https:\\\/\\\/centrourbano.com\\\/revista\\\/construccion\\\/acuerda-cfe-y-fonatur-modernizacion-de-redes-electricas-para-tren-maya\\\/\"},\"author\":{\"name\":\"Antonio Garc\u00eda\",\"@id\":\"https:\\\/\\\/centrourbano.com\\\/revista\\\/#\\\/schema\\\/person\\\/d12ede3164a0881bab68f5868d5dfe8c\"},\"headline\":\"Acuerda CFE y Fonatur modernizaci\u00f3n de redes el\u00e9ctricas para Tren Maya\",\"datePublished\":\"2020-10-02T14:56:38+00:00\",\"dateModified\":\"2020-10-02T16:12:01+00:00\",\"mainEntityOfPage\":{\"@id\":\"https:\\\/\\\/centrourbano.com\\\/revista\\\/construccion\\\/acuerda-cfe-y-fonatur-modernizacion-de-redes-electricas-para-tren-maya\\\/\"},\"wordCount\":354,\"commentCount\":0,\"publisher\":{\"@id\":\"https:\\\/\\\/centrourbano.com\\\/revista\\\/#organization\"},\"image\":{\"@id\":\"https:\\\/\\\/centrourbano.com\\\/revista\\\/construccion\\\/acuerda-cfe-y-fonatur-modernizacion-de-redes-electricas-para-tren-maya\\\/#primaryimage\"},\"thumbnailUrl\":\"https:\\\/\\\/centrourbano.com\\\/revista\\\/wp-content\\\/uploads\\\/CFE-FONATUR.jpg\",\"keywords\":[\"CFE y Fonatur\",\"infraestructura el\u00e9ctrica\",\"modernizaci\u00f3n\",\"redes el\u00e9ctricas\",\"ruta del Tren\",\"sistema el\u00e9ctrico\",\"sureste\",\"Tren Maya\"],\"articleSection\":[\"Construcci\u00f3n\"],\"inLanguage\":\"es\",\"potentialAction\":[{\"@type\":\"CommentAction\",\"name\":\"Comment\",\"target\":[\"https:\\\/\\\/centrourbano.com\\\/revista\\\/construccion\\\/acuerda-cfe-y-fonatur-modernizacion-de-redes-electricas-para-tren-maya\\\/#respond\"]}]},{\"@type\":\"WebPage\",\"@id\":\"https:\\\/\\\/centrourbano.com\\\/revista\\\/construccion\\\/acuerda-cfe-y-fonatur-modernizacion-de-redes-electricas-para-tren-maya\\\/\",\"url\":\"https:\\\/\\\/centrourbano.com\\\/revista\\\/construccion\\\/acuerda-cfe-y-fonatur-modernizacion-de-redes-electricas-para-tren-maya\\\/\",\"name\":\"Acuerda CFE y Fonatur modernizaci\u00f3n de redes el\u00e9ctricas para Tren Maya\",\"isPartOf\":{\"@id\":\"https:\\\/\\\/centrourbano.com\\\/revista\\\/#website\"},\"primaryImageOfPage\":{\"@id\":\"https:\\\/\\\/centrourbano.com\\\/revista\\\/construccion\\\/acuerda-cfe-y-fonatur-modernizacion-de-redes-electricas-para-tren-maya\\\/#primaryimage\"},\"image\":{\"@id\":\"https:\\\/\\\/centrourbano.com\\\/revista\\\/construccion\\\/acuerda-cfe-y-fonatur-modernizacion-de-redes-electricas-para-tren-maya\\\/#primaryimage\"},\"thumbnailUrl\":\"https:\\\/\\\/centrourbano.com\\\/revista\\\/wp-content\\\/uploads\\\/CFE-FONATUR.jpg\",\"datePublished\":\"2020-10-02T14:56:38+00:00\",\"dateModified\":\"2020-10-02T16:12:01+00:00\",\"description\":\"La CFE y Fonatur trabajar\u00e1n en el proceso de modernizaci\u00f3n del sistema el\u00e9ctrico que alimentar\u00e1 los 680 km de la ruta el\u00e9ctrica del Tren Maya\",\"breadcrumb\":{\"@id\":\"https:\\\/\\\/centrourbano.com\\\/revista\\\/construccion\\\/acuerda-cfe-y-fonatur-modernizacion-de-redes-electricas-para-tren-maya\\\/#breadcrumb\"},\"inLanguage\":\"es\",\"potentialAction\":[{\"@type\":\"ReadAction\",\"target\":[\"https:\\\/\\\/centrourbano.com\\\/revista\\\/construccion\\\/acuerda-cfe-y-fonatur-modernizacion-de-redes-electricas-para-tren-maya\\\/\"]}]},{\"@type\":\"ImageObject\",\"inLanguage\":\"es\",\"@id\":\"https:\\\/\\\/centrourbano.com\\\/revista\\\/construccion\\\/acuerda-cfe-y-fonatur-modernizacion-de-redes-electricas-para-tren-maya\\\/#primaryimage\",\"url\":\"https:\\\/\\\/centrourbano.com\\\/revista\\\/wp-content\\\/uploads\\\/CFE-FONATUR.jpg\",\"contentUrl\":\"https:\\\/\\\/centrourbano.com\\\/revista\\\/wp-content\\\/uploads\\\/CFE-FONATUR.jpg\",\"width\":1280,\"height\":853,\"caption\":\"La CFE y Fonatur trabajar\u00e1n en el proceso de modernizaci\u00f3n del sistema el\u00e9ctrico que alimentar\u00e1 los 680 km de la ruta el\u00e9ctrica del Tren Maya\"},{\"@type\":\"BreadcrumbList\",\"@id\":\"https:\\\/\\\/centrourbano.com\\\/revista\\\/construccion\\\/acuerda-cfe-y-fonatur-modernizacion-de-redes-electricas-para-tren-maya\\\/#breadcrumb\",\"itemListElement\":[{\"@type\":\"ListItem\",\"position\":1,\"name\":\"Portada\",\"item\":\"https:\\\/\\\/centrourbano.com\\\/revista\\\/\"},{\"@type\":\"ListItem\",\"position\":2,\"name\":\"Acuerda CFE y Fonatur modernizaci\u00f3n de redes el\u00e9ctricas para Tren Maya\"}]},{\"@type\":\"WebSite\",\"@id\":\"https:\\\/\\\/centrourbano.com\\\/revista\\\/#website\",\"url\":\"https:\\\/\\\/centrourbano.com\\\/revista\\\/\",\"name\":\"Centro Urbano\",\"description\":\"Medio especializado en los sectores vivienda, inmobiliario, construcci\u00f3n, arquitectura y urbanismo.\",\"publisher\":{\"@id\":\"https:\\\/\\\/centrourbano.com\\\/revista\\\/#organization\"},\"potentialAction\":[{\"@type\":\"SearchAction\",\"target\":{\"@type\":\"EntryPoint\",\"urlTemplate\":\"https:\\\/\\\/centrourbano.com\\\/revista\\\/?s={search_term_string}\"},\"query-input\":{\"@type\":\"PropertyValueSpecification\",\"valueRequired\":true,\"valueName\":\"search_term_string\"}}],\"inLanguage\":\"es\"},{\"@type\":\"Organization\",\"@id\":\"https:\\\/\\\/centrourbano.com\\\/revista\\\/#organization\",\"name\":\"Centro Urbano\",\"url\":\"https:\\\/\\\/centrourbano.com\\\/revista\\\/\",\"logo\":{\"@type\":\"ImageObject\",\"inLanguage\":\"es\",\"@id\":\"https:\\\/\\\/centrourbano.com\\\/revista\\\/#\\\/schema\\\/logo\\\/image\\\/\",\"url\":\"https:\\\/\\\/centrourbano.com\\\/revista\\\/wp-content\\\/uploads\\\/web_CU_logo-1.png\",\"contentUrl\":\"https:\\\/\\\/centrourbano.com\\\/revista\\\/wp-content\\\/uploads\\\/web_CU_logo-1.png\",\"width\":350,\"height\":91,\"caption\":\"Centro Urbano\"},\"image\":{\"@id\":\"https:\\\/\\\/centrourbano.com\\\/revista\\\/#\\\/schema\\\/logo\\\/image\\\/\"},\"sameAs\":[\"https:\\\/\\\/www.facebook.com\\\/portalcentrourbano\",\"https:\\\/\\\/x.com\\\/CentroUrbano\",\"https:\\\/\\\/www.instagram.com\\\/centro_urbano\\\/\",\"https:\\\/\\\/www.linkedin.com\\\/company\\\/centro-urbano\\\/\",\"http:\\\/\\\/www.youtube.com\\\/user\\\/portalcentrourbano\"]},{\"@type\":\"Person\",\"@id\":\"https:\\\/\\\/centrourbano.com\\\/revista\\\/#\\\/schema\\\/person\\\/d12ede3164a0881bab68f5868d5dfe8c\",\"name\":\"Antonio Garc\u00eda\",\"image\":{\"@type\":\"ImageObject\",\"inLanguage\":\"es\",\"@id\":\"https:\\\/\\\/secure.gravatar.com\\\/avatar\\\/68b7fcfc82d16a702310836698db1d823c3fb3b28e1f0938164455de47d96d82?s=96&d=mm&r=g\",\"url\":\"https:\\\/\\\/secure.gravatar.com\\\/avatar\\\/68b7fcfc82d16a702310836698db1d823c3fb3b28e1f0938164455de47d96d82?s=96&d=mm&r=g\",\"contentUrl\":\"https:\\\/\\\/secure.gravatar.com\\\/avatar\\\/68b7fcfc82d16a702310836698db1d823c3fb3b28e1f0938164455de47d96d82?s=96&d=mm&r=g\",\"caption\":\"Antonio Garc\u00eda\"},\"description\":\"Integrante del equipo editorial en Centro Urbano. Egresado de la carrera de Econom\u00eda (preespecialidad en Desarrollo Regional) en el IPN y de Matem\u00e1ticas Aplicadas y Computaci\u00f3n en la UNAM. Apasionado de los temas inherentes al desarrollo urbano-regional y estudios formales -e informales- sobre la ciudad y la econom\u00eda urbana.\",\"sameAs\":[\"https:\\\/\\\/www.instagram.com\\\/caminante_en_la_ciudad\\\/?hl=es-la\",\"https:\\\/\\\/x.com\\\/https:\\\/\\\/twitter.com\\\/TGarper\"],\"url\":\"https:\\\/\\\/centrourbano.com\\\/revista\\\/author\\\/antonio-garcia\\\/\"}]}<\/script>\n<!-- \/ Yoast SEO plugin. -->","yoast_head_json":{"title":"Acuerda CFE y Fonatur modernizaci\u00f3n de redes el\u00e9ctricas para Tren Maya","description":"La CFE y Fonatur trabajar\u00e1n en el proceso de modernizaci\u00f3n del sistema el\u00e9ctrico que alimentar\u00e1 los 680 km de la ruta el\u00e9ctrica del Tren Maya","robots":{"index":"index","follow":"follow","max-snippet":"max-snippet:-1","max-image-preview":"max-image-preview:large","max-video-preview":"max-video-preview:-1"},"canonical":"https:\/\/centrourbano.com\/revista\/construccion\/acuerda-cfe-y-fonatur-modernizacion-de-redes-electricas-para-tren-maya\/","og_locale":"es_ES","og_type":"article","og_title":"Acuerda CFE y Fonatur modernizaci\u00f3n de redes el\u00e9ctricas para Tren Maya","og_description":"La CFE y Fonatur trabajar\u00e1n en el proceso de modernizaci\u00f3n del sistema el\u00e9ctrico que alimentar\u00e1 los 680 km de la ruta el\u00e9ctrica del Tren Maya","og_url":"https:\/\/centrourbano.com\/revista\/construccion\/acuerda-cfe-y-fonatur-modernizacion-de-redes-electricas-para-tren-maya\/","og_site_name":"Centro Urbano","article_publisher":"https:\/\/www.facebook.com\/portalcentrourbano","article_published_time":"2020-10-02T14:56:38+00:00","article_modified_time":"2020-10-02T16:12:01+00:00","og_image":[{"width":1280,"height":853,"url":"https:\/\/centrourbano.com\/revista\/wp-content\/uploads\/CFE-FONATUR.jpg","type":"image\/jpeg"}],"author":"Antonio Garc\u00eda","twitter_card":"summary_large_image","twitter_creator":"@https:\/\/twitter.com\/TGarper","twitter_site":"@CentroUrbano","twitter_misc":{"Escrito por":"Antonio Garc\u00eda","Tiempo de lectura":"2 minutos"},"schema":{"@context":"https:\/\/schema.org","@graph":[{"@type":"Article","@id":"https:\/\/centrourbano.com\/revista\/construccion\/acuerda-cfe-y-fonatur-modernizacion-de-redes-electricas-para-tren-maya\/#article","isPartOf":{"@id":"https:\/\/centrourbano.com\/revista\/construccion\/acuerda-cfe-y-fonatur-modernizacion-de-redes-electricas-para-tren-maya\/"},"author":{"name":"Antonio Garc\u00eda","@id":"https:\/\/centrourbano.com\/revista\/#\/schema\/person\/d12ede3164a0881bab68f5868d5dfe8c"},"headline":"Acuerda CFE y Fonatur modernizaci\u00f3n de redes el\u00e9ctricas para Tren Maya","datePublished":"2020-10-02T14:56:38+00:00","dateModified":"2020-10-02T16:12:01+00:00","mainEntityOfPage":{"@id":"https:\/\/centrourbano.com\/revista\/construccion\/acuerda-cfe-y-fonatur-modernizacion-de-redes-electricas-para-tren-maya\/"},"wordCount":354,"commentCount":0,"publisher":{"@id":"https:\/\/centrourbano.com\/revista\/#organization"},"image":{"@id":"https:\/\/centrourbano.com\/revista\/construccion\/acuerda-cfe-y-fonatur-modernizacion-de-redes-electricas-para-tren-maya\/#primaryimage"},"thumbnailUrl":"https:\/\/centrourbano.com\/revista\/wp-content\/uploads\/CFE-FONATUR.jpg","keywords":["CFE y Fonatur","infraestructura el\u00e9ctrica","modernizaci\u00f3n","redes el\u00e9ctricas","ruta del Tren","sistema el\u00e9ctrico","sureste","Tren Maya"],"articleSection":["Construcci\u00f3n"],"inLanguage":"es","potentialAction":[{"@type":"CommentAction","name":"Comment","target":["https:\/\/centrourbano.com\/revista\/construccion\/acuerda-cfe-y-fonatur-modernizacion-de-redes-electricas-para-tren-maya\/#respond"]}]},{"@type":"WebPage","@id":"https:\/\/centrourbano.com\/revista\/construccion\/acuerda-cfe-y-fonatur-modernizacion-de-redes-electricas-para-tren-maya\/","url":"https:\/\/centrourbano.com\/revista\/construccion\/acuerda-cfe-y-fonatur-modernizacion-de-redes-electricas-para-tren-maya\/","name":"Acuerda CFE y Fonatur modernizaci\u00f3n de redes el\u00e9ctricas para Tren Maya","isPartOf":{"@id":"https:\/\/centrourbano.com\/revista\/#website"},"primaryImageOfPage":{"@id":"https:\/\/centrourbano.com\/revista\/construccion\/acuerda-cfe-y-fonatur-modernizacion-de-redes-electricas-para-tren-maya\/#primaryimage"},"image":{"@id":"https:\/\/centrourbano.com\/revista\/construccion\/acuerda-cfe-y-fonatur-modernizacion-de-redes-electricas-para-tren-maya\/#primaryimage"},"thumbnailUrl":"https:\/\/centrourbano.com\/revista\/wp-content\/uploads\/CFE-FONATUR.jpg","datePublished":"2020-10-02T14:56:38+00:00","dateModified":"2020-10-02T16:12:01+00:00","description":"La CFE y Fonatur trabajar\u00e1n en el proceso de modernizaci\u00f3n del sistema el\u00e9ctrico que alimentar\u00e1 los 680 km de la ruta el\u00e9ctrica del Tren Maya","breadcrumb":{"@id":"https:\/\/centrourbano.com\/revista\/construccion\/acuerda-cfe-y-fonatur-modernizacion-de-redes-electricas-para-tren-maya\/#breadcrumb"},"inLanguage":"es","potentialAction":[{"@type":"ReadAction","target":["https:\/\/centrourbano.com\/revista\/construccion\/acuerda-cfe-y-fonatur-modernizacion-de-redes-electricas-para-tren-maya\/"]}]},{"@type":"ImageObject","inLanguage":"es","@id":"https:\/\/centrourbano.com\/revista\/construccion\/acuerda-cfe-y-fonatur-modernizacion-de-redes-electricas-para-tren-maya\/#primaryimage","url":"https:\/\/centrourbano.com\/revista\/wp-content\/uploads\/CFE-FONATUR.jpg","contentUrl":"https:\/\/centrourbano.com\/revista\/wp-content\/uploads\/CFE-FONATUR.jpg","width":1280,"height":853,"caption":"La CFE y Fonatur trabajar\u00e1n en el proceso de modernizaci\u00f3n del sistema el\u00e9ctrico que alimentar\u00e1 los 680 km de la ruta el\u00e9ctrica del Tren Maya"},{"@type":"BreadcrumbList","@id":"https:\/\/centrourbano.com\/revista\/construccion\/acuerda-cfe-y-fonatur-modernizacion-de-redes-electricas-para-tren-maya\/#breadcrumb","itemListElement":[{"@type":"ListItem","position":1,"name":"Portada","item":"https:\/\/centrourbano.com\/revista\/"},{"@type":"ListItem","position":2,"name":"Acuerda CFE y Fonatur modernizaci\u00f3n de redes el\u00e9ctricas para Tren Maya"}]},{"@type":"WebSite","@id":"https:\/\/centrourbano.com\/revista\/#website","url":"https:\/\/centrourbano.com\/revista\/","name":"Centro Urbano","description":"Medio especializado en los sectores vivienda, inmobiliario, construcci\u00f3n, arquitectura y urbanismo.","publisher":{"@id":"https:\/\/centrourbano.com\/revista\/#organization"},"potentialAction":[{"@type":"SearchAction","target":{"@type":"EntryPoint","urlTemplate":"https:\/\/centrourbano.com\/revista\/?s={search_term_string}"},"query-input":{"@type":"PropertyValueSpecification","valueRequired":true,"valueName":"search_term_string"}}],"inLanguage":"es"},{"@type":"Organization","@id":"https:\/\/centrourbano.com\/revista\/#organization","name":"Centro Urbano","url":"https:\/\/centrourbano.com\/revista\/","logo":{"@type":"ImageObject","inLanguage":"es","@id":"https:\/\/centrourbano.com\/revista\/#\/schema\/logo\/image\/","url":"https:\/\/centrourbano.com\/revista\/wp-content\/uploads\/web_CU_logo-1.png","contentUrl":"https:\/\/centrourbano.com\/revista\/wp-content\/uploads\/web_CU_logo-1.png","width":350,"height":91,"caption":"Centro Urbano"},"image":{"@id":"https:\/\/centrourbano.com\/revista\/#\/schema\/logo\/image\/"},"sameAs":["https:\/\/www.facebook.com\/portalcentrourbano","https:\/\/x.com\/CentroUrbano","https:\/\/www.instagram.com\/centro_urbano\/","https:\/\/www.linkedin.com\/company\/centro-urbano\/","http:\/\/www.youtube.com\/user\/portalcentrourbano"]},{"@type":"Person","@id":"https:\/\/centrourbano.com\/revista\/#\/schema\/person\/d12ede3164a0881bab68f5868d5dfe8c","name":"Antonio Garc\u00eda","image":{"@type":"ImageObject","inLanguage":"es","@id":"https:\/\/secure.gravatar.com\/avatar\/68b7fcfc82d16a702310836698db1d823c3fb3b28e1f0938164455de47d96d82?s=96&d=mm&r=g","url":"https:\/\/secure.gravatar.com\/avatar\/68b7fcfc82d16a702310836698db1d823c3fb3b28e1f0938164455de47d96d82?s=96&d=mm&r=g","contentUrl":"https:\/\/secure.gravatar.com\/avatar\/68b7fcfc82d16a702310836698db1d823c3fb3b28e1f0938164455de47d96d82?s=96&d=mm&r=g","caption":"Antonio Garc\u00eda"},"description":"Integrante del equipo editorial en Centro Urbano. Egresado de la carrera de Econom\u00eda (preespecialidad en Desarrollo Regional) en el IPN y de Matem\u00e1ticas Aplicadas y Computaci\u00f3n en la UNAM. Apasionado de los temas inherentes al desarrollo urbano-regional y estudios formales -e informales- sobre la ciudad y la econom\u00eda urbana.","sameAs":["https:\/\/www.instagram.com\/caminante_en_la_ciudad\/?hl=es-la","https:\/\/x.com\/https:\/\/twitter.com\/TGarper"],"url":"https:\/\/centrourbano.com\/revista\/author\/antonio-garcia\/"}]}},"_links":{"self":[{"href":"https:\/\/centrourbano.com\/revista\/wp-json\/wp\/v2\/posts\/111855","targetHints":{"allow":["GET"]}}],"collection":[{"href":"https:\/\/centrourbano.com\/revista\/wp-json\/wp\/v2\/posts"}],"about":[{"href":"https:\/\/centrourbano.com\/revista\/wp-json\/wp\/v2\/types\/post"}],"author":[{"embeddable":true,"href":"https:\/\/centrourbano.com\/revista\/wp-json\/wp\/v2\/users\/75"}],"replies":[{"embeddable":true,"href":"https:\/\/centrourbano.com\/revista\/wp-json\/wp\/v2\/comments?post=111855"}],"version-history":[{"count":1,"href":"https:\/\/centrourbano.com\/revista\/wp-json\/wp\/v2\/posts\/111855\/revisions"}],"predecessor-version":[{"id":111860,"href":"https:\/\/centrourbano.com\/revista\/wp-json\/wp\/v2\/posts\/111855\/revisions\/111860"}],"wp:featuredmedia":[{"embeddable":true,"href":"https:\/\/centrourbano.com\/revista\/wp-json\/wp\/v2\/media\/111859"}],"wp:attachment":[{"href":"https:\/\/centrourbano.com\/revista\/wp-json\/wp\/v2\/media?parent=111855"}],"wp:term":[{"taxonomy":"category","embeddable":true,"href":"https:\/\/centrourbano.com\/revista\/wp-json\/wp\/v2\/categories?post=111855"},{"taxonomy":"post_tag","embeddable":true,"href":"https:\/\/centrourbano.com\/revista\/wp-json\/wp\/v2\/tags?post=111855"}],"curies":[{"name":"wp","href":"https:\/\/api.w.org\/{rel}","templated":true}]}}