{"id":111845,"date":"2020-10-02T08:30:54","date_gmt":"2020-10-02T13:30:54","guid":{"rendered":"https:\/\/centrourbano.com\/?p=111845"},"modified":"2020-10-01T17:55:00","modified_gmt":"2020-10-01T22:55:00","slug":"ciudad-segura-premio-wego","status":"publish","type":"post","link":"https:\/\/centrourbano.com\/revista\/urbanismo\/ciudad-segura-premio-wego\/","title":{"rendered":"Proyecto \u2018Mi Ciudad Segura\u2019 del GCDMX recibe premio WeGO"},"content":{"rendered":"<p><em>\u2018Mi Ciudad Segura\u2019 contempla<\/em> <em>cinco componentes para brindar una mayor seguridad a la ciudadan\u00eda: Sendero Seguro, Mi Taxi, Mi C911e, Mi Negocio y, pr\u00f3ximamente, Mi Ruta<\/em><!--more--><\/p>\n<p>El proyecto \u2018<strong>Mi Ciudad Segura<\/strong>\u2019, del Gobierno de la Ciudad de M\u00e9xico, result\u00f3 ganador del premio de oro a nivel internacional <strong>WeGO<\/strong>, que otorga la <strong>World Sustainable Cities Organization<\/strong>. As\u00ed lo inform\u00f3 la <a href=\"https:\/\/jefaturadegobierno.cdmx.gob.mx\/\" target=\"_blank\" rel=\"noopener noreferrer\"><strong>Jefa de Gobierno<\/strong><\/a>, <strong>Claudia Sheinbaum Pardo<\/strong>.<\/p>\n<p>\u201cQuisiera reconocer de manera muy importante a todo el equipo del Gobierno la ciudad, coordinado por la <strong>ADIP<\/strong>, porque es un premio muy importante que ha ayudado, yo hablaba en el Informe, de la reducci\u00f3n de los delitos en la ciudad. Y esto se ha conseguido, no solamente por el trabajo coordinado de la <strong>Secretar\u00eda Ciudadana<\/strong>, de la<strong> Fiscal\u00eda General de Justicia<\/strong>, sino tambi\u00e9n por este esfuerzo de <a href=\"https:\/\/centrourbano.com\/2020\/02\/19\/presentan-semovi-y-adip-aplicacion-mitaxi-inicia-operaciones-en-marzo\/\" target=\"_blank\" rel=\"noopener noreferrer\"><strong>Mi Taxi<\/strong><\/a>, <strong>Sendero Seguro<\/strong>, <strong>Mi Negocio<\/strong>, <strong>Mi Calle<\/strong> y, pr\u00f3ximamente, de <strong>Mi Ruta<\/strong>\u201d, dijo.<\/p>\n<p>El <strong>titular de la<\/strong> <strong>Agencia Digital de Innovaci\u00f3n P\u00fablica<\/strong> (<strong>ADIP<\/strong>), <strong>Jos\u00e9 Antonio Pe\u00f1a Merino<\/strong>, coment\u00f3 que los <strong>premios<\/strong> <strong>WeGO<\/strong> se entregan cada tres a\u00f1os; y hay seis categor\u00edas: Ciudad Sostenible, Gobierno Eficiente, Ciudad Abierta e Inclusiva, Movilidad, Ciudad Segura y Tecnolog\u00eda Emergente.<\/p>\n<p>\u201cEs el sexto premio internacional que recibimos en menos de dos a\u00f1os y la verdad es que estamos muy contentos. La Ciudad de M\u00e9xico se gan\u00f3 el premio de oro en la categor\u00eda de \u00b4<strong>Ciudad Segura<\/strong>\u00b4; lo cual nos da much\u00edsimo entusiasmo, siendo una demanda tan importante por parte de las personas de la ciudad \u201c, puntualiz\u00f3.<\/p>\n<h4><strong>Mi Ciudad Segura<\/strong><\/h4>\n<p>Este programa contempla <strong>cinco componentes<\/strong> para brindar una mayor seguridad a la ciudadan\u00eda:<\/p>\n<ul>\n<li><strong>Sendero Seguro<\/strong>. Al estar en un Sendero Seguro, se puede activar el bot\u00f3n f\u00edsico o desde la App CDMX para poder solicitar ayuda.<\/li>\n<li><strong>Mi Taxi<\/strong>. Se puede conocer qui\u00e9n conduce el taxi, si la unidad est\u00e1 registrada y en regla, compartir ubicaci\u00f3n y activar el bot\u00f3n de p\u00e1nico en caso de emergencia.<\/li>\n<li><strong>Mi C911e<\/strong>. Se puede pedir ayuda en el domicilio y detonar con facilidad una alerta para recibir asistencia.<\/li>\n<li><strong>Mi Negocio<\/strong>. Se pude pedir ayuda en los negocios y detonar con facilidad una alerta para que las autoridades se conecten a las c\u00e1maras del comercio y env\u00eden a la polic\u00eda.<\/li>\n<li><strong>Mi Ruta<\/strong>. Contempla la instalaci\u00f3n de c\u00e1maras de videovigilancia en el transporte concesionado de la capital, entre otras acciones.<\/li>\n<\/ul>\n<p><strong>Juan Manuel Garc\u00eda Orteg\u00f3n<\/strong>, <strong>coordinador del<\/strong> <strong>Centro de Comando<\/strong>, <strong>Control<\/strong>, <strong>C\u00f3mputo<\/strong>, <strong>Comunicaciones y Contacto Ciudadano<\/strong> (<strong>C5<\/strong>), explic\u00f3 que \u2018<strong>Mi Ciudad Segura<\/strong>\u2019 permite que las emergencias que se reportan a trav\u00e9s de los componentes en la <strong>App CDMX<\/strong> o en los <strong>t\u00f3tems<\/strong> (postes con c\u00e1mara de videovigilancia, alarma y bot\u00f3n de p\u00e1nico), se canalice al C5.<\/p>\n<p>Por su parte, <strong>Andr\u00e9s Lajous Loaeza<\/strong>, <strong>titular de la Secretar\u00eda de Movilidad<\/strong> (<strong>Semovi<\/strong>), indic\u00f3 que mediante el m\u00f3dulo de <strong>Mi Taxi <\/strong>las personas pueden consultar informaci\u00f3n y solicitar un taxi de manera segura, por medio de un tel\u00e9fono celular y pagar en efectivo o bien, de manera electr\u00f3nica. Adem\u00e1s, cuenta con un bot\u00f3n de p\u00e1nico para reportar cualquier emergencia a las autoridades capitalinas y atenderse inmediatamente.<\/p>\n<p>En tanto, el <strong>secretario de Obras y Servicios<\/strong> (<strong>Sobse<\/strong>), <strong>Jes\u00fas Antonio Esteva Medina<\/strong>, coment\u00f3 que este a\u00f1o la capital del pa\u00eds contar\u00e1 con 85 <strong>Senderos Seguros<\/strong> m\u00e1s. Los cuales tendr\u00e1n la finalidad de mejorar el espacio p\u00fablico de diversas vialidades.<\/p>\n","protected":false},"excerpt":{"rendered":"<p>\u2018Mi Ciudad Segura\u2019 contempla cinco componentes para brindar una mayor seguridad a la ciudadan\u00eda: Sendero Seguro, Mi Taxi, Mi C911e, Mi Negocio y, pr\u00f3ximamente, Mi Ruta<\/p>\n","protected":false},"author":73,"featured_media":111851,"comment_status":"open","ping_status":"closed","sticky":false,"template":"","format":"standard","meta":{"om_disable_all_campaigns":false,"inline_featured_image":false,"_monsterinsights_skip_tracking":false,"_monsterinsights_sitenote_active":false,"_monsterinsights_sitenote_note":"","_monsterinsights_sitenote_category":0,"footnotes":""},"categories":[82],"tags":[19827,16132,19828,19829,19826,19830,13232],"class_list":["post-111845","post","type-post","status-publish","format-standard","has-post-thumbnail","hentry","category-urbanismo","tag-mi-c911e","tag-mi-ciudad-segura","tag-mi-negocio","tag-mi-ruta","tag-mi-taxi","tag-premio-wego","tag-sendero-seguro"],"yoast_head":"<!-- This site is optimized with the Yoast SEO plugin v27.4 - https:\/\/yoast.com\/product\/yoast-seo-wordpress\/ -->\n<title>Proyecto \u2018Mi Ciudad Segura\u2019 del GCDMX recibe premio WeGO<\/title>\n<meta name=\"description\" content=\"\u2018Mi Ciudad Segura\u2019 contempla cinco componentes para brindar mayor seguridad: Sendero Seguro, Mi Taxi, Mi C911e, Mi Negocio y Mi Ruta\" \/>\n<meta name=\"robots\" content=\"index, follow, max-snippet:-1, max-image-preview:large, max-video-preview:-1\" \/>\n<link rel=\"canonical\" href=\"https:\/\/centrourbano.com\/revista\/urbanismo\/ciudad-segura-premio-wego\/\" \/>\n<meta property=\"og:locale\" content=\"es_ES\" \/>\n<meta property=\"og:type\" content=\"article\" \/>\n<meta property=\"og:title\" content=\"Proyecto \u2018Mi Ciudad Segura\u2019 del GCDMX recibe premio WeGO\" \/>\n<meta property=\"og:description\" content=\"\u2018Mi Ciudad Segura\u2019 contempla cinco componentes para brindar mayor seguridad: Sendero Seguro, Mi Taxi, Mi C911e, Mi Negocio y Mi Ruta\" \/>\n<meta property=\"og:url\" content=\"https:\/\/centrourbano.com\/revista\/urbanismo\/ciudad-segura-premio-wego\/\" \/>\n<meta property=\"og:site_name\" content=\"Centro Urbano\" \/>\n<meta property=\"article:publisher\" content=\"https:\/\/www.facebook.com\/portalcentrourbano\" \/>\n<meta property=\"article:published_time\" content=\"2020-10-02T13:30:54+00:00\" \/>\n<meta property=\"og:image\" content=\"https:\/\/centrourbano.com\/revista\/wp-content\/uploads\/Proyecto-\u2018Mi-Ciudad-Segura-del-GCDMX-recibe-premio-WeGO.jpg\" \/>\n\t<meta property=\"og:image:width\" content=\"803\" \/>\n\t<meta property=\"og:image:height\" content=\"450\" \/>\n\t<meta property=\"og:image:type\" content=\"image\/jpeg\" \/>\n<meta name=\"author\" content=\"Fernanda Hern\u00e1ndez\" \/>\n<meta name=\"twitter:card\" content=\"summary_large_image\" \/>\n<meta name=\"twitter:creator\" content=\"@https:\/\/twitter.com\/Nannz_Hernandez\" \/>\n<meta name=\"twitter:site\" content=\"@CentroUrbano\" \/>\n<meta name=\"twitter:label1\" content=\"Escrito por\" \/>\n\t<meta name=\"twitter:data1\" content=\"Fernanda Hern\u00e1ndez\" \/>\n\t<meta name=\"twitter:label2\" content=\"Tiempo de lectura\" \/>\n\t<meta name=\"twitter:data2\" content=\"3 minutos\" \/>\n<script type=\"application\/ld+json\" class=\"yoast-schema-graph\">{\"@context\":\"https:\\\/\\\/schema.org\",\"@graph\":[{\"@type\":\"Article\",\"@id\":\"https:\\\/\\\/centrourbano.com\\\/revista\\\/urbanismo\\\/ciudad-segura-premio-wego\\\/#article\",\"isPartOf\":{\"@id\":\"https:\\\/\\\/centrourbano.com\\\/revista\\\/urbanismo\\\/ciudad-segura-premio-wego\\\/\"},\"author\":{\"name\":\"Fernanda Hern\u00e1ndez\",\"@id\":\"https:\\\/\\\/centrourbano.com\\\/revista\\\/#\\\/schema\\\/person\\\/b190b20bbbceb41ec72278c546fa8df3\"},\"headline\":\"Proyecto \u2018Mi Ciudad Segura\u2019 del GCDMX recibe premio WeGO\",\"datePublished\":\"2020-10-02T13:30:54+00:00\",\"mainEntityOfPage\":{\"@id\":\"https:\\\/\\\/centrourbano.com\\\/revista\\\/urbanismo\\\/ciudad-segura-premio-wego\\\/\"},\"wordCount\":605,\"commentCount\":0,\"publisher\":{\"@id\":\"https:\\\/\\\/centrourbano.com\\\/revista\\\/#organization\"},\"image\":{\"@id\":\"https:\\\/\\\/centrourbano.com\\\/revista\\\/urbanismo\\\/ciudad-segura-premio-wego\\\/#primaryimage\"},\"thumbnailUrl\":\"https:\\\/\\\/centrourbano.com\\\/revista\\\/wp-content\\\/uploads\\\/Proyecto-\u2018Mi-Ciudad-Segura-del-GCDMX-recibe-premio-WeGO.jpg\",\"keywords\":[\"Mi C911e\",\"Mi Ciudad Segura\",\"Mi Negocio\",\"Mi Ruta\",\"Mi Taxi\",\"Premio WeGO\",\"Sendero Seguro\"],\"articleSection\":[\"Urbanismo\"],\"inLanguage\":\"es\",\"potentialAction\":[{\"@type\":\"CommentAction\",\"name\":\"Comment\",\"target\":[\"https:\\\/\\\/centrourbano.com\\\/revista\\\/urbanismo\\\/ciudad-segura-premio-wego\\\/#respond\"]}]},{\"@type\":\"WebPage\",\"@id\":\"https:\\\/\\\/centrourbano.com\\\/revista\\\/urbanismo\\\/ciudad-segura-premio-wego\\\/\",\"url\":\"https:\\\/\\\/centrourbano.com\\\/revista\\\/urbanismo\\\/ciudad-segura-premio-wego\\\/\",\"name\":\"Proyecto \u2018Mi Ciudad Segura\u2019 del GCDMX recibe premio WeGO\",\"isPartOf\":{\"@id\":\"https:\\\/\\\/centrourbano.com\\\/revista\\\/#website\"},\"primaryImageOfPage\":{\"@id\":\"https:\\\/\\\/centrourbano.com\\\/revista\\\/urbanismo\\\/ciudad-segura-premio-wego\\\/#primaryimage\"},\"image\":{\"@id\":\"https:\\\/\\\/centrourbano.com\\\/revista\\\/urbanismo\\\/ciudad-segura-premio-wego\\\/#primaryimage\"},\"thumbnailUrl\":\"https:\\\/\\\/centrourbano.com\\\/revista\\\/wp-content\\\/uploads\\\/Proyecto-\u2018Mi-Ciudad-Segura-del-GCDMX-recibe-premio-WeGO.jpg\",\"datePublished\":\"2020-10-02T13:30:54+00:00\",\"description\":\"\u2018Mi Ciudad Segura\u2019 contempla cinco componentes para brindar mayor seguridad: Sendero Seguro, Mi Taxi, Mi C911e, Mi Negocio y Mi Ruta\",\"breadcrumb\":{\"@id\":\"https:\\\/\\\/centrourbano.com\\\/revista\\\/urbanismo\\\/ciudad-segura-premio-wego\\\/#breadcrumb\"},\"inLanguage\":\"es\",\"potentialAction\":[{\"@type\":\"ReadAction\",\"target\":[\"https:\\\/\\\/centrourbano.com\\\/revista\\\/urbanismo\\\/ciudad-segura-premio-wego\\\/\"]}]},{\"@type\":\"ImageObject\",\"inLanguage\":\"es\",\"@id\":\"https:\\\/\\\/centrourbano.com\\\/revista\\\/urbanismo\\\/ciudad-segura-premio-wego\\\/#primaryimage\",\"url\":\"https:\\\/\\\/centrourbano.com\\\/revista\\\/wp-content\\\/uploads\\\/Proyecto-\u2018Mi-Ciudad-Segura-del-GCDMX-recibe-premio-WeGO.jpg\",\"contentUrl\":\"https:\\\/\\\/centrourbano.com\\\/revista\\\/wp-content\\\/uploads\\\/Proyecto-\u2018Mi-Ciudad-Segura-del-GCDMX-recibe-premio-WeGO.jpg\",\"width\":803,\"height\":450,\"caption\":\"\u2018Mi Ciudad Segura\u2019 contempla cinco componentes para brindar mayor seguridad: Sendero Seguro, Mi Taxi, Mi C911e, Mi Negocio y Mi Ruta\"},{\"@type\":\"BreadcrumbList\",\"@id\":\"https:\\\/\\\/centrourbano.com\\\/revista\\\/urbanismo\\\/ciudad-segura-premio-wego\\\/#breadcrumb\",\"itemListElement\":[{\"@type\":\"ListItem\",\"position\":1,\"name\":\"Portada\",\"item\":\"https:\\\/\\\/centrourbano.com\\\/revista\\\/\"},{\"@type\":\"ListItem\",\"position\":2,\"name\":\"Proyecto \u2018Mi Ciudad Segura\u2019 del GCDMX recibe premio WeGO\"}]},{\"@type\":\"WebSite\",\"@id\":\"https:\\\/\\\/centrourbano.com\\\/revista\\\/#website\",\"url\":\"https:\\\/\\\/centrourbano.com\\\/revista\\\/\",\"name\":\"Centro Urbano\",\"description\":\"Medio especializado en los sectores vivienda, inmobiliario, construcci\u00f3n, arquitectura y urbanismo.\",\"publisher\":{\"@id\":\"https:\\\/\\\/centrourbano.com\\\/revista\\\/#organization\"},\"potentialAction\":[{\"@type\":\"SearchAction\",\"target\":{\"@type\":\"EntryPoint\",\"urlTemplate\":\"https:\\\/\\\/centrourbano.com\\\/revista\\\/?s={search_term_string}\"},\"query-input\":{\"@type\":\"PropertyValueSpecification\",\"valueRequired\":true,\"valueName\":\"search_term_string\"}}],\"inLanguage\":\"es\"},{\"@type\":\"Organization\",\"@id\":\"https:\\\/\\\/centrourbano.com\\\/revista\\\/#organization\",\"name\":\"Centro Urbano\",\"url\":\"https:\\\/\\\/centrourbano.com\\\/revista\\\/\",\"logo\":{\"@type\":\"ImageObject\",\"inLanguage\":\"es\",\"@id\":\"https:\\\/\\\/centrourbano.com\\\/revista\\\/#\\\/schema\\\/logo\\\/image\\\/\",\"url\":\"https:\\\/\\\/centrourbano.com\\\/revista\\\/wp-content\\\/uploads\\\/web_CU_logo-1.png\",\"contentUrl\":\"https:\\\/\\\/centrourbano.com\\\/revista\\\/wp-content\\\/uploads\\\/web_CU_logo-1.png\",\"width\":350,\"height\":91,\"caption\":\"Centro Urbano\"},\"image\":{\"@id\":\"https:\\\/\\\/centrourbano.com\\\/revista\\\/#\\\/schema\\\/logo\\\/image\\\/\"},\"sameAs\":[\"https:\\\/\\\/www.facebook.com\\\/portalcentrourbano\",\"https:\\\/\\\/x.com\\\/CentroUrbano\",\"https:\\\/\\\/www.instagram.com\\\/centro_urbano\\\/\",\"https:\\\/\\\/www.linkedin.com\\\/company\\\/centro-urbano\\\/\",\"http:\\\/\\\/www.youtube.com\\\/user\\\/portalcentrourbano\"]},{\"@type\":\"Person\",\"@id\":\"https:\\\/\\\/centrourbano.com\\\/revista\\\/#\\\/schema\\\/person\\\/b190b20bbbceb41ec72278c546fa8df3\",\"name\":\"Fernanda Hern\u00e1ndez\",\"image\":{\"@type\":\"ImageObject\",\"inLanguage\":\"es\",\"@id\":\"https:\\\/\\\/secure.gravatar.com\\\/avatar\\\/9471831fb0a24eae9d32d826a7cb8ef07c34a41520aca1a0ab1f5c0903ba49b9?s=96&d=mm&r=g\",\"url\":\"https:\\\/\\\/secure.gravatar.com\\\/avatar\\\/9471831fb0a24eae9d32d826a7cb8ef07c34a41520aca1a0ab1f5c0903ba49b9?s=96&d=mm&r=g\",\"contentUrl\":\"https:\\\/\\\/secure.gravatar.com\\\/avatar\\\/9471831fb0a24eae9d32d826a7cb8ef07c34a41520aca1a0ab1f5c0903ba49b9?s=96&d=mm&r=g\",\"caption\":\"Fernanda Hern\u00e1ndez\"},\"description\":\"Reportera y redactora en Centro Urbano. Soy egresada de la licenciatura en Ciencias de la Comunicaci\u00f3n de la Facultad de Ciencias Pol\u00edticas y Sociales (UNAM). Me interesa la cultura, el urbanismo y la arquitectura. Amante del mundo digital, el cine, la m\u00fasica, la lectura y la escritura.\",\"sameAs\":[\"https:\\\/\\\/x.com\\\/https:\\\/\\\/twitter.com\\\/Nannz_Hernandez\"],\"url\":\"https:\\\/\\\/centrourbano.com\\\/revista\\\/author\\\/fernanda-hernandez\\\/\"}]}<\/script>\n<!-- \/ Yoast SEO plugin. -->","yoast_head_json":{"title":"Proyecto \u2018Mi Ciudad Segura\u2019 del GCDMX recibe premio WeGO","description":"\u2018Mi Ciudad Segura\u2019 contempla cinco componentes para brindar mayor seguridad: Sendero Seguro, Mi Taxi, Mi C911e, Mi Negocio y Mi Ruta","robots":{"index":"index","follow":"follow","max-snippet":"max-snippet:-1","max-image-preview":"max-image-preview:large","max-video-preview":"max-video-preview:-1"},"canonical":"https:\/\/centrourbano.com\/revista\/urbanismo\/ciudad-segura-premio-wego\/","og_locale":"es_ES","og_type":"article","og_title":"Proyecto \u2018Mi Ciudad Segura\u2019 del GCDMX recibe premio WeGO","og_description":"\u2018Mi Ciudad Segura\u2019 contempla cinco componentes para brindar mayor seguridad: Sendero Seguro, Mi Taxi, Mi C911e, Mi Negocio y Mi Ruta","og_url":"https:\/\/centrourbano.com\/revista\/urbanismo\/ciudad-segura-premio-wego\/","og_site_name":"Centro Urbano","article_publisher":"https:\/\/www.facebook.com\/portalcentrourbano","article_published_time":"2020-10-02T13:30:54+00:00","og_image":[{"width":803,"height":450,"url":"https:\/\/centrourbano.com\/revista\/wp-content\/uploads\/Proyecto-\u2018Mi-Ciudad-Segura-del-GCDMX-recibe-premio-WeGO.jpg","type":"image\/jpeg"}],"author":"Fernanda Hern\u00e1ndez","twitter_card":"summary_large_image","twitter_creator":"@https:\/\/twitter.com\/Nannz_Hernandez","twitter_site":"@CentroUrbano","twitter_misc":{"Escrito por":"Fernanda Hern\u00e1ndez","Tiempo de lectura":"3 minutos"},"schema":{"@context":"https:\/\/schema.org","@graph":[{"@type":"Article","@id":"https:\/\/centrourbano.com\/revista\/urbanismo\/ciudad-segura-premio-wego\/#article","isPartOf":{"@id":"https:\/\/centrourbano.com\/revista\/urbanismo\/ciudad-segura-premio-wego\/"},"author":{"name":"Fernanda Hern\u00e1ndez","@id":"https:\/\/centrourbano.com\/revista\/#\/schema\/person\/b190b20bbbceb41ec72278c546fa8df3"},"headline":"Proyecto \u2018Mi Ciudad Segura\u2019 del GCDMX recibe premio WeGO","datePublished":"2020-10-02T13:30:54+00:00","mainEntityOfPage":{"@id":"https:\/\/centrourbano.com\/revista\/urbanismo\/ciudad-segura-premio-wego\/"},"wordCount":605,"commentCount":0,"publisher":{"@id":"https:\/\/centrourbano.com\/revista\/#organization"},"image":{"@id":"https:\/\/centrourbano.com\/revista\/urbanismo\/ciudad-segura-premio-wego\/#primaryimage"},"thumbnailUrl":"https:\/\/centrourbano.com\/revista\/wp-content\/uploads\/Proyecto-\u2018Mi-Ciudad-Segura-del-GCDMX-recibe-premio-WeGO.jpg","keywords":["Mi C911e","Mi Ciudad Segura","Mi Negocio","Mi Ruta","Mi Taxi","Premio WeGO","Sendero Seguro"],"articleSection":["Urbanismo"],"inLanguage":"es","potentialAction":[{"@type":"CommentAction","name":"Comment","target":["https:\/\/centrourbano.com\/revista\/urbanismo\/ciudad-segura-premio-wego\/#respond"]}]},{"@type":"WebPage","@id":"https:\/\/centrourbano.com\/revista\/urbanismo\/ciudad-segura-premio-wego\/","url":"https:\/\/centrourbano.com\/revista\/urbanismo\/ciudad-segura-premio-wego\/","name":"Proyecto \u2018Mi Ciudad Segura\u2019 del GCDMX recibe premio WeGO","isPartOf":{"@id":"https:\/\/centrourbano.com\/revista\/#website"},"primaryImageOfPage":{"@id":"https:\/\/centrourbano.com\/revista\/urbanismo\/ciudad-segura-premio-wego\/#primaryimage"},"image":{"@id":"https:\/\/centrourbano.com\/revista\/urbanismo\/ciudad-segura-premio-wego\/#primaryimage"},"thumbnailUrl":"https:\/\/centrourbano.com\/revista\/wp-content\/uploads\/Proyecto-\u2018Mi-Ciudad-Segura-del-GCDMX-recibe-premio-WeGO.jpg","datePublished":"2020-10-02T13:30:54+00:00","description":"\u2018Mi Ciudad Segura\u2019 contempla cinco componentes para brindar mayor seguridad: Sendero Seguro, Mi Taxi, Mi C911e, Mi Negocio y Mi Ruta","breadcrumb":{"@id":"https:\/\/centrourbano.com\/revista\/urbanismo\/ciudad-segura-premio-wego\/#breadcrumb"},"inLanguage":"es","potentialAction":[{"@type":"ReadAction","target":["https:\/\/centrourbano.com\/revista\/urbanismo\/ciudad-segura-premio-wego\/"]}]},{"@type":"ImageObject","inLanguage":"es","@id":"https:\/\/centrourbano.com\/revista\/urbanismo\/ciudad-segura-premio-wego\/#primaryimage","url":"https:\/\/centrourbano.com\/revista\/wp-content\/uploads\/Proyecto-\u2018Mi-Ciudad-Segura-del-GCDMX-recibe-premio-WeGO.jpg","contentUrl":"https:\/\/centrourbano.com\/revista\/wp-content\/uploads\/Proyecto-\u2018Mi-Ciudad-Segura-del-GCDMX-recibe-premio-WeGO.jpg","width":803,"height":450,"caption":"\u2018Mi Ciudad Segura\u2019 contempla cinco componentes para brindar mayor seguridad: Sendero Seguro, Mi Taxi, Mi C911e, Mi Negocio y Mi Ruta"},{"@type":"BreadcrumbList","@id":"https:\/\/centrourbano.com\/revista\/urbanismo\/ciudad-segura-premio-wego\/#breadcrumb","itemListElement":[{"@type":"ListItem","position":1,"name":"Portada","item":"https:\/\/centrourbano.com\/revista\/"},{"@type":"ListItem","position":2,"name":"Proyecto \u2018Mi Ciudad Segura\u2019 del GCDMX recibe premio WeGO"}]},{"@type":"WebSite","@id":"https:\/\/centrourbano.com\/revista\/#website","url":"https:\/\/centrourbano.com\/revista\/","name":"Centro Urbano","description":"Medio especializado en los sectores vivienda, inmobiliario, construcci\u00f3n, arquitectura y urbanismo.","publisher":{"@id":"https:\/\/centrourbano.com\/revista\/#organization"},"potentialAction":[{"@type":"SearchAction","target":{"@type":"EntryPoint","urlTemplate":"https:\/\/centrourbano.com\/revista\/?s={search_term_string}"},"query-input":{"@type":"PropertyValueSpecification","valueRequired":true,"valueName":"search_term_string"}}],"inLanguage":"es"},{"@type":"Organization","@id":"https:\/\/centrourbano.com\/revista\/#organization","name":"Centro Urbano","url":"https:\/\/centrourbano.com\/revista\/","logo":{"@type":"ImageObject","inLanguage":"es","@id":"https:\/\/centrourbano.com\/revista\/#\/schema\/logo\/image\/","url":"https:\/\/centrourbano.com\/revista\/wp-content\/uploads\/web_CU_logo-1.png","contentUrl":"https:\/\/centrourbano.com\/revista\/wp-content\/uploads\/web_CU_logo-1.png","width":350,"height":91,"caption":"Centro Urbano"},"image":{"@id":"https:\/\/centrourbano.com\/revista\/#\/schema\/logo\/image\/"},"sameAs":["https:\/\/www.facebook.com\/portalcentrourbano","https:\/\/x.com\/CentroUrbano","https:\/\/www.instagram.com\/centro_urbano\/","https:\/\/www.linkedin.com\/company\/centro-urbano\/","http:\/\/www.youtube.com\/user\/portalcentrourbano"]},{"@type":"Person","@id":"https:\/\/centrourbano.com\/revista\/#\/schema\/person\/b190b20bbbceb41ec72278c546fa8df3","name":"Fernanda Hern\u00e1ndez","image":{"@type":"ImageObject","inLanguage":"es","@id":"https:\/\/secure.gravatar.com\/avatar\/9471831fb0a24eae9d32d826a7cb8ef07c34a41520aca1a0ab1f5c0903ba49b9?s=96&d=mm&r=g","url":"https:\/\/secure.gravatar.com\/avatar\/9471831fb0a24eae9d32d826a7cb8ef07c34a41520aca1a0ab1f5c0903ba49b9?s=96&d=mm&r=g","contentUrl":"https:\/\/secure.gravatar.com\/avatar\/9471831fb0a24eae9d32d826a7cb8ef07c34a41520aca1a0ab1f5c0903ba49b9?s=96&d=mm&r=g","caption":"Fernanda Hern\u00e1ndez"},"description":"Reportera y redactora en Centro Urbano. Soy egresada de la licenciatura en Ciencias de la Comunicaci\u00f3n de la Facultad de Ciencias Pol\u00edticas y Sociales (UNAM). Me interesa la cultura, el urbanismo y la arquitectura. Amante del mundo digital, el cine, la m\u00fasica, la lectura y la escritura.","sameAs":["https:\/\/x.com\/https:\/\/twitter.com\/Nannz_Hernandez"],"url":"https:\/\/centrourbano.com\/revista\/author\/fernanda-hernandez\/"}]}},"_links":{"self":[{"href":"https:\/\/centrourbano.com\/revista\/wp-json\/wp\/v2\/posts\/111845","targetHints":{"allow":["GET"]}}],"collection":[{"href":"https:\/\/centrourbano.com\/revista\/wp-json\/wp\/v2\/posts"}],"about":[{"href":"https:\/\/centrourbano.com\/revista\/wp-json\/wp\/v2\/types\/post"}],"author":[{"embeddable":true,"href":"https:\/\/centrourbano.com\/revista\/wp-json\/wp\/v2\/users\/73"}],"replies":[{"embeddable":true,"href":"https:\/\/centrourbano.com\/revista\/wp-json\/wp\/v2\/comments?post=111845"}],"version-history":[{"count":1,"href":"https:\/\/centrourbano.com\/revista\/wp-json\/wp\/v2\/posts\/111845\/revisions"}],"predecessor-version":[{"id":111853,"href":"https:\/\/centrourbano.com\/revista\/wp-json\/wp\/v2\/posts\/111845\/revisions\/111853"}],"wp:featuredmedia":[{"embeddable":true,"href":"https:\/\/centrourbano.com\/revista\/wp-json\/wp\/v2\/media\/111851"}],"wp:attachment":[{"href":"https:\/\/centrourbano.com\/revista\/wp-json\/wp\/v2\/media?parent=111845"}],"wp:term":[{"taxonomy":"category","embeddable":true,"href":"https:\/\/centrourbano.com\/revista\/wp-json\/wp\/v2\/categories?post=111845"},{"taxonomy":"post_tag","embeddable":true,"href":"https:\/\/centrourbano.com\/revista\/wp-json\/wp\/v2\/tags?post=111845"}],"curies":[{"name":"wp","href":"https:\/\/api.w.org\/{rel}","templated":true}]}}