{"id":11149,"date":"2014-09-30T17:42:12","date_gmt":"2014-09-30T22:42:12","guid":{"rendered":"http:\/\/centrourbano.com\/?p=11149"},"modified":"2014-09-30T17:42:12","modified_gmt":"2014-09-30T22:42:12","slug":"dar-mayores-facultades-a-la-sedatu-fue-un-acierto-ramirez-marin","status":"publish","type":"post","link":"https:\/\/centrourbano.com\/revista\/vivienda\/dar-mayores-facultades-a-la-sedatu-fue-un-acierto-ramirez-marin\/","title":{"rendered":"Dar mayores facultades a la Sedatu fue un acierto: Ram\u00edrez Mar\u00edn"},"content":{"rendered":"<p>&nbsp;<\/p>\n<p><em>Los titulares de los Organismos de Vivienda se re\u00fanen con la bancada del PRI en la C\u00e1mara de Diputados<\/em><!--more--><\/p>\n<p>La Secretar\u00eda de Desarrollo Agrario, Territorial y Urbano, a dos a\u00f1os de su creaci\u00f3n ha dado soluciones, no solo en cantidad sino en calidad, en materia de vivienda inform\u00f3 su titular, Jorge Carlos Ram\u00edrez Mar\u00edn al reunirse con los integrantes del Grupo Parlamentario del Partido Revolucionario Institucional (PRI), en la C\u00e1mara de Diputados.<\/p>\n<p>El secretario explic\u00f3 que darle mayores facultades a la Sedatu y ampliar su rango de acci\u00f3n fue un acierto porque ahora no solo atiende cuestiones agrarias, sino que tambi\u00e9n tiene que ver con cuestiones urbanas como la regulaci\u00f3n del suelo, la pol\u00edtica de vivienda y el mejoramiento de las ciudades.<\/p>\n<p>Explic\u00f3 que el cuidado en el uso del suelo ha permitido tener una coordinaci\u00f3n m\u00e1s eficaz entre los ayuntamientos y la federaci\u00f3n, acci\u00f3n que facilita la construcci\u00f3n de nuevas casas y la oferta de novedosos productos, para quienes son derechohabientes a alg\u00fan instituto de vivienda y para los no asalariados e incluso, en apoyo de grupos sociales como las fuerzas armadas, los polic\u00edas, las jefas de familia, los j\u00f3venes.<\/p>\n<p>Se expuso que la Secretar\u00eda de Desarrollo Agrario, Territorial y Urbano ha contribuido en la recuperaci\u00f3n la industria de la construcci\u00f3n que genera el 9% del Producto Interno Bruto (PIB), y en el caso de la vivienda, la aportaci\u00f3n representa entre el 5 y el 8%.<\/p>\n<p>Posteriormente, Paloma Silva de Anzorena, titular de la Comisi\u00f3n Nacional de Vivienda (Conavi), inform\u00f3 que de los 12 mil 500 millones de pesos que el Congreso de la Uni\u00f3n autoriz\u00f3 para este a\u00f1o en subsidios, se han ejercido 7 mil 800 millones con resultados positivos.<\/p>\n<p>El sector vivienda muestra un crecimiento de 21% respecto del 2013, toda vez que de enero a agosto se construyeron 34 mil viviendas, lo que ha generado empleo y crecimiento econ\u00f3mico para las distintas regiones del pa\u00eds.<\/p>\n<p>Con los cr\u00e9ditos a la construcci\u00f3n de Sociedad Hipotecaria Federal (SHF) se ha detonado una inversi\u00f3n adicional por 360 mil millones de pesos en el sector, y entidades como Nuevo Le\u00f3n, Jalisco o Chiapas tienen una actividad inusual en la construcci\u00f3n de vivienda.<\/p>\n<p>Adem\u00e1s con los nuevos productos del Infonavit y el Fovissste se atiende a un mill\u00f3n 200 mil afiliados. Existe el caso como el cr\u00e9dito en pesos del Instituto, los subsidios para vivienda en renta, para ampliaci\u00f3n o mejora que este a\u00f1o alcanzar\u00e1n los 380 mil pesos.<\/p>\n<p>En el caso del Programa de Apoyo a las jefas de familia, pagan 500 pesos semanales para obtener su casa habitaci\u00f3n y los j\u00f3venes de 19 a 29 a\u00f1os pueden adquirir un inmueble con pagos mensuales de apenas 650 pesos.<\/p>\n<p>En este encuentro, tambi\u00e9n estuvieron presentes los titulares del Fideicomiso Fondo Nacional de Habitaciones Populares (Fonhapo), \u00c1ngel Islava Tamayo, los directores generales de los programas H\u00e1bitat y de Rescate de Espacios P\u00fablicos (PREP), Adriana Rojas y Silvio Lagos, respectivamente y el director del Infonavit, Alejandro Murat Hinojosa.<\/p>\n","protected":false},"excerpt":{"rendered":"<p>&nbsp; Los titulares de los Organismos de Vivienda se re\u00fanen con la bancada del PRI en la C\u00e1mara de Diputados<\/p>\n","protected":false},"author":18,"featured_media":0,"comment_status":"open","ping_status":"closed","sticky":false,"template":"","format":"standard","meta":{"om_disable_all_campaigns":false,"inline_featured_image":false,"_monsterinsights_skip_tracking":false,"_monsterinsights_sitenote_active":false,"_monsterinsights_sitenote_note":"","_monsterinsights_sitenote_category":0,"footnotes":""},"categories":[12],"tags":[197,376,100,540,377,105,60],"class_list":["post-11149","post","type-post","status-publish","format-standard","hentry","category-vivienda","tag-camara-de-diputados","tag-conavi","tag-infonavit","tag-jorge-carlos-ramirez-marin","tag-paloma-silva","tag-sedatu","tag-vivienda-2"],"yoast_head":"<!-- This site is optimized with the Yoast SEO plugin v27.4 - https:\/\/yoast.com\/product\/yoast-seo-wordpress\/ -->\n<title>Dar mayores facultades a la Sedatu fue un acierto: Ram\u00edrez Mar\u00edn -<\/title>\n<meta name=\"description\" content=\"&nbsp; Los titulares de los Organismos de Vivienda se re\u00fanen con la bancada del PRI en la C\u00e1mara de Diputados La Secretar\u00eda de Desarrollo Agrario,\" \/>\n<meta name=\"robots\" content=\"index, follow, max-snippet:-1, max-image-preview:large, max-video-preview:-1\" \/>\n<link rel=\"canonical\" href=\"https:\/\/centrourbano.com\/revista\/vivienda\/dar-mayores-facultades-a-la-sedatu-fue-un-acierto-ramirez-marin\/\" \/>\n<meta property=\"og:locale\" content=\"es_ES\" \/>\n<meta property=\"og:type\" content=\"article\" \/>\n<meta property=\"og:title\" content=\"Dar mayores facultades a la Sedatu fue un acierto: Ram\u00edrez Mar\u00edn -\" \/>\n<meta property=\"og:description\" content=\"&nbsp; Los titulares de los Organismos de Vivienda se re\u00fanen con la bancada del PRI en la C\u00e1mara de Diputados La Secretar\u00eda de Desarrollo Agrario,\" \/>\n<meta property=\"og:url\" content=\"https:\/\/centrourbano.com\/revista\/vivienda\/dar-mayores-facultades-a-la-sedatu-fue-un-acierto-ramirez-marin\/\" \/>\n<meta property=\"og:site_name\" content=\"Centro Urbano\" \/>\n<meta property=\"article:publisher\" content=\"https:\/\/www.facebook.com\/portalcentrourbano\" \/>\n<meta property=\"article:published_time\" content=\"2014-09-30T22:42:12+00:00\" \/>\n<meta property=\"og:image\" content=\"https:\/\/centrourbano.com\/revista\/wp-content\/uploads\/CU-logo.png\" \/>\n\t<meta property=\"og:image:width\" content=\"350\" \/>\n\t<meta property=\"og:image:height\" content=\"91\" \/>\n\t<meta property=\"og:image:type\" content=\"image\/png\" \/>\n<meta name=\"author\" content=\"Carlos Garc\u00eda\" \/>\n<meta name=\"twitter:card\" content=\"summary_large_image\" \/>\n<meta name=\"twitter:creator\" content=\"@CentroUrbano\" \/>\n<meta name=\"twitter:site\" content=\"@CentroUrbano\" \/>\n<meta name=\"twitter:label1\" content=\"Escrito por\" \/>\n\t<meta name=\"twitter:data1\" content=\"Carlos Garc\u00eda\" \/>\n\t<meta name=\"twitter:label2\" content=\"Tiempo de lectura\" \/>\n\t<meta name=\"twitter:data2\" content=\"3 minutos\" \/>\n<script type=\"application\/ld+json\" class=\"yoast-schema-graph\">{\"@context\":\"https:\\\/\\\/schema.org\",\"@graph\":[{\"@type\":\"Article\",\"@id\":\"https:\\\/\\\/centrourbano.com\\\/revista\\\/vivienda\\\/dar-mayores-facultades-a-la-sedatu-fue-un-acierto-ramirez-marin\\\/#article\",\"isPartOf\":{\"@id\":\"https:\\\/\\\/centrourbano.com\\\/revista\\\/vivienda\\\/dar-mayores-facultades-a-la-sedatu-fue-un-acierto-ramirez-marin\\\/\"},\"author\":{\"name\":\"Carlos Garc\u00eda\",\"@id\":\"https:\\\/\\\/centrourbano.com\\\/revista\\\/#\\\/schema\\\/person\\\/15622a07e4c485a93b48c9ff1145007c\"},\"headline\":\"Dar mayores facultades a la Sedatu fue un acierto: Ram\u00edrez Mar\u00edn\",\"datePublished\":\"2014-09-30T22:42:12+00:00\",\"mainEntityOfPage\":{\"@id\":\"https:\\\/\\\/centrourbano.com\\\/revista\\\/vivienda\\\/dar-mayores-facultades-a-la-sedatu-fue-un-acierto-ramirez-marin\\\/\"},\"wordCount\":538,\"commentCount\":0,\"publisher\":{\"@id\":\"https:\\\/\\\/centrourbano.com\\\/revista\\\/#organization\"},\"keywords\":[\"C\u00e1mara de diputados\",\"Conavi\",\"Infonavit\",\"Jorge Carlos Ram\u00edrez Mar\u00edn\",\"Paloma Silva\",\"Sedatu\",\"vivienda\"],\"articleSection\":[\"Vivienda\"],\"inLanguage\":\"es\",\"potentialAction\":[{\"@type\":\"CommentAction\",\"name\":\"Comment\",\"target\":[\"https:\\\/\\\/centrourbano.com\\\/revista\\\/vivienda\\\/dar-mayores-facultades-a-la-sedatu-fue-un-acierto-ramirez-marin\\\/#respond\"]}]},{\"@type\":\"WebPage\",\"@id\":\"https:\\\/\\\/centrourbano.com\\\/revista\\\/vivienda\\\/dar-mayores-facultades-a-la-sedatu-fue-un-acierto-ramirez-marin\\\/\",\"url\":\"https:\\\/\\\/centrourbano.com\\\/revista\\\/vivienda\\\/dar-mayores-facultades-a-la-sedatu-fue-un-acierto-ramirez-marin\\\/\",\"name\":\"Dar mayores facultades a la Sedatu fue un acierto: Ram\u00edrez Mar\u00edn -\",\"isPartOf\":{\"@id\":\"https:\\\/\\\/centrourbano.com\\\/revista\\\/#website\"},\"datePublished\":\"2014-09-30T22:42:12+00:00\",\"description\":\"&nbsp; Los titulares de los Organismos de Vivienda se re\u00fanen con la bancada del PRI en la C\u00e1mara de Diputados La Secretar\u00eda de Desarrollo Agrario,\",\"breadcrumb\":{\"@id\":\"https:\\\/\\\/centrourbano.com\\\/revista\\\/vivienda\\\/dar-mayores-facultades-a-la-sedatu-fue-un-acierto-ramirez-marin\\\/#breadcrumb\"},\"inLanguage\":\"es\",\"potentialAction\":[{\"@type\":\"ReadAction\",\"target\":[\"https:\\\/\\\/centrourbano.com\\\/revista\\\/vivienda\\\/dar-mayores-facultades-a-la-sedatu-fue-un-acierto-ramirez-marin\\\/\"]}]},{\"@type\":\"BreadcrumbList\",\"@id\":\"https:\\\/\\\/centrourbano.com\\\/revista\\\/vivienda\\\/dar-mayores-facultades-a-la-sedatu-fue-un-acierto-ramirez-marin\\\/#breadcrumb\",\"itemListElement\":[{\"@type\":\"ListItem\",\"position\":1,\"name\":\"Portada\",\"item\":\"https:\\\/\\\/centrourbano.com\\\/revista\\\/\"},{\"@type\":\"ListItem\",\"position\":2,\"name\":\"Dar mayores facultades a la Sedatu fue un acierto: Ram\u00edrez Mar\u00edn\"}]},{\"@type\":\"WebSite\",\"@id\":\"https:\\\/\\\/centrourbano.com\\\/revista\\\/#website\",\"url\":\"https:\\\/\\\/centrourbano.com\\\/revista\\\/\",\"name\":\"Centro Urbano\",\"description\":\"Medio especializado en los sectores vivienda, inmobiliario, construcci\u00f3n, arquitectura y urbanismo.\",\"publisher\":{\"@id\":\"https:\\\/\\\/centrourbano.com\\\/revista\\\/#organization\"},\"potentialAction\":[{\"@type\":\"SearchAction\",\"target\":{\"@type\":\"EntryPoint\",\"urlTemplate\":\"https:\\\/\\\/centrourbano.com\\\/revista\\\/?s={search_term_string}\"},\"query-input\":{\"@type\":\"PropertyValueSpecification\",\"valueRequired\":true,\"valueName\":\"search_term_string\"}}],\"inLanguage\":\"es\"},{\"@type\":\"Organization\",\"@id\":\"https:\\\/\\\/centrourbano.com\\\/revista\\\/#organization\",\"name\":\"Centro Urbano\",\"url\":\"https:\\\/\\\/centrourbano.com\\\/revista\\\/\",\"logo\":{\"@type\":\"ImageObject\",\"inLanguage\":\"es\",\"@id\":\"https:\\\/\\\/centrourbano.com\\\/revista\\\/#\\\/schema\\\/logo\\\/image\\\/\",\"url\":\"https:\\\/\\\/centrourbano.com\\\/revista\\\/wp-content\\\/uploads\\\/web_CU_logo-1.png\",\"contentUrl\":\"https:\\\/\\\/centrourbano.com\\\/revista\\\/wp-content\\\/uploads\\\/web_CU_logo-1.png\",\"width\":350,\"height\":91,\"caption\":\"Centro Urbano\"},\"image\":{\"@id\":\"https:\\\/\\\/centrourbano.com\\\/revista\\\/#\\\/schema\\\/logo\\\/image\\\/\"},\"sameAs\":[\"https:\\\/\\\/www.facebook.com\\\/portalcentrourbano\",\"https:\\\/\\\/x.com\\\/CentroUrbano\",\"https:\\\/\\\/www.instagram.com\\\/centro_urbano\\\/\",\"https:\\\/\\\/www.linkedin.com\\\/company\\\/centro-urbano\\\/\",\"http:\\\/\\\/www.youtube.com\\\/user\\\/portalcentrourbano\"]},{\"@type\":\"Person\",\"@id\":\"https:\\\/\\\/centrourbano.com\\\/revista\\\/#\\\/schema\\\/person\\\/15622a07e4c485a93b48c9ff1145007c\",\"name\":\"Carlos Garc\u00eda\",\"image\":{\"@type\":\"ImageObject\",\"inLanguage\":\"es\",\"@id\":\"https:\\\/\\\/secure.gravatar.com\\\/avatar\\\/ad33530f6be00b0762054ba3ddee6e4b9824204d9c8315794c64a7f5841e5add?s=96&d=mm&r=g\",\"url\":\"https:\\\/\\\/secure.gravatar.com\\\/avatar\\\/ad33530f6be00b0762054ba3ddee6e4b9824204d9c8315794c64a7f5841e5add?s=96&d=mm&r=g\",\"contentUrl\":\"https:\\\/\\\/secure.gravatar.com\\\/avatar\\\/ad33530f6be00b0762054ba3ddee6e4b9824204d9c8315794c64a7f5841e5add?s=96&d=mm&r=g\",\"caption\":\"Carlos Garc\u00eda\"},\"description\":\"Egresado de la carrera de Ciencias de la Comunicaci\u00f3n con diplomado de Periodismo Deportivo. Se ha desempe\u00f1ado como reportero y redactor de deportes, como en otras \u00e1reas. Actualmente trabaja en Centro Urbano. Amante del cine, los Beatles, futbol, lucha libre y los viajes.\",\"url\":\"https:\\\/\\\/centrourbano.com\\\/revista\\\/author\\\/carlos-garcia\\\/\"}]}<\/script>\n<!-- \/ Yoast SEO plugin. -->","yoast_head_json":{"title":"Dar mayores facultades a la Sedatu fue un acierto: Ram\u00edrez Mar\u00edn -","description":"&nbsp; Los titulares de los Organismos de Vivienda se re\u00fanen con la bancada del PRI en la C\u00e1mara de Diputados La Secretar\u00eda de Desarrollo Agrario,","robots":{"index":"index","follow":"follow","max-snippet":"max-snippet:-1","max-image-preview":"max-image-preview:large","max-video-preview":"max-video-preview:-1"},"canonical":"https:\/\/centrourbano.com\/revista\/vivienda\/dar-mayores-facultades-a-la-sedatu-fue-un-acierto-ramirez-marin\/","og_locale":"es_ES","og_type":"article","og_title":"Dar mayores facultades a la Sedatu fue un acierto: Ram\u00edrez Mar\u00edn -","og_description":"&nbsp; Los titulares de los Organismos de Vivienda se re\u00fanen con la bancada del PRI en la C\u00e1mara de Diputados La Secretar\u00eda de Desarrollo Agrario,","og_url":"https:\/\/centrourbano.com\/revista\/vivienda\/dar-mayores-facultades-a-la-sedatu-fue-un-acierto-ramirez-marin\/","og_site_name":"Centro Urbano","article_publisher":"https:\/\/www.facebook.com\/portalcentrourbano","article_published_time":"2014-09-30T22:42:12+00:00","og_image":[{"width":350,"height":91,"url":"https:\/\/centrourbano.com\/revista\/wp-content\/uploads\/CU-logo.png","type":"image\/png"}],"author":"Carlos Garc\u00eda","twitter_card":"summary_large_image","twitter_creator":"@CentroUrbano","twitter_site":"@CentroUrbano","twitter_misc":{"Escrito por":"Carlos Garc\u00eda","Tiempo de lectura":"3 minutos"},"schema":{"@context":"https:\/\/schema.org","@graph":[{"@type":"Article","@id":"https:\/\/centrourbano.com\/revista\/vivienda\/dar-mayores-facultades-a-la-sedatu-fue-un-acierto-ramirez-marin\/#article","isPartOf":{"@id":"https:\/\/centrourbano.com\/revista\/vivienda\/dar-mayores-facultades-a-la-sedatu-fue-un-acierto-ramirez-marin\/"},"author":{"name":"Carlos Garc\u00eda","@id":"https:\/\/centrourbano.com\/revista\/#\/schema\/person\/15622a07e4c485a93b48c9ff1145007c"},"headline":"Dar mayores facultades a la Sedatu fue un acierto: Ram\u00edrez Mar\u00edn","datePublished":"2014-09-30T22:42:12+00:00","mainEntityOfPage":{"@id":"https:\/\/centrourbano.com\/revista\/vivienda\/dar-mayores-facultades-a-la-sedatu-fue-un-acierto-ramirez-marin\/"},"wordCount":538,"commentCount":0,"publisher":{"@id":"https:\/\/centrourbano.com\/revista\/#organization"},"keywords":["C\u00e1mara de diputados","Conavi","Infonavit","Jorge Carlos Ram\u00edrez Mar\u00edn","Paloma Silva","Sedatu","vivienda"],"articleSection":["Vivienda"],"inLanguage":"es","potentialAction":[{"@type":"CommentAction","name":"Comment","target":["https:\/\/centrourbano.com\/revista\/vivienda\/dar-mayores-facultades-a-la-sedatu-fue-un-acierto-ramirez-marin\/#respond"]}]},{"@type":"WebPage","@id":"https:\/\/centrourbano.com\/revista\/vivienda\/dar-mayores-facultades-a-la-sedatu-fue-un-acierto-ramirez-marin\/","url":"https:\/\/centrourbano.com\/revista\/vivienda\/dar-mayores-facultades-a-la-sedatu-fue-un-acierto-ramirez-marin\/","name":"Dar mayores facultades a la Sedatu fue un acierto: Ram\u00edrez Mar\u00edn -","isPartOf":{"@id":"https:\/\/centrourbano.com\/revista\/#website"},"datePublished":"2014-09-30T22:42:12+00:00","description":"&nbsp; Los titulares de los Organismos de Vivienda se re\u00fanen con la bancada del PRI en la C\u00e1mara de Diputados La Secretar\u00eda de Desarrollo Agrario,","breadcrumb":{"@id":"https:\/\/centrourbano.com\/revista\/vivienda\/dar-mayores-facultades-a-la-sedatu-fue-un-acierto-ramirez-marin\/#breadcrumb"},"inLanguage":"es","potentialAction":[{"@type":"ReadAction","target":["https:\/\/centrourbano.com\/revista\/vivienda\/dar-mayores-facultades-a-la-sedatu-fue-un-acierto-ramirez-marin\/"]}]},{"@type":"BreadcrumbList","@id":"https:\/\/centrourbano.com\/revista\/vivienda\/dar-mayores-facultades-a-la-sedatu-fue-un-acierto-ramirez-marin\/#breadcrumb","itemListElement":[{"@type":"ListItem","position":1,"name":"Portada","item":"https:\/\/centrourbano.com\/revista\/"},{"@type":"ListItem","position":2,"name":"Dar mayores facultades a la Sedatu fue un acierto: Ram\u00edrez Mar\u00edn"}]},{"@type":"WebSite","@id":"https:\/\/centrourbano.com\/revista\/#website","url":"https:\/\/centrourbano.com\/revista\/","name":"Centro Urbano","description":"Medio especializado en los sectores vivienda, inmobiliario, construcci\u00f3n, arquitectura y urbanismo.","publisher":{"@id":"https:\/\/centrourbano.com\/revista\/#organization"},"potentialAction":[{"@type":"SearchAction","target":{"@type":"EntryPoint","urlTemplate":"https:\/\/centrourbano.com\/revista\/?s={search_term_string}"},"query-input":{"@type":"PropertyValueSpecification","valueRequired":true,"valueName":"search_term_string"}}],"inLanguage":"es"},{"@type":"Organization","@id":"https:\/\/centrourbano.com\/revista\/#organization","name":"Centro Urbano","url":"https:\/\/centrourbano.com\/revista\/","logo":{"@type":"ImageObject","inLanguage":"es","@id":"https:\/\/centrourbano.com\/revista\/#\/schema\/logo\/image\/","url":"https:\/\/centrourbano.com\/revista\/wp-content\/uploads\/web_CU_logo-1.png","contentUrl":"https:\/\/centrourbano.com\/revista\/wp-content\/uploads\/web_CU_logo-1.png","width":350,"height":91,"caption":"Centro Urbano"},"image":{"@id":"https:\/\/centrourbano.com\/revista\/#\/schema\/logo\/image\/"},"sameAs":["https:\/\/www.facebook.com\/portalcentrourbano","https:\/\/x.com\/CentroUrbano","https:\/\/www.instagram.com\/centro_urbano\/","https:\/\/www.linkedin.com\/company\/centro-urbano\/","http:\/\/www.youtube.com\/user\/portalcentrourbano"]},{"@type":"Person","@id":"https:\/\/centrourbano.com\/revista\/#\/schema\/person\/15622a07e4c485a93b48c9ff1145007c","name":"Carlos Garc\u00eda","image":{"@type":"ImageObject","inLanguage":"es","@id":"https:\/\/secure.gravatar.com\/avatar\/ad33530f6be00b0762054ba3ddee6e4b9824204d9c8315794c64a7f5841e5add?s=96&d=mm&r=g","url":"https:\/\/secure.gravatar.com\/avatar\/ad33530f6be00b0762054ba3ddee6e4b9824204d9c8315794c64a7f5841e5add?s=96&d=mm&r=g","contentUrl":"https:\/\/secure.gravatar.com\/avatar\/ad33530f6be00b0762054ba3ddee6e4b9824204d9c8315794c64a7f5841e5add?s=96&d=mm&r=g","caption":"Carlos Garc\u00eda"},"description":"Egresado de la carrera de Ciencias de la Comunicaci\u00f3n con diplomado de Periodismo Deportivo. Se ha desempe\u00f1ado como reportero y redactor de deportes, como en otras \u00e1reas. Actualmente trabaja en Centro Urbano. Amante del cine, los Beatles, futbol, lucha libre y los viajes.","url":"https:\/\/centrourbano.com\/revista\/author\/carlos-garcia\/"}]}},"_links":{"self":[{"href":"https:\/\/centrourbano.com\/revista\/wp-json\/wp\/v2\/posts\/11149","targetHints":{"allow":["GET"]}}],"collection":[{"href":"https:\/\/centrourbano.com\/revista\/wp-json\/wp\/v2\/posts"}],"about":[{"href":"https:\/\/centrourbano.com\/revista\/wp-json\/wp\/v2\/types\/post"}],"author":[{"embeddable":true,"href":"https:\/\/centrourbano.com\/revista\/wp-json\/wp\/v2\/users\/18"}],"replies":[{"embeddable":true,"href":"https:\/\/centrourbano.com\/revista\/wp-json\/wp\/v2\/comments?post=11149"}],"version-history":[{"count":0,"href":"https:\/\/centrourbano.com\/revista\/wp-json\/wp\/v2\/posts\/11149\/revisions"}],"wp:attachment":[{"href":"https:\/\/centrourbano.com\/revista\/wp-json\/wp\/v2\/media?parent=11149"}],"wp:term":[{"taxonomy":"category","embeddable":true,"href":"https:\/\/centrourbano.com\/revista\/wp-json\/wp\/v2\/categories?post=11149"},{"taxonomy":"post_tag","embeddable":true,"href":"https:\/\/centrourbano.com\/revista\/wp-json\/wp\/v2\/tags?post=11149"}],"curies":[{"name":"wp","href":"https:\/\/api.w.org\/{rel}","templated":true}]}}