{"id":111276,"date":"2020-09-11T08:25:02","date_gmt":"2020-09-11T13:25:02","guid":{"rendered":"https:\/\/centrourbano.com\/?p=111276"},"modified":"2020-09-11T10:26:09","modified_gmt":"2020-09-11T15:26:09","slug":"zonas-arqueologicas-quintana-roo","status":"publish","type":"post","link":"https:\/\/centrourbano.com\/revista\/arquitectura-2\/zonas-arqueologicas-quintana-roo\/","title":{"rendered":"Zonas arqueol\u00f3gicas de Quintana Roo preparan su reapertura"},"content":{"rendered":"<p><em>En las cuatro zonas arqueol\u00f3gicas se aplicar\u00e1n los lineamientos sanitarios emitidos por la Secretar\u00eda de Salud, y se realizar\u00e1n acciones para mantener la seguridad de los visitantes <\/em><!--more--><\/p>\n<p>El <strong>Instituto Nacional de Antropolog\u00eda e Historia<\/strong> (<strong>INAH<\/strong>) dio a conocer que este <strong>lunes 14 de septiembre<\/strong> comenzar\u00e1 la reapertura gradual y ordenada de las <strong>zonas arqueol\u00f3gicas del estado de Quintana Roo<\/strong>.<\/p>\n<p>Ese d\u00eda, en punto de las 12:00 horas, se reanudar\u00e1n actividades en las cuatro zonas arqueol\u00f3gicas ubicadas al norte del estado; donde el sem\u00e1foro epidemiol\u00f3gico ya se encuentra en amarillo: <strong>Tulum<\/strong>, <strong>Cob\u00e1<\/strong>, <strong>San Gervasio y Muyil<\/strong>.<\/p>\n<p>El <strong>INAH<\/strong> explic\u00f3 que en las cuatro zonas se aplicar\u00e1n los <strong>lineamientos sanitarios<\/strong> emitidos por la <strong>Secretar\u00eda de Salud<\/strong>. Adem\u00e1s, se llevar\u00e1n a cabo acciones para el regreso ordenado y seguro de los visitantes y trabajadores.<\/p>\n<p>Los visitantes deber\u00e1n portar <strong>cubrebocas<\/strong> al llegar a cada sitio, as\u00ed como mantener, en todo momento, una <strong>sana distancia<\/strong>. Asimismo, en el acceso a las zonas arqueol\u00f3gicas se instalar\u00e1n <strong>filtros sanitarios<\/strong> donde se tomar\u00e1 la temperatura y se aplicar\u00e1 gel antibacterial.<\/p>\n<p>De igual manera, el Instituto inform\u00f3 que las zonas de <strong>Tulum<\/strong>, <strong>Cob\u00e1<\/strong>, <strong>San Gervasio y Muyil<\/strong> abrir\u00e1n nuevamente en un horario de visita de <strong>lunes a domingo<\/strong>, de 9:00 de la ma\u00f1ana hasta las 15:00 horas.<\/p>\n<p>El <strong>aforo permitido<\/strong> ser\u00e1 de <strong>2,000 personas diarias para Tulum<\/strong>, y de <strong>1,000 para Cob\u00e1<\/strong>; y en ambos sitios, solo se permitir\u00e1 la entrada de grupos con un m\u00e1ximo de 10 personas. Mientras que en <strong>San Gervasio<\/strong> y <strong>Muyil<\/strong> <strong>no hay l\u00edmite especificado<\/strong>, dado que la afluencia de visitantes es menor.<\/p>\n<p>En conmemoraci\u00f3n de la reapertura, se realizar\u00e1 un <strong>acto simb\u00f3lico en Tulum<\/strong>, encabezado por el gobernador constitucional del estado, Carlos Joaqu\u00edn; por el director general del INAH, Diego Prieto Hern\u00e1ndez; el director general del Fondo Nacional de Fomento al Turismo (Fonatur), Rogelio Jim\u00e9nez Pons; el presidente municipal de Tulum, V\u00edctor Mas Tah, y por el director del Centro INAH Quintana Roo, Margarito Molina.<\/p>\n<a href=\"https:\/\/centrourbano.com\/revista\/wp-content\/uploads\/zonas-arqueologicas.jpg\" target=\"_blank\" rel=\"noopener noreferrer\"><img loading=\"lazy\" decoding=\"async\" class=\"aligncenter wp-image-111278 \" src=\"https:\/\/centrourbano.com\/revista\/wp-content\/uploads\/zonas-arqueologicas.jpg\" alt=\"\" width=\"650\" height=\"385\" srcset=\"https:\/\/centrourbano.com\/revista\/wp-content\/uploads\/zonas-arqueologicas.jpg 800w, https:\/\/centrourbano.com\/revista\/wp-content\/uploads\/zonas-arqueologicas-300x178.jpg 300w, https:\/\/centrourbano.com\/revista\/wp-content\/uploads\/zonas-arqueologicas-768x455.jpg 768w\" sizes=\"auto, (max-width: 650px) 100vw, 650px\" \/><\/a>\n","protected":false},"excerpt":{"rendered":"<p>En las cuatro zonas arqueol\u00f3gicas se aplicar\u00e1n los lineamientos sanitarios emitidos por la Secretar\u00eda de Salud, y se realizar\u00e1n acciones para mantener la seguridad de los visitantes<\/p>\n","protected":false},"author":73,"featured_media":111277,"comment_status":"open","ping_status":"closed","sticky":false,"template":"","format":"standard","meta":{"om_disable_all_campaigns":false,"inline_featured_image":false,"_monsterinsights_skip_tracking":false,"_monsterinsights_sitenote_active":false,"_monsterinsights_sitenote_note":"","_monsterinsights_sitenote_category":0,"footnotes":""},"categories":[81,17827],"tags":[15850,671,19639,41,17345,19638,993,11525],"class_list":["post-111276","post","type-post","status-publish","format-standard","has-post-thumbnail","hentry","category-arquitectura-2","category-cobertura-covid-19","tag-coba","tag-inah","tag-muyil","tag-quintana-roo","tag-reapertura","tag-san-gervasio","tag-tulum","tag-zonas-arqueologicas"],"yoast_head":"<!-- This site is optimized with the Yoast SEO plugin v27.4 - https:\/\/yoast.com\/product\/yoast-seo-wordpress\/ -->\n<title>Zonas arqueol\u00f3gicas de Quintana Roo preparan su reapertura<\/title>\n<meta name=\"description\" content=\"En las cuatro zonas arqueol\u00f3gicas se aplicar\u00e1n lineamientos sanitarios, y se realizar\u00e1n acciones para mantener la seguridad de los visitantes\" \/>\n<meta name=\"robots\" content=\"index, follow, max-snippet:-1, max-image-preview:large, max-video-preview:-1\" \/>\n<link rel=\"canonical\" href=\"https:\/\/centrourbano.com\/revista\/arquitectura-2\/zonas-arqueologicas-quintana-roo\/\" \/>\n<meta property=\"og:locale\" content=\"es_ES\" \/>\n<meta property=\"og:type\" content=\"article\" \/>\n<meta property=\"og:title\" content=\"Zonas arqueol\u00f3gicas de Quintana Roo preparan su reapertura\" \/>\n<meta property=\"og:description\" content=\"En las cuatro zonas arqueol\u00f3gicas se aplicar\u00e1n lineamientos sanitarios, y se realizar\u00e1n acciones para mantener la seguridad de los visitantes\" \/>\n<meta property=\"og:url\" content=\"https:\/\/centrourbano.com\/revista\/arquitectura-2\/zonas-arqueologicas-quintana-roo\/\" \/>\n<meta property=\"og:site_name\" content=\"Centro Urbano\" \/>\n<meta property=\"article:publisher\" content=\"https:\/\/www.facebook.com\/portalcentrourbano\" \/>\n<meta property=\"article:published_time\" content=\"2020-09-11T13:25:02+00:00\" \/>\n<meta property=\"article:modified_time\" content=\"2020-09-11T15:26:09+00:00\" \/>\n<meta property=\"og:image\" content=\"https:\/\/centrourbano.com\/revista\/wp-content\/uploads\/Zonas-arqueologicas-de-Quintana-Roo-preparan-su-reapertura.jpg\" \/>\n\t<meta property=\"og:image:width\" content=\"800\" \/>\n\t<meta property=\"og:image:height\" content=\"445\" \/>\n\t<meta property=\"og:image:type\" content=\"image\/jpeg\" \/>\n<meta name=\"author\" content=\"Fernanda Hern\u00e1ndez\" \/>\n<meta name=\"twitter:card\" content=\"summary_large_image\" \/>\n<meta name=\"twitter:creator\" content=\"@https:\/\/twitter.com\/Nannz_Hernandez\" \/>\n<meta name=\"twitter:site\" content=\"@CentroUrbano\" \/>\n<meta name=\"twitter:label1\" content=\"Escrito por\" \/>\n\t<meta name=\"twitter:data1\" content=\"Fernanda Hern\u00e1ndez\" \/>\n\t<meta name=\"twitter:label2\" content=\"Tiempo de lectura\" \/>\n\t<meta name=\"twitter:data2\" content=\"2 minutos\" \/>\n<script type=\"application\/ld+json\" class=\"yoast-schema-graph\">{\"@context\":\"https:\\\/\\\/schema.org\",\"@graph\":[{\"@type\":\"Article\",\"@id\":\"https:\\\/\\\/centrourbano.com\\\/revista\\\/arquitectura-2\\\/zonas-arqueologicas-quintana-roo\\\/#article\",\"isPartOf\":{\"@id\":\"https:\\\/\\\/centrourbano.com\\\/revista\\\/arquitectura-2\\\/zonas-arqueologicas-quintana-roo\\\/\"},\"author\":{\"name\":\"Fernanda Hern\u00e1ndez\",\"@id\":\"https:\\\/\\\/centrourbano.com\\\/revista\\\/#\\\/schema\\\/person\\\/b190b20bbbceb41ec72278c546fa8df3\"},\"headline\":\"Zonas arqueol\u00f3gicas de Quintana Roo preparan su reapertura\",\"datePublished\":\"2020-09-11T13:25:02+00:00\",\"dateModified\":\"2020-09-11T15:26:09+00:00\",\"mainEntityOfPage\":{\"@id\":\"https:\\\/\\\/centrourbano.com\\\/revista\\\/arquitectura-2\\\/zonas-arqueologicas-quintana-roo\\\/\"},\"wordCount\":352,\"commentCount\":0,\"publisher\":{\"@id\":\"https:\\\/\\\/centrourbano.com\\\/revista\\\/#organization\"},\"image\":{\"@id\":\"https:\\\/\\\/centrourbano.com\\\/revista\\\/arquitectura-2\\\/zonas-arqueologicas-quintana-roo\\\/#primaryimage\"},\"thumbnailUrl\":\"https:\\\/\\\/centrourbano.com\\\/revista\\\/wp-content\\\/uploads\\\/Zonas-arqueologicas-de-Quintana-Roo-preparan-su-reapertura.jpg\",\"keywords\":[\"Cob\u00e1\",\"INAH\",\"Muyil\",\"Quintana Roo\",\"Reapertura\",\"San Gervasio\",\"Tulum\",\"zonas arqueol\u00f3gicas\"],\"articleSection\":[\"Arquitectura\",\"Cobertura Covid-19\"],\"inLanguage\":\"es\",\"potentialAction\":[{\"@type\":\"CommentAction\",\"name\":\"Comment\",\"target\":[\"https:\\\/\\\/centrourbano.com\\\/revista\\\/arquitectura-2\\\/zonas-arqueologicas-quintana-roo\\\/#respond\"]}]},{\"@type\":\"WebPage\",\"@id\":\"https:\\\/\\\/centrourbano.com\\\/revista\\\/arquitectura-2\\\/zonas-arqueologicas-quintana-roo\\\/\",\"url\":\"https:\\\/\\\/centrourbano.com\\\/revista\\\/arquitectura-2\\\/zonas-arqueologicas-quintana-roo\\\/\",\"name\":\"Zonas arqueol\u00f3gicas de Quintana Roo preparan su reapertura\",\"isPartOf\":{\"@id\":\"https:\\\/\\\/centrourbano.com\\\/revista\\\/#website\"},\"primaryImageOfPage\":{\"@id\":\"https:\\\/\\\/centrourbano.com\\\/revista\\\/arquitectura-2\\\/zonas-arqueologicas-quintana-roo\\\/#primaryimage\"},\"image\":{\"@id\":\"https:\\\/\\\/centrourbano.com\\\/revista\\\/arquitectura-2\\\/zonas-arqueologicas-quintana-roo\\\/#primaryimage\"},\"thumbnailUrl\":\"https:\\\/\\\/centrourbano.com\\\/revista\\\/wp-content\\\/uploads\\\/Zonas-arqueologicas-de-Quintana-Roo-preparan-su-reapertura.jpg\",\"datePublished\":\"2020-09-11T13:25:02+00:00\",\"dateModified\":\"2020-09-11T15:26:09+00:00\",\"description\":\"En las cuatro zonas arqueol\u00f3gicas se aplicar\u00e1n lineamientos sanitarios, y se realizar\u00e1n acciones para mantener la seguridad de los visitantes\",\"breadcrumb\":{\"@id\":\"https:\\\/\\\/centrourbano.com\\\/revista\\\/arquitectura-2\\\/zonas-arqueologicas-quintana-roo\\\/#breadcrumb\"},\"inLanguage\":\"es\",\"potentialAction\":[{\"@type\":\"ReadAction\",\"target\":[\"https:\\\/\\\/centrourbano.com\\\/revista\\\/arquitectura-2\\\/zonas-arqueologicas-quintana-roo\\\/\"]}]},{\"@type\":\"ImageObject\",\"inLanguage\":\"es\",\"@id\":\"https:\\\/\\\/centrourbano.com\\\/revista\\\/arquitectura-2\\\/zonas-arqueologicas-quintana-roo\\\/#primaryimage\",\"url\":\"https:\\\/\\\/centrourbano.com\\\/revista\\\/wp-content\\\/uploads\\\/Zonas-arqueologicas-de-Quintana-Roo-preparan-su-reapertura.jpg\",\"contentUrl\":\"https:\\\/\\\/centrourbano.com\\\/revista\\\/wp-content\\\/uploads\\\/Zonas-arqueologicas-de-Quintana-Roo-preparan-su-reapertura.jpg\",\"width\":800,\"height\":445,\"caption\":\"En las cuatro zonas arqueol\u00f3gicas se aplicar\u00e1n lineamientos sanitarios, y se realizar\u00e1n acciones para mantener la seguridad de los visitantes\"},{\"@type\":\"BreadcrumbList\",\"@id\":\"https:\\\/\\\/centrourbano.com\\\/revista\\\/arquitectura-2\\\/zonas-arqueologicas-quintana-roo\\\/#breadcrumb\",\"itemListElement\":[{\"@type\":\"ListItem\",\"position\":1,\"name\":\"Portada\",\"item\":\"https:\\\/\\\/centrourbano.com\\\/revista\\\/\"},{\"@type\":\"ListItem\",\"position\":2,\"name\":\"Zonas arqueol\u00f3gicas de Quintana Roo preparan su reapertura\"}]},{\"@type\":\"WebSite\",\"@id\":\"https:\\\/\\\/centrourbano.com\\\/revista\\\/#website\",\"url\":\"https:\\\/\\\/centrourbano.com\\\/revista\\\/\",\"name\":\"Centro Urbano\",\"description\":\"Medio especializado en los sectores vivienda, inmobiliario, construcci\u00f3n, arquitectura y urbanismo.\",\"publisher\":{\"@id\":\"https:\\\/\\\/centrourbano.com\\\/revista\\\/#organization\"},\"potentialAction\":[{\"@type\":\"SearchAction\",\"target\":{\"@type\":\"EntryPoint\",\"urlTemplate\":\"https:\\\/\\\/centrourbano.com\\\/revista\\\/?s={search_term_string}\"},\"query-input\":{\"@type\":\"PropertyValueSpecification\",\"valueRequired\":true,\"valueName\":\"search_term_string\"}}],\"inLanguage\":\"es\"},{\"@type\":\"Organization\",\"@id\":\"https:\\\/\\\/centrourbano.com\\\/revista\\\/#organization\",\"name\":\"Centro Urbano\",\"url\":\"https:\\\/\\\/centrourbano.com\\\/revista\\\/\",\"logo\":{\"@type\":\"ImageObject\",\"inLanguage\":\"es\",\"@id\":\"https:\\\/\\\/centrourbano.com\\\/revista\\\/#\\\/schema\\\/logo\\\/image\\\/\",\"url\":\"https:\\\/\\\/centrourbano.com\\\/revista\\\/wp-content\\\/uploads\\\/web_CU_logo-1.png\",\"contentUrl\":\"https:\\\/\\\/centrourbano.com\\\/revista\\\/wp-content\\\/uploads\\\/web_CU_logo-1.png\",\"width\":350,\"height\":91,\"caption\":\"Centro Urbano\"},\"image\":{\"@id\":\"https:\\\/\\\/centrourbano.com\\\/revista\\\/#\\\/schema\\\/logo\\\/image\\\/\"},\"sameAs\":[\"https:\\\/\\\/www.facebook.com\\\/portalcentrourbano\",\"https:\\\/\\\/x.com\\\/CentroUrbano\",\"https:\\\/\\\/www.instagram.com\\\/centro_urbano\\\/\",\"https:\\\/\\\/www.linkedin.com\\\/company\\\/centro-urbano\\\/\",\"http:\\\/\\\/www.youtube.com\\\/user\\\/portalcentrourbano\"]},{\"@type\":\"Person\",\"@id\":\"https:\\\/\\\/centrourbano.com\\\/revista\\\/#\\\/schema\\\/person\\\/b190b20bbbceb41ec72278c546fa8df3\",\"name\":\"Fernanda Hern\u00e1ndez\",\"image\":{\"@type\":\"ImageObject\",\"inLanguage\":\"es\",\"@id\":\"https:\\\/\\\/secure.gravatar.com\\\/avatar\\\/9471831fb0a24eae9d32d826a7cb8ef07c34a41520aca1a0ab1f5c0903ba49b9?s=96&d=mm&r=g\",\"url\":\"https:\\\/\\\/secure.gravatar.com\\\/avatar\\\/9471831fb0a24eae9d32d826a7cb8ef07c34a41520aca1a0ab1f5c0903ba49b9?s=96&d=mm&r=g\",\"contentUrl\":\"https:\\\/\\\/secure.gravatar.com\\\/avatar\\\/9471831fb0a24eae9d32d826a7cb8ef07c34a41520aca1a0ab1f5c0903ba49b9?s=96&d=mm&r=g\",\"caption\":\"Fernanda Hern\u00e1ndez\"},\"description\":\"Reportera y redactora en Centro Urbano. Soy egresada de la licenciatura en Ciencias de la Comunicaci\u00f3n de la Facultad de Ciencias Pol\u00edticas y Sociales (UNAM). Me interesa la cultura, el urbanismo y la arquitectura. Amante del mundo digital, el cine, la m\u00fasica, la lectura y la escritura.\",\"sameAs\":[\"https:\\\/\\\/x.com\\\/https:\\\/\\\/twitter.com\\\/Nannz_Hernandez\"],\"url\":\"https:\\\/\\\/centrourbano.com\\\/revista\\\/author\\\/fernanda-hernandez\\\/\"}]}<\/script>\n<!-- \/ Yoast SEO plugin. -->","yoast_head_json":{"title":"Zonas arqueol\u00f3gicas de Quintana Roo preparan su reapertura","description":"En las cuatro zonas arqueol\u00f3gicas se aplicar\u00e1n lineamientos sanitarios, y se realizar\u00e1n acciones para mantener la seguridad de los visitantes","robots":{"index":"index","follow":"follow","max-snippet":"max-snippet:-1","max-image-preview":"max-image-preview:large","max-video-preview":"max-video-preview:-1"},"canonical":"https:\/\/centrourbano.com\/revista\/arquitectura-2\/zonas-arqueologicas-quintana-roo\/","og_locale":"es_ES","og_type":"article","og_title":"Zonas arqueol\u00f3gicas de Quintana Roo preparan su reapertura","og_description":"En las cuatro zonas arqueol\u00f3gicas se aplicar\u00e1n lineamientos sanitarios, y se realizar\u00e1n acciones para mantener la seguridad de los visitantes","og_url":"https:\/\/centrourbano.com\/revista\/arquitectura-2\/zonas-arqueologicas-quintana-roo\/","og_site_name":"Centro Urbano","article_publisher":"https:\/\/www.facebook.com\/portalcentrourbano","article_published_time":"2020-09-11T13:25:02+00:00","article_modified_time":"2020-09-11T15:26:09+00:00","og_image":[{"width":800,"height":445,"url":"https:\/\/centrourbano.com\/revista\/wp-content\/uploads\/Zonas-arqueologicas-de-Quintana-Roo-preparan-su-reapertura.jpg","type":"image\/jpeg"}],"author":"Fernanda Hern\u00e1ndez","twitter_card":"summary_large_image","twitter_creator":"@https:\/\/twitter.com\/Nannz_Hernandez","twitter_site":"@CentroUrbano","twitter_misc":{"Escrito por":"Fernanda Hern\u00e1ndez","Tiempo de lectura":"2 minutos"},"schema":{"@context":"https:\/\/schema.org","@graph":[{"@type":"Article","@id":"https:\/\/centrourbano.com\/revista\/arquitectura-2\/zonas-arqueologicas-quintana-roo\/#article","isPartOf":{"@id":"https:\/\/centrourbano.com\/revista\/arquitectura-2\/zonas-arqueologicas-quintana-roo\/"},"author":{"name":"Fernanda Hern\u00e1ndez","@id":"https:\/\/centrourbano.com\/revista\/#\/schema\/person\/b190b20bbbceb41ec72278c546fa8df3"},"headline":"Zonas arqueol\u00f3gicas de Quintana Roo preparan su reapertura","datePublished":"2020-09-11T13:25:02+00:00","dateModified":"2020-09-11T15:26:09+00:00","mainEntityOfPage":{"@id":"https:\/\/centrourbano.com\/revista\/arquitectura-2\/zonas-arqueologicas-quintana-roo\/"},"wordCount":352,"commentCount":0,"publisher":{"@id":"https:\/\/centrourbano.com\/revista\/#organization"},"image":{"@id":"https:\/\/centrourbano.com\/revista\/arquitectura-2\/zonas-arqueologicas-quintana-roo\/#primaryimage"},"thumbnailUrl":"https:\/\/centrourbano.com\/revista\/wp-content\/uploads\/Zonas-arqueologicas-de-Quintana-Roo-preparan-su-reapertura.jpg","keywords":["Cob\u00e1","INAH","Muyil","Quintana Roo","Reapertura","San Gervasio","Tulum","zonas arqueol\u00f3gicas"],"articleSection":["Arquitectura","Cobertura Covid-19"],"inLanguage":"es","potentialAction":[{"@type":"CommentAction","name":"Comment","target":["https:\/\/centrourbano.com\/revista\/arquitectura-2\/zonas-arqueologicas-quintana-roo\/#respond"]}]},{"@type":"WebPage","@id":"https:\/\/centrourbano.com\/revista\/arquitectura-2\/zonas-arqueologicas-quintana-roo\/","url":"https:\/\/centrourbano.com\/revista\/arquitectura-2\/zonas-arqueologicas-quintana-roo\/","name":"Zonas arqueol\u00f3gicas de Quintana Roo preparan su reapertura","isPartOf":{"@id":"https:\/\/centrourbano.com\/revista\/#website"},"primaryImageOfPage":{"@id":"https:\/\/centrourbano.com\/revista\/arquitectura-2\/zonas-arqueologicas-quintana-roo\/#primaryimage"},"image":{"@id":"https:\/\/centrourbano.com\/revista\/arquitectura-2\/zonas-arqueologicas-quintana-roo\/#primaryimage"},"thumbnailUrl":"https:\/\/centrourbano.com\/revista\/wp-content\/uploads\/Zonas-arqueologicas-de-Quintana-Roo-preparan-su-reapertura.jpg","datePublished":"2020-09-11T13:25:02+00:00","dateModified":"2020-09-11T15:26:09+00:00","description":"En las cuatro zonas arqueol\u00f3gicas se aplicar\u00e1n lineamientos sanitarios, y se realizar\u00e1n acciones para mantener la seguridad de los visitantes","breadcrumb":{"@id":"https:\/\/centrourbano.com\/revista\/arquitectura-2\/zonas-arqueologicas-quintana-roo\/#breadcrumb"},"inLanguage":"es","potentialAction":[{"@type":"ReadAction","target":["https:\/\/centrourbano.com\/revista\/arquitectura-2\/zonas-arqueologicas-quintana-roo\/"]}]},{"@type":"ImageObject","inLanguage":"es","@id":"https:\/\/centrourbano.com\/revista\/arquitectura-2\/zonas-arqueologicas-quintana-roo\/#primaryimage","url":"https:\/\/centrourbano.com\/revista\/wp-content\/uploads\/Zonas-arqueologicas-de-Quintana-Roo-preparan-su-reapertura.jpg","contentUrl":"https:\/\/centrourbano.com\/revista\/wp-content\/uploads\/Zonas-arqueologicas-de-Quintana-Roo-preparan-su-reapertura.jpg","width":800,"height":445,"caption":"En las cuatro zonas arqueol\u00f3gicas se aplicar\u00e1n lineamientos sanitarios, y se realizar\u00e1n acciones para mantener la seguridad de los visitantes"},{"@type":"BreadcrumbList","@id":"https:\/\/centrourbano.com\/revista\/arquitectura-2\/zonas-arqueologicas-quintana-roo\/#breadcrumb","itemListElement":[{"@type":"ListItem","position":1,"name":"Portada","item":"https:\/\/centrourbano.com\/revista\/"},{"@type":"ListItem","position":2,"name":"Zonas arqueol\u00f3gicas de Quintana Roo preparan su reapertura"}]},{"@type":"WebSite","@id":"https:\/\/centrourbano.com\/revista\/#website","url":"https:\/\/centrourbano.com\/revista\/","name":"Centro Urbano","description":"Medio especializado en los sectores vivienda, inmobiliario, construcci\u00f3n, arquitectura y urbanismo.","publisher":{"@id":"https:\/\/centrourbano.com\/revista\/#organization"},"potentialAction":[{"@type":"SearchAction","target":{"@type":"EntryPoint","urlTemplate":"https:\/\/centrourbano.com\/revista\/?s={search_term_string}"},"query-input":{"@type":"PropertyValueSpecification","valueRequired":true,"valueName":"search_term_string"}}],"inLanguage":"es"},{"@type":"Organization","@id":"https:\/\/centrourbano.com\/revista\/#organization","name":"Centro Urbano","url":"https:\/\/centrourbano.com\/revista\/","logo":{"@type":"ImageObject","inLanguage":"es","@id":"https:\/\/centrourbano.com\/revista\/#\/schema\/logo\/image\/","url":"https:\/\/centrourbano.com\/revista\/wp-content\/uploads\/web_CU_logo-1.png","contentUrl":"https:\/\/centrourbano.com\/revista\/wp-content\/uploads\/web_CU_logo-1.png","width":350,"height":91,"caption":"Centro Urbano"},"image":{"@id":"https:\/\/centrourbano.com\/revista\/#\/schema\/logo\/image\/"},"sameAs":["https:\/\/www.facebook.com\/portalcentrourbano","https:\/\/x.com\/CentroUrbano","https:\/\/www.instagram.com\/centro_urbano\/","https:\/\/www.linkedin.com\/company\/centro-urbano\/","http:\/\/www.youtube.com\/user\/portalcentrourbano"]},{"@type":"Person","@id":"https:\/\/centrourbano.com\/revista\/#\/schema\/person\/b190b20bbbceb41ec72278c546fa8df3","name":"Fernanda Hern\u00e1ndez","image":{"@type":"ImageObject","inLanguage":"es","@id":"https:\/\/secure.gravatar.com\/avatar\/9471831fb0a24eae9d32d826a7cb8ef07c34a41520aca1a0ab1f5c0903ba49b9?s=96&d=mm&r=g","url":"https:\/\/secure.gravatar.com\/avatar\/9471831fb0a24eae9d32d826a7cb8ef07c34a41520aca1a0ab1f5c0903ba49b9?s=96&d=mm&r=g","contentUrl":"https:\/\/secure.gravatar.com\/avatar\/9471831fb0a24eae9d32d826a7cb8ef07c34a41520aca1a0ab1f5c0903ba49b9?s=96&d=mm&r=g","caption":"Fernanda Hern\u00e1ndez"},"description":"Reportera y redactora en Centro Urbano. Soy egresada de la licenciatura en Ciencias de la Comunicaci\u00f3n de la Facultad de Ciencias Pol\u00edticas y Sociales (UNAM). Me interesa la cultura, el urbanismo y la arquitectura. Amante del mundo digital, el cine, la m\u00fasica, la lectura y la escritura.","sameAs":["https:\/\/x.com\/https:\/\/twitter.com\/Nannz_Hernandez"],"url":"https:\/\/centrourbano.com\/revista\/author\/fernanda-hernandez\/"}]}},"_links":{"self":[{"href":"https:\/\/centrourbano.com\/revista\/wp-json\/wp\/v2\/posts\/111276","targetHints":{"allow":["GET"]}}],"collection":[{"href":"https:\/\/centrourbano.com\/revista\/wp-json\/wp\/v2\/posts"}],"about":[{"href":"https:\/\/centrourbano.com\/revista\/wp-json\/wp\/v2\/types\/post"}],"author":[{"embeddable":true,"href":"https:\/\/centrourbano.com\/revista\/wp-json\/wp\/v2\/users\/73"}],"replies":[{"embeddable":true,"href":"https:\/\/centrourbano.com\/revista\/wp-json\/wp\/v2\/comments?post=111276"}],"version-history":[{"count":1,"href":"https:\/\/centrourbano.com\/revista\/wp-json\/wp\/v2\/posts\/111276\/revisions"}],"predecessor-version":[{"id":111279,"href":"https:\/\/centrourbano.com\/revista\/wp-json\/wp\/v2\/posts\/111276\/revisions\/111279"}],"wp:featuredmedia":[{"embeddable":true,"href":"https:\/\/centrourbano.com\/revista\/wp-json\/wp\/v2\/media\/111277"}],"wp:attachment":[{"href":"https:\/\/centrourbano.com\/revista\/wp-json\/wp\/v2\/media?parent=111276"}],"wp:term":[{"taxonomy":"category","embeddable":true,"href":"https:\/\/centrourbano.com\/revista\/wp-json\/wp\/v2\/categories?post=111276"},{"taxonomy":"post_tag","embeddable":true,"href":"https:\/\/centrourbano.com\/revista\/wp-json\/wp\/v2\/tags?post=111276"}],"curies":[{"name":"wp","href":"https:\/\/api.w.org\/{rel}","templated":true}]}}