{"id":111159,"date":"2020-09-09T08:08:56","date_gmt":"2020-09-09T13:08:56","guid":{"rendered":"https:\/\/centrourbano.com\/?p=111159"},"modified":"2020-09-09T10:31:54","modified_gmt":"2020-09-09T15:31:54","slug":"alistan-territorios-mexicanos-exposicion-de-santiago-arau","status":"publish","type":"post","link":"https:\/\/centrourbano.com\/revista\/actualidad\/alistan-territorios-mexicanos-exposicion-de-santiago-arau\/","title":{"rendered":"Alistan \u201cTerritorios Mexicanos\u201d, exposici\u00f3n de Santiago Arau"},"content":{"rendered":"<p><em>En la transmisi\u00f3n \u201cTerritorios Mexicanos\u201d, Santiago Arau expondr\u00e1 sentimientos y detalles sobre c\u00f3mo tom\u00f3 algunas fotograf\u00edas en exposici\u00f3n<\/em><\/p>\n<p><!--more--><\/p>\n<p>La Secretar\u00eda de Cultura de la Ciudad de M\u00e9xico lanz\u00f3 una invitaci\u00f3n al p\u00fablico interesado en presenciar una <strong>transmisi\u00f3n<\/strong> en la cual el fot\u00f3grafo <strong>Santiago Arau<\/strong> expondr\u00e1 sus vivencias, experiencias y sentimientos con los que tom\u00f3 algunas de las <strong>fotograf\u00edas<\/strong> que se encuentran en exposici\u00f3n en el Antiguo Colegio de San Ildefonso.<\/p>\n<p>El evento denominado \u201c<strong><u>Territorios Mexicanos<\/u><\/strong>\u201d se llevar\u00e1 a cabo el mi\u00e9rcoles <strong>9 de septiembre<\/strong> en las redes sociales del Colegio de San Ildefonso y de BBVA M\u00e9xico en punto de las <strong>18:00 horas<\/strong>.<\/p>\n<img loading=\"lazy\" decoding=\"async\" class=\"alignleft size-full wp-image-111161\" src=\"https:\/\/centrourbano.com\/revista\/wp-content\/uploads\/arau-territorios-2.jpg\" alt=\"\" width=\"1000\" height=\"570\" srcset=\"https:\/\/centrourbano.com\/revista\/wp-content\/uploads\/arau-territorios-2.jpg 1000w, https:\/\/centrourbano.com\/revista\/wp-content\/uploads\/arau-territorios-2-300x171.jpg 300w, https:\/\/centrourbano.com\/revista\/wp-content\/uploads\/arau-territorios-2-768x438.jpg 768w\" sizes=\"auto, (max-width: 1000px) 100vw, 1000px\" \/>\n<h3>Preocupaciones en la fotograf\u00eda<\/h3>\n<p>La Secretar\u00eda de Cultura local hizo hincapi\u00e9 en que la transmisi\u00f3n online se realizar\u00e1 con <strong>10 im\u00e1genes<\/strong> en las que Santiago Arau expondr\u00e1 preocupaciones desde distintos aspectos de lo que la urbanizaci\u00f3n produce en el territorio mexicano.<\/p>\n<p>\u201cA trav\u00e9s de 10 im\u00e1genes que forman parte de esta muestra, el artista compartir\u00e1 sus preocupaciones de un pa\u00eds que expresa desaf\u00edos ambientales, arbitrariedades urbanas y lo despiadado de las fronteras, sin dejar de mencionar los rostros que habitan todos estos sitios de la geograf\u00eda mexicana\u201d.<\/p>\n<p>Cabe mencionar que en este evento digital se podr\u00e1 interactuar con Arau y saber un poco m\u00e1s acerca de su trabajo fotogr\u00e1fico en el territorio nacional. Dadas las circunstancias, esta es una oportunidad para exponer sus obras al p\u00fablico interesado, as\u00ed lo expres\u00f3:<\/p>\n<p>\u201cComo no podemos vernos en persona por las circunstancias en las que nos encontramos, por lo menos quiero tener este acercamiento virtual con todas las personas interesadas en mi trabajo\u201d.<\/p>\n<h3>Territorios mexicanos en San Ildefonso<\/h3>\n<p>De igual manera, la Secretar\u00eda de Cultura inst\u00f3 a visitar la exposici\u00f3n virtual \u201c<strong><a href=\"https:\/\/contigoenladistancia.cultura.gob.mx\/detalle\/exposicion-santiago-arau-territorios\">Territorios<\/a><\/strong>\u201d en la que, detallaron, se podr\u00e1 hacer un recorrido virtual de 360\u00b0 en el que se podr\u00e1 observar <strong>80 tomas fotogr\u00e1ficas de Santiago Arau<\/strong>, divididas en 5 n\u00facleos tem\u00e1ticos:<\/p>\n<ul>\n<li>Volcanes<\/li>\n<li>Ciudades<\/li>\n<li>Destrucci\u00f3n<\/li>\n<li>Fronteras<\/li>\n<li>Biodiversidad<\/li>\n<\/ul>\n","protected":false},"excerpt":{"rendered":"<p>En la transmisi\u00f3n \u201cTerritorios Mexicanos\u201d, Santiago Arau expondr\u00e1 sentimientos y detalles sobre c\u00f3mo tom\u00f3 algunas fotograf\u00edas en exposici\u00f3n<\/p>\n","protected":false},"author":75,"featured_media":111160,"comment_status":"open","ping_status":"closed","sticky":false,"template":"","format":"standard","meta":{"om_disable_all_campaigns":false,"inline_featured_image":false,"_monsterinsights_skip_tracking":false,"_monsterinsights_sitenote_active":false,"_monsterinsights_sitenote_note":"","_monsterinsights_sitenote_category":0,"footnotes":""},"categories":[80,81,10585,10613,82],"tags":[1053,19600,7031,16173,3462,19601,17665,19599],"class_list":["post-111159","post","type-post","status-publish","format-standard","has-post-thumbnail","hentry","category-actualidad","category-arquitectura-2","category-eventos","category-exposiciones","category-urbanismo","tag-bbva","tag-colegio-de-san-ildefonso","tag-fotografias","tag-santiago-arau","tag-secretaria-de-cultura","tag-territorio-mexicano","tag-territorios","tag-territorios-mexicanos"],"yoast_head":"<!-- This site is optimized with the Yoast SEO plugin v27.5 - https:\/\/yoast.com\/product\/yoast-seo-wordpress\/ -->\n<title>Alistan \u201cTerritorios Mexicanos\u201d, exposici\u00f3n de Santiago Arau<\/title>\n<meta name=\"description\" content=\"En la transmisi\u00f3n \u201cTerritorios Mexicanos\u201d, Santiago Arau expondr\u00e1 sentimientos y detalles sobre c\u00f3mo tom\u00f3 algunas fotograf\u00edas en exposici\u00f3n\" \/>\n<meta name=\"robots\" content=\"index, follow, max-snippet:-1, max-image-preview:large, max-video-preview:-1\" \/>\n<link rel=\"canonical\" href=\"https:\/\/centrourbano.com\/revista\/actualidad\/alistan-territorios-mexicanos-exposicion-de-santiago-arau\/\" \/>\n<meta property=\"og:locale\" content=\"es_ES\" \/>\n<meta property=\"og:type\" content=\"article\" \/>\n<meta property=\"og:title\" content=\"Alistan \u201cTerritorios Mexicanos\u201d, exposici\u00f3n de Santiago Arau\" \/>\n<meta property=\"og:description\" content=\"En la transmisi\u00f3n \u201cTerritorios Mexicanos\u201d, Santiago Arau expondr\u00e1 sentimientos y detalles sobre c\u00f3mo tom\u00f3 algunas fotograf\u00edas en exposici\u00f3n\" \/>\n<meta property=\"og:url\" content=\"https:\/\/centrourbano.com\/revista\/actualidad\/alistan-territorios-mexicanos-exposicion-de-santiago-arau\/\" \/>\n<meta property=\"og:site_name\" content=\"Centro Urbano\" \/>\n<meta property=\"article:publisher\" content=\"https:\/\/www.facebook.com\/portalcentrourbano\" \/>\n<meta property=\"article:published_time\" content=\"2020-09-09T13:08:56+00:00\" \/>\n<meta property=\"article:modified_time\" content=\"2020-09-09T15:31:54+00:00\" \/>\n<meta property=\"og:image\" content=\"https:\/\/centrourbano.com\/revista\/wp-content\/uploads\/arau-territorios.jpg\" \/>\n\t<meta property=\"og:image:width\" content=\"799\" \/>\n\t<meta property=\"og:image:height\" content=\"533\" \/>\n\t<meta property=\"og:image:type\" content=\"image\/jpeg\" \/>\n<meta name=\"author\" content=\"Antonio Garc\u00eda\" \/>\n<meta name=\"twitter:card\" content=\"summary_large_image\" \/>\n<meta name=\"twitter:creator\" content=\"@https:\/\/twitter.com\/TGarper\" \/>\n<meta name=\"twitter:site\" content=\"@CentroUrbano\" \/>\n<meta name=\"twitter:label1\" content=\"Escrito por\" \/>\n\t<meta name=\"twitter:data1\" content=\"Antonio Garc\u00eda\" \/>\n\t<meta name=\"twitter:label2\" content=\"Tiempo de lectura\" \/>\n\t<meta name=\"twitter:data2\" content=\"2 minutos\" \/>\n<script type=\"application\/ld+json\" class=\"yoast-schema-graph\">{\"@context\":\"https:\\\/\\\/schema.org\",\"@graph\":[{\"@type\":\"Article\",\"@id\":\"https:\\\/\\\/centrourbano.com\\\/revista\\\/actualidad\\\/alistan-territorios-mexicanos-exposicion-de-santiago-arau\\\/#article\",\"isPartOf\":{\"@id\":\"https:\\\/\\\/centrourbano.com\\\/revista\\\/actualidad\\\/alistan-territorios-mexicanos-exposicion-de-santiago-arau\\\/\"},\"author\":{\"name\":\"Antonio Garc\u00eda\",\"@id\":\"https:\\\/\\\/centrourbano.com\\\/revista\\\/#\\\/schema\\\/person\\\/317fc57cd0dcfa64aa25174335bd5d1a\"},\"headline\":\"Alistan \u201cTerritorios Mexicanos\u201d, exposici\u00f3n de Santiago Arau\",\"datePublished\":\"2020-09-09T13:08:56+00:00\",\"dateModified\":\"2020-09-09T15:31:54+00:00\",\"mainEntityOfPage\":{\"@id\":\"https:\\\/\\\/centrourbano.com\\\/revista\\\/actualidad\\\/alistan-territorios-mexicanos-exposicion-de-santiago-arau\\\/\"},\"wordCount\":350,\"commentCount\":0,\"publisher\":{\"@id\":\"https:\\\/\\\/centrourbano.com\\\/revista\\\/#organization\"},\"image\":{\"@id\":\"https:\\\/\\\/centrourbano.com\\\/revista\\\/actualidad\\\/alistan-territorios-mexicanos-exposicion-de-santiago-arau\\\/#primaryimage\"},\"thumbnailUrl\":\"https:\\\/\\\/centrourbano.com\\\/revista\\\/wp-content\\\/uploads\\\/arau-territorios.jpg\",\"keywords\":[\"BBVA\",\"Colegio de San Ildefonso\",\"fotograf\u00edas\",\"Santiago Arau\",\"Secretar\u00eda de Cultura\",\"territorio mexicano\",\"territorios\",\"Territorios Mexicanos\"],\"articleSection\":[\"Actualidad\",\"Arquitectura\",\"Eventos\",\"Exposiciones\",\"Urbanismo\"],\"inLanguage\":\"es\",\"potentialAction\":[{\"@type\":\"CommentAction\",\"name\":\"Comment\",\"target\":[\"https:\\\/\\\/centrourbano.com\\\/revista\\\/actualidad\\\/alistan-territorios-mexicanos-exposicion-de-santiago-arau\\\/#respond\"]}]},{\"@type\":\"WebPage\",\"@id\":\"https:\\\/\\\/centrourbano.com\\\/revista\\\/actualidad\\\/alistan-territorios-mexicanos-exposicion-de-santiago-arau\\\/\",\"url\":\"https:\\\/\\\/centrourbano.com\\\/revista\\\/actualidad\\\/alistan-territorios-mexicanos-exposicion-de-santiago-arau\\\/\",\"name\":\"Alistan \u201cTerritorios Mexicanos\u201d, exposici\u00f3n de Santiago Arau\",\"isPartOf\":{\"@id\":\"https:\\\/\\\/centrourbano.com\\\/revista\\\/#website\"},\"primaryImageOfPage\":{\"@id\":\"https:\\\/\\\/centrourbano.com\\\/revista\\\/actualidad\\\/alistan-territorios-mexicanos-exposicion-de-santiago-arau\\\/#primaryimage\"},\"image\":{\"@id\":\"https:\\\/\\\/centrourbano.com\\\/revista\\\/actualidad\\\/alistan-territorios-mexicanos-exposicion-de-santiago-arau\\\/#primaryimage\"},\"thumbnailUrl\":\"https:\\\/\\\/centrourbano.com\\\/revista\\\/wp-content\\\/uploads\\\/arau-territorios.jpg\",\"datePublished\":\"2020-09-09T13:08:56+00:00\",\"dateModified\":\"2020-09-09T15:31:54+00:00\",\"description\":\"En la transmisi\u00f3n \u201cTerritorios Mexicanos\u201d, Santiago Arau expondr\u00e1 sentimientos y detalles sobre c\u00f3mo tom\u00f3 algunas fotograf\u00edas en exposici\u00f3n\",\"breadcrumb\":{\"@id\":\"https:\\\/\\\/centrourbano.com\\\/revista\\\/actualidad\\\/alistan-territorios-mexicanos-exposicion-de-santiago-arau\\\/#breadcrumb\"},\"inLanguage\":\"es\",\"potentialAction\":[{\"@type\":\"ReadAction\",\"target\":[\"https:\\\/\\\/centrourbano.com\\\/revista\\\/actualidad\\\/alistan-territorios-mexicanos-exposicion-de-santiago-arau\\\/\"]}]},{\"@type\":\"ImageObject\",\"inLanguage\":\"es\",\"@id\":\"https:\\\/\\\/centrourbano.com\\\/revista\\\/actualidad\\\/alistan-territorios-mexicanos-exposicion-de-santiago-arau\\\/#primaryimage\",\"url\":\"https:\\\/\\\/centrourbano.com\\\/revista\\\/wp-content\\\/uploads\\\/arau-territorios.jpg\",\"contentUrl\":\"https:\\\/\\\/centrourbano.com\\\/revista\\\/wp-content\\\/uploads\\\/arau-territorios.jpg\",\"width\":799,\"height\":533,\"caption\":\"En la transmisi\u00f3n \u201cTerritorios Mexicanos\u201d, Santiago Arau expondr\u00e1 sentimientos y detalles sobre c\u00f3mo tom\u00f3 algunas fotograf\u00edas en exposici\u00f3n\"},{\"@type\":\"BreadcrumbList\",\"@id\":\"https:\\\/\\\/centrourbano.com\\\/revista\\\/actualidad\\\/alistan-territorios-mexicanos-exposicion-de-santiago-arau\\\/#breadcrumb\",\"itemListElement\":[{\"@type\":\"ListItem\",\"position\":1,\"name\":\"Portada\",\"item\":\"https:\\\/\\\/centrourbano.com\\\/revista\\\/\"},{\"@type\":\"ListItem\",\"position\":2,\"name\":\"Alistan \u201cTerritorios Mexicanos\u201d, exposici\u00f3n de Santiago Arau\"}]},{\"@type\":\"WebSite\",\"@id\":\"https:\\\/\\\/centrourbano.com\\\/revista\\\/#website\",\"url\":\"https:\\\/\\\/centrourbano.com\\\/revista\\\/\",\"name\":\"Centro Urbano\",\"description\":\"Medio especializado en los sectores vivienda, inmobiliario, construcci\u00f3n, arquitectura y urbanismo.\",\"publisher\":{\"@id\":\"https:\\\/\\\/centrourbano.com\\\/revista\\\/#organization\"},\"potentialAction\":[{\"@type\":\"SearchAction\",\"target\":{\"@type\":\"EntryPoint\",\"urlTemplate\":\"https:\\\/\\\/centrourbano.com\\\/revista\\\/?s={search_term_string}\"},\"query-input\":{\"@type\":\"PropertyValueSpecification\",\"valueRequired\":true,\"valueName\":\"search_term_string\"}}],\"inLanguage\":\"es\"},{\"@type\":\"Organization\",\"@id\":\"https:\\\/\\\/centrourbano.com\\\/revista\\\/#organization\",\"name\":\"Centro Urbano\",\"url\":\"https:\\\/\\\/centrourbano.com\\\/revista\\\/\",\"logo\":{\"@type\":\"ImageObject\",\"inLanguage\":\"es\",\"@id\":\"https:\\\/\\\/centrourbano.com\\\/revista\\\/#\\\/schema\\\/logo\\\/image\\\/\",\"url\":\"https:\\\/\\\/centrourbano.com\\\/revista\\\/wp-content\\\/uploads\\\/web_CU_logo-1.png\",\"contentUrl\":\"https:\\\/\\\/centrourbano.com\\\/revista\\\/wp-content\\\/uploads\\\/web_CU_logo-1.png\",\"width\":350,\"height\":91,\"caption\":\"Centro Urbano\"},\"image\":{\"@id\":\"https:\\\/\\\/centrourbano.com\\\/revista\\\/#\\\/schema\\\/logo\\\/image\\\/\"},\"sameAs\":[\"https:\\\/\\\/www.facebook.com\\\/portalcentrourbano\",\"https:\\\/\\\/x.com\\\/CentroUrbano\",\"https:\\\/\\\/www.instagram.com\\\/centro_urbano\\\/\",\"https:\\\/\\\/www.linkedin.com\\\/company\\\/centro-urbano\\\/\",\"http:\\\/\\\/www.youtube.com\\\/user\\\/portalcentrourbano\"]},{\"@type\":\"Person\",\"@id\":\"https:\\\/\\\/centrourbano.com\\\/revista\\\/#\\\/schema\\\/person\\\/317fc57cd0dcfa64aa25174335bd5d1a\",\"name\":\"Antonio Garc\u00eda\",\"image\":{\"@type\":\"ImageObject\",\"inLanguage\":\"es\",\"@id\":\"https:\\\/\\\/secure.gravatar.com\\\/avatar\\\/68b7fcfc82d16a702310836698db1d823c3fb3b28e1f0938164455de47d96d82?s=96&d=mm&r=g\",\"url\":\"https:\\\/\\\/secure.gravatar.com\\\/avatar\\\/68b7fcfc82d16a702310836698db1d823c3fb3b28e1f0938164455de47d96d82?s=96&d=mm&r=g\",\"contentUrl\":\"https:\\\/\\\/secure.gravatar.com\\\/avatar\\\/68b7fcfc82d16a702310836698db1d823c3fb3b28e1f0938164455de47d96d82?s=96&d=mm&r=g\",\"caption\":\"Antonio Garc\u00eda\"},\"description\":\"Integrante del equipo editorial en Centro Urbano. Egresado de la carrera de Econom\u00eda (preespecialidad en Desarrollo Regional) en el IPN y de Matem\u00e1ticas Aplicadas y Computaci\u00f3n en la UNAM. Apasionado de los temas inherentes al desarrollo urbano-regional y estudios formales -e informales- sobre la ciudad y la econom\u00eda urbana.\",\"sameAs\":[\"https:\\\/\\\/www.instagram.com\\\/caminante_en_la_ciudad\\\/?hl=es-la\",\"https:\\\/\\\/x.com\\\/https:\\\/\\\/twitter.com\\\/TGarper\"],\"url\":\"https:\\\/\\\/centrourbano.com\\\/revista\\\/author\\\/antonio-garcia\\\/\"}]}<\/script>\n<!-- \/ Yoast SEO plugin. -->","yoast_head_json":{"title":"Alistan \u201cTerritorios Mexicanos\u201d, exposici\u00f3n de Santiago Arau","description":"En la transmisi\u00f3n \u201cTerritorios Mexicanos\u201d, Santiago Arau expondr\u00e1 sentimientos y detalles sobre c\u00f3mo tom\u00f3 algunas fotograf\u00edas en exposici\u00f3n","robots":{"index":"index","follow":"follow","max-snippet":"max-snippet:-1","max-image-preview":"max-image-preview:large","max-video-preview":"max-video-preview:-1"},"canonical":"https:\/\/centrourbano.com\/revista\/actualidad\/alistan-territorios-mexicanos-exposicion-de-santiago-arau\/","og_locale":"es_ES","og_type":"article","og_title":"Alistan \u201cTerritorios Mexicanos\u201d, exposici\u00f3n de Santiago Arau","og_description":"En la transmisi\u00f3n \u201cTerritorios Mexicanos\u201d, Santiago Arau expondr\u00e1 sentimientos y detalles sobre c\u00f3mo tom\u00f3 algunas fotograf\u00edas en exposici\u00f3n","og_url":"https:\/\/centrourbano.com\/revista\/actualidad\/alistan-territorios-mexicanos-exposicion-de-santiago-arau\/","og_site_name":"Centro Urbano","article_publisher":"https:\/\/www.facebook.com\/portalcentrourbano","article_published_time":"2020-09-09T13:08:56+00:00","article_modified_time":"2020-09-09T15:31:54+00:00","og_image":[{"width":799,"height":533,"url":"https:\/\/centrourbano.com\/revista\/wp-content\/uploads\/arau-territorios.jpg","type":"image\/jpeg"}],"author":"Antonio Garc\u00eda","twitter_card":"summary_large_image","twitter_creator":"@https:\/\/twitter.com\/TGarper","twitter_site":"@CentroUrbano","twitter_misc":{"Escrito por":"Antonio Garc\u00eda","Tiempo de lectura":"2 minutos"},"schema":{"@context":"https:\/\/schema.org","@graph":[{"@type":"Article","@id":"https:\/\/centrourbano.com\/revista\/actualidad\/alistan-territorios-mexicanos-exposicion-de-santiago-arau\/#article","isPartOf":{"@id":"https:\/\/centrourbano.com\/revista\/actualidad\/alistan-territorios-mexicanos-exposicion-de-santiago-arau\/"},"author":{"name":"Antonio Garc\u00eda","@id":"https:\/\/centrourbano.com\/revista\/#\/schema\/person\/317fc57cd0dcfa64aa25174335bd5d1a"},"headline":"Alistan \u201cTerritorios Mexicanos\u201d, exposici\u00f3n de Santiago Arau","datePublished":"2020-09-09T13:08:56+00:00","dateModified":"2020-09-09T15:31:54+00:00","mainEntityOfPage":{"@id":"https:\/\/centrourbano.com\/revista\/actualidad\/alistan-territorios-mexicanos-exposicion-de-santiago-arau\/"},"wordCount":350,"commentCount":0,"publisher":{"@id":"https:\/\/centrourbano.com\/revista\/#organization"},"image":{"@id":"https:\/\/centrourbano.com\/revista\/actualidad\/alistan-territorios-mexicanos-exposicion-de-santiago-arau\/#primaryimage"},"thumbnailUrl":"https:\/\/centrourbano.com\/revista\/wp-content\/uploads\/arau-territorios.jpg","keywords":["BBVA","Colegio de San Ildefonso","fotograf\u00edas","Santiago Arau","Secretar\u00eda de Cultura","territorio mexicano","territorios","Territorios Mexicanos"],"articleSection":["Actualidad","Arquitectura","Eventos","Exposiciones","Urbanismo"],"inLanguage":"es","potentialAction":[{"@type":"CommentAction","name":"Comment","target":["https:\/\/centrourbano.com\/revista\/actualidad\/alistan-territorios-mexicanos-exposicion-de-santiago-arau\/#respond"]}]},{"@type":"WebPage","@id":"https:\/\/centrourbano.com\/revista\/actualidad\/alistan-territorios-mexicanos-exposicion-de-santiago-arau\/","url":"https:\/\/centrourbano.com\/revista\/actualidad\/alistan-territorios-mexicanos-exposicion-de-santiago-arau\/","name":"Alistan \u201cTerritorios Mexicanos\u201d, exposici\u00f3n de Santiago Arau","isPartOf":{"@id":"https:\/\/centrourbano.com\/revista\/#website"},"primaryImageOfPage":{"@id":"https:\/\/centrourbano.com\/revista\/actualidad\/alistan-territorios-mexicanos-exposicion-de-santiago-arau\/#primaryimage"},"image":{"@id":"https:\/\/centrourbano.com\/revista\/actualidad\/alistan-territorios-mexicanos-exposicion-de-santiago-arau\/#primaryimage"},"thumbnailUrl":"https:\/\/centrourbano.com\/revista\/wp-content\/uploads\/arau-territorios.jpg","datePublished":"2020-09-09T13:08:56+00:00","dateModified":"2020-09-09T15:31:54+00:00","description":"En la transmisi\u00f3n \u201cTerritorios Mexicanos\u201d, Santiago Arau expondr\u00e1 sentimientos y detalles sobre c\u00f3mo tom\u00f3 algunas fotograf\u00edas en exposici\u00f3n","breadcrumb":{"@id":"https:\/\/centrourbano.com\/revista\/actualidad\/alistan-territorios-mexicanos-exposicion-de-santiago-arau\/#breadcrumb"},"inLanguage":"es","potentialAction":[{"@type":"ReadAction","target":["https:\/\/centrourbano.com\/revista\/actualidad\/alistan-territorios-mexicanos-exposicion-de-santiago-arau\/"]}]},{"@type":"ImageObject","inLanguage":"es","@id":"https:\/\/centrourbano.com\/revista\/actualidad\/alistan-territorios-mexicanos-exposicion-de-santiago-arau\/#primaryimage","url":"https:\/\/centrourbano.com\/revista\/wp-content\/uploads\/arau-territorios.jpg","contentUrl":"https:\/\/centrourbano.com\/revista\/wp-content\/uploads\/arau-territorios.jpg","width":799,"height":533,"caption":"En la transmisi\u00f3n \u201cTerritorios Mexicanos\u201d, Santiago Arau expondr\u00e1 sentimientos y detalles sobre c\u00f3mo tom\u00f3 algunas fotograf\u00edas en exposici\u00f3n"},{"@type":"BreadcrumbList","@id":"https:\/\/centrourbano.com\/revista\/actualidad\/alistan-territorios-mexicanos-exposicion-de-santiago-arau\/#breadcrumb","itemListElement":[{"@type":"ListItem","position":1,"name":"Portada","item":"https:\/\/centrourbano.com\/revista\/"},{"@type":"ListItem","position":2,"name":"Alistan \u201cTerritorios Mexicanos\u201d, exposici\u00f3n de Santiago Arau"}]},{"@type":"WebSite","@id":"https:\/\/centrourbano.com\/revista\/#website","url":"https:\/\/centrourbano.com\/revista\/","name":"Centro Urbano","description":"Medio especializado en los sectores vivienda, inmobiliario, construcci\u00f3n, arquitectura y urbanismo.","publisher":{"@id":"https:\/\/centrourbano.com\/revista\/#organization"},"potentialAction":[{"@type":"SearchAction","target":{"@type":"EntryPoint","urlTemplate":"https:\/\/centrourbano.com\/revista\/?s={search_term_string}"},"query-input":{"@type":"PropertyValueSpecification","valueRequired":true,"valueName":"search_term_string"}}],"inLanguage":"es"},{"@type":"Organization","@id":"https:\/\/centrourbano.com\/revista\/#organization","name":"Centro Urbano","url":"https:\/\/centrourbano.com\/revista\/","logo":{"@type":"ImageObject","inLanguage":"es","@id":"https:\/\/centrourbano.com\/revista\/#\/schema\/logo\/image\/","url":"https:\/\/centrourbano.com\/revista\/wp-content\/uploads\/web_CU_logo-1.png","contentUrl":"https:\/\/centrourbano.com\/revista\/wp-content\/uploads\/web_CU_logo-1.png","width":350,"height":91,"caption":"Centro Urbano"},"image":{"@id":"https:\/\/centrourbano.com\/revista\/#\/schema\/logo\/image\/"},"sameAs":["https:\/\/www.facebook.com\/portalcentrourbano","https:\/\/x.com\/CentroUrbano","https:\/\/www.instagram.com\/centro_urbano\/","https:\/\/www.linkedin.com\/company\/centro-urbano\/","http:\/\/www.youtube.com\/user\/portalcentrourbano"]},{"@type":"Person","@id":"https:\/\/centrourbano.com\/revista\/#\/schema\/person\/317fc57cd0dcfa64aa25174335bd5d1a","name":"Antonio Garc\u00eda","image":{"@type":"ImageObject","inLanguage":"es","@id":"https:\/\/secure.gravatar.com\/avatar\/68b7fcfc82d16a702310836698db1d823c3fb3b28e1f0938164455de47d96d82?s=96&d=mm&r=g","url":"https:\/\/secure.gravatar.com\/avatar\/68b7fcfc82d16a702310836698db1d823c3fb3b28e1f0938164455de47d96d82?s=96&d=mm&r=g","contentUrl":"https:\/\/secure.gravatar.com\/avatar\/68b7fcfc82d16a702310836698db1d823c3fb3b28e1f0938164455de47d96d82?s=96&d=mm&r=g","caption":"Antonio Garc\u00eda"},"description":"Integrante del equipo editorial en Centro Urbano. Egresado de la carrera de Econom\u00eda (preespecialidad en Desarrollo Regional) en el IPN y de Matem\u00e1ticas Aplicadas y Computaci\u00f3n en la UNAM. Apasionado de los temas inherentes al desarrollo urbano-regional y estudios formales -e informales- sobre la ciudad y la econom\u00eda urbana.","sameAs":["https:\/\/www.instagram.com\/caminante_en_la_ciudad\/?hl=es-la","https:\/\/x.com\/https:\/\/twitter.com\/TGarper"],"url":"https:\/\/centrourbano.com\/revista\/author\/antonio-garcia\/"}]}},"_links":{"self":[{"href":"https:\/\/centrourbano.com\/revista\/wp-json\/wp\/v2\/posts\/111159","targetHints":{"allow":["GET"]}}],"collection":[{"href":"https:\/\/centrourbano.com\/revista\/wp-json\/wp\/v2\/posts"}],"about":[{"href":"https:\/\/centrourbano.com\/revista\/wp-json\/wp\/v2\/types\/post"}],"author":[{"embeddable":true,"href":"https:\/\/centrourbano.com\/revista\/wp-json\/wp\/v2\/users\/75"}],"replies":[{"embeddable":true,"href":"https:\/\/centrourbano.com\/revista\/wp-json\/wp\/v2\/comments?post=111159"}],"version-history":[{"count":3,"href":"https:\/\/centrourbano.com\/revista\/wp-json\/wp\/v2\/posts\/111159\/revisions"}],"predecessor-version":[{"id":111187,"href":"https:\/\/centrourbano.com\/revista\/wp-json\/wp\/v2\/posts\/111159\/revisions\/111187"}],"wp:featuredmedia":[{"embeddable":true,"href":"https:\/\/centrourbano.com\/revista\/wp-json\/wp\/v2\/media\/111160"}],"wp:attachment":[{"href":"https:\/\/centrourbano.com\/revista\/wp-json\/wp\/v2\/media?parent=111159"}],"wp:term":[{"taxonomy":"category","embeddable":true,"href":"https:\/\/centrourbano.com\/revista\/wp-json\/wp\/v2\/categories?post=111159"},{"taxonomy":"post_tag","embeddable":true,"href":"https:\/\/centrourbano.com\/revista\/wp-json\/wp\/v2\/tags?post=111159"}],"curies":[{"name":"wp","href":"https:\/\/api.w.org\/{rel}","templated":true}]}}