{"id":11008,"date":"2014-09-25T09:10:22","date_gmt":"2014-09-25T14:10:22","guid":{"rendered":"http:\/\/centrourbano.com\/?p=11008"},"modified":"2014-09-24T18:37:32","modified_gmt":"2014-09-24T23:37:32","slug":"crearan-centro-regional-educativo-en-tlalnepantla","status":"publish","type":"post","link":"https:\/\/centrourbano.com\/revista\/construccion\/crearan-centro-regional-educativo-en-tlalnepantla\/","title":{"rendered":"Crear\u00e1n centro regional educativo en Tlalnepantla"},"content":{"rendered":"<p>&nbsp;<\/p>\n<p><em>\u00a0El Tecnopolo estar\u00e1 en un pol\u00edgono de 400 hect\u00e1reas<\/em><!--more--><\/p>\n<p>El ayuntamiento de Tlalnepantla plante\u00f3 la creaci\u00f3n de un centro regional educativo, en la zona industrial del municipio, donde empresarios y desarrolladores trabajar\u00e1n en un Tecnopolo que incluir\u00e1 un \u00e1rea de vivienda m\u00e1s moderna, para el incremento de servicios e inversiones, as\u00ed lo afirm\u00f3 en entrevista para\u00a0<strong>Capital\u00a0de M\u00e9xico<\/strong>, el secretario del ayuntamiento de Tlalnepantla, Alfredo Mart\u00ednez Gonz\u00e1lez.<\/p>\n<p>El centro educativo se construir\u00e1 en un pol\u00edgono de 400 hect\u00e1reas, entre la avenida Perif\u00e9rico y la estaci\u00f3n del tren Suburbano Mario Col\u00edn, el acceso m\u00e1s importante al poniente del Distrito Federal, lo cual ya se encuentra aprobado por el gobierno del estado.<\/p>\n<p>\u201cEs un proyecto a largo plazo, pero lo m\u00e1s importante es que ya se tienen pl\u00e1ticas con la gente del municipio para trabajar en el proyecto, por lo que tendremos un importante desarrollo territorial en los pr\u00f3ximos a\u00f1os\u201d, indic\u00f3.<\/p>\n<p>En Tlalnepantla, explic\u00f3 el secretario, seis de cada diez habitantes del Estado de M\u00e9xico que cuentan con una licenciatura o doctorado, \u201cviven en nuestro municipio, estamos considerados como la regi\u00f3n con mayor nivel educativo, por ello la creaci\u00f3n de este centro\u201d, dijo.<\/p>\n<p>A\u00f1adi\u00f3 que la Secretar\u00eda de Desarrollo Metropolitana (Sedamet) se encuentra generando diversos proyectos en la regi\u00f3n y tambi\u00e9n se espera una modificaci\u00f3n en el tema de movilidad, para adaptarse a las normas pol\u00edticas federales.<\/p>\n<p>\u201cTenemos una ampliaci\u00f3n en materia de infraestructura, de vialidades para articular todos los veh\u00edculos que transitan por ah\u00ed, b\u00e1sicamente el problema se encuentra en el ordenamiento del transporte, tenemos que crear servicios m\u00e1s eficientes, seguros y menos contaminantes, pero se necesita un proyecto articulado\u201d, finaliz\u00f3.<\/p>\n<p>&nbsp;<\/p>\n<p><strong>\u00a0<\/strong><\/p>\n","protected":false},"excerpt":{"rendered":"<p>&nbsp; \u00a0El Tecnopolo estar\u00e1 en un pol\u00edgono de 400 hect\u00e1reas<\/p>\n","protected":false},"author":1,"featured_media":0,"comment_status":"open","ping_status":"closed","sticky":false,"template":"","format":"standard","meta":{"om_disable_all_campaigns":false,"inline_featured_image":false,"_monsterinsights_skip_tracking":false,"_monsterinsights_sitenote_active":false,"_monsterinsights_sitenote_note":"","_monsterinsights_sitenote_category":0,"footnotes":""},"categories":[14],"tags":[3139,3138,3140,190,3137,3136,2477],"class_list":["post-11008","post","type-post","status-publish","format-standard","hentry","category-construccion","tag-alfredo-martinez-gonzalez","tag-capital-de-mexico","tag-centro-educativo","tag-desarrolladores","tag-sedamet","tag-tecnopolo","tag-tlalnepantla"],"yoast_head":"<!-- This site is optimized with the Yoast SEO plugin v27.4 - https:\/\/yoast.com\/product\/yoast-seo-wordpress\/ -->\n<title>Crear\u00e1n centro regional educativo en Tlalnepantla -<\/title>\n<meta name=\"description\" content=\"&nbsp; \u00a0El Tecnopolo estar\u00e1 en un pol\u00edgono de 400 hect\u00e1reas El ayuntamiento de Tlalnepantla plante\u00f3 la creaci\u00f3n de un centro regional educativo, en la\" \/>\n<meta name=\"robots\" content=\"index, follow, max-snippet:-1, max-image-preview:large, max-video-preview:-1\" \/>\n<link rel=\"canonical\" href=\"https:\/\/centrourbano.com\/revista\/construccion\/crearan-centro-regional-educativo-en-tlalnepantla\/\" \/>\n<meta property=\"og:locale\" content=\"es_ES\" \/>\n<meta property=\"og:type\" content=\"article\" \/>\n<meta property=\"og:title\" content=\"Crear\u00e1n centro regional educativo en Tlalnepantla -\" \/>\n<meta property=\"og:description\" content=\"&nbsp; \u00a0El Tecnopolo estar\u00e1 en un pol\u00edgono de 400 hect\u00e1reas El ayuntamiento de Tlalnepantla plante\u00f3 la creaci\u00f3n de un centro regional educativo, en la\" \/>\n<meta property=\"og:url\" content=\"https:\/\/centrourbano.com\/revista\/construccion\/crearan-centro-regional-educativo-en-tlalnepantla\/\" \/>\n<meta property=\"og:site_name\" content=\"Centro Urbano\" \/>\n<meta property=\"article:publisher\" content=\"https:\/\/www.facebook.com\/portalcentrourbano\" \/>\n<meta property=\"article:published_time\" content=\"2014-09-25T14:10:22+00:00\" \/>\n<meta property=\"og:image\" content=\"https:\/\/centrourbano.com\/revista\/wp-content\/uploads\/CU-logo.png\" \/>\n\t<meta property=\"og:image:width\" content=\"350\" \/>\n\t<meta property=\"og:image:height\" content=\"91\" \/>\n\t<meta property=\"og:image:type\" content=\"image\/png\" \/>\n<meta name=\"author\" content=\"BlogCU 2022\" \/>\n<meta name=\"twitter:card\" content=\"summary_large_image\" \/>\n<meta name=\"twitter:creator\" content=\"@CentroUrbano\" \/>\n<meta name=\"twitter:site\" content=\"@CentroUrbano\" \/>\n<meta name=\"twitter:label1\" content=\"Escrito por\" \/>\n\t<meta name=\"twitter:data1\" content=\"BlogCU 2022\" \/>\n\t<meta name=\"twitter:label2\" content=\"Tiempo de lectura\" \/>\n\t<meta name=\"twitter:data2\" content=\"2 minutos\" \/>\n<script type=\"application\/ld+json\" class=\"yoast-schema-graph\">{\"@context\":\"https:\\\/\\\/schema.org\",\"@graph\":[{\"@type\":\"Article\",\"@id\":\"https:\\\/\\\/centrourbano.com\\\/revista\\\/construccion\\\/crearan-centro-regional-educativo-en-tlalnepantla\\\/#article\",\"isPartOf\":{\"@id\":\"https:\\\/\\\/centrourbano.com\\\/revista\\\/construccion\\\/crearan-centro-regional-educativo-en-tlalnepantla\\\/\"},\"author\":{\"name\":\"BlogCU 2022\",\"@id\":\"https:\\\/\\\/centrourbano.com\\\/revista\\\/#\\\/schema\\\/person\\\/26c0ab2d8952e32eb17ccf62f8e88ce6\"},\"headline\":\"Crear\u00e1n centro regional educativo en Tlalnepantla\",\"datePublished\":\"2014-09-25T14:10:22+00:00\",\"mainEntityOfPage\":{\"@id\":\"https:\\\/\\\/centrourbano.com\\\/revista\\\/construccion\\\/crearan-centro-regional-educativo-en-tlalnepantla\\\/\"},\"wordCount\":309,\"commentCount\":0,\"publisher\":{\"@id\":\"https:\\\/\\\/centrourbano.com\\\/revista\\\/#organization\"},\"keywords\":[\"Alfredo Mart\u00ednez Gonz\u00e1lez\",\"Capital de M\u00e9xico\",\"Centro Educativo\",\"desarrolladores\",\"Sedamet\",\"Tecnopolo\",\"Tlalnepantla\"],\"articleSection\":[\"Construcci\u00f3n\"],\"inLanguage\":\"es\",\"potentialAction\":[{\"@type\":\"CommentAction\",\"name\":\"Comment\",\"target\":[\"https:\\\/\\\/centrourbano.com\\\/revista\\\/construccion\\\/crearan-centro-regional-educativo-en-tlalnepantla\\\/#respond\"]}]},{\"@type\":\"WebPage\",\"@id\":\"https:\\\/\\\/centrourbano.com\\\/revista\\\/construccion\\\/crearan-centro-regional-educativo-en-tlalnepantla\\\/\",\"url\":\"https:\\\/\\\/centrourbano.com\\\/revista\\\/construccion\\\/crearan-centro-regional-educativo-en-tlalnepantla\\\/\",\"name\":\"Crear\u00e1n centro regional educativo en Tlalnepantla -\",\"isPartOf\":{\"@id\":\"https:\\\/\\\/centrourbano.com\\\/revista\\\/#website\"},\"datePublished\":\"2014-09-25T14:10:22+00:00\",\"description\":\"&nbsp; \u00a0El Tecnopolo estar\u00e1 en un pol\u00edgono de 400 hect\u00e1reas El ayuntamiento de Tlalnepantla plante\u00f3 la creaci\u00f3n de un centro regional educativo, en la\",\"breadcrumb\":{\"@id\":\"https:\\\/\\\/centrourbano.com\\\/revista\\\/construccion\\\/crearan-centro-regional-educativo-en-tlalnepantla\\\/#breadcrumb\"},\"inLanguage\":\"es\",\"potentialAction\":[{\"@type\":\"ReadAction\",\"target\":[\"https:\\\/\\\/centrourbano.com\\\/revista\\\/construccion\\\/crearan-centro-regional-educativo-en-tlalnepantla\\\/\"]}]},{\"@type\":\"BreadcrumbList\",\"@id\":\"https:\\\/\\\/centrourbano.com\\\/revista\\\/construccion\\\/crearan-centro-regional-educativo-en-tlalnepantla\\\/#breadcrumb\",\"itemListElement\":[{\"@type\":\"ListItem\",\"position\":1,\"name\":\"Portada\",\"item\":\"https:\\\/\\\/centrourbano.com\\\/revista\\\/\"},{\"@type\":\"ListItem\",\"position\":2,\"name\":\"Crear\u00e1n centro regional educativo en Tlalnepantla\"}]},{\"@type\":\"WebSite\",\"@id\":\"https:\\\/\\\/centrourbano.com\\\/revista\\\/#website\",\"url\":\"https:\\\/\\\/centrourbano.com\\\/revista\\\/\",\"name\":\"Centro Urbano\",\"description\":\"Medio especializado en los sectores vivienda, inmobiliario, construcci\u00f3n, arquitectura y urbanismo.\",\"publisher\":{\"@id\":\"https:\\\/\\\/centrourbano.com\\\/revista\\\/#organization\"},\"potentialAction\":[{\"@type\":\"SearchAction\",\"target\":{\"@type\":\"EntryPoint\",\"urlTemplate\":\"https:\\\/\\\/centrourbano.com\\\/revista\\\/?s={search_term_string}\"},\"query-input\":{\"@type\":\"PropertyValueSpecification\",\"valueRequired\":true,\"valueName\":\"search_term_string\"}}],\"inLanguage\":\"es\"},{\"@type\":\"Organization\",\"@id\":\"https:\\\/\\\/centrourbano.com\\\/revista\\\/#organization\",\"name\":\"Centro Urbano\",\"url\":\"https:\\\/\\\/centrourbano.com\\\/revista\\\/\",\"logo\":{\"@type\":\"ImageObject\",\"inLanguage\":\"es\",\"@id\":\"https:\\\/\\\/centrourbano.com\\\/revista\\\/#\\\/schema\\\/logo\\\/image\\\/\",\"url\":\"https:\\\/\\\/centrourbano.com\\\/revista\\\/wp-content\\\/uploads\\\/web_CU_logo-1.png\",\"contentUrl\":\"https:\\\/\\\/centrourbano.com\\\/revista\\\/wp-content\\\/uploads\\\/web_CU_logo-1.png\",\"width\":350,\"height\":91,\"caption\":\"Centro Urbano\"},\"image\":{\"@id\":\"https:\\\/\\\/centrourbano.com\\\/revista\\\/#\\\/schema\\\/logo\\\/image\\\/\"},\"sameAs\":[\"https:\\\/\\\/www.facebook.com\\\/portalcentrourbano\",\"https:\\\/\\\/x.com\\\/CentroUrbano\",\"https:\\\/\\\/www.instagram.com\\\/centro_urbano\\\/\",\"https:\\\/\\\/www.linkedin.com\\\/company\\\/centro-urbano\\\/\",\"http:\\\/\\\/www.youtube.com\\\/user\\\/portalcentrourbano\"]},{\"@type\":\"Person\",\"@id\":\"https:\\\/\\\/centrourbano.com\\\/revista\\\/#\\\/schema\\\/person\\\/26c0ab2d8952e32eb17ccf62f8e88ce6\",\"name\":\"BlogCU 2022\",\"image\":{\"@type\":\"ImageObject\",\"inLanguage\":\"es\",\"@id\":\"https:\\\/\\\/secure.gravatar.com\\\/avatar\\\/5ec2975f6d4b1643c723f08ef135c488131c64cba4524740d438f2e04dbeacdc?s=96&d=mm&r=g\",\"url\":\"https:\\\/\\\/secure.gravatar.com\\\/avatar\\\/5ec2975f6d4b1643c723f08ef135c488131c64cba4524740d438f2e04dbeacdc?s=96&d=mm&r=g\",\"contentUrl\":\"https:\\\/\\\/secure.gravatar.com\\\/avatar\\\/5ec2975f6d4b1643c723f08ef135c488131c64cba4524740d438f2e04dbeacdc?s=96&d=mm&r=g\",\"caption\":\"BlogCU 2022\"},\"url\":\"https:\\\/\\\/centrourbano.com\\\/revista\\\/author\\\/BlogCU 2022\\\/\"}]}<\/script>\n<!-- \/ Yoast SEO plugin. -->","yoast_head_json":{"title":"Crear\u00e1n centro regional educativo en Tlalnepantla -","description":"&nbsp; \u00a0El Tecnopolo estar\u00e1 en un pol\u00edgono de 400 hect\u00e1reas El ayuntamiento de Tlalnepantla plante\u00f3 la creaci\u00f3n de un centro regional educativo, en la","robots":{"index":"index","follow":"follow","max-snippet":"max-snippet:-1","max-image-preview":"max-image-preview:large","max-video-preview":"max-video-preview:-1"},"canonical":"https:\/\/centrourbano.com\/revista\/construccion\/crearan-centro-regional-educativo-en-tlalnepantla\/","og_locale":"es_ES","og_type":"article","og_title":"Crear\u00e1n centro regional educativo en Tlalnepantla -","og_description":"&nbsp; \u00a0El Tecnopolo estar\u00e1 en un pol\u00edgono de 400 hect\u00e1reas El ayuntamiento de Tlalnepantla plante\u00f3 la creaci\u00f3n de un centro regional educativo, en la","og_url":"https:\/\/centrourbano.com\/revista\/construccion\/crearan-centro-regional-educativo-en-tlalnepantla\/","og_site_name":"Centro Urbano","article_publisher":"https:\/\/www.facebook.com\/portalcentrourbano","article_published_time":"2014-09-25T14:10:22+00:00","og_image":[{"width":350,"height":91,"url":"https:\/\/centrourbano.com\/revista\/wp-content\/uploads\/CU-logo.png","type":"image\/png"}],"author":"BlogCU 2022","twitter_card":"summary_large_image","twitter_creator":"@CentroUrbano","twitter_site":"@CentroUrbano","twitter_misc":{"Escrito por":"BlogCU 2022","Tiempo de lectura":"2 minutos"},"schema":{"@context":"https:\/\/schema.org","@graph":[{"@type":"Article","@id":"https:\/\/centrourbano.com\/revista\/construccion\/crearan-centro-regional-educativo-en-tlalnepantla\/#article","isPartOf":{"@id":"https:\/\/centrourbano.com\/revista\/construccion\/crearan-centro-regional-educativo-en-tlalnepantla\/"},"author":{"name":"BlogCU 2022","@id":"https:\/\/centrourbano.com\/revista\/#\/schema\/person\/26c0ab2d8952e32eb17ccf62f8e88ce6"},"headline":"Crear\u00e1n centro regional educativo en Tlalnepantla","datePublished":"2014-09-25T14:10:22+00:00","mainEntityOfPage":{"@id":"https:\/\/centrourbano.com\/revista\/construccion\/crearan-centro-regional-educativo-en-tlalnepantla\/"},"wordCount":309,"commentCount":0,"publisher":{"@id":"https:\/\/centrourbano.com\/revista\/#organization"},"keywords":["Alfredo Mart\u00ednez Gonz\u00e1lez","Capital de M\u00e9xico","Centro Educativo","desarrolladores","Sedamet","Tecnopolo","Tlalnepantla"],"articleSection":["Construcci\u00f3n"],"inLanguage":"es","potentialAction":[{"@type":"CommentAction","name":"Comment","target":["https:\/\/centrourbano.com\/revista\/construccion\/crearan-centro-regional-educativo-en-tlalnepantla\/#respond"]}]},{"@type":"WebPage","@id":"https:\/\/centrourbano.com\/revista\/construccion\/crearan-centro-regional-educativo-en-tlalnepantla\/","url":"https:\/\/centrourbano.com\/revista\/construccion\/crearan-centro-regional-educativo-en-tlalnepantla\/","name":"Crear\u00e1n centro regional educativo en Tlalnepantla -","isPartOf":{"@id":"https:\/\/centrourbano.com\/revista\/#website"},"datePublished":"2014-09-25T14:10:22+00:00","description":"&nbsp; \u00a0El Tecnopolo estar\u00e1 en un pol\u00edgono de 400 hect\u00e1reas El ayuntamiento de Tlalnepantla plante\u00f3 la creaci\u00f3n de un centro regional educativo, en la","breadcrumb":{"@id":"https:\/\/centrourbano.com\/revista\/construccion\/crearan-centro-regional-educativo-en-tlalnepantla\/#breadcrumb"},"inLanguage":"es","potentialAction":[{"@type":"ReadAction","target":["https:\/\/centrourbano.com\/revista\/construccion\/crearan-centro-regional-educativo-en-tlalnepantla\/"]}]},{"@type":"BreadcrumbList","@id":"https:\/\/centrourbano.com\/revista\/construccion\/crearan-centro-regional-educativo-en-tlalnepantla\/#breadcrumb","itemListElement":[{"@type":"ListItem","position":1,"name":"Portada","item":"https:\/\/centrourbano.com\/revista\/"},{"@type":"ListItem","position":2,"name":"Crear\u00e1n centro regional educativo en Tlalnepantla"}]},{"@type":"WebSite","@id":"https:\/\/centrourbano.com\/revista\/#website","url":"https:\/\/centrourbano.com\/revista\/","name":"Centro Urbano","description":"Medio especializado en los sectores vivienda, inmobiliario, construcci\u00f3n, arquitectura y urbanismo.","publisher":{"@id":"https:\/\/centrourbano.com\/revista\/#organization"},"potentialAction":[{"@type":"SearchAction","target":{"@type":"EntryPoint","urlTemplate":"https:\/\/centrourbano.com\/revista\/?s={search_term_string}"},"query-input":{"@type":"PropertyValueSpecification","valueRequired":true,"valueName":"search_term_string"}}],"inLanguage":"es"},{"@type":"Organization","@id":"https:\/\/centrourbano.com\/revista\/#organization","name":"Centro Urbano","url":"https:\/\/centrourbano.com\/revista\/","logo":{"@type":"ImageObject","inLanguage":"es","@id":"https:\/\/centrourbano.com\/revista\/#\/schema\/logo\/image\/","url":"https:\/\/centrourbano.com\/revista\/wp-content\/uploads\/web_CU_logo-1.png","contentUrl":"https:\/\/centrourbano.com\/revista\/wp-content\/uploads\/web_CU_logo-1.png","width":350,"height":91,"caption":"Centro Urbano"},"image":{"@id":"https:\/\/centrourbano.com\/revista\/#\/schema\/logo\/image\/"},"sameAs":["https:\/\/www.facebook.com\/portalcentrourbano","https:\/\/x.com\/CentroUrbano","https:\/\/www.instagram.com\/centro_urbano\/","https:\/\/www.linkedin.com\/company\/centro-urbano\/","http:\/\/www.youtube.com\/user\/portalcentrourbano"]},{"@type":"Person","@id":"https:\/\/centrourbano.com\/revista\/#\/schema\/person\/26c0ab2d8952e32eb17ccf62f8e88ce6","name":"BlogCU 2022","image":{"@type":"ImageObject","inLanguage":"es","@id":"https:\/\/secure.gravatar.com\/avatar\/5ec2975f6d4b1643c723f08ef135c488131c64cba4524740d438f2e04dbeacdc?s=96&d=mm&r=g","url":"https:\/\/secure.gravatar.com\/avatar\/5ec2975f6d4b1643c723f08ef135c488131c64cba4524740d438f2e04dbeacdc?s=96&d=mm&r=g","contentUrl":"https:\/\/secure.gravatar.com\/avatar\/5ec2975f6d4b1643c723f08ef135c488131c64cba4524740d438f2e04dbeacdc?s=96&d=mm&r=g","caption":"BlogCU 2022"},"url":"https:\/\/centrourbano.com\/revista\/author\/BlogCU 2022\/"}]}},"_links":{"self":[{"href":"https:\/\/centrourbano.com\/revista\/wp-json\/wp\/v2\/posts\/11008","targetHints":{"allow":["GET"]}}],"collection":[{"href":"https:\/\/centrourbano.com\/revista\/wp-json\/wp\/v2\/posts"}],"about":[{"href":"https:\/\/centrourbano.com\/revista\/wp-json\/wp\/v2\/types\/post"}],"author":[{"embeddable":true,"href":"https:\/\/centrourbano.com\/revista\/wp-json\/wp\/v2\/users\/1"}],"replies":[{"embeddable":true,"href":"https:\/\/centrourbano.com\/revista\/wp-json\/wp\/v2\/comments?post=11008"}],"version-history":[{"count":0,"href":"https:\/\/centrourbano.com\/revista\/wp-json\/wp\/v2\/posts\/11008\/revisions"}],"wp:attachment":[{"href":"https:\/\/centrourbano.com\/revista\/wp-json\/wp\/v2\/media?parent=11008"}],"wp:term":[{"taxonomy":"category","embeddable":true,"href":"https:\/\/centrourbano.com\/revista\/wp-json\/wp\/v2\/categories?post=11008"},{"taxonomy":"post_tag","embeddable":true,"href":"https:\/\/centrourbano.com\/revista\/wp-json\/wp\/v2\/tags?post=11008"}],"curies":[{"name":"wp","href":"https:\/\/api.w.org\/{rel}","templated":true}]}}