{"id":109911,"date":"2020-07-16T14:30:55","date_gmt":"2020-07-16T19:30:55","guid":{"rendered":"https:\/\/centrourbano.com\/?p=109911"},"modified":"2020-07-29T16:47:02","modified_gmt":"2020-07-29T21:47:02","slug":"combatir-la-segregacion-socio-espacial-el-reto-postcovid-para-las-ciudades","status":"publish","type":"post","link":"https:\/\/centrourbano.com\/revista\/publicaciones\/combatir-la-segregacion-socio-espacial-el-reto-postcovid-para-las-ciudades\/","title":{"rendered":"Combatir la segregaci\u00f3n socio-espacial, el reto postcovid para las ciudades"},"content":{"rendered":"<p><em>La pandemia ha dejado en evidencia la necesidad de poner al centro t\u00e9rminos como la econom\u00eda del cuidado y priorizar elementos como la vivienda, la comunidad y la conectividad<\/em><!--more--><\/p>\n<p>Para Elkin Vel\u00e1squez, director regional de ONU-Habitat para Am\u00e9rica Latina y el Caribe, la pandemia por Covid-19 impondr\u00e1 una serie de retos para las ciudades en la regi\u00f3n. Destac\u00f3 que si bien a\u00fan no existe consenso sobre los cambios que se deber\u00e1n impulsar, s\u00ed existe la noci\u00f3n que el principal desaf\u00edo para al menos los siguientes 24 meses se centrar\u00e1 en preparar a las urbes para coexistir con el virus.<\/p>\n<p>En entrevista con Revista Vivienda, el especialista consider\u00f3 que si bien el futuro sobre la planeaci\u00f3n a\u00fan es incierto, hay algunos elementos que, independientemente de c\u00f3mo evolucione la pandemia, se deber\u00e1n tener al centro en la din\u00e1mica de construcci\u00f3n de ciudad. Entre ellos, dijo, se deber\u00e1 plantear como meta caminar en la consolidaci\u00f3n del concepto de la ciudad de la proximidad, as\u00ed como desarrollar la noci\u00f3n de la econom\u00eda del cuidado en las urbes.<\/p>\n<p>\u201cTodo el mundo ha llegado a la conclusi\u00f3n que, en efecto, hay que esperar modificaciones, hay que esperar adaptaciones futuras de los impactos, pero donde todav\u00eda no hay un consenso es en cu\u00e1les deben ser esas adaptaci\u00f3n; hay diferentes miradas todav\u00eda.<\/p>\n<p>\u201cHace un par de d\u00edas escuch\u00e9 una frase que me qued\u00f3 dando vueltas en la mente y es que lo \u00fanico que sabemos del futuro postcovid es que va a ser con Covid-19 y esa frase yo creo que refleja bastante bien la situaci\u00f3n actual. \u00bfEn qu\u00e9 sentido? Tenemos que prepararnos para los pr\u00f3ximos meses, algunos dicen incluso un par de a\u00f1os, para convivir con el Covid y preparar un proceso de coexistencia con el Covid\u201d, indic\u00f3.<\/p>\n<h4>La econom\u00eda del cuidado<\/h4>\n<p>Aunado a lo anterior, subray\u00f3 que sin importar cu\u00e1l sea la concepci\u00f3n de ciudad que se consolide en un escenario postcovid, las urbes deber\u00e1n poner al centro la llamada econom\u00eda del cuidado.<\/p>\n<p>\u201cHay una frase que dice que nunca desperdicies una buena crisis para poner en cuesti\u00f3n y para mirar qu\u00e9 es lo que se puede mejorar y si hay que cambiar, modificar el rumbo 180 grados. Y yo creo que ah\u00ed hay una serie de elementos muy importantes que ponen o que le hacen preguntas a los sistemas de consumo y de producci\u00f3n preponderantes.<\/p>\n<img loading=\"lazy\" decoding=\"async\" class=\"wp-image-100934 alignright\" src=\"https:\/\/centrourbano.com\/revista\/wp-content\/uploads\/Elkin-Vel\u00e1squez-Onu-Habitat-1024x601.jpg\" alt=\"Ciudades-Elkin Vel\u00e1squez-Onu Habitat\" width=\"300\" height=\"176\" \/>\n<p>\u201cUno de ellos tiene que ver con la econom\u00eda del cuidado; el cuidado incluye la salud, que incluye el acceso a la seguridad alimentaria, que incluye por supuesto la posibilidad de que unas personas dediquen tiempo e inviertan esfuerzos en cuidar a otras personas. Pero adicionalmente, hace parte de la econom\u00eda del cuidado tener una casa y tener acceso a agua. Sabemos que en Am\u00e9rica Latina hay un d\u00e9ficit en acceso a esos dos bienes, a esos dos derechos. Y entonces, como hacen parte de una concepci\u00f3n mucho m\u00e1s grande, importante, con mucho m\u00e1s alcance que es el del cuidado espec\u00edficamente, habr\u00eda que darle un tratamiento estrat\u00e9gico\u201d, indic\u00f3.<\/p>\n<h6>La vivienda al centro<\/h6>\n<p>En esa l\u00f3gica, para Elkin Vel\u00e1squez, \u201ceste sector del cuidado se deber\u00eda convertir en uno de los sectores estrat\u00e9gicos para el devenir de las sociedades\u201d. Por ello, insisti\u00f3, \u201ccualquiera que sea la concepci\u00f3n de ciudad, la pr\u00e1ctica de hacer ciudad, hacia adelante necesitamos que tenga el sector de la econom\u00eda del cuidado al centro\u201d, y poner \u00e9nfasis en tratar retos importantes como la vivienda.<\/p>\n<p>\u201cHay que entender la econom\u00eda del cuidado como este concepto amplio, que integra el punto de vista de la infraestructura, y hablamos de vivienda, de agua, de espacios p\u00fablicos, y en esa l\u00f3gica, lograr ver a la econom\u00eda del cuidado como este concepto amplio y como lo planteamos, con esa l\u00f3gica estrat\u00e9gica\u201d.<\/p>\n<h5>La ciudad de la proximidad<\/h5>\n<p>El Director de ONU Habitat para Am\u00e9rica Latina y el Caribe destac\u00f3 que en este proceso para atender la pandemia desde las ciudades, se requerir\u00e1 poner mucho \u00e9nfasis en la innovaci\u00f3n.<\/p>\n<p>Al respecto, dijo, la pandemia ha dejado en evidencia problem\u00e1ticas como la segregaci\u00f3n socio-espacial en las urbes. Ante ello, dijo, ser\u00e1 necesario comenzar a pensar en la ciudad de la proximidad.<\/p>\n<p>\u201cEn t\u00e9rminos generales, lo que vemos es que hay un problema estructural en la forma en que est\u00e1 organizada la ciudad por la segregaci\u00f3n. Hemos construido ciudades donde hemos hemos distribuido grandes funciones de la ciudad en todo el territorio urbano de manera completamente separada (\u2026)<\/p>\n<p>\u201cTodo eso lo que genera en t\u00e9rminos del funcionamiento de la ciudad es una gran ineficiencia en t\u00e9rminos de los grandes movimientos que tienen que ocurrir en la ciudad. Lo que estamos viendo es que es muy importante empezar a pensar en la ciudad de la proximidad. El cambio real vendr\u00eda en la l\u00f3gica en que empecemos a pensar en una ciudad en la cual una familia, una mujer , un hombre, una persona en un barrio tiene acceso cercano a las funciones b\u00e1sicas de la ciudad; es decir, habitar, trabajar, aprovisionarse, cuidarse, aprender y descansar o tener el derecho al esparcimiento\u201d.<\/p>\n<h6>Las 4 C&#8217;s<\/h6>\n<p>Elkin Vel\u00e1squez destac\u00f3 que en este marco, la pandemia tambi\u00e9n ha revelado el reto que tiene Am\u00e9rica Latina en el tema de los asentamientos irregulares. Ante ello, dijo, ONU-Habitat ha concentrado sus esfuerzos, en el marco de la contingencia, en este tema.<\/p>\n<p>Hacia futuro, dijo, ser\u00e1 importante abrir el di\u00e1logo que permita una cocreaci\u00f3n en t\u00e9rminos de lo que se requiere para la ciudad. Esto, puntualiz\u00f3, deber\u00e1 partir de dos f\u00f3rmulas: la de las 4-C`s, que tiene que ver con tomar en cuenta conceptos como el cuidado, la casa, la comunidad y la conectividad, a trav\u00e9s de tres ejes, la innovaci\u00f3n, la integraci\u00f3n y la interlocuci\u00f3n.<\/p>\n<p>&nbsp;<\/p>\n<h5 style=\"text-align: center;\">Este texto se incluye en la <a href=\"https:\/\/twitter.com\/ViviendaRevista\" target=\"_blank\" rel=\"noopener noreferrer\">edici\u00f3n<\/a> 126 de <a href=\"https:\/\/centrourbano.com\/2020\/07\/16\/revista-vivienda-julio-agosto-2020\/\" target=\"_blank\" rel=\"noopener noreferrer\">Revista Vivienda<\/a><\/h5>\n<a href=\"Este texto se incluye en la edici\u00f3n 126 de Revista Vivienda\" target=\"_blank\" rel=\"noopener noreferrer\"><img loading=\"lazy\" decoding=\"async\" class=\"aligncenter wp-image-109872\" src=\"https:\/\/centrourbano.com\/revista\/wp-content\/uploads\/Promocional-Vivienda-1000x995.jpeg\" alt=\"Revista Vivienda-126\" width=\"450\" height=\"448\" srcset=\"https:\/\/centrourbano.com\/revista\/wp-content\/uploads\/Promocional-Vivienda-1000x995.jpeg 1000w, https:\/\/centrourbano.com\/revista\/wp-content\/uploads\/Promocional-Vivienda-300x298.jpeg 300w, https:\/\/centrourbano.com\/revista\/wp-content\/uploads\/Promocional-Vivienda-150x150.jpeg 150w, https:\/\/centrourbano.com\/revista\/wp-content\/uploads\/Promocional-Vivienda-768x764.jpeg 768w, https:\/\/centrourbano.com\/revista\/wp-content\/uploads\/Promocional-Vivienda.jpeg 1280w\" sizes=\"auto, (max-width: 450px) 100vw, 450px\" \/><\/a>\n","protected":false},"excerpt":{"rendered":"<p>La pandemia ha dejado en evidencia la necesidad de poner al centro t\u00e9rminos como la econom\u00eda del cuidado y priorizar elementos como la vivienda, la comunidad y la conectividad<\/p>\n","protected":false},"author":47,"featured_media":109917,"comment_status":"open","ping_status":"closed","sticky":false,"template":"","format":"standard","meta":{"om_disable_all_campaigns":false,"inline_featured_image":false,"_monsterinsights_skip_tracking":false,"_monsterinsights_sitenote_active":false,"_monsterinsights_sitenote_note":"","_monsterinsights_sitenote_category":0,"footnotes":""},"categories":[4,7860],"tags":[211,17784,14123,17148,2310],"class_list":["post-109911","post","type-post","status-publish","format-standard","has-post-thumbnail","hentry","category-publicaciones","category-revista-vivienda","tag-ciudades","tag-covid-19","tag-elkin-velasquez","tag-onu-habitat-2","tag-revista-vivienda"],"yoast_head":"<!-- This site is optimized with the Yoast SEO plugin v27.4 - https:\/\/yoast.com\/product\/yoast-seo-wordpress\/ -->\n<title>Combatir la segregaci\u00f3n socio-espacial, el reto postcovid en las ciudades<\/title>\n<meta name=\"description\" content=\"La pandemia ha dejado en evidencia la necesidad de poner al centro t\u00e9rminos como la econom\u00eda del cuidado...Combatir la segregaci\u00f3n socio-espacial\" \/>\n<meta name=\"robots\" content=\"index, follow, max-snippet:-1, max-image-preview:large, max-video-preview:-1\" \/>\n<link rel=\"canonical\" href=\"https:\/\/centrourbano.com\/revista\/publicaciones\/combatir-la-segregacion-socio-espacial-el-reto-postcovid-para-las-ciudades\/\" \/>\n<meta property=\"og:locale\" content=\"es_ES\" \/>\n<meta property=\"og:type\" content=\"article\" \/>\n<meta property=\"og:title\" content=\"Combatir la segregaci\u00f3n socio-espacial, el reto postcovid en las ciudades\" \/>\n<meta property=\"og:description\" content=\"La pandemia ha dejado en evidencia la necesidad de poner al centro t\u00e9rminos como la econom\u00eda del cuidado...Combatir la segregaci\u00f3n socio-espacial\" \/>\n<meta property=\"og:url\" content=\"https:\/\/centrourbano.com\/revista\/publicaciones\/combatir-la-segregacion-socio-espacial-el-reto-postcovid-para-las-ciudades\/\" \/>\n<meta property=\"og:site_name\" content=\"Centro Urbano\" \/>\n<meta property=\"article:publisher\" content=\"https:\/\/www.facebook.com\/portalcentrourbano\" \/>\n<meta property=\"article:published_time\" content=\"2020-07-16T19:30:55+00:00\" \/>\n<meta property=\"article:modified_time\" content=\"2020-07-29T21:47:02+00:00\" \/>\n<meta property=\"og:image\" content=\"https:\/\/centrourbano.com\/revista\/wp-content\/uploads\/Combatir-la-segregaci\u00f3n-socio-espacial-el-reto-postcovid-para-las-ciudades-Elkin-Vel\u00e1squez-Revista-Vivienda.jpeg\" \/>\n\t<meta property=\"og:image:width\" content=\"650\" \/>\n\t<meta property=\"og:image:height\" content=\"400\" \/>\n\t<meta property=\"og:image:type\" content=\"image\/jpeg\" \/>\n<meta name=\"author\" content=\"Edgar Rosas\" \/>\n<meta name=\"twitter:card\" content=\"summary_large_image\" \/>\n<meta name=\"twitter:creator\" content=\"@https:\/\/twitter.com\/ERosasCU?s=09\" \/>\n<meta name=\"twitter:site\" content=\"@CentroUrbano\" \/>\n<meta name=\"twitter:label1\" content=\"Escrito por\" \/>\n\t<meta name=\"twitter:data1\" content=\"Edgar Rosas\" \/>\n\t<meta name=\"twitter:label2\" content=\"Tiempo de lectura\" \/>\n\t<meta name=\"twitter:data2\" content=\"5 minutos\" \/>\n<script type=\"application\/ld+json\" class=\"yoast-schema-graph\">{\"@context\":\"https:\\\/\\\/schema.org\",\"@graph\":[{\"@type\":\"Article\",\"@id\":\"https:\\\/\\\/centrourbano.com\\\/revista\\\/publicaciones\\\/combatir-la-segregacion-socio-espacial-el-reto-postcovid-para-las-ciudades\\\/#article\",\"isPartOf\":{\"@id\":\"https:\\\/\\\/centrourbano.com\\\/revista\\\/publicaciones\\\/combatir-la-segregacion-socio-espacial-el-reto-postcovid-para-las-ciudades\\\/\"},\"author\":{\"name\":\"Edgar Rosas\",\"@id\":\"https:\\\/\\\/centrourbano.com\\\/revista\\\/#\\\/schema\\\/person\\\/ff3c00651ce5b1630479d2cd0c2e3ac0\"},\"headline\":\"Combatir la segregaci\u00f3n socio-espacial, el reto postcovid para las ciudades\",\"datePublished\":\"2020-07-16T19:30:55+00:00\",\"dateModified\":\"2020-07-29T21:47:02+00:00\",\"mainEntityOfPage\":{\"@id\":\"https:\\\/\\\/centrourbano.com\\\/revista\\\/publicaciones\\\/combatir-la-segregacion-socio-espacial-el-reto-postcovid-para-las-ciudades\\\/\"},\"wordCount\":1041,\"commentCount\":0,\"publisher\":{\"@id\":\"https:\\\/\\\/centrourbano.com\\\/revista\\\/#organization\"},\"image\":{\"@id\":\"https:\\\/\\\/centrourbano.com\\\/revista\\\/publicaciones\\\/combatir-la-segregacion-socio-espacial-el-reto-postcovid-para-las-ciudades\\\/#primaryimage\"},\"thumbnailUrl\":\"https:\\\/\\\/centrourbano.com\\\/revista\\\/wp-content\\\/uploads\\\/Combatir-la-segregaci\u00f3n-socio-espacial-el-reto-postcovid-para-las-ciudades-Elkin-Vel\u00e1squez-Revista-Vivienda.jpeg\",\"keywords\":[\"ciudades\",\"COVID-19\",\"Elkin Vel\u00e1squez\",\"ONU Habitat\",\"Revista Vivienda\"],\"articleSection\":[\"Publicaciones\",\"Revista Vivienda\"],\"inLanguage\":\"es\",\"potentialAction\":[{\"@type\":\"CommentAction\",\"name\":\"Comment\",\"target\":[\"https:\\\/\\\/centrourbano.com\\\/revista\\\/publicaciones\\\/combatir-la-segregacion-socio-espacial-el-reto-postcovid-para-las-ciudades\\\/#respond\"]}]},{\"@type\":\"WebPage\",\"@id\":\"https:\\\/\\\/centrourbano.com\\\/revista\\\/publicaciones\\\/combatir-la-segregacion-socio-espacial-el-reto-postcovid-para-las-ciudades\\\/\",\"url\":\"https:\\\/\\\/centrourbano.com\\\/revista\\\/publicaciones\\\/combatir-la-segregacion-socio-espacial-el-reto-postcovid-para-las-ciudades\\\/\",\"name\":\"Combatir la segregaci\u00f3n socio-espacial, el reto postcovid en las ciudades\",\"isPartOf\":{\"@id\":\"https:\\\/\\\/centrourbano.com\\\/revista\\\/#website\"},\"primaryImageOfPage\":{\"@id\":\"https:\\\/\\\/centrourbano.com\\\/revista\\\/publicaciones\\\/combatir-la-segregacion-socio-espacial-el-reto-postcovid-para-las-ciudades\\\/#primaryimage\"},\"image\":{\"@id\":\"https:\\\/\\\/centrourbano.com\\\/revista\\\/publicaciones\\\/combatir-la-segregacion-socio-espacial-el-reto-postcovid-para-las-ciudades\\\/#primaryimage\"},\"thumbnailUrl\":\"https:\\\/\\\/centrourbano.com\\\/revista\\\/wp-content\\\/uploads\\\/Combatir-la-segregaci\u00f3n-socio-espacial-el-reto-postcovid-para-las-ciudades-Elkin-Vel\u00e1squez-Revista-Vivienda.jpeg\",\"datePublished\":\"2020-07-16T19:30:55+00:00\",\"dateModified\":\"2020-07-29T21:47:02+00:00\",\"description\":\"La pandemia ha dejado en evidencia la necesidad de poner al centro t\u00e9rminos como la econom\u00eda del cuidado...Combatir la segregaci\u00f3n socio-espacial\",\"breadcrumb\":{\"@id\":\"https:\\\/\\\/centrourbano.com\\\/revista\\\/publicaciones\\\/combatir-la-segregacion-socio-espacial-el-reto-postcovid-para-las-ciudades\\\/#breadcrumb\"},\"inLanguage\":\"es\",\"potentialAction\":[{\"@type\":\"ReadAction\",\"target\":[\"https:\\\/\\\/centrourbano.com\\\/revista\\\/publicaciones\\\/combatir-la-segregacion-socio-espacial-el-reto-postcovid-para-las-ciudades\\\/\"]}]},{\"@type\":\"ImageObject\",\"inLanguage\":\"es\",\"@id\":\"https:\\\/\\\/centrourbano.com\\\/revista\\\/publicaciones\\\/combatir-la-segregacion-socio-espacial-el-reto-postcovid-para-las-ciudades\\\/#primaryimage\",\"url\":\"https:\\\/\\\/centrourbano.com\\\/revista\\\/wp-content\\\/uploads\\\/Combatir-la-segregaci\u00f3n-socio-espacial-el-reto-postcovid-para-las-ciudades-Elkin-Vel\u00e1squez-Revista-Vivienda.jpeg\",\"contentUrl\":\"https:\\\/\\\/centrourbano.com\\\/revista\\\/wp-content\\\/uploads\\\/Combatir-la-segregaci\u00f3n-socio-espacial-el-reto-postcovid-para-las-ciudades-Elkin-Vel\u00e1squez-Revista-Vivienda.jpeg\",\"width\":650,\"height\":400,\"caption\":\"Combatir la segregaci\u00f3n socio-espacial, el reto postcovid para las ciudades-Elkin Vel\u00e1squez-Revista Vivienda\"},{\"@type\":\"BreadcrumbList\",\"@id\":\"https:\\\/\\\/centrourbano.com\\\/revista\\\/publicaciones\\\/combatir-la-segregacion-socio-espacial-el-reto-postcovid-para-las-ciudades\\\/#breadcrumb\",\"itemListElement\":[{\"@type\":\"ListItem\",\"position\":1,\"name\":\"Portada\",\"item\":\"https:\\\/\\\/centrourbano.com\\\/revista\\\/\"},{\"@type\":\"ListItem\",\"position\":2,\"name\":\"Combatir la segregaci\u00f3n socio-espacial, el reto postcovid para las ciudades\"}]},{\"@type\":\"WebSite\",\"@id\":\"https:\\\/\\\/centrourbano.com\\\/revista\\\/#website\",\"url\":\"https:\\\/\\\/centrourbano.com\\\/revista\\\/\",\"name\":\"Centro Urbano\",\"description\":\"Medio especializado en los sectores vivienda, inmobiliario, construcci\u00f3n, arquitectura y urbanismo.\",\"publisher\":{\"@id\":\"https:\\\/\\\/centrourbano.com\\\/revista\\\/#organization\"},\"potentialAction\":[{\"@type\":\"SearchAction\",\"target\":{\"@type\":\"EntryPoint\",\"urlTemplate\":\"https:\\\/\\\/centrourbano.com\\\/revista\\\/?s={search_term_string}\"},\"query-input\":{\"@type\":\"PropertyValueSpecification\",\"valueRequired\":true,\"valueName\":\"search_term_string\"}}],\"inLanguage\":\"es\"},{\"@type\":\"Organization\",\"@id\":\"https:\\\/\\\/centrourbano.com\\\/revista\\\/#organization\",\"name\":\"Centro Urbano\",\"url\":\"https:\\\/\\\/centrourbano.com\\\/revista\\\/\",\"logo\":{\"@type\":\"ImageObject\",\"inLanguage\":\"es\",\"@id\":\"https:\\\/\\\/centrourbano.com\\\/revista\\\/#\\\/schema\\\/logo\\\/image\\\/\",\"url\":\"https:\\\/\\\/centrourbano.com\\\/revista\\\/wp-content\\\/uploads\\\/web_CU_logo-1.png\",\"contentUrl\":\"https:\\\/\\\/centrourbano.com\\\/revista\\\/wp-content\\\/uploads\\\/web_CU_logo-1.png\",\"width\":350,\"height\":91,\"caption\":\"Centro Urbano\"},\"image\":{\"@id\":\"https:\\\/\\\/centrourbano.com\\\/revista\\\/#\\\/schema\\\/logo\\\/image\\\/\"},\"sameAs\":[\"https:\\\/\\\/www.facebook.com\\\/portalcentrourbano\",\"https:\\\/\\\/x.com\\\/CentroUrbano\",\"https:\\\/\\\/www.instagram.com\\\/centro_urbano\\\/\",\"https:\\\/\\\/www.linkedin.com\\\/company\\\/centro-urbano\\\/\",\"http:\\\/\\\/www.youtube.com\\\/user\\\/portalcentrourbano\"]},{\"@type\":\"Person\",\"@id\":\"https:\\\/\\\/centrourbano.com\\\/revista\\\/#\\\/schema\\\/person\\\/ff3c00651ce5b1630479d2cd0c2e3ac0\",\"name\":\"Edgar Rosas\",\"image\":{\"@type\":\"ImageObject\",\"inLanguage\":\"es\",\"@id\":\"https:\\\/\\\/secure.gravatar.com\\\/avatar\\\/94440c4283495211faa5300bf85e80061036b83fced868c3783aa1310b350d9c?s=96&d=mm&r=g\",\"url\":\"https:\\\/\\\/secure.gravatar.com\\\/avatar\\\/94440c4283495211faa5300bf85e80061036b83fced868c3783aa1310b350d9c?s=96&d=mm&r=g\",\"contentUrl\":\"https:\\\/\\\/secure.gravatar.com\\\/avatar\\\/94440c4283495211faa5300bf85e80061036b83fced868c3783aa1310b350d9c?s=96&d=mm&r=g\",\"caption\":\"Edgar Rosas\"},\"description\":\"Editor en Jefe de Centro Urbano. Egresado de la maestr\u00eda en Periodismo Pol\u00edtico de la Escuela de Periodismo Carlos Septi\u00e9n Garc\u00eda (EPCSG). Estudi\u00f3 la licenciatura en Comunicaci\u00f3n en la Universidad Mexicana. Amante de la cr\u00f3nica y el reportaje. Admirador de Vicente Le\u00f1ero y Miguel \u00c1ngel Granados Chapa.\",\"sameAs\":[\"https:\\\/\\\/x.com\\\/https:\\\/\\\/twitter.com\\\/ERosasCU?s=09\"],\"url\":\"https:\\\/\\\/centrourbano.com\\\/revista\\\/author\\\/edgar-rosas\\\/\"}]}<\/script>\n<!-- \/ Yoast SEO plugin. -->","yoast_head_json":{"title":"Combatir la segregaci\u00f3n socio-espacial, el reto postcovid en las ciudades","description":"La pandemia ha dejado en evidencia la necesidad de poner al centro t\u00e9rminos como la econom\u00eda del cuidado...Combatir la segregaci\u00f3n socio-espacial","robots":{"index":"index","follow":"follow","max-snippet":"max-snippet:-1","max-image-preview":"max-image-preview:large","max-video-preview":"max-video-preview:-1"},"canonical":"https:\/\/centrourbano.com\/revista\/publicaciones\/combatir-la-segregacion-socio-espacial-el-reto-postcovid-para-las-ciudades\/","og_locale":"es_ES","og_type":"article","og_title":"Combatir la segregaci\u00f3n socio-espacial, el reto postcovid en las ciudades","og_description":"La pandemia ha dejado en evidencia la necesidad de poner al centro t\u00e9rminos como la econom\u00eda del cuidado...Combatir la segregaci\u00f3n socio-espacial","og_url":"https:\/\/centrourbano.com\/revista\/publicaciones\/combatir-la-segregacion-socio-espacial-el-reto-postcovid-para-las-ciudades\/","og_site_name":"Centro Urbano","article_publisher":"https:\/\/www.facebook.com\/portalcentrourbano","article_published_time":"2020-07-16T19:30:55+00:00","article_modified_time":"2020-07-29T21:47:02+00:00","og_image":[{"width":650,"height":400,"url":"https:\/\/centrourbano.com\/revista\/wp-content\/uploads\/Combatir-la-segregaci\u00f3n-socio-espacial-el-reto-postcovid-para-las-ciudades-Elkin-Vel\u00e1squez-Revista-Vivienda.jpeg","type":"image\/jpeg"}],"author":"Edgar Rosas","twitter_card":"summary_large_image","twitter_creator":"@https:\/\/twitter.com\/ERosasCU?s=09","twitter_site":"@CentroUrbano","twitter_misc":{"Escrito por":"Edgar Rosas","Tiempo de lectura":"5 minutos"},"schema":{"@context":"https:\/\/schema.org","@graph":[{"@type":"Article","@id":"https:\/\/centrourbano.com\/revista\/publicaciones\/combatir-la-segregacion-socio-espacial-el-reto-postcovid-para-las-ciudades\/#article","isPartOf":{"@id":"https:\/\/centrourbano.com\/revista\/publicaciones\/combatir-la-segregacion-socio-espacial-el-reto-postcovid-para-las-ciudades\/"},"author":{"name":"Edgar Rosas","@id":"https:\/\/centrourbano.com\/revista\/#\/schema\/person\/ff3c00651ce5b1630479d2cd0c2e3ac0"},"headline":"Combatir la segregaci\u00f3n socio-espacial, el reto postcovid para las ciudades","datePublished":"2020-07-16T19:30:55+00:00","dateModified":"2020-07-29T21:47:02+00:00","mainEntityOfPage":{"@id":"https:\/\/centrourbano.com\/revista\/publicaciones\/combatir-la-segregacion-socio-espacial-el-reto-postcovid-para-las-ciudades\/"},"wordCount":1041,"commentCount":0,"publisher":{"@id":"https:\/\/centrourbano.com\/revista\/#organization"},"image":{"@id":"https:\/\/centrourbano.com\/revista\/publicaciones\/combatir-la-segregacion-socio-espacial-el-reto-postcovid-para-las-ciudades\/#primaryimage"},"thumbnailUrl":"https:\/\/centrourbano.com\/revista\/wp-content\/uploads\/Combatir-la-segregaci\u00f3n-socio-espacial-el-reto-postcovid-para-las-ciudades-Elkin-Vel\u00e1squez-Revista-Vivienda.jpeg","keywords":["ciudades","COVID-19","Elkin Vel\u00e1squez","ONU Habitat","Revista Vivienda"],"articleSection":["Publicaciones","Revista Vivienda"],"inLanguage":"es","potentialAction":[{"@type":"CommentAction","name":"Comment","target":["https:\/\/centrourbano.com\/revista\/publicaciones\/combatir-la-segregacion-socio-espacial-el-reto-postcovid-para-las-ciudades\/#respond"]}]},{"@type":"WebPage","@id":"https:\/\/centrourbano.com\/revista\/publicaciones\/combatir-la-segregacion-socio-espacial-el-reto-postcovid-para-las-ciudades\/","url":"https:\/\/centrourbano.com\/revista\/publicaciones\/combatir-la-segregacion-socio-espacial-el-reto-postcovid-para-las-ciudades\/","name":"Combatir la segregaci\u00f3n socio-espacial, el reto postcovid en las ciudades","isPartOf":{"@id":"https:\/\/centrourbano.com\/revista\/#website"},"primaryImageOfPage":{"@id":"https:\/\/centrourbano.com\/revista\/publicaciones\/combatir-la-segregacion-socio-espacial-el-reto-postcovid-para-las-ciudades\/#primaryimage"},"image":{"@id":"https:\/\/centrourbano.com\/revista\/publicaciones\/combatir-la-segregacion-socio-espacial-el-reto-postcovid-para-las-ciudades\/#primaryimage"},"thumbnailUrl":"https:\/\/centrourbano.com\/revista\/wp-content\/uploads\/Combatir-la-segregaci\u00f3n-socio-espacial-el-reto-postcovid-para-las-ciudades-Elkin-Vel\u00e1squez-Revista-Vivienda.jpeg","datePublished":"2020-07-16T19:30:55+00:00","dateModified":"2020-07-29T21:47:02+00:00","description":"La pandemia ha dejado en evidencia la necesidad de poner al centro t\u00e9rminos como la econom\u00eda del cuidado...Combatir la segregaci\u00f3n socio-espacial","breadcrumb":{"@id":"https:\/\/centrourbano.com\/revista\/publicaciones\/combatir-la-segregacion-socio-espacial-el-reto-postcovid-para-las-ciudades\/#breadcrumb"},"inLanguage":"es","potentialAction":[{"@type":"ReadAction","target":["https:\/\/centrourbano.com\/revista\/publicaciones\/combatir-la-segregacion-socio-espacial-el-reto-postcovid-para-las-ciudades\/"]}]},{"@type":"ImageObject","inLanguage":"es","@id":"https:\/\/centrourbano.com\/revista\/publicaciones\/combatir-la-segregacion-socio-espacial-el-reto-postcovid-para-las-ciudades\/#primaryimage","url":"https:\/\/centrourbano.com\/revista\/wp-content\/uploads\/Combatir-la-segregaci\u00f3n-socio-espacial-el-reto-postcovid-para-las-ciudades-Elkin-Vel\u00e1squez-Revista-Vivienda.jpeg","contentUrl":"https:\/\/centrourbano.com\/revista\/wp-content\/uploads\/Combatir-la-segregaci\u00f3n-socio-espacial-el-reto-postcovid-para-las-ciudades-Elkin-Vel\u00e1squez-Revista-Vivienda.jpeg","width":650,"height":400,"caption":"Combatir la segregaci\u00f3n socio-espacial, el reto postcovid para las ciudades-Elkin Vel\u00e1squez-Revista Vivienda"},{"@type":"BreadcrumbList","@id":"https:\/\/centrourbano.com\/revista\/publicaciones\/combatir-la-segregacion-socio-espacial-el-reto-postcovid-para-las-ciudades\/#breadcrumb","itemListElement":[{"@type":"ListItem","position":1,"name":"Portada","item":"https:\/\/centrourbano.com\/revista\/"},{"@type":"ListItem","position":2,"name":"Combatir la segregaci\u00f3n socio-espacial, el reto postcovid para las ciudades"}]},{"@type":"WebSite","@id":"https:\/\/centrourbano.com\/revista\/#website","url":"https:\/\/centrourbano.com\/revista\/","name":"Centro Urbano","description":"Medio especializado en los sectores vivienda, inmobiliario, construcci\u00f3n, arquitectura y urbanismo.","publisher":{"@id":"https:\/\/centrourbano.com\/revista\/#organization"},"potentialAction":[{"@type":"SearchAction","target":{"@type":"EntryPoint","urlTemplate":"https:\/\/centrourbano.com\/revista\/?s={search_term_string}"},"query-input":{"@type":"PropertyValueSpecification","valueRequired":true,"valueName":"search_term_string"}}],"inLanguage":"es"},{"@type":"Organization","@id":"https:\/\/centrourbano.com\/revista\/#organization","name":"Centro Urbano","url":"https:\/\/centrourbano.com\/revista\/","logo":{"@type":"ImageObject","inLanguage":"es","@id":"https:\/\/centrourbano.com\/revista\/#\/schema\/logo\/image\/","url":"https:\/\/centrourbano.com\/revista\/wp-content\/uploads\/web_CU_logo-1.png","contentUrl":"https:\/\/centrourbano.com\/revista\/wp-content\/uploads\/web_CU_logo-1.png","width":350,"height":91,"caption":"Centro Urbano"},"image":{"@id":"https:\/\/centrourbano.com\/revista\/#\/schema\/logo\/image\/"},"sameAs":["https:\/\/www.facebook.com\/portalcentrourbano","https:\/\/x.com\/CentroUrbano","https:\/\/www.instagram.com\/centro_urbano\/","https:\/\/www.linkedin.com\/company\/centro-urbano\/","http:\/\/www.youtube.com\/user\/portalcentrourbano"]},{"@type":"Person","@id":"https:\/\/centrourbano.com\/revista\/#\/schema\/person\/ff3c00651ce5b1630479d2cd0c2e3ac0","name":"Edgar Rosas","image":{"@type":"ImageObject","inLanguage":"es","@id":"https:\/\/secure.gravatar.com\/avatar\/94440c4283495211faa5300bf85e80061036b83fced868c3783aa1310b350d9c?s=96&d=mm&r=g","url":"https:\/\/secure.gravatar.com\/avatar\/94440c4283495211faa5300bf85e80061036b83fced868c3783aa1310b350d9c?s=96&d=mm&r=g","contentUrl":"https:\/\/secure.gravatar.com\/avatar\/94440c4283495211faa5300bf85e80061036b83fced868c3783aa1310b350d9c?s=96&d=mm&r=g","caption":"Edgar Rosas"},"description":"Editor en Jefe de Centro Urbano. Egresado de la maestr\u00eda en Periodismo Pol\u00edtico de la Escuela de Periodismo Carlos Septi\u00e9n Garc\u00eda (EPCSG). Estudi\u00f3 la licenciatura en Comunicaci\u00f3n en la Universidad Mexicana. Amante de la cr\u00f3nica y el reportaje. Admirador de Vicente Le\u00f1ero y Miguel \u00c1ngel Granados Chapa.","sameAs":["https:\/\/x.com\/https:\/\/twitter.com\/ERosasCU?s=09"],"url":"https:\/\/centrourbano.com\/revista\/author\/edgar-rosas\/"}]}},"_links":{"self":[{"href":"https:\/\/centrourbano.com\/revista\/wp-json\/wp\/v2\/posts\/109911","targetHints":{"allow":["GET"]}}],"collection":[{"href":"https:\/\/centrourbano.com\/revista\/wp-json\/wp\/v2\/posts"}],"about":[{"href":"https:\/\/centrourbano.com\/revista\/wp-json\/wp\/v2\/types\/post"}],"author":[{"embeddable":true,"href":"https:\/\/centrourbano.com\/revista\/wp-json\/wp\/v2\/users\/47"}],"replies":[{"embeddable":true,"href":"https:\/\/centrourbano.com\/revista\/wp-json\/wp\/v2\/comments?post=109911"}],"version-history":[{"count":1,"href":"https:\/\/centrourbano.com\/revista\/wp-json\/wp\/v2\/posts\/109911\/revisions"}],"predecessor-version":[{"id":109923,"href":"https:\/\/centrourbano.com\/revista\/wp-json\/wp\/v2\/posts\/109911\/revisions\/109923"}],"wp:featuredmedia":[{"embeddable":true,"href":"https:\/\/centrourbano.com\/revista\/wp-json\/wp\/v2\/media\/109917"}],"wp:attachment":[{"href":"https:\/\/centrourbano.com\/revista\/wp-json\/wp\/v2\/media?parent=109911"}],"wp:term":[{"taxonomy":"category","embeddable":true,"href":"https:\/\/centrourbano.com\/revista\/wp-json\/wp\/v2\/categories?post=109911"},{"taxonomy":"post_tag","embeddable":true,"href":"https:\/\/centrourbano.com\/revista\/wp-json\/wp\/v2\/tags?post=109911"}],"curies":[{"name":"wp","href":"https:\/\/api.w.org\/{rel}","templated":true}]}}