{"id":109547,"date":"2020-07-22T08:00:15","date_gmt":"2020-07-22T13:00:15","guid":{"rendered":"https:\/\/centrourbano.com\/?p=109547"},"modified":"2020-07-22T10:41:06","modified_gmt":"2020-07-22T15:41:06","slug":"centro-cultural-bosque-58-aniversario","status":"publish","type":"post","link":"https:\/\/centrourbano.com\/revista\/arquitectura-2\/centro-cultural-bosque-58-aniversario\/","title":{"rendered":"Centro Cultural del Bosque celebra su 58 aniversario"},"content":{"rendered":"<p><em>El Centro Cultural del Bosque, dise\u00f1ado por Pedro Ram\u00edrez V\u00e1zquez y Ramiro Gonz\u00e1lez Delsordo, alberga a las oficinas del INBAL<\/em><br \/>\n<!--more--><\/p>\n<p>Este martes 21 de julio, el <strong>Centro Cultural del Bosque<\/strong>, uno de los complejos culturales m\u00e1s importantes de las artes esc\u00e9nicas en M\u00e9xico, celebr\u00f3 el <strong>58 aniversario de su inauguraci\u00f3n.<\/strong><\/p>\n<p>El recinto fue dise\u00f1ado por los <strong>arquitectos<\/strong> <strong>Pedro Ram\u00edrez V\u00e1zquez y Ramiro Gonz\u00e1lez Delsordo<\/strong>. Inicialmente se concibi\u00f3 como la <strong>Unidad Art\u00edstica y Cultural del Bosque<\/strong>, la cual formaba\u00a0parte de un proyecto promovido por el gobierno federal para fomentar la cultura en M\u00e9xico.<\/p>\n<p>Posteriormente, en mayo de 2000 se realiz\u00f3 una remodelaci\u00f3n y equipamiento general de los teatros del complejo cultural, y al a\u00f1o siguiente, la Unidad Art\u00edstica y Cultural del Bosque cambi\u00f3 oficialmente su nombre a <strong>Centro Cultural del Bosque.<\/strong><\/p>\n<p>A lo largo de su historia, el <strong>Centro Cultural<\/strong> se ha constituido como un espacio emblem\u00e1tico para la producci\u00f3n, difusi\u00f3n y disfrute de las <strong>artes esc\u00e9nicas<\/strong>, as\u00ed como lugar donde generaciones de directores de teatro, escen\u00f3grafos y bailarines han profesionalizado su formaci\u00f3n y forjado su arte; adem\u00e1s de un sitio que ofrece una gama de actividades art\u00edsticas y culturales de calidad.<\/p>\n<p>El complejo alberga al <strong>Teatro <em>Julio Castillo<\/em><\/strong>, uno de los principales escenarios consagrados del patrimonio teatral mexicano, cuya presencia est\u00e1 ligada a la historia de esta actividad art\u00edstica en el pa\u00eds.<\/p>\n<p>Asimismo, dentro del <strong>Centro Cultural<\/strong> se encuentra el Teatro El Granero <em>Xavier Rojas<\/em>, la Sala <em>Xavier Villaurrutia<\/em>, el Teatro Orientaci\u00f3n, el Teatro El Gale\u00f3n <em>Abraham Oceransky<\/em>, el Teatro de la Danza <em>Guillermina Bravo<\/em>, la Sala CCB y la Plaza <em>\u00c1ngel Salas. <\/em>En ellas, se ofrecen espect\u00e1culos de teatro y danza, adem\u00e1s de ser espacio de experimentaci\u00f3n, intercambio y reflexi\u00f3n art\u00edstica que va de lo tradicional a lo vanguardista.<\/p>\n<p>Adem\u00e1s de la Escuela Nacional de Danza Folkl\u00f3rica y las oficinas y salones de ensayo de la Compa\u00f1\u00eda Nacional de Danza (CND), as\u00ed como oficinas del Instituto Nacional de Bellas Artes y Literatura (<a href=\"https:\/\/inba.gob.mx\/\" target=\"_blank\" rel=\"noopener noreferrer\">INBAL<\/a>), una librer\u00eda y salones de ensayo de la Coordinaci\u00f3n Nacional de Teatro (CNT).<\/p>\n<p>Durante todo el a\u00f1o, el <strong>Centro Cultural del Bosque<\/strong> ofrece una amplia variedad de espect\u00e1culos para espectadores de todas las edades, a trav\u00e9s de su cartelera de artes esc\u00e9nicas y danc\u00edsticas nacionales y extranjeras.<\/p>\n<p>&nbsp;<\/p>\n<img loading=\"lazy\" decoding=\"async\" class=\"aligncenter wp-image-109549 \" src=\"https:\/\/centrourbano.com\/revista\/wp-content\/uploads\/centro-cultural-del-bosque.jpg\" alt=\"\" width=\"699\" height=\"389\" srcset=\"https:\/\/centrourbano.com\/revista\/wp-content\/uploads\/centro-cultural-del-bosque.jpg 2000w, https:\/\/centrourbano.com\/revista\/wp-content\/uploads\/centro-cultural-del-bosque-300x167.jpg 300w, https:\/\/centrourbano.com\/revista\/wp-content\/uploads\/centro-cultural-del-bosque-1000x556.jpg 1000w, https:\/\/centrourbano.com\/revista\/wp-content\/uploads\/centro-cultural-del-bosque-768x427.jpg 768w, https:\/\/centrourbano.com\/revista\/wp-content\/uploads\/centro-cultural-del-bosque-1536x854.jpg 1536w\" sizes=\"auto, (max-width: 699px) 100vw, 699px\" \/>\n","protected":false},"excerpt":{"rendered":"<p>El Centro Cultural del Bosque, dise\u00f1ado por Pedro Ram\u00edrez V\u00e1zquez y Ramiro Gonz\u00e1lez Delsordo, alberga a las oficinas del INBAL<\/p>\n","protected":false},"author":73,"featured_media":109548,"comment_status":"open","ping_status":"closed","sticky":false,"template":"","format":"standard","meta":{"om_disable_all_campaigns":false,"inline_featured_image":false,"_monsterinsights_skip_tracking":false,"_monsterinsights_sitenote_active":false,"_monsterinsights_sitenote_note":"","_monsterinsights_sitenote_category":0,"footnotes":""},"categories":[80,81],"tags":[20,19082,2043,16747,14916,8496],"class_list":["post-109547","post","type-post","status-publish","format-standard","has-post-thumbnail","hentry","category-actualidad","category-arquitectura-2","tag-arquitectura","tag-centro-cultural-del-bosque","tag-cultura","tag-danza","tag-inbal","tag-teatro"],"yoast_head":"<!-- This site is optimized with the Yoast SEO plugin v27.4 - https:\/\/yoast.com\/product\/yoast-seo-wordpress\/ -->\n<title>Centro Cultural del Bosque celebra su 58 aniversario<\/title>\n<meta name=\"description\" content=\"El Centro Cultural del Bosque, dise\u00f1ado por Pedro Ram\u00edrez V\u00e1zquez y Ramiro Gonz\u00e1lez Delsordo, alberga a las oficinas del INBAL\" \/>\n<meta name=\"robots\" content=\"index, follow, max-snippet:-1, max-image-preview:large, max-video-preview:-1\" \/>\n<link rel=\"canonical\" href=\"https:\/\/centrourbano.com\/revista\/arquitectura-2\/centro-cultural-bosque-58-aniversario\/\" \/>\n<meta property=\"og:locale\" content=\"es_ES\" \/>\n<meta property=\"og:type\" content=\"article\" \/>\n<meta property=\"og:title\" content=\"Centro Cultural del Bosque celebra su 58 aniversario\" \/>\n<meta property=\"og:description\" content=\"El Centro Cultural del Bosque, dise\u00f1ado por Pedro Ram\u00edrez V\u00e1zquez y Ramiro Gonz\u00e1lez Delsordo, alberga a las oficinas del INBAL\" \/>\n<meta property=\"og:url\" content=\"https:\/\/centrourbano.com\/revista\/arquitectura-2\/centro-cultural-bosque-58-aniversario\/\" \/>\n<meta property=\"og:site_name\" content=\"Centro Urbano\" \/>\n<meta property=\"article:publisher\" content=\"https:\/\/www.facebook.com\/portalcentrourbano\" \/>\n<meta property=\"article:published_time\" content=\"2020-07-22T13:00:15+00:00\" \/>\n<meta property=\"article:modified_time\" content=\"2020-07-22T15:41:06+00:00\" \/>\n<meta property=\"og:image\" content=\"https:\/\/centrourbano.com\/revista\/wp-content\/uploads\/Centro-Cultural-del-Bosque-celebra-su-58-aniversario.jpg\" \/>\n\t<meta property=\"og:image:width\" content=\"800\" \/>\n\t<meta property=\"og:image:height\" content=\"431\" \/>\n\t<meta property=\"og:image:type\" content=\"image\/jpeg\" \/>\n<meta name=\"author\" content=\"Fernanda Hern\u00e1ndez\" \/>\n<meta name=\"twitter:card\" content=\"summary_large_image\" \/>\n<meta name=\"twitter:creator\" content=\"@https:\/\/twitter.com\/Nannz_Hernandez\" \/>\n<meta name=\"twitter:site\" content=\"@CentroUrbano\" \/>\n<meta name=\"twitter:label1\" content=\"Escrito por\" \/>\n\t<meta name=\"twitter:data1\" content=\"Fernanda Hern\u00e1ndez\" \/>\n\t<meta name=\"twitter:label2\" content=\"Tiempo de lectura\" \/>\n\t<meta name=\"twitter:data2\" content=\"2 minutos\" \/>\n<script type=\"application\/ld+json\" class=\"yoast-schema-graph\">{\"@context\":\"https:\\\/\\\/schema.org\",\"@graph\":[{\"@type\":\"Article\",\"@id\":\"https:\\\/\\\/centrourbano.com\\\/revista\\\/arquitectura-2\\\/centro-cultural-bosque-58-aniversario\\\/#article\",\"isPartOf\":{\"@id\":\"https:\\\/\\\/centrourbano.com\\\/revista\\\/arquitectura-2\\\/centro-cultural-bosque-58-aniversario\\\/\"},\"author\":{\"name\":\"Fernanda Hern\u00e1ndez\",\"@id\":\"https:\\\/\\\/centrourbano.com\\\/revista\\\/#\\\/schema\\\/person\\\/b190b20bbbceb41ec72278c546fa8df3\"},\"headline\":\"Centro Cultural del Bosque celebra su 58 aniversario\",\"datePublished\":\"2020-07-22T13:00:15+00:00\",\"dateModified\":\"2020-07-22T15:41:06+00:00\",\"mainEntityOfPage\":{\"@id\":\"https:\\\/\\\/centrourbano.com\\\/revista\\\/arquitectura-2\\\/centro-cultural-bosque-58-aniversario\\\/\"},\"wordCount\":421,\"commentCount\":0,\"publisher\":{\"@id\":\"https:\\\/\\\/centrourbano.com\\\/revista\\\/#organization\"},\"image\":{\"@id\":\"https:\\\/\\\/centrourbano.com\\\/revista\\\/arquitectura-2\\\/centro-cultural-bosque-58-aniversario\\\/#primaryimage\"},\"thumbnailUrl\":\"https:\\\/\\\/centrourbano.com\\\/revista\\\/wp-content\\\/uploads\\\/Centro-Cultural-del-Bosque-celebra-su-58-aniversario.jpg\",\"keywords\":[\"arquitectura\",\"Centro Cultural del Bosque\",\"Cultura\",\"danza\",\"INBAL\",\"Teatro\"],\"articleSection\":[\"Actualidad\",\"Arquitectura\"],\"inLanguage\":\"es\",\"potentialAction\":[{\"@type\":\"CommentAction\",\"name\":\"Comment\",\"target\":[\"https:\\\/\\\/centrourbano.com\\\/revista\\\/arquitectura-2\\\/centro-cultural-bosque-58-aniversario\\\/#respond\"]}]},{\"@type\":\"WebPage\",\"@id\":\"https:\\\/\\\/centrourbano.com\\\/revista\\\/arquitectura-2\\\/centro-cultural-bosque-58-aniversario\\\/\",\"url\":\"https:\\\/\\\/centrourbano.com\\\/revista\\\/arquitectura-2\\\/centro-cultural-bosque-58-aniversario\\\/\",\"name\":\"Centro Cultural del Bosque celebra su 58 aniversario\",\"isPartOf\":{\"@id\":\"https:\\\/\\\/centrourbano.com\\\/revista\\\/#website\"},\"primaryImageOfPage\":{\"@id\":\"https:\\\/\\\/centrourbano.com\\\/revista\\\/arquitectura-2\\\/centro-cultural-bosque-58-aniversario\\\/#primaryimage\"},\"image\":{\"@id\":\"https:\\\/\\\/centrourbano.com\\\/revista\\\/arquitectura-2\\\/centro-cultural-bosque-58-aniversario\\\/#primaryimage\"},\"thumbnailUrl\":\"https:\\\/\\\/centrourbano.com\\\/revista\\\/wp-content\\\/uploads\\\/Centro-Cultural-del-Bosque-celebra-su-58-aniversario.jpg\",\"datePublished\":\"2020-07-22T13:00:15+00:00\",\"dateModified\":\"2020-07-22T15:41:06+00:00\",\"description\":\"El Centro Cultural del Bosque, dise\u00f1ado por Pedro Ram\u00edrez V\u00e1zquez y Ramiro Gonz\u00e1lez Delsordo, alberga a las oficinas del INBAL\",\"breadcrumb\":{\"@id\":\"https:\\\/\\\/centrourbano.com\\\/revista\\\/arquitectura-2\\\/centro-cultural-bosque-58-aniversario\\\/#breadcrumb\"},\"inLanguage\":\"es\",\"potentialAction\":[{\"@type\":\"ReadAction\",\"target\":[\"https:\\\/\\\/centrourbano.com\\\/revista\\\/arquitectura-2\\\/centro-cultural-bosque-58-aniversario\\\/\"]}]},{\"@type\":\"ImageObject\",\"inLanguage\":\"es\",\"@id\":\"https:\\\/\\\/centrourbano.com\\\/revista\\\/arquitectura-2\\\/centro-cultural-bosque-58-aniversario\\\/#primaryimage\",\"url\":\"https:\\\/\\\/centrourbano.com\\\/revista\\\/wp-content\\\/uploads\\\/Centro-Cultural-del-Bosque-celebra-su-58-aniversario.jpg\",\"contentUrl\":\"https:\\\/\\\/centrourbano.com\\\/revista\\\/wp-content\\\/uploads\\\/Centro-Cultural-del-Bosque-celebra-su-58-aniversario.jpg\",\"width\":800,\"height\":431,\"caption\":\"Dentro del Centro Cultural se encuentra la Escuela Nacional de Danza Folkl\u00f3rica y oficinas del INBAL; as\u00ed como una librer\u00eda y salones de ensayo de la CNT\"},{\"@type\":\"BreadcrumbList\",\"@id\":\"https:\\\/\\\/centrourbano.com\\\/revista\\\/arquitectura-2\\\/centro-cultural-bosque-58-aniversario\\\/#breadcrumb\",\"itemListElement\":[{\"@type\":\"ListItem\",\"position\":1,\"name\":\"Portada\",\"item\":\"https:\\\/\\\/centrourbano.com\\\/revista\\\/\"},{\"@type\":\"ListItem\",\"position\":2,\"name\":\"Centro Cultural del Bosque celebra su 58 aniversario\"}]},{\"@type\":\"WebSite\",\"@id\":\"https:\\\/\\\/centrourbano.com\\\/revista\\\/#website\",\"url\":\"https:\\\/\\\/centrourbano.com\\\/revista\\\/\",\"name\":\"Centro Urbano\",\"description\":\"Medio especializado en los sectores vivienda, inmobiliario, construcci\u00f3n, arquitectura y urbanismo.\",\"publisher\":{\"@id\":\"https:\\\/\\\/centrourbano.com\\\/revista\\\/#organization\"},\"potentialAction\":[{\"@type\":\"SearchAction\",\"target\":{\"@type\":\"EntryPoint\",\"urlTemplate\":\"https:\\\/\\\/centrourbano.com\\\/revista\\\/?s={search_term_string}\"},\"query-input\":{\"@type\":\"PropertyValueSpecification\",\"valueRequired\":true,\"valueName\":\"search_term_string\"}}],\"inLanguage\":\"es\"},{\"@type\":\"Organization\",\"@id\":\"https:\\\/\\\/centrourbano.com\\\/revista\\\/#organization\",\"name\":\"Centro Urbano\",\"url\":\"https:\\\/\\\/centrourbano.com\\\/revista\\\/\",\"logo\":{\"@type\":\"ImageObject\",\"inLanguage\":\"es\",\"@id\":\"https:\\\/\\\/centrourbano.com\\\/revista\\\/#\\\/schema\\\/logo\\\/image\\\/\",\"url\":\"https:\\\/\\\/centrourbano.com\\\/revista\\\/wp-content\\\/uploads\\\/web_CU_logo-1.png\",\"contentUrl\":\"https:\\\/\\\/centrourbano.com\\\/revista\\\/wp-content\\\/uploads\\\/web_CU_logo-1.png\",\"width\":350,\"height\":91,\"caption\":\"Centro Urbano\"},\"image\":{\"@id\":\"https:\\\/\\\/centrourbano.com\\\/revista\\\/#\\\/schema\\\/logo\\\/image\\\/\"},\"sameAs\":[\"https:\\\/\\\/www.facebook.com\\\/portalcentrourbano\",\"https:\\\/\\\/x.com\\\/CentroUrbano\",\"https:\\\/\\\/www.instagram.com\\\/centro_urbano\\\/\",\"https:\\\/\\\/www.linkedin.com\\\/company\\\/centro-urbano\\\/\",\"http:\\\/\\\/www.youtube.com\\\/user\\\/portalcentrourbano\"]},{\"@type\":\"Person\",\"@id\":\"https:\\\/\\\/centrourbano.com\\\/revista\\\/#\\\/schema\\\/person\\\/b190b20bbbceb41ec72278c546fa8df3\",\"name\":\"Fernanda Hern\u00e1ndez\",\"image\":{\"@type\":\"ImageObject\",\"inLanguage\":\"es\",\"@id\":\"https:\\\/\\\/secure.gravatar.com\\\/avatar\\\/9471831fb0a24eae9d32d826a7cb8ef07c34a41520aca1a0ab1f5c0903ba49b9?s=96&d=mm&r=g\",\"url\":\"https:\\\/\\\/secure.gravatar.com\\\/avatar\\\/9471831fb0a24eae9d32d826a7cb8ef07c34a41520aca1a0ab1f5c0903ba49b9?s=96&d=mm&r=g\",\"contentUrl\":\"https:\\\/\\\/secure.gravatar.com\\\/avatar\\\/9471831fb0a24eae9d32d826a7cb8ef07c34a41520aca1a0ab1f5c0903ba49b9?s=96&d=mm&r=g\",\"caption\":\"Fernanda Hern\u00e1ndez\"},\"description\":\"Reportera y redactora en Centro Urbano. Soy egresada de la licenciatura en Ciencias de la Comunicaci\u00f3n de la Facultad de Ciencias Pol\u00edticas y Sociales (UNAM). Me interesa la cultura, el urbanismo y la arquitectura. Amante del mundo digital, el cine, la m\u00fasica, la lectura y la escritura.\",\"sameAs\":[\"https:\\\/\\\/x.com\\\/https:\\\/\\\/twitter.com\\\/Nannz_Hernandez\"],\"url\":\"https:\\\/\\\/centrourbano.com\\\/revista\\\/author\\\/fernanda-hernandez\\\/\"}]}<\/script>\n<!-- \/ Yoast SEO plugin. -->","yoast_head_json":{"title":"Centro Cultural del Bosque celebra su 58 aniversario","description":"El Centro Cultural del Bosque, dise\u00f1ado por Pedro Ram\u00edrez V\u00e1zquez y Ramiro Gonz\u00e1lez Delsordo, alberga a las oficinas del INBAL","robots":{"index":"index","follow":"follow","max-snippet":"max-snippet:-1","max-image-preview":"max-image-preview:large","max-video-preview":"max-video-preview:-1"},"canonical":"https:\/\/centrourbano.com\/revista\/arquitectura-2\/centro-cultural-bosque-58-aniversario\/","og_locale":"es_ES","og_type":"article","og_title":"Centro Cultural del Bosque celebra su 58 aniversario","og_description":"El Centro Cultural del Bosque, dise\u00f1ado por Pedro Ram\u00edrez V\u00e1zquez y Ramiro Gonz\u00e1lez Delsordo, alberga a las oficinas del INBAL","og_url":"https:\/\/centrourbano.com\/revista\/arquitectura-2\/centro-cultural-bosque-58-aniversario\/","og_site_name":"Centro Urbano","article_publisher":"https:\/\/www.facebook.com\/portalcentrourbano","article_published_time":"2020-07-22T13:00:15+00:00","article_modified_time":"2020-07-22T15:41:06+00:00","og_image":[{"width":800,"height":431,"url":"https:\/\/centrourbano.com\/revista\/wp-content\/uploads\/Centro-Cultural-del-Bosque-celebra-su-58-aniversario.jpg","type":"image\/jpeg"}],"author":"Fernanda Hern\u00e1ndez","twitter_card":"summary_large_image","twitter_creator":"@https:\/\/twitter.com\/Nannz_Hernandez","twitter_site":"@CentroUrbano","twitter_misc":{"Escrito por":"Fernanda Hern\u00e1ndez","Tiempo de lectura":"2 minutos"},"schema":{"@context":"https:\/\/schema.org","@graph":[{"@type":"Article","@id":"https:\/\/centrourbano.com\/revista\/arquitectura-2\/centro-cultural-bosque-58-aniversario\/#article","isPartOf":{"@id":"https:\/\/centrourbano.com\/revista\/arquitectura-2\/centro-cultural-bosque-58-aniversario\/"},"author":{"name":"Fernanda Hern\u00e1ndez","@id":"https:\/\/centrourbano.com\/revista\/#\/schema\/person\/b190b20bbbceb41ec72278c546fa8df3"},"headline":"Centro Cultural del Bosque celebra su 58 aniversario","datePublished":"2020-07-22T13:00:15+00:00","dateModified":"2020-07-22T15:41:06+00:00","mainEntityOfPage":{"@id":"https:\/\/centrourbano.com\/revista\/arquitectura-2\/centro-cultural-bosque-58-aniversario\/"},"wordCount":421,"commentCount":0,"publisher":{"@id":"https:\/\/centrourbano.com\/revista\/#organization"},"image":{"@id":"https:\/\/centrourbano.com\/revista\/arquitectura-2\/centro-cultural-bosque-58-aniversario\/#primaryimage"},"thumbnailUrl":"https:\/\/centrourbano.com\/revista\/wp-content\/uploads\/Centro-Cultural-del-Bosque-celebra-su-58-aniversario.jpg","keywords":["arquitectura","Centro Cultural del Bosque","Cultura","danza","INBAL","Teatro"],"articleSection":["Actualidad","Arquitectura"],"inLanguage":"es","potentialAction":[{"@type":"CommentAction","name":"Comment","target":["https:\/\/centrourbano.com\/revista\/arquitectura-2\/centro-cultural-bosque-58-aniversario\/#respond"]}]},{"@type":"WebPage","@id":"https:\/\/centrourbano.com\/revista\/arquitectura-2\/centro-cultural-bosque-58-aniversario\/","url":"https:\/\/centrourbano.com\/revista\/arquitectura-2\/centro-cultural-bosque-58-aniversario\/","name":"Centro Cultural del Bosque celebra su 58 aniversario","isPartOf":{"@id":"https:\/\/centrourbano.com\/revista\/#website"},"primaryImageOfPage":{"@id":"https:\/\/centrourbano.com\/revista\/arquitectura-2\/centro-cultural-bosque-58-aniversario\/#primaryimage"},"image":{"@id":"https:\/\/centrourbano.com\/revista\/arquitectura-2\/centro-cultural-bosque-58-aniversario\/#primaryimage"},"thumbnailUrl":"https:\/\/centrourbano.com\/revista\/wp-content\/uploads\/Centro-Cultural-del-Bosque-celebra-su-58-aniversario.jpg","datePublished":"2020-07-22T13:00:15+00:00","dateModified":"2020-07-22T15:41:06+00:00","description":"El Centro Cultural del Bosque, dise\u00f1ado por Pedro Ram\u00edrez V\u00e1zquez y Ramiro Gonz\u00e1lez Delsordo, alberga a las oficinas del INBAL","breadcrumb":{"@id":"https:\/\/centrourbano.com\/revista\/arquitectura-2\/centro-cultural-bosque-58-aniversario\/#breadcrumb"},"inLanguage":"es","potentialAction":[{"@type":"ReadAction","target":["https:\/\/centrourbano.com\/revista\/arquitectura-2\/centro-cultural-bosque-58-aniversario\/"]}]},{"@type":"ImageObject","inLanguage":"es","@id":"https:\/\/centrourbano.com\/revista\/arquitectura-2\/centro-cultural-bosque-58-aniversario\/#primaryimage","url":"https:\/\/centrourbano.com\/revista\/wp-content\/uploads\/Centro-Cultural-del-Bosque-celebra-su-58-aniversario.jpg","contentUrl":"https:\/\/centrourbano.com\/revista\/wp-content\/uploads\/Centro-Cultural-del-Bosque-celebra-su-58-aniversario.jpg","width":800,"height":431,"caption":"Dentro del Centro Cultural se encuentra la Escuela Nacional de Danza Folkl\u00f3rica y oficinas del INBAL; as\u00ed como una librer\u00eda y salones de ensayo de la CNT"},{"@type":"BreadcrumbList","@id":"https:\/\/centrourbano.com\/revista\/arquitectura-2\/centro-cultural-bosque-58-aniversario\/#breadcrumb","itemListElement":[{"@type":"ListItem","position":1,"name":"Portada","item":"https:\/\/centrourbano.com\/revista\/"},{"@type":"ListItem","position":2,"name":"Centro Cultural del Bosque celebra su 58 aniversario"}]},{"@type":"WebSite","@id":"https:\/\/centrourbano.com\/revista\/#website","url":"https:\/\/centrourbano.com\/revista\/","name":"Centro Urbano","description":"Medio especializado en los sectores vivienda, inmobiliario, construcci\u00f3n, arquitectura y urbanismo.","publisher":{"@id":"https:\/\/centrourbano.com\/revista\/#organization"},"potentialAction":[{"@type":"SearchAction","target":{"@type":"EntryPoint","urlTemplate":"https:\/\/centrourbano.com\/revista\/?s={search_term_string}"},"query-input":{"@type":"PropertyValueSpecification","valueRequired":true,"valueName":"search_term_string"}}],"inLanguage":"es"},{"@type":"Organization","@id":"https:\/\/centrourbano.com\/revista\/#organization","name":"Centro Urbano","url":"https:\/\/centrourbano.com\/revista\/","logo":{"@type":"ImageObject","inLanguage":"es","@id":"https:\/\/centrourbano.com\/revista\/#\/schema\/logo\/image\/","url":"https:\/\/centrourbano.com\/revista\/wp-content\/uploads\/web_CU_logo-1.png","contentUrl":"https:\/\/centrourbano.com\/revista\/wp-content\/uploads\/web_CU_logo-1.png","width":350,"height":91,"caption":"Centro Urbano"},"image":{"@id":"https:\/\/centrourbano.com\/revista\/#\/schema\/logo\/image\/"},"sameAs":["https:\/\/www.facebook.com\/portalcentrourbano","https:\/\/x.com\/CentroUrbano","https:\/\/www.instagram.com\/centro_urbano\/","https:\/\/www.linkedin.com\/company\/centro-urbano\/","http:\/\/www.youtube.com\/user\/portalcentrourbano"]},{"@type":"Person","@id":"https:\/\/centrourbano.com\/revista\/#\/schema\/person\/b190b20bbbceb41ec72278c546fa8df3","name":"Fernanda Hern\u00e1ndez","image":{"@type":"ImageObject","inLanguage":"es","@id":"https:\/\/secure.gravatar.com\/avatar\/9471831fb0a24eae9d32d826a7cb8ef07c34a41520aca1a0ab1f5c0903ba49b9?s=96&d=mm&r=g","url":"https:\/\/secure.gravatar.com\/avatar\/9471831fb0a24eae9d32d826a7cb8ef07c34a41520aca1a0ab1f5c0903ba49b9?s=96&d=mm&r=g","contentUrl":"https:\/\/secure.gravatar.com\/avatar\/9471831fb0a24eae9d32d826a7cb8ef07c34a41520aca1a0ab1f5c0903ba49b9?s=96&d=mm&r=g","caption":"Fernanda Hern\u00e1ndez"},"description":"Reportera y redactora en Centro Urbano. Soy egresada de la licenciatura en Ciencias de la Comunicaci\u00f3n de la Facultad de Ciencias Pol\u00edticas y Sociales (UNAM). Me interesa la cultura, el urbanismo y la arquitectura. Amante del mundo digital, el cine, la m\u00fasica, la lectura y la escritura.","sameAs":["https:\/\/x.com\/https:\/\/twitter.com\/Nannz_Hernandez"],"url":"https:\/\/centrourbano.com\/revista\/author\/fernanda-hernandez\/"}]}},"_links":{"self":[{"href":"https:\/\/centrourbano.com\/revista\/wp-json\/wp\/v2\/posts\/109547","targetHints":{"allow":["GET"]}}],"collection":[{"href":"https:\/\/centrourbano.com\/revista\/wp-json\/wp\/v2\/posts"}],"about":[{"href":"https:\/\/centrourbano.com\/revista\/wp-json\/wp\/v2\/types\/post"}],"author":[{"embeddable":true,"href":"https:\/\/centrourbano.com\/revista\/wp-json\/wp\/v2\/users\/73"}],"replies":[{"embeddable":true,"href":"https:\/\/centrourbano.com\/revista\/wp-json\/wp\/v2\/comments?post=109547"}],"version-history":[{"count":3,"href":"https:\/\/centrourbano.com\/revista\/wp-json\/wp\/v2\/posts\/109547\/revisions"}],"predecessor-version":[{"id":109598,"href":"https:\/\/centrourbano.com\/revista\/wp-json\/wp\/v2\/posts\/109547\/revisions\/109598"}],"wp:featuredmedia":[{"embeddable":true,"href":"https:\/\/centrourbano.com\/revista\/wp-json\/wp\/v2\/media\/109548"}],"wp:attachment":[{"href":"https:\/\/centrourbano.com\/revista\/wp-json\/wp\/v2\/media?parent=109547"}],"wp:term":[{"taxonomy":"category","embeddable":true,"href":"https:\/\/centrourbano.com\/revista\/wp-json\/wp\/v2\/categories?post=109547"},{"taxonomy":"post_tag","embeddable":true,"href":"https:\/\/centrourbano.com\/revista\/wp-json\/wp\/v2\/tags?post=109547"}],"curies":[{"name":"wp","href":"https:\/\/api.w.org\/{rel}","templated":true}]}}