{"id":109318,"date":"2020-07-16T08:10:00","date_gmt":"2020-07-16T13:10:00","guid":{"rendered":"https:\/\/centrourbano.com\/?p=109318"},"modified":"2020-07-16T12:19:51","modified_gmt":"2020-07-16T17:19:51","slug":"destacan-construccion-de-caminos-para-incentivar-competitividad-del-pais","status":"publish","type":"post","link":"https:\/\/centrourbano.com\/revista\/construccion\/destacan-construccion-de-caminos-para-incentivar-competitividad-del-pais\/","title":{"rendered":"Destacan construcci\u00f3n de caminos para incentivar competitividad del pa\u00eds"},"content":{"rendered":"<p><em>La SCT explic\u00f3 que a trav\u00e9s del programa de Conservaci\u00f3n y Reconstrucci\u00f3n de Caminos Rurales y Alimentadores se invierten 4,400 mdp en 1,150 obras<\/em><\/p>\n<p><!--more--><\/p>\n<p>En el marco de la exposici\u00f3n de los programas de bienestar del gobierno federal, la <a href=\"https:\/\/twitter.com\/SCT_mx\"><strong>Secretar\u00eda de Comunicaciones y Transportes (SCT)<\/strong>,<\/a> a trav\u00e9s del secretario Javier Jim\u00e9nez Espri\u00fa, expuso la relevancia que tiene el <strong>Programa de Construcci\u00f3n, Modernizaci\u00f3n y Conservaci\u00f3n de Caminos Rurales y Alimentadores<\/strong> para fomentar la competitividad y desarrollo del pa\u00eds.<\/p>\n<p>En ese sentido el director general de Carreteras, Francisco Ra\u00fal Chavoya C\u00e1rdenas explic\u00f3 que en este programa se han generado los siguientes n\u00fameros:<\/p>\n<ul>\n<li>Obras: 1,150 (33.4 km en 2020)<\/li>\n<li><strong>Presupuesto: 4,400 millones de pesos (854.5 mdp en 2020)<\/strong><\/li>\n<li>Empleos: 10,031 (1448 en 2020)<\/li>\n<\/ul>\n<p>Cabe mencionar que, seg\u00fan el directivo, los objetivos centrales, adem\u00e1s de abrir la conectividad, son los de disminuir los <strong>tiempos de recorrido<\/strong> y <strong>aumentar la seguridad<\/strong> en los traslados.<\/p>\n<p>As\u00ed mismo, destac\u00f3 la importancia que tienen estos caminos como conectores de comunidades con la salud, la educaci\u00f3n, la cultura, el comercio y otros servicios.<\/p>\n<p>El secretario record\u00f3 que en 1925 se cre\u00f3 la <strong>Comisi\u00f3n Nacional de Caminos<\/strong> que se encarg\u00f3 de desarrollar las carreteras del pa\u00eds y que, a la fecha, lleva cerca de 408,000 kil\u00f3metros.<\/p>\n<h3>Caminos ferroviarios<\/h3>\n<p>A prop\u00f3sito de caminos, en la conferencia se toc\u00f3 el tema de el regreso de los trenes de pasajeros al pa\u00eds como un modo de transporte interregional. En ese tenor, dio cuenta de algunos de los proyectos que ya est\u00e1n en la mesa o en an\u00e1lisis t\u00e9cnicos para su posterior lanzamiento de licitaci\u00f3n, as\u00ed como de algunos ya avanzados.<\/p>\n<p>Adelant\u00f3 que <strong>este mismo a\u00f1o se estar\u00eda lanzando una licitaci\u00f3n<\/strong> para la construcci\u00f3n de un <strong>tren<\/strong> de pasajeros en la v\u00eda <strong>M\u00e9xico-Quer\u00e9taro-Le\u00f3n<\/strong>. As\u00ed mismo, abund\u00f3 en que hay proyectos para realizar una <strong>conexi\u00f3n ferroviaria entre las ciudades de Guadalajara y Aguascalientes<\/strong>.<\/p>\n<p>A nivel metropolitano, record\u00f3 que el <strong>Tren Interurbano M\u00e9xico-Toluca, al poniente de la capital, presenta un avance del 80%<\/strong> y que, en el transcurso de los pr\u00f3ximos dos a\u00f1os se estar\u00eda completando.<\/p>\n<p>Tambi\u00e9n refiri\u00f3 que en el lado oriente del Valle de M\u00e9xico se construir\u00e1 un <strong>tren suburbano<\/strong> que conecte <strong>Santa Martha con la regi\u00f3n de Chalco<\/strong>, Estado de M\u00e9xico.<\/p>\n","protected":false},"excerpt":{"rendered":"<p>La SCT explic\u00f3 que a trav\u00e9s del programa de Conservaci\u00f3n y Reconstrucci\u00f3n de Caminos Rurales y Alimentadores se invierten 4,400 mdp en 1,150 obras<\/p>\n","protected":false},"author":75,"featured_media":109330,"comment_status":"open","ping_status":"closed","sticky":false,"template":"","format":"standard","meta":{"om_disable_all_campaigns":false,"inline_featured_image":false,"_monsterinsights_skip_tracking":false,"_monsterinsights_sitenote_active":false,"_monsterinsights_sitenote_note":"","_monsterinsights_sitenote_category":0,"footnotes":""},"categories":[14],"tags":[7803,1569,19020,2284,19019,1174,460,4180,2387,29,692,1172,4065,594],"class_list":["post-109318","post","type-post","status-publish","format-standard","has-post-thumbnail","hentry","category-construccion","tag-caminos","tag-caminos-rurales","tag-comision-nacional-de-caminos","tag-conservacion","tag-construccion-de-caminos","tag-licitacion","tag-mexico-queretaro","tag-obras-publicas","tag-reconstruccion","tag-sct","tag-tren-de-pasajeros","tag-tren-interurbano","tag-tren-suburbano","tag-trenes"],"yoast_head":"<!-- This site is optimized with the Yoast SEO plugin v27.5 - https:\/\/yoast.com\/product\/yoast-seo-wordpress\/ -->\n<title>Destacan construcci\u00f3n de caminos para incentivar competitividad del pa\u00eds<\/title>\n<meta name=\"description\" content=\"La SCT explic\u00f3 que a trav\u00e9s del programa de Conservaci\u00f3n y Reconstrucci\u00f3n de Caminos Rurales y Alimentadores se invierten 4,400 mdp en 1,150 obras\" \/>\n<meta name=\"robots\" content=\"index, follow, max-snippet:-1, max-image-preview:large, max-video-preview:-1\" \/>\n<link rel=\"canonical\" href=\"https:\/\/centrourbano.com\/revista\/construccion\/destacan-construccion-de-caminos-para-incentivar-competitividad-del-pais\/\" \/>\n<meta property=\"og:locale\" content=\"es_ES\" \/>\n<meta property=\"og:type\" content=\"article\" \/>\n<meta property=\"og:title\" content=\"Destacan construcci\u00f3n de caminos para incentivar competitividad del pa\u00eds\" \/>\n<meta property=\"og:description\" content=\"La SCT explic\u00f3 que a trav\u00e9s del programa de Conservaci\u00f3n y Reconstrucci\u00f3n de Caminos Rurales y Alimentadores se invierten 4,400 mdp en 1,150 obras\" \/>\n<meta property=\"og:url\" content=\"https:\/\/centrourbano.com\/revista\/construccion\/destacan-construccion-de-caminos-para-incentivar-competitividad-del-pais\/\" \/>\n<meta property=\"og:site_name\" content=\"Centro Urbano\" \/>\n<meta property=\"article:publisher\" content=\"https:\/\/www.facebook.com\/portalcentrourbano\" \/>\n<meta property=\"article:published_time\" content=\"2020-07-16T13:10:00+00:00\" \/>\n<meta property=\"article:modified_time\" content=\"2020-07-16T17:19:51+00:00\" \/>\n<meta property=\"og:image\" content=\"https:\/\/centrourbano.com\/revista\/wp-content\/uploads\/Construccio\u0301n-de-carreteras.jpg\" \/>\n\t<meta property=\"og:image:width\" content=\"800\" \/>\n\t<meta property=\"og:image:height\" content=\"600\" \/>\n\t<meta property=\"og:image:type\" content=\"image\/jpeg\" \/>\n<meta name=\"author\" content=\"Antonio Garc\u00eda\" \/>\n<meta name=\"twitter:card\" content=\"summary_large_image\" \/>\n<meta name=\"twitter:creator\" content=\"@https:\/\/twitter.com\/TGarper\" \/>\n<meta name=\"twitter:site\" content=\"@CentroUrbano\" \/>\n<meta name=\"twitter:label1\" content=\"Escrito por\" \/>\n\t<meta name=\"twitter:data1\" content=\"Antonio Garc\u00eda\" \/>\n\t<meta name=\"twitter:label2\" content=\"Tiempo de lectura\" \/>\n\t<meta name=\"twitter:data2\" content=\"2 minutos\" \/>\n<script type=\"application\/ld+json\" class=\"yoast-schema-graph\">{\"@context\":\"https:\\\/\\\/schema.org\",\"@graph\":[{\"@type\":\"Article\",\"@id\":\"https:\\\/\\\/centrourbano.com\\\/revista\\\/construccion\\\/destacan-construccion-de-caminos-para-incentivar-competitividad-del-pais\\\/#article\",\"isPartOf\":{\"@id\":\"https:\\\/\\\/centrourbano.com\\\/revista\\\/construccion\\\/destacan-construccion-de-caminos-para-incentivar-competitividad-del-pais\\\/\"},\"author\":{\"name\":\"Antonio Garc\u00eda\",\"@id\":\"https:\\\/\\\/centrourbano.com\\\/revista\\\/#\\\/schema\\\/person\\\/d12ede3164a0881bab68f5868d5dfe8c\"},\"headline\":\"Destacan construcci\u00f3n de caminos para incentivar competitividad del pa\u00eds\",\"datePublished\":\"2020-07-16T13:10:00+00:00\",\"dateModified\":\"2020-07-16T17:19:51+00:00\",\"mainEntityOfPage\":{\"@id\":\"https:\\\/\\\/centrourbano.com\\\/revista\\\/construccion\\\/destacan-construccion-de-caminos-para-incentivar-competitividad-del-pais\\\/\"},\"wordCount\":408,\"commentCount\":0,\"publisher\":{\"@id\":\"https:\\\/\\\/centrourbano.com\\\/revista\\\/#organization\"},\"image\":{\"@id\":\"https:\\\/\\\/centrourbano.com\\\/revista\\\/construccion\\\/destacan-construccion-de-caminos-para-incentivar-competitividad-del-pais\\\/#primaryimage\"},\"thumbnailUrl\":\"https:\\\/\\\/centrourbano.com\\\/revista\\\/wp-content\\\/uploads\\\/Construccio\u0301n-de-carreteras.jpg\",\"keywords\":[\"Caminos\",\"caminos rurales\",\"Comisi\u00f3n Nacional de Caminos\",\"Conservaci\u00f3n\",\"construcci\u00f3n de caminos\",\"licitaci\u00f3n\",\"M\u00e9xico-Quer\u00e9taro\",\"obras p\u00fablicas\",\"reconstrucci\u00f3n\",\"SCT\",\"tren de pasajeros\",\"tren interurbano\",\"Tren Suburbano\",\"trenes\"],\"articleSection\":[\"Construcci\u00f3n\"],\"inLanguage\":\"es\",\"potentialAction\":[{\"@type\":\"CommentAction\",\"name\":\"Comment\",\"target\":[\"https:\\\/\\\/centrourbano.com\\\/revista\\\/construccion\\\/destacan-construccion-de-caminos-para-incentivar-competitividad-del-pais\\\/#respond\"]}]},{\"@type\":\"WebPage\",\"@id\":\"https:\\\/\\\/centrourbano.com\\\/revista\\\/construccion\\\/destacan-construccion-de-caminos-para-incentivar-competitividad-del-pais\\\/\",\"url\":\"https:\\\/\\\/centrourbano.com\\\/revista\\\/construccion\\\/destacan-construccion-de-caminos-para-incentivar-competitividad-del-pais\\\/\",\"name\":\"Destacan construcci\u00f3n de caminos para incentivar competitividad del pa\u00eds\",\"isPartOf\":{\"@id\":\"https:\\\/\\\/centrourbano.com\\\/revista\\\/#website\"},\"primaryImageOfPage\":{\"@id\":\"https:\\\/\\\/centrourbano.com\\\/revista\\\/construccion\\\/destacan-construccion-de-caminos-para-incentivar-competitividad-del-pais\\\/#primaryimage\"},\"image\":{\"@id\":\"https:\\\/\\\/centrourbano.com\\\/revista\\\/construccion\\\/destacan-construccion-de-caminos-para-incentivar-competitividad-del-pais\\\/#primaryimage\"},\"thumbnailUrl\":\"https:\\\/\\\/centrourbano.com\\\/revista\\\/wp-content\\\/uploads\\\/Construccio\u0301n-de-carreteras.jpg\",\"datePublished\":\"2020-07-16T13:10:00+00:00\",\"dateModified\":\"2020-07-16T17:19:51+00:00\",\"description\":\"La SCT explic\u00f3 que a trav\u00e9s del programa de Conservaci\u00f3n y Reconstrucci\u00f3n de Caminos Rurales y Alimentadores se invierten 4,400 mdp en 1,150 obras\",\"breadcrumb\":{\"@id\":\"https:\\\/\\\/centrourbano.com\\\/revista\\\/construccion\\\/destacan-construccion-de-caminos-para-incentivar-competitividad-del-pais\\\/#breadcrumb\"},\"inLanguage\":\"es\",\"potentialAction\":[{\"@type\":\"ReadAction\",\"target\":[\"https:\\\/\\\/centrourbano.com\\\/revista\\\/construccion\\\/destacan-construccion-de-caminos-para-incentivar-competitividad-del-pais\\\/\"]}]},{\"@type\":\"ImageObject\",\"inLanguage\":\"es\",\"@id\":\"https:\\\/\\\/centrourbano.com\\\/revista\\\/construccion\\\/destacan-construccion-de-caminos-para-incentivar-competitividad-del-pais\\\/#primaryimage\",\"url\":\"https:\\\/\\\/centrourbano.com\\\/revista\\\/wp-content\\\/uploads\\\/Construccio\u0301n-de-carreteras.jpg\",\"contentUrl\":\"https:\\\/\\\/centrourbano.com\\\/revista\\\/wp-content\\\/uploads\\\/Construccio\u0301n-de-carreteras.jpg\",\"width\":800,\"height\":600},{\"@type\":\"BreadcrumbList\",\"@id\":\"https:\\\/\\\/centrourbano.com\\\/revista\\\/construccion\\\/destacan-construccion-de-caminos-para-incentivar-competitividad-del-pais\\\/#breadcrumb\",\"itemListElement\":[{\"@type\":\"ListItem\",\"position\":1,\"name\":\"Portada\",\"item\":\"https:\\\/\\\/centrourbano.com\\\/revista\\\/\"},{\"@type\":\"ListItem\",\"position\":2,\"name\":\"Destacan construcci\u00f3n de caminos para incentivar competitividad del pa\u00eds\"}]},{\"@type\":\"WebSite\",\"@id\":\"https:\\\/\\\/centrourbano.com\\\/revista\\\/#website\",\"url\":\"https:\\\/\\\/centrourbano.com\\\/revista\\\/\",\"name\":\"Centro Urbano\",\"description\":\"Medio especializado en los sectores vivienda, inmobiliario, construcci\u00f3n, arquitectura y urbanismo.\",\"publisher\":{\"@id\":\"https:\\\/\\\/centrourbano.com\\\/revista\\\/#organization\"},\"potentialAction\":[{\"@type\":\"SearchAction\",\"target\":{\"@type\":\"EntryPoint\",\"urlTemplate\":\"https:\\\/\\\/centrourbano.com\\\/revista\\\/?s={search_term_string}\"},\"query-input\":{\"@type\":\"PropertyValueSpecification\",\"valueRequired\":true,\"valueName\":\"search_term_string\"}}],\"inLanguage\":\"es\"},{\"@type\":\"Organization\",\"@id\":\"https:\\\/\\\/centrourbano.com\\\/revista\\\/#organization\",\"name\":\"Centro Urbano\",\"url\":\"https:\\\/\\\/centrourbano.com\\\/revista\\\/\",\"logo\":{\"@type\":\"ImageObject\",\"inLanguage\":\"es\",\"@id\":\"https:\\\/\\\/centrourbano.com\\\/revista\\\/#\\\/schema\\\/logo\\\/image\\\/\",\"url\":\"https:\\\/\\\/centrourbano.com\\\/revista\\\/wp-content\\\/uploads\\\/web_CU_logo-1.png\",\"contentUrl\":\"https:\\\/\\\/centrourbano.com\\\/revista\\\/wp-content\\\/uploads\\\/web_CU_logo-1.png\",\"width\":350,\"height\":91,\"caption\":\"Centro Urbano\"},\"image\":{\"@id\":\"https:\\\/\\\/centrourbano.com\\\/revista\\\/#\\\/schema\\\/logo\\\/image\\\/\"},\"sameAs\":[\"https:\\\/\\\/www.facebook.com\\\/portalcentrourbano\",\"https:\\\/\\\/x.com\\\/CentroUrbano\",\"https:\\\/\\\/www.instagram.com\\\/centro_urbano\\\/\",\"https:\\\/\\\/www.linkedin.com\\\/company\\\/centro-urbano\\\/\",\"http:\\\/\\\/www.youtube.com\\\/user\\\/portalcentrourbano\"]},{\"@type\":\"Person\",\"@id\":\"https:\\\/\\\/centrourbano.com\\\/revista\\\/#\\\/schema\\\/person\\\/d12ede3164a0881bab68f5868d5dfe8c\",\"name\":\"Antonio Garc\u00eda\",\"image\":{\"@type\":\"ImageObject\",\"inLanguage\":\"es\",\"@id\":\"https:\\\/\\\/secure.gravatar.com\\\/avatar\\\/68b7fcfc82d16a702310836698db1d823c3fb3b28e1f0938164455de47d96d82?s=96&d=mm&r=g\",\"url\":\"https:\\\/\\\/secure.gravatar.com\\\/avatar\\\/68b7fcfc82d16a702310836698db1d823c3fb3b28e1f0938164455de47d96d82?s=96&d=mm&r=g\",\"contentUrl\":\"https:\\\/\\\/secure.gravatar.com\\\/avatar\\\/68b7fcfc82d16a702310836698db1d823c3fb3b28e1f0938164455de47d96d82?s=96&d=mm&r=g\",\"caption\":\"Antonio Garc\u00eda\"},\"description\":\"Integrante del equipo editorial en Centro Urbano. Egresado de la carrera de Econom\u00eda (preespecialidad en Desarrollo Regional) en el IPN y de Matem\u00e1ticas Aplicadas y Computaci\u00f3n en la UNAM. Apasionado de los temas inherentes al desarrollo urbano-regional y estudios formales -e informales- sobre la ciudad y la econom\u00eda urbana.\",\"sameAs\":[\"https:\\\/\\\/www.instagram.com\\\/caminante_en_la_ciudad\\\/?hl=es-la\",\"https:\\\/\\\/x.com\\\/https:\\\/\\\/twitter.com\\\/TGarper\"],\"url\":\"https:\\\/\\\/centrourbano.com\\\/revista\\\/author\\\/antonio-garcia\\\/\"}]}<\/script>\n<!-- \/ Yoast SEO plugin. -->","yoast_head_json":{"title":"Destacan construcci\u00f3n de caminos para incentivar competitividad del pa\u00eds","description":"La SCT explic\u00f3 que a trav\u00e9s del programa de Conservaci\u00f3n y Reconstrucci\u00f3n de Caminos Rurales y Alimentadores se invierten 4,400 mdp en 1,150 obras","robots":{"index":"index","follow":"follow","max-snippet":"max-snippet:-1","max-image-preview":"max-image-preview:large","max-video-preview":"max-video-preview:-1"},"canonical":"https:\/\/centrourbano.com\/revista\/construccion\/destacan-construccion-de-caminos-para-incentivar-competitividad-del-pais\/","og_locale":"es_ES","og_type":"article","og_title":"Destacan construcci\u00f3n de caminos para incentivar competitividad del pa\u00eds","og_description":"La SCT explic\u00f3 que a trav\u00e9s del programa de Conservaci\u00f3n y Reconstrucci\u00f3n de Caminos Rurales y Alimentadores se invierten 4,400 mdp en 1,150 obras","og_url":"https:\/\/centrourbano.com\/revista\/construccion\/destacan-construccion-de-caminos-para-incentivar-competitividad-del-pais\/","og_site_name":"Centro Urbano","article_publisher":"https:\/\/www.facebook.com\/portalcentrourbano","article_published_time":"2020-07-16T13:10:00+00:00","article_modified_time":"2020-07-16T17:19:51+00:00","og_image":[{"width":800,"height":600,"url":"https:\/\/centrourbano.com\/revista\/wp-content\/uploads\/Construccio\u0301n-de-carreteras.jpg","type":"image\/jpeg"}],"author":"Antonio Garc\u00eda","twitter_card":"summary_large_image","twitter_creator":"@https:\/\/twitter.com\/TGarper","twitter_site":"@CentroUrbano","twitter_misc":{"Escrito por":"Antonio Garc\u00eda","Tiempo de lectura":"2 minutos"},"schema":{"@context":"https:\/\/schema.org","@graph":[{"@type":"Article","@id":"https:\/\/centrourbano.com\/revista\/construccion\/destacan-construccion-de-caminos-para-incentivar-competitividad-del-pais\/#article","isPartOf":{"@id":"https:\/\/centrourbano.com\/revista\/construccion\/destacan-construccion-de-caminos-para-incentivar-competitividad-del-pais\/"},"author":{"name":"Antonio Garc\u00eda","@id":"https:\/\/centrourbano.com\/revista\/#\/schema\/person\/d12ede3164a0881bab68f5868d5dfe8c"},"headline":"Destacan construcci\u00f3n de caminos para incentivar competitividad del pa\u00eds","datePublished":"2020-07-16T13:10:00+00:00","dateModified":"2020-07-16T17:19:51+00:00","mainEntityOfPage":{"@id":"https:\/\/centrourbano.com\/revista\/construccion\/destacan-construccion-de-caminos-para-incentivar-competitividad-del-pais\/"},"wordCount":408,"commentCount":0,"publisher":{"@id":"https:\/\/centrourbano.com\/revista\/#organization"},"image":{"@id":"https:\/\/centrourbano.com\/revista\/construccion\/destacan-construccion-de-caminos-para-incentivar-competitividad-del-pais\/#primaryimage"},"thumbnailUrl":"https:\/\/centrourbano.com\/revista\/wp-content\/uploads\/Construccio\u0301n-de-carreteras.jpg","keywords":["Caminos","caminos rurales","Comisi\u00f3n Nacional de Caminos","Conservaci\u00f3n","construcci\u00f3n de caminos","licitaci\u00f3n","M\u00e9xico-Quer\u00e9taro","obras p\u00fablicas","reconstrucci\u00f3n","SCT","tren de pasajeros","tren interurbano","Tren Suburbano","trenes"],"articleSection":["Construcci\u00f3n"],"inLanguage":"es","potentialAction":[{"@type":"CommentAction","name":"Comment","target":["https:\/\/centrourbano.com\/revista\/construccion\/destacan-construccion-de-caminos-para-incentivar-competitividad-del-pais\/#respond"]}]},{"@type":"WebPage","@id":"https:\/\/centrourbano.com\/revista\/construccion\/destacan-construccion-de-caminos-para-incentivar-competitividad-del-pais\/","url":"https:\/\/centrourbano.com\/revista\/construccion\/destacan-construccion-de-caminos-para-incentivar-competitividad-del-pais\/","name":"Destacan construcci\u00f3n de caminos para incentivar competitividad del pa\u00eds","isPartOf":{"@id":"https:\/\/centrourbano.com\/revista\/#website"},"primaryImageOfPage":{"@id":"https:\/\/centrourbano.com\/revista\/construccion\/destacan-construccion-de-caminos-para-incentivar-competitividad-del-pais\/#primaryimage"},"image":{"@id":"https:\/\/centrourbano.com\/revista\/construccion\/destacan-construccion-de-caminos-para-incentivar-competitividad-del-pais\/#primaryimage"},"thumbnailUrl":"https:\/\/centrourbano.com\/revista\/wp-content\/uploads\/Construccio\u0301n-de-carreteras.jpg","datePublished":"2020-07-16T13:10:00+00:00","dateModified":"2020-07-16T17:19:51+00:00","description":"La SCT explic\u00f3 que a trav\u00e9s del programa de Conservaci\u00f3n y Reconstrucci\u00f3n de Caminos Rurales y Alimentadores se invierten 4,400 mdp en 1,150 obras","breadcrumb":{"@id":"https:\/\/centrourbano.com\/revista\/construccion\/destacan-construccion-de-caminos-para-incentivar-competitividad-del-pais\/#breadcrumb"},"inLanguage":"es","potentialAction":[{"@type":"ReadAction","target":["https:\/\/centrourbano.com\/revista\/construccion\/destacan-construccion-de-caminos-para-incentivar-competitividad-del-pais\/"]}]},{"@type":"ImageObject","inLanguage":"es","@id":"https:\/\/centrourbano.com\/revista\/construccion\/destacan-construccion-de-caminos-para-incentivar-competitividad-del-pais\/#primaryimage","url":"https:\/\/centrourbano.com\/revista\/wp-content\/uploads\/Construccio\u0301n-de-carreteras.jpg","contentUrl":"https:\/\/centrourbano.com\/revista\/wp-content\/uploads\/Construccio\u0301n-de-carreteras.jpg","width":800,"height":600},{"@type":"BreadcrumbList","@id":"https:\/\/centrourbano.com\/revista\/construccion\/destacan-construccion-de-caminos-para-incentivar-competitividad-del-pais\/#breadcrumb","itemListElement":[{"@type":"ListItem","position":1,"name":"Portada","item":"https:\/\/centrourbano.com\/revista\/"},{"@type":"ListItem","position":2,"name":"Destacan construcci\u00f3n de caminos para incentivar competitividad del pa\u00eds"}]},{"@type":"WebSite","@id":"https:\/\/centrourbano.com\/revista\/#website","url":"https:\/\/centrourbano.com\/revista\/","name":"Centro Urbano","description":"Medio especializado en los sectores vivienda, inmobiliario, construcci\u00f3n, arquitectura y urbanismo.","publisher":{"@id":"https:\/\/centrourbano.com\/revista\/#organization"},"potentialAction":[{"@type":"SearchAction","target":{"@type":"EntryPoint","urlTemplate":"https:\/\/centrourbano.com\/revista\/?s={search_term_string}"},"query-input":{"@type":"PropertyValueSpecification","valueRequired":true,"valueName":"search_term_string"}}],"inLanguage":"es"},{"@type":"Organization","@id":"https:\/\/centrourbano.com\/revista\/#organization","name":"Centro Urbano","url":"https:\/\/centrourbano.com\/revista\/","logo":{"@type":"ImageObject","inLanguage":"es","@id":"https:\/\/centrourbano.com\/revista\/#\/schema\/logo\/image\/","url":"https:\/\/centrourbano.com\/revista\/wp-content\/uploads\/web_CU_logo-1.png","contentUrl":"https:\/\/centrourbano.com\/revista\/wp-content\/uploads\/web_CU_logo-1.png","width":350,"height":91,"caption":"Centro Urbano"},"image":{"@id":"https:\/\/centrourbano.com\/revista\/#\/schema\/logo\/image\/"},"sameAs":["https:\/\/www.facebook.com\/portalcentrourbano","https:\/\/x.com\/CentroUrbano","https:\/\/www.instagram.com\/centro_urbano\/","https:\/\/www.linkedin.com\/company\/centro-urbano\/","http:\/\/www.youtube.com\/user\/portalcentrourbano"]},{"@type":"Person","@id":"https:\/\/centrourbano.com\/revista\/#\/schema\/person\/d12ede3164a0881bab68f5868d5dfe8c","name":"Antonio Garc\u00eda","image":{"@type":"ImageObject","inLanguage":"es","@id":"https:\/\/secure.gravatar.com\/avatar\/68b7fcfc82d16a702310836698db1d823c3fb3b28e1f0938164455de47d96d82?s=96&d=mm&r=g","url":"https:\/\/secure.gravatar.com\/avatar\/68b7fcfc82d16a702310836698db1d823c3fb3b28e1f0938164455de47d96d82?s=96&d=mm&r=g","contentUrl":"https:\/\/secure.gravatar.com\/avatar\/68b7fcfc82d16a702310836698db1d823c3fb3b28e1f0938164455de47d96d82?s=96&d=mm&r=g","caption":"Antonio Garc\u00eda"},"description":"Integrante del equipo editorial en Centro Urbano. Egresado de la carrera de Econom\u00eda (preespecialidad en Desarrollo Regional) en el IPN y de Matem\u00e1ticas Aplicadas y Computaci\u00f3n en la UNAM. Apasionado de los temas inherentes al desarrollo urbano-regional y estudios formales -e informales- sobre la ciudad y la econom\u00eda urbana.","sameAs":["https:\/\/www.instagram.com\/caminante_en_la_ciudad\/?hl=es-la","https:\/\/x.com\/https:\/\/twitter.com\/TGarper"],"url":"https:\/\/centrourbano.com\/revista\/author\/antonio-garcia\/"}]}},"_links":{"self":[{"href":"https:\/\/centrourbano.com\/revista\/wp-json\/wp\/v2\/posts\/109318","targetHints":{"allow":["GET"]}}],"collection":[{"href":"https:\/\/centrourbano.com\/revista\/wp-json\/wp\/v2\/posts"}],"about":[{"href":"https:\/\/centrourbano.com\/revista\/wp-json\/wp\/v2\/types\/post"}],"author":[{"embeddable":true,"href":"https:\/\/centrourbano.com\/revista\/wp-json\/wp\/v2\/users\/75"}],"replies":[{"embeddable":true,"href":"https:\/\/centrourbano.com\/revista\/wp-json\/wp\/v2\/comments?post=109318"}],"version-history":[{"count":1,"href":"https:\/\/centrourbano.com\/revista\/wp-json\/wp\/v2\/posts\/109318\/revisions"}],"predecessor-version":[{"id":109325,"href":"https:\/\/centrourbano.com\/revista\/wp-json\/wp\/v2\/posts\/109318\/revisions\/109325"}],"wp:featuredmedia":[{"embeddable":true,"href":"https:\/\/centrourbano.com\/revista\/wp-json\/wp\/v2\/media\/109330"}],"wp:attachment":[{"href":"https:\/\/centrourbano.com\/revista\/wp-json\/wp\/v2\/media?parent=109318"}],"wp:term":[{"taxonomy":"category","embeddable":true,"href":"https:\/\/centrourbano.com\/revista\/wp-json\/wp\/v2\/categories?post=109318"},{"taxonomy":"post_tag","embeddable":true,"href":"https:\/\/centrourbano.com\/revista\/wp-json\/wp\/v2\/tags?post=109318"}],"curies":[{"name":"wp","href":"https:\/\/api.w.org\/{rel}","templated":true}]}}