{"id":108892,"date":"2020-07-07T10:25:59","date_gmt":"2020-07-07T15:25:59","guid":{"rendered":"https:\/\/centrourbano.com\/?p=108892"},"modified":"2020-07-07T10:25:59","modified_gmt":"2020-07-07T15:25:59","slug":"cierre-de-2-7-millones-de-empresas-costaria-8-5-millones-de-empleos-en-al","status":"publish","type":"post","link":"https:\/\/centrourbano.com\/revista\/actualidad\/cierre-de-2-7-millones-de-empresas-costaria-8-5-millones-de-empleos-en-al\/","title":{"rendered":"Potencial cierre de 2.7 millones de empresas costar\u00eda 8.5 millones de empleos en AL"},"content":{"rendered":"<p><em>Las proyecciones de la Cepal reconocen que en el sector del turismo se perder\u00edan hasta 290,000 empresas y 1 mill\u00f3n de plazas laborales<\/em><\/p>\n<p><!--more--><\/p>\n<p>La <strong><a href=\"https:\/\/twitter.com\/cepal_onu\">Comisi\u00f3n Econ\u00f3mica para Am\u00e9rica Latina y el Caribe (Cepal)<\/a><\/strong> dio a conocer, a trav\u00e9s de un informe t\u00e9cnico, las afectaciones econ\u00f3micas que la pandemia de Covid-19 dejar\u00e1 en algunos sectores puntuales de las econom\u00edas de los pa\u00edses de la regi\u00f3n, incluido M\u00e9xico.<\/p>\n<p>Entre las <a href=\"https:\/\/centrourbano.com\/2020\/07\/01\/abril-y-mayo-meses-mas-criticos-en-materia-de-perdida-de-empleos\/\">actividades m\u00e1s afectadas<\/a>, se\u00f1alaron las siguientes:<\/p>\n<ul>\n<li>El comercio mayorista y minorista<\/li>\n<li>Las actividades comunitarias sociales y personales<\/li>\n<li><strong>Los hoteles y restaurantes<\/strong><\/li>\n<li><strong>Las actividades inmobiliarias<\/strong><\/li>\n<li><strong>Empresariales y de alquiler<\/strong><\/li>\n<li><strong>Las manufacturas<\/strong><\/li>\n<\/ul>\n<p><strong>Hasta la primer semana de junio de 2020<\/strong>, los <strong>sectores empresariales m\u00e1s afectados<\/strong> fueron las <strong>micro y peque\u00f1as empresas<\/strong>. En t\u00e9rminos cuantitativos, <strong>Cepal estim\u00f3 que 2.7 millones de empresas formales de la regi\u00f3n tendr\u00edan que cerrar;<\/strong> de este n\u00famero, <strong>2.6 millones ser\u00edan microempresas<\/strong>.<\/p>\n<p>Estas empresas, contin\u00faa el reporte, <strong>dejar\u00edan de proveer 8.5 millones de fuentes de empleo<\/strong>. Cabe precisar que esta cifra no contempla las reducciones de empleos en los negocios que sigan operando.<\/p>\n<p>A nivel sectorial, Cepal proyect\u00f3 que en el rubro de comercio se perder\u00e1n 1.4 millones de empresas y 4 millones de puestos formales. El sector del turismo perder\u00e1 290,000 empresas y 1 mill\u00f3n de puestos de trabajo.<\/p>\n<h3>Retroceso de grandes dimensiones<\/h3>\n<p>Alicia B\u00e1rcena revis\u00f3 el panorama que plantea una crisis en los sectores industriales con mayor potencial tecnol\u00f3gico, como califico a las industrias m\u00e1s afectadas. Esto puede traer como consecuencia un retroceso estructural que devuelva \u201ca los pa\u00edses de la regi\u00f3n a una fase de econom\u00edas primarias\u201d.<\/p>\n<p>En aras de detener este panorama abrumador, la Comisi\u00f3n subcontinental propuso medidas que se articulan en 4 categor\u00edas, a saber:<\/p>\n<ol>\n<li><strong>Manejo de la liquidez<\/strong>. En este rubro la Cepal sugiere como l\u00edneas de acci\u00f3n la <strong>ampliaci\u00f3n de plazos<\/strong> e intervenciones en materia de financiamiento a las empresas.<\/li>\n<li><strong>N\u00f3mina salarial<\/strong> de las empresas. La sugerencia es <strong>cofinanciar<\/strong> los gastos salariales durante medio a\u00f1o.<\/li>\n<li><strong>Trabajadores aut\u00f3nomos<\/strong>. La gesti\u00f3n financiera para este tipo de trabajadores, seg\u00fan la Cepal debe hacerse a trav\u00e9s de <strong>transferencias directas<\/strong>.<\/li>\n<li><strong>Apoyo a la empresa<\/strong>. Desde el aparato gubernamental se sugiere <strong>apoyar a las grandes empresas de sectores estrat\u00e9gicos<\/strong> gravemente afectados por la crisis.<\/li>\n<\/ol>\n","protected":false},"excerpt":{"rendered":"<p>Las proyecciones de la Cepal reconocen que en el sector del turismo se perder\u00edan hasta 290,000 empresas y 1 mill\u00f3n de plazas laborales<\/p>\n","protected":false},"author":75,"featured_media":108893,"comment_status":"open","ping_status":"closed","sticky":false,"template":"","format":"standard","meta":{"om_disable_all_campaigns":false,"inline_featured_image":false,"_monsterinsights_skip_tracking":false,"_monsterinsights_sitenote_active":false,"_monsterinsights_sitenote_note":"","_monsterinsights_sitenote_category":0,"footnotes":""},"categories":[80,17827],"tags":[18920,2037,18919,2586,3129,18918,17678,18921,13785,17777],"class_list":["post-108892","post","type-post","status-publish","format-standard","has-post-thumbnail","hentry","category-actualidad","category-cobertura-covid-19","tag-afectaciones-economicas","tag-cepal","tag-cierre-de-empresas","tag-comercios","tag-empresas","tag-empresas-comerciales","tag-empresas-turisticas","tag-microempresas","tag-mipymes","tag-pandemia"],"yoast_head":"<!-- This site is optimized with the Yoast SEO plugin v27.4 - https:\/\/yoast.com\/product\/yoast-seo-wordpress\/ -->\n<title>Cierre de 2.7 millones de empresas implicar\u00eda 8.5 millones de empleos en AL<\/title>\n<meta name=\"description\" content=\"Las proyecciones de la Cepal reconocen que en el sector del turismo se perder\u00edan hasta 290,000 empresas y 1 mill\u00f3n de plazas laborales\" \/>\n<meta name=\"robots\" content=\"index, follow, max-snippet:-1, max-image-preview:large, max-video-preview:-1\" \/>\n<link rel=\"canonical\" href=\"https:\/\/centrourbano.com\/revista\/actualidad\/cierre-de-2-7-millones-de-empresas-costaria-8-5-millones-de-empleos-en-al\/\" \/>\n<meta property=\"og:locale\" content=\"es_ES\" \/>\n<meta property=\"og:type\" content=\"article\" \/>\n<meta property=\"og:title\" content=\"Cierre de 2.7 millones de empresas implicar\u00eda 8.5 millones de empleos en AL\" \/>\n<meta property=\"og:description\" content=\"Las proyecciones de la Cepal reconocen que en el sector del turismo se perder\u00edan hasta 290,000 empresas y 1 mill\u00f3n de plazas laborales\" \/>\n<meta property=\"og:url\" content=\"https:\/\/centrourbano.com\/revista\/actualidad\/cierre-de-2-7-millones-de-empresas-costaria-8-5-millones-de-empleos-en-al\/\" \/>\n<meta property=\"og:site_name\" content=\"Centro Urbano\" \/>\n<meta property=\"article:publisher\" content=\"https:\/\/www.facebook.com\/portalcentrourbano\" \/>\n<meta property=\"article:published_time\" content=\"2020-07-07T15:25:59+00:00\" \/>\n<meta property=\"og:image\" content=\"https:\/\/centrourbano.com\/revista\/wp-content\/uploads\/empleos.jpg\" \/>\n\t<meta property=\"og:image:width\" content=\"1280\" \/>\n\t<meta property=\"og:image:height\" content=\"847\" \/>\n\t<meta property=\"og:image:type\" content=\"image\/jpeg\" \/>\n<meta name=\"author\" content=\"Antonio Garc\u00eda\" \/>\n<meta name=\"twitter:card\" content=\"summary_large_image\" \/>\n<meta name=\"twitter:creator\" content=\"@https:\/\/twitter.com\/TGarper\" \/>\n<meta name=\"twitter:site\" content=\"@CentroUrbano\" \/>\n<meta name=\"twitter:label1\" content=\"Escrito por\" \/>\n\t<meta name=\"twitter:data1\" content=\"Antonio Garc\u00eda\" \/>\n\t<meta name=\"twitter:label2\" content=\"Tiempo de lectura\" \/>\n\t<meta name=\"twitter:data2\" content=\"2 minutos\" \/>\n<script type=\"application\/ld+json\" class=\"yoast-schema-graph\">{\"@context\":\"https:\\\/\\\/schema.org\",\"@graph\":[{\"@type\":\"Article\",\"@id\":\"https:\\\/\\\/centrourbano.com\\\/revista\\\/actualidad\\\/cierre-de-2-7-millones-de-empresas-costaria-8-5-millones-de-empleos-en-al\\\/#article\",\"isPartOf\":{\"@id\":\"https:\\\/\\\/centrourbano.com\\\/revista\\\/actualidad\\\/cierre-de-2-7-millones-de-empresas-costaria-8-5-millones-de-empleos-en-al\\\/\"},\"author\":{\"name\":\"Antonio Garc\u00eda\",\"@id\":\"https:\\\/\\\/centrourbano.com\\\/revista\\\/#\\\/schema\\\/person\\\/d12ede3164a0881bab68f5868d5dfe8c\"},\"headline\":\"Potencial cierre de 2.7 millones de empresas costar\u00eda 8.5 millones de empleos en AL\",\"datePublished\":\"2020-07-07T15:25:59+00:00\",\"mainEntityOfPage\":{\"@id\":\"https:\\\/\\\/centrourbano.com\\\/revista\\\/actualidad\\\/cierre-de-2-7-millones-de-empresas-costaria-8-5-millones-de-empleos-en-al\\\/\"},\"wordCount\":409,\"commentCount\":0,\"publisher\":{\"@id\":\"https:\\\/\\\/centrourbano.com\\\/revista\\\/#organization\"},\"image\":{\"@id\":\"https:\\\/\\\/centrourbano.com\\\/revista\\\/actualidad\\\/cierre-de-2-7-millones-de-empresas-costaria-8-5-millones-de-empleos-en-al\\\/#primaryimage\"},\"thumbnailUrl\":\"https:\\\/\\\/centrourbano.com\\\/revista\\\/wp-content\\\/uploads\\\/empleos.jpg\",\"keywords\":[\"afectaciones econ\u00f3micas\",\"CEPAL\",\"cierre de empresas\",\"comercios\",\"Empresas\",\"empresas comerciales\",\"empresas tur\u00edsticas\",\"microempresas\",\"MIPYMES\",\"pandemia\"],\"articleSection\":[\"Actualidad\",\"Cobertura Covid-19\"],\"inLanguage\":\"es\",\"potentialAction\":[{\"@type\":\"CommentAction\",\"name\":\"Comment\",\"target\":[\"https:\\\/\\\/centrourbano.com\\\/revista\\\/actualidad\\\/cierre-de-2-7-millones-de-empresas-costaria-8-5-millones-de-empleos-en-al\\\/#respond\"]}]},{\"@type\":\"WebPage\",\"@id\":\"https:\\\/\\\/centrourbano.com\\\/revista\\\/actualidad\\\/cierre-de-2-7-millones-de-empresas-costaria-8-5-millones-de-empleos-en-al\\\/\",\"url\":\"https:\\\/\\\/centrourbano.com\\\/revista\\\/actualidad\\\/cierre-de-2-7-millones-de-empresas-costaria-8-5-millones-de-empleos-en-al\\\/\",\"name\":\"Cierre de 2.7 millones de empresas implicar\u00eda 8.5 millones de empleos en AL\",\"isPartOf\":{\"@id\":\"https:\\\/\\\/centrourbano.com\\\/revista\\\/#website\"},\"primaryImageOfPage\":{\"@id\":\"https:\\\/\\\/centrourbano.com\\\/revista\\\/actualidad\\\/cierre-de-2-7-millones-de-empresas-costaria-8-5-millones-de-empleos-en-al\\\/#primaryimage\"},\"image\":{\"@id\":\"https:\\\/\\\/centrourbano.com\\\/revista\\\/actualidad\\\/cierre-de-2-7-millones-de-empresas-costaria-8-5-millones-de-empleos-en-al\\\/#primaryimage\"},\"thumbnailUrl\":\"https:\\\/\\\/centrourbano.com\\\/revista\\\/wp-content\\\/uploads\\\/empleos.jpg\",\"datePublished\":\"2020-07-07T15:25:59+00:00\",\"description\":\"Las proyecciones de la Cepal reconocen que en el sector del turismo se perder\u00edan hasta 290,000 empresas y 1 mill\u00f3n de plazas laborales\",\"breadcrumb\":{\"@id\":\"https:\\\/\\\/centrourbano.com\\\/revista\\\/actualidad\\\/cierre-de-2-7-millones-de-empresas-costaria-8-5-millones-de-empleos-en-al\\\/#breadcrumb\"},\"inLanguage\":\"es\",\"potentialAction\":[{\"@type\":\"ReadAction\",\"target\":[\"https:\\\/\\\/centrourbano.com\\\/revista\\\/actualidad\\\/cierre-de-2-7-millones-de-empresas-costaria-8-5-millones-de-empleos-en-al\\\/\"]}]},{\"@type\":\"ImageObject\",\"inLanguage\":\"es\",\"@id\":\"https:\\\/\\\/centrourbano.com\\\/revista\\\/actualidad\\\/cierre-de-2-7-millones-de-empresas-costaria-8-5-millones-de-empleos-en-al\\\/#primaryimage\",\"url\":\"https:\\\/\\\/centrourbano.com\\\/revista\\\/wp-content\\\/uploads\\\/empleos.jpg\",\"contentUrl\":\"https:\\\/\\\/centrourbano.com\\\/revista\\\/wp-content\\\/uploads\\\/empleos.jpg\",\"width\":1280,\"height\":847,\"caption\":\"Las proyecciones de la Cepal reconocen que en el sector del turismo se perder\u00edan hasta 290,000 empresas y 1 mill\u00f3n de plazas laborales\"},{\"@type\":\"BreadcrumbList\",\"@id\":\"https:\\\/\\\/centrourbano.com\\\/revista\\\/actualidad\\\/cierre-de-2-7-millones-de-empresas-costaria-8-5-millones-de-empleos-en-al\\\/#breadcrumb\",\"itemListElement\":[{\"@type\":\"ListItem\",\"position\":1,\"name\":\"Portada\",\"item\":\"https:\\\/\\\/centrourbano.com\\\/revista\\\/\"},{\"@type\":\"ListItem\",\"position\":2,\"name\":\"Potencial cierre de 2.7 millones de empresas costar\u00eda 8.5 millones de empleos en AL\"}]},{\"@type\":\"WebSite\",\"@id\":\"https:\\\/\\\/centrourbano.com\\\/revista\\\/#website\",\"url\":\"https:\\\/\\\/centrourbano.com\\\/revista\\\/\",\"name\":\"Centro Urbano\",\"description\":\"Medio especializado en los sectores vivienda, inmobiliario, construcci\u00f3n, arquitectura y urbanismo.\",\"publisher\":{\"@id\":\"https:\\\/\\\/centrourbano.com\\\/revista\\\/#organization\"},\"potentialAction\":[{\"@type\":\"SearchAction\",\"target\":{\"@type\":\"EntryPoint\",\"urlTemplate\":\"https:\\\/\\\/centrourbano.com\\\/revista\\\/?s={search_term_string}\"},\"query-input\":{\"@type\":\"PropertyValueSpecification\",\"valueRequired\":true,\"valueName\":\"search_term_string\"}}],\"inLanguage\":\"es\"},{\"@type\":\"Organization\",\"@id\":\"https:\\\/\\\/centrourbano.com\\\/revista\\\/#organization\",\"name\":\"Centro Urbano\",\"url\":\"https:\\\/\\\/centrourbano.com\\\/revista\\\/\",\"logo\":{\"@type\":\"ImageObject\",\"inLanguage\":\"es\",\"@id\":\"https:\\\/\\\/centrourbano.com\\\/revista\\\/#\\\/schema\\\/logo\\\/image\\\/\",\"url\":\"https:\\\/\\\/centrourbano.com\\\/revista\\\/wp-content\\\/uploads\\\/web_CU_logo-1.png\",\"contentUrl\":\"https:\\\/\\\/centrourbano.com\\\/revista\\\/wp-content\\\/uploads\\\/web_CU_logo-1.png\",\"width\":350,\"height\":91,\"caption\":\"Centro Urbano\"},\"image\":{\"@id\":\"https:\\\/\\\/centrourbano.com\\\/revista\\\/#\\\/schema\\\/logo\\\/image\\\/\"},\"sameAs\":[\"https:\\\/\\\/www.facebook.com\\\/portalcentrourbano\",\"https:\\\/\\\/x.com\\\/CentroUrbano\",\"https:\\\/\\\/www.instagram.com\\\/centro_urbano\\\/\",\"https:\\\/\\\/www.linkedin.com\\\/company\\\/centro-urbano\\\/\",\"http:\\\/\\\/www.youtube.com\\\/user\\\/portalcentrourbano\"]},{\"@type\":\"Person\",\"@id\":\"https:\\\/\\\/centrourbano.com\\\/revista\\\/#\\\/schema\\\/person\\\/d12ede3164a0881bab68f5868d5dfe8c\",\"name\":\"Antonio Garc\u00eda\",\"image\":{\"@type\":\"ImageObject\",\"inLanguage\":\"es\",\"@id\":\"https:\\\/\\\/secure.gravatar.com\\\/avatar\\\/68b7fcfc82d16a702310836698db1d823c3fb3b28e1f0938164455de47d96d82?s=96&d=mm&r=g\",\"url\":\"https:\\\/\\\/secure.gravatar.com\\\/avatar\\\/68b7fcfc82d16a702310836698db1d823c3fb3b28e1f0938164455de47d96d82?s=96&d=mm&r=g\",\"contentUrl\":\"https:\\\/\\\/secure.gravatar.com\\\/avatar\\\/68b7fcfc82d16a702310836698db1d823c3fb3b28e1f0938164455de47d96d82?s=96&d=mm&r=g\",\"caption\":\"Antonio Garc\u00eda\"},\"description\":\"Integrante del equipo editorial en Centro Urbano. Egresado de la carrera de Econom\u00eda (preespecialidad en Desarrollo Regional) en el IPN y de Matem\u00e1ticas Aplicadas y Computaci\u00f3n en la UNAM. Apasionado de los temas inherentes al desarrollo urbano-regional y estudios formales -e informales- sobre la ciudad y la econom\u00eda urbana.\",\"sameAs\":[\"https:\\\/\\\/www.instagram.com\\\/caminante_en_la_ciudad\\\/?hl=es-la\",\"https:\\\/\\\/x.com\\\/https:\\\/\\\/twitter.com\\\/TGarper\"],\"url\":\"https:\\\/\\\/centrourbano.com\\\/revista\\\/author\\\/antonio-garcia\\\/\"}]}<\/script>\n<!-- \/ Yoast SEO plugin. -->","yoast_head_json":{"title":"Cierre de 2.7 millones de empresas implicar\u00eda 8.5 millones de empleos en AL","description":"Las proyecciones de la Cepal reconocen que en el sector del turismo se perder\u00edan hasta 290,000 empresas y 1 mill\u00f3n de plazas laborales","robots":{"index":"index","follow":"follow","max-snippet":"max-snippet:-1","max-image-preview":"max-image-preview:large","max-video-preview":"max-video-preview:-1"},"canonical":"https:\/\/centrourbano.com\/revista\/actualidad\/cierre-de-2-7-millones-de-empresas-costaria-8-5-millones-de-empleos-en-al\/","og_locale":"es_ES","og_type":"article","og_title":"Cierre de 2.7 millones de empresas implicar\u00eda 8.5 millones de empleos en AL","og_description":"Las proyecciones de la Cepal reconocen que en el sector del turismo se perder\u00edan hasta 290,000 empresas y 1 mill\u00f3n de plazas laborales","og_url":"https:\/\/centrourbano.com\/revista\/actualidad\/cierre-de-2-7-millones-de-empresas-costaria-8-5-millones-de-empleos-en-al\/","og_site_name":"Centro Urbano","article_publisher":"https:\/\/www.facebook.com\/portalcentrourbano","article_published_time":"2020-07-07T15:25:59+00:00","og_image":[{"width":1280,"height":847,"url":"https:\/\/centrourbano.com\/revista\/wp-content\/uploads\/empleos.jpg","type":"image\/jpeg"}],"author":"Antonio Garc\u00eda","twitter_card":"summary_large_image","twitter_creator":"@https:\/\/twitter.com\/TGarper","twitter_site":"@CentroUrbano","twitter_misc":{"Escrito por":"Antonio Garc\u00eda","Tiempo de lectura":"2 minutos"},"schema":{"@context":"https:\/\/schema.org","@graph":[{"@type":"Article","@id":"https:\/\/centrourbano.com\/revista\/actualidad\/cierre-de-2-7-millones-de-empresas-costaria-8-5-millones-de-empleos-en-al\/#article","isPartOf":{"@id":"https:\/\/centrourbano.com\/revista\/actualidad\/cierre-de-2-7-millones-de-empresas-costaria-8-5-millones-de-empleos-en-al\/"},"author":{"name":"Antonio Garc\u00eda","@id":"https:\/\/centrourbano.com\/revista\/#\/schema\/person\/d12ede3164a0881bab68f5868d5dfe8c"},"headline":"Potencial cierre de 2.7 millones de empresas costar\u00eda 8.5 millones de empleos en AL","datePublished":"2020-07-07T15:25:59+00:00","mainEntityOfPage":{"@id":"https:\/\/centrourbano.com\/revista\/actualidad\/cierre-de-2-7-millones-de-empresas-costaria-8-5-millones-de-empleos-en-al\/"},"wordCount":409,"commentCount":0,"publisher":{"@id":"https:\/\/centrourbano.com\/revista\/#organization"},"image":{"@id":"https:\/\/centrourbano.com\/revista\/actualidad\/cierre-de-2-7-millones-de-empresas-costaria-8-5-millones-de-empleos-en-al\/#primaryimage"},"thumbnailUrl":"https:\/\/centrourbano.com\/revista\/wp-content\/uploads\/empleos.jpg","keywords":["afectaciones econ\u00f3micas","CEPAL","cierre de empresas","comercios","Empresas","empresas comerciales","empresas tur\u00edsticas","microempresas","MIPYMES","pandemia"],"articleSection":["Actualidad","Cobertura Covid-19"],"inLanguage":"es","potentialAction":[{"@type":"CommentAction","name":"Comment","target":["https:\/\/centrourbano.com\/revista\/actualidad\/cierre-de-2-7-millones-de-empresas-costaria-8-5-millones-de-empleos-en-al\/#respond"]}]},{"@type":"WebPage","@id":"https:\/\/centrourbano.com\/revista\/actualidad\/cierre-de-2-7-millones-de-empresas-costaria-8-5-millones-de-empleos-en-al\/","url":"https:\/\/centrourbano.com\/revista\/actualidad\/cierre-de-2-7-millones-de-empresas-costaria-8-5-millones-de-empleos-en-al\/","name":"Cierre de 2.7 millones de empresas implicar\u00eda 8.5 millones de empleos en AL","isPartOf":{"@id":"https:\/\/centrourbano.com\/revista\/#website"},"primaryImageOfPage":{"@id":"https:\/\/centrourbano.com\/revista\/actualidad\/cierre-de-2-7-millones-de-empresas-costaria-8-5-millones-de-empleos-en-al\/#primaryimage"},"image":{"@id":"https:\/\/centrourbano.com\/revista\/actualidad\/cierre-de-2-7-millones-de-empresas-costaria-8-5-millones-de-empleos-en-al\/#primaryimage"},"thumbnailUrl":"https:\/\/centrourbano.com\/revista\/wp-content\/uploads\/empleos.jpg","datePublished":"2020-07-07T15:25:59+00:00","description":"Las proyecciones de la Cepal reconocen que en el sector del turismo se perder\u00edan hasta 290,000 empresas y 1 mill\u00f3n de plazas laborales","breadcrumb":{"@id":"https:\/\/centrourbano.com\/revista\/actualidad\/cierre-de-2-7-millones-de-empresas-costaria-8-5-millones-de-empleos-en-al\/#breadcrumb"},"inLanguage":"es","potentialAction":[{"@type":"ReadAction","target":["https:\/\/centrourbano.com\/revista\/actualidad\/cierre-de-2-7-millones-de-empresas-costaria-8-5-millones-de-empleos-en-al\/"]}]},{"@type":"ImageObject","inLanguage":"es","@id":"https:\/\/centrourbano.com\/revista\/actualidad\/cierre-de-2-7-millones-de-empresas-costaria-8-5-millones-de-empleos-en-al\/#primaryimage","url":"https:\/\/centrourbano.com\/revista\/wp-content\/uploads\/empleos.jpg","contentUrl":"https:\/\/centrourbano.com\/revista\/wp-content\/uploads\/empleos.jpg","width":1280,"height":847,"caption":"Las proyecciones de la Cepal reconocen que en el sector del turismo se perder\u00edan hasta 290,000 empresas y 1 mill\u00f3n de plazas laborales"},{"@type":"BreadcrumbList","@id":"https:\/\/centrourbano.com\/revista\/actualidad\/cierre-de-2-7-millones-de-empresas-costaria-8-5-millones-de-empleos-en-al\/#breadcrumb","itemListElement":[{"@type":"ListItem","position":1,"name":"Portada","item":"https:\/\/centrourbano.com\/revista\/"},{"@type":"ListItem","position":2,"name":"Potencial cierre de 2.7 millones de empresas costar\u00eda 8.5 millones de empleos en AL"}]},{"@type":"WebSite","@id":"https:\/\/centrourbano.com\/revista\/#website","url":"https:\/\/centrourbano.com\/revista\/","name":"Centro Urbano","description":"Medio especializado en los sectores vivienda, inmobiliario, construcci\u00f3n, arquitectura y urbanismo.","publisher":{"@id":"https:\/\/centrourbano.com\/revista\/#organization"},"potentialAction":[{"@type":"SearchAction","target":{"@type":"EntryPoint","urlTemplate":"https:\/\/centrourbano.com\/revista\/?s={search_term_string}"},"query-input":{"@type":"PropertyValueSpecification","valueRequired":true,"valueName":"search_term_string"}}],"inLanguage":"es"},{"@type":"Organization","@id":"https:\/\/centrourbano.com\/revista\/#organization","name":"Centro Urbano","url":"https:\/\/centrourbano.com\/revista\/","logo":{"@type":"ImageObject","inLanguage":"es","@id":"https:\/\/centrourbano.com\/revista\/#\/schema\/logo\/image\/","url":"https:\/\/centrourbano.com\/revista\/wp-content\/uploads\/web_CU_logo-1.png","contentUrl":"https:\/\/centrourbano.com\/revista\/wp-content\/uploads\/web_CU_logo-1.png","width":350,"height":91,"caption":"Centro Urbano"},"image":{"@id":"https:\/\/centrourbano.com\/revista\/#\/schema\/logo\/image\/"},"sameAs":["https:\/\/www.facebook.com\/portalcentrourbano","https:\/\/x.com\/CentroUrbano","https:\/\/www.instagram.com\/centro_urbano\/","https:\/\/www.linkedin.com\/company\/centro-urbano\/","http:\/\/www.youtube.com\/user\/portalcentrourbano"]},{"@type":"Person","@id":"https:\/\/centrourbano.com\/revista\/#\/schema\/person\/d12ede3164a0881bab68f5868d5dfe8c","name":"Antonio Garc\u00eda","image":{"@type":"ImageObject","inLanguage":"es","@id":"https:\/\/secure.gravatar.com\/avatar\/68b7fcfc82d16a702310836698db1d823c3fb3b28e1f0938164455de47d96d82?s=96&d=mm&r=g","url":"https:\/\/secure.gravatar.com\/avatar\/68b7fcfc82d16a702310836698db1d823c3fb3b28e1f0938164455de47d96d82?s=96&d=mm&r=g","contentUrl":"https:\/\/secure.gravatar.com\/avatar\/68b7fcfc82d16a702310836698db1d823c3fb3b28e1f0938164455de47d96d82?s=96&d=mm&r=g","caption":"Antonio Garc\u00eda"},"description":"Integrante del equipo editorial en Centro Urbano. Egresado de la carrera de Econom\u00eda (preespecialidad en Desarrollo Regional) en el IPN y de Matem\u00e1ticas Aplicadas y Computaci\u00f3n en la UNAM. Apasionado de los temas inherentes al desarrollo urbano-regional y estudios formales -e informales- sobre la ciudad y la econom\u00eda urbana.","sameAs":["https:\/\/www.instagram.com\/caminante_en_la_ciudad\/?hl=es-la","https:\/\/x.com\/https:\/\/twitter.com\/TGarper"],"url":"https:\/\/centrourbano.com\/revista\/author\/antonio-garcia\/"}]}},"_links":{"self":[{"href":"https:\/\/centrourbano.com\/revista\/wp-json\/wp\/v2\/posts\/108892","targetHints":{"allow":["GET"]}}],"collection":[{"href":"https:\/\/centrourbano.com\/revista\/wp-json\/wp\/v2\/posts"}],"about":[{"href":"https:\/\/centrourbano.com\/revista\/wp-json\/wp\/v2\/types\/post"}],"author":[{"embeddable":true,"href":"https:\/\/centrourbano.com\/revista\/wp-json\/wp\/v2\/users\/75"}],"replies":[{"embeddable":true,"href":"https:\/\/centrourbano.com\/revista\/wp-json\/wp\/v2\/comments?post=108892"}],"version-history":[{"count":3,"href":"https:\/\/centrourbano.com\/revista\/wp-json\/wp\/v2\/posts\/108892\/revisions"}],"predecessor-version":[{"id":108983,"href":"https:\/\/centrourbano.com\/revista\/wp-json\/wp\/v2\/posts\/108892\/revisions\/108983"}],"wp:featuredmedia":[{"embeddable":true,"href":"https:\/\/centrourbano.com\/revista\/wp-json\/wp\/v2\/media\/108893"}],"wp:attachment":[{"href":"https:\/\/centrourbano.com\/revista\/wp-json\/wp\/v2\/media?parent=108892"}],"wp:term":[{"taxonomy":"category","embeddable":true,"href":"https:\/\/centrourbano.com\/revista\/wp-json\/wp\/v2\/categories?post=108892"},{"taxonomy":"post_tag","embeddable":true,"href":"https:\/\/centrourbano.com\/revista\/wp-json\/wp\/v2\/tags?post=108892"}],"curies":[{"name":"wp","href":"https:\/\/api.w.org\/{rel}","templated":true}]}}