{"id":108816,"date":"2020-07-02T16:38:59","date_gmt":"2020-07-02T21:38:59","guid":{"rendered":"https:\/\/centrourbano.com\/?p=108816"},"modified":"2020-07-02T16:38:59","modified_gmt":"2020-07-02T21:38:59","slug":"nombran-a-abril-munoz-como-directora-general-del-ruv","status":"publish","type":"post","link":"https:\/\/centrourbano.com\/revista\/vivienda\/nombran-a-abril-munoz-como-directora-general-del-ruv\/","title":{"rendered":"Nombran a Abril Mu\u00f1oz como directora general del RUV"},"content":{"rendered":"<p><em>Con la ratificaci\u00f3n de Abril Mu\u00f1oz, se concreta el primer relevo en el RUV durante el actual gobierno <\/em><!--more--><\/p>\n<p>El Comit\u00e9 T\u00e9cnico del Registro \u00danico de Vivienda (RUV) nombr\u00f3 a Abril Mu\u00f1oz Alberich como directora general del organismo. Con ello, llega al relev\u00f3 luego de la salida de Tonatiuh \u00c1lvarez Meaney en febrero de 2020.<\/p>\n<p>Mu\u00f1oz Alberich asumi\u00f3 la <a href=\"https:\/\/centrourbano.com\/2020\/02\/28\/tonatiuh-meaney-deja-ruv\/\" target=\"_blank\" rel=\"noopener noreferrer\">direcci\u00f3n interina<\/a> del organismo tras la salida de <a href=\"https:\/\/www.youtube.com\/c\/CentroUrbano\/videos\" target=\"_blank\" rel=\"noopener noreferrer\">\u00c1lvarez Meaney<\/a>. Ante de ocupar el cargo, la hoy Director General se desempe\u00f1aba como Coordinadora de Administraci\u00f3n en el RUV.<\/p>\n<p>Con esta medida, se concreta el primer relevo en el RUV durante el actual gobierno.<\/p>\n<p>Cabe recordar que Tonatiuh Meaney Su\u00e1rez lleg\u00f3 al RUV en enero de 2019. A su arribo, la encomienda se centr\u00f3 en convertir al RUV en un \u201corganismo corresponsable en la garant\u00eda del derecho a la vivienda, al servicio de los mexicanos, que promueva la integraci\u00f3n del sector\u00bb.<\/p>\n","protected":false},"excerpt":{"rendered":"<p>Con la ratificaci\u00f3n de Abril Mu\u00f1oz, se concreta el primer relevo en el RUV durante el actual gobierno<\/p>\n","protected":false},"author":14,"featured_media":108821,"comment_status":"open","ping_status":"closed","sticky":false,"template":"","format":"standard","meta":{"om_disable_all_campaigns":false,"inline_featured_image":false,"_monsterinsights_skip_tracking":false,"_monsterinsights_sitenote_active":false,"_monsterinsights_sitenote_note":"","_monsterinsights_sitenote_category":0,"footnotes":""},"categories":[12],"tags":[18903,1508,104,60],"class_list":["post-108816","post","type-post","status-publish","format-standard","has-post-thumbnail","hentry","category-vivienda","tag-abril-munoz","tag-registro-unico-de-vivienda","tag-ruv","tag-vivienda-2"],"yoast_head":"<!-- This site is optimized with the Yoast SEO plugin v27.5 - https:\/\/yoast.com\/product\/yoast-seo-wordpress\/ -->\n<title>Nombran a Abril Mu\u00f1oz como directora general del RUV<\/title>\n<meta name=\"description\" content=\"Con la decisi\u00f3n, se concreta el primer relevo en el RUV durante el actual gobierno. Nombran a Abril Mu\u00f1oz como directora general del RUV.\" \/>\n<meta name=\"robots\" content=\"index, follow, max-snippet:-1, max-image-preview:large, max-video-preview:-1\" \/>\n<link rel=\"canonical\" href=\"https:\/\/centrourbano.com\/revista\/vivienda\/nombran-a-abril-munoz-como-directora-general-del-ruv\/\" \/>\n<meta property=\"og:locale\" content=\"es_ES\" \/>\n<meta property=\"og:type\" content=\"article\" \/>\n<meta property=\"og:title\" content=\"Nombran a Abril Mu\u00f1oz como directora general del RUV\" \/>\n<meta property=\"og:description\" content=\"Con la decisi\u00f3n, se concreta el primer relevo en el RUV durante el actual gobierno. Nombran a Abril Mu\u00f1oz como directora general del RUV.\" \/>\n<meta property=\"og:url\" content=\"https:\/\/centrourbano.com\/revista\/vivienda\/nombran-a-abril-munoz-como-directora-general-del-ruv\/\" \/>\n<meta property=\"og:site_name\" content=\"Centro Urbano\" \/>\n<meta property=\"article:publisher\" content=\"https:\/\/www.facebook.com\/portalcentrourbano\" \/>\n<meta property=\"article:published_time\" content=\"2020-07-02T21:38:59+00:00\" \/>\n<meta property=\"og:image\" content=\"https:\/\/centrourbano.com\/revista\/wp-content\/uploads\/Nombran-a-Abril-Mu\u00f1oz-como-directora-general-del-RUV-RUV-.jpeg\" \/>\n\t<meta property=\"og:image:width\" content=\"708\" \/>\n\t<meta property=\"og:image:height\" content=\"499\" \/>\n\t<meta property=\"og:image:type\" content=\"image\/jpeg\" \/>\n<meta name=\"author\" content=\"Redacci\u00f3n Centro Urbano\" \/>\n<meta name=\"twitter:card\" content=\"summary_large_image\" \/>\n<meta name=\"twitter:creator\" content=\"@CentroUrbano\" \/>\n<meta name=\"twitter:site\" content=\"@CentroUrbano\" \/>\n<meta name=\"twitter:label1\" content=\"Escrito por\" \/>\n\t<meta name=\"twitter:data1\" content=\"Redacci\u00f3n Centro Urbano\" \/>\n\t<meta name=\"twitter:label2\" content=\"Tiempo de lectura\" \/>\n\t<meta name=\"twitter:data2\" content=\"1 minuto\" \/>\n<script type=\"application\/ld+json\" class=\"yoast-schema-graph\">{\"@context\":\"https:\\\/\\\/schema.org\",\"@graph\":[{\"@type\":\"Article\",\"@id\":\"https:\\\/\\\/centrourbano.com\\\/revista\\\/vivienda\\\/nombran-a-abril-munoz-como-directora-general-del-ruv\\\/#article\",\"isPartOf\":{\"@id\":\"https:\\\/\\\/centrourbano.com\\\/revista\\\/vivienda\\\/nombran-a-abril-munoz-como-directora-general-del-ruv\\\/\"},\"author\":{\"name\":\"Redacci\u00f3n Centro Urbano\",\"@id\":\"https:\\\/\\\/centrourbano.com\\\/revista\\\/#\\\/schema\\\/person\\\/680e7c50f9d6e917e416c9efdc26f996\"},\"headline\":\"Nombran a Abril Mu\u00f1oz como directora general del RUV\",\"datePublished\":\"2020-07-02T21:38:59+00:00\",\"mainEntityOfPage\":{\"@id\":\"https:\\\/\\\/centrourbano.com\\\/revista\\\/vivienda\\\/nombran-a-abril-munoz-como-directora-general-del-ruv\\\/\"},\"wordCount\":167,\"commentCount\":0,\"publisher\":{\"@id\":\"https:\\\/\\\/centrourbano.com\\\/revista\\\/#organization\"},\"image\":{\"@id\":\"https:\\\/\\\/centrourbano.com\\\/revista\\\/vivienda\\\/nombran-a-abril-munoz-como-directora-general-del-ruv\\\/#primaryimage\"},\"thumbnailUrl\":\"https:\\\/\\\/centrourbano.com\\\/revista\\\/wp-content\\\/uploads\\\/Nombran-a-Abril-Mu\u00f1oz-como-directora-general-del-RUV-RUV-.jpeg\",\"keywords\":[\"Abril Mu\u00f1oz\",\"Registro \u00danico de Vivienda\",\"RUV\",\"vivienda\"],\"articleSection\":[\"Vivienda\"],\"inLanguage\":\"es\",\"potentialAction\":[{\"@type\":\"CommentAction\",\"name\":\"Comment\",\"target\":[\"https:\\\/\\\/centrourbano.com\\\/revista\\\/vivienda\\\/nombran-a-abril-munoz-como-directora-general-del-ruv\\\/#respond\"]}]},{\"@type\":\"WebPage\",\"@id\":\"https:\\\/\\\/centrourbano.com\\\/revista\\\/vivienda\\\/nombran-a-abril-munoz-como-directora-general-del-ruv\\\/\",\"url\":\"https:\\\/\\\/centrourbano.com\\\/revista\\\/vivienda\\\/nombran-a-abril-munoz-como-directora-general-del-ruv\\\/\",\"name\":\"Nombran a Abril Mu\u00f1oz como directora general del RUV\",\"isPartOf\":{\"@id\":\"https:\\\/\\\/centrourbano.com\\\/revista\\\/#website\"},\"primaryImageOfPage\":{\"@id\":\"https:\\\/\\\/centrourbano.com\\\/revista\\\/vivienda\\\/nombran-a-abril-munoz-como-directora-general-del-ruv\\\/#primaryimage\"},\"image\":{\"@id\":\"https:\\\/\\\/centrourbano.com\\\/revista\\\/vivienda\\\/nombran-a-abril-munoz-como-directora-general-del-ruv\\\/#primaryimage\"},\"thumbnailUrl\":\"https:\\\/\\\/centrourbano.com\\\/revista\\\/wp-content\\\/uploads\\\/Nombran-a-Abril-Mu\u00f1oz-como-directora-general-del-RUV-RUV-.jpeg\",\"datePublished\":\"2020-07-02T21:38:59+00:00\",\"description\":\"Con la decisi\u00f3n, se concreta el primer relevo en el RUV durante el actual gobierno. Nombran a Abril Mu\u00f1oz como directora general del RUV.\",\"breadcrumb\":{\"@id\":\"https:\\\/\\\/centrourbano.com\\\/revista\\\/vivienda\\\/nombran-a-abril-munoz-como-directora-general-del-ruv\\\/#breadcrumb\"},\"inLanguage\":\"es\",\"potentialAction\":[{\"@type\":\"ReadAction\",\"target\":[\"https:\\\/\\\/centrourbano.com\\\/revista\\\/vivienda\\\/nombran-a-abril-munoz-como-directora-general-del-ruv\\\/\"]}]},{\"@type\":\"ImageObject\",\"inLanguage\":\"es\",\"@id\":\"https:\\\/\\\/centrourbano.com\\\/revista\\\/vivienda\\\/nombran-a-abril-munoz-como-directora-general-del-ruv\\\/#primaryimage\",\"url\":\"https:\\\/\\\/centrourbano.com\\\/revista\\\/wp-content\\\/uploads\\\/Nombran-a-Abril-Mu\u00f1oz-como-directora-general-del-RUV-RUV-.jpeg\",\"contentUrl\":\"https:\\\/\\\/centrourbano.com\\\/revista\\\/wp-content\\\/uploads\\\/Nombran-a-Abril-Mu\u00f1oz-como-directora-general-del-RUV-RUV-.jpeg\",\"width\":708,\"height\":499,\"caption\":\"Nombran a Abril Mu\u00f1oz como directora general del RUV-RUV\"},{\"@type\":\"BreadcrumbList\",\"@id\":\"https:\\\/\\\/centrourbano.com\\\/revista\\\/vivienda\\\/nombran-a-abril-munoz-como-directora-general-del-ruv\\\/#breadcrumb\",\"itemListElement\":[{\"@type\":\"ListItem\",\"position\":1,\"name\":\"Portada\",\"item\":\"https:\\\/\\\/centrourbano.com\\\/revista\\\/\"},{\"@type\":\"ListItem\",\"position\":2,\"name\":\"Nombran a Abril Mu\u00f1oz como directora general del RUV\"}]},{\"@type\":\"WebSite\",\"@id\":\"https:\\\/\\\/centrourbano.com\\\/revista\\\/#website\",\"url\":\"https:\\\/\\\/centrourbano.com\\\/revista\\\/\",\"name\":\"Centro Urbano\",\"description\":\"Medio especializado en los sectores vivienda, inmobiliario, construcci\u00f3n, arquitectura y urbanismo.\",\"publisher\":{\"@id\":\"https:\\\/\\\/centrourbano.com\\\/revista\\\/#organization\"},\"potentialAction\":[{\"@type\":\"SearchAction\",\"target\":{\"@type\":\"EntryPoint\",\"urlTemplate\":\"https:\\\/\\\/centrourbano.com\\\/revista\\\/?s={search_term_string}\"},\"query-input\":{\"@type\":\"PropertyValueSpecification\",\"valueRequired\":true,\"valueName\":\"search_term_string\"}}],\"inLanguage\":\"es\"},{\"@type\":\"Organization\",\"@id\":\"https:\\\/\\\/centrourbano.com\\\/revista\\\/#organization\",\"name\":\"Centro Urbano\",\"url\":\"https:\\\/\\\/centrourbano.com\\\/revista\\\/\",\"logo\":{\"@type\":\"ImageObject\",\"inLanguage\":\"es\",\"@id\":\"https:\\\/\\\/centrourbano.com\\\/revista\\\/#\\\/schema\\\/logo\\\/image\\\/\",\"url\":\"https:\\\/\\\/centrourbano.com\\\/revista\\\/wp-content\\\/uploads\\\/web_CU_logo-1.png\",\"contentUrl\":\"https:\\\/\\\/centrourbano.com\\\/revista\\\/wp-content\\\/uploads\\\/web_CU_logo-1.png\",\"width\":350,\"height\":91,\"caption\":\"Centro Urbano\"},\"image\":{\"@id\":\"https:\\\/\\\/centrourbano.com\\\/revista\\\/#\\\/schema\\\/logo\\\/image\\\/\"},\"sameAs\":[\"https:\\\/\\\/www.facebook.com\\\/portalcentrourbano\",\"https:\\\/\\\/x.com\\\/CentroUrbano\",\"https:\\\/\\\/www.instagram.com\\\/centro_urbano\\\/\",\"https:\\\/\\\/www.linkedin.com\\\/company\\\/centro-urbano\\\/\",\"http:\\\/\\\/www.youtube.com\\\/user\\\/portalcentrourbano\"]},{\"@type\":\"Person\",\"@id\":\"https:\\\/\\\/centrourbano.com\\\/revista\\\/#\\\/schema\\\/person\\\/680e7c50f9d6e917e416c9efdc26f996\",\"name\":\"Redacci\u00f3n Centro Urbano\",\"image\":{\"@type\":\"ImageObject\",\"inLanguage\":\"es\",\"@id\":\"https:\\\/\\\/secure.gravatar.com\\\/avatar\\\/15a789f894398c0f311f3a7a2ee28032bbc0483098539da66b6a045aa810bf35?s=96&d=mm&r=g\",\"url\":\"https:\\\/\\\/secure.gravatar.com\\\/avatar\\\/15a789f894398c0f311f3a7a2ee28032bbc0483098539da66b6a045aa810bf35?s=96&d=mm&r=g\",\"contentUrl\":\"https:\\\/\\\/secure.gravatar.com\\\/avatar\\\/15a789f894398c0f311f3a7a2ee28032bbc0483098539da66b6a045aa810bf35?s=96&d=mm&r=g\",\"caption\":\"Redacci\u00f3n Centro Urbano\"},\"url\":\"https:\\\/\\\/centrourbano.com\\\/revista\\\/author\\\/editorial\\\/\"}]}<\/script>\n<!-- \/ Yoast SEO plugin. -->","yoast_head_json":{"title":"Nombran a Abril Mu\u00f1oz como directora general del RUV","description":"Con la decisi\u00f3n, se concreta el primer relevo en el RUV durante el actual gobierno. Nombran a Abril Mu\u00f1oz como directora general del RUV.","robots":{"index":"index","follow":"follow","max-snippet":"max-snippet:-1","max-image-preview":"max-image-preview:large","max-video-preview":"max-video-preview:-1"},"canonical":"https:\/\/centrourbano.com\/revista\/vivienda\/nombran-a-abril-munoz-como-directora-general-del-ruv\/","og_locale":"es_ES","og_type":"article","og_title":"Nombran a Abril Mu\u00f1oz como directora general del RUV","og_description":"Con la decisi\u00f3n, se concreta el primer relevo en el RUV durante el actual gobierno. Nombran a Abril Mu\u00f1oz como directora general del RUV.","og_url":"https:\/\/centrourbano.com\/revista\/vivienda\/nombran-a-abril-munoz-como-directora-general-del-ruv\/","og_site_name":"Centro Urbano","article_publisher":"https:\/\/www.facebook.com\/portalcentrourbano","article_published_time":"2020-07-02T21:38:59+00:00","og_image":[{"width":708,"height":499,"url":"https:\/\/centrourbano.com\/revista\/wp-content\/uploads\/Nombran-a-Abril-Mu\u00f1oz-como-directora-general-del-RUV-RUV-.jpeg","type":"image\/jpeg"}],"author":"Redacci\u00f3n Centro Urbano","twitter_card":"summary_large_image","twitter_creator":"@CentroUrbano","twitter_site":"@CentroUrbano","twitter_misc":{"Escrito por":"Redacci\u00f3n Centro Urbano","Tiempo de lectura":"1 minuto"},"schema":{"@context":"https:\/\/schema.org","@graph":[{"@type":"Article","@id":"https:\/\/centrourbano.com\/revista\/vivienda\/nombran-a-abril-munoz-como-directora-general-del-ruv\/#article","isPartOf":{"@id":"https:\/\/centrourbano.com\/revista\/vivienda\/nombran-a-abril-munoz-como-directora-general-del-ruv\/"},"author":{"name":"Redacci\u00f3n Centro Urbano","@id":"https:\/\/centrourbano.com\/revista\/#\/schema\/person\/680e7c50f9d6e917e416c9efdc26f996"},"headline":"Nombran a Abril Mu\u00f1oz como directora general del RUV","datePublished":"2020-07-02T21:38:59+00:00","mainEntityOfPage":{"@id":"https:\/\/centrourbano.com\/revista\/vivienda\/nombran-a-abril-munoz-como-directora-general-del-ruv\/"},"wordCount":167,"commentCount":0,"publisher":{"@id":"https:\/\/centrourbano.com\/revista\/#organization"},"image":{"@id":"https:\/\/centrourbano.com\/revista\/vivienda\/nombran-a-abril-munoz-como-directora-general-del-ruv\/#primaryimage"},"thumbnailUrl":"https:\/\/centrourbano.com\/revista\/wp-content\/uploads\/Nombran-a-Abril-Mu\u00f1oz-como-directora-general-del-RUV-RUV-.jpeg","keywords":["Abril Mu\u00f1oz","Registro \u00danico de Vivienda","RUV","vivienda"],"articleSection":["Vivienda"],"inLanguage":"es","potentialAction":[{"@type":"CommentAction","name":"Comment","target":["https:\/\/centrourbano.com\/revista\/vivienda\/nombran-a-abril-munoz-como-directora-general-del-ruv\/#respond"]}]},{"@type":"WebPage","@id":"https:\/\/centrourbano.com\/revista\/vivienda\/nombran-a-abril-munoz-como-directora-general-del-ruv\/","url":"https:\/\/centrourbano.com\/revista\/vivienda\/nombran-a-abril-munoz-como-directora-general-del-ruv\/","name":"Nombran a Abril Mu\u00f1oz como directora general del RUV","isPartOf":{"@id":"https:\/\/centrourbano.com\/revista\/#website"},"primaryImageOfPage":{"@id":"https:\/\/centrourbano.com\/revista\/vivienda\/nombran-a-abril-munoz-como-directora-general-del-ruv\/#primaryimage"},"image":{"@id":"https:\/\/centrourbano.com\/revista\/vivienda\/nombran-a-abril-munoz-como-directora-general-del-ruv\/#primaryimage"},"thumbnailUrl":"https:\/\/centrourbano.com\/revista\/wp-content\/uploads\/Nombran-a-Abril-Mu\u00f1oz-como-directora-general-del-RUV-RUV-.jpeg","datePublished":"2020-07-02T21:38:59+00:00","description":"Con la decisi\u00f3n, se concreta el primer relevo en el RUV durante el actual gobierno. Nombran a Abril Mu\u00f1oz como directora general del RUV.","breadcrumb":{"@id":"https:\/\/centrourbano.com\/revista\/vivienda\/nombran-a-abril-munoz-como-directora-general-del-ruv\/#breadcrumb"},"inLanguage":"es","potentialAction":[{"@type":"ReadAction","target":["https:\/\/centrourbano.com\/revista\/vivienda\/nombran-a-abril-munoz-como-directora-general-del-ruv\/"]}]},{"@type":"ImageObject","inLanguage":"es","@id":"https:\/\/centrourbano.com\/revista\/vivienda\/nombran-a-abril-munoz-como-directora-general-del-ruv\/#primaryimage","url":"https:\/\/centrourbano.com\/revista\/wp-content\/uploads\/Nombran-a-Abril-Mu\u00f1oz-como-directora-general-del-RUV-RUV-.jpeg","contentUrl":"https:\/\/centrourbano.com\/revista\/wp-content\/uploads\/Nombran-a-Abril-Mu\u00f1oz-como-directora-general-del-RUV-RUV-.jpeg","width":708,"height":499,"caption":"Nombran a Abril Mu\u00f1oz como directora general del RUV-RUV"},{"@type":"BreadcrumbList","@id":"https:\/\/centrourbano.com\/revista\/vivienda\/nombran-a-abril-munoz-como-directora-general-del-ruv\/#breadcrumb","itemListElement":[{"@type":"ListItem","position":1,"name":"Portada","item":"https:\/\/centrourbano.com\/revista\/"},{"@type":"ListItem","position":2,"name":"Nombran a Abril Mu\u00f1oz como directora general del RUV"}]},{"@type":"WebSite","@id":"https:\/\/centrourbano.com\/revista\/#website","url":"https:\/\/centrourbano.com\/revista\/","name":"Centro Urbano","description":"Medio especializado en los sectores vivienda, inmobiliario, construcci\u00f3n, arquitectura y urbanismo.","publisher":{"@id":"https:\/\/centrourbano.com\/revista\/#organization"},"potentialAction":[{"@type":"SearchAction","target":{"@type":"EntryPoint","urlTemplate":"https:\/\/centrourbano.com\/revista\/?s={search_term_string}"},"query-input":{"@type":"PropertyValueSpecification","valueRequired":true,"valueName":"search_term_string"}}],"inLanguage":"es"},{"@type":"Organization","@id":"https:\/\/centrourbano.com\/revista\/#organization","name":"Centro Urbano","url":"https:\/\/centrourbano.com\/revista\/","logo":{"@type":"ImageObject","inLanguage":"es","@id":"https:\/\/centrourbano.com\/revista\/#\/schema\/logo\/image\/","url":"https:\/\/centrourbano.com\/revista\/wp-content\/uploads\/web_CU_logo-1.png","contentUrl":"https:\/\/centrourbano.com\/revista\/wp-content\/uploads\/web_CU_logo-1.png","width":350,"height":91,"caption":"Centro Urbano"},"image":{"@id":"https:\/\/centrourbano.com\/revista\/#\/schema\/logo\/image\/"},"sameAs":["https:\/\/www.facebook.com\/portalcentrourbano","https:\/\/x.com\/CentroUrbano","https:\/\/www.instagram.com\/centro_urbano\/","https:\/\/www.linkedin.com\/company\/centro-urbano\/","http:\/\/www.youtube.com\/user\/portalcentrourbano"]},{"@type":"Person","@id":"https:\/\/centrourbano.com\/revista\/#\/schema\/person\/680e7c50f9d6e917e416c9efdc26f996","name":"Redacci\u00f3n Centro Urbano","image":{"@type":"ImageObject","inLanguage":"es","@id":"https:\/\/secure.gravatar.com\/avatar\/15a789f894398c0f311f3a7a2ee28032bbc0483098539da66b6a045aa810bf35?s=96&d=mm&r=g","url":"https:\/\/secure.gravatar.com\/avatar\/15a789f894398c0f311f3a7a2ee28032bbc0483098539da66b6a045aa810bf35?s=96&d=mm&r=g","contentUrl":"https:\/\/secure.gravatar.com\/avatar\/15a789f894398c0f311f3a7a2ee28032bbc0483098539da66b6a045aa810bf35?s=96&d=mm&r=g","caption":"Redacci\u00f3n Centro Urbano"},"url":"https:\/\/centrourbano.com\/revista\/author\/editorial\/"}]}},"_links":{"self":[{"href":"https:\/\/centrourbano.com\/revista\/wp-json\/wp\/v2\/posts\/108816","targetHints":{"allow":["GET"]}}],"collection":[{"href":"https:\/\/centrourbano.com\/revista\/wp-json\/wp\/v2\/posts"}],"about":[{"href":"https:\/\/centrourbano.com\/revista\/wp-json\/wp\/v2\/types\/post"}],"author":[{"embeddable":true,"href":"https:\/\/centrourbano.com\/revista\/wp-json\/wp\/v2\/users\/14"}],"replies":[{"embeddable":true,"href":"https:\/\/centrourbano.com\/revista\/wp-json\/wp\/v2\/comments?post=108816"}],"version-history":[{"count":1,"href":"https:\/\/centrourbano.com\/revista\/wp-json\/wp\/v2\/posts\/108816\/revisions"}],"predecessor-version":[{"id":108826,"href":"https:\/\/centrourbano.com\/revista\/wp-json\/wp\/v2\/posts\/108816\/revisions\/108826"}],"wp:featuredmedia":[{"embeddable":true,"href":"https:\/\/centrourbano.com\/revista\/wp-json\/wp\/v2\/media\/108821"}],"wp:attachment":[{"href":"https:\/\/centrourbano.com\/revista\/wp-json\/wp\/v2\/media?parent=108816"}],"wp:term":[{"taxonomy":"category","embeddable":true,"href":"https:\/\/centrourbano.com\/revista\/wp-json\/wp\/v2\/categories?post=108816"},{"taxonomy":"post_tag","embeddable":true,"href":"https:\/\/centrourbano.com\/revista\/wp-json\/wp\/v2\/tags?post=108816"}],"curies":[{"name":"wp","href":"https:\/\/api.w.org\/{rel}","templated":true}]}}