{"id":108678,"date":"2020-06-29T18:00:42","date_gmt":"2020-06-29T23:00:42","guid":{"rendered":"https:\/\/centrourbano.com\/?p=108678"},"modified":"2020-06-29T19:36:12","modified_gmt":"2020-06-30T00:36:12","slug":"extienden-un-mes-facilidades-para-reestructurar-creditos-en-vivienda","status":"publish","type":"post","link":"https:\/\/centrourbano.com\/revista\/vivienda\/extienden-un-mes-facilidades-para-reestructurar-creditos-en-vivienda\/","title":{"rendered":"Extienden un mes facilidades para reestructurar cr\u00e9ditos en vivienda"},"content":{"rendered":"<p><em>Las instituciones financieras podr\u00e1n recibir y procesar solicitudes para reestructurar cr\u00e9ditos <\/em><!--more--><\/p>\n<p>La <strong>Comisi\u00f3n Nacional Bancar\u00eda y de Valores<\/strong> (CNBV) ampli\u00f3 en un mes la vigencia de los<strong> criterios contables especiales<\/strong> (cce) que lanz\u00f3 en el mes de marzo pasado. Con esta medida, las autoridades extienden hasta el 31 de julio las <strong>flexibilidades regulatorias para que las instituciones<\/strong>, tanto p\u00fablico como privadas, puedan recibir y procesar solicitudes para <strong>reestructurar cr\u00e9ditos de consumo, vivienda y comerciales<\/strong>.<\/p>\n<p>El anuncio se dio este lunes 29 de junio. El subsecretario de Hacienda y Cr\u00e9dito P\u00fablico, <strong>Gabriel Yorio Gonz\u00e1lez<\/strong>, destac\u00f3 que la decisi\u00f3n busca brindar <strong>un mes m\u00e1s para que las instituciones financieras den cauce\u00a0<\/strong>y puedan concluir con los procesos de reestructura que traen en tuber\u00eda.<\/p>\n<p>El funcionario record\u00f3 que en un inicio, la fecha limite para recibir y atender solicitudes de reestructuras fue el <strong>26 de junio;<\/strong>\u00a0es decir, 120 d\u00edas naturales desde el momento en que se lanz\u00f3 la medida.<\/p>\n<p>Cabe se\u00f1alar que adem\u00e1s de la ampliaci\u00f3n en el lapso, las autoridades decidieron modificar los criterios de aplicabilidad. Ahora, las instituciones financieras podr\u00e1n incluir dentro de las reestructuras aquellos <strong>cr\u00e9ditos que se registraron en marzo<\/strong>. En un primer momento s\u00f3lo se consideraban operaciones de cr\u00e9dito registradas hasta febrero.<\/p>\n<p>[quote]\u201cLa extensi\u00f3n del plazo de instrumentaci\u00f3n de las reestructuras hasta finales de julio permitir\u00e1 a las instituciones financieras terminar de analizar, y en su caso aprobar, las solicitudes pendientes. Asimismo, podr\u00e1n acogerse a estas facilidades aquellas operaciones de cr\u00e9dito autorizadas en marzo que posteriormente se vieron impactadas por los efectos negativos de la contingencia\u201d.[\/quote]<\/p>\n<h4>Criterios Contables<\/h4>\n<p>Cabe se\u00f1alar que los criterios contables especiales fueron emitidos por parte de la autoridad para ayudar a los mexicanos a enfrentar el escenario complejo generado por el Covid.19. Principalmente, esta acci\u00f3n permiti\u00f3 a bancos e instituciones financieras <strong>otorgar una serie de beneficios a los acreditados<\/strong>; entre ellos, el prorrogar el pago de los cr\u00e9ditos por hasta seis meses.<\/p>\n<p>Al respecto, con esta extensi\u00f3n, instituciones como <strong>Sociedad Hipotecaria Federal<\/strong> (SHF) podr\u00e1n contar con un mes m\u00e1s para evaluar y culminar procesos de reestructura en cr\u00e9ditos.<\/p>\n<p>[quote]\u201cLo que estamos anunciando es la extensi\u00f3n de un mes en la flexibilidades regulatorias. Con esto, los bancos puedan completar las solicitudes de reestructura que han recibido tanto de las familias como de las empresas\u201d, dijo el subsecretario Yorio.[\/quote]<\/p>\n<p>En este marco, instituciones como Infonacot e <a href=\"https:\/\/centrourbano.com\/2020\/06\/29\/infonavit-amplia-un-mes-las-medidas-de-apoyo-ante-covid-19\/\" target=\"_blank\" rel=\"noopener noreferrer\">Infonavit<\/a> se <a href=\"https:\/\/www.facebook.com\/portalcentrourbano\/videos\/1020521965031973\/\" target=\"_blank\" rel=\"noopener noreferrer\">sumaron<\/a> a la iniciativa. Con ello, ambos organismo ampliar\u00e1n la vigencia en los esquemas de apoyo para trabajadores y patrones.<\/p>\n","protected":false},"excerpt":{"rendered":"<p>Las instituciones financieras podr\u00e1n recibir y procesar solicitudes para reestructurar cr\u00e9ditos<\/p>\n","protected":false},"author":47,"featured_media":108679,"comment_status":"open","ping_status":"closed","sticky":false,"template":"","format":"standard","meta":{"om_disable_all_campaigns":false,"inline_featured_image":false,"_monsterinsights_skip_tracking":false,"_monsterinsights_sitenote_active":false,"_monsterinsights_sitenote_note":"","_monsterinsights_sitenote_category":0,"footnotes":""},"categories":[80,12],"tags":[619,7635,642,18861,15898,4446,235],"class_list":["post-108678","post","type-post","status-publish","format-standard","has-post-thumbnail","hentry","category-actualidad","category-vivienda","tag-cnbv","tag-comision-nacional-bancaria-y-de-valores","tag-creditos","tag-criterios-contables-especiales","tag-reestructuras","tag-secretaria-de-hacienda-y-credito-publico","tag-shf"],"yoast_head":"<!-- This site is optimized with the Yoast SEO plugin v27.4 - https:\/\/yoast.com\/product\/yoast-seo-wordpress\/ -->\n<title>Extienden un mes facilidades para reestructurar cr\u00e9ditos en vivienda<\/title>\n<meta name=\"description\" content=\"Las instituciones financieras podr\u00e1n recibir y procesar solicitudes para reestructurar cr\u00e9ditos. Extienden un mes facilidades para reestructurar cr\u00e9ditos\" \/>\n<meta name=\"robots\" content=\"index, follow, max-snippet:-1, max-image-preview:large, max-video-preview:-1\" \/>\n<link rel=\"canonical\" href=\"https:\/\/centrourbano.com\/revista\/vivienda\/extienden-un-mes-facilidades-para-reestructurar-creditos-en-vivienda\/\" \/>\n<meta property=\"og:locale\" content=\"es_ES\" \/>\n<meta property=\"og:type\" content=\"article\" \/>\n<meta property=\"og:title\" content=\"Extienden un mes facilidades para reestructurar cr\u00e9ditos en vivienda\" \/>\n<meta property=\"og:description\" content=\"Las instituciones financieras podr\u00e1n recibir y procesar solicitudes para reestructurar cr\u00e9ditos. Extienden un mes facilidades para reestructurar cr\u00e9ditos\" \/>\n<meta property=\"og:url\" content=\"https:\/\/centrourbano.com\/revista\/vivienda\/extienden-un-mes-facilidades-para-reestructurar-creditos-en-vivienda\/\" \/>\n<meta property=\"og:site_name\" content=\"Centro Urbano\" \/>\n<meta property=\"article:publisher\" content=\"https:\/\/www.facebook.com\/portalcentrourbano\" \/>\n<meta property=\"article:published_time\" content=\"2020-06-29T23:00:42+00:00\" \/>\n<meta property=\"article:modified_time\" content=\"2020-06-30T00:36:12+00:00\" \/>\n<meta property=\"og:image\" content=\"https:\/\/centrourbano.com\/revista\/wp-content\/uploads\/Extienden-un-mes-facilidades-para-reestructurar-cr\u00e9ditos-en-vivienda-Cr\u00e9ditos.png\" \/>\n\t<meta property=\"og:image:width\" content=\"852\" \/>\n\t<meta property=\"og:image:height\" content=\"480\" \/>\n\t<meta property=\"og:image:type\" content=\"image\/png\" \/>\n<meta name=\"author\" content=\"Edgar Rosas\" \/>\n<meta name=\"twitter:card\" content=\"summary_large_image\" \/>\n<meta name=\"twitter:creator\" content=\"@https:\/\/twitter.com\/ERosasCU?s=09\" \/>\n<meta name=\"twitter:site\" content=\"@CentroUrbano\" \/>\n<meta name=\"twitter:label1\" content=\"Escrito por\" \/>\n\t<meta name=\"twitter:data1\" content=\"Edgar Rosas\" \/>\n\t<meta name=\"twitter:label2\" content=\"Tiempo de lectura\" \/>\n\t<meta name=\"twitter:data2\" content=\"2 minutos\" \/>\n<script type=\"application\/ld+json\" class=\"yoast-schema-graph\">{\"@context\":\"https:\\\/\\\/schema.org\",\"@graph\":[{\"@type\":\"Article\",\"@id\":\"https:\\\/\\\/centrourbano.com\\\/revista\\\/vivienda\\\/extienden-un-mes-facilidades-para-reestructurar-creditos-en-vivienda\\\/#article\",\"isPartOf\":{\"@id\":\"https:\\\/\\\/centrourbano.com\\\/revista\\\/vivienda\\\/extienden-un-mes-facilidades-para-reestructurar-creditos-en-vivienda\\\/\"},\"author\":{\"name\":\"Edgar Rosas\",\"@id\":\"https:\\\/\\\/centrourbano.com\\\/revista\\\/#\\\/schema\\\/person\\\/ff3c00651ce5b1630479d2cd0c2e3ac0\"},\"headline\":\"Extienden un mes facilidades para reestructurar cr\u00e9ditos en vivienda\",\"datePublished\":\"2020-06-29T23:00:42+00:00\",\"dateModified\":\"2020-06-30T00:36:12+00:00\",\"mainEntityOfPage\":{\"@id\":\"https:\\\/\\\/centrourbano.com\\\/revista\\\/vivienda\\\/extienden-un-mes-facilidades-para-reestructurar-creditos-en-vivienda\\\/\"},\"wordCount\":456,\"commentCount\":0,\"publisher\":{\"@id\":\"https:\\\/\\\/centrourbano.com\\\/revista\\\/#organization\"},\"image\":{\"@id\":\"https:\\\/\\\/centrourbano.com\\\/revista\\\/vivienda\\\/extienden-un-mes-facilidades-para-reestructurar-creditos-en-vivienda\\\/#primaryimage\"},\"thumbnailUrl\":\"https:\\\/\\\/centrourbano.com\\\/revista\\\/wp-content\\\/uploads\\\/Extienden-un-mes-facilidades-para-reestructurar-cr\u00e9ditos-en-vivienda-Cr\u00e9ditos.png\",\"keywords\":[\"CNBV\",\"Comisi\u00f3n Nacional Bancaria y de Valores\",\"Cr\u00e9ditos\",\"criterios contables especiales\",\"reestructuras\",\"Secretar\u00eda de Hacienda y Cr\u00e9dito P\u00fablico\",\"SHF\"],\"articleSection\":[\"Actualidad\",\"Vivienda\"],\"inLanguage\":\"es\",\"potentialAction\":[{\"@type\":\"CommentAction\",\"name\":\"Comment\",\"target\":[\"https:\\\/\\\/centrourbano.com\\\/revista\\\/vivienda\\\/extienden-un-mes-facilidades-para-reestructurar-creditos-en-vivienda\\\/#respond\"]}]},{\"@type\":\"WebPage\",\"@id\":\"https:\\\/\\\/centrourbano.com\\\/revista\\\/vivienda\\\/extienden-un-mes-facilidades-para-reestructurar-creditos-en-vivienda\\\/\",\"url\":\"https:\\\/\\\/centrourbano.com\\\/revista\\\/vivienda\\\/extienden-un-mes-facilidades-para-reestructurar-creditos-en-vivienda\\\/\",\"name\":\"Extienden un mes facilidades para reestructurar cr\u00e9ditos en vivienda\",\"isPartOf\":{\"@id\":\"https:\\\/\\\/centrourbano.com\\\/revista\\\/#website\"},\"primaryImageOfPage\":{\"@id\":\"https:\\\/\\\/centrourbano.com\\\/revista\\\/vivienda\\\/extienden-un-mes-facilidades-para-reestructurar-creditos-en-vivienda\\\/#primaryimage\"},\"image\":{\"@id\":\"https:\\\/\\\/centrourbano.com\\\/revista\\\/vivienda\\\/extienden-un-mes-facilidades-para-reestructurar-creditos-en-vivienda\\\/#primaryimage\"},\"thumbnailUrl\":\"https:\\\/\\\/centrourbano.com\\\/revista\\\/wp-content\\\/uploads\\\/Extienden-un-mes-facilidades-para-reestructurar-cr\u00e9ditos-en-vivienda-Cr\u00e9ditos.png\",\"datePublished\":\"2020-06-29T23:00:42+00:00\",\"dateModified\":\"2020-06-30T00:36:12+00:00\",\"description\":\"Las instituciones financieras podr\u00e1n recibir y procesar solicitudes para reestructurar cr\u00e9ditos. Extienden un mes facilidades para reestructurar cr\u00e9ditos\",\"breadcrumb\":{\"@id\":\"https:\\\/\\\/centrourbano.com\\\/revista\\\/vivienda\\\/extienden-un-mes-facilidades-para-reestructurar-creditos-en-vivienda\\\/#breadcrumb\"},\"inLanguage\":\"es\",\"potentialAction\":[{\"@type\":\"ReadAction\",\"target\":[\"https:\\\/\\\/centrourbano.com\\\/revista\\\/vivienda\\\/extienden-un-mes-facilidades-para-reestructurar-creditos-en-vivienda\\\/\"]}]},{\"@type\":\"ImageObject\",\"inLanguage\":\"es\",\"@id\":\"https:\\\/\\\/centrourbano.com\\\/revista\\\/vivienda\\\/extienden-un-mes-facilidades-para-reestructurar-creditos-en-vivienda\\\/#primaryimage\",\"url\":\"https:\\\/\\\/centrourbano.com\\\/revista\\\/wp-content\\\/uploads\\\/Extienden-un-mes-facilidades-para-reestructurar-cr\u00e9ditos-en-vivienda-Cr\u00e9ditos.png\",\"contentUrl\":\"https:\\\/\\\/centrourbano.com\\\/revista\\\/wp-content\\\/uploads\\\/Extienden-un-mes-facilidades-para-reestructurar-cr\u00e9ditos-en-vivienda-Cr\u00e9ditos.png\",\"width\":852,\"height\":480,\"caption\":\"Extienden un mes facilidades para reestructurar cr\u00e9ditos en vivienda-Cr\u00e9ditos\"},{\"@type\":\"BreadcrumbList\",\"@id\":\"https:\\\/\\\/centrourbano.com\\\/revista\\\/vivienda\\\/extienden-un-mes-facilidades-para-reestructurar-creditos-en-vivienda\\\/#breadcrumb\",\"itemListElement\":[{\"@type\":\"ListItem\",\"position\":1,\"name\":\"Portada\",\"item\":\"https:\\\/\\\/centrourbano.com\\\/revista\\\/\"},{\"@type\":\"ListItem\",\"position\":2,\"name\":\"Extienden un mes facilidades para reestructurar cr\u00e9ditos en vivienda\"}]},{\"@type\":\"WebSite\",\"@id\":\"https:\\\/\\\/centrourbano.com\\\/revista\\\/#website\",\"url\":\"https:\\\/\\\/centrourbano.com\\\/revista\\\/\",\"name\":\"Centro Urbano\",\"description\":\"Medio especializado en los sectores vivienda, inmobiliario, construcci\u00f3n, arquitectura y urbanismo.\",\"publisher\":{\"@id\":\"https:\\\/\\\/centrourbano.com\\\/revista\\\/#organization\"},\"potentialAction\":[{\"@type\":\"SearchAction\",\"target\":{\"@type\":\"EntryPoint\",\"urlTemplate\":\"https:\\\/\\\/centrourbano.com\\\/revista\\\/?s={search_term_string}\"},\"query-input\":{\"@type\":\"PropertyValueSpecification\",\"valueRequired\":true,\"valueName\":\"search_term_string\"}}],\"inLanguage\":\"es\"},{\"@type\":\"Organization\",\"@id\":\"https:\\\/\\\/centrourbano.com\\\/revista\\\/#organization\",\"name\":\"Centro Urbano\",\"url\":\"https:\\\/\\\/centrourbano.com\\\/revista\\\/\",\"logo\":{\"@type\":\"ImageObject\",\"inLanguage\":\"es\",\"@id\":\"https:\\\/\\\/centrourbano.com\\\/revista\\\/#\\\/schema\\\/logo\\\/image\\\/\",\"url\":\"https:\\\/\\\/centrourbano.com\\\/revista\\\/wp-content\\\/uploads\\\/web_CU_logo-1.png\",\"contentUrl\":\"https:\\\/\\\/centrourbano.com\\\/revista\\\/wp-content\\\/uploads\\\/web_CU_logo-1.png\",\"width\":350,\"height\":91,\"caption\":\"Centro Urbano\"},\"image\":{\"@id\":\"https:\\\/\\\/centrourbano.com\\\/revista\\\/#\\\/schema\\\/logo\\\/image\\\/\"},\"sameAs\":[\"https:\\\/\\\/www.facebook.com\\\/portalcentrourbano\",\"https:\\\/\\\/x.com\\\/CentroUrbano\",\"https:\\\/\\\/www.instagram.com\\\/centro_urbano\\\/\",\"https:\\\/\\\/www.linkedin.com\\\/company\\\/centro-urbano\\\/\",\"http:\\\/\\\/www.youtube.com\\\/user\\\/portalcentrourbano\"]},{\"@type\":\"Person\",\"@id\":\"https:\\\/\\\/centrourbano.com\\\/revista\\\/#\\\/schema\\\/person\\\/ff3c00651ce5b1630479d2cd0c2e3ac0\",\"name\":\"Edgar Rosas\",\"image\":{\"@type\":\"ImageObject\",\"inLanguage\":\"es\",\"@id\":\"https:\\\/\\\/secure.gravatar.com\\\/avatar\\\/94440c4283495211faa5300bf85e80061036b83fced868c3783aa1310b350d9c?s=96&d=mm&r=g\",\"url\":\"https:\\\/\\\/secure.gravatar.com\\\/avatar\\\/94440c4283495211faa5300bf85e80061036b83fced868c3783aa1310b350d9c?s=96&d=mm&r=g\",\"contentUrl\":\"https:\\\/\\\/secure.gravatar.com\\\/avatar\\\/94440c4283495211faa5300bf85e80061036b83fced868c3783aa1310b350d9c?s=96&d=mm&r=g\",\"caption\":\"Edgar Rosas\"},\"description\":\"Editor en Jefe de Centro Urbano. Egresado de la maestr\u00eda en Periodismo Pol\u00edtico de la Escuela de Periodismo Carlos Septi\u00e9n Garc\u00eda (EPCSG). Estudi\u00f3 la licenciatura en Comunicaci\u00f3n en la Universidad Mexicana. Amante de la cr\u00f3nica y el reportaje. Admirador de Vicente Le\u00f1ero y Miguel \u00c1ngel Granados Chapa.\",\"sameAs\":[\"https:\\\/\\\/x.com\\\/https:\\\/\\\/twitter.com\\\/ERosasCU?s=09\"],\"url\":\"https:\\\/\\\/centrourbano.com\\\/revista\\\/author\\\/edgar-rosas\\\/\"}]}<\/script>\n<!-- \/ Yoast SEO plugin. -->","yoast_head_json":{"title":"Extienden un mes facilidades para reestructurar cr\u00e9ditos en vivienda","description":"Las instituciones financieras podr\u00e1n recibir y procesar solicitudes para reestructurar cr\u00e9ditos. Extienden un mes facilidades para reestructurar cr\u00e9ditos","robots":{"index":"index","follow":"follow","max-snippet":"max-snippet:-1","max-image-preview":"max-image-preview:large","max-video-preview":"max-video-preview:-1"},"canonical":"https:\/\/centrourbano.com\/revista\/vivienda\/extienden-un-mes-facilidades-para-reestructurar-creditos-en-vivienda\/","og_locale":"es_ES","og_type":"article","og_title":"Extienden un mes facilidades para reestructurar cr\u00e9ditos en vivienda","og_description":"Las instituciones financieras podr\u00e1n recibir y procesar solicitudes para reestructurar cr\u00e9ditos. Extienden un mes facilidades para reestructurar cr\u00e9ditos","og_url":"https:\/\/centrourbano.com\/revista\/vivienda\/extienden-un-mes-facilidades-para-reestructurar-creditos-en-vivienda\/","og_site_name":"Centro Urbano","article_publisher":"https:\/\/www.facebook.com\/portalcentrourbano","article_published_time":"2020-06-29T23:00:42+00:00","article_modified_time":"2020-06-30T00:36:12+00:00","og_image":[{"width":852,"height":480,"url":"https:\/\/centrourbano.com\/revista\/wp-content\/uploads\/Extienden-un-mes-facilidades-para-reestructurar-cr\u00e9ditos-en-vivienda-Cr\u00e9ditos.png","type":"image\/png"}],"author":"Edgar Rosas","twitter_card":"summary_large_image","twitter_creator":"@https:\/\/twitter.com\/ERosasCU?s=09","twitter_site":"@CentroUrbano","twitter_misc":{"Escrito por":"Edgar Rosas","Tiempo de lectura":"2 minutos"},"schema":{"@context":"https:\/\/schema.org","@graph":[{"@type":"Article","@id":"https:\/\/centrourbano.com\/revista\/vivienda\/extienden-un-mes-facilidades-para-reestructurar-creditos-en-vivienda\/#article","isPartOf":{"@id":"https:\/\/centrourbano.com\/revista\/vivienda\/extienden-un-mes-facilidades-para-reestructurar-creditos-en-vivienda\/"},"author":{"name":"Edgar Rosas","@id":"https:\/\/centrourbano.com\/revista\/#\/schema\/person\/ff3c00651ce5b1630479d2cd0c2e3ac0"},"headline":"Extienden un mes facilidades para reestructurar cr\u00e9ditos en vivienda","datePublished":"2020-06-29T23:00:42+00:00","dateModified":"2020-06-30T00:36:12+00:00","mainEntityOfPage":{"@id":"https:\/\/centrourbano.com\/revista\/vivienda\/extienden-un-mes-facilidades-para-reestructurar-creditos-en-vivienda\/"},"wordCount":456,"commentCount":0,"publisher":{"@id":"https:\/\/centrourbano.com\/revista\/#organization"},"image":{"@id":"https:\/\/centrourbano.com\/revista\/vivienda\/extienden-un-mes-facilidades-para-reestructurar-creditos-en-vivienda\/#primaryimage"},"thumbnailUrl":"https:\/\/centrourbano.com\/revista\/wp-content\/uploads\/Extienden-un-mes-facilidades-para-reestructurar-cr\u00e9ditos-en-vivienda-Cr\u00e9ditos.png","keywords":["CNBV","Comisi\u00f3n Nacional Bancaria y de Valores","Cr\u00e9ditos","criterios contables especiales","reestructuras","Secretar\u00eda de Hacienda y Cr\u00e9dito P\u00fablico","SHF"],"articleSection":["Actualidad","Vivienda"],"inLanguage":"es","potentialAction":[{"@type":"CommentAction","name":"Comment","target":["https:\/\/centrourbano.com\/revista\/vivienda\/extienden-un-mes-facilidades-para-reestructurar-creditos-en-vivienda\/#respond"]}]},{"@type":"WebPage","@id":"https:\/\/centrourbano.com\/revista\/vivienda\/extienden-un-mes-facilidades-para-reestructurar-creditos-en-vivienda\/","url":"https:\/\/centrourbano.com\/revista\/vivienda\/extienden-un-mes-facilidades-para-reestructurar-creditos-en-vivienda\/","name":"Extienden un mes facilidades para reestructurar cr\u00e9ditos en vivienda","isPartOf":{"@id":"https:\/\/centrourbano.com\/revista\/#website"},"primaryImageOfPage":{"@id":"https:\/\/centrourbano.com\/revista\/vivienda\/extienden-un-mes-facilidades-para-reestructurar-creditos-en-vivienda\/#primaryimage"},"image":{"@id":"https:\/\/centrourbano.com\/revista\/vivienda\/extienden-un-mes-facilidades-para-reestructurar-creditos-en-vivienda\/#primaryimage"},"thumbnailUrl":"https:\/\/centrourbano.com\/revista\/wp-content\/uploads\/Extienden-un-mes-facilidades-para-reestructurar-cr\u00e9ditos-en-vivienda-Cr\u00e9ditos.png","datePublished":"2020-06-29T23:00:42+00:00","dateModified":"2020-06-30T00:36:12+00:00","description":"Las instituciones financieras podr\u00e1n recibir y procesar solicitudes para reestructurar cr\u00e9ditos. Extienden un mes facilidades para reestructurar cr\u00e9ditos","breadcrumb":{"@id":"https:\/\/centrourbano.com\/revista\/vivienda\/extienden-un-mes-facilidades-para-reestructurar-creditos-en-vivienda\/#breadcrumb"},"inLanguage":"es","potentialAction":[{"@type":"ReadAction","target":["https:\/\/centrourbano.com\/revista\/vivienda\/extienden-un-mes-facilidades-para-reestructurar-creditos-en-vivienda\/"]}]},{"@type":"ImageObject","inLanguage":"es","@id":"https:\/\/centrourbano.com\/revista\/vivienda\/extienden-un-mes-facilidades-para-reestructurar-creditos-en-vivienda\/#primaryimage","url":"https:\/\/centrourbano.com\/revista\/wp-content\/uploads\/Extienden-un-mes-facilidades-para-reestructurar-cr\u00e9ditos-en-vivienda-Cr\u00e9ditos.png","contentUrl":"https:\/\/centrourbano.com\/revista\/wp-content\/uploads\/Extienden-un-mes-facilidades-para-reestructurar-cr\u00e9ditos-en-vivienda-Cr\u00e9ditos.png","width":852,"height":480,"caption":"Extienden un mes facilidades para reestructurar cr\u00e9ditos en vivienda-Cr\u00e9ditos"},{"@type":"BreadcrumbList","@id":"https:\/\/centrourbano.com\/revista\/vivienda\/extienden-un-mes-facilidades-para-reestructurar-creditos-en-vivienda\/#breadcrumb","itemListElement":[{"@type":"ListItem","position":1,"name":"Portada","item":"https:\/\/centrourbano.com\/revista\/"},{"@type":"ListItem","position":2,"name":"Extienden un mes facilidades para reestructurar cr\u00e9ditos en vivienda"}]},{"@type":"WebSite","@id":"https:\/\/centrourbano.com\/revista\/#website","url":"https:\/\/centrourbano.com\/revista\/","name":"Centro Urbano","description":"Medio especializado en los sectores vivienda, inmobiliario, construcci\u00f3n, arquitectura y urbanismo.","publisher":{"@id":"https:\/\/centrourbano.com\/revista\/#organization"},"potentialAction":[{"@type":"SearchAction","target":{"@type":"EntryPoint","urlTemplate":"https:\/\/centrourbano.com\/revista\/?s={search_term_string}"},"query-input":{"@type":"PropertyValueSpecification","valueRequired":true,"valueName":"search_term_string"}}],"inLanguage":"es"},{"@type":"Organization","@id":"https:\/\/centrourbano.com\/revista\/#organization","name":"Centro Urbano","url":"https:\/\/centrourbano.com\/revista\/","logo":{"@type":"ImageObject","inLanguage":"es","@id":"https:\/\/centrourbano.com\/revista\/#\/schema\/logo\/image\/","url":"https:\/\/centrourbano.com\/revista\/wp-content\/uploads\/web_CU_logo-1.png","contentUrl":"https:\/\/centrourbano.com\/revista\/wp-content\/uploads\/web_CU_logo-1.png","width":350,"height":91,"caption":"Centro Urbano"},"image":{"@id":"https:\/\/centrourbano.com\/revista\/#\/schema\/logo\/image\/"},"sameAs":["https:\/\/www.facebook.com\/portalcentrourbano","https:\/\/x.com\/CentroUrbano","https:\/\/www.instagram.com\/centro_urbano\/","https:\/\/www.linkedin.com\/company\/centro-urbano\/","http:\/\/www.youtube.com\/user\/portalcentrourbano"]},{"@type":"Person","@id":"https:\/\/centrourbano.com\/revista\/#\/schema\/person\/ff3c00651ce5b1630479d2cd0c2e3ac0","name":"Edgar Rosas","image":{"@type":"ImageObject","inLanguage":"es","@id":"https:\/\/secure.gravatar.com\/avatar\/94440c4283495211faa5300bf85e80061036b83fced868c3783aa1310b350d9c?s=96&d=mm&r=g","url":"https:\/\/secure.gravatar.com\/avatar\/94440c4283495211faa5300bf85e80061036b83fced868c3783aa1310b350d9c?s=96&d=mm&r=g","contentUrl":"https:\/\/secure.gravatar.com\/avatar\/94440c4283495211faa5300bf85e80061036b83fced868c3783aa1310b350d9c?s=96&d=mm&r=g","caption":"Edgar Rosas"},"description":"Editor en Jefe de Centro Urbano. Egresado de la maestr\u00eda en Periodismo Pol\u00edtico de la Escuela de Periodismo Carlos Septi\u00e9n Garc\u00eda (EPCSG). Estudi\u00f3 la licenciatura en Comunicaci\u00f3n en la Universidad Mexicana. Amante de la cr\u00f3nica y el reportaje. Admirador de Vicente Le\u00f1ero y Miguel \u00c1ngel Granados Chapa.","sameAs":["https:\/\/x.com\/https:\/\/twitter.com\/ERosasCU?s=09"],"url":"https:\/\/centrourbano.com\/revista\/author\/edgar-rosas\/"}]}},"_links":{"self":[{"href":"https:\/\/centrourbano.com\/revista\/wp-json\/wp\/v2\/posts\/108678","targetHints":{"allow":["GET"]}}],"collection":[{"href":"https:\/\/centrourbano.com\/revista\/wp-json\/wp\/v2\/posts"}],"about":[{"href":"https:\/\/centrourbano.com\/revista\/wp-json\/wp\/v2\/types\/post"}],"author":[{"embeddable":true,"href":"https:\/\/centrourbano.com\/revista\/wp-json\/wp\/v2\/users\/47"}],"replies":[{"embeddable":true,"href":"https:\/\/centrourbano.com\/revista\/wp-json\/wp\/v2\/comments?post=108678"}],"version-history":[{"count":3,"href":"https:\/\/centrourbano.com\/revista\/wp-json\/wp\/v2\/posts\/108678\/revisions"}],"predecessor-version":[{"id":108682,"href":"https:\/\/centrourbano.com\/revista\/wp-json\/wp\/v2\/posts\/108678\/revisions\/108682"}],"wp:featuredmedia":[{"embeddable":true,"href":"https:\/\/centrourbano.com\/revista\/wp-json\/wp\/v2\/media\/108679"}],"wp:attachment":[{"href":"https:\/\/centrourbano.com\/revista\/wp-json\/wp\/v2\/media?parent=108678"}],"wp:term":[{"taxonomy":"category","embeddable":true,"href":"https:\/\/centrourbano.com\/revista\/wp-json\/wp\/v2\/categories?post=108678"},{"taxonomy":"post_tag","embeddable":true,"href":"https:\/\/centrourbano.com\/revista\/wp-json\/wp\/v2\/tags?post=108678"}],"curies":[{"name":"wp","href":"https:\/\/api.w.org\/{rel}","templated":true}]}}