{"id":108660,"date":"2020-06-30T09:00:08","date_gmt":"2020-06-30T14:00:08","guid":{"rendered":"https:\/\/centrourbano.com\/?p=108660"},"modified":"2020-06-30T15:36:14","modified_gmt":"2020-06-30T20:36:14","slug":"para-agosto-lista-la-rehabilitacion-del-angel-de-la-independencia","status":"publish","type":"post","link":"https:\/\/centrourbano.com\/revista\/arquitectura-2\/para-agosto-lista-la-rehabilitacion-del-angel-de-la-independencia\/","title":{"rendered":"Para agosto, lista la rehabilitaci\u00f3n del \u00c1ngel de la Independencia"},"content":{"rendered":"<p><em>La rehabilitaci\u00f3n del \u00c1ngel de la Independencia cont\u00f3 con una inversi\u00f3n de 14 millones de pesos; su avance al 25 de junio es del 56 por ciento<\/em><\/p>\n<p><!--more--><\/p>\n<p>El gobierno de la Ciudad de M\u00e9xico dio a conocer <strong>que la rehabilitaci\u00f3n del \u00c1ngel de la Independencia<\/strong> en Paseo de la <strong>Reforma ser\u00e1 concluida a finales del mes de agosto pr\u00f3ximo<\/strong>, luego de reportar una <strong>avance del 56%<\/strong> en su restauraci\u00f3n.<\/p>\n<p>Con una <strong>inversi\u00f3n de 14 millones de pesos<\/strong> (mdp), los trabajos en la emblem\u00e1tica columna ser\u00e1n concluidos. Cabe recordar que, seg\u00fan la <a href=\"https:\/\/twitter.com\/SOBSECDMX\">Secretar\u00eda de Obras y Servicios (Sobse)<\/a>, los da\u00f1os principales al monumento surgieron en los sismos de septiembre de 2017.<\/p>\n<p>Estos son los trabajos principales:<\/p>\n<ul>\n<li>Estudios t\u00e9cnicos,<\/li>\n<li>Instalaci\u00f3n del andamio de 42 metros de altura,<\/li>\n<li>Sistema de refuerzo temporal<\/li>\n<li>Reemplazo de las placas afectadas<\/li>\n<\/ul>\n<p>El proyecto de intervenci\u00f3n, explico Jes\u00fas Esteva Medina, titular de la Sobse, se lleva a cabo en colaboraci\u00f3n con la UNAM, la Secretar\u00eda de Cultura capitalina y el Instituto Nacional de Bellas Artes y Literatura (INBAL).<\/p>\n<h3>Intervenci\u00f3n evita da\u00f1os mayores en \u00faltimo sismo<\/h3>\n<p>Cabe mencionar que las obras actuales de reforzamiento de la estructura evitaron que el sismo m\u00e1s reciente, del 23 de junio pasado, da\u00f1aran el monumento. As\u00ed lo expreso la jefa de gobierno:<\/p>\n<p>\u201cAfortunadamente ten\u00eda esta estructura (anillos y cables tensores) para el sismo que vivimos hace dos d\u00edas, si no, hubiera tenido probablemente muchos m\u00e1s da\u00f1os.<\/p>\n<p>\u201cEntonces, gracias a que se inici\u00f3 este trabajo a cargo de la Secretar\u00eda de Obras, fue que el \u00c1ngel no tuvo da\u00f1os y con esta intervenci\u00f3n integral basada en estudios estructurales, le va a dar much\u00edsimos m\u00e1s a\u00f1os al \u00c1ngel de la Independencia, este \u00edcono tan importante de la Ciudad de M\u00e9xico\u201d<\/p>\n<h3>\u00cdcono de la metr\u00f3poli<\/h3>\n<p>La jefa de gobierno, Claudia Sheinbaum Pardo record\u00f3 que desde su concepci\u00f3n<strong>, el \u00c1ngel<\/strong> se ha convertido ya en <strong>un \u00edcono de la capital<\/strong> del pa\u00eds. Adem\u00e1s de estar en una de las avenidas m\u00e1s importantes y referentes tambi\u00e9n de la metr\u00f3poli mexicana, Paseo de la Reforma.<\/p>\n<p>Sheinbaum Pardo se congratul\u00f3 de <strong>la experiencia de los t\u00e9cnicos del Instituto de Ingenier\u00eda de la UNAM<\/strong> en las labores de revisi\u00f3n t\u00e9cnica del suelo y de la columna; aquellos han colaborado en el dise\u00f1o, revisi\u00f3n y nivelaci\u00f3n de la Catedral Metropolitana, Segundo Piso del Perif\u00e9rico, y una de las actuales obras insignia de la administraci\u00f3n capitalina, el Cableb\u00fas.<\/p>\n","protected":false},"excerpt":{"rendered":"<p>La rehabilitaci\u00f3n del \u00c1ngel de la Independencia cont\u00f3 con una inversi\u00f3n de 14 millones de pesos; su avance al 25 de junio es del 56 por ciento<\/p>\n","protected":false},"author":75,"featured_media":108661,"comment_status":"open","ping_status":"closed","sticky":false,"template":"","format":"standard","meta":{"om_disable_all_campaigns":false,"inline_featured_image":false,"_monsterinsights_skip_tracking":false,"_monsterinsights_sitenote_active":false,"_monsterinsights_sitenote_note":"","_monsterinsights_sitenote_category":0,"footnotes":""},"categories":[81,82],"tags":[2206,606,290,10943,18859,10026,689,1725,158],"class_list":["post-108660","post","type-post","status-publish","format-standard","has-post-thumbnail","hentry","category-arquitectura-2","category-urbanismo","tag-angel-de-la-independencia","tag-cdmx","tag-ciudad-de-mexico","tag-independencia","tag-labores-de-restauracion","tag-monumento","tag-paseo-de-la-reforma","tag-patrimonio-historico","tag-rehabilitacion"],"yoast_head":"<!-- This site is optimized with the Yoast SEO plugin v27.4 - https:\/\/yoast.com\/product\/yoast-seo-wordpress\/ -->\n<title>Para agosto, lista la rehabilitaci\u00f3n del \u00c1ngel de la Independencia<\/title>\n<meta name=\"description\" content=\"La rehabilitaci\u00f3n del \u00c1ngel de la Independencia cont\u00f3 con una inversi\u00f3n de 14 millones de pesos; su avance al 25 de junio es del 56 por ciento\" \/>\n<meta name=\"robots\" content=\"index, follow, max-snippet:-1, max-image-preview:large, max-video-preview:-1\" \/>\n<link rel=\"canonical\" href=\"https:\/\/centrourbano.com\/revista\/arquitectura-2\/para-agosto-lista-la-rehabilitacion-del-angel-de-la-independencia\/\" \/>\n<meta property=\"og:locale\" content=\"es_ES\" \/>\n<meta property=\"og:type\" content=\"article\" \/>\n<meta property=\"og:title\" content=\"Para agosto, lista la rehabilitaci\u00f3n del \u00c1ngel de la Independencia\" \/>\n<meta property=\"og:description\" content=\"La rehabilitaci\u00f3n del \u00c1ngel de la Independencia cont\u00f3 con una inversi\u00f3n de 14 millones de pesos; su avance al 25 de junio es del 56 por ciento\" \/>\n<meta property=\"og:url\" content=\"https:\/\/centrourbano.com\/revista\/arquitectura-2\/para-agosto-lista-la-rehabilitacion-del-angel-de-la-independencia\/\" \/>\n<meta property=\"og:site_name\" content=\"Centro Urbano\" \/>\n<meta property=\"article:publisher\" content=\"https:\/\/www.facebook.com\/portalcentrourbano\" \/>\n<meta property=\"article:published_time\" content=\"2020-06-30T14:00:08+00:00\" \/>\n<meta property=\"article:modified_time\" content=\"2020-06-30T20:36:14+00:00\" \/>\n<meta property=\"og:image\" content=\"https:\/\/centrourbano.com\/revista\/wp-content\/uploads\/Rehabilitaci\u00f3n-Angel-de-la-Independencia.jpg\" \/>\n\t<meta property=\"og:image:width\" content=\"1280\" \/>\n\t<meta property=\"og:image:height\" content=\"853\" \/>\n\t<meta property=\"og:image:type\" content=\"image\/jpeg\" \/>\n<meta name=\"author\" content=\"Antonio Garc\u00eda\" \/>\n<meta name=\"twitter:card\" content=\"summary_large_image\" \/>\n<meta name=\"twitter:creator\" content=\"@https:\/\/twitter.com\/TGarper\" \/>\n<meta name=\"twitter:site\" content=\"@CentroUrbano\" \/>\n<meta name=\"twitter:label1\" content=\"Escrito por\" \/>\n\t<meta name=\"twitter:data1\" content=\"Antonio Garc\u00eda\" \/>\n\t<meta name=\"twitter:label2\" content=\"Tiempo de lectura\" \/>\n\t<meta name=\"twitter:data2\" content=\"2 minutos\" \/>\n<script type=\"application\/ld+json\" class=\"yoast-schema-graph\">{\"@context\":\"https:\\\/\\\/schema.org\",\"@graph\":[{\"@type\":\"Article\",\"@id\":\"https:\\\/\\\/centrourbano.com\\\/revista\\\/arquitectura-2\\\/para-agosto-lista-la-rehabilitacion-del-angel-de-la-independencia\\\/#article\",\"isPartOf\":{\"@id\":\"https:\\\/\\\/centrourbano.com\\\/revista\\\/arquitectura-2\\\/para-agosto-lista-la-rehabilitacion-del-angel-de-la-independencia\\\/\"},\"author\":{\"name\":\"Antonio Garc\u00eda\",\"@id\":\"https:\\\/\\\/centrourbano.com\\\/revista\\\/#\\\/schema\\\/person\\\/d12ede3164a0881bab68f5868d5dfe8c\"},\"headline\":\"Para agosto, lista la rehabilitaci\u00f3n del \u00c1ngel de la Independencia\",\"datePublished\":\"2020-06-30T14:00:08+00:00\",\"dateModified\":\"2020-06-30T20:36:14+00:00\",\"mainEntityOfPage\":{\"@id\":\"https:\\\/\\\/centrourbano.com\\\/revista\\\/arquitectura-2\\\/para-agosto-lista-la-rehabilitacion-del-angel-de-la-independencia\\\/\"},\"wordCount\":448,\"commentCount\":0,\"publisher\":{\"@id\":\"https:\\\/\\\/centrourbano.com\\\/revista\\\/#organization\"},\"image\":{\"@id\":\"https:\\\/\\\/centrourbano.com\\\/revista\\\/arquitectura-2\\\/para-agosto-lista-la-rehabilitacion-del-angel-de-la-independencia\\\/#primaryimage\"},\"thumbnailUrl\":\"https:\\\/\\\/centrourbano.com\\\/revista\\\/wp-content\\\/uploads\\\/Rehabilitaci\u00f3n-Angel-de-la-Independencia.jpg\",\"keywords\":[\"Angel de la Independencia\",\"CDMX\",\"ciudad de M\u00e9xico\",\"Independencia\",\"labores de restauraci\u00f3n\",\"monumento\",\"Paseo de la Reforma\",\"patrimonio hist\u00f3rico\",\"Rehabilitaci\u00f3n\"],\"articleSection\":[\"Arquitectura\",\"Urbanismo\"],\"inLanguage\":\"es\",\"potentialAction\":[{\"@type\":\"CommentAction\",\"name\":\"Comment\",\"target\":[\"https:\\\/\\\/centrourbano.com\\\/revista\\\/arquitectura-2\\\/para-agosto-lista-la-rehabilitacion-del-angel-de-la-independencia\\\/#respond\"]}]},{\"@type\":\"WebPage\",\"@id\":\"https:\\\/\\\/centrourbano.com\\\/revista\\\/arquitectura-2\\\/para-agosto-lista-la-rehabilitacion-del-angel-de-la-independencia\\\/\",\"url\":\"https:\\\/\\\/centrourbano.com\\\/revista\\\/arquitectura-2\\\/para-agosto-lista-la-rehabilitacion-del-angel-de-la-independencia\\\/\",\"name\":\"Para agosto, lista la rehabilitaci\u00f3n del \u00c1ngel de la Independencia\",\"isPartOf\":{\"@id\":\"https:\\\/\\\/centrourbano.com\\\/revista\\\/#website\"},\"primaryImageOfPage\":{\"@id\":\"https:\\\/\\\/centrourbano.com\\\/revista\\\/arquitectura-2\\\/para-agosto-lista-la-rehabilitacion-del-angel-de-la-independencia\\\/#primaryimage\"},\"image\":{\"@id\":\"https:\\\/\\\/centrourbano.com\\\/revista\\\/arquitectura-2\\\/para-agosto-lista-la-rehabilitacion-del-angel-de-la-independencia\\\/#primaryimage\"},\"thumbnailUrl\":\"https:\\\/\\\/centrourbano.com\\\/revista\\\/wp-content\\\/uploads\\\/Rehabilitaci\u00f3n-Angel-de-la-Independencia.jpg\",\"datePublished\":\"2020-06-30T14:00:08+00:00\",\"dateModified\":\"2020-06-30T20:36:14+00:00\",\"description\":\"La rehabilitaci\u00f3n del \u00c1ngel de la Independencia cont\u00f3 con una inversi\u00f3n de 14 millones de pesos; su avance al 25 de junio es del 56 por ciento\",\"breadcrumb\":{\"@id\":\"https:\\\/\\\/centrourbano.com\\\/revista\\\/arquitectura-2\\\/para-agosto-lista-la-rehabilitacion-del-angel-de-la-independencia\\\/#breadcrumb\"},\"inLanguage\":\"es\",\"potentialAction\":[{\"@type\":\"ReadAction\",\"target\":[\"https:\\\/\\\/centrourbano.com\\\/revista\\\/arquitectura-2\\\/para-agosto-lista-la-rehabilitacion-del-angel-de-la-independencia\\\/\"]}]},{\"@type\":\"ImageObject\",\"inLanguage\":\"es\",\"@id\":\"https:\\\/\\\/centrourbano.com\\\/revista\\\/arquitectura-2\\\/para-agosto-lista-la-rehabilitacion-del-angel-de-la-independencia\\\/#primaryimage\",\"url\":\"https:\\\/\\\/centrourbano.com\\\/revista\\\/wp-content\\\/uploads\\\/Rehabilitaci\u00f3n-Angel-de-la-Independencia.jpg\",\"contentUrl\":\"https:\\\/\\\/centrourbano.com\\\/revista\\\/wp-content\\\/uploads\\\/Rehabilitaci\u00f3n-Angel-de-la-Independencia.jpg\",\"width\":1280,\"height\":853,\"caption\":\"La rehabilitaci\u00f3n del \u00c1ngel de la Independencia cont\u00f3 con una inversi\u00f3n de 14 millones de pesos; su avance al 25 de junio es del 56 por ciento\"},{\"@type\":\"BreadcrumbList\",\"@id\":\"https:\\\/\\\/centrourbano.com\\\/revista\\\/arquitectura-2\\\/para-agosto-lista-la-rehabilitacion-del-angel-de-la-independencia\\\/#breadcrumb\",\"itemListElement\":[{\"@type\":\"ListItem\",\"position\":1,\"name\":\"Portada\",\"item\":\"https:\\\/\\\/centrourbano.com\\\/revista\\\/\"},{\"@type\":\"ListItem\",\"position\":2,\"name\":\"Para agosto, lista la rehabilitaci\u00f3n del \u00c1ngel de la Independencia\"}]},{\"@type\":\"WebSite\",\"@id\":\"https:\\\/\\\/centrourbano.com\\\/revista\\\/#website\",\"url\":\"https:\\\/\\\/centrourbano.com\\\/revista\\\/\",\"name\":\"Centro Urbano\",\"description\":\"Medio especializado en los sectores vivienda, inmobiliario, construcci\u00f3n, arquitectura y urbanismo.\",\"publisher\":{\"@id\":\"https:\\\/\\\/centrourbano.com\\\/revista\\\/#organization\"},\"potentialAction\":[{\"@type\":\"SearchAction\",\"target\":{\"@type\":\"EntryPoint\",\"urlTemplate\":\"https:\\\/\\\/centrourbano.com\\\/revista\\\/?s={search_term_string}\"},\"query-input\":{\"@type\":\"PropertyValueSpecification\",\"valueRequired\":true,\"valueName\":\"search_term_string\"}}],\"inLanguage\":\"es\"},{\"@type\":\"Organization\",\"@id\":\"https:\\\/\\\/centrourbano.com\\\/revista\\\/#organization\",\"name\":\"Centro Urbano\",\"url\":\"https:\\\/\\\/centrourbano.com\\\/revista\\\/\",\"logo\":{\"@type\":\"ImageObject\",\"inLanguage\":\"es\",\"@id\":\"https:\\\/\\\/centrourbano.com\\\/revista\\\/#\\\/schema\\\/logo\\\/image\\\/\",\"url\":\"https:\\\/\\\/centrourbano.com\\\/revista\\\/wp-content\\\/uploads\\\/web_CU_logo-1.png\",\"contentUrl\":\"https:\\\/\\\/centrourbano.com\\\/revista\\\/wp-content\\\/uploads\\\/web_CU_logo-1.png\",\"width\":350,\"height\":91,\"caption\":\"Centro Urbano\"},\"image\":{\"@id\":\"https:\\\/\\\/centrourbano.com\\\/revista\\\/#\\\/schema\\\/logo\\\/image\\\/\"},\"sameAs\":[\"https:\\\/\\\/www.facebook.com\\\/portalcentrourbano\",\"https:\\\/\\\/x.com\\\/CentroUrbano\",\"https:\\\/\\\/www.instagram.com\\\/centro_urbano\\\/\",\"https:\\\/\\\/www.linkedin.com\\\/company\\\/centro-urbano\\\/\",\"http:\\\/\\\/www.youtube.com\\\/user\\\/portalcentrourbano\"]},{\"@type\":\"Person\",\"@id\":\"https:\\\/\\\/centrourbano.com\\\/revista\\\/#\\\/schema\\\/person\\\/d12ede3164a0881bab68f5868d5dfe8c\",\"name\":\"Antonio Garc\u00eda\",\"image\":{\"@type\":\"ImageObject\",\"inLanguage\":\"es\",\"@id\":\"https:\\\/\\\/secure.gravatar.com\\\/avatar\\\/68b7fcfc82d16a702310836698db1d823c3fb3b28e1f0938164455de47d96d82?s=96&d=mm&r=g\",\"url\":\"https:\\\/\\\/secure.gravatar.com\\\/avatar\\\/68b7fcfc82d16a702310836698db1d823c3fb3b28e1f0938164455de47d96d82?s=96&d=mm&r=g\",\"contentUrl\":\"https:\\\/\\\/secure.gravatar.com\\\/avatar\\\/68b7fcfc82d16a702310836698db1d823c3fb3b28e1f0938164455de47d96d82?s=96&d=mm&r=g\",\"caption\":\"Antonio Garc\u00eda\"},\"description\":\"Integrante del equipo editorial en Centro Urbano. Egresado de la carrera de Econom\u00eda (preespecialidad en Desarrollo Regional) en el IPN y de Matem\u00e1ticas Aplicadas y Computaci\u00f3n en la UNAM. Apasionado de los temas inherentes al desarrollo urbano-regional y estudios formales -e informales- sobre la ciudad y la econom\u00eda urbana.\",\"sameAs\":[\"https:\\\/\\\/www.instagram.com\\\/caminante_en_la_ciudad\\\/?hl=es-la\",\"https:\\\/\\\/x.com\\\/https:\\\/\\\/twitter.com\\\/TGarper\"],\"url\":\"https:\\\/\\\/centrourbano.com\\\/revista\\\/author\\\/antonio-garcia\\\/\"}]}<\/script>\n<!-- \/ Yoast SEO plugin. -->","yoast_head_json":{"title":"Para agosto, lista la rehabilitaci\u00f3n del \u00c1ngel de la Independencia","description":"La rehabilitaci\u00f3n del \u00c1ngel de la Independencia cont\u00f3 con una inversi\u00f3n de 14 millones de pesos; su avance al 25 de junio es del 56 por ciento","robots":{"index":"index","follow":"follow","max-snippet":"max-snippet:-1","max-image-preview":"max-image-preview:large","max-video-preview":"max-video-preview:-1"},"canonical":"https:\/\/centrourbano.com\/revista\/arquitectura-2\/para-agosto-lista-la-rehabilitacion-del-angel-de-la-independencia\/","og_locale":"es_ES","og_type":"article","og_title":"Para agosto, lista la rehabilitaci\u00f3n del \u00c1ngel de la Independencia","og_description":"La rehabilitaci\u00f3n del \u00c1ngel de la Independencia cont\u00f3 con una inversi\u00f3n de 14 millones de pesos; su avance al 25 de junio es del 56 por ciento","og_url":"https:\/\/centrourbano.com\/revista\/arquitectura-2\/para-agosto-lista-la-rehabilitacion-del-angel-de-la-independencia\/","og_site_name":"Centro Urbano","article_publisher":"https:\/\/www.facebook.com\/portalcentrourbano","article_published_time":"2020-06-30T14:00:08+00:00","article_modified_time":"2020-06-30T20:36:14+00:00","og_image":[{"width":1280,"height":853,"url":"https:\/\/centrourbano.com\/revista\/wp-content\/uploads\/Rehabilitaci\u00f3n-Angel-de-la-Independencia.jpg","type":"image\/jpeg"}],"author":"Antonio Garc\u00eda","twitter_card":"summary_large_image","twitter_creator":"@https:\/\/twitter.com\/TGarper","twitter_site":"@CentroUrbano","twitter_misc":{"Escrito por":"Antonio Garc\u00eda","Tiempo de lectura":"2 minutos"},"schema":{"@context":"https:\/\/schema.org","@graph":[{"@type":"Article","@id":"https:\/\/centrourbano.com\/revista\/arquitectura-2\/para-agosto-lista-la-rehabilitacion-del-angel-de-la-independencia\/#article","isPartOf":{"@id":"https:\/\/centrourbano.com\/revista\/arquitectura-2\/para-agosto-lista-la-rehabilitacion-del-angel-de-la-independencia\/"},"author":{"name":"Antonio Garc\u00eda","@id":"https:\/\/centrourbano.com\/revista\/#\/schema\/person\/d12ede3164a0881bab68f5868d5dfe8c"},"headline":"Para agosto, lista la rehabilitaci\u00f3n del \u00c1ngel de la Independencia","datePublished":"2020-06-30T14:00:08+00:00","dateModified":"2020-06-30T20:36:14+00:00","mainEntityOfPage":{"@id":"https:\/\/centrourbano.com\/revista\/arquitectura-2\/para-agosto-lista-la-rehabilitacion-del-angel-de-la-independencia\/"},"wordCount":448,"commentCount":0,"publisher":{"@id":"https:\/\/centrourbano.com\/revista\/#organization"},"image":{"@id":"https:\/\/centrourbano.com\/revista\/arquitectura-2\/para-agosto-lista-la-rehabilitacion-del-angel-de-la-independencia\/#primaryimage"},"thumbnailUrl":"https:\/\/centrourbano.com\/revista\/wp-content\/uploads\/Rehabilitaci\u00f3n-Angel-de-la-Independencia.jpg","keywords":["Angel de la Independencia","CDMX","ciudad de M\u00e9xico","Independencia","labores de restauraci\u00f3n","monumento","Paseo de la Reforma","patrimonio hist\u00f3rico","Rehabilitaci\u00f3n"],"articleSection":["Arquitectura","Urbanismo"],"inLanguage":"es","potentialAction":[{"@type":"CommentAction","name":"Comment","target":["https:\/\/centrourbano.com\/revista\/arquitectura-2\/para-agosto-lista-la-rehabilitacion-del-angel-de-la-independencia\/#respond"]}]},{"@type":"WebPage","@id":"https:\/\/centrourbano.com\/revista\/arquitectura-2\/para-agosto-lista-la-rehabilitacion-del-angel-de-la-independencia\/","url":"https:\/\/centrourbano.com\/revista\/arquitectura-2\/para-agosto-lista-la-rehabilitacion-del-angel-de-la-independencia\/","name":"Para agosto, lista la rehabilitaci\u00f3n del \u00c1ngel de la Independencia","isPartOf":{"@id":"https:\/\/centrourbano.com\/revista\/#website"},"primaryImageOfPage":{"@id":"https:\/\/centrourbano.com\/revista\/arquitectura-2\/para-agosto-lista-la-rehabilitacion-del-angel-de-la-independencia\/#primaryimage"},"image":{"@id":"https:\/\/centrourbano.com\/revista\/arquitectura-2\/para-agosto-lista-la-rehabilitacion-del-angel-de-la-independencia\/#primaryimage"},"thumbnailUrl":"https:\/\/centrourbano.com\/revista\/wp-content\/uploads\/Rehabilitaci\u00f3n-Angel-de-la-Independencia.jpg","datePublished":"2020-06-30T14:00:08+00:00","dateModified":"2020-06-30T20:36:14+00:00","description":"La rehabilitaci\u00f3n del \u00c1ngel de la Independencia cont\u00f3 con una inversi\u00f3n de 14 millones de pesos; su avance al 25 de junio es del 56 por ciento","breadcrumb":{"@id":"https:\/\/centrourbano.com\/revista\/arquitectura-2\/para-agosto-lista-la-rehabilitacion-del-angel-de-la-independencia\/#breadcrumb"},"inLanguage":"es","potentialAction":[{"@type":"ReadAction","target":["https:\/\/centrourbano.com\/revista\/arquitectura-2\/para-agosto-lista-la-rehabilitacion-del-angel-de-la-independencia\/"]}]},{"@type":"ImageObject","inLanguage":"es","@id":"https:\/\/centrourbano.com\/revista\/arquitectura-2\/para-agosto-lista-la-rehabilitacion-del-angel-de-la-independencia\/#primaryimage","url":"https:\/\/centrourbano.com\/revista\/wp-content\/uploads\/Rehabilitaci\u00f3n-Angel-de-la-Independencia.jpg","contentUrl":"https:\/\/centrourbano.com\/revista\/wp-content\/uploads\/Rehabilitaci\u00f3n-Angel-de-la-Independencia.jpg","width":1280,"height":853,"caption":"La rehabilitaci\u00f3n del \u00c1ngel de la Independencia cont\u00f3 con una inversi\u00f3n de 14 millones de pesos; su avance al 25 de junio es del 56 por ciento"},{"@type":"BreadcrumbList","@id":"https:\/\/centrourbano.com\/revista\/arquitectura-2\/para-agosto-lista-la-rehabilitacion-del-angel-de-la-independencia\/#breadcrumb","itemListElement":[{"@type":"ListItem","position":1,"name":"Portada","item":"https:\/\/centrourbano.com\/revista\/"},{"@type":"ListItem","position":2,"name":"Para agosto, lista la rehabilitaci\u00f3n del \u00c1ngel de la Independencia"}]},{"@type":"WebSite","@id":"https:\/\/centrourbano.com\/revista\/#website","url":"https:\/\/centrourbano.com\/revista\/","name":"Centro Urbano","description":"Medio especializado en los sectores vivienda, inmobiliario, construcci\u00f3n, arquitectura y urbanismo.","publisher":{"@id":"https:\/\/centrourbano.com\/revista\/#organization"},"potentialAction":[{"@type":"SearchAction","target":{"@type":"EntryPoint","urlTemplate":"https:\/\/centrourbano.com\/revista\/?s={search_term_string}"},"query-input":{"@type":"PropertyValueSpecification","valueRequired":true,"valueName":"search_term_string"}}],"inLanguage":"es"},{"@type":"Organization","@id":"https:\/\/centrourbano.com\/revista\/#organization","name":"Centro Urbano","url":"https:\/\/centrourbano.com\/revista\/","logo":{"@type":"ImageObject","inLanguage":"es","@id":"https:\/\/centrourbano.com\/revista\/#\/schema\/logo\/image\/","url":"https:\/\/centrourbano.com\/revista\/wp-content\/uploads\/web_CU_logo-1.png","contentUrl":"https:\/\/centrourbano.com\/revista\/wp-content\/uploads\/web_CU_logo-1.png","width":350,"height":91,"caption":"Centro Urbano"},"image":{"@id":"https:\/\/centrourbano.com\/revista\/#\/schema\/logo\/image\/"},"sameAs":["https:\/\/www.facebook.com\/portalcentrourbano","https:\/\/x.com\/CentroUrbano","https:\/\/www.instagram.com\/centro_urbano\/","https:\/\/www.linkedin.com\/company\/centro-urbano\/","http:\/\/www.youtube.com\/user\/portalcentrourbano"]},{"@type":"Person","@id":"https:\/\/centrourbano.com\/revista\/#\/schema\/person\/d12ede3164a0881bab68f5868d5dfe8c","name":"Antonio Garc\u00eda","image":{"@type":"ImageObject","inLanguage":"es","@id":"https:\/\/secure.gravatar.com\/avatar\/68b7fcfc82d16a702310836698db1d823c3fb3b28e1f0938164455de47d96d82?s=96&d=mm&r=g","url":"https:\/\/secure.gravatar.com\/avatar\/68b7fcfc82d16a702310836698db1d823c3fb3b28e1f0938164455de47d96d82?s=96&d=mm&r=g","contentUrl":"https:\/\/secure.gravatar.com\/avatar\/68b7fcfc82d16a702310836698db1d823c3fb3b28e1f0938164455de47d96d82?s=96&d=mm&r=g","caption":"Antonio Garc\u00eda"},"description":"Integrante del equipo editorial en Centro Urbano. Egresado de la carrera de Econom\u00eda (preespecialidad en Desarrollo Regional) en el IPN y de Matem\u00e1ticas Aplicadas y Computaci\u00f3n en la UNAM. Apasionado de los temas inherentes al desarrollo urbano-regional y estudios formales -e informales- sobre la ciudad y la econom\u00eda urbana.","sameAs":["https:\/\/www.instagram.com\/caminante_en_la_ciudad\/?hl=es-la","https:\/\/x.com\/https:\/\/twitter.com\/TGarper"],"url":"https:\/\/centrourbano.com\/revista\/author\/antonio-garcia\/"}]}},"_links":{"self":[{"href":"https:\/\/centrourbano.com\/revista\/wp-json\/wp\/v2\/posts\/108660","targetHints":{"allow":["GET"]}}],"collection":[{"href":"https:\/\/centrourbano.com\/revista\/wp-json\/wp\/v2\/posts"}],"about":[{"href":"https:\/\/centrourbano.com\/revista\/wp-json\/wp\/v2\/types\/post"}],"author":[{"embeddable":true,"href":"https:\/\/centrourbano.com\/revista\/wp-json\/wp\/v2\/users\/75"}],"replies":[{"embeddable":true,"href":"https:\/\/centrourbano.com\/revista\/wp-json\/wp\/v2\/comments?post=108660"}],"version-history":[{"count":1,"href":"https:\/\/centrourbano.com\/revista\/wp-json\/wp\/v2\/posts\/108660\/revisions"}],"predecessor-version":[{"id":108662,"href":"https:\/\/centrourbano.com\/revista\/wp-json\/wp\/v2\/posts\/108660\/revisions\/108662"}],"wp:featuredmedia":[{"embeddable":true,"href":"https:\/\/centrourbano.com\/revista\/wp-json\/wp\/v2\/media\/108661"}],"wp:attachment":[{"href":"https:\/\/centrourbano.com\/revista\/wp-json\/wp\/v2\/media?parent=108660"}],"wp:term":[{"taxonomy":"category","embeddable":true,"href":"https:\/\/centrourbano.com\/revista\/wp-json\/wp\/v2\/categories?post=108660"},{"taxonomy":"post_tag","embeddable":true,"href":"https:\/\/centrourbano.com\/revista\/wp-json\/wp\/v2\/tags?post=108660"}],"curies":[{"name":"wp","href":"https:\/\/api.w.org\/{rel}","templated":true}]}}