{"id":108645,"date":"2020-06-30T15:35:50","date_gmt":"2020-06-30T20:35:50","guid":{"rendered":"https:\/\/centrourbano.com\/?p=108645"},"modified":"2020-06-30T15:38:59","modified_gmt":"2020-06-30T20:38:59","slug":"asi-sera-la-reapertura-del-centro-historico-de-la-ciudad-de-mexico","status":"publish","type":"post","link":"https:\/\/centrourbano.com\/revista\/actualidad\/asi-sera-la-reapertura-del-centro-historico-de-la-ciudad-de-mexico\/","title":{"rendered":"As\u00ed ser\u00e1 la reapertura del Centro Hist\u00f3rico de la Ciudad de M\u00e9xico"},"content":{"rendered":"<p><em>La reapertura del Centro Hist\u00f3rico traer\u00e1 consigo la operaci\u00f3n diferida de los negocios y la peatonalizaci\u00f3n de 30 calles as\u00ed como la flexibilizaci\u00f3n de 12<\/em><\/p>\n<p><!--more--><\/p>\n<p>El gobierno de la Ciudad de M\u00e9xico, a trav\u00e9s de la Secretar\u00eda de Movilidad (Semovi), dio a conocer el <strong><a href=\"https:\/\/www.autoridadcentrohistorico.cdmx.gob.mx\/storage\/app\/media\/Plan_Reapertura_CH.pdf\">Plan Reapertura del Centro Hist\u00f3rico de la CDMX<\/a><\/strong> en el que buscan establecer las estrategias bajo las cuales ser\u00e1 llevada a cabo la nueva normalidad en el primer cuadro de la capital.<\/p>\n<p>Este documento tiene como objetivo orientar acciones en 3 ejes:<\/p>\n<ol>\n<li>Apertura gradual y ordenada de comercios<\/li>\n<li>Habilitaci\u00f3n y expansi\u00f3n de espacios peatonales<\/li>\n<li>Uso flexible de las calles orientado a la sana distancia<\/li>\n<\/ol>\n<p>As\u00ed, en primera instancia, se indica que las actividades permitidas podr\u00e1n tener <strong>actividad<\/strong> en horario restringido <strong>de las 11:00 a las 17:00 horas<\/strong>.<\/p>\n<h3>Calles para la reapertura<\/h3>\n<p>La Secretar\u00eda de Movilidad ser\u00e1 la dependencia encargada de modificar y flexibilizar el uso de calles en el primer cuadro de la ciudad. En consecuencia, anunciaron que 42 calles del Centro sufrir\u00e1n alg\u00fan tipo de adecuaci\u00f3n.<\/p>\n<a href=\"https:\/\/centrourbano.com\/revista\/wp-content\/uploads\/Per\u00edmetro-de-actuaci\u00f3n.jpg\"><img loading=\"lazy\" decoding=\"async\" class=\"alignnone size-full wp-image-108648\" src=\"https:\/\/centrourbano.com\/revista\/wp-content\/uploads\/Per\u00edmetro-de-actuaci\u00f3n.jpg\" alt=\"\" width=\"575\" height=\"461\" srcset=\"https:\/\/centrourbano.com\/revista\/wp-content\/uploads\/Per\u00edmetro-de-actuaci\u00f3n.jpg 575w, https:\/\/centrourbano.com\/revista\/wp-content\/uploads\/Per\u00edmetro-de-actuaci\u00f3n-300x241.jpg 300w\" sizes=\"auto, (max-width: 575px) 100vw, 575px\" \/><\/a>\n<p>La readecuaci\u00f3n de calles tendr\u00e1 una de tres opciones disponibles: ya sea calle con operaci\u00f3n habitual, calle flexible o calle peatonal. Las primeras no modifican sus dimensiones y usos actuales (viales y peatonales).<\/p>\n<p>En las flexibles se sacrificar\u00e1 el 50% del arroyo vehicular, a favor de espacio peatonal. En las exclusivas peatonales, se suprime el arroyo vehicular en favor del flujo peatonal.<\/p>\n<a href=\"https:\/\/centrourbano.com\/revista\/wp-content\/uploads\/Modificaci\u00f3n-de-calles.jpg\"><img loading=\"lazy\" decoding=\"async\" class=\"alignnone size-large wp-image-108649\" src=\"https:\/\/centrourbano.com\/revista\/wp-content\/uploads\/Modificaci\u00f3n-de-calles-1024x499.jpg\" alt=\"\" width=\"960\" height=\"468\" srcset=\"https:\/\/centrourbano.com\/revista\/wp-content\/uploads\/Modificaci\u00f3n-de-calles-1024x499.jpg 1024w, https:\/\/centrourbano.com\/revista\/wp-content\/uploads\/Modificaci\u00f3n-de-calles-300x146.jpg 300w, https:\/\/centrourbano.com\/revista\/wp-content\/uploads\/Modificaci\u00f3n-de-calles-768x374.jpg 768w, https:\/\/centrourbano.com\/revista\/wp-content\/uploads\/Modificaci\u00f3n-de-calles.jpg 1033w\" sizes=\"auto, (max-width: 960px) 100vw, 960px\" \/><\/a>\n<p>Estas modificaciones generar\u00e1n la creaci\u00f3n de 30 nuevas calles peatonales, mismas que ser\u00e1n accesibles en veh\u00edculo solo a las personas que comprueben que viven ah\u00ed.<\/p>\n<p>La circulaci\u00f3n vehicular estar\u00e1 permitida, con restricciones de lunes a s\u00e1bado de 10:00 a 18:00 horas a partir del martes 30 de junio. El mapa completo con la readecuaci\u00f3n de calles qued\u00f3 de la siguiente manera.<\/p>\n<a href=\"https:\/\/centrourbano.com\/revista\/wp-content\/uploads\/Red-vial-para-la-reapertura.jpg\"><img loading=\"lazy\" decoding=\"async\" class=\"alignnone size-large wp-image-108650\" src=\"https:\/\/centrourbano.com\/revista\/wp-content\/uploads\/Red-vial-para-la-reapertura-1024x543.jpg\" alt=\"\" width=\"960\" height=\"509\" srcset=\"https:\/\/centrourbano.com\/revista\/wp-content\/uploads\/Red-vial-para-la-reapertura-1024x543.jpg 1024w, https:\/\/centrourbano.com\/revista\/wp-content\/uploads\/Red-vial-para-la-reapertura-300x159.jpg 300w, https:\/\/centrourbano.com\/revista\/wp-content\/uploads\/Red-vial-para-la-reapertura-768x407.jpg 768w, https:\/\/centrourbano.com\/revista\/wp-content\/uploads\/Red-vial-para-la-reapertura.jpg 1070w\" sizes=\"auto, (max-width: 960px) 100vw, 960px\" \/><\/a>\n<h3>Comercio diferido<\/h3>\n<p>La apertura de comercios ser\u00e1 al 50% con alternancia en los d\u00edas. Un d\u00eda abren los negocios con cierto n\u00famero (par\/impar), los dem\u00e1s permanecen cerrados y viceversa al siguiente d\u00eda.<\/p>\n<p>\u201cLa primera semana de apertura; los establecimientos ubicados en los predios con numeraci\u00f3n par abrir\u00e1n los lunes, mi\u00e9rcoles y viernes, y numeraci\u00f3n non martes, jueves y s\u00e1bados. En la siguiente semana el orden se invierte, y as\u00ed se contin\u00faa de manera sucesiva\u201d.<\/p>\n<p>En este tenor, las calles donde se encuentren los negocios abiertos, tendr\u00e1n maximizaci\u00f3n de espacio peatonal en detrimento del vial, como lo muestra la imagen.<\/p>\n<a href=\"https:\/\/centrourbano.com\/revista\/wp-content\/uploads\/Maximizaci\u00f3n-de-espacio-peatonal.jpg\"><img loading=\"lazy\" decoding=\"async\" class=\"alignnone size-full wp-image-108651\" src=\"https:\/\/centrourbano.com\/revista\/wp-content\/uploads\/Maximizaci\u00f3n-de-espacio-peatonal.jpg\" alt=\"\" width=\"523\" height=\"558\" srcset=\"https:\/\/centrourbano.com\/revista\/wp-content\/uploads\/Maximizaci\u00f3n-de-espacio-peatonal.jpg 523w, https:\/\/centrourbano.com\/revista\/wp-content\/uploads\/Maximizaci\u00f3n-de-espacio-peatonal-281x300.jpg 281w\" sizes=\"auto, (max-width: 523px) 100vw, 523px\" \/><\/a>\n<p>Cabe destacar que la reinstalaci\u00f3n del comercio en la v\u00eda p\u00fablica deber\u00e1 sujetarse a una instalaci\u00f3n en la banqueta opuesta a la de los locales comerciales abiertos.<\/p>\n<p>En esta l\u00ednea, es importante mencionar que en corredores de alta afluencia, adicionalmente se implementaran mecanismos de dosificaci\u00f3n.<\/p>\n<h3>Actividades en espera<\/h3>\n<p>Cabe recordar que la nueva normalidad en las actividades econ\u00f3micas tendr\u00e1 un componente esencial que tiene que ver con el color del sem\u00e1foro epidemiol\u00f3gico, mismo <a href=\"https:\/\/centrourbano.com\/2020\/05\/05\/buscan-reactivar-comercio-en-el-centro-historico-de-la-cdmx\/\">que permitir\u00e1 (o no) la reapertura de distintos negocios<\/a>.<\/p>\n<a href=\"https:\/\/centrourbano.com\/revista\/wp-content\/uploads\/actividades-conforme-a-sem\u00e1foro.jpg\"><img loading=\"lazy\" decoding=\"async\" class=\"alignnone size-full wp-image-108652\" src=\"https:\/\/centrourbano.com\/revista\/wp-content\/uploads\/actividades-conforme-a-sem\u00e1foro.jpg\" alt=\"\" width=\"1001\" height=\"551\" srcset=\"https:\/\/centrourbano.com\/revista\/wp-content\/uploads\/actividades-conforme-a-sem\u00e1foro.jpg 1001w, https:\/\/centrourbano.com\/revista\/wp-content\/uploads\/actividades-conforme-a-sem\u00e1foro-300x165.jpg 300w, https:\/\/centrourbano.com\/revista\/wp-content\/uploads\/actividades-conforme-a-sem\u00e1foro-768x423.jpg 768w\" sizes=\"auto, (max-width: 1001px) 100vw, 1001px\" \/><\/a>\n","protected":false},"excerpt":{"rendered":"<p>La reapertura del Centro Hist\u00f3rico traer\u00e1 consigo la operaci\u00f3n diferida de los negocios y la peatonalizaci\u00f3n de 30 calles as\u00ed como la flexibilizaci\u00f3n de 12<\/p>\n","protected":false},"author":75,"featured_media":108646,"comment_status":"open","ping_status":"closed","sticky":false,"template":"","format":"standard","meta":{"om_disable_all_campaigns":false,"inline_featured_image":false,"_monsterinsights_skip_tracking":false,"_monsterinsights_sitenote_active":false,"_monsterinsights_sitenote_note":"","_monsterinsights_sitenote_category":0,"footnotes":""},"categories":[80,17827,82],"tags":[18490,18852,606,179,290,18851,18850,4862,18848,18849,17345,2196,3108],"class_list":["post-108645","post","type-post","status-publish","format-standard","has-post-thumbnail","hentry","category-actualidad","category-cobertura-covid-19","category-urbanismo","tag-actividades-economicas","tag-apertura-de-comercios","tag-cdmx","tag-centro-historico","tag-ciudad-de-mexico","tag-flexibilizacion-de-avenidas","tag-modificacion-de-calles","tag-negocios","tag-operacion-alternada","tag-peatonalizacion-de-calles","tag-reapertura","tag-semovi","tag-via-publica"],"yoast_head":"<!-- This site is optimized with the Yoast SEO plugin v27.4 - https:\/\/yoast.com\/product\/yoast-seo-wordpress\/ -->\n<title>As\u00ed ser\u00e1 la reapertura del Centro Hist\u00f3rico de la Ciudad de M\u00e9xico<\/title>\n<meta name=\"description\" content=\"La reapertura del Centro Hist\u00f3rico traer\u00e1 consigo la operaci\u00f3n diferida de los negocios y la peatonalizaci\u00f3n de 30 calles as\u00ed como la flexibilizaci\u00f3n de 12\" \/>\n<meta name=\"robots\" content=\"index, follow, max-snippet:-1, max-image-preview:large, max-video-preview:-1\" \/>\n<link rel=\"canonical\" href=\"https:\/\/centrourbano.com\/revista\/actualidad\/asi-sera-la-reapertura-del-centro-historico-de-la-ciudad-de-mexico\/\" \/>\n<meta property=\"og:locale\" content=\"es_ES\" \/>\n<meta property=\"og:type\" content=\"article\" \/>\n<meta property=\"og:title\" content=\"As\u00ed ser\u00e1 la reapertura del Centro Hist\u00f3rico de la Ciudad de M\u00e9xico\" \/>\n<meta property=\"og:description\" content=\"La reapertura del Centro Hist\u00f3rico traer\u00e1 consigo la operaci\u00f3n diferida de los negocios y la peatonalizaci\u00f3n de 30 calles as\u00ed como la flexibilizaci\u00f3n de 12\" \/>\n<meta property=\"og:url\" content=\"https:\/\/centrourbano.com\/revista\/actualidad\/asi-sera-la-reapertura-del-centro-historico-de-la-ciudad-de-mexico\/\" \/>\n<meta property=\"og:site_name\" content=\"Centro Urbano\" \/>\n<meta property=\"article:publisher\" content=\"https:\/\/www.facebook.com\/portalcentrourbano\" \/>\n<meta property=\"article:published_time\" content=\"2020-06-30T20:35:50+00:00\" \/>\n<meta property=\"article:modified_time\" content=\"2020-06-30T20:38:59+00:00\" \/>\n<meta property=\"og:image\" content=\"https:\/\/centrourbano.com\/revista\/wp-content\/uploads\/As\u00ed-ser\u00e1-la-reapertuira-del-CH-CDMX.jpg\" \/>\n\t<meta property=\"og:image:width\" content=\"982\" \/>\n\t<meta property=\"og:image:height\" content=\"430\" \/>\n\t<meta property=\"og:image:type\" content=\"image\/jpeg\" \/>\n<meta name=\"author\" content=\"Antonio Garc\u00eda\" \/>\n<meta name=\"twitter:card\" content=\"summary_large_image\" \/>\n<meta name=\"twitter:creator\" content=\"@https:\/\/twitter.com\/TGarper\" \/>\n<meta name=\"twitter:site\" content=\"@CentroUrbano\" \/>\n<meta name=\"twitter:label1\" content=\"Escrito por\" \/>\n\t<meta name=\"twitter:data1\" content=\"Antonio Garc\u00eda\" \/>\n\t<meta name=\"twitter:label2\" content=\"Tiempo de lectura\" \/>\n\t<meta name=\"twitter:data2\" content=\"3 minutos\" \/>\n<script type=\"application\/ld+json\" class=\"yoast-schema-graph\">{\"@context\":\"https:\\\/\\\/schema.org\",\"@graph\":[{\"@type\":\"Article\",\"@id\":\"https:\\\/\\\/centrourbano.com\\\/revista\\\/actualidad\\\/asi-sera-la-reapertura-del-centro-historico-de-la-ciudad-de-mexico\\\/#article\",\"isPartOf\":{\"@id\":\"https:\\\/\\\/centrourbano.com\\\/revista\\\/actualidad\\\/asi-sera-la-reapertura-del-centro-historico-de-la-ciudad-de-mexico\\\/\"},\"author\":{\"name\":\"Antonio Garc\u00eda\",\"@id\":\"https:\\\/\\\/centrourbano.com\\\/revista\\\/#\\\/schema\\\/person\\\/d12ede3164a0881bab68f5868d5dfe8c\"},\"headline\":\"As\u00ed ser\u00e1 la reapertura del Centro Hist\u00f3rico de la Ciudad de M\u00e9xico\",\"datePublished\":\"2020-06-30T20:35:50+00:00\",\"dateModified\":\"2020-06-30T20:38:59+00:00\",\"mainEntityOfPage\":{\"@id\":\"https:\\\/\\\/centrourbano.com\\\/revista\\\/actualidad\\\/asi-sera-la-reapertura-del-centro-historico-de-la-ciudad-de-mexico\\\/\"},\"wordCount\":524,\"commentCount\":0,\"publisher\":{\"@id\":\"https:\\\/\\\/centrourbano.com\\\/revista\\\/#organization\"},\"image\":{\"@id\":\"https:\\\/\\\/centrourbano.com\\\/revista\\\/actualidad\\\/asi-sera-la-reapertura-del-centro-historico-de-la-ciudad-de-mexico\\\/#primaryimage\"},\"thumbnailUrl\":\"https:\\\/\\\/centrourbano.com\\\/revista\\\/wp-content\\\/uploads\\\/As\u00ed-ser\u00e1-la-reapertuira-del-CH-CDMX.jpg\",\"keywords\":[\"actividades econ\u00f3micas\",\"apertura de comercios\",\"CDMX\",\"Centro Hist\u00f3rico\",\"ciudad de M\u00e9xico\",\"flexibilizaci\u00f3n de avenidas\",\"modificaci\u00f3n de calles\",\"Negocios\",\"operaci\u00f3n alternada\",\"peatonalizaci\u00f3n de calles\",\"Reapertura\",\"Semovi\",\"v\u00eda p\u00fablica\"],\"articleSection\":[\"Actualidad\",\"Cobertura Covid-19\",\"Urbanismo\"],\"inLanguage\":\"es\",\"potentialAction\":[{\"@type\":\"CommentAction\",\"name\":\"Comment\",\"target\":[\"https:\\\/\\\/centrourbano.com\\\/revista\\\/actualidad\\\/asi-sera-la-reapertura-del-centro-historico-de-la-ciudad-de-mexico\\\/#respond\"]}]},{\"@type\":\"WebPage\",\"@id\":\"https:\\\/\\\/centrourbano.com\\\/revista\\\/actualidad\\\/asi-sera-la-reapertura-del-centro-historico-de-la-ciudad-de-mexico\\\/\",\"url\":\"https:\\\/\\\/centrourbano.com\\\/revista\\\/actualidad\\\/asi-sera-la-reapertura-del-centro-historico-de-la-ciudad-de-mexico\\\/\",\"name\":\"As\u00ed ser\u00e1 la reapertura del Centro Hist\u00f3rico de la Ciudad de M\u00e9xico\",\"isPartOf\":{\"@id\":\"https:\\\/\\\/centrourbano.com\\\/revista\\\/#website\"},\"primaryImageOfPage\":{\"@id\":\"https:\\\/\\\/centrourbano.com\\\/revista\\\/actualidad\\\/asi-sera-la-reapertura-del-centro-historico-de-la-ciudad-de-mexico\\\/#primaryimage\"},\"image\":{\"@id\":\"https:\\\/\\\/centrourbano.com\\\/revista\\\/actualidad\\\/asi-sera-la-reapertura-del-centro-historico-de-la-ciudad-de-mexico\\\/#primaryimage\"},\"thumbnailUrl\":\"https:\\\/\\\/centrourbano.com\\\/revista\\\/wp-content\\\/uploads\\\/As\u00ed-ser\u00e1-la-reapertuira-del-CH-CDMX.jpg\",\"datePublished\":\"2020-06-30T20:35:50+00:00\",\"dateModified\":\"2020-06-30T20:38:59+00:00\",\"description\":\"La reapertura del Centro Hist\u00f3rico traer\u00e1 consigo la operaci\u00f3n diferida de los negocios y la peatonalizaci\u00f3n de 30 calles as\u00ed como la flexibilizaci\u00f3n de 12\",\"breadcrumb\":{\"@id\":\"https:\\\/\\\/centrourbano.com\\\/revista\\\/actualidad\\\/asi-sera-la-reapertura-del-centro-historico-de-la-ciudad-de-mexico\\\/#breadcrumb\"},\"inLanguage\":\"es\",\"potentialAction\":[{\"@type\":\"ReadAction\",\"target\":[\"https:\\\/\\\/centrourbano.com\\\/revista\\\/actualidad\\\/asi-sera-la-reapertura-del-centro-historico-de-la-ciudad-de-mexico\\\/\"]}]},{\"@type\":\"ImageObject\",\"inLanguage\":\"es\",\"@id\":\"https:\\\/\\\/centrourbano.com\\\/revista\\\/actualidad\\\/asi-sera-la-reapertura-del-centro-historico-de-la-ciudad-de-mexico\\\/#primaryimage\",\"url\":\"https:\\\/\\\/centrourbano.com\\\/revista\\\/wp-content\\\/uploads\\\/As\u00ed-ser\u00e1-la-reapertuira-del-CH-CDMX.jpg\",\"contentUrl\":\"https:\\\/\\\/centrourbano.com\\\/revista\\\/wp-content\\\/uploads\\\/As\u00ed-ser\u00e1-la-reapertuira-del-CH-CDMX.jpg\",\"width\":982,\"height\":430,\"caption\":\"La reapertura del Centro Hist\u00f3rico traer\u00e1 consigo la operaci\u00f3n diferida de los negocios y la peatonalizaci\u00f3n de 30 calles as\u00ed como la flexibilizaci\u00f3n de 12\"},{\"@type\":\"BreadcrumbList\",\"@id\":\"https:\\\/\\\/centrourbano.com\\\/revista\\\/actualidad\\\/asi-sera-la-reapertura-del-centro-historico-de-la-ciudad-de-mexico\\\/#breadcrumb\",\"itemListElement\":[{\"@type\":\"ListItem\",\"position\":1,\"name\":\"Portada\",\"item\":\"https:\\\/\\\/centrourbano.com\\\/revista\\\/\"},{\"@type\":\"ListItem\",\"position\":2,\"name\":\"As\u00ed ser\u00e1 la reapertura del Centro Hist\u00f3rico de la Ciudad de M\u00e9xico\"}]},{\"@type\":\"WebSite\",\"@id\":\"https:\\\/\\\/centrourbano.com\\\/revista\\\/#website\",\"url\":\"https:\\\/\\\/centrourbano.com\\\/revista\\\/\",\"name\":\"Centro Urbano\",\"description\":\"Medio especializado en los sectores vivienda, inmobiliario, construcci\u00f3n, arquitectura y urbanismo.\",\"publisher\":{\"@id\":\"https:\\\/\\\/centrourbano.com\\\/revista\\\/#organization\"},\"potentialAction\":[{\"@type\":\"SearchAction\",\"target\":{\"@type\":\"EntryPoint\",\"urlTemplate\":\"https:\\\/\\\/centrourbano.com\\\/revista\\\/?s={search_term_string}\"},\"query-input\":{\"@type\":\"PropertyValueSpecification\",\"valueRequired\":true,\"valueName\":\"search_term_string\"}}],\"inLanguage\":\"es\"},{\"@type\":\"Organization\",\"@id\":\"https:\\\/\\\/centrourbano.com\\\/revista\\\/#organization\",\"name\":\"Centro Urbano\",\"url\":\"https:\\\/\\\/centrourbano.com\\\/revista\\\/\",\"logo\":{\"@type\":\"ImageObject\",\"inLanguage\":\"es\",\"@id\":\"https:\\\/\\\/centrourbano.com\\\/revista\\\/#\\\/schema\\\/logo\\\/image\\\/\",\"url\":\"https:\\\/\\\/centrourbano.com\\\/revista\\\/wp-content\\\/uploads\\\/web_CU_logo-1.png\",\"contentUrl\":\"https:\\\/\\\/centrourbano.com\\\/revista\\\/wp-content\\\/uploads\\\/web_CU_logo-1.png\",\"width\":350,\"height\":91,\"caption\":\"Centro Urbano\"},\"image\":{\"@id\":\"https:\\\/\\\/centrourbano.com\\\/revista\\\/#\\\/schema\\\/logo\\\/image\\\/\"},\"sameAs\":[\"https:\\\/\\\/www.facebook.com\\\/portalcentrourbano\",\"https:\\\/\\\/x.com\\\/CentroUrbano\",\"https:\\\/\\\/www.instagram.com\\\/centro_urbano\\\/\",\"https:\\\/\\\/www.linkedin.com\\\/company\\\/centro-urbano\\\/\",\"http:\\\/\\\/www.youtube.com\\\/user\\\/portalcentrourbano\"]},{\"@type\":\"Person\",\"@id\":\"https:\\\/\\\/centrourbano.com\\\/revista\\\/#\\\/schema\\\/person\\\/d12ede3164a0881bab68f5868d5dfe8c\",\"name\":\"Antonio Garc\u00eda\",\"image\":{\"@type\":\"ImageObject\",\"inLanguage\":\"es\",\"@id\":\"https:\\\/\\\/secure.gravatar.com\\\/avatar\\\/68b7fcfc82d16a702310836698db1d823c3fb3b28e1f0938164455de47d96d82?s=96&d=mm&r=g\",\"url\":\"https:\\\/\\\/secure.gravatar.com\\\/avatar\\\/68b7fcfc82d16a702310836698db1d823c3fb3b28e1f0938164455de47d96d82?s=96&d=mm&r=g\",\"contentUrl\":\"https:\\\/\\\/secure.gravatar.com\\\/avatar\\\/68b7fcfc82d16a702310836698db1d823c3fb3b28e1f0938164455de47d96d82?s=96&d=mm&r=g\",\"caption\":\"Antonio Garc\u00eda\"},\"description\":\"Integrante del equipo editorial en Centro Urbano. Egresado de la carrera de Econom\u00eda (preespecialidad en Desarrollo Regional) en el IPN y de Matem\u00e1ticas Aplicadas y Computaci\u00f3n en la UNAM. Apasionado de los temas inherentes al desarrollo urbano-regional y estudios formales -e informales- sobre la ciudad y la econom\u00eda urbana.\",\"sameAs\":[\"https:\\\/\\\/www.instagram.com\\\/caminante_en_la_ciudad\\\/?hl=es-la\",\"https:\\\/\\\/x.com\\\/https:\\\/\\\/twitter.com\\\/TGarper\"],\"url\":\"https:\\\/\\\/centrourbano.com\\\/revista\\\/author\\\/antonio-garcia\\\/\"}]}<\/script>\n<!-- \/ Yoast SEO plugin. -->","yoast_head_json":{"title":"As\u00ed ser\u00e1 la reapertura del Centro Hist\u00f3rico de la Ciudad de M\u00e9xico","description":"La reapertura del Centro Hist\u00f3rico traer\u00e1 consigo la operaci\u00f3n diferida de los negocios y la peatonalizaci\u00f3n de 30 calles as\u00ed como la flexibilizaci\u00f3n de 12","robots":{"index":"index","follow":"follow","max-snippet":"max-snippet:-1","max-image-preview":"max-image-preview:large","max-video-preview":"max-video-preview:-1"},"canonical":"https:\/\/centrourbano.com\/revista\/actualidad\/asi-sera-la-reapertura-del-centro-historico-de-la-ciudad-de-mexico\/","og_locale":"es_ES","og_type":"article","og_title":"As\u00ed ser\u00e1 la reapertura del Centro Hist\u00f3rico de la Ciudad de M\u00e9xico","og_description":"La reapertura del Centro Hist\u00f3rico traer\u00e1 consigo la operaci\u00f3n diferida de los negocios y la peatonalizaci\u00f3n de 30 calles as\u00ed como la flexibilizaci\u00f3n de 12","og_url":"https:\/\/centrourbano.com\/revista\/actualidad\/asi-sera-la-reapertura-del-centro-historico-de-la-ciudad-de-mexico\/","og_site_name":"Centro Urbano","article_publisher":"https:\/\/www.facebook.com\/portalcentrourbano","article_published_time":"2020-06-30T20:35:50+00:00","article_modified_time":"2020-06-30T20:38:59+00:00","og_image":[{"width":982,"height":430,"url":"https:\/\/centrourbano.com\/revista\/wp-content\/uploads\/As\u00ed-ser\u00e1-la-reapertuira-del-CH-CDMX.jpg","type":"image\/jpeg"}],"author":"Antonio Garc\u00eda","twitter_card":"summary_large_image","twitter_creator":"@https:\/\/twitter.com\/TGarper","twitter_site":"@CentroUrbano","twitter_misc":{"Escrito por":"Antonio Garc\u00eda","Tiempo de lectura":"3 minutos"},"schema":{"@context":"https:\/\/schema.org","@graph":[{"@type":"Article","@id":"https:\/\/centrourbano.com\/revista\/actualidad\/asi-sera-la-reapertura-del-centro-historico-de-la-ciudad-de-mexico\/#article","isPartOf":{"@id":"https:\/\/centrourbano.com\/revista\/actualidad\/asi-sera-la-reapertura-del-centro-historico-de-la-ciudad-de-mexico\/"},"author":{"name":"Antonio Garc\u00eda","@id":"https:\/\/centrourbano.com\/revista\/#\/schema\/person\/d12ede3164a0881bab68f5868d5dfe8c"},"headline":"As\u00ed ser\u00e1 la reapertura del Centro Hist\u00f3rico de la Ciudad de M\u00e9xico","datePublished":"2020-06-30T20:35:50+00:00","dateModified":"2020-06-30T20:38:59+00:00","mainEntityOfPage":{"@id":"https:\/\/centrourbano.com\/revista\/actualidad\/asi-sera-la-reapertura-del-centro-historico-de-la-ciudad-de-mexico\/"},"wordCount":524,"commentCount":0,"publisher":{"@id":"https:\/\/centrourbano.com\/revista\/#organization"},"image":{"@id":"https:\/\/centrourbano.com\/revista\/actualidad\/asi-sera-la-reapertura-del-centro-historico-de-la-ciudad-de-mexico\/#primaryimage"},"thumbnailUrl":"https:\/\/centrourbano.com\/revista\/wp-content\/uploads\/As\u00ed-ser\u00e1-la-reapertuira-del-CH-CDMX.jpg","keywords":["actividades econ\u00f3micas","apertura de comercios","CDMX","Centro Hist\u00f3rico","ciudad de M\u00e9xico","flexibilizaci\u00f3n de avenidas","modificaci\u00f3n de calles","Negocios","operaci\u00f3n alternada","peatonalizaci\u00f3n de calles","Reapertura","Semovi","v\u00eda p\u00fablica"],"articleSection":["Actualidad","Cobertura Covid-19","Urbanismo"],"inLanguage":"es","potentialAction":[{"@type":"CommentAction","name":"Comment","target":["https:\/\/centrourbano.com\/revista\/actualidad\/asi-sera-la-reapertura-del-centro-historico-de-la-ciudad-de-mexico\/#respond"]}]},{"@type":"WebPage","@id":"https:\/\/centrourbano.com\/revista\/actualidad\/asi-sera-la-reapertura-del-centro-historico-de-la-ciudad-de-mexico\/","url":"https:\/\/centrourbano.com\/revista\/actualidad\/asi-sera-la-reapertura-del-centro-historico-de-la-ciudad-de-mexico\/","name":"As\u00ed ser\u00e1 la reapertura del Centro Hist\u00f3rico de la Ciudad de M\u00e9xico","isPartOf":{"@id":"https:\/\/centrourbano.com\/revista\/#website"},"primaryImageOfPage":{"@id":"https:\/\/centrourbano.com\/revista\/actualidad\/asi-sera-la-reapertura-del-centro-historico-de-la-ciudad-de-mexico\/#primaryimage"},"image":{"@id":"https:\/\/centrourbano.com\/revista\/actualidad\/asi-sera-la-reapertura-del-centro-historico-de-la-ciudad-de-mexico\/#primaryimage"},"thumbnailUrl":"https:\/\/centrourbano.com\/revista\/wp-content\/uploads\/As\u00ed-ser\u00e1-la-reapertuira-del-CH-CDMX.jpg","datePublished":"2020-06-30T20:35:50+00:00","dateModified":"2020-06-30T20:38:59+00:00","description":"La reapertura del Centro Hist\u00f3rico traer\u00e1 consigo la operaci\u00f3n diferida de los negocios y la peatonalizaci\u00f3n de 30 calles as\u00ed como la flexibilizaci\u00f3n de 12","breadcrumb":{"@id":"https:\/\/centrourbano.com\/revista\/actualidad\/asi-sera-la-reapertura-del-centro-historico-de-la-ciudad-de-mexico\/#breadcrumb"},"inLanguage":"es","potentialAction":[{"@type":"ReadAction","target":["https:\/\/centrourbano.com\/revista\/actualidad\/asi-sera-la-reapertura-del-centro-historico-de-la-ciudad-de-mexico\/"]}]},{"@type":"ImageObject","inLanguage":"es","@id":"https:\/\/centrourbano.com\/revista\/actualidad\/asi-sera-la-reapertura-del-centro-historico-de-la-ciudad-de-mexico\/#primaryimage","url":"https:\/\/centrourbano.com\/revista\/wp-content\/uploads\/As\u00ed-ser\u00e1-la-reapertuira-del-CH-CDMX.jpg","contentUrl":"https:\/\/centrourbano.com\/revista\/wp-content\/uploads\/As\u00ed-ser\u00e1-la-reapertuira-del-CH-CDMX.jpg","width":982,"height":430,"caption":"La reapertura del Centro Hist\u00f3rico traer\u00e1 consigo la operaci\u00f3n diferida de los negocios y la peatonalizaci\u00f3n de 30 calles as\u00ed como la flexibilizaci\u00f3n de 12"},{"@type":"BreadcrumbList","@id":"https:\/\/centrourbano.com\/revista\/actualidad\/asi-sera-la-reapertura-del-centro-historico-de-la-ciudad-de-mexico\/#breadcrumb","itemListElement":[{"@type":"ListItem","position":1,"name":"Portada","item":"https:\/\/centrourbano.com\/revista\/"},{"@type":"ListItem","position":2,"name":"As\u00ed ser\u00e1 la reapertura del Centro Hist\u00f3rico de la Ciudad de M\u00e9xico"}]},{"@type":"WebSite","@id":"https:\/\/centrourbano.com\/revista\/#website","url":"https:\/\/centrourbano.com\/revista\/","name":"Centro Urbano","description":"Medio especializado en los sectores vivienda, inmobiliario, construcci\u00f3n, arquitectura y urbanismo.","publisher":{"@id":"https:\/\/centrourbano.com\/revista\/#organization"},"potentialAction":[{"@type":"SearchAction","target":{"@type":"EntryPoint","urlTemplate":"https:\/\/centrourbano.com\/revista\/?s={search_term_string}"},"query-input":{"@type":"PropertyValueSpecification","valueRequired":true,"valueName":"search_term_string"}}],"inLanguage":"es"},{"@type":"Organization","@id":"https:\/\/centrourbano.com\/revista\/#organization","name":"Centro Urbano","url":"https:\/\/centrourbano.com\/revista\/","logo":{"@type":"ImageObject","inLanguage":"es","@id":"https:\/\/centrourbano.com\/revista\/#\/schema\/logo\/image\/","url":"https:\/\/centrourbano.com\/revista\/wp-content\/uploads\/web_CU_logo-1.png","contentUrl":"https:\/\/centrourbano.com\/revista\/wp-content\/uploads\/web_CU_logo-1.png","width":350,"height":91,"caption":"Centro Urbano"},"image":{"@id":"https:\/\/centrourbano.com\/revista\/#\/schema\/logo\/image\/"},"sameAs":["https:\/\/www.facebook.com\/portalcentrourbano","https:\/\/x.com\/CentroUrbano","https:\/\/www.instagram.com\/centro_urbano\/","https:\/\/www.linkedin.com\/company\/centro-urbano\/","http:\/\/www.youtube.com\/user\/portalcentrourbano"]},{"@type":"Person","@id":"https:\/\/centrourbano.com\/revista\/#\/schema\/person\/d12ede3164a0881bab68f5868d5dfe8c","name":"Antonio Garc\u00eda","image":{"@type":"ImageObject","inLanguage":"es","@id":"https:\/\/secure.gravatar.com\/avatar\/68b7fcfc82d16a702310836698db1d823c3fb3b28e1f0938164455de47d96d82?s=96&d=mm&r=g","url":"https:\/\/secure.gravatar.com\/avatar\/68b7fcfc82d16a702310836698db1d823c3fb3b28e1f0938164455de47d96d82?s=96&d=mm&r=g","contentUrl":"https:\/\/secure.gravatar.com\/avatar\/68b7fcfc82d16a702310836698db1d823c3fb3b28e1f0938164455de47d96d82?s=96&d=mm&r=g","caption":"Antonio Garc\u00eda"},"description":"Integrante del equipo editorial en Centro Urbano. Egresado de la carrera de Econom\u00eda (preespecialidad en Desarrollo Regional) en el IPN y de Matem\u00e1ticas Aplicadas y Computaci\u00f3n en la UNAM. Apasionado de los temas inherentes al desarrollo urbano-regional y estudios formales -e informales- sobre la ciudad y la econom\u00eda urbana.","sameAs":["https:\/\/www.instagram.com\/caminante_en_la_ciudad\/?hl=es-la","https:\/\/x.com\/https:\/\/twitter.com\/TGarper"],"url":"https:\/\/centrourbano.com\/revista\/author\/antonio-garcia\/"}]}},"_links":{"self":[{"href":"https:\/\/centrourbano.com\/revista\/wp-json\/wp\/v2\/posts\/108645","targetHints":{"allow":["GET"]}}],"collection":[{"href":"https:\/\/centrourbano.com\/revista\/wp-json\/wp\/v2\/posts"}],"about":[{"href":"https:\/\/centrourbano.com\/revista\/wp-json\/wp\/v2\/types\/post"}],"author":[{"embeddable":true,"href":"https:\/\/centrourbano.com\/revista\/wp-json\/wp\/v2\/users\/75"}],"replies":[{"embeddable":true,"href":"https:\/\/centrourbano.com\/revista\/wp-json\/wp\/v2\/comments?post=108645"}],"version-history":[{"count":4,"href":"https:\/\/centrourbano.com\/revista\/wp-json\/wp\/v2\/posts\/108645\/revisions"}],"predecessor-version":[{"id":108714,"href":"https:\/\/centrourbano.com\/revista\/wp-json\/wp\/v2\/posts\/108645\/revisions\/108714"}],"wp:featuredmedia":[{"embeddable":true,"href":"https:\/\/centrourbano.com\/revista\/wp-json\/wp\/v2\/media\/108646"}],"wp:attachment":[{"href":"https:\/\/centrourbano.com\/revista\/wp-json\/wp\/v2\/media?parent=108645"}],"wp:term":[{"taxonomy":"category","embeddable":true,"href":"https:\/\/centrourbano.com\/revista\/wp-json\/wp\/v2\/categories?post=108645"},{"taxonomy":"post_tag","embeddable":true,"href":"https:\/\/centrourbano.com\/revista\/wp-json\/wp\/v2\/tags?post=108645"}],"curies":[{"name":"wp","href":"https:\/\/api.w.org\/{rel}","templated":true}]}}