{"id":108641,"date":"2020-06-30T10:05:06","date_gmt":"2020-06-30T15:05:06","guid":{"rendered":"https:\/\/centrourbano.com\/?p=108641"},"modified":"2020-06-30T15:36:23","modified_gmt":"2020-06-30T20:36:23","slug":"ganadores-concurso-reto-cdmx","status":"publish","type":"post","link":"https:\/\/centrourbano.com\/revista\/urbanismo\/ganadores-concurso-reto-cdmx\/","title":{"rendered":"Anuncian ganadores del concurso de innovaci\u00f3n Reto CDMX"},"content":{"rendered":"<p><em>\u201cEsperamos con muchas ansias ver c\u00f3mo estas soluciones desarrolladas en Reto CDMX van a cambiar la ciudad y tener impacto positivo\u201d; dijo Heidi Virta, directora de Business Finland<\/em><!--more--><\/p>\n<p>Este 28 de junio, el comit\u00e9 organizador del concurso de innovaci\u00f3n <strong>Reto <a href=\"https:\/\/www.retocdmx.com\/\" target=\"_blank\" rel=\"noopener noreferrer\">CDMX<\/a><\/strong> anunci\u00f3 a los ganadores; los cuales se eligieron de entre 20 propuestas finalistas que buscaban responder a los dos retos lanzados: <strong>Econom\u00eda Circular<\/strong> (con enfoque en residuos s\u00f3lidos) y <strong>Movilidad Urbana <\/strong>(con enfoque en electro-movilidad y la reducci\u00f3n de emisiones).<\/p>\n<h4><strong>Econom\u00eda Circular<\/strong><\/h4>\n<p>En la Ciudad de M\u00e9xico se producen <strong>12,700 toneladas de residuos s\u00f3lidos diariamente<\/strong>, adem\u00e1s de que, en la mayor\u00eda de los hogares, no se separa la basura org\u00e1nica, la de papel y de pl\u00e1sticos. Por ello, los participantes del Reto identificaron opciones para incrementar la <strong>conciencia ciudadana<\/strong> y hacer que el <strong>reciclaje<\/strong> sea una actividad cotidiana.<\/p>\n<p><strong>Rodrigo Ram\u00edrez, Antonio Landaburo y Mauricio Luna<\/strong>, integrantes del equipo \u2018<strong>Boomerang\u2019<\/strong>, resultaron ganadores en esta categor\u00eda del <strong>Reto CDMX;<\/strong> con un proyecto de <strong>contenedores reutilizables<\/strong> para entrega de alimentos que despu\u00e9s se recolectan, lavan, desinfectan y entregan nuevamente a los restaurantes para ser utilizados.<\/p>\n<p>Los contenedores se fabricar\u00e1n en <strong>acero inoxidable<\/strong>, aunque existe la opci\u00f3n de utilizar tambi\u00e9n <strong>aluminio<\/strong>. Ambos materiales pueden durar hasta 20 a\u00f1os; lo cual permitir\u00e1 su re\u00faso y evitar\u00e1 recurrir a empaques desechables o de un solo uso.<\/p>\n<p>\u201cA ra\u00edz de la convocatoria hicimos todo lo posible para tener nuestra prueba piloto y con lo de la pandemia nos dimos cuenta del aumento de servicios de alimentos a domicilio y cre\u00edmos que era un buen momento para arrancar el proyecto\u201d, dijo <strong>Ram\u00edrez<\/strong>.<\/p>\n<p>El equipo ganador enfrentar\u00e1, ahora, el reto de hacer que el cliente tenga la conciencia sobre la importancia del <strong>cuidado del medio ambiente<\/strong> y del valor de la <strong>econom\u00eda circular<\/strong>; y, de esta manera, regrese a los contenedores. \u201cEsperemos que con el sistema de recompensas que hemos dise\u00f1ado, los devuelvan, as\u00ed ser\u00eda una acci\u00f3n de econom\u00eda circular; buscamos llegar a basura cero\u201d, explic\u00f3 el ganador.<\/p>\n<p>Asimismo, destac\u00f3 que el premio de 100,000 pesos les permitir\u00e1 invertir para continuar con la planeaci\u00f3n de la prueba piloto. \u201cEl dinero es para la infraestructura necesaria para arrancar y empezar a vender, no solo los contenedores, sino ofrecer toda la log\u00edstica\u201d, finaliz\u00f3.<\/p>\n<a href=\"https:\/\/centrourbano.com\/revista\/wp-content\/uploads\/Reto-CDMX_-Econom\u00eda-Circular.jpg\" target=\"_blank\" rel=\"noopener noreferrer\"><img loading=\"lazy\" decoding=\"async\" class=\"aligncenter wp-image-108663 \" src=\"https:\/\/centrourbano.com\/revista\/wp-content\/uploads\/Reto-CDMX_-Econom\u00eda-Circular-1024x570.jpg\" alt=\"\" width=\"699\" height=\"389\" srcset=\"https:\/\/centrourbano.com\/revista\/wp-content\/uploads\/Reto-CDMX_-Econom\u00eda-Circular-1024x570.jpg 1024w, https:\/\/centrourbano.com\/revista\/wp-content\/uploads\/Reto-CDMX_-Econom\u00eda-Circular-300x167.jpg 300w, https:\/\/centrourbano.com\/revista\/wp-content\/uploads\/Reto-CDMX_-Econom\u00eda-Circular-768x427.jpg 768w, https:\/\/centrourbano.com\/revista\/wp-content\/uploads\/Reto-CDMX_-Econom\u00eda-Circular.jpg 1280w\" sizes=\"auto, (max-width: 699px) 100vw, 699px\" \/><\/a>\n<h4><strong>Movilidad Urbana<\/strong><\/h4>\n<p>La capital mexicana es una de las metr\u00f3polis con m\u00e1s <strong>congesti\u00f3n vial<\/strong> en todo el mundo, pues alrededor de 6.6 millones de autos circulan diariamente por sus calles y avenidas.<\/p>\n<p>Los <strong>embotellamientos<\/strong> generan niveles m\u00e1s altos de <strong>emisiones de gases de efecto invernadero<\/strong>, provocan <strong>inseguridad<\/strong> en las v\u00edas de circulaci\u00f3n, y afectan la <strong>calidad de vida<\/strong>, <strong>salud<\/strong> y la <strong>econom\u00eda local<\/strong> por las horas perdidas en el tr\u00e1nsito. Adem\u00e1s, causan <strong>contaminaci\u00f3n ac\u00fastica<\/strong>, que provoca estr\u00e9s y malestar en la poblaci\u00f3n.<\/p>\n<p>En respuesta a esta problem\u00e1tica, <strong>Juan Jos\u00e9 Villegas Barrera<\/strong>, ganador del reto de movilidad urbana, propuso el proyecto <strong>E-Plastic Ride<\/strong>; que incluye el dise\u00f1o y fabricaci\u00f3n de un <strong><em>scooter<\/em> el\u00e9ctrico<\/strong> fabricado a partir de pl\u00e1stico reciclado.<\/p>\n<p>El objetivo de <strong>Villegas<\/strong> es retirar de una colonia alrededor de 100 autos diarios en trayectos cortos; con lo cual disminuir\u00edan los problemas t\u00edpicos de una ciudad excesivamente transitada.<\/p>\n<p><strong>E-Plastic Ride<\/strong> es ecol\u00f3gico, pr\u00e1ctico, ligero y contribuye a la reducci\u00f3n del bi\u00f3xido de carbono, ruido y tr\u00e1fico; adem\u00e1s de que utiliza residuos de la industria automotriz antes de que se vayan al tiradero.<\/p>\n<p>\u201cEl <strong><em>scooter<\/em><\/strong> no es nada nuevo, hay muchos en el mundo, pero el nuestro es de <strong>pl\u00e1stico reciclado<\/strong>. Es una innovaci\u00f3n, es una mejora de una soluci\u00f3n al seleccionar un proceso diferente de producci\u00f3n eliminando m\u00e9todos de factura contaminantes para tener altas producciones\u201d, destac\u00f3 el emprendedor.<\/p>\n<a href=\"https:\/\/centrourbano.com\/revista\/wp-content\/uploads\/Reto-CDMX_Movilidad.jpg\" target=\"_blank\" rel=\"noopener noreferrer\"><img loading=\"lazy\" decoding=\"async\" class=\"aligncenter wp-image-108664 \" src=\"https:\/\/centrourbano.com\/revista\/wp-content\/uploads\/Reto-CDMX_Movilidad-1024x438.jpg\" alt=\"\" width=\"698\" height=\"299\" srcset=\"https:\/\/centrourbano.com\/revista\/wp-content\/uploads\/Reto-CDMX_Movilidad-1024x438.jpg 1024w, https:\/\/centrourbano.com\/revista\/wp-content\/uploads\/Reto-CDMX_Movilidad-300x128.jpg 300w, https:\/\/centrourbano.com\/revista\/wp-content\/uploads\/Reto-CDMX_Movilidad-768x329.jpg 768w, https:\/\/centrourbano.com\/revista\/wp-content\/uploads\/Reto-CDMX_Movilidad.jpg 1280w\" sizes=\"auto, (max-width: 698px) 100vw, 698px\" \/><\/a>\n<p>Al respecto, <strong>Heidi Virta, directora de Business Finland<\/strong>, expres\u00f3: \u201cEsperamos con muchas ansias ver como estas soluciones desarrolladas en <strong>Reto CDMX<\/strong>, en colaboraci\u00f3n con la Ciudad de M\u00e9xico, van a cambiar la ciudad y tener impacto positivo.\u201d<\/p>\n","protected":false},"excerpt":{"rendered":"<p>\u201cEsperamos con muchas ansias ver c\u00f3mo estas soluciones desarrolladas en Reto CDMX van a cambiar la ciudad y tener impacto positivo\u201d; dijo Heidi Virta, directora de Business Finland<\/p>\n","protected":false},"author":73,"featured_media":108644,"comment_status":"open","ping_status":"closed","sticky":false,"template":"","format":"standard","meta":{"om_disable_all_campaigns":false,"inline_featured_image":false,"_monsterinsights_skip_tracking":false,"_monsterinsights_sitenote_active":false,"_monsterinsights_sitenote_note":"","_monsterinsights_sitenote_category":0,"footnotes":""},"categories":[82],"tags":[16379,11723,1191,541,17437],"class_list":["post-108641","post","type-post","status-publish","format-standard","has-post-thumbnail","hentry","category-urbanismo","tag-economia-circular","tag-ganadores","tag-movilidad-urbana","tag-proyectos","tag-reto-cdmx"],"yoast_head":"<!-- This site is optimized with the Yoast SEO plugin v27.4 - https:\/\/yoast.com\/product\/yoast-seo-wordpress\/ -->\n<title>Anuncian ganadores del concurso de innovaci\u00f3n Reto CDMX<\/title>\n<meta name=\"description\" content=\"\u201cEsperamos con muchas ansias ver c\u00f3mo estas soluciones desarrolladas en Reto CDMX van a cambiar la ciudad y tener impacto positivo\u201d, dijo Heidi Virta\" \/>\n<meta name=\"robots\" content=\"index, follow, max-snippet:-1, max-image-preview:large, max-video-preview:-1\" \/>\n<link rel=\"canonical\" href=\"https:\/\/centrourbano.com\/revista\/urbanismo\/ganadores-concurso-reto-cdmx\/\" \/>\n<meta property=\"og:locale\" content=\"es_ES\" \/>\n<meta property=\"og:type\" content=\"article\" \/>\n<meta property=\"og:title\" content=\"Anuncian ganadores del concurso de innovaci\u00f3n Reto CDMX\" \/>\n<meta property=\"og:description\" content=\"\u201cEsperamos con muchas ansias ver c\u00f3mo estas soluciones desarrolladas en Reto CDMX van a cambiar la ciudad y tener impacto positivo\u201d, dijo Heidi Virta\" \/>\n<meta property=\"og:url\" content=\"https:\/\/centrourbano.com\/revista\/urbanismo\/ganadores-concurso-reto-cdmx\/\" \/>\n<meta property=\"og:site_name\" content=\"Centro Urbano\" \/>\n<meta property=\"article:publisher\" content=\"https:\/\/www.facebook.com\/portalcentrourbano\" \/>\n<meta property=\"article:published_time\" content=\"2020-06-30T15:05:06+00:00\" \/>\n<meta property=\"article:modified_time\" content=\"2020-06-30T20:36:23+00:00\" \/>\n<meta property=\"og:image\" content=\"https:\/\/centrourbano.com\/revista\/wp-content\/uploads\/Anuncian-ganadores-del-concurso-de-innovaci\u00f3n-Reto-CDMX.jpg\" \/>\n\t<meta property=\"og:image:width\" content=\"800\" \/>\n\t<meta property=\"og:image:height\" content=\"435\" \/>\n\t<meta property=\"og:image:type\" content=\"image\/jpeg\" \/>\n<meta name=\"author\" content=\"Fernanda Hern\u00e1ndez\" \/>\n<meta name=\"twitter:card\" content=\"summary_large_image\" \/>\n<meta name=\"twitter:creator\" content=\"@https:\/\/twitter.com\/Nannz_Hernandez\" \/>\n<meta name=\"twitter:site\" content=\"@CentroUrbano\" \/>\n<meta name=\"twitter:label1\" content=\"Escrito por\" \/>\n\t<meta name=\"twitter:data1\" content=\"Fernanda Hern\u00e1ndez\" \/>\n\t<meta name=\"twitter:label2\" content=\"Tiempo de lectura\" \/>\n\t<meta name=\"twitter:data2\" content=\"3 minutos\" \/>\n<script type=\"application\/ld+json\" class=\"yoast-schema-graph\">{\"@context\":\"https:\\\/\\\/schema.org\",\"@graph\":[{\"@type\":\"Article\",\"@id\":\"https:\\\/\\\/centrourbano.com\\\/revista\\\/urbanismo\\\/ganadores-concurso-reto-cdmx\\\/#article\",\"isPartOf\":{\"@id\":\"https:\\\/\\\/centrourbano.com\\\/revista\\\/urbanismo\\\/ganadores-concurso-reto-cdmx\\\/\"},\"author\":{\"name\":\"Fernanda Hern\u00e1ndez\",\"@id\":\"https:\\\/\\\/centrourbano.com\\\/revista\\\/#\\\/schema\\\/person\\\/b190b20bbbceb41ec72278c546fa8df3\"},\"headline\":\"Anuncian ganadores del concurso de innovaci\u00f3n Reto CDMX\",\"datePublished\":\"2020-06-30T15:05:06+00:00\",\"dateModified\":\"2020-06-30T20:36:23+00:00\",\"mainEntityOfPage\":{\"@id\":\"https:\\\/\\\/centrourbano.com\\\/revista\\\/urbanismo\\\/ganadores-concurso-reto-cdmx\\\/\"},\"wordCount\":702,\"commentCount\":0,\"publisher\":{\"@id\":\"https:\\\/\\\/centrourbano.com\\\/revista\\\/#organization\"},\"image\":{\"@id\":\"https:\\\/\\\/centrourbano.com\\\/revista\\\/urbanismo\\\/ganadores-concurso-reto-cdmx\\\/#primaryimage\"},\"thumbnailUrl\":\"https:\\\/\\\/centrourbano.com\\\/revista\\\/wp-content\\\/uploads\\\/Anuncian-ganadores-del-concurso-de-innovaci\u00f3n-Reto-CDMX.jpg\",\"keywords\":[\"econom\u00eda circular\",\"Ganadores\",\"Movilidad urbana\",\"Proyectos\",\"Reto CDMX\"],\"articleSection\":[\"Urbanismo\"],\"inLanguage\":\"es\",\"potentialAction\":[{\"@type\":\"CommentAction\",\"name\":\"Comment\",\"target\":[\"https:\\\/\\\/centrourbano.com\\\/revista\\\/urbanismo\\\/ganadores-concurso-reto-cdmx\\\/#respond\"]}]},{\"@type\":\"WebPage\",\"@id\":\"https:\\\/\\\/centrourbano.com\\\/revista\\\/urbanismo\\\/ganadores-concurso-reto-cdmx\\\/\",\"url\":\"https:\\\/\\\/centrourbano.com\\\/revista\\\/urbanismo\\\/ganadores-concurso-reto-cdmx\\\/\",\"name\":\"Anuncian ganadores del concurso de innovaci\u00f3n Reto CDMX\",\"isPartOf\":{\"@id\":\"https:\\\/\\\/centrourbano.com\\\/revista\\\/#website\"},\"primaryImageOfPage\":{\"@id\":\"https:\\\/\\\/centrourbano.com\\\/revista\\\/urbanismo\\\/ganadores-concurso-reto-cdmx\\\/#primaryimage\"},\"image\":{\"@id\":\"https:\\\/\\\/centrourbano.com\\\/revista\\\/urbanismo\\\/ganadores-concurso-reto-cdmx\\\/#primaryimage\"},\"thumbnailUrl\":\"https:\\\/\\\/centrourbano.com\\\/revista\\\/wp-content\\\/uploads\\\/Anuncian-ganadores-del-concurso-de-innovaci\u00f3n-Reto-CDMX.jpg\",\"datePublished\":\"2020-06-30T15:05:06+00:00\",\"dateModified\":\"2020-06-30T20:36:23+00:00\",\"description\":\"\u201cEsperamos con muchas ansias ver c\u00f3mo estas soluciones desarrolladas en Reto CDMX van a cambiar la ciudad y tener impacto positivo\u201d, dijo Heidi Virta\",\"breadcrumb\":{\"@id\":\"https:\\\/\\\/centrourbano.com\\\/revista\\\/urbanismo\\\/ganadores-concurso-reto-cdmx\\\/#breadcrumb\"},\"inLanguage\":\"es\",\"potentialAction\":[{\"@type\":\"ReadAction\",\"target\":[\"https:\\\/\\\/centrourbano.com\\\/revista\\\/urbanismo\\\/ganadores-concurso-reto-cdmx\\\/\"]}]},{\"@type\":\"ImageObject\",\"inLanguage\":\"es\",\"@id\":\"https:\\\/\\\/centrourbano.com\\\/revista\\\/urbanismo\\\/ganadores-concurso-reto-cdmx\\\/#primaryimage\",\"url\":\"https:\\\/\\\/centrourbano.com\\\/revista\\\/wp-content\\\/uploads\\\/Anuncian-ganadores-del-concurso-de-innovaci\u00f3n-Reto-CDMX.jpg\",\"contentUrl\":\"https:\\\/\\\/centrourbano.com\\\/revista\\\/wp-content\\\/uploads\\\/Anuncian-ganadores-del-concurso-de-innovaci\u00f3n-Reto-CDMX.jpg\",\"width\":800,\"height\":435,\"caption\":\"\u201cEsperamos con muchas ansias ver c\u00f3mo estas soluciones desarrolladas en Reto CDMX van a cambiar la ciudad y tener impacto positivo\u201d, dijo Heidi Virta\"},{\"@type\":\"BreadcrumbList\",\"@id\":\"https:\\\/\\\/centrourbano.com\\\/revista\\\/urbanismo\\\/ganadores-concurso-reto-cdmx\\\/#breadcrumb\",\"itemListElement\":[{\"@type\":\"ListItem\",\"position\":1,\"name\":\"Portada\",\"item\":\"https:\\\/\\\/centrourbano.com\\\/revista\\\/\"},{\"@type\":\"ListItem\",\"position\":2,\"name\":\"Anuncian ganadores del concurso de innovaci\u00f3n Reto CDMX\"}]},{\"@type\":\"WebSite\",\"@id\":\"https:\\\/\\\/centrourbano.com\\\/revista\\\/#website\",\"url\":\"https:\\\/\\\/centrourbano.com\\\/revista\\\/\",\"name\":\"Centro Urbano\",\"description\":\"Medio especializado en los sectores vivienda, inmobiliario, construcci\u00f3n, arquitectura y urbanismo.\",\"publisher\":{\"@id\":\"https:\\\/\\\/centrourbano.com\\\/revista\\\/#organization\"},\"potentialAction\":[{\"@type\":\"SearchAction\",\"target\":{\"@type\":\"EntryPoint\",\"urlTemplate\":\"https:\\\/\\\/centrourbano.com\\\/revista\\\/?s={search_term_string}\"},\"query-input\":{\"@type\":\"PropertyValueSpecification\",\"valueRequired\":true,\"valueName\":\"search_term_string\"}}],\"inLanguage\":\"es\"},{\"@type\":\"Organization\",\"@id\":\"https:\\\/\\\/centrourbano.com\\\/revista\\\/#organization\",\"name\":\"Centro Urbano\",\"url\":\"https:\\\/\\\/centrourbano.com\\\/revista\\\/\",\"logo\":{\"@type\":\"ImageObject\",\"inLanguage\":\"es\",\"@id\":\"https:\\\/\\\/centrourbano.com\\\/revista\\\/#\\\/schema\\\/logo\\\/image\\\/\",\"url\":\"https:\\\/\\\/centrourbano.com\\\/revista\\\/wp-content\\\/uploads\\\/web_CU_logo-1.png\",\"contentUrl\":\"https:\\\/\\\/centrourbano.com\\\/revista\\\/wp-content\\\/uploads\\\/web_CU_logo-1.png\",\"width\":350,\"height\":91,\"caption\":\"Centro Urbano\"},\"image\":{\"@id\":\"https:\\\/\\\/centrourbano.com\\\/revista\\\/#\\\/schema\\\/logo\\\/image\\\/\"},\"sameAs\":[\"https:\\\/\\\/www.facebook.com\\\/portalcentrourbano\",\"https:\\\/\\\/x.com\\\/CentroUrbano\",\"https:\\\/\\\/www.instagram.com\\\/centro_urbano\\\/\",\"https:\\\/\\\/www.linkedin.com\\\/company\\\/centro-urbano\\\/\",\"http:\\\/\\\/www.youtube.com\\\/user\\\/portalcentrourbano\"]},{\"@type\":\"Person\",\"@id\":\"https:\\\/\\\/centrourbano.com\\\/revista\\\/#\\\/schema\\\/person\\\/b190b20bbbceb41ec72278c546fa8df3\",\"name\":\"Fernanda Hern\u00e1ndez\",\"image\":{\"@type\":\"ImageObject\",\"inLanguage\":\"es\",\"@id\":\"https:\\\/\\\/secure.gravatar.com\\\/avatar\\\/9471831fb0a24eae9d32d826a7cb8ef07c34a41520aca1a0ab1f5c0903ba49b9?s=96&d=mm&r=g\",\"url\":\"https:\\\/\\\/secure.gravatar.com\\\/avatar\\\/9471831fb0a24eae9d32d826a7cb8ef07c34a41520aca1a0ab1f5c0903ba49b9?s=96&d=mm&r=g\",\"contentUrl\":\"https:\\\/\\\/secure.gravatar.com\\\/avatar\\\/9471831fb0a24eae9d32d826a7cb8ef07c34a41520aca1a0ab1f5c0903ba49b9?s=96&d=mm&r=g\",\"caption\":\"Fernanda Hern\u00e1ndez\"},\"description\":\"Reportera y redactora en Centro Urbano. Soy egresada de la licenciatura en Ciencias de la Comunicaci\u00f3n de la Facultad de Ciencias Pol\u00edticas y Sociales (UNAM). Me interesa la cultura, el urbanismo y la arquitectura. Amante del mundo digital, el cine, la m\u00fasica, la lectura y la escritura.\",\"sameAs\":[\"https:\\\/\\\/x.com\\\/https:\\\/\\\/twitter.com\\\/Nannz_Hernandez\"],\"url\":\"https:\\\/\\\/centrourbano.com\\\/revista\\\/author\\\/fernanda-hernandez\\\/\"}]}<\/script>\n<!-- \/ Yoast SEO plugin. -->","yoast_head_json":{"title":"Anuncian ganadores del concurso de innovaci\u00f3n Reto CDMX","description":"\u201cEsperamos con muchas ansias ver c\u00f3mo estas soluciones desarrolladas en Reto CDMX van a cambiar la ciudad y tener impacto positivo\u201d, dijo Heidi Virta","robots":{"index":"index","follow":"follow","max-snippet":"max-snippet:-1","max-image-preview":"max-image-preview:large","max-video-preview":"max-video-preview:-1"},"canonical":"https:\/\/centrourbano.com\/revista\/urbanismo\/ganadores-concurso-reto-cdmx\/","og_locale":"es_ES","og_type":"article","og_title":"Anuncian ganadores del concurso de innovaci\u00f3n Reto CDMX","og_description":"\u201cEsperamos con muchas ansias ver c\u00f3mo estas soluciones desarrolladas en Reto CDMX van a cambiar la ciudad y tener impacto positivo\u201d, dijo Heidi Virta","og_url":"https:\/\/centrourbano.com\/revista\/urbanismo\/ganadores-concurso-reto-cdmx\/","og_site_name":"Centro Urbano","article_publisher":"https:\/\/www.facebook.com\/portalcentrourbano","article_published_time":"2020-06-30T15:05:06+00:00","article_modified_time":"2020-06-30T20:36:23+00:00","og_image":[{"width":800,"height":435,"url":"https:\/\/centrourbano.com\/revista\/wp-content\/uploads\/Anuncian-ganadores-del-concurso-de-innovaci\u00f3n-Reto-CDMX.jpg","type":"image\/jpeg"}],"author":"Fernanda Hern\u00e1ndez","twitter_card":"summary_large_image","twitter_creator":"@https:\/\/twitter.com\/Nannz_Hernandez","twitter_site":"@CentroUrbano","twitter_misc":{"Escrito por":"Fernanda Hern\u00e1ndez","Tiempo de lectura":"3 minutos"},"schema":{"@context":"https:\/\/schema.org","@graph":[{"@type":"Article","@id":"https:\/\/centrourbano.com\/revista\/urbanismo\/ganadores-concurso-reto-cdmx\/#article","isPartOf":{"@id":"https:\/\/centrourbano.com\/revista\/urbanismo\/ganadores-concurso-reto-cdmx\/"},"author":{"name":"Fernanda Hern\u00e1ndez","@id":"https:\/\/centrourbano.com\/revista\/#\/schema\/person\/b190b20bbbceb41ec72278c546fa8df3"},"headline":"Anuncian ganadores del concurso de innovaci\u00f3n Reto CDMX","datePublished":"2020-06-30T15:05:06+00:00","dateModified":"2020-06-30T20:36:23+00:00","mainEntityOfPage":{"@id":"https:\/\/centrourbano.com\/revista\/urbanismo\/ganadores-concurso-reto-cdmx\/"},"wordCount":702,"commentCount":0,"publisher":{"@id":"https:\/\/centrourbano.com\/revista\/#organization"},"image":{"@id":"https:\/\/centrourbano.com\/revista\/urbanismo\/ganadores-concurso-reto-cdmx\/#primaryimage"},"thumbnailUrl":"https:\/\/centrourbano.com\/revista\/wp-content\/uploads\/Anuncian-ganadores-del-concurso-de-innovaci\u00f3n-Reto-CDMX.jpg","keywords":["econom\u00eda circular","Ganadores","Movilidad urbana","Proyectos","Reto CDMX"],"articleSection":["Urbanismo"],"inLanguage":"es","potentialAction":[{"@type":"CommentAction","name":"Comment","target":["https:\/\/centrourbano.com\/revista\/urbanismo\/ganadores-concurso-reto-cdmx\/#respond"]}]},{"@type":"WebPage","@id":"https:\/\/centrourbano.com\/revista\/urbanismo\/ganadores-concurso-reto-cdmx\/","url":"https:\/\/centrourbano.com\/revista\/urbanismo\/ganadores-concurso-reto-cdmx\/","name":"Anuncian ganadores del concurso de innovaci\u00f3n Reto CDMX","isPartOf":{"@id":"https:\/\/centrourbano.com\/revista\/#website"},"primaryImageOfPage":{"@id":"https:\/\/centrourbano.com\/revista\/urbanismo\/ganadores-concurso-reto-cdmx\/#primaryimage"},"image":{"@id":"https:\/\/centrourbano.com\/revista\/urbanismo\/ganadores-concurso-reto-cdmx\/#primaryimage"},"thumbnailUrl":"https:\/\/centrourbano.com\/revista\/wp-content\/uploads\/Anuncian-ganadores-del-concurso-de-innovaci\u00f3n-Reto-CDMX.jpg","datePublished":"2020-06-30T15:05:06+00:00","dateModified":"2020-06-30T20:36:23+00:00","description":"\u201cEsperamos con muchas ansias ver c\u00f3mo estas soluciones desarrolladas en Reto CDMX van a cambiar la ciudad y tener impacto positivo\u201d, dijo Heidi Virta","breadcrumb":{"@id":"https:\/\/centrourbano.com\/revista\/urbanismo\/ganadores-concurso-reto-cdmx\/#breadcrumb"},"inLanguage":"es","potentialAction":[{"@type":"ReadAction","target":["https:\/\/centrourbano.com\/revista\/urbanismo\/ganadores-concurso-reto-cdmx\/"]}]},{"@type":"ImageObject","inLanguage":"es","@id":"https:\/\/centrourbano.com\/revista\/urbanismo\/ganadores-concurso-reto-cdmx\/#primaryimage","url":"https:\/\/centrourbano.com\/revista\/wp-content\/uploads\/Anuncian-ganadores-del-concurso-de-innovaci\u00f3n-Reto-CDMX.jpg","contentUrl":"https:\/\/centrourbano.com\/revista\/wp-content\/uploads\/Anuncian-ganadores-del-concurso-de-innovaci\u00f3n-Reto-CDMX.jpg","width":800,"height":435,"caption":"\u201cEsperamos con muchas ansias ver c\u00f3mo estas soluciones desarrolladas en Reto CDMX van a cambiar la ciudad y tener impacto positivo\u201d, dijo Heidi Virta"},{"@type":"BreadcrumbList","@id":"https:\/\/centrourbano.com\/revista\/urbanismo\/ganadores-concurso-reto-cdmx\/#breadcrumb","itemListElement":[{"@type":"ListItem","position":1,"name":"Portada","item":"https:\/\/centrourbano.com\/revista\/"},{"@type":"ListItem","position":2,"name":"Anuncian ganadores del concurso de innovaci\u00f3n Reto CDMX"}]},{"@type":"WebSite","@id":"https:\/\/centrourbano.com\/revista\/#website","url":"https:\/\/centrourbano.com\/revista\/","name":"Centro Urbano","description":"Medio especializado en los sectores vivienda, inmobiliario, construcci\u00f3n, arquitectura y urbanismo.","publisher":{"@id":"https:\/\/centrourbano.com\/revista\/#organization"},"potentialAction":[{"@type":"SearchAction","target":{"@type":"EntryPoint","urlTemplate":"https:\/\/centrourbano.com\/revista\/?s={search_term_string}"},"query-input":{"@type":"PropertyValueSpecification","valueRequired":true,"valueName":"search_term_string"}}],"inLanguage":"es"},{"@type":"Organization","@id":"https:\/\/centrourbano.com\/revista\/#organization","name":"Centro Urbano","url":"https:\/\/centrourbano.com\/revista\/","logo":{"@type":"ImageObject","inLanguage":"es","@id":"https:\/\/centrourbano.com\/revista\/#\/schema\/logo\/image\/","url":"https:\/\/centrourbano.com\/revista\/wp-content\/uploads\/web_CU_logo-1.png","contentUrl":"https:\/\/centrourbano.com\/revista\/wp-content\/uploads\/web_CU_logo-1.png","width":350,"height":91,"caption":"Centro Urbano"},"image":{"@id":"https:\/\/centrourbano.com\/revista\/#\/schema\/logo\/image\/"},"sameAs":["https:\/\/www.facebook.com\/portalcentrourbano","https:\/\/x.com\/CentroUrbano","https:\/\/www.instagram.com\/centro_urbano\/","https:\/\/www.linkedin.com\/company\/centro-urbano\/","http:\/\/www.youtube.com\/user\/portalcentrourbano"]},{"@type":"Person","@id":"https:\/\/centrourbano.com\/revista\/#\/schema\/person\/b190b20bbbceb41ec72278c546fa8df3","name":"Fernanda Hern\u00e1ndez","image":{"@type":"ImageObject","inLanguage":"es","@id":"https:\/\/secure.gravatar.com\/avatar\/9471831fb0a24eae9d32d826a7cb8ef07c34a41520aca1a0ab1f5c0903ba49b9?s=96&d=mm&r=g","url":"https:\/\/secure.gravatar.com\/avatar\/9471831fb0a24eae9d32d826a7cb8ef07c34a41520aca1a0ab1f5c0903ba49b9?s=96&d=mm&r=g","contentUrl":"https:\/\/secure.gravatar.com\/avatar\/9471831fb0a24eae9d32d826a7cb8ef07c34a41520aca1a0ab1f5c0903ba49b9?s=96&d=mm&r=g","caption":"Fernanda Hern\u00e1ndez"},"description":"Reportera y redactora en Centro Urbano. Soy egresada de la licenciatura en Ciencias de la Comunicaci\u00f3n de la Facultad de Ciencias Pol\u00edticas y Sociales (UNAM). Me interesa la cultura, el urbanismo y la arquitectura. Amante del mundo digital, el cine, la m\u00fasica, la lectura y la escritura.","sameAs":["https:\/\/x.com\/https:\/\/twitter.com\/Nannz_Hernandez"],"url":"https:\/\/centrourbano.com\/revista\/author\/fernanda-hernandez\/"}]}},"_links":{"self":[{"href":"https:\/\/centrourbano.com\/revista\/wp-json\/wp\/v2\/posts\/108641","targetHints":{"allow":["GET"]}}],"collection":[{"href":"https:\/\/centrourbano.com\/revista\/wp-json\/wp\/v2\/posts"}],"about":[{"href":"https:\/\/centrourbano.com\/revista\/wp-json\/wp\/v2\/types\/post"}],"author":[{"embeddable":true,"href":"https:\/\/centrourbano.com\/revista\/wp-json\/wp\/v2\/users\/73"}],"replies":[{"embeddable":true,"href":"https:\/\/centrourbano.com\/revista\/wp-json\/wp\/v2\/comments?post=108641"}],"version-history":[{"count":1,"href":"https:\/\/centrourbano.com\/revista\/wp-json\/wp\/v2\/posts\/108641\/revisions"}],"predecessor-version":[{"id":108666,"href":"https:\/\/centrourbano.com\/revista\/wp-json\/wp\/v2\/posts\/108641\/revisions\/108666"}],"wp:featuredmedia":[{"embeddable":true,"href":"https:\/\/centrourbano.com\/revista\/wp-json\/wp\/v2\/media\/108644"}],"wp:attachment":[{"href":"https:\/\/centrourbano.com\/revista\/wp-json\/wp\/v2\/media?parent=108641"}],"wp:term":[{"taxonomy":"category","embeddable":true,"href":"https:\/\/centrourbano.com\/revista\/wp-json\/wp\/v2\/categories?post=108641"},{"taxonomy":"post_tag","embeddable":true,"href":"https:\/\/centrourbano.com\/revista\/wp-json\/wp\/v2\/tags?post=108641"}],"curies":[{"name":"wp","href":"https:\/\/api.w.org\/{rel}","templated":true}]}}