{"id":10859,"date":"2014-09-19T13:17:45","date_gmt":"2014-09-19T18:17:45","guid":{"rendered":"http:\/\/centrourbano.com\/?p=10859"},"modified":"2014-10-27T19:14:17","modified_gmt":"2014-10-28T01:14:17","slug":"lo-bueno-lo-malo-y-lo-in-del-sector","status":"publish","type":"post","link":"https:\/\/centrourbano.com\/revista\/opinion\/blog-desde-centro-urbano\/lo-bueno-lo-malo-y-lo-in-del-sector\/","title":{"rendered":"Lo bueno, lo malo y lo in\u2026 de los eventos del sector vivienda"},"content":{"rendered":"<p>&nbsp;<\/p>\n<p><em>Ir a cubrir un evento como prensa tiene un \u00e1ngulo m\u00e1s que informativo, hay cosas que al menos a m\u00ed me gustan o me disgustan, como el hecho de que te citen a una hora y comience dos despu\u00e9s, o al contrario, luego te conf\u00edas porque piensas que nunca ser\u00e1n puntuales y resulta que llegas y ya est\u00e1 la presentaci\u00f3n o apenas est\u00e1 el desayuno, de eso no hay queja, salvo cuando hay que esperar a que los funcionarios terminen para que comience el evento.<\/em><!--more--><\/p>\n<p>Y hablando de presentaciones, en algunas conferencias m\u00e1s que la noticia en s\u00ed, lo que dura son los saludos a todo el presidium, no s\u00e9 si para que quede claro qui\u00e9nes son quienes lo conforman o es el protocolo normal, pero la verdad resulta tedioso que en una conferencia termine de hablar un presentador, tome la palabra uno de los funcionarios y comience: \u00a1Buenos d\u00edas se\u00f1or Secretario, que tal Director general, un gusto Presidente de&#8230; peor si son como 10 en la mesa! Y tras su discurso toma el micr\u00f3fono el siguiente ponente y de nuevo comienza con los saludos.<\/p>\n<p>El trabajo de los reporteros en los eventos, es tratar de conseguir una entrevista exclusiva o de perdis entrarle al \u2018chacaleo\u2019, regresar a la redacci\u00f3n y escribir la nota para que pueda publicarse a tiempo en el peri\u00f3dico, as\u00ed que entre m\u00e1s breve sea la conferencia mucho mejor; o ya si nos ponen un \u00e1rea de prensa con internet, seguro estar\u00eda la nota en los portales informativos antes de que saliera la \u00faltima persona del foro.<\/p>\n<p>Por cierto, aunque parezca raro, hay veces en que es m\u00e1s complicado hablar con la gente de comunicaci\u00f3n que con los propios funcionarios, y digo raro porque \u00bfacaso a ellos no les conviene darle difusi\u00f3n a la instituci\u00f3n o empresa a la que representan? y es m\u00e1s \u00bfno recuerdan que somos colegas? Seguramente si est\u00e1n desempe\u00f1\u00e1ndose en el \u00e1rea debieron pasar alguna vez por la reporteada, ojal\u00e1 recordaran lo complicado que es cumplir con las exigencias de los medios.<\/p>\n<p>Sin embargo, ir a un evento tambi\u00e9n puede resultar una pasarela, en donde es f\u00e1cil identificar a los funcionarios o empresarios por su propio estilo, por ejemplo, la vestimenta del titular de la Sedatu, Jorge Carlos Ram\u00edrez Mar\u00edn, depende del lugar de la Rep\u00fablica en donde se encuentre, por cierto, pareciera que se teletransporta pues lo mismo puede estar por la ma\u00f1ana con su guayabera en Yucat\u00e1n, que por la tarde con el collar de flores que le entregan las se\u00f1oras de la tierra a la que visita.<\/p>\n<p>Paloma Silva, directora de la Conavi, se caracteriza por usar colores brillantes como el verde o naranja, en sacos o vestidos que no ha cualquiera le quedan bien, pero a ella le van perfecto por su tono de piel. Y s\u00ed de colores llamativos se trata nada como los calcetines rosas u fluorescentes de mi jefe, Horacio Urbano, quien casi siempre compite con los de Fernando Soto Hay, director de Tu hipoteca F\u00e1cil, aunque no son los \u00fanicos, pues hasta el funcionario m\u00e1s serio suele ocultar los calcetines m\u00e1s vistosos.<\/p>\n<p>Los directores de Infonavit y Fovissste, Alejandro Murat y Jos\u00e9 Reyes Baeza, son de los que optan por un traje formal, como la mayor\u00eda, para que no haya falla; en cambio Aurora del Valle y A\u00edda Roel, directoras de Derex y el RUV, saben sacarle provecho a su belleza con prendas sencillas pero elegantes.<\/p>\n<p>Por parte de los medios de comunicaci\u00f3n, mejor me reservar\u00e9 mi opini\u00f3n para no \u201cherir susceptibilidades\u201d y aunque reconozco un par de tenis siempre es m\u00e1s c\u00f3modo para ir corriendo de un evento a otro, que puede ser desde un desayuno a las 8 de la ma\u00f1ana en el sur del DF (as\u00ed vivas en un municipio del Estado de M\u00e9xico), a un c\u00f3ctel de inauguraci\u00f3n o la presentaci\u00f3n de un libro a las 8 de la noche, nunca est\u00e1 de m\u00e1s \u201cecharle ganitas\u201d para vestirse, a fin de cuentas dicen que como te ven te tratan \u00bfo no?<\/p>\n","protected":false},"excerpt":{"rendered":"<p>&nbsp; Ir a cubrir un evento como prensa tiene un \u00e1ngulo m\u00e1s que informativo, hay cosas que al menos a m\u00ed me gustan o me disgustan, como el hecho de que te citen a una hora y comience dos despu\u00e9s, o al contrario, luego te conf\u00edas porque piensas que nunca ser\u00e1n puntuales y resulta que [&hellip;]<\/p>\n","protected":false},"author":5,"featured_media":0,"comment_status":"open","ping_status":"closed","sticky":false,"template":"","format":"standard","meta":{"om_disable_all_campaigns":false,"inline_featured_image":false,"_monsterinsights_skip_tracking":false,"_monsterinsights_sitenote_active":false,"_monsterinsights_sitenote_note":"","_monsterinsights_sitenote_category":0,"footnotes":""},"categories":[240],"tags":[],"class_list":["post-10859","post","type-post","status-publish","format-standard","hentry","category-blog-desde-centro-urbano"],"yoast_head":"<!-- This site is optimized with the Yoast SEO plugin v27.5 - https:\/\/yoast.com\/product\/yoast-seo-wordpress\/ -->\n<title>Lo bueno, lo malo y lo in\u2026 de los eventos del sector vivienda -<\/title>\n<meta name=\"description\" content=\"&nbsp; Ir a cubrir un evento como prensa tiene un \u00e1ngulo m\u00e1s que informativo, hay cosas que al menos a m\u00ed me gustan o me disgustan, como el hecho de que\" \/>\n<meta name=\"robots\" content=\"index, follow, max-snippet:-1, max-image-preview:large, max-video-preview:-1\" \/>\n<link rel=\"canonical\" href=\"https:\/\/centrourbano.com\/revista\/opinion\/blog-desde-centro-urbano\/lo-bueno-lo-malo-y-lo-in-del-sector\/\" \/>\n<meta property=\"og:locale\" content=\"es_ES\" \/>\n<meta property=\"og:type\" content=\"article\" \/>\n<meta property=\"og:title\" content=\"Lo bueno, lo malo y lo in\u2026 de los eventos del sector vivienda -\" \/>\n<meta property=\"og:description\" content=\"&nbsp; Ir a cubrir un evento como prensa tiene un \u00e1ngulo m\u00e1s que informativo, hay cosas que al menos a m\u00ed me gustan o me disgustan, como el hecho de que\" \/>\n<meta property=\"og:url\" content=\"https:\/\/centrourbano.com\/revista\/opinion\/blog-desde-centro-urbano\/lo-bueno-lo-malo-y-lo-in-del-sector\/\" \/>\n<meta property=\"og:site_name\" content=\"Centro Urbano\" \/>\n<meta property=\"article:publisher\" content=\"https:\/\/www.facebook.com\/portalcentrourbano\" \/>\n<meta property=\"article:published_time\" content=\"2014-09-19T18:17:45+00:00\" \/>\n<meta property=\"article:modified_time\" content=\"2014-10-28T01:14:17+00:00\" \/>\n<meta property=\"og:image\" content=\"https:\/\/centrourbano.com\/revista\/wp-content\/uploads\/CU-logo.png\" \/>\n\t<meta property=\"og:image:width\" content=\"350\" \/>\n\t<meta property=\"og:image:height\" content=\"91\" \/>\n\t<meta property=\"og:image:type\" content=\"image\/png\" \/>\n<meta name=\"author\" content=\"Aura Fuentes\" \/>\n<meta name=\"twitter:card\" content=\"summary_large_image\" \/>\n<meta name=\"twitter:creator\" content=\"@CentroUrbano\" \/>\n<meta name=\"twitter:site\" content=\"@CentroUrbano\" \/>\n<meta name=\"twitter:label1\" content=\"Escrito por\" \/>\n\t<meta name=\"twitter:data1\" content=\"Aura Fuentes\" \/>\n\t<meta name=\"twitter:label2\" content=\"Tiempo de lectura\" \/>\n\t<meta name=\"twitter:data2\" content=\"4 minutos\" \/>\n<script type=\"application\/ld+json\" class=\"yoast-schema-graph\">{\"@context\":\"https:\\\/\\\/schema.org\",\"@graph\":[{\"@type\":\"Article\",\"@id\":\"https:\\\/\\\/centrourbano.com\\\/revista\\\/opinion\\\/blog-desde-centro-urbano\\\/lo-bueno-lo-malo-y-lo-in-del-sector\\\/#article\",\"isPartOf\":{\"@id\":\"https:\\\/\\\/centrourbano.com\\\/revista\\\/opinion\\\/blog-desde-centro-urbano\\\/lo-bueno-lo-malo-y-lo-in-del-sector\\\/\"},\"author\":{\"name\":\"Aura Fuentes\",\"@id\":\"https:\\\/\\\/centrourbano.com\\\/revista\\\/#\\\/schema\\\/person\\\/38a5f013f1017893ef1ef0454a94d0a7\"},\"headline\":\"Lo bueno, lo malo y lo in\u2026 de los eventos del sector vivienda\",\"datePublished\":\"2014-09-19T18:17:45+00:00\",\"dateModified\":\"2014-10-28T01:14:17+00:00\",\"mainEntityOfPage\":{\"@id\":\"https:\\\/\\\/centrourbano.com\\\/revista\\\/opinion\\\/blog-desde-centro-urbano\\\/lo-bueno-lo-malo-y-lo-in-del-sector\\\/\"},\"wordCount\":726,\"commentCount\":0,\"publisher\":{\"@id\":\"https:\\\/\\\/centrourbano.com\\\/revista\\\/#organization\"},\"articleSection\":[\"Desde Centro Urbano\"],\"inLanguage\":\"es\",\"potentialAction\":[{\"@type\":\"CommentAction\",\"name\":\"Comment\",\"target\":[\"https:\\\/\\\/centrourbano.com\\\/revista\\\/opinion\\\/blog-desde-centro-urbano\\\/lo-bueno-lo-malo-y-lo-in-del-sector\\\/#respond\"]}]},{\"@type\":\"WebPage\",\"@id\":\"https:\\\/\\\/centrourbano.com\\\/revista\\\/opinion\\\/blog-desde-centro-urbano\\\/lo-bueno-lo-malo-y-lo-in-del-sector\\\/\",\"url\":\"https:\\\/\\\/centrourbano.com\\\/revista\\\/opinion\\\/blog-desde-centro-urbano\\\/lo-bueno-lo-malo-y-lo-in-del-sector\\\/\",\"name\":\"Lo bueno, lo malo y lo in\u2026 de los eventos del sector vivienda -\",\"isPartOf\":{\"@id\":\"https:\\\/\\\/centrourbano.com\\\/revista\\\/#website\"},\"datePublished\":\"2014-09-19T18:17:45+00:00\",\"dateModified\":\"2014-10-28T01:14:17+00:00\",\"description\":\"&nbsp; Ir a cubrir un evento como prensa tiene un \u00e1ngulo m\u00e1s que informativo, hay cosas que al menos a m\u00ed me gustan o me disgustan, como el hecho de que\",\"breadcrumb\":{\"@id\":\"https:\\\/\\\/centrourbano.com\\\/revista\\\/opinion\\\/blog-desde-centro-urbano\\\/lo-bueno-lo-malo-y-lo-in-del-sector\\\/#breadcrumb\"},\"inLanguage\":\"es\",\"potentialAction\":[{\"@type\":\"ReadAction\",\"target\":[\"https:\\\/\\\/centrourbano.com\\\/revista\\\/opinion\\\/blog-desde-centro-urbano\\\/lo-bueno-lo-malo-y-lo-in-del-sector\\\/\"]}]},{\"@type\":\"BreadcrumbList\",\"@id\":\"https:\\\/\\\/centrourbano.com\\\/revista\\\/opinion\\\/blog-desde-centro-urbano\\\/lo-bueno-lo-malo-y-lo-in-del-sector\\\/#breadcrumb\",\"itemListElement\":[{\"@type\":\"ListItem\",\"position\":1,\"name\":\"Portada\",\"item\":\"https:\\\/\\\/centrourbano.com\\\/revista\\\/\"},{\"@type\":\"ListItem\",\"position\":2,\"name\":\"Lo bueno, lo malo y lo in\u2026 de los eventos del sector vivienda\"}]},{\"@type\":\"WebSite\",\"@id\":\"https:\\\/\\\/centrourbano.com\\\/revista\\\/#website\",\"url\":\"https:\\\/\\\/centrourbano.com\\\/revista\\\/\",\"name\":\"Centro Urbano\",\"description\":\"Medio especializado en los sectores vivienda, inmobiliario, construcci\u00f3n, arquitectura y urbanismo.\",\"publisher\":{\"@id\":\"https:\\\/\\\/centrourbano.com\\\/revista\\\/#organization\"},\"potentialAction\":[{\"@type\":\"SearchAction\",\"target\":{\"@type\":\"EntryPoint\",\"urlTemplate\":\"https:\\\/\\\/centrourbano.com\\\/revista\\\/?s={search_term_string}\"},\"query-input\":{\"@type\":\"PropertyValueSpecification\",\"valueRequired\":true,\"valueName\":\"search_term_string\"}}],\"inLanguage\":\"es\"},{\"@type\":\"Organization\",\"@id\":\"https:\\\/\\\/centrourbano.com\\\/revista\\\/#organization\",\"name\":\"Centro Urbano\",\"url\":\"https:\\\/\\\/centrourbano.com\\\/revista\\\/\",\"logo\":{\"@type\":\"ImageObject\",\"inLanguage\":\"es\",\"@id\":\"https:\\\/\\\/centrourbano.com\\\/revista\\\/#\\\/schema\\\/logo\\\/image\\\/\",\"url\":\"https:\\\/\\\/centrourbano.com\\\/revista\\\/wp-content\\\/uploads\\\/web_CU_logo-1.png\",\"contentUrl\":\"https:\\\/\\\/centrourbano.com\\\/revista\\\/wp-content\\\/uploads\\\/web_CU_logo-1.png\",\"width\":350,\"height\":91,\"caption\":\"Centro Urbano\"},\"image\":{\"@id\":\"https:\\\/\\\/centrourbano.com\\\/revista\\\/#\\\/schema\\\/logo\\\/image\\\/\"},\"sameAs\":[\"https:\\\/\\\/www.facebook.com\\\/portalcentrourbano\",\"https:\\\/\\\/x.com\\\/CentroUrbano\",\"https:\\\/\\\/www.instagram.com\\\/centro_urbano\\\/\",\"https:\\\/\\\/www.linkedin.com\\\/company\\\/centro-urbano\\\/\",\"http:\\\/\\\/www.youtube.com\\\/user\\\/portalcentrourbano\"]},{\"@type\":\"Person\",\"@id\":\"https:\\\/\\\/centrourbano.com\\\/revista\\\/#\\\/schema\\\/person\\\/38a5f013f1017893ef1ef0454a94d0a7\",\"name\":\"Aura Fuentes\",\"image\":{\"@type\":\"ImageObject\",\"inLanguage\":\"es\",\"@id\":\"https:\\\/\\\/secure.gravatar.com\\\/avatar\\\/d4d494c7466b3a8e92935aa38a4205c72303f888e06051bec24b2018c769f20a?s=96&d=mm&r=g\",\"url\":\"https:\\\/\\\/secure.gravatar.com\\\/avatar\\\/d4d494c7466b3a8e92935aa38a4205c72303f888e06051bec24b2018c769f20a?s=96&d=mm&r=g\",\"contentUrl\":\"https:\\\/\\\/secure.gravatar.com\\\/avatar\\\/d4d494c7466b3a8e92935aa38a4205c72303f888e06051bec24b2018c769f20a?s=96&d=mm&r=g\",\"caption\":\"Aura Fuentes\"},\"description\":\"Egresada de la carrera de Comunicaci\u00f3n y Periodismo en la FES Arag\u00f3n, UNAM. Aunque se especializ\u00f3 en Televisi\u00f3n prefiere estar detr\u00e1s de una computadora haciendo lo que m\u00e1s le gusta: escribir. Su mayor experiencia como profesionista la obtuvo en Diario de M\u00e9xico Edici\u00f3n USA, donde fungi\u00f3 como coordinadora editorial. Siempre perfeccionista y responsable, ahora se desempe\u00f1a como Editora en Jefe dentro de Centro Urbano.\",\"sameAs\":[\"http:\\\/\\\/@Aura_CU\"],\"url\":\"https:\\\/\\\/centrourbano.com\\\/revista\\\/author\\\/aura-fuentes\\\/\"}]}<\/script>\n<!-- \/ Yoast SEO plugin. -->","yoast_head_json":{"title":"Lo bueno, lo malo y lo in\u2026 de los eventos del sector vivienda -","description":"&nbsp; Ir a cubrir un evento como prensa tiene un \u00e1ngulo m\u00e1s que informativo, hay cosas que al menos a m\u00ed me gustan o me disgustan, como el hecho de que","robots":{"index":"index","follow":"follow","max-snippet":"max-snippet:-1","max-image-preview":"max-image-preview:large","max-video-preview":"max-video-preview:-1"},"canonical":"https:\/\/centrourbano.com\/revista\/opinion\/blog-desde-centro-urbano\/lo-bueno-lo-malo-y-lo-in-del-sector\/","og_locale":"es_ES","og_type":"article","og_title":"Lo bueno, lo malo y lo in\u2026 de los eventos del sector vivienda -","og_description":"&nbsp; Ir a cubrir un evento como prensa tiene un \u00e1ngulo m\u00e1s que informativo, hay cosas que al menos a m\u00ed me gustan o me disgustan, como el hecho de que","og_url":"https:\/\/centrourbano.com\/revista\/opinion\/blog-desde-centro-urbano\/lo-bueno-lo-malo-y-lo-in-del-sector\/","og_site_name":"Centro Urbano","article_publisher":"https:\/\/www.facebook.com\/portalcentrourbano","article_published_time":"2014-09-19T18:17:45+00:00","article_modified_time":"2014-10-28T01:14:17+00:00","og_image":[{"width":350,"height":91,"url":"https:\/\/centrourbano.com\/revista\/wp-content\/uploads\/CU-logo.png","type":"image\/png"}],"author":"Aura Fuentes","twitter_card":"summary_large_image","twitter_creator":"@CentroUrbano","twitter_site":"@CentroUrbano","twitter_misc":{"Escrito por":"Aura Fuentes","Tiempo de lectura":"4 minutos"},"schema":{"@context":"https:\/\/schema.org","@graph":[{"@type":"Article","@id":"https:\/\/centrourbano.com\/revista\/opinion\/blog-desde-centro-urbano\/lo-bueno-lo-malo-y-lo-in-del-sector\/#article","isPartOf":{"@id":"https:\/\/centrourbano.com\/revista\/opinion\/blog-desde-centro-urbano\/lo-bueno-lo-malo-y-lo-in-del-sector\/"},"author":{"name":"Aura Fuentes","@id":"https:\/\/centrourbano.com\/revista\/#\/schema\/person\/38a5f013f1017893ef1ef0454a94d0a7"},"headline":"Lo bueno, lo malo y lo in\u2026 de los eventos del sector vivienda","datePublished":"2014-09-19T18:17:45+00:00","dateModified":"2014-10-28T01:14:17+00:00","mainEntityOfPage":{"@id":"https:\/\/centrourbano.com\/revista\/opinion\/blog-desde-centro-urbano\/lo-bueno-lo-malo-y-lo-in-del-sector\/"},"wordCount":726,"commentCount":0,"publisher":{"@id":"https:\/\/centrourbano.com\/revista\/#organization"},"articleSection":["Desde Centro Urbano"],"inLanguage":"es","potentialAction":[{"@type":"CommentAction","name":"Comment","target":["https:\/\/centrourbano.com\/revista\/opinion\/blog-desde-centro-urbano\/lo-bueno-lo-malo-y-lo-in-del-sector\/#respond"]}]},{"@type":"WebPage","@id":"https:\/\/centrourbano.com\/revista\/opinion\/blog-desde-centro-urbano\/lo-bueno-lo-malo-y-lo-in-del-sector\/","url":"https:\/\/centrourbano.com\/revista\/opinion\/blog-desde-centro-urbano\/lo-bueno-lo-malo-y-lo-in-del-sector\/","name":"Lo bueno, lo malo y lo in\u2026 de los eventos del sector vivienda -","isPartOf":{"@id":"https:\/\/centrourbano.com\/revista\/#website"},"datePublished":"2014-09-19T18:17:45+00:00","dateModified":"2014-10-28T01:14:17+00:00","description":"&nbsp; Ir a cubrir un evento como prensa tiene un \u00e1ngulo m\u00e1s que informativo, hay cosas que al menos a m\u00ed me gustan o me disgustan, como el hecho de que","breadcrumb":{"@id":"https:\/\/centrourbano.com\/revista\/opinion\/blog-desde-centro-urbano\/lo-bueno-lo-malo-y-lo-in-del-sector\/#breadcrumb"},"inLanguage":"es","potentialAction":[{"@type":"ReadAction","target":["https:\/\/centrourbano.com\/revista\/opinion\/blog-desde-centro-urbano\/lo-bueno-lo-malo-y-lo-in-del-sector\/"]}]},{"@type":"BreadcrumbList","@id":"https:\/\/centrourbano.com\/revista\/opinion\/blog-desde-centro-urbano\/lo-bueno-lo-malo-y-lo-in-del-sector\/#breadcrumb","itemListElement":[{"@type":"ListItem","position":1,"name":"Portada","item":"https:\/\/centrourbano.com\/revista\/"},{"@type":"ListItem","position":2,"name":"Lo bueno, lo malo y lo in\u2026 de los eventos del sector vivienda"}]},{"@type":"WebSite","@id":"https:\/\/centrourbano.com\/revista\/#website","url":"https:\/\/centrourbano.com\/revista\/","name":"Centro Urbano","description":"Medio especializado en los sectores vivienda, inmobiliario, construcci\u00f3n, arquitectura y urbanismo.","publisher":{"@id":"https:\/\/centrourbano.com\/revista\/#organization"},"potentialAction":[{"@type":"SearchAction","target":{"@type":"EntryPoint","urlTemplate":"https:\/\/centrourbano.com\/revista\/?s={search_term_string}"},"query-input":{"@type":"PropertyValueSpecification","valueRequired":true,"valueName":"search_term_string"}}],"inLanguage":"es"},{"@type":"Organization","@id":"https:\/\/centrourbano.com\/revista\/#organization","name":"Centro Urbano","url":"https:\/\/centrourbano.com\/revista\/","logo":{"@type":"ImageObject","inLanguage":"es","@id":"https:\/\/centrourbano.com\/revista\/#\/schema\/logo\/image\/","url":"https:\/\/centrourbano.com\/revista\/wp-content\/uploads\/web_CU_logo-1.png","contentUrl":"https:\/\/centrourbano.com\/revista\/wp-content\/uploads\/web_CU_logo-1.png","width":350,"height":91,"caption":"Centro Urbano"},"image":{"@id":"https:\/\/centrourbano.com\/revista\/#\/schema\/logo\/image\/"},"sameAs":["https:\/\/www.facebook.com\/portalcentrourbano","https:\/\/x.com\/CentroUrbano","https:\/\/www.instagram.com\/centro_urbano\/","https:\/\/www.linkedin.com\/company\/centro-urbano\/","http:\/\/www.youtube.com\/user\/portalcentrourbano"]},{"@type":"Person","@id":"https:\/\/centrourbano.com\/revista\/#\/schema\/person\/38a5f013f1017893ef1ef0454a94d0a7","name":"Aura Fuentes","image":{"@type":"ImageObject","inLanguage":"es","@id":"https:\/\/secure.gravatar.com\/avatar\/d4d494c7466b3a8e92935aa38a4205c72303f888e06051bec24b2018c769f20a?s=96&d=mm&r=g","url":"https:\/\/secure.gravatar.com\/avatar\/d4d494c7466b3a8e92935aa38a4205c72303f888e06051bec24b2018c769f20a?s=96&d=mm&r=g","contentUrl":"https:\/\/secure.gravatar.com\/avatar\/d4d494c7466b3a8e92935aa38a4205c72303f888e06051bec24b2018c769f20a?s=96&d=mm&r=g","caption":"Aura Fuentes"},"description":"Egresada de la carrera de Comunicaci\u00f3n y Periodismo en la FES Arag\u00f3n, UNAM. Aunque se especializ\u00f3 en Televisi\u00f3n prefiere estar detr\u00e1s de una computadora haciendo lo que m\u00e1s le gusta: escribir. Su mayor experiencia como profesionista la obtuvo en Diario de M\u00e9xico Edici\u00f3n USA, donde fungi\u00f3 como coordinadora editorial. Siempre perfeccionista y responsable, ahora se desempe\u00f1a como Editora en Jefe dentro de Centro Urbano.","sameAs":["http:\/\/@Aura_CU"],"url":"https:\/\/centrourbano.com\/revista\/author\/aura-fuentes\/"}]}},"_links":{"self":[{"href":"https:\/\/centrourbano.com\/revista\/wp-json\/wp\/v2\/posts\/10859","targetHints":{"allow":["GET"]}}],"collection":[{"href":"https:\/\/centrourbano.com\/revista\/wp-json\/wp\/v2\/posts"}],"about":[{"href":"https:\/\/centrourbano.com\/revista\/wp-json\/wp\/v2\/types\/post"}],"author":[{"embeddable":true,"href":"https:\/\/centrourbano.com\/revista\/wp-json\/wp\/v2\/users\/5"}],"replies":[{"embeddable":true,"href":"https:\/\/centrourbano.com\/revista\/wp-json\/wp\/v2\/comments?post=10859"}],"version-history":[{"count":0,"href":"https:\/\/centrourbano.com\/revista\/wp-json\/wp\/v2\/posts\/10859\/revisions"}],"wp:attachment":[{"href":"https:\/\/centrourbano.com\/revista\/wp-json\/wp\/v2\/media?parent=10859"}],"wp:term":[{"taxonomy":"category","embeddable":true,"href":"https:\/\/centrourbano.com\/revista\/wp-json\/wp\/v2\/categories?post=10859"},{"taxonomy":"post_tag","embeddable":true,"href":"https:\/\/centrourbano.com\/revista\/wp-json\/wp\/v2\/tags?post=10859"}],"curies":[{"name":"wp","href":"https:\/\/api.w.org\/{rel}","templated":true}]}}