{"id":108491,"date":"2020-06-25T10:09:19","date_gmt":"2020-06-25T15:09:19","guid":{"rendered":"https:\/\/centrourbano.com\/?p=108491"},"modified":"2020-06-25T10:09:19","modified_gmt":"2020-06-25T15:09:19","slug":"torruco-expone-a-europeos-acciones-para-reapertura-del-turismo-en-mexico","status":"publish","type":"post","link":"https:\/\/centrourbano.com\/revista\/actualidad\/torruco-expone-a-europeos-acciones-para-reapertura-del-turismo-en-mexico\/","title":{"rendered":"Torruco expone a europeos acciones para reapertura del turismo en M\u00e9xico"},"content":{"rendered":"<p><em>El turismo europeo en M\u00e9xico incide en un 12% la llegada de turistas extranjeros, porcentaje similar en cuanto a las divisas que dejan los viajeros<\/em><\/p>\n<p><!--more--><\/p>\n<p>El secretario de<a href=\"https:\/\/twitter.com\/SECTUR_mx\"><strong> Turismo (Sectur)<\/strong><\/a>, Miguel Torruco Marqu\u00e9s, dio cuenta a los embajadores de los pa\u00edses miembros de la Uni\u00f3n Europea sobre las estrategias que implementar\u00e1 el gobierno de M\u00e9xico, en aras de la reapertura de las actividades tur\u00edsticas en el pa\u00eds .<\/p>\n<p>Cabe mencionar que Jean-Pierre Bou, encargado de Negocios de la Delegaci\u00f3n de la Uni\u00f3n Europea (UE) en M\u00e9xico, dio a conocer que para los pa\u00edses europeos es muy importante conocer las medidas del \u00e1mbito tur\u00edstico vinculadas a la epidemia de Covid-19, debido a lo atractivo que resulta M\u00e9xico a los turistas europeos.<\/p>\n<p>[quote]\u201c(conocer las medidas es importante) \u2026porque a las embajadas y consulados les interesa saber exactamente cu\u00e1l es la situaci\u00f3n de M\u00e9xico, c\u00f3mo pueden viajar y en qu\u00e9 condiciones, ya que muchos europeos gustan de vacacionar en la Rep\u00fablica Mexicana\u201d.[\/quote]<\/p>\n<h3>Las acciones de reapertura tur\u00edstica en M\u00e9xico<\/h3>\n<p>En dicho encuentro Torruco Marqu\u00e9s describi\u00f3 que se ha trabajado en el dise\u00f1o de un plan de reactivaci\u00f3n tur\u00edstica con los siguientes pilares:<\/p>\n<ul>\n<li><strong>Seguridad sanitaria<\/strong><\/li>\n<\/ul>\n<p>El funcionario explic\u00f3 que se elaboraron estrategias y protocolos con base en los lineamientos de la Secretar\u00eda de Salud; estos fueron los productos obtenidos:<\/p>\n<ol>\n<li>Lineamientos y protocolos para centros de hospedaje y restaurantes.<\/li>\n<li>Lineamientos de higiene para la reactivaci\u00f3n y apertura gradual<\/li>\n<li>Gu\u00eda para el turista internacional<\/li>\n<\/ol>\n<ul>\n<li><strong>Comercializaci\u00f3n tur\u00edstica<\/strong><\/li>\n<\/ul>\n<p>Para la comercializaci\u00f3n del turismo en M\u00e9xico, desde la Sectur se desarroll\u00f3 una <strong>campa\u00f1a integral digital en la plataforma VisitM\u00e9xico<\/strong> \u201cpara apoyar y acelerar la reactivaci\u00f3n de la industria, tanto a nivel nacional como internacional\u201d.<\/p>\n<p>En esa l\u00ednea, Miguel Torruco destac\u00f3 que <strong>en septiembre pr\u00f3ximo se llevar\u00e1 a cabo el Primer Tianguis Tur\u00edstico Digital<\/strong>, pre\u00e1mbulo de la edici\u00f3n 45 del Tianguis Tur\u00edstico de M\u00e9rida.<\/p>\n<ul>\n<li><strong>Fortalecimiento de la resiliencia de la industria tur\u00edstica nacional <\/strong><\/li>\n<\/ul>\n<p>Entre las acciones desarrolladas por la m\u00e1xima autoridad mexicana en materia de turismo, su titular enumer\u00f3 las siguientes:<\/p>\n<ul>\n<li><strong>Capacitaci\u00f3n<\/strong> permanente por medio de un programa de seminarios y cursos en l\u00ednea;<\/li>\n<li>La <strong>digitalizaci\u00f3n de la oferta tur\u00edstica<\/strong>, a trav\u00e9s de VisitMexico, mediante alianzas con empresas como Google y Amazon;<\/li>\n<li>Coordinaci\u00f3n con la Secretar\u00eda de Gobernaci\u00f3n para <strong>modernizar los procesos de migraci\u00f3n<\/strong> en los aeropuertos;<\/li>\n<li>El desarrollo de un <strong>turismo diferente y sostenible<\/strong>, en donde la comunidad local sea el protagonista y principal beneficiario;<\/li>\n<li>Programa <strong>\u201cM\u00e9xico Renace Sostenible\u201d,<\/strong> que consiste en el dise\u00f1o de circuitos de bienestar social y armon\u00eda con la naturaleza, encaminado a cumplir los objetivos de la Agenda 2030 de la Organizaci\u00f3n de las Naciones Unidas.<\/li>\n<\/ul>\n<p>En cuanto a n\u00fameros, el secretario federal dijo que de Europa llegaron m\u00e1s de 2 millones 363,000 <strong>visitantes<\/strong>, s\u00f3lo <strong>de la UE 1.6 millones<\/strong>; 12.4% del total internacional. La <strong>derrama econ\u00f3mica<\/strong> europea ascendi\u00f3 a 2,365 millones de d\u00f3lares (mdd), s\u00f3lo de la <strong>UE 1,603 mdd<\/strong>.<\/p>\n<h3>Turismo en M\u00e9xico, indispensable actividad para la reactivaci\u00f3n econ\u00f3mica<\/h3>\n<p>Finalmente, Torruco Marqu\u00e9s record\u00f3 las cifras del turismo en M\u00e9xico, en el a\u00f1o previo a la pandemia. Se alcanz\u00f3 una cifra de <strong>llegada de turistas internacionales del orden de 45.2 millones de personas<\/strong>, cifra que le dio el 7\u00ba lugar global al pa\u00eds.<\/p>\n<p>En t\u00e9rminos econ\u00f3micos, la <strong>derrama econ\u00f3mica ascendi\u00f3 a 24,563 millones de d\u00f3lares<\/strong>. Ambas variables crecieron 9.0% con respecto a 2018.<\/p>\n<p>Tambi\u00e9n refiri\u00f3 que <strong>de cada 100 pesos<\/strong> generados en la econom\u00eda nacional, <strong>casi 9 los gener\u00f3 el turismo<\/strong>. En materia de empleo, 251,000 empleos directos fueron incentivados por el sector, totalizando con ello 4.4 millones de plazas laborales.<\/p>\n<p>Sin embargo el \u2018idilio\u2019 que viv\u00eda el turismo en el pa\u00eds fue abruptamente destruido con el embate del Covid-19, lo que hace urgente la toma de decisiones en la materia, apunt\u00f3 Torruco.<\/p>\n<p>\u201cEsta pandemia ha generado afectaciones no s\u00f3lo en lo sanitario y econ\u00f3mico, sino tambi\u00e9n en lo social y cultural, haciendo evidente el agotamiento y decadencia de la forma tradicional de hacer turismo. Y, muy a pesar nuestro, debemos aceptar que el viajar, esencia de nuestra actividad, se ensombreci\u00f3 al constituirse en uno de los principales veh\u00edculos del contagio\u201d.<\/p>\n","protected":false},"excerpt":{"rendered":"<p>El turismo europeo en M\u00e9xico incide en un 12% la llegada de turistas extranjeros, porcentaje similar en cuanto a las divisas que dejan los viajeros<\/p>\n","protected":false},"author":75,"featured_media":108492,"comment_status":"open","ping_status":"closed","sticky":false,"template":"","format":"standard","meta":{"om_disable_all_campaigns":false,"inline_featured_image":false,"_monsterinsights_skip_tracking":false,"_monsterinsights_sitenote_active":false,"_monsterinsights_sitenote_note":"","_monsterinsights_sitenote_category":0,"footnotes":""},"categories":[80,17827],"tags":[18821,18820,17767,18697,14994,54,18255,14307,2128],"class_list":["post-108491","post","type-post","status-publish","format-standard","has-post-thumbnail","hentry","category-actualidad","category-cobertura-covid-19","tag-actividades-turisticas","tag-embajadores","tag-planes","tag-reactivacion-turistica","tag-torruco","tag-turismo","tag-turismo-en-mexico","tag-turistas-internacionales","tag-union-europea"],"yoast_head":"<!-- This site is optimized with the Yoast SEO plugin v27.4 - https:\/\/yoast.com\/product\/yoast-seo-wordpress\/ -->\n<title>Expone Torruco a europeos acciones para reapertura del turismo en M\u00e9xico<\/title>\n<meta name=\"description\" content=\"El turismo europeo en M\u00e9xico incide en un 12% la llegada de turistas extranjeros, porcentaje similar en cuanto a las divisas que dejan los viajeros\" \/>\n<meta name=\"robots\" content=\"index, follow, max-snippet:-1, max-image-preview:large, max-video-preview:-1\" \/>\n<link rel=\"canonical\" href=\"https:\/\/centrourbano.com\/revista\/actualidad\/torruco-expone-a-europeos-acciones-para-reapertura-del-turismo-en-mexico\/\" \/>\n<meta property=\"og:locale\" content=\"es_ES\" \/>\n<meta property=\"og:type\" content=\"article\" \/>\n<meta property=\"og:title\" content=\"Expone Torruco a europeos acciones para reapertura del turismo en M\u00e9xico\" \/>\n<meta property=\"og:description\" content=\"El turismo europeo en M\u00e9xico incide en un 12% la llegada de turistas extranjeros, porcentaje similar en cuanto a las divisas que dejan los viajeros\" \/>\n<meta property=\"og:url\" content=\"https:\/\/centrourbano.com\/revista\/actualidad\/torruco-expone-a-europeos-acciones-para-reapertura-del-turismo-en-mexico\/\" \/>\n<meta property=\"og:site_name\" content=\"Centro Urbano\" \/>\n<meta property=\"article:publisher\" content=\"https:\/\/www.facebook.com\/portalcentrourbano\" \/>\n<meta property=\"article:published_time\" content=\"2020-06-25T15:09:19+00:00\" \/>\n<meta property=\"og:image\" content=\"https:\/\/centrourbano.com\/revista\/wp-content\/uploads\/Turismo_Europa_Canc\u00fan.jpg\" \/>\n\t<meta property=\"og:image:width\" content=\"1280\" \/>\n\t<meta property=\"og:image:height\" content=\"853\" \/>\n\t<meta property=\"og:image:type\" content=\"image\/jpeg\" \/>\n<meta name=\"author\" content=\"Antonio Garc\u00eda\" \/>\n<meta name=\"twitter:card\" content=\"summary_large_image\" \/>\n<meta name=\"twitter:creator\" content=\"@https:\/\/twitter.com\/TGarper\" \/>\n<meta name=\"twitter:site\" content=\"@CentroUrbano\" \/>\n<meta name=\"twitter:label1\" content=\"Escrito por\" \/>\n\t<meta name=\"twitter:data1\" content=\"Antonio Garc\u00eda\" \/>\n\t<meta name=\"twitter:label2\" content=\"Tiempo de lectura\" \/>\n\t<meta name=\"twitter:data2\" content=\"4 minutos\" \/>\n<script type=\"application\/ld+json\" class=\"yoast-schema-graph\">{\"@context\":\"https:\\\/\\\/schema.org\",\"@graph\":[{\"@type\":\"Article\",\"@id\":\"https:\\\/\\\/centrourbano.com\\\/revista\\\/actualidad\\\/torruco-expone-a-europeos-acciones-para-reapertura-del-turismo-en-mexico\\\/#article\",\"isPartOf\":{\"@id\":\"https:\\\/\\\/centrourbano.com\\\/revista\\\/actualidad\\\/torruco-expone-a-europeos-acciones-para-reapertura-del-turismo-en-mexico\\\/\"},\"author\":{\"name\":\"Antonio Garc\u00eda\",\"@id\":\"https:\\\/\\\/centrourbano.com\\\/revista\\\/#\\\/schema\\\/person\\\/d12ede3164a0881bab68f5868d5dfe8c\"},\"headline\":\"Torruco expone a europeos acciones para reapertura del turismo en M\u00e9xico\",\"datePublished\":\"2020-06-25T15:09:19+00:00\",\"mainEntityOfPage\":{\"@id\":\"https:\\\/\\\/centrourbano.com\\\/revista\\\/actualidad\\\/torruco-expone-a-europeos-acciones-para-reapertura-del-turismo-en-mexico\\\/\"},\"wordCount\":752,\"commentCount\":0,\"publisher\":{\"@id\":\"https:\\\/\\\/centrourbano.com\\\/revista\\\/#organization\"},\"image\":{\"@id\":\"https:\\\/\\\/centrourbano.com\\\/revista\\\/actualidad\\\/torruco-expone-a-europeos-acciones-para-reapertura-del-turismo-en-mexico\\\/#primaryimage\"},\"thumbnailUrl\":\"https:\\\/\\\/centrourbano.com\\\/revista\\\/wp-content\\\/uploads\\\/Turismo_Europa_Canc\u00fan.jpg\",\"keywords\":[\"actividades tur\u00edsticas\",\"embajadores\",\"planes\",\"reactivaci\u00f3n tur\u00edstica\",\"Torruco\",\"turismo\",\"turismo en M\u00e9xico\",\"Turistas internacionales\",\"Uni\u00f3n Europea\"],\"articleSection\":[\"Actualidad\",\"Cobertura Covid-19\"],\"inLanguage\":\"es\",\"potentialAction\":[{\"@type\":\"CommentAction\",\"name\":\"Comment\",\"target\":[\"https:\\\/\\\/centrourbano.com\\\/revista\\\/actualidad\\\/torruco-expone-a-europeos-acciones-para-reapertura-del-turismo-en-mexico\\\/#respond\"]}]},{\"@type\":\"WebPage\",\"@id\":\"https:\\\/\\\/centrourbano.com\\\/revista\\\/actualidad\\\/torruco-expone-a-europeos-acciones-para-reapertura-del-turismo-en-mexico\\\/\",\"url\":\"https:\\\/\\\/centrourbano.com\\\/revista\\\/actualidad\\\/torruco-expone-a-europeos-acciones-para-reapertura-del-turismo-en-mexico\\\/\",\"name\":\"Expone Torruco a europeos acciones para reapertura del turismo en M\u00e9xico\",\"isPartOf\":{\"@id\":\"https:\\\/\\\/centrourbano.com\\\/revista\\\/#website\"},\"primaryImageOfPage\":{\"@id\":\"https:\\\/\\\/centrourbano.com\\\/revista\\\/actualidad\\\/torruco-expone-a-europeos-acciones-para-reapertura-del-turismo-en-mexico\\\/#primaryimage\"},\"image\":{\"@id\":\"https:\\\/\\\/centrourbano.com\\\/revista\\\/actualidad\\\/torruco-expone-a-europeos-acciones-para-reapertura-del-turismo-en-mexico\\\/#primaryimage\"},\"thumbnailUrl\":\"https:\\\/\\\/centrourbano.com\\\/revista\\\/wp-content\\\/uploads\\\/Turismo_Europa_Canc\u00fan.jpg\",\"datePublished\":\"2020-06-25T15:09:19+00:00\",\"description\":\"El turismo europeo en M\u00e9xico incide en un 12% la llegada de turistas extranjeros, porcentaje similar en cuanto a las divisas que dejan los viajeros\",\"breadcrumb\":{\"@id\":\"https:\\\/\\\/centrourbano.com\\\/revista\\\/actualidad\\\/torruco-expone-a-europeos-acciones-para-reapertura-del-turismo-en-mexico\\\/#breadcrumb\"},\"inLanguage\":\"es\",\"potentialAction\":[{\"@type\":\"ReadAction\",\"target\":[\"https:\\\/\\\/centrourbano.com\\\/revista\\\/actualidad\\\/torruco-expone-a-europeos-acciones-para-reapertura-del-turismo-en-mexico\\\/\"]}]},{\"@type\":\"ImageObject\",\"inLanguage\":\"es\",\"@id\":\"https:\\\/\\\/centrourbano.com\\\/revista\\\/actualidad\\\/torruco-expone-a-europeos-acciones-para-reapertura-del-turismo-en-mexico\\\/#primaryimage\",\"url\":\"https:\\\/\\\/centrourbano.com\\\/revista\\\/wp-content\\\/uploads\\\/Turismo_Europa_Canc\u00fan.jpg\",\"contentUrl\":\"https:\\\/\\\/centrourbano.com\\\/revista\\\/wp-content\\\/uploads\\\/Turismo_Europa_Canc\u00fan.jpg\",\"width\":1280,\"height\":853,\"caption\":\"El turismo europeo en M\u00e9xico incide en un 12% la llegada de turistas extranjeros, porcentaje similar en cuanto a las divisas que dejan los viajeros\"},{\"@type\":\"BreadcrumbList\",\"@id\":\"https:\\\/\\\/centrourbano.com\\\/revista\\\/actualidad\\\/torruco-expone-a-europeos-acciones-para-reapertura-del-turismo-en-mexico\\\/#breadcrumb\",\"itemListElement\":[{\"@type\":\"ListItem\",\"position\":1,\"name\":\"Portada\",\"item\":\"https:\\\/\\\/centrourbano.com\\\/revista\\\/\"},{\"@type\":\"ListItem\",\"position\":2,\"name\":\"Torruco expone a europeos acciones para reapertura del turismo en M\u00e9xico\"}]},{\"@type\":\"WebSite\",\"@id\":\"https:\\\/\\\/centrourbano.com\\\/revista\\\/#website\",\"url\":\"https:\\\/\\\/centrourbano.com\\\/revista\\\/\",\"name\":\"Centro Urbano\",\"description\":\"Medio especializado en los sectores vivienda, inmobiliario, construcci\u00f3n, arquitectura y urbanismo.\",\"publisher\":{\"@id\":\"https:\\\/\\\/centrourbano.com\\\/revista\\\/#organization\"},\"potentialAction\":[{\"@type\":\"SearchAction\",\"target\":{\"@type\":\"EntryPoint\",\"urlTemplate\":\"https:\\\/\\\/centrourbano.com\\\/revista\\\/?s={search_term_string}\"},\"query-input\":{\"@type\":\"PropertyValueSpecification\",\"valueRequired\":true,\"valueName\":\"search_term_string\"}}],\"inLanguage\":\"es\"},{\"@type\":\"Organization\",\"@id\":\"https:\\\/\\\/centrourbano.com\\\/revista\\\/#organization\",\"name\":\"Centro Urbano\",\"url\":\"https:\\\/\\\/centrourbano.com\\\/revista\\\/\",\"logo\":{\"@type\":\"ImageObject\",\"inLanguage\":\"es\",\"@id\":\"https:\\\/\\\/centrourbano.com\\\/revista\\\/#\\\/schema\\\/logo\\\/image\\\/\",\"url\":\"https:\\\/\\\/centrourbano.com\\\/revista\\\/wp-content\\\/uploads\\\/web_CU_logo-1.png\",\"contentUrl\":\"https:\\\/\\\/centrourbano.com\\\/revista\\\/wp-content\\\/uploads\\\/web_CU_logo-1.png\",\"width\":350,\"height\":91,\"caption\":\"Centro Urbano\"},\"image\":{\"@id\":\"https:\\\/\\\/centrourbano.com\\\/revista\\\/#\\\/schema\\\/logo\\\/image\\\/\"},\"sameAs\":[\"https:\\\/\\\/www.facebook.com\\\/portalcentrourbano\",\"https:\\\/\\\/x.com\\\/CentroUrbano\",\"https:\\\/\\\/www.instagram.com\\\/centro_urbano\\\/\",\"https:\\\/\\\/www.linkedin.com\\\/company\\\/centro-urbano\\\/\",\"http:\\\/\\\/www.youtube.com\\\/user\\\/portalcentrourbano\"]},{\"@type\":\"Person\",\"@id\":\"https:\\\/\\\/centrourbano.com\\\/revista\\\/#\\\/schema\\\/person\\\/d12ede3164a0881bab68f5868d5dfe8c\",\"name\":\"Antonio Garc\u00eda\",\"image\":{\"@type\":\"ImageObject\",\"inLanguage\":\"es\",\"@id\":\"https:\\\/\\\/secure.gravatar.com\\\/avatar\\\/68b7fcfc82d16a702310836698db1d823c3fb3b28e1f0938164455de47d96d82?s=96&d=mm&r=g\",\"url\":\"https:\\\/\\\/secure.gravatar.com\\\/avatar\\\/68b7fcfc82d16a702310836698db1d823c3fb3b28e1f0938164455de47d96d82?s=96&d=mm&r=g\",\"contentUrl\":\"https:\\\/\\\/secure.gravatar.com\\\/avatar\\\/68b7fcfc82d16a702310836698db1d823c3fb3b28e1f0938164455de47d96d82?s=96&d=mm&r=g\",\"caption\":\"Antonio Garc\u00eda\"},\"description\":\"Integrante del equipo editorial en Centro Urbano. Egresado de la carrera de Econom\u00eda (preespecialidad en Desarrollo Regional) en el IPN y de Matem\u00e1ticas Aplicadas y Computaci\u00f3n en la UNAM. Apasionado de los temas inherentes al desarrollo urbano-regional y estudios formales -e informales- sobre la ciudad y la econom\u00eda urbana.\",\"sameAs\":[\"https:\\\/\\\/www.instagram.com\\\/caminante_en_la_ciudad\\\/?hl=es-la\",\"https:\\\/\\\/x.com\\\/https:\\\/\\\/twitter.com\\\/TGarper\"],\"url\":\"https:\\\/\\\/centrourbano.com\\\/revista\\\/author\\\/antonio-garcia\\\/\"}]}<\/script>\n<!-- \/ Yoast SEO plugin. -->","yoast_head_json":{"title":"Expone Torruco a europeos acciones para reapertura del turismo en M\u00e9xico","description":"El turismo europeo en M\u00e9xico incide en un 12% la llegada de turistas extranjeros, porcentaje similar en cuanto a las divisas que dejan los viajeros","robots":{"index":"index","follow":"follow","max-snippet":"max-snippet:-1","max-image-preview":"max-image-preview:large","max-video-preview":"max-video-preview:-1"},"canonical":"https:\/\/centrourbano.com\/revista\/actualidad\/torruco-expone-a-europeos-acciones-para-reapertura-del-turismo-en-mexico\/","og_locale":"es_ES","og_type":"article","og_title":"Expone Torruco a europeos acciones para reapertura del turismo en M\u00e9xico","og_description":"El turismo europeo en M\u00e9xico incide en un 12% la llegada de turistas extranjeros, porcentaje similar en cuanto a las divisas que dejan los viajeros","og_url":"https:\/\/centrourbano.com\/revista\/actualidad\/torruco-expone-a-europeos-acciones-para-reapertura-del-turismo-en-mexico\/","og_site_name":"Centro Urbano","article_publisher":"https:\/\/www.facebook.com\/portalcentrourbano","article_published_time":"2020-06-25T15:09:19+00:00","og_image":[{"width":1280,"height":853,"url":"https:\/\/centrourbano.com\/revista\/wp-content\/uploads\/Turismo_Europa_Canc\u00fan.jpg","type":"image\/jpeg"}],"author":"Antonio Garc\u00eda","twitter_card":"summary_large_image","twitter_creator":"@https:\/\/twitter.com\/TGarper","twitter_site":"@CentroUrbano","twitter_misc":{"Escrito por":"Antonio Garc\u00eda","Tiempo de lectura":"4 minutos"},"schema":{"@context":"https:\/\/schema.org","@graph":[{"@type":"Article","@id":"https:\/\/centrourbano.com\/revista\/actualidad\/torruco-expone-a-europeos-acciones-para-reapertura-del-turismo-en-mexico\/#article","isPartOf":{"@id":"https:\/\/centrourbano.com\/revista\/actualidad\/torruco-expone-a-europeos-acciones-para-reapertura-del-turismo-en-mexico\/"},"author":{"name":"Antonio Garc\u00eda","@id":"https:\/\/centrourbano.com\/revista\/#\/schema\/person\/d12ede3164a0881bab68f5868d5dfe8c"},"headline":"Torruco expone a europeos acciones para reapertura del turismo en M\u00e9xico","datePublished":"2020-06-25T15:09:19+00:00","mainEntityOfPage":{"@id":"https:\/\/centrourbano.com\/revista\/actualidad\/torruco-expone-a-europeos-acciones-para-reapertura-del-turismo-en-mexico\/"},"wordCount":752,"commentCount":0,"publisher":{"@id":"https:\/\/centrourbano.com\/revista\/#organization"},"image":{"@id":"https:\/\/centrourbano.com\/revista\/actualidad\/torruco-expone-a-europeos-acciones-para-reapertura-del-turismo-en-mexico\/#primaryimage"},"thumbnailUrl":"https:\/\/centrourbano.com\/revista\/wp-content\/uploads\/Turismo_Europa_Canc\u00fan.jpg","keywords":["actividades tur\u00edsticas","embajadores","planes","reactivaci\u00f3n tur\u00edstica","Torruco","turismo","turismo en M\u00e9xico","Turistas internacionales","Uni\u00f3n Europea"],"articleSection":["Actualidad","Cobertura Covid-19"],"inLanguage":"es","potentialAction":[{"@type":"CommentAction","name":"Comment","target":["https:\/\/centrourbano.com\/revista\/actualidad\/torruco-expone-a-europeos-acciones-para-reapertura-del-turismo-en-mexico\/#respond"]}]},{"@type":"WebPage","@id":"https:\/\/centrourbano.com\/revista\/actualidad\/torruco-expone-a-europeos-acciones-para-reapertura-del-turismo-en-mexico\/","url":"https:\/\/centrourbano.com\/revista\/actualidad\/torruco-expone-a-europeos-acciones-para-reapertura-del-turismo-en-mexico\/","name":"Expone Torruco a europeos acciones para reapertura del turismo en M\u00e9xico","isPartOf":{"@id":"https:\/\/centrourbano.com\/revista\/#website"},"primaryImageOfPage":{"@id":"https:\/\/centrourbano.com\/revista\/actualidad\/torruco-expone-a-europeos-acciones-para-reapertura-del-turismo-en-mexico\/#primaryimage"},"image":{"@id":"https:\/\/centrourbano.com\/revista\/actualidad\/torruco-expone-a-europeos-acciones-para-reapertura-del-turismo-en-mexico\/#primaryimage"},"thumbnailUrl":"https:\/\/centrourbano.com\/revista\/wp-content\/uploads\/Turismo_Europa_Canc\u00fan.jpg","datePublished":"2020-06-25T15:09:19+00:00","description":"El turismo europeo en M\u00e9xico incide en un 12% la llegada de turistas extranjeros, porcentaje similar en cuanto a las divisas que dejan los viajeros","breadcrumb":{"@id":"https:\/\/centrourbano.com\/revista\/actualidad\/torruco-expone-a-europeos-acciones-para-reapertura-del-turismo-en-mexico\/#breadcrumb"},"inLanguage":"es","potentialAction":[{"@type":"ReadAction","target":["https:\/\/centrourbano.com\/revista\/actualidad\/torruco-expone-a-europeos-acciones-para-reapertura-del-turismo-en-mexico\/"]}]},{"@type":"ImageObject","inLanguage":"es","@id":"https:\/\/centrourbano.com\/revista\/actualidad\/torruco-expone-a-europeos-acciones-para-reapertura-del-turismo-en-mexico\/#primaryimage","url":"https:\/\/centrourbano.com\/revista\/wp-content\/uploads\/Turismo_Europa_Canc\u00fan.jpg","contentUrl":"https:\/\/centrourbano.com\/revista\/wp-content\/uploads\/Turismo_Europa_Canc\u00fan.jpg","width":1280,"height":853,"caption":"El turismo europeo en M\u00e9xico incide en un 12% la llegada de turistas extranjeros, porcentaje similar en cuanto a las divisas que dejan los viajeros"},{"@type":"BreadcrumbList","@id":"https:\/\/centrourbano.com\/revista\/actualidad\/torruco-expone-a-europeos-acciones-para-reapertura-del-turismo-en-mexico\/#breadcrumb","itemListElement":[{"@type":"ListItem","position":1,"name":"Portada","item":"https:\/\/centrourbano.com\/revista\/"},{"@type":"ListItem","position":2,"name":"Torruco expone a europeos acciones para reapertura del turismo en M\u00e9xico"}]},{"@type":"WebSite","@id":"https:\/\/centrourbano.com\/revista\/#website","url":"https:\/\/centrourbano.com\/revista\/","name":"Centro Urbano","description":"Medio especializado en los sectores vivienda, inmobiliario, construcci\u00f3n, arquitectura y urbanismo.","publisher":{"@id":"https:\/\/centrourbano.com\/revista\/#organization"},"potentialAction":[{"@type":"SearchAction","target":{"@type":"EntryPoint","urlTemplate":"https:\/\/centrourbano.com\/revista\/?s={search_term_string}"},"query-input":{"@type":"PropertyValueSpecification","valueRequired":true,"valueName":"search_term_string"}}],"inLanguage":"es"},{"@type":"Organization","@id":"https:\/\/centrourbano.com\/revista\/#organization","name":"Centro Urbano","url":"https:\/\/centrourbano.com\/revista\/","logo":{"@type":"ImageObject","inLanguage":"es","@id":"https:\/\/centrourbano.com\/revista\/#\/schema\/logo\/image\/","url":"https:\/\/centrourbano.com\/revista\/wp-content\/uploads\/web_CU_logo-1.png","contentUrl":"https:\/\/centrourbano.com\/revista\/wp-content\/uploads\/web_CU_logo-1.png","width":350,"height":91,"caption":"Centro Urbano"},"image":{"@id":"https:\/\/centrourbano.com\/revista\/#\/schema\/logo\/image\/"},"sameAs":["https:\/\/www.facebook.com\/portalcentrourbano","https:\/\/x.com\/CentroUrbano","https:\/\/www.instagram.com\/centro_urbano\/","https:\/\/www.linkedin.com\/company\/centro-urbano\/","http:\/\/www.youtube.com\/user\/portalcentrourbano"]},{"@type":"Person","@id":"https:\/\/centrourbano.com\/revista\/#\/schema\/person\/d12ede3164a0881bab68f5868d5dfe8c","name":"Antonio Garc\u00eda","image":{"@type":"ImageObject","inLanguage":"es","@id":"https:\/\/secure.gravatar.com\/avatar\/68b7fcfc82d16a702310836698db1d823c3fb3b28e1f0938164455de47d96d82?s=96&d=mm&r=g","url":"https:\/\/secure.gravatar.com\/avatar\/68b7fcfc82d16a702310836698db1d823c3fb3b28e1f0938164455de47d96d82?s=96&d=mm&r=g","contentUrl":"https:\/\/secure.gravatar.com\/avatar\/68b7fcfc82d16a702310836698db1d823c3fb3b28e1f0938164455de47d96d82?s=96&d=mm&r=g","caption":"Antonio Garc\u00eda"},"description":"Integrante del equipo editorial en Centro Urbano. Egresado de la carrera de Econom\u00eda (preespecialidad en Desarrollo Regional) en el IPN y de Matem\u00e1ticas Aplicadas y Computaci\u00f3n en la UNAM. Apasionado de los temas inherentes al desarrollo urbano-regional y estudios formales -e informales- sobre la ciudad y la econom\u00eda urbana.","sameAs":["https:\/\/www.instagram.com\/caminante_en_la_ciudad\/?hl=es-la","https:\/\/x.com\/https:\/\/twitter.com\/TGarper"],"url":"https:\/\/centrourbano.com\/revista\/author\/antonio-garcia\/"}]}},"_links":{"self":[{"href":"https:\/\/centrourbano.com\/revista\/wp-json\/wp\/v2\/posts\/108491","targetHints":{"allow":["GET"]}}],"collection":[{"href":"https:\/\/centrourbano.com\/revista\/wp-json\/wp\/v2\/posts"}],"about":[{"href":"https:\/\/centrourbano.com\/revista\/wp-json\/wp\/v2\/types\/post"}],"author":[{"embeddable":true,"href":"https:\/\/centrourbano.com\/revista\/wp-json\/wp\/v2\/users\/75"}],"replies":[{"embeddable":true,"href":"https:\/\/centrourbano.com\/revista\/wp-json\/wp\/v2\/comments?post=108491"}],"version-history":[{"count":3,"href":"https:\/\/centrourbano.com\/revista\/wp-json\/wp\/v2\/posts\/108491\/revisions"}],"predecessor-version":[{"id":108506,"href":"https:\/\/centrourbano.com\/revista\/wp-json\/wp\/v2\/posts\/108491\/revisions\/108506"}],"wp:featuredmedia":[{"embeddable":true,"href":"https:\/\/centrourbano.com\/revista\/wp-json\/wp\/v2\/media\/108492"}],"wp:attachment":[{"href":"https:\/\/centrourbano.com\/revista\/wp-json\/wp\/v2\/media?parent=108491"}],"wp:term":[{"taxonomy":"category","embeddable":true,"href":"https:\/\/centrourbano.com\/revista\/wp-json\/wp\/v2\/categories?post=108491"},{"taxonomy":"post_tag","embeddable":true,"href":"https:\/\/centrourbano.com\/revista\/wp-json\/wp\/v2\/tags?post=108491"}],"curies":[{"name":"wp","href":"https:\/\/api.w.org\/{rel}","templated":true}]}}