{"id":10840,"date":"2014-09-19T13:45:49","date_gmt":"2014-09-19T18:45:49","guid":{"rendered":"http:\/\/centrourbano.com\/?p=10840"},"modified":"2014-09-19T13:46:12","modified_gmt":"2014-09-19T18:46:12","slug":"recibira-morelia-98-mdp-en-obras-y-servicios","status":"publish","type":"post","link":"https:\/\/centrourbano.com\/revista\/urbanismo\/recibira-morelia-98-mdp-en-obras-y-servicios\/","title":{"rendered":"Recibir\u00e1 Morelia 98 MDP en obras y servicios"},"content":{"rendered":"<p><em>Se llev\u00f3 a cabo la inauguraci\u00f3n de diversas obras en beneficio de las comunidades michoacanas<\/em><!--more--><\/p>\n<p>Con el objetivo de regresarle a Michoac\u00e1n la posibilidad de explotar la riqueza natural y tur\u00edstica, la Secretar\u00eda de Desarrollo Agrario, Territorial y Urbano (Sedatu), otorgar\u00e1 98 millones de pesos a Morelia, los cuales ser\u00e1n usados para inaugurar obras e iniciar otras en el tema social del Plan Michoac\u00e1n, instrumentado por el Gobierno Federal.<\/p>\n<p>La noticia se dio en el marco de la gira de trabajo de Gustavo C\u00e1rdenas Monroy, subsecretario de Ordenamiento Territorial de la Sedatu, por tres colonias de la entidad, en la que estuvo acompa\u00f1ado por el gobernador Salvador Jara Guerrero y el alcalde Wilfrido L\u00e1zaro Medina.<\/p>\n<p>Tambi\u00e9n se dio inicio a las obras de Regeneraci\u00f3n de la Avenida Madero Poniente, en el centro de la capital Michoacana, en la que se invertir\u00e1n 11 millones de pesos, de los cuales el 60% ser\u00e1 aportado por el Gobierno Federal y 40% por el ayuntamiento.<\/p>\n<p>Adem\u00e1s comenz\u00f3 la remodelaci\u00f3n de banquetas, construcci\u00f3n de aerodrenes y dispositivos para discapacitados; demoliciones; liberaci\u00f3n de canter\u00eda; nomenclatura con sistema braile; instalaci\u00f3n de mobiliario urbano; liberaci\u00f3n y reubicaci\u00f3n de casetas telef\u00f3nicas existentes; liberaci\u00f3n con recuperaci\u00f3n de botes de basura; ciclo-puerto; bebederos; toldos y 18 bancas de fierro fundido, entre otras acciones de jardiner\u00eda.<\/p>\n<p>Se llev\u00f3 a cabo el corte del list\u00f3n inaugural de la pavimentaci\u00f3n de la calle Agust\u00edn Melgar, en la que se aplicaron recursos por 4.2 millones de pesos, con una participaci\u00f3n proporcional entre la federaci\u00f3n y el ayuntamiento, en donde adem\u00e1s se construyeron guarniciones, banquetas, electrificaci\u00f3n, red de agua potable y drenaje en beneficio de m\u00e1s de 15 mil habitantes de las colonias aleda\u00f1as.<\/p>\n<p>Por su parte, C\u00e1rdenas Monroy reiter\u00f3 su llamado a trabajar en equipo para dar los resultados que se esperan de las autoridades: \u201cLos gobiernos no se equivocan cuando escuchan lo que la sociedad quiere y les cumple, por eso estamos aqu\u00ed, para dar respuesta a lo que la gente solicit\u00f3\u201d, dijo.<\/p>\n","protected":false},"excerpt":{"rendered":"<p>Se llev\u00f3 a cabo la inauguraci\u00f3n de diversas obras en beneficio de las comunidades michoacanas<\/p>\n","protected":false},"author":77,"featured_media":0,"comment_status":"open","ping_status":"closed","sticky":false,"template":"","format":"standard","meta":{"inline_featured_image":false,"footnotes":""},"categories":[82],"tags":[3081,995,1883,3082,105,3083],"class_list":["post-10840","post","type-post","status-publish","format-standard","hentry","category-urbanismo","tag-gustavo-cardenas-monroy","tag-michoacan","tag-morelia","tag-salvador-jara-guerrero","tag-sedatu","tag-wilfrido-lazaro-medina"],"yoast_head":"<!-- This site is optimized with the Yoast SEO plugin v28.4 - https:\/\/yoast.com\/product\/yoast-seo-wordpress\/ -->\n<title>Recibir\u00e1 Morelia 98 MDP en obras y servicios -<\/title>\n<meta name=\"description\" content=\"Se llev\u00f3 a cabo la inauguraci\u00f3n de diversas obras en beneficio de las comunidades michoacanas Con el objetivo de regresarle a Michoac\u00e1n la posibilidad de\" \/>\n<meta name=\"robots\" content=\"index, follow, max-snippet:-1, max-image-preview:large, max-video-preview:-1\" \/>\n<link rel=\"canonical\" href=\"https:\/\/centrourbano.com\/revista\/urbanismo\/recibira-morelia-98-mdp-en-obras-y-servicios\/\" \/>\n<meta property=\"og:locale\" content=\"es_ES\" \/>\n<meta property=\"og:type\" content=\"article\" \/>\n<meta property=\"og:title\" content=\"Recibir\u00e1 Morelia 98 MDP en obras y servicios -\" \/>\n<meta property=\"og:description\" content=\"Se llev\u00f3 a cabo la inauguraci\u00f3n de diversas obras en beneficio de las comunidades michoacanas Con el objetivo de regresarle a Michoac\u00e1n la posibilidad de\" \/>\n<meta property=\"og:url\" content=\"https:\/\/centrourbano.com\/revista\/urbanismo\/recibira-morelia-98-mdp-en-obras-y-servicios\/\" \/>\n<meta property=\"og:site_name\" content=\"Centro Urbano\" \/>\n<meta property=\"article:publisher\" content=\"https:\/\/www.facebook.com\/portalcentrourbano\" \/>\n<meta property=\"article:published_time\" content=\"2014-09-19T18:45:49+00:00\" \/>\n<meta property=\"article:modified_time\" content=\"2014-09-19T18:46:12+00:00\" \/>\n<meta property=\"og:image\" content=\"https:\/\/centrourbano.com\/revista\/wp-content\/uploads\/CU-logo.png\" \/>\n\t<meta property=\"og:image:width\" content=\"350\" \/>\n\t<meta property=\"og:image:height\" content=\"91\" \/>\n\t<meta property=\"og:image:type\" content=\"image\/png\" \/>\n<meta name=\"author\" content=\"G4A\" \/>\n<meta name=\"twitter:card\" content=\"summary_large_image\" \/>\n<meta name=\"twitter:creator\" content=\"@CentroUrbano\" \/>\n<meta name=\"twitter:site\" content=\"@CentroUrbano\" \/>\n<meta name=\"twitter:label1\" content=\"Escrito por\" \/>\n\t<meta name=\"twitter:data1\" content=\"G4A\" \/>\n\t<meta name=\"twitter:label2\" content=\"Tiempo de lectura\" \/>\n\t<meta name=\"twitter:data2\" content=\"2 minutos\" \/>\n<script type=\"application\/ld+json\" class=\"yoast-schema-graph\">{\"@context\":\"https:\\\/\\\/schema.org\",\"@graph\":[{\"@type\":\"Article\",\"@id\":\"https:\\\/\\\/centrourbano.com\\\/revista\\\/urbanismo\\\/recibira-morelia-98-mdp-en-obras-y-servicios\\\/#article\",\"isPartOf\":{\"@id\":\"https:\\\/\\\/centrourbano.com\\\/revista\\\/urbanismo\\\/recibira-morelia-98-mdp-en-obras-y-servicios\\\/\"},\"author\":{\"name\":\"G4A\",\"@id\":\"https:\\\/\\\/centrourbano.com\\\/revista\\\/#\\\/schema\\\/person\\\/370fa0ba2d8dd5bde3fdb8b62ad360aa\"},\"headline\":\"Recibir\u00e1 Morelia 98 MDP en obras y servicios\",\"datePublished\":\"2014-09-19T18:45:49+00:00\",\"dateModified\":\"2014-09-19T18:46:12+00:00\",\"mainEntityOfPage\":{\"@id\":\"https:\\\/\\\/centrourbano.com\\\/revista\\\/urbanismo\\\/recibira-morelia-98-mdp-en-obras-y-servicios\\\/\"},\"wordCount\":363,\"commentCount\":0,\"publisher\":{\"@id\":\"https:\\\/\\\/centrourbano.com\\\/revista\\\/#organization\"},\"keywords\":[\"Gustavo C\u00e1rdenas Monroy\",\"Michoac\u00e1n\",\"Morelia\",\"Salvador Jara Guerrero\",\"Sedatu\",\"Wilfrido L\u00e1zaro Medina\"],\"articleSection\":[\"Urbanismo\"],\"inLanguage\":\"es\"},{\"@type\":\"WebPage\",\"@id\":\"https:\\\/\\\/centrourbano.com\\\/revista\\\/urbanismo\\\/recibira-morelia-98-mdp-en-obras-y-servicios\\\/\",\"url\":\"https:\\\/\\\/centrourbano.com\\\/revista\\\/urbanismo\\\/recibira-morelia-98-mdp-en-obras-y-servicios\\\/\",\"name\":\"Recibir\u00e1 Morelia 98 MDP en obras y servicios -\",\"isPartOf\":{\"@id\":\"https:\\\/\\\/centrourbano.com\\\/revista\\\/#website\"},\"datePublished\":\"2014-09-19T18:45:49+00:00\",\"dateModified\":\"2014-09-19T18:46:12+00:00\",\"description\":\"Se llev\u00f3 a cabo la inauguraci\u00f3n de diversas obras en beneficio de las comunidades michoacanas Con el objetivo de regresarle a Michoac\u00e1n la posibilidad de\",\"breadcrumb\":{\"@id\":\"https:\\\/\\\/centrourbano.com\\\/revista\\\/urbanismo\\\/recibira-morelia-98-mdp-en-obras-y-servicios\\\/#breadcrumb\"},\"inLanguage\":\"es\",\"potentialAction\":[{\"@type\":\"ReadAction\",\"target\":[\"https:\\\/\\\/centrourbano.com\\\/revista\\\/urbanismo\\\/recibira-morelia-98-mdp-en-obras-y-servicios\\\/\"]}]},{\"@type\":\"BreadcrumbList\",\"@id\":\"https:\\\/\\\/centrourbano.com\\\/revista\\\/urbanismo\\\/recibira-morelia-98-mdp-en-obras-y-servicios\\\/#breadcrumb\",\"itemListElement\":[{\"@type\":\"ListItem\",\"position\":1,\"name\":\"Portada\",\"item\":\"https:\\\/\\\/centrourbano.com\\\/revista\\\/\"},{\"@type\":\"ListItem\",\"position\":2,\"name\":\"Recibir\u00e1 Morelia 98 MDP en obras y servicios\"}]},{\"@type\":\"WebSite\",\"@id\":\"https:\\\/\\\/centrourbano.com\\\/revista\\\/#website\",\"url\":\"https:\\\/\\\/centrourbano.com\\\/revista\\\/\",\"name\":\"Centro Urbano\",\"description\":\"Medio especializado en los sectores vivienda, inmobiliario, construcci\u00f3n, arquitectura y urbanismo.\",\"publisher\":{\"@id\":\"https:\\\/\\\/centrourbano.com\\\/revista\\\/#organization\"},\"potentialAction\":[{\"@type\":\"SearchAction\",\"target\":{\"@type\":\"EntryPoint\",\"urlTemplate\":\"https:\\\/\\\/centrourbano.com\\\/revista\\\/?s={search_term_string}\"},\"query-input\":{\"@type\":\"PropertyValueSpecification\",\"valueRequired\":true,\"valueName\":\"search_term_string\"}}],\"inLanguage\":\"es\"},{\"@type\":\"Organization\",\"@id\":\"https:\\\/\\\/centrourbano.com\\\/revista\\\/#organization\",\"name\":\"Centro Urbano\",\"url\":\"https:\\\/\\\/centrourbano.com\\\/revista\\\/\",\"logo\":{\"@type\":\"ImageObject\",\"inLanguage\":\"es\",\"@id\":\"https:\\\/\\\/centrourbano.com\\\/revista\\\/#\\\/schema\\\/logo\\\/image\\\/\",\"url\":\"https:\\\/\\\/centrourbano.com\\\/revista\\\/wp-content\\\/uploads\\\/web_CU_logo-1.png\",\"contentUrl\":\"https:\\\/\\\/centrourbano.com\\\/revista\\\/wp-content\\\/uploads\\\/web_CU_logo-1.png\",\"width\":350,\"height\":91,\"caption\":\"Centro Urbano\"},\"image\":{\"@id\":\"https:\\\/\\\/centrourbano.com\\\/revista\\\/#\\\/schema\\\/logo\\\/image\\\/\"},\"sameAs\":[\"https:\\\/\\\/www.facebook.com\\\/portalcentrourbano\",\"https:\\\/\\\/x.com\\\/CentroUrbano\",\"https:\\\/\\\/www.instagram.com\\\/centro_urbano\\\/\",\"https:\\\/\\\/www.linkedin.com\\\/company\\\/centro-urbano\\\/\",\"http:\\\/\\\/www.youtube.com\\\/user\\\/portalcentrourbano\"]},{\"@type\":\"Person\",\"@id\":\"https:\\\/\\\/centrourbano.com\\\/revista\\\/#\\\/schema\\\/person\\\/370fa0ba2d8dd5bde3fdb8b62ad360aa\",\"name\":\"G4A\",\"image\":{\"@type\":\"ImageObject\",\"inLanguage\":\"es\",\"@id\":\"https:\\\/\\\/secure.gravatar.com\\\/avatar\\\/932a97121b13d5de5bbd8193c6c83d3b92c9eda0f39623607d4280e7a5778d97?s=96&d=mm&r=g\",\"url\":\"https:\\\/\\\/secure.gravatar.com\\\/avatar\\\/932a97121b13d5de5bbd8193c6c83d3b92c9eda0f39623607d4280e7a5778d97?s=96&d=mm&r=g\",\"contentUrl\":\"https:\\\/\\\/secure.gravatar.com\\\/avatar\\\/932a97121b13d5de5bbd8193c6c83d3b92c9eda0f39623607d4280e7a5778d97?s=96&d=mm&r=g\",\"caption\":\"G4A\"},\"url\":\"https:\\\/\\\/centrourbano.com\\\/revista\\\/author\\\/admin-g4a\\\/\"}]}<\/script>\n<!-- \/ Yoast SEO plugin. -->","yoast_head_json":{"title":"Recibir\u00e1 Morelia 98 MDP en obras y servicios -","description":"Se llev\u00f3 a cabo la inauguraci\u00f3n de diversas obras en beneficio de las comunidades michoacanas Con el objetivo de regresarle a Michoac\u00e1n la posibilidad de","robots":{"index":"index","follow":"follow","max-snippet":"max-snippet:-1","max-image-preview":"max-image-preview:large","max-video-preview":"max-video-preview:-1"},"canonical":"https:\/\/centrourbano.com\/revista\/urbanismo\/recibira-morelia-98-mdp-en-obras-y-servicios\/","og_locale":"es_ES","og_type":"article","og_title":"Recibir\u00e1 Morelia 98 MDP en obras y servicios -","og_description":"Se llev\u00f3 a cabo la inauguraci\u00f3n de diversas obras en beneficio de las comunidades michoacanas Con el objetivo de regresarle a Michoac\u00e1n la posibilidad de","og_url":"https:\/\/centrourbano.com\/revista\/urbanismo\/recibira-morelia-98-mdp-en-obras-y-servicios\/","og_site_name":"Centro Urbano","article_publisher":"https:\/\/www.facebook.com\/portalcentrourbano","article_published_time":"2014-09-19T18:45:49+00:00","article_modified_time":"2014-09-19T18:46:12+00:00","og_image":[{"width":350,"height":91,"url":"https:\/\/centrourbano.com\/revista\/wp-content\/uploads\/CU-logo.png","type":"image\/png"}],"author":"G4A","twitter_card":"summary_large_image","twitter_creator":"@CentroUrbano","twitter_site":"@CentroUrbano","twitter_misc":{"Escrito por":"G4A","Tiempo de lectura":"2 minutos"},"schema":{"@context":"https:\/\/schema.org","@graph":[{"@type":"Article","@id":"https:\/\/centrourbano.com\/revista\/urbanismo\/recibira-morelia-98-mdp-en-obras-y-servicios\/#article","isPartOf":{"@id":"https:\/\/centrourbano.com\/revista\/urbanismo\/recibira-morelia-98-mdp-en-obras-y-servicios\/"},"author":{"name":"G4A","@id":"https:\/\/centrourbano.com\/revista\/#\/schema\/person\/370fa0ba2d8dd5bde3fdb8b62ad360aa"},"headline":"Recibir\u00e1 Morelia 98 MDP en obras y servicios","datePublished":"2014-09-19T18:45:49+00:00","dateModified":"2014-09-19T18:46:12+00:00","mainEntityOfPage":{"@id":"https:\/\/centrourbano.com\/revista\/urbanismo\/recibira-morelia-98-mdp-en-obras-y-servicios\/"},"wordCount":363,"commentCount":0,"publisher":{"@id":"https:\/\/centrourbano.com\/revista\/#organization"},"keywords":["Gustavo C\u00e1rdenas Monroy","Michoac\u00e1n","Morelia","Salvador Jara Guerrero","Sedatu","Wilfrido L\u00e1zaro Medina"],"articleSection":["Urbanismo"],"inLanguage":"es"},{"@type":"WebPage","@id":"https:\/\/centrourbano.com\/revista\/urbanismo\/recibira-morelia-98-mdp-en-obras-y-servicios\/","url":"https:\/\/centrourbano.com\/revista\/urbanismo\/recibira-morelia-98-mdp-en-obras-y-servicios\/","name":"Recibir\u00e1 Morelia 98 MDP en obras y servicios -","isPartOf":{"@id":"https:\/\/centrourbano.com\/revista\/#website"},"datePublished":"2014-09-19T18:45:49+00:00","dateModified":"2014-09-19T18:46:12+00:00","description":"Se llev\u00f3 a cabo la inauguraci\u00f3n de diversas obras en beneficio de las comunidades michoacanas Con el objetivo de regresarle a Michoac\u00e1n la posibilidad de","breadcrumb":{"@id":"https:\/\/centrourbano.com\/revista\/urbanismo\/recibira-morelia-98-mdp-en-obras-y-servicios\/#breadcrumb"},"inLanguage":"es","potentialAction":[{"@type":"ReadAction","target":["https:\/\/centrourbano.com\/revista\/urbanismo\/recibira-morelia-98-mdp-en-obras-y-servicios\/"]}]},{"@type":"BreadcrumbList","@id":"https:\/\/centrourbano.com\/revista\/urbanismo\/recibira-morelia-98-mdp-en-obras-y-servicios\/#breadcrumb","itemListElement":[{"@type":"ListItem","position":1,"name":"Portada","item":"https:\/\/centrourbano.com\/revista\/"},{"@type":"ListItem","position":2,"name":"Recibir\u00e1 Morelia 98 MDP en obras y servicios"}]},{"@type":"WebSite","@id":"https:\/\/centrourbano.com\/revista\/#website","url":"https:\/\/centrourbano.com\/revista\/","name":"Centro Urbano","description":"Medio especializado en los sectores vivienda, inmobiliario, construcci\u00f3n, arquitectura y urbanismo.","publisher":{"@id":"https:\/\/centrourbano.com\/revista\/#organization"},"potentialAction":[{"@type":"SearchAction","target":{"@type":"EntryPoint","urlTemplate":"https:\/\/centrourbano.com\/revista\/?s={search_term_string}"},"query-input":{"@type":"PropertyValueSpecification","valueRequired":true,"valueName":"search_term_string"}}],"inLanguage":"es"},{"@type":"Organization","@id":"https:\/\/centrourbano.com\/revista\/#organization","name":"Centro Urbano","url":"https:\/\/centrourbano.com\/revista\/","logo":{"@type":"ImageObject","inLanguage":"es","@id":"https:\/\/centrourbano.com\/revista\/#\/schema\/logo\/image\/","url":"https:\/\/centrourbano.com\/revista\/wp-content\/uploads\/web_CU_logo-1.png","contentUrl":"https:\/\/centrourbano.com\/revista\/wp-content\/uploads\/web_CU_logo-1.png","width":350,"height":91,"caption":"Centro Urbano"},"image":{"@id":"https:\/\/centrourbano.com\/revista\/#\/schema\/logo\/image\/"},"sameAs":["https:\/\/www.facebook.com\/portalcentrourbano","https:\/\/x.com\/CentroUrbano","https:\/\/www.instagram.com\/centro_urbano\/","https:\/\/www.linkedin.com\/company\/centro-urbano\/","http:\/\/www.youtube.com\/user\/portalcentrourbano"]},{"@type":"Person","@id":"https:\/\/centrourbano.com\/revista\/#\/schema\/person\/370fa0ba2d8dd5bde3fdb8b62ad360aa","name":"G4A","image":{"@type":"ImageObject","inLanguage":"es","@id":"https:\/\/secure.gravatar.com\/avatar\/932a97121b13d5de5bbd8193c6c83d3b92c9eda0f39623607d4280e7a5778d97?s=96&d=mm&r=g","url":"https:\/\/secure.gravatar.com\/avatar\/932a97121b13d5de5bbd8193c6c83d3b92c9eda0f39623607d4280e7a5778d97?s=96&d=mm&r=g","contentUrl":"https:\/\/secure.gravatar.com\/avatar\/932a97121b13d5de5bbd8193c6c83d3b92c9eda0f39623607d4280e7a5778d97?s=96&d=mm&r=g","caption":"G4A"},"url":"https:\/\/centrourbano.com\/revista\/author\/admin-g4a\/"}]}},"_links":{"self":[{"href":"https:\/\/centrourbano.com\/revista\/wp-json\/wp\/v2\/posts\/10840","targetHints":{"allow":["GET"]}}],"collection":[{"href":"https:\/\/centrourbano.com\/revista\/wp-json\/wp\/v2\/posts"}],"about":[{"href":"https:\/\/centrourbano.com\/revista\/wp-json\/wp\/v2\/types\/post"}],"author":[{"embeddable":true,"href":"https:\/\/centrourbano.com\/revista\/wp-json\/wp\/v2\/users\/77"}],"replies":[{"embeddable":true,"href":"https:\/\/centrourbano.com\/revista\/wp-json\/wp\/v2\/comments?post=10840"}],"version-history":[{"count":0,"href":"https:\/\/centrourbano.com\/revista\/wp-json\/wp\/v2\/posts\/10840\/revisions"}],"wp:attachment":[{"href":"https:\/\/centrourbano.com\/revista\/wp-json\/wp\/v2\/media?parent=10840"}],"wp:term":[{"taxonomy":"category","embeddable":true,"href":"https:\/\/centrourbano.com\/revista\/wp-json\/wp\/v2\/categories?post=10840"},{"taxonomy":"post_tag","embeddable":true,"href":"https:\/\/centrourbano.com\/revista\/wp-json\/wp\/v2\/tags?post=10840"}],"curies":[{"name":"wp","href":"https:\/\/api.w.org\/{rel}","templated":true}]}}