{"id":108292,"date":"2020-06-19T08:00:31","date_gmt":"2020-06-19T13:00:31","guid":{"rendered":"https:\/\/centrourbano.com\/?p=108292"},"modified":"2020-06-19T10:32:52","modified_gmt":"2020-06-19T15:32:52","slug":"onu-habitat-ciudades-lucha-racismo","status":"publish","type":"post","link":"https:\/\/centrourbano.com\/revista\/urbanismo\/onu-habitat-ciudades-lucha-racismo\/","title":{"rendered":"ONU-H\u00e1bitat se solidariza con las ciudades en lucha contra el racismo"},"content":{"rendered":"<p><em>La poblaci\u00f3n de las ciudades es muy diversa; lo que crea el espacio para ser o convertirse en centros inclusivos de interacci\u00f3n e intercambio social, se\u00f1al\u00f3 ONU-H\u00e1bitat<\/em><!--more--><\/p>\n<p>Actualmente, millones de personas en todo el mundo han tomado las calles en protesta contra la <strong>injusticia<\/strong>, la <strong>desigualdad<\/strong>, el <strong>racismo<\/strong> y la <strong>discriminaci\u00f3n estructural<\/strong> en las ciudades y entornos urbanos.<\/p>\n<p>Ante este panorama, <a href=\"https:\/\/onuhabitat.org.mx\/\" target=\"_blank\" rel=\"noopener noreferrer\"><strong>ONU-H\u00e1bitat<\/strong><\/a>, la agencia de las Naciones Unidas encargada de promover pueblos y ciudades social y ambientalmente sostenibles, se solidariza con la protesta al <strong>condenar el racismo y la discriminaci\u00f3n<\/strong> en todas sus formas.<\/p>\n<p>[quote]\u201cEs hora de reconocer que el racismo y la discriminaci\u00f3n estructural est\u00e1n presentes en todo el mundo y en muchas instituciones\u201d, puntualiz\u00f3 el organismo.[\/quote]<\/p>\n<p><strong>Ant\u00f3nio Guterres, secretario general de las Naciones Unidas<\/strong>, destac\u00f3 que las sociedades requieren inversiones en cohesi\u00f3n social contra la discriminaci\u00f3n y la desigualdad, por parte de los gobiernos nacionales, locales y la sociedad civil. Agreg\u00f3 que las ciudades se enfrentan al cambio, y con ello, tendr\u00e1n la oportunidad de pri<strong>orizar el respeto por la diversidad y la inclusi\u00f3n <\/strong>como un bien com\u00fan y una responsabilidad compartida.<\/p>\n<p><strong>ONU-H\u00e1bitat<\/strong> mencion\u00f3 que la poblaci\u00f3n de las ciudades es sumamente diversa, lo cual crea el espacio para ser o convertirse en <strong>centros inclusivos de interacci\u00f3n e intercambio social.<\/strong><\/p>\n<p>Por esta raz\u00f3n, las ciudades deben planificarse y gestionarse para garantizar que los talentos y habilidades de todas las personas se adopten y fomenten para que nadie se quede atr\u00e1s; adem\u00e1s de que todos se beneficien por igual.<\/p>\n<p>[quote]\u201cNuestro trabajo en temas urbanos, incluidos los espacios p\u00fablicos accesibles, la mejora de los barrios marginales y la mejora de la seguridad de la tenencia, se basa en el principio de trabajar juntos para <strong>abordar la discriminaci\u00f3n estructural<\/strong> y <strong>garantizar la igualdad de acceso a las oportunidades<\/strong>\u201d, afirm\u00f3 el organismo.[\/quote]<\/p>\n<p>&nbsp;<\/p>\n<a href=\"https:\/\/centrourbano.com\/revista\/wp-content\/uploads\/racismo-en-las-ciudades.jpg\"><img loading=\"lazy\" decoding=\"async\" class=\"size-full wp-image-108296 aligncenter\" src=\"https:\/\/centrourbano.com\/revista\/wp-content\/uploads\/racismo-en-las-ciudades.jpg\" alt=\"\" width=\"600\" height=\"365\" srcset=\"https:\/\/centrourbano.com\/revista\/wp-content\/uploads\/racismo-en-las-ciudades.jpg 600w, https:\/\/centrourbano.com\/revista\/wp-content\/uploads\/racismo-en-las-ciudades-300x183.jpg 300w\" sizes=\"auto, (max-width: 600px) 100vw, 600px\" \/><\/a>\n","protected":false},"excerpt":{"rendered":"<p>La poblaci\u00f3n de las ciudades es muy diversa; lo que crea el espacio para ser o convertirse en centros inclusivos de interacci\u00f3n e intercambio social, se\u00f1al\u00f3 ONU-H\u00e1bitat<\/p>\n","protected":false},"author":73,"featured_media":108293,"comment_status":"open","ping_status":"closed","sticky":false,"template":"","format":"standard","meta":{"om_disable_all_campaigns":false,"inline_featured_image":false,"_monsterinsights_skip_tracking":false,"_monsterinsights_sitenote_active":false,"_monsterinsights_sitenote_note":"","_monsterinsights_sitenote_category":0,"footnotes":""},"categories":[82],"tags":[211,8412,2653,18768],"class_list":["post-108292","post","type-post","status-publish","format-standard","has-post-thumbnail","hentry","category-urbanismo","tag-ciudades","tag-discriminacion","tag-onu-habitat","tag-racismo"],"yoast_head":"<!-- This site is optimized with the Yoast SEO plugin v27.4 - https:\/\/yoast.com\/product\/yoast-seo-wordpress\/ -->\n<title>ONU-H\u00e1bitat se solidariza con las ciudades en lucha contra el racismo<\/title>\n<meta name=\"description\" content=\"La poblaci\u00f3n de las ciudades es muy diversa; lo que crea el espacio para ser o convertirse en centros inclusivos de interacci\u00f3n e intercambio social\" \/>\n<meta name=\"robots\" content=\"index, follow, max-snippet:-1, max-image-preview:large, max-video-preview:-1\" \/>\n<link rel=\"canonical\" href=\"https:\/\/centrourbano.com\/revista\/urbanismo\/onu-habitat-ciudades-lucha-racismo\/\" \/>\n<meta property=\"og:locale\" content=\"es_ES\" \/>\n<meta property=\"og:type\" content=\"article\" \/>\n<meta property=\"og:title\" content=\"ONU-H\u00e1bitat se solidariza con las ciudades en lucha contra el racismo\" \/>\n<meta property=\"og:description\" content=\"La poblaci\u00f3n de las ciudades es muy diversa; lo que crea el espacio para ser o convertirse en centros inclusivos de interacci\u00f3n e intercambio social\" \/>\n<meta property=\"og:url\" content=\"https:\/\/centrourbano.com\/revista\/urbanismo\/onu-habitat-ciudades-lucha-racismo\/\" \/>\n<meta property=\"og:site_name\" content=\"Centro Urbano\" \/>\n<meta property=\"article:publisher\" content=\"https:\/\/www.facebook.com\/portalcentrourbano\" \/>\n<meta property=\"article:published_time\" content=\"2020-06-19T13:00:31+00:00\" \/>\n<meta property=\"article:modified_time\" content=\"2020-06-19T15:32:52+00:00\" \/>\n<meta property=\"og:image\" content=\"https:\/\/centrourbano.com\/revista\/wp-content\/uploads\/ONU-H\u00e1bitat-se-solidariza-con-las-ciudades-en-lucha-contra-el-racismo-.jpg\" \/>\n\t<meta property=\"og:image:width\" content=\"800\" \/>\n\t<meta property=\"og:image:height\" content=\"451\" \/>\n\t<meta property=\"og:image:type\" content=\"image\/jpeg\" \/>\n<meta name=\"author\" content=\"Fernanda Hern\u00e1ndez\" \/>\n<meta name=\"twitter:card\" content=\"summary_large_image\" \/>\n<meta name=\"twitter:creator\" content=\"@https:\/\/twitter.com\/Nannz_Hernandez\" \/>\n<meta name=\"twitter:site\" content=\"@CentroUrbano\" \/>\n<meta name=\"twitter:label1\" content=\"Escrito por\" \/>\n\t<meta name=\"twitter:data1\" content=\"Fernanda Hern\u00e1ndez\" \/>\n\t<meta name=\"twitter:label2\" content=\"Tiempo de lectura\" \/>\n\t<meta name=\"twitter:data2\" content=\"2 minutos\" \/>\n<script type=\"application\/ld+json\" class=\"yoast-schema-graph\">{\"@context\":\"https:\\\/\\\/schema.org\",\"@graph\":[{\"@type\":\"Article\",\"@id\":\"https:\\\/\\\/centrourbano.com\\\/revista\\\/urbanismo\\\/onu-habitat-ciudades-lucha-racismo\\\/#article\",\"isPartOf\":{\"@id\":\"https:\\\/\\\/centrourbano.com\\\/revista\\\/urbanismo\\\/onu-habitat-ciudades-lucha-racismo\\\/\"},\"author\":{\"name\":\"Fernanda Hern\u00e1ndez\",\"@id\":\"https:\\\/\\\/centrourbano.com\\\/revista\\\/#\\\/schema\\\/person\\\/b190b20bbbceb41ec72278c546fa8df3\"},\"headline\":\"ONU-H\u00e1bitat se solidariza con las ciudades en lucha contra el racismo\",\"datePublished\":\"2020-06-19T13:00:31+00:00\",\"dateModified\":\"2020-06-19T15:32:52+00:00\",\"mainEntityOfPage\":{\"@id\":\"https:\\\/\\\/centrourbano.com\\\/revista\\\/urbanismo\\\/onu-habitat-ciudades-lucha-racismo\\\/\"},\"wordCount\":340,\"commentCount\":0,\"publisher\":{\"@id\":\"https:\\\/\\\/centrourbano.com\\\/revista\\\/#organization\"},\"image\":{\"@id\":\"https:\\\/\\\/centrourbano.com\\\/revista\\\/urbanismo\\\/onu-habitat-ciudades-lucha-racismo\\\/#primaryimage\"},\"thumbnailUrl\":\"https:\\\/\\\/centrourbano.com\\\/revista\\\/wp-content\\\/uploads\\\/ONU-H\u00e1bitat-se-solidariza-con-las-ciudades-en-lucha-contra-el-racismo-.jpg\",\"keywords\":[\"ciudades\",\"discriminaci\u00f3n\",\"ONU-Habitat\",\"Racismo\"],\"articleSection\":[\"Urbanismo\"],\"inLanguage\":\"es\",\"potentialAction\":[{\"@type\":\"CommentAction\",\"name\":\"Comment\",\"target\":[\"https:\\\/\\\/centrourbano.com\\\/revista\\\/urbanismo\\\/onu-habitat-ciudades-lucha-racismo\\\/#respond\"]}]},{\"@type\":\"WebPage\",\"@id\":\"https:\\\/\\\/centrourbano.com\\\/revista\\\/urbanismo\\\/onu-habitat-ciudades-lucha-racismo\\\/\",\"url\":\"https:\\\/\\\/centrourbano.com\\\/revista\\\/urbanismo\\\/onu-habitat-ciudades-lucha-racismo\\\/\",\"name\":\"ONU-H\u00e1bitat se solidariza con las ciudades en lucha contra el racismo\",\"isPartOf\":{\"@id\":\"https:\\\/\\\/centrourbano.com\\\/revista\\\/#website\"},\"primaryImageOfPage\":{\"@id\":\"https:\\\/\\\/centrourbano.com\\\/revista\\\/urbanismo\\\/onu-habitat-ciudades-lucha-racismo\\\/#primaryimage\"},\"image\":{\"@id\":\"https:\\\/\\\/centrourbano.com\\\/revista\\\/urbanismo\\\/onu-habitat-ciudades-lucha-racismo\\\/#primaryimage\"},\"thumbnailUrl\":\"https:\\\/\\\/centrourbano.com\\\/revista\\\/wp-content\\\/uploads\\\/ONU-H\u00e1bitat-se-solidariza-con-las-ciudades-en-lucha-contra-el-racismo-.jpg\",\"datePublished\":\"2020-06-19T13:00:31+00:00\",\"dateModified\":\"2020-06-19T15:32:52+00:00\",\"description\":\"La poblaci\u00f3n de las ciudades es muy diversa; lo que crea el espacio para ser o convertirse en centros inclusivos de interacci\u00f3n e intercambio social\",\"breadcrumb\":{\"@id\":\"https:\\\/\\\/centrourbano.com\\\/revista\\\/urbanismo\\\/onu-habitat-ciudades-lucha-racismo\\\/#breadcrumb\"},\"inLanguage\":\"es\",\"potentialAction\":[{\"@type\":\"ReadAction\",\"target\":[\"https:\\\/\\\/centrourbano.com\\\/revista\\\/urbanismo\\\/onu-habitat-ciudades-lucha-racismo\\\/\"]}]},{\"@type\":\"ImageObject\",\"inLanguage\":\"es\",\"@id\":\"https:\\\/\\\/centrourbano.com\\\/revista\\\/urbanismo\\\/onu-habitat-ciudades-lucha-racismo\\\/#primaryimage\",\"url\":\"https:\\\/\\\/centrourbano.com\\\/revista\\\/wp-content\\\/uploads\\\/ONU-H\u00e1bitat-se-solidariza-con-las-ciudades-en-lucha-contra-el-racismo-.jpg\",\"contentUrl\":\"https:\\\/\\\/centrourbano.com\\\/revista\\\/wp-content\\\/uploads\\\/ONU-H\u00e1bitat-se-solidariza-con-las-ciudades-en-lucha-contra-el-racismo-.jpg\",\"width\":800,\"height\":451,\"caption\":\"La poblaci\u00f3n de las ciudades es muy diversa; lo que crea el espacio para ser o convertirse en centros inclusivos de interacci\u00f3n e intercambio social\"},{\"@type\":\"BreadcrumbList\",\"@id\":\"https:\\\/\\\/centrourbano.com\\\/revista\\\/urbanismo\\\/onu-habitat-ciudades-lucha-racismo\\\/#breadcrumb\",\"itemListElement\":[{\"@type\":\"ListItem\",\"position\":1,\"name\":\"Portada\",\"item\":\"https:\\\/\\\/centrourbano.com\\\/revista\\\/\"},{\"@type\":\"ListItem\",\"position\":2,\"name\":\"ONU-H\u00e1bitat se solidariza con las ciudades en lucha contra el racismo\"}]},{\"@type\":\"WebSite\",\"@id\":\"https:\\\/\\\/centrourbano.com\\\/revista\\\/#website\",\"url\":\"https:\\\/\\\/centrourbano.com\\\/revista\\\/\",\"name\":\"Centro Urbano\",\"description\":\"Medio especializado en los sectores vivienda, inmobiliario, construcci\u00f3n, arquitectura y urbanismo.\",\"publisher\":{\"@id\":\"https:\\\/\\\/centrourbano.com\\\/revista\\\/#organization\"},\"potentialAction\":[{\"@type\":\"SearchAction\",\"target\":{\"@type\":\"EntryPoint\",\"urlTemplate\":\"https:\\\/\\\/centrourbano.com\\\/revista\\\/?s={search_term_string}\"},\"query-input\":{\"@type\":\"PropertyValueSpecification\",\"valueRequired\":true,\"valueName\":\"search_term_string\"}}],\"inLanguage\":\"es\"},{\"@type\":\"Organization\",\"@id\":\"https:\\\/\\\/centrourbano.com\\\/revista\\\/#organization\",\"name\":\"Centro Urbano\",\"url\":\"https:\\\/\\\/centrourbano.com\\\/revista\\\/\",\"logo\":{\"@type\":\"ImageObject\",\"inLanguage\":\"es\",\"@id\":\"https:\\\/\\\/centrourbano.com\\\/revista\\\/#\\\/schema\\\/logo\\\/image\\\/\",\"url\":\"https:\\\/\\\/centrourbano.com\\\/revista\\\/wp-content\\\/uploads\\\/web_CU_logo-1.png\",\"contentUrl\":\"https:\\\/\\\/centrourbano.com\\\/revista\\\/wp-content\\\/uploads\\\/web_CU_logo-1.png\",\"width\":350,\"height\":91,\"caption\":\"Centro Urbano\"},\"image\":{\"@id\":\"https:\\\/\\\/centrourbano.com\\\/revista\\\/#\\\/schema\\\/logo\\\/image\\\/\"},\"sameAs\":[\"https:\\\/\\\/www.facebook.com\\\/portalcentrourbano\",\"https:\\\/\\\/x.com\\\/CentroUrbano\",\"https:\\\/\\\/www.instagram.com\\\/centro_urbano\\\/\",\"https:\\\/\\\/www.linkedin.com\\\/company\\\/centro-urbano\\\/\",\"http:\\\/\\\/www.youtube.com\\\/user\\\/portalcentrourbano\"]},{\"@type\":\"Person\",\"@id\":\"https:\\\/\\\/centrourbano.com\\\/revista\\\/#\\\/schema\\\/person\\\/b190b20bbbceb41ec72278c546fa8df3\",\"name\":\"Fernanda Hern\u00e1ndez\",\"image\":{\"@type\":\"ImageObject\",\"inLanguage\":\"es\",\"@id\":\"https:\\\/\\\/secure.gravatar.com\\\/avatar\\\/9471831fb0a24eae9d32d826a7cb8ef07c34a41520aca1a0ab1f5c0903ba49b9?s=96&d=mm&r=g\",\"url\":\"https:\\\/\\\/secure.gravatar.com\\\/avatar\\\/9471831fb0a24eae9d32d826a7cb8ef07c34a41520aca1a0ab1f5c0903ba49b9?s=96&d=mm&r=g\",\"contentUrl\":\"https:\\\/\\\/secure.gravatar.com\\\/avatar\\\/9471831fb0a24eae9d32d826a7cb8ef07c34a41520aca1a0ab1f5c0903ba49b9?s=96&d=mm&r=g\",\"caption\":\"Fernanda Hern\u00e1ndez\"},\"description\":\"Reportera y redactora en Centro Urbano. Soy egresada de la licenciatura en Ciencias de la Comunicaci\u00f3n de la Facultad de Ciencias Pol\u00edticas y Sociales (UNAM). Me interesa la cultura, el urbanismo y la arquitectura. Amante del mundo digital, el cine, la m\u00fasica, la lectura y la escritura.\",\"sameAs\":[\"https:\\\/\\\/x.com\\\/https:\\\/\\\/twitter.com\\\/Nannz_Hernandez\"],\"url\":\"https:\\\/\\\/centrourbano.com\\\/revista\\\/author\\\/fernanda-hernandez\\\/\"}]}<\/script>\n<!-- \/ Yoast SEO plugin. -->","yoast_head_json":{"title":"ONU-H\u00e1bitat se solidariza con las ciudades en lucha contra el racismo","description":"La poblaci\u00f3n de las ciudades es muy diversa; lo que crea el espacio para ser o convertirse en centros inclusivos de interacci\u00f3n e intercambio social","robots":{"index":"index","follow":"follow","max-snippet":"max-snippet:-1","max-image-preview":"max-image-preview:large","max-video-preview":"max-video-preview:-1"},"canonical":"https:\/\/centrourbano.com\/revista\/urbanismo\/onu-habitat-ciudades-lucha-racismo\/","og_locale":"es_ES","og_type":"article","og_title":"ONU-H\u00e1bitat se solidariza con las ciudades en lucha contra el racismo","og_description":"La poblaci\u00f3n de las ciudades es muy diversa; lo que crea el espacio para ser o convertirse en centros inclusivos de interacci\u00f3n e intercambio social","og_url":"https:\/\/centrourbano.com\/revista\/urbanismo\/onu-habitat-ciudades-lucha-racismo\/","og_site_name":"Centro Urbano","article_publisher":"https:\/\/www.facebook.com\/portalcentrourbano","article_published_time":"2020-06-19T13:00:31+00:00","article_modified_time":"2020-06-19T15:32:52+00:00","og_image":[{"width":800,"height":451,"url":"https:\/\/centrourbano.com\/revista\/wp-content\/uploads\/ONU-H\u00e1bitat-se-solidariza-con-las-ciudades-en-lucha-contra-el-racismo-.jpg","type":"image\/jpeg"}],"author":"Fernanda Hern\u00e1ndez","twitter_card":"summary_large_image","twitter_creator":"@https:\/\/twitter.com\/Nannz_Hernandez","twitter_site":"@CentroUrbano","twitter_misc":{"Escrito por":"Fernanda Hern\u00e1ndez","Tiempo de lectura":"2 minutos"},"schema":{"@context":"https:\/\/schema.org","@graph":[{"@type":"Article","@id":"https:\/\/centrourbano.com\/revista\/urbanismo\/onu-habitat-ciudades-lucha-racismo\/#article","isPartOf":{"@id":"https:\/\/centrourbano.com\/revista\/urbanismo\/onu-habitat-ciudades-lucha-racismo\/"},"author":{"name":"Fernanda Hern\u00e1ndez","@id":"https:\/\/centrourbano.com\/revista\/#\/schema\/person\/b190b20bbbceb41ec72278c546fa8df3"},"headline":"ONU-H\u00e1bitat se solidariza con las ciudades en lucha contra el racismo","datePublished":"2020-06-19T13:00:31+00:00","dateModified":"2020-06-19T15:32:52+00:00","mainEntityOfPage":{"@id":"https:\/\/centrourbano.com\/revista\/urbanismo\/onu-habitat-ciudades-lucha-racismo\/"},"wordCount":340,"commentCount":0,"publisher":{"@id":"https:\/\/centrourbano.com\/revista\/#organization"},"image":{"@id":"https:\/\/centrourbano.com\/revista\/urbanismo\/onu-habitat-ciudades-lucha-racismo\/#primaryimage"},"thumbnailUrl":"https:\/\/centrourbano.com\/revista\/wp-content\/uploads\/ONU-H\u00e1bitat-se-solidariza-con-las-ciudades-en-lucha-contra-el-racismo-.jpg","keywords":["ciudades","discriminaci\u00f3n","ONU-Habitat","Racismo"],"articleSection":["Urbanismo"],"inLanguage":"es","potentialAction":[{"@type":"CommentAction","name":"Comment","target":["https:\/\/centrourbano.com\/revista\/urbanismo\/onu-habitat-ciudades-lucha-racismo\/#respond"]}]},{"@type":"WebPage","@id":"https:\/\/centrourbano.com\/revista\/urbanismo\/onu-habitat-ciudades-lucha-racismo\/","url":"https:\/\/centrourbano.com\/revista\/urbanismo\/onu-habitat-ciudades-lucha-racismo\/","name":"ONU-H\u00e1bitat se solidariza con las ciudades en lucha contra el racismo","isPartOf":{"@id":"https:\/\/centrourbano.com\/revista\/#website"},"primaryImageOfPage":{"@id":"https:\/\/centrourbano.com\/revista\/urbanismo\/onu-habitat-ciudades-lucha-racismo\/#primaryimage"},"image":{"@id":"https:\/\/centrourbano.com\/revista\/urbanismo\/onu-habitat-ciudades-lucha-racismo\/#primaryimage"},"thumbnailUrl":"https:\/\/centrourbano.com\/revista\/wp-content\/uploads\/ONU-H\u00e1bitat-se-solidariza-con-las-ciudades-en-lucha-contra-el-racismo-.jpg","datePublished":"2020-06-19T13:00:31+00:00","dateModified":"2020-06-19T15:32:52+00:00","description":"La poblaci\u00f3n de las ciudades es muy diversa; lo que crea el espacio para ser o convertirse en centros inclusivos de interacci\u00f3n e intercambio social","breadcrumb":{"@id":"https:\/\/centrourbano.com\/revista\/urbanismo\/onu-habitat-ciudades-lucha-racismo\/#breadcrumb"},"inLanguage":"es","potentialAction":[{"@type":"ReadAction","target":["https:\/\/centrourbano.com\/revista\/urbanismo\/onu-habitat-ciudades-lucha-racismo\/"]}]},{"@type":"ImageObject","inLanguage":"es","@id":"https:\/\/centrourbano.com\/revista\/urbanismo\/onu-habitat-ciudades-lucha-racismo\/#primaryimage","url":"https:\/\/centrourbano.com\/revista\/wp-content\/uploads\/ONU-H\u00e1bitat-se-solidariza-con-las-ciudades-en-lucha-contra-el-racismo-.jpg","contentUrl":"https:\/\/centrourbano.com\/revista\/wp-content\/uploads\/ONU-H\u00e1bitat-se-solidariza-con-las-ciudades-en-lucha-contra-el-racismo-.jpg","width":800,"height":451,"caption":"La poblaci\u00f3n de las ciudades es muy diversa; lo que crea el espacio para ser o convertirse en centros inclusivos de interacci\u00f3n e intercambio social"},{"@type":"BreadcrumbList","@id":"https:\/\/centrourbano.com\/revista\/urbanismo\/onu-habitat-ciudades-lucha-racismo\/#breadcrumb","itemListElement":[{"@type":"ListItem","position":1,"name":"Portada","item":"https:\/\/centrourbano.com\/revista\/"},{"@type":"ListItem","position":2,"name":"ONU-H\u00e1bitat se solidariza con las ciudades en lucha contra el racismo"}]},{"@type":"WebSite","@id":"https:\/\/centrourbano.com\/revista\/#website","url":"https:\/\/centrourbano.com\/revista\/","name":"Centro Urbano","description":"Medio especializado en los sectores vivienda, inmobiliario, construcci\u00f3n, arquitectura y urbanismo.","publisher":{"@id":"https:\/\/centrourbano.com\/revista\/#organization"},"potentialAction":[{"@type":"SearchAction","target":{"@type":"EntryPoint","urlTemplate":"https:\/\/centrourbano.com\/revista\/?s={search_term_string}"},"query-input":{"@type":"PropertyValueSpecification","valueRequired":true,"valueName":"search_term_string"}}],"inLanguage":"es"},{"@type":"Organization","@id":"https:\/\/centrourbano.com\/revista\/#organization","name":"Centro Urbano","url":"https:\/\/centrourbano.com\/revista\/","logo":{"@type":"ImageObject","inLanguage":"es","@id":"https:\/\/centrourbano.com\/revista\/#\/schema\/logo\/image\/","url":"https:\/\/centrourbano.com\/revista\/wp-content\/uploads\/web_CU_logo-1.png","contentUrl":"https:\/\/centrourbano.com\/revista\/wp-content\/uploads\/web_CU_logo-1.png","width":350,"height":91,"caption":"Centro Urbano"},"image":{"@id":"https:\/\/centrourbano.com\/revista\/#\/schema\/logo\/image\/"},"sameAs":["https:\/\/www.facebook.com\/portalcentrourbano","https:\/\/x.com\/CentroUrbano","https:\/\/www.instagram.com\/centro_urbano\/","https:\/\/www.linkedin.com\/company\/centro-urbano\/","http:\/\/www.youtube.com\/user\/portalcentrourbano"]},{"@type":"Person","@id":"https:\/\/centrourbano.com\/revista\/#\/schema\/person\/b190b20bbbceb41ec72278c546fa8df3","name":"Fernanda Hern\u00e1ndez","image":{"@type":"ImageObject","inLanguage":"es","@id":"https:\/\/secure.gravatar.com\/avatar\/9471831fb0a24eae9d32d826a7cb8ef07c34a41520aca1a0ab1f5c0903ba49b9?s=96&d=mm&r=g","url":"https:\/\/secure.gravatar.com\/avatar\/9471831fb0a24eae9d32d826a7cb8ef07c34a41520aca1a0ab1f5c0903ba49b9?s=96&d=mm&r=g","contentUrl":"https:\/\/secure.gravatar.com\/avatar\/9471831fb0a24eae9d32d826a7cb8ef07c34a41520aca1a0ab1f5c0903ba49b9?s=96&d=mm&r=g","caption":"Fernanda Hern\u00e1ndez"},"description":"Reportera y redactora en Centro Urbano. Soy egresada de la licenciatura en Ciencias de la Comunicaci\u00f3n de la Facultad de Ciencias Pol\u00edticas y Sociales (UNAM). Me interesa la cultura, el urbanismo y la arquitectura. Amante del mundo digital, el cine, la m\u00fasica, la lectura y la escritura.","sameAs":["https:\/\/x.com\/https:\/\/twitter.com\/Nannz_Hernandez"],"url":"https:\/\/centrourbano.com\/revista\/author\/fernanda-hernandez\/"}]}},"_links":{"self":[{"href":"https:\/\/centrourbano.com\/revista\/wp-json\/wp\/v2\/posts\/108292","targetHints":{"allow":["GET"]}}],"collection":[{"href":"https:\/\/centrourbano.com\/revista\/wp-json\/wp\/v2\/posts"}],"about":[{"href":"https:\/\/centrourbano.com\/revista\/wp-json\/wp\/v2\/types\/post"}],"author":[{"embeddable":true,"href":"https:\/\/centrourbano.com\/revista\/wp-json\/wp\/v2\/users\/73"}],"replies":[{"embeddable":true,"href":"https:\/\/centrourbano.com\/revista\/wp-json\/wp\/v2\/comments?post=108292"}],"version-history":[{"count":3,"href":"https:\/\/centrourbano.com\/revista\/wp-json\/wp\/v2\/posts\/108292\/revisions"}],"predecessor-version":[{"id":108302,"href":"https:\/\/centrourbano.com\/revista\/wp-json\/wp\/v2\/posts\/108292\/revisions\/108302"}],"wp:featuredmedia":[{"embeddable":true,"href":"https:\/\/centrourbano.com\/revista\/wp-json\/wp\/v2\/media\/108293"}],"wp:attachment":[{"href":"https:\/\/centrourbano.com\/revista\/wp-json\/wp\/v2\/media?parent=108292"}],"wp:term":[{"taxonomy":"category","embeddable":true,"href":"https:\/\/centrourbano.com\/revista\/wp-json\/wp\/v2\/categories?post=108292"},{"taxonomy":"post_tag","embeddable":true,"href":"https:\/\/centrourbano.com\/revista\/wp-json\/wp\/v2\/tags?post=108292"}],"curies":[{"name":"wp","href":"https:\/\/api.w.org\/{rel}","templated":true}]}}