{"id":10823,"date":"2014-09-19T11:00:39","date_gmt":"2014-09-19T16:00:39","guid":{"rendered":"http:\/\/centrourbano.com\/?p=10823"},"modified":"2014-09-19T10:32:39","modified_gmt":"2014-09-19T15:32:39","slug":"fovissste-apoyara-a-sus-acreditados-en-baja-california-sur","status":"publish","type":"post","link":"https:\/\/centrourbano.com\/revista\/vivienda\/fovissste-apoyara-a-sus-acreditados-en-baja-california-sur\/","title":{"rendered":"Fovissste apoyar\u00e1 a sus acreditados en Baja California Sur"},"content":{"rendered":"<p>&nbsp;<\/p>\n<p><em>Dar\u00e1n atenci\u00f3n a quienes tengan un cr\u00e9dito vigente y hayan sufrido da\u00f1os en su vivienda<\/em><!--more--><\/p>\n<p>Jos\u00e9 Reyes Baeza,\u00a0 Vocal Ejecutivo del Fovissste,\u00a0 tras\u00a0 reunirse\u00a0 con su equipo de trabajo, y de acuerdo a las instrucciones generales del presidente Enrique Pe\u00f1a Nieto, realiz\u00f3 un primer diagn\u00f3stico de la situaci\u00f3n que priva entre los acreditados\u00a0 de\u00a0 Baja California Sur tras el paso del Hurac\u00e1n \u201cOdile\u201d, informando lo siguiente:<\/p>\n<p>-Se instruy\u00f3\u00a0 al Jefe del Departamento de Vivienda de la Delegaci\u00f3n del ISSSTE en Baja California Sur que se instale permanentemente en Cabo San Lucas a fin de dar atenci\u00f3n a todos aquellos acreditados del Fondo, que teniendo un cr\u00e9dito vigente hayan tenido da\u00f1os en su vivienda.<\/p>\n<p>&#8211; El Fondo de la Vivienda gestionar\u00e1 el pago del seguro correspondiente a fin de que puedan cubrirse los costos del menaje da\u00f1ado, reparaciones generales de la vivienda, e incluso, en caso de ser necesario, del arrendamiento de otra vivienda cuando la reparaci\u00f3n implique la imposibilidad de vivir en el inmueble\u00a0 asegurado.<\/p>\n<p>-Se instalar\u00e1n m\u00f3dulos en las principales plazas de la ciudad de Cabo San Lucas con el objetivo de que los acreditados puedan presentar sus reclamaciones de seguros y otras peticiones relativas a la restauraci\u00f3n de la normalidad de su\u00a0 vivienda.<\/p>\n<p>Se expres\u00f3 que al igual que la contingencia del a\u00f1o pasado en Guerrero tras el paso de \u201cIngrid\u201d y \u201cManuel\u201d,\u00a0 el FOVISSSTE realizar\u00e1 visitas\u00a0 de inspecci\u00f3n para\u00a0 brindarle\u00a0 mayor\u00a0 seguridad y apoyo a sus derechohabientes.<\/p>\n","protected":false},"excerpt":{"rendered":"<p>&nbsp; Dar\u00e1n atenci\u00f3n a quienes tengan un cr\u00e9dito vigente y hayan sufrido da\u00f1os en su vivienda<\/p>\n","protected":false},"author":18,"featured_media":0,"comment_status":"open","ping_status":"closed","sticky":false,"template":"","format":"standard","meta":{"om_disable_all_campaigns":false,"inline_featured_image":false,"_monsterinsights_skip_tracking":false,"_monsterinsights_sitenote_active":false,"_monsterinsights_sitenote_note":"","_monsterinsights_sitenote_category":0,"footnotes":""},"categories":[12],"tags":[2673,155,422,60],"class_list":["post-10823","post","type-post","status-publish","format-standard","hentry","category-vivienda","tag-baja-califormia-sur","tag-fovissste","tag-jose-reyes-baeza","tag-vivienda-2"],"yoast_head":"<!-- This site is optimized with the Yoast SEO plugin v27.5 - https:\/\/yoast.com\/product\/yoast-seo-wordpress\/ -->\n<title>Fovissste apoyar\u00e1 a sus acreditados en Baja California Sur -<\/title>\n<meta name=\"description\" content=\"&nbsp; Dar\u00e1n atenci\u00f3n a quienes tengan un cr\u00e9dito vigente y hayan sufrido da\u00f1os en su vivienda Jos\u00e9 Reyes Baeza,\u00a0 Vocal Ejecutivo del Fovissste,\u00a0 tras\u00a0\" \/>\n<meta name=\"robots\" content=\"index, follow, max-snippet:-1, max-image-preview:large, max-video-preview:-1\" \/>\n<link rel=\"canonical\" href=\"https:\/\/centrourbano.com\/revista\/vivienda\/fovissste-apoyara-a-sus-acreditados-en-baja-california-sur\/\" \/>\n<meta property=\"og:locale\" content=\"es_ES\" \/>\n<meta property=\"og:type\" content=\"article\" \/>\n<meta property=\"og:title\" content=\"Fovissste apoyar\u00e1 a sus acreditados en Baja California Sur -\" \/>\n<meta property=\"og:description\" content=\"&nbsp; Dar\u00e1n atenci\u00f3n a quienes tengan un cr\u00e9dito vigente y hayan sufrido da\u00f1os en su vivienda Jos\u00e9 Reyes Baeza,\u00a0 Vocal Ejecutivo del Fovissste,\u00a0 tras\u00a0\" \/>\n<meta property=\"og:url\" content=\"https:\/\/centrourbano.com\/revista\/vivienda\/fovissste-apoyara-a-sus-acreditados-en-baja-california-sur\/\" \/>\n<meta property=\"og:site_name\" content=\"Centro Urbano\" \/>\n<meta property=\"article:publisher\" content=\"https:\/\/www.facebook.com\/portalcentrourbano\" \/>\n<meta property=\"article:published_time\" content=\"2014-09-19T16:00:39+00:00\" \/>\n<meta property=\"og:image\" content=\"https:\/\/centrourbano.com\/revista\/wp-content\/uploads\/CU-logo.png\" \/>\n\t<meta property=\"og:image:width\" content=\"350\" \/>\n\t<meta property=\"og:image:height\" content=\"91\" \/>\n\t<meta property=\"og:image:type\" content=\"image\/png\" \/>\n<meta name=\"author\" content=\"Carlos Garc\u00eda\" \/>\n<meta name=\"twitter:card\" content=\"summary_large_image\" \/>\n<meta name=\"twitter:creator\" content=\"@CentroUrbano\" \/>\n<meta name=\"twitter:site\" content=\"@CentroUrbano\" \/>\n<meta name=\"twitter:label1\" content=\"Escrito por\" \/>\n\t<meta name=\"twitter:data1\" content=\"Carlos Garc\u00eda\" \/>\n\t<meta name=\"twitter:label2\" content=\"Tiempo de lectura\" \/>\n\t<meta name=\"twitter:data2\" content=\"1 minuto\" \/>\n<script type=\"application\/ld+json\" class=\"yoast-schema-graph\">{\"@context\":\"https:\\\/\\\/schema.org\",\"@graph\":[{\"@type\":\"Article\",\"@id\":\"https:\\\/\\\/centrourbano.com\\\/revista\\\/vivienda\\\/fovissste-apoyara-a-sus-acreditados-en-baja-california-sur\\\/#article\",\"isPartOf\":{\"@id\":\"https:\\\/\\\/centrourbano.com\\\/revista\\\/vivienda\\\/fovissste-apoyara-a-sus-acreditados-en-baja-california-sur\\\/\"},\"author\":{\"name\":\"Carlos Garc\u00eda\",\"@id\":\"https:\\\/\\\/centrourbano.com\\\/revista\\\/#\\\/schema\\\/person\\\/15622a07e4c485a93b48c9ff1145007c\"},\"headline\":\"Fovissste apoyar\u00e1 a sus acreditados en Baja California Sur\",\"datePublished\":\"2014-09-19T16:00:39+00:00\",\"mainEntityOfPage\":{\"@id\":\"https:\\\/\\\/centrourbano.com\\\/revista\\\/vivienda\\\/fovissste-apoyara-a-sus-acreditados-en-baja-california-sur\\\/\"},\"wordCount\":269,\"commentCount\":0,\"publisher\":{\"@id\":\"https:\\\/\\\/centrourbano.com\\\/revista\\\/#organization\"},\"keywords\":[\"Baja Califormia Sur\",\"Fovissste\",\"Jos\u00e9 Reyes Baeza\",\"vivienda\"],\"articleSection\":[\"Vivienda\"],\"inLanguage\":\"es\",\"potentialAction\":[{\"@type\":\"CommentAction\",\"name\":\"Comment\",\"target\":[\"https:\\\/\\\/centrourbano.com\\\/revista\\\/vivienda\\\/fovissste-apoyara-a-sus-acreditados-en-baja-california-sur\\\/#respond\"]}]},{\"@type\":\"WebPage\",\"@id\":\"https:\\\/\\\/centrourbano.com\\\/revista\\\/vivienda\\\/fovissste-apoyara-a-sus-acreditados-en-baja-california-sur\\\/\",\"url\":\"https:\\\/\\\/centrourbano.com\\\/revista\\\/vivienda\\\/fovissste-apoyara-a-sus-acreditados-en-baja-california-sur\\\/\",\"name\":\"Fovissste apoyar\u00e1 a sus acreditados en Baja California Sur -\",\"isPartOf\":{\"@id\":\"https:\\\/\\\/centrourbano.com\\\/revista\\\/#website\"},\"datePublished\":\"2014-09-19T16:00:39+00:00\",\"description\":\"&nbsp; Dar\u00e1n atenci\u00f3n a quienes tengan un cr\u00e9dito vigente y hayan sufrido da\u00f1os en su vivienda Jos\u00e9 Reyes Baeza,\u00a0 Vocal Ejecutivo del Fovissste,\u00a0 tras\u00a0\",\"breadcrumb\":{\"@id\":\"https:\\\/\\\/centrourbano.com\\\/revista\\\/vivienda\\\/fovissste-apoyara-a-sus-acreditados-en-baja-california-sur\\\/#breadcrumb\"},\"inLanguage\":\"es\",\"potentialAction\":[{\"@type\":\"ReadAction\",\"target\":[\"https:\\\/\\\/centrourbano.com\\\/revista\\\/vivienda\\\/fovissste-apoyara-a-sus-acreditados-en-baja-california-sur\\\/\"]}]},{\"@type\":\"BreadcrumbList\",\"@id\":\"https:\\\/\\\/centrourbano.com\\\/revista\\\/vivienda\\\/fovissste-apoyara-a-sus-acreditados-en-baja-california-sur\\\/#breadcrumb\",\"itemListElement\":[{\"@type\":\"ListItem\",\"position\":1,\"name\":\"Portada\",\"item\":\"https:\\\/\\\/centrourbano.com\\\/revista\\\/\"},{\"@type\":\"ListItem\",\"position\":2,\"name\":\"Fovissste apoyar\u00e1 a sus acreditados en Baja California Sur\"}]},{\"@type\":\"WebSite\",\"@id\":\"https:\\\/\\\/centrourbano.com\\\/revista\\\/#website\",\"url\":\"https:\\\/\\\/centrourbano.com\\\/revista\\\/\",\"name\":\"Centro Urbano\",\"description\":\"Medio especializado en los sectores vivienda, inmobiliario, construcci\u00f3n, arquitectura y urbanismo.\",\"publisher\":{\"@id\":\"https:\\\/\\\/centrourbano.com\\\/revista\\\/#organization\"},\"potentialAction\":[{\"@type\":\"SearchAction\",\"target\":{\"@type\":\"EntryPoint\",\"urlTemplate\":\"https:\\\/\\\/centrourbano.com\\\/revista\\\/?s={search_term_string}\"},\"query-input\":{\"@type\":\"PropertyValueSpecification\",\"valueRequired\":true,\"valueName\":\"search_term_string\"}}],\"inLanguage\":\"es\"},{\"@type\":\"Organization\",\"@id\":\"https:\\\/\\\/centrourbano.com\\\/revista\\\/#organization\",\"name\":\"Centro Urbano\",\"url\":\"https:\\\/\\\/centrourbano.com\\\/revista\\\/\",\"logo\":{\"@type\":\"ImageObject\",\"inLanguage\":\"es\",\"@id\":\"https:\\\/\\\/centrourbano.com\\\/revista\\\/#\\\/schema\\\/logo\\\/image\\\/\",\"url\":\"https:\\\/\\\/centrourbano.com\\\/revista\\\/wp-content\\\/uploads\\\/web_CU_logo-1.png\",\"contentUrl\":\"https:\\\/\\\/centrourbano.com\\\/revista\\\/wp-content\\\/uploads\\\/web_CU_logo-1.png\",\"width\":350,\"height\":91,\"caption\":\"Centro Urbano\"},\"image\":{\"@id\":\"https:\\\/\\\/centrourbano.com\\\/revista\\\/#\\\/schema\\\/logo\\\/image\\\/\"},\"sameAs\":[\"https:\\\/\\\/www.facebook.com\\\/portalcentrourbano\",\"https:\\\/\\\/x.com\\\/CentroUrbano\",\"https:\\\/\\\/www.instagram.com\\\/centro_urbano\\\/\",\"https:\\\/\\\/www.linkedin.com\\\/company\\\/centro-urbano\\\/\",\"http:\\\/\\\/www.youtube.com\\\/user\\\/portalcentrourbano\"]},{\"@type\":\"Person\",\"@id\":\"https:\\\/\\\/centrourbano.com\\\/revista\\\/#\\\/schema\\\/person\\\/15622a07e4c485a93b48c9ff1145007c\",\"name\":\"Carlos Garc\u00eda\",\"image\":{\"@type\":\"ImageObject\",\"inLanguage\":\"es\",\"@id\":\"https:\\\/\\\/secure.gravatar.com\\\/avatar\\\/ad33530f6be00b0762054ba3ddee6e4b9824204d9c8315794c64a7f5841e5add?s=96&d=mm&r=g\",\"url\":\"https:\\\/\\\/secure.gravatar.com\\\/avatar\\\/ad33530f6be00b0762054ba3ddee6e4b9824204d9c8315794c64a7f5841e5add?s=96&d=mm&r=g\",\"contentUrl\":\"https:\\\/\\\/secure.gravatar.com\\\/avatar\\\/ad33530f6be00b0762054ba3ddee6e4b9824204d9c8315794c64a7f5841e5add?s=96&d=mm&r=g\",\"caption\":\"Carlos Garc\u00eda\"},\"description\":\"Egresado de la carrera de Ciencias de la Comunicaci\u00f3n con diplomado de Periodismo Deportivo. Se ha desempe\u00f1ado como reportero y redactor de deportes, como en otras \u00e1reas. Actualmente trabaja en Centro Urbano. Amante del cine, los Beatles, futbol, lucha libre y los viajes.\",\"url\":\"https:\\\/\\\/centrourbano.com\\\/revista\\\/author\\\/carlos-garcia\\\/\"}]}<\/script>\n<!-- \/ Yoast SEO plugin. -->","yoast_head_json":{"title":"Fovissste apoyar\u00e1 a sus acreditados en Baja California Sur -","description":"&nbsp; Dar\u00e1n atenci\u00f3n a quienes tengan un cr\u00e9dito vigente y hayan sufrido da\u00f1os en su vivienda Jos\u00e9 Reyes Baeza,\u00a0 Vocal Ejecutivo del Fovissste,\u00a0 tras\u00a0","robots":{"index":"index","follow":"follow","max-snippet":"max-snippet:-1","max-image-preview":"max-image-preview:large","max-video-preview":"max-video-preview:-1"},"canonical":"https:\/\/centrourbano.com\/revista\/vivienda\/fovissste-apoyara-a-sus-acreditados-en-baja-california-sur\/","og_locale":"es_ES","og_type":"article","og_title":"Fovissste apoyar\u00e1 a sus acreditados en Baja California Sur -","og_description":"&nbsp; Dar\u00e1n atenci\u00f3n a quienes tengan un cr\u00e9dito vigente y hayan sufrido da\u00f1os en su vivienda Jos\u00e9 Reyes Baeza,\u00a0 Vocal Ejecutivo del Fovissste,\u00a0 tras\u00a0","og_url":"https:\/\/centrourbano.com\/revista\/vivienda\/fovissste-apoyara-a-sus-acreditados-en-baja-california-sur\/","og_site_name":"Centro Urbano","article_publisher":"https:\/\/www.facebook.com\/portalcentrourbano","article_published_time":"2014-09-19T16:00:39+00:00","og_image":[{"width":350,"height":91,"url":"https:\/\/centrourbano.com\/revista\/wp-content\/uploads\/CU-logo.png","type":"image\/png"}],"author":"Carlos Garc\u00eda","twitter_card":"summary_large_image","twitter_creator":"@CentroUrbano","twitter_site":"@CentroUrbano","twitter_misc":{"Escrito por":"Carlos Garc\u00eda","Tiempo de lectura":"1 minuto"},"schema":{"@context":"https:\/\/schema.org","@graph":[{"@type":"Article","@id":"https:\/\/centrourbano.com\/revista\/vivienda\/fovissste-apoyara-a-sus-acreditados-en-baja-california-sur\/#article","isPartOf":{"@id":"https:\/\/centrourbano.com\/revista\/vivienda\/fovissste-apoyara-a-sus-acreditados-en-baja-california-sur\/"},"author":{"name":"Carlos Garc\u00eda","@id":"https:\/\/centrourbano.com\/revista\/#\/schema\/person\/15622a07e4c485a93b48c9ff1145007c"},"headline":"Fovissste apoyar\u00e1 a sus acreditados en Baja California Sur","datePublished":"2014-09-19T16:00:39+00:00","mainEntityOfPage":{"@id":"https:\/\/centrourbano.com\/revista\/vivienda\/fovissste-apoyara-a-sus-acreditados-en-baja-california-sur\/"},"wordCount":269,"commentCount":0,"publisher":{"@id":"https:\/\/centrourbano.com\/revista\/#organization"},"keywords":["Baja Califormia Sur","Fovissste","Jos\u00e9 Reyes Baeza","vivienda"],"articleSection":["Vivienda"],"inLanguage":"es","potentialAction":[{"@type":"CommentAction","name":"Comment","target":["https:\/\/centrourbano.com\/revista\/vivienda\/fovissste-apoyara-a-sus-acreditados-en-baja-california-sur\/#respond"]}]},{"@type":"WebPage","@id":"https:\/\/centrourbano.com\/revista\/vivienda\/fovissste-apoyara-a-sus-acreditados-en-baja-california-sur\/","url":"https:\/\/centrourbano.com\/revista\/vivienda\/fovissste-apoyara-a-sus-acreditados-en-baja-california-sur\/","name":"Fovissste apoyar\u00e1 a sus acreditados en Baja California Sur -","isPartOf":{"@id":"https:\/\/centrourbano.com\/revista\/#website"},"datePublished":"2014-09-19T16:00:39+00:00","description":"&nbsp; Dar\u00e1n atenci\u00f3n a quienes tengan un cr\u00e9dito vigente y hayan sufrido da\u00f1os en su vivienda Jos\u00e9 Reyes Baeza,\u00a0 Vocal Ejecutivo del Fovissste,\u00a0 tras\u00a0","breadcrumb":{"@id":"https:\/\/centrourbano.com\/revista\/vivienda\/fovissste-apoyara-a-sus-acreditados-en-baja-california-sur\/#breadcrumb"},"inLanguage":"es","potentialAction":[{"@type":"ReadAction","target":["https:\/\/centrourbano.com\/revista\/vivienda\/fovissste-apoyara-a-sus-acreditados-en-baja-california-sur\/"]}]},{"@type":"BreadcrumbList","@id":"https:\/\/centrourbano.com\/revista\/vivienda\/fovissste-apoyara-a-sus-acreditados-en-baja-california-sur\/#breadcrumb","itemListElement":[{"@type":"ListItem","position":1,"name":"Portada","item":"https:\/\/centrourbano.com\/revista\/"},{"@type":"ListItem","position":2,"name":"Fovissste apoyar\u00e1 a sus acreditados en Baja California Sur"}]},{"@type":"WebSite","@id":"https:\/\/centrourbano.com\/revista\/#website","url":"https:\/\/centrourbano.com\/revista\/","name":"Centro Urbano","description":"Medio especializado en los sectores vivienda, inmobiliario, construcci\u00f3n, arquitectura y urbanismo.","publisher":{"@id":"https:\/\/centrourbano.com\/revista\/#organization"},"potentialAction":[{"@type":"SearchAction","target":{"@type":"EntryPoint","urlTemplate":"https:\/\/centrourbano.com\/revista\/?s={search_term_string}"},"query-input":{"@type":"PropertyValueSpecification","valueRequired":true,"valueName":"search_term_string"}}],"inLanguage":"es"},{"@type":"Organization","@id":"https:\/\/centrourbano.com\/revista\/#organization","name":"Centro Urbano","url":"https:\/\/centrourbano.com\/revista\/","logo":{"@type":"ImageObject","inLanguage":"es","@id":"https:\/\/centrourbano.com\/revista\/#\/schema\/logo\/image\/","url":"https:\/\/centrourbano.com\/revista\/wp-content\/uploads\/web_CU_logo-1.png","contentUrl":"https:\/\/centrourbano.com\/revista\/wp-content\/uploads\/web_CU_logo-1.png","width":350,"height":91,"caption":"Centro Urbano"},"image":{"@id":"https:\/\/centrourbano.com\/revista\/#\/schema\/logo\/image\/"},"sameAs":["https:\/\/www.facebook.com\/portalcentrourbano","https:\/\/x.com\/CentroUrbano","https:\/\/www.instagram.com\/centro_urbano\/","https:\/\/www.linkedin.com\/company\/centro-urbano\/","http:\/\/www.youtube.com\/user\/portalcentrourbano"]},{"@type":"Person","@id":"https:\/\/centrourbano.com\/revista\/#\/schema\/person\/15622a07e4c485a93b48c9ff1145007c","name":"Carlos Garc\u00eda","image":{"@type":"ImageObject","inLanguage":"es","@id":"https:\/\/secure.gravatar.com\/avatar\/ad33530f6be00b0762054ba3ddee6e4b9824204d9c8315794c64a7f5841e5add?s=96&d=mm&r=g","url":"https:\/\/secure.gravatar.com\/avatar\/ad33530f6be00b0762054ba3ddee6e4b9824204d9c8315794c64a7f5841e5add?s=96&d=mm&r=g","contentUrl":"https:\/\/secure.gravatar.com\/avatar\/ad33530f6be00b0762054ba3ddee6e4b9824204d9c8315794c64a7f5841e5add?s=96&d=mm&r=g","caption":"Carlos Garc\u00eda"},"description":"Egresado de la carrera de Ciencias de la Comunicaci\u00f3n con diplomado de Periodismo Deportivo. Se ha desempe\u00f1ado como reportero y redactor de deportes, como en otras \u00e1reas. Actualmente trabaja en Centro Urbano. Amante del cine, los Beatles, futbol, lucha libre y los viajes.","url":"https:\/\/centrourbano.com\/revista\/author\/carlos-garcia\/"}]}},"_links":{"self":[{"href":"https:\/\/centrourbano.com\/revista\/wp-json\/wp\/v2\/posts\/10823","targetHints":{"allow":["GET"]}}],"collection":[{"href":"https:\/\/centrourbano.com\/revista\/wp-json\/wp\/v2\/posts"}],"about":[{"href":"https:\/\/centrourbano.com\/revista\/wp-json\/wp\/v2\/types\/post"}],"author":[{"embeddable":true,"href":"https:\/\/centrourbano.com\/revista\/wp-json\/wp\/v2\/users\/18"}],"replies":[{"embeddable":true,"href":"https:\/\/centrourbano.com\/revista\/wp-json\/wp\/v2\/comments?post=10823"}],"version-history":[{"count":0,"href":"https:\/\/centrourbano.com\/revista\/wp-json\/wp\/v2\/posts\/10823\/revisions"}],"wp:attachment":[{"href":"https:\/\/centrourbano.com\/revista\/wp-json\/wp\/v2\/media?parent=10823"}],"wp:term":[{"taxonomy":"category","embeddable":true,"href":"https:\/\/centrourbano.com\/revista\/wp-json\/wp\/v2\/categories?post=10823"},{"taxonomy":"post_tag","embeddable":true,"href":"https:\/\/centrourbano.com\/revista\/wp-json\/wp\/v2\/tags?post=10823"}],"curies":[{"name":"wp","href":"https:\/\/api.w.org\/{rel}","templated":true}]}}