{"id":108153,"date":"2020-06-17T09:00:06","date_gmt":"2020-06-17T14:00:06","guid":{"rendered":"https:\/\/centrourbano.com\/?p=108153"},"modified":"2020-06-17T11:53:53","modified_gmt":"2020-06-17T16:53:53","slug":"mohamed-radwan-capsulas-oficinas","status":"publish","type":"post","link":"https:\/\/centrourbano.com\/revista\/arquitectura-2\/mohamed-radwan-capsulas-oficinas\/","title":{"rendered":"Dise\u00f1a Mohamed Radwan c\u00e1psulas anti Covid-19 para volver a oficinas"},"content":{"rendered":"<p><em>Las c\u00e1psulas hexagonales de Mohamed Radwan se pueden instalar de manera aislada o una al lado de la otra a manera de colmena; tambi\u00e9n se puede modificar y extender<\/em><!--more--><\/p>\n<p>La <strong>pandemia de Covid-19<\/strong> ha ocasionado la reconfiguraci\u00f3n de los espacios de trabajo para evitar contagios en la \u2018<strong>Nueva Normalidad\u2019, <\/strong>lo que ha obligado a las empresas a implementar diferentes medidas para salvaguardar la salud de sus empleados, como reducir el aforo de personas con horarios escalonados e implementar el home office.<\/p>\n<p>En este sentido, el arquitecto y dise\u00f1ador egipcio <strong>Mohamed Radwan<\/strong> cre\u00f3 <strong><em>Q.workntine<\/em>,<\/strong> una <strong>c\u00e1psula herm\u00e9tica hexagonal,<\/strong> cuyo prop\u00f3sito es \u201cproporcionar seguridad y protecci\u00f3n dentro del lugar de trabajo f\u00edsico, manteniendo la misma cantidad de empleados por metro cuadrado que un sistema de oficina tradicional\u201d.<\/p>\n<p>[quote]\u201cCon el mundo cerrado durante un per\u00edodo prolongado de tiempo, algunas empresas esenciales a\u00fan tienen que mantener al menos el m\u00ednimo de su fuerza laboral trabajando f\u00edsicamente en el sitio, para proporcionar los suministros necesarios y vitales para la cadena de suministro de salud. Y cuanto m\u00e1s larga sea la cuarentena contin\u00faa, es posible que m\u00e1s compa\u00f1\u00edas hagan lo mismo, ya que la escasez afectar\u00e1 el mercado global\u201d, explic\u00f3 <strong>Mohamed Radwan<\/strong>.[\/quote]<\/p>\n<p><strong>Q.workntine<\/strong> consta de un m\u00f3dulo hexagonal en el que puede introducirse un <strong>escritorio, una silla y una cajonera,<\/strong>\u00a0para que varios trabajadores puedan ocupar un mismo espacio pero de manera aislada. Cada c\u00e1psula est\u00e1 equipada con una puerta acr\u00edlica herm\u00e9tica autom\u00e1tica que funciona mediante <strong>reconocimiento facial,<\/strong>\u00a0as\u00ed como dos <strong>ventiladores<\/strong> con purificadores de aire integrados, que aseguran una ventilaci\u00f3n adecuada.<\/p>\n<p>Adem\u00e1s, los m\u00f3dulos se fabrican con <strong>materiales no porosos<\/strong>, que se pueden limpiar y desinfectar f\u00e1cilmente para evitar la propagaci\u00f3n del virus.<\/p>\n<p>De acuerdo con <strong>Mohamed Radwan<\/strong>, cada <strong>Q.workntine<\/strong> se puede instalar de forma aislada o una al lado de otra a manera de colmena; tambi\u00e9n se pueden modificar y extender, de acuerdo a las necesidades de cada empresa.<\/p>\n<p>El proyecto se present\u00f3 a trav\u00e9s de <strong>#DubaiIDEATHON<\/strong>, una iniciativa lanzada por la Autoridad de Cultura y Artes de Dubai y el Grupo Art Dubai; y fue acreedora de un reconocimiento en los <strong>DNA Paris Design Awards 2020<\/strong> en la categor\u00eda de dise\u00f1o de producto.<\/p>\n<p>&nbsp;<\/p>\n<a href=\"https:\/\/centrourbano.com\/revista\/wp-content\/uploads\/Q.workntine-oficinas-inmobiliare-Mohamed-Radwan-dise\u00f1o-y-arquitectura.png\" target=\"_blank\" rel=\"noopener noreferrer\"><img loading=\"lazy\" decoding=\"async\" class=\"aligncenter wp-image-108159 \" src=\"https:\/\/centrourbano.com\/revista\/wp-content\/uploads\/Q.workntine-oficinas-inmobiliare-Mohamed-Radwan-dise\u00f1o-y-arquitectura.png\" alt=\"\" width=\"700\" height=\"394\" srcset=\"https:\/\/centrourbano.com\/revista\/wp-content\/uploads\/Q.workntine-oficinas-inmobiliare-Mohamed-Radwan-dise\u00f1o-y-arquitectura.png 880w, https:\/\/centrourbano.com\/revista\/wp-content\/uploads\/Q.workntine-oficinas-inmobiliare-Mohamed-Radwan-dise\u00f1o-y-arquitectura-300x169.png 300w, https:\/\/centrourbano.com\/revista\/wp-content\/uploads\/Q.workntine-oficinas-inmobiliare-Mohamed-Radwan-dise\u00f1o-y-arquitectura-768x432.png 768w\" sizes=\"auto, (max-width: 700px) 100vw, 700px\" \/><\/a>\n","protected":false},"excerpt":{"rendered":"<p>Las c\u00e1psulas hexagonales de Mohamed Radwan se pueden instalar de manera aislada o una al lado de la otra a manera de colmena; tambi\u00e9n se puede modificar y extender<\/p>\n","protected":false},"author":73,"featured_media":108155,"comment_status":"open","ping_status":"closed","sticky":false,"template":"","format":"standard","meta":{"om_disable_all_campaigns":false,"inline_featured_image":false,"_monsterinsights_skip_tracking":false,"_monsterinsights_sitenote_active":false,"_monsterinsights_sitenote_note":"","_monsterinsights_sitenote_category":0,"footnotes":""},"categories":[81,17827],"tags":[18722,17784,18723,18327,58],"class_list":["post-108153","post","type-post","status-publish","format-standard","has-post-thumbnail","hentry","category-arquitectura-2","category-cobertura-covid-19","tag-capsulas","tag-covid-19","tag-mohamed-radwan","tag-nueva-normalidad","tag-oficinas"],"yoast_head":"<!-- This site is optimized with the Yoast SEO plugin v27.4 - https:\/\/yoast.com\/product\/yoast-seo-wordpress\/ -->\n<title>Dise\u00f1a Mohamed Radwan c\u00e1psulas anti Covid-19 para volver a oficinas<\/title>\n<meta name=\"description\" content=\"Las c\u00e1psulas de Mohamed Radwan se pueden instalar de manera aislada o una al lado de la otra a manera de colmena; tambi\u00e9n se puede modificar y extender\" \/>\n<meta name=\"robots\" content=\"index, follow, max-snippet:-1, max-image-preview:large, max-video-preview:-1\" \/>\n<link rel=\"canonical\" href=\"https:\/\/centrourbano.com\/revista\/arquitectura-2\/mohamed-radwan-capsulas-oficinas\/\" \/>\n<meta property=\"og:locale\" content=\"es_ES\" \/>\n<meta property=\"og:type\" content=\"article\" \/>\n<meta property=\"og:title\" content=\"Dise\u00f1a Mohamed Radwan c\u00e1psulas anti Covid-19 para volver a oficinas\" \/>\n<meta property=\"og:description\" content=\"Las c\u00e1psulas de Mohamed Radwan se pueden instalar de manera aislada o una al lado de la otra a manera de colmena; tambi\u00e9n se puede modificar y extender\" \/>\n<meta property=\"og:url\" content=\"https:\/\/centrourbano.com\/revista\/arquitectura-2\/mohamed-radwan-capsulas-oficinas\/\" \/>\n<meta property=\"og:site_name\" content=\"Centro Urbano\" \/>\n<meta property=\"article:publisher\" content=\"https:\/\/www.facebook.com\/portalcentrourbano\" \/>\n<meta property=\"article:published_time\" content=\"2020-06-17T14:00:06+00:00\" \/>\n<meta property=\"article:modified_time\" content=\"2020-06-17T16:53:53+00:00\" \/>\n<meta property=\"og:image\" content=\"https:\/\/centrourbano.com\/revista\/wp-content\/uploads\/Dise\u00f1a-Mohamed-Radwan-c\u00e1psulas-anti-Covid-19-para-volver-a-oficinas.jpg\" \/>\n\t<meta property=\"og:image:width\" content=\"800\" \/>\n\t<meta property=\"og:image:height\" content=\"445\" \/>\n\t<meta property=\"og:image:type\" content=\"image\/jpeg\" \/>\n<meta name=\"author\" content=\"Fernanda Hern\u00e1ndez\" \/>\n<meta name=\"twitter:card\" content=\"summary_large_image\" \/>\n<meta name=\"twitter:creator\" content=\"@https:\/\/twitter.com\/Nannz_Hernandez\" \/>\n<meta name=\"twitter:site\" content=\"@CentroUrbano\" \/>\n<meta name=\"twitter:label1\" content=\"Escrito por\" \/>\n\t<meta name=\"twitter:data1\" content=\"Fernanda Hern\u00e1ndez\" \/>\n\t<meta name=\"twitter:label2\" content=\"Tiempo de lectura\" \/>\n\t<meta name=\"twitter:data2\" content=\"2 minutos\" \/>\n<script type=\"application\/ld+json\" class=\"yoast-schema-graph\">{\"@context\":\"https:\\\/\\\/schema.org\",\"@graph\":[{\"@type\":\"Article\",\"@id\":\"https:\\\/\\\/centrourbano.com\\\/revista\\\/arquitectura-2\\\/mohamed-radwan-capsulas-oficinas\\\/#article\",\"isPartOf\":{\"@id\":\"https:\\\/\\\/centrourbano.com\\\/revista\\\/arquitectura-2\\\/mohamed-radwan-capsulas-oficinas\\\/\"},\"author\":{\"name\":\"Fernanda Hern\u00e1ndez\",\"@id\":\"https:\\\/\\\/centrourbano.com\\\/revista\\\/#\\\/schema\\\/person\\\/b190b20bbbceb41ec72278c546fa8df3\"},\"headline\":\"Dise\u00f1a Mohamed Radwan c\u00e1psulas anti Covid-19 para volver a oficinas\",\"datePublished\":\"2020-06-17T14:00:06+00:00\",\"dateModified\":\"2020-06-17T16:53:53+00:00\",\"mainEntityOfPage\":{\"@id\":\"https:\\\/\\\/centrourbano.com\\\/revista\\\/arquitectura-2\\\/mohamed-radwan-capsulas-oficinas\\\/\"},\"wordCount\":408,\"commentCount\":0,\"publisher\":{\"@id\":\"https:\\\/\\\/centrourbano.com\\\/revista\\\/#organization\"},\"image\":{\"@id\":\"https:\\\/\\\/centrourbano.com\\\/revista\\\/arquitectura-2\\\/mohamed-radwan-capsulas-oficinas\\\/#primaryimage\"},\"thumbnailUrl\":\"https:\\\/\\\/centrourbano.com\\\/revista\\\/wp-content\\\/uploads\\\/Dise\u00f1a-Mohamed-Radwan-c\u00e1psulas-anti-Covid-19-para-volver-a-oficinas.jpg\",\"keywords\":[\"C\u00e1psulas\",\"COVID-19\",\"Mohamed Radwan\",\"nueva normalidad\",\"oficinas\"],\"articleSection\":[\"Arquitectura\",\"Cobertura Covid-19\"],\"inLanguage\":\"es\",\"potentialAction\":[{\"@type\":\"CommentAction\",\"name\":\"Comment\",\"target\":[\"https:\\\/\\\/centrourbano.com\\\/revista\\\/arquitectura-2\\\/mohamed-radwan-capsulas-oficinas\\\/#respond\"]}]},{\"@type\":\"WebPage\",\"@id\":\"https:\\\/\\\/centrourbano.com\\\/revista\\\/arquitectura-2\\\/mohamed-radwan-capsulas-oficinas\\\/\",\"url\":\"https:\\\/\\\/centrourbano.com\\\/revista\\\/arquitectura-2\\\/mohamed-radwan-capsulas-oficinas\\\/\",\"name\":\"Dise\u00f1a Mohamed Radwan c\u00e1psulas anti Covid-19 para volver a oficinas\",\"isPartOf\":{\"@id\":\"https:\\\/\\\/centrourbano.com\\\/revista\\\/#website\"},\"primaryImageOfPage\":{\"@id\":\"https:\\\/\\\/centrourbano.com\\\/revista\\\/arquitectura-2\\\/mohamed-radwan-capsulas-oficinas\\\/#primaryimage\"},\"image\":{\"@id\":\"https:\\\/\\\/centrourbano.com\\\/revista\\\/arquitectura-2\\\/mohamed-radwan-capsulas-oficinas\\\/#primaryimage\"},\"thumbnailUrl\":\"https:\\\/\\\/centrourbano.com\\\/revista\\\/wp-content\\\/uploads\\\/Dise\u00f1a-Mohamed-Radwan-c\u00e1psulas-anti-Covid-19-para-volver-a-oficinas.jpg\",\"datePublished\":\"2020-06-17T14:00:06+00:00\",\"dateModified\":\"2020-06-17T16:53:53+00:00\",\"description\":\"Las c\u00e1psulas de Mohamed Radwan se pueden instalar de manera aislada o una al lado de la otra a manera de colmena; tambi\u00e9n se puede modificar y extender\",\"breadcrumb\":{\"@id\":\"https:\\\/\\\/centrourbano.com\\\/revista\\\/arquitectura-2\\\/mohamed-radwan-capsulas-oficinas\\\/#breadcrumb\"},\"inLanguage\":\"es\",\"potentialAction\":[{\"@type\":\"ReadAction\",\"target\":[\"https:\\\/\\\/centrourbano.com\\\/revista\\\/arquitectura-2\\\/mohamed-radwan-capsulas-oficinas\\\/\"]}]},{\"@type\":\"ImageObject\",\"inLanguage\":\"es\",\"@id\":\"https:\\\/\\\/centrourbano.com\\\/revista\\\/arquitectura-2\\\/mohamed-radwan-capsulas-oficinas\\\/#primaryimage\",\"url\":\"https:\\\/\\\/centrourbano.com\\\/revista\\\/wp-content\\\/uploads\\\/Dise\u00f1a-Mohamed-Radwan-c\u00e1psulas-anti-Covid-19-para-volver-a-oficinas.jpg\",\"contentUrl\":\"https:\\\/\\\/centrourbano.com\\\/revista\\\/wp-content\\\/uploads\\\/Dise\u00f1a-Mohamed-Radwan-c\u00e1psulas-anti-Covid-19-para-volver-a-oficinas.jpg\",\"width\":800,\"height\":445,\"caption\":\"Las c\u00e1psulas de Mohamed Radwan se pueden instalar de manera aislada o una al lado de la otra a manera de colmena; tambi\u00e9n se puede modificar y extender\"},{\"@type\":\"BreadcrumbList\",\"@id\":\"https:\\\/\\\/centrourbano.com\\\/revista\\\/arquitectura-2\\\/mohamed-radwan-capsulas-oficinas\\\/#breadcrumb\",\"itemListElement\":[{\"@type\":\"ListItem\",\"position\":1,\"name\":\"Portada\",\"item\":\"https:\\\/\\\/centrourbano.com\\\/revista\\\/\"},{\"@type\":\"ListItem\",\"position\":2,\"name\":\"Dise\u00f1a Mohamed Radwan c\u00e1psulas anti Covid-19 para volver a oficinas\"}]},{\"@type\":\"WebSite\",\"@id\":\"https:\\\/\\\/centrourbano.com\\\/revista\\\/#website\",\"url\":\"https:\\\/\\\/centrourbano.com\\\/revista\\\/\",\"name\":\"Centro Urbano\",\"description\":\"Medio especializado en los sectores vivienda, inmobiliario, construcci\u00f3n, arquitectura y urbanismo.\",\"publisher\":{\"@id\":\"https:\\\/\\\/centrourbano.com\\\/revista\\\/#organization\"},\"potentialAction\":[{\"@type\":\"SearchAction\",\"target\":{\"@type\":\"EntryPoint\",\"urlTemplate\":\"https:\\\/\\\/centrourbano.com\\\/revista\\\/?s={search_term_string}\"},\"query-input\":{\"@type\":\"PropertyValueSpecification\",\"valueRequired\":true,\"valueName\":\"search_term_string\"}}],\"inLanguage\":\"es\"},{\"@type\":\"Organization\",\"@id\":\"https:\\\/\\\/centrourbano.com\\\/revista\\\/#organization\",\"name\":\"Centro Urbano\",\"url\":\"https:\\\/\\\/centrourbano.com\\\/revista\\\/\",\"logo\":{\"@type\":\"ImageObject\",\"inLanguage\":\"es\",\"@id\":\"https:\\\/\\\/centrourbano.com\\\/revista\\\/#\\\/schema\\\/logo\\\/image\\\/\",\"url\":\"https:\\\/\\\/centrourbano.com\\\/revista\\\/wp-content\\\/uploads\\\/web_CU_logo-1.png\",\"contentUrl\":\"https:\\\/\\\/centrourbano.com\\\/revista\\\/wp-content\\\/uploads\\\/web_CU_logo-1.png\",\"width\":350,\"height\":91,\"caption\":\"Centro Urbano\"},\"image\":{\"@id\":\"https:\\\/\\\/centrourbano.com\\\/revista\\\/#\\\/schema\\\/logo\\\/image\\\/\"},\"sameAs\":[\"https:\\\/\\\/www.facebook.com\\\/portalcentrourbano\",\"https:\\\/\\\/x.com\\\/CentroUrbano\",\"https:\\\/\\\/www.instagram.com\\\/centro_urbano\\\/\",\"https:\\\/\\\/www.linkedin.com\\\/company\\\/centro-urbano\\\/\",\"http:\\\/\\\/www.youtube.com\\\/user\\\/portalcentrourbano\"]},{\"@type\":\"Person\",\"@id\":\"https:\\\/\\\/centrourbano.com\\\/revista\\\/#\\\/schema\\\/person\\\/b190b20bbbceb41ec72278c546fa8df3\",\"name\":\"Fernanda Hern\u00e1ndez\",\"image\":{\"@type\":\"ImageObject\",\"inLanguage\":\"es\",\"@id\":\"https:\\\/\\\/secure.gravatar.com\\\/avatar\\\/9471831fb0a24eae9d32d826a7cb8ef07c34a41520aca1a0ab1f5c0903ba49b9?s=96&d=mm&r=g\",\"url\":\"https:\\\/\\\/secure.gravatar.com\\\/avatar\\\/9471831fb0a24eae9d32d826a7cb8ef07c34a41520aca1a0ab1f5c0903ba49b9?s=96&d=mm&r=g\",\"contentUrl\":\"https:\\\/\\\/secure.gravatar.com\\\/avatar\\\/9471831fb0a24eae9d32d826a7cb8ef07c34a41520aca1a0ab1f5c0903ba49b9?s=96&d=mm&r=g\",\"caption\":\"Fernanda Hern\u00e1ndez\"},\"description\":\"Reportera y redactora en Centro Urbano. Soy egresada de la licenciatura en Ciencias de la Comunicaci\u00f3n de la Facultad de Ciencias Pol\u00edticas y Sociales (UNAM). Me interesa la cultura, el urbanismo y la arquitectura. Amante del mundo digital, el cine, la m\u00fasica, la lectura y la escritura.\",\"sameAs\":[\"https:\\\/\\\/x.com\\\/https:\\\/\\\/twitter.com\\\/Nannz_Hernandez\"],\"url\":\"https:\\\/\\\/centrourbano.com\\\/revista\\\/author\\\/fernanda-hernandez\\\/\"}]}<\/script>\n<!-- \/ Yoast SEO plugin. -->","yoast_head_json":{"title":"Dise\u00f1a Mohamed Radwan c\u00e1psulas anti Covid-19 para volver a oficinas","description":"Las c\u00e1psulas de Mohamed Radwan se pueden instalar de manera aislada o una al lado de la otra a manera de colmena; tambi\u00e9n se puede modificar y extender","robots":{"index":"index","follow":"follow","max-snippet":"max-snippet:-1","max-image-preview":"max-image-preview:large","max-video-preview":"max-video-preview:-1"},"canonical":"https:\/\/centrourbano.com\/revista\/arquitectura-2\/mohamed-radwan-capsulas-oficinas\/","og_locale":"es_ES","og_type":"article","og_title":"Dise\u00f1a Mohamed Radwan c\u00e1psulas anti Covid-19 para volver a oficinas","og_description":"Las c\u00e1psulas de Mohamed Radwan se pueden instalar de manera aislada o una al lado de la otra a manera de colmena; tambi\u00e9n se puede modificar y extender","og_url":"https:\/\/centrourbano.com\/revista\/arquitectura-2\/mohamed-radwan-capsulas-oficinas\/","og_site_name":"Centro Urbano","article_publisher":"https:\/\/www.facebook.com\/portalcentrourbano","article_published_time":"2020-06-17T14:00:06+00:00","article_modified_time":"2020-06-17T16:53:53+00:00","og_image":[{"width":800,"height":445,"url":"https:\/\/centrourbano.com\/revista\/wp-content\/uploads\/Dise\u00f1a-Mohamed-Radwan-c\u00e1psulas-anti-Covid-19-para-volver-a-oficinas.jpg","type":"image\/jpeg"}],"author":"Fernanda Hern\u00e1ndez","twitter_card":"summary_large_image","twitter_creator":"@https:\/\/twitter.com\/Nannz_Hernandez","twitter_site":"@CentroUrbano","twitter_misc":{"Escrito por":"Fernanda Hern\u00e1ndez","Tiempo de lectura":"2 minutos"},"schema":{"@context":"https:\/\/schema.org","@graph":[{"@type":"Article","@id":"https:\/\/centrourbano.com\/revista\/arquitectura-2\/mohamed-radwan-capsulas-oficinas\/#article","isPartOf":{"@id":"https:\/\/centrourbano.com\/revista\/arquitectura-2\/mohamed-radwan-capsulas-oficinas\/"},"author":{"name":"Fernanda Hern\u00e1ndez","@id":"https:\/\/centrourbano.com\/revista\/#\/schema\/person\/b190b20bbbceb41ec72278c546fa8df3"},"headline":"Dise\u00f1a Mohamed Radwan c\u00e1psulas anti Covid-19 para volver a oficinas","datePublished":"2020-06-17T14:00:06+00:00","dateModified":"2020-06-17T16:53:53+00:00","mainEntityOfPage":{"@id":"https:\/\/centrourbano.com\/revista\/arquitectura-2\/mohamed-radwan-capsulas-oficinas\/"},"wordCount":408,"commentCount":0,"publisher":{"@id":"https:\/\/centrourbano.com\/revista\/#organization"},"image":{"@id":"https:\/\/centrourbano.com\/revista\/arquitectura-2\/mohamed-radwan-capsulas-oficinas\/#primaryimage"},"thumbnailUrl":"https:\/\/centrourbano.com\/revista\/wp-content\/uploads\/Dise\u00f1a-Mohamed-Radwan-c\u00e1psulas-anti-Covid-19-para-volver-a-oficinas.jpg","keywords":["C\u00e1psulas","COVID-19","Mohamed Radwan","nueva normalidad","oficinas"],"articleSection":["Arquitectura","Cobertura Covid-19"],"inLanguage":"es","potentialAction":[{"@type":"CommentAction","name":"Comment","target":["https:\/\/centrourbano.com\/revista\/arquitectura-2\/mohamed-radwan-capsulas-oficinas\/#respond"]}]},{"@type":"WebPage","@id":"https:\/\/centrourbano.com\/revista\/arquitectura-2\/mohamed-radwan-capsulas-oficinas\/","url":"https:\/\/centrourbano.com\/revista\/arquitectura-2\/mohamed-radwan-capsulas-oficinas\/","name":"Dise\u00f1a Mohamed Radwan c\u00e1psulas anti Covid-19 para volver a oficinas","isPartOf":{"@id":"https:\/\/centrourbano.com\/revista\/#website"},"primaryImageOfPage":{"@id":"https:\/\/centrourbano.com\/revista\/arquitectura-2\/mohamed-radwan-capsulas-oficinas\/#primaryimage"},"image":{"@id":"https:\/\/centrourbano.com\/revista\/arquitectura-2\/mohamed-radwan-capsulas-oficinas\/#primaryimage"},"thumbnailUrl":"https:\/\/centrourbano.com\/revista\/wp-content\/uploads\/Dise\u00f1a-Mohamed-Radwan-c\u00e1psulas-anti-Covid-19-para-volver-a-oficinas.jpg","datePublished":"2020-06-17T14:00:06+00:00","dateModified":"2020-06-17T16:53:53+00:00","description":"Las c\u00e1psulas de Mohamed Radwan se pueden instalar de manera aislada o una al lado de la otra a manera de colmena; tambi\u00e9n se puede modificar y extender","breadcrumb":{"@id":"https:\/\/centrourbano.com\/revista\/arquitectura-2\/mohamed-radwan-capsulas-oficinas\/#breadcrumb"},"inLanguage":"es","potentialAction":[{"@type":"ReadAction","target":["https:\/\/centrourbano.com\/revista\/arquitectura-2\/mohamed-radwan-capsulas-oficinas\/"]}]},{"@type":"ImageObject","inLanguage":"es","@id":"https:\/\/centrourbano.com\/revista\/arquitectura-2\/mohamed-radwan-capsulas-oficinas\/#primaryimage","url":"https:\/\/centrourbano.com\/revista\/wp-content\/uploads\/Dise\u00f1a-Mohamed-Radwan-c\u00e1psulas-anti-Covid-19-para-volver-a-oficinas.jpg","contentUrl":"https:\/\/centrourbano.com\/revista\/wp-content\/uploads\/Dise\u00f1a-Mohamed-Radwan-c\u00e1psulas-anti-Covid-19-para-volver-a-oficinas.jpg","width":800,"height":445,"caption":"Las c\u00e1psulas de Mohamed Radwan se pueden instalar de manera aislada o una al lado de la otra a manera de colmena; tambi\u00e9n se puede modificar y extender"},{"@type":"BreadcrumbList","@id":"https:\/\/centrourbano.com\/revista\/arquitectura-2\/mohamed-radwan-capsulas-oficinas\/#breadcrumb","itemListElement":[{"@type":"ListItem","position":1,"name":"Portada","item":"https:\/\/centrourbano.com\/revista\/"},{"@type":"ListItem","position":2,"name":"Dise\u00f1a Mohamed Radwan c\u00e1psulas anti Covid-19 para volver a oficinas"}]},{"@type":"WebSite","@id":"https:\/\/centrourbano.com\/revista\/#website","url":"https:\/\/centrourbano.com\/revista\/","name":"Centro Urbano","description":"Medio especializado en los sectores vivienda, inmobiliario, construcci\u00f3n, arquitectura y urbanismo.","publisher":{"@id":"https:\/\/centrourbano.com\/revista\/#organization"},"potentialAction":[{"@type":"SearchAction","target":{"@type":"EntryPoint","urlTemplate":"https:\/\/centrourbano.com\/revista\/?s={search_term_string}"},"query-input":{"@type":"PropertyValueSpecification","valueRequired":true,"valueName":"search_term_string"}}],"inLanguage":"es"},{"@type":"Organization","@id":"https:\/\/centrourbano.com\/revista\/#organization","name":"Centro Urbano","url":"https:\/\/centrourbano.com\/revista\/","logo":{"@type":"ImageObject","inLanguage":"es","@id":"https:\/\/centrourbano.com\/revista\/#\/schema\/logo\/image\/","url":"https:\/\/centrourbano.com\/revista\/wp-content\/uploads\/web_CU_logo-1.png","contentUrl":"https:\/\/centrourbano.com\/revista\/wp-content\/uploads\/web_CU_logo-1.png","width":350,"height":91,"caption":"Centro Urbano"},"image":{"@id":"https:\/\/centrourbano.com\/revista\/#\/schema\/logo\/image\/"},"sameAs":["https:\/\/www.facebook.com\/portalcentrourbano","https:\/\/x.com\/CentroUrbano","https:\/\/www.instagram.com\/centro_urbano\/","https:\/\/www.linkedin.com\/company\/centro-urbano\/","http:\/\/www.youtube.com\/user\/portalcentrourbano"]},{"@type":"Person","@id":"https:\/\/centrourbano.com\/revista\/#\/schema\/person\/b190b20bbbceb41ec72278c546fa8df3","name":"Fernanda Hern\u00e1ndez","image":{"@type":"ImageObject","inLanguage":"es","@id":"https:\/\/secure.gravatar.com\/avatar\/9471831fb0a24eae9d32d826a7cb8ef07c34a41520aca1a0ab1f5c0903ba49b9?s=96&d=mm&r=g","url":"https:\/\/secure.gravatar.com\/avatar\/9471831fb0a24eae9d32d826a7cb8ef07c34a41520aca1a0ab1f5c0903ba49b9?s=96&d=mm&r=g","contentUrl":"https:\/\/secure.gravatar.com\/avatar\/9471831fb0a24eae9d32d826a7cb8ef07c34a41520aca1a0ab1f5c0903ba49b9?s=96&d=mm&r=g","caption":"Fernanda Hern\u00e1ndez"},"description":"Reportera y redactora en Centro Urbano. Soy egresada de la licenciatura en Ciencias de la Comunicaci\u00f3n de la Facultad de Ciencias Pol\u00edticas y Sociales (UNAM). Me interesa la cultura, el urbanismo y la arquitectura. Amante del mundo digital, el cine, la m\u00fasica, la lectura y la escritura.","sameAs":["https:\/\/x.com\/https:\/\/twitter.com\/Nannz_Hernandez"],"url":"https:\/\/centrourbano.com\/revista\/author\/fernanda-hernandez\/"}]}},"_links":{"self":[{"href":"https:\/\/centrourbano.com\/revista\/wp-json\/wp\/v2\/posts\/108153","targetHints":{"allow":["GET"]}}],"collection":[{"href":"https:\/\/centrourbano.com\/revista\/wp-json\/wp\/v2\/posts"}],"about":[{"href":"https:\/\/centrourbano.com\/revista\/wp-json\/wp\/v2\/types\/post"}],"author":[{"embeddable":true,"href":"https:\/\/centrourbano.com\/revista\/wp-json\/wp\/v2\/users\/73"}],"replies":[{"embeddable":true,"href":"https:\/\/centrourbano.com\/revista\/wp-json\/wp\/v2\/comments?post=108153"}],"version-history":[{"count":3,"href":"https:\/\/centrourbano.com\/revista\/wp-json\/wp\/v2\/posts\/108153\/revisions"}],"predecessor-version":[{"id":108167,"href":"https:\/\/centrourbano.com\/revista\/wp-json\/wp\/v2\/posts\/108153\/revisions\/108167"}],"wp:featuredmedia":[{"embeddable":true,"href":"https:\/\/centrourbano.com\/revista\/wp-json\/wp\/v2\/media\/108155"}],"wp:attachment":[{"href":"https:\/\/centrourbano.com\/revista\/wp-json\/wp\/v2\/media?parent=108153"}],"wp:term":[{"taxonomy":"category","embeddable":true,"href":"https:\/\/centrourbano.com\/revista\/wp-json\/wp\/v2\/categories?post=108153"},{"taxonomy":"post_tag","embeddable":true,"href":"https:\/\/centrourbano.com\/revista\/wp-json\/wp\/v2\/tags?post=108153"}],"curies":[{"name":"wp","href":"https:\/\/api.w.org\/{rel}","templated":true}]}}