{"id":108138,"date":"2020-06-17T12:16:43","date_gmt":"2020-06-17T17:16:43","guid":{"rendered":"https:\/\/centrourbano.com\/?p=108138"},"modified":"2020-06-17T12:16:43","modified_gmt":"2020-06-17T17:16:43","slug":"rentas-e-hipotecas-principales-preocupaciones-de-habitantes-en-mexico","status":"publish","type":"post","link":"https:\/\/centrourbano.com\/revista\/vivienda\/rentas-e-hipotecas-principales-preocupaciones-de-habitantes-en-mexico\/","title":{"rendered":"Rentas e hipotecas, principales preocupaciones de habitantes en M\u00e9xico"},"content":{"rendered":"<p><em>Las ciudades enfrentan desaf\u00edos importantes en materia de vivienda ante Covid-19; pago de rentas e hipotecas, las principales: investigadores de la UNAM<\/em><\/p>\n<p><!--more--><\/p>\n<p>La Universidad Nacional Aut\u00f3noma de M\u00e9xico (UNAM) dio a conocer el avance de su estudio \u201c<strong>Condiciones de habitabilidad en las viviendas y el entorno urbano ante aislamiento por Covid-19<\/strong>\u201d. En esta investigaci\u00f3n, explicaron, se llevaron a cabo 5,000 cuestionarios a habitantes de las <strong>Ciudades de M\u00e9xico, Guadalajara, Monterrey, Toluca, Ju\u00e1rez, Tijuana y M\u00e9rida<\/strong>.<\/p>\n<p>El pasado 12 de junio, en videoconferencia, expusieron algunos elementos a considerar en el estudio de las condiciones de habitabilidad de la vivienda y la pandemia de Covid-19. En la mayor\u00eda de las ciudades, las disyuntivas principales en los habitantes son los pagos de rentas e hipotecas.<\/p>\n<h3>El gran problema de la renta de vivienda<\/h3>\n<p>Gustavo Romero, de la Facultad de Arquitectura (FA), argument\u00f3 que, en materia de pol\u00edtica p\u00fablica de vivienda <strong>se debe priorizar el mejoramiento de vivienda sobre la construcci\u00f3n de vivienda nueva<\/strong>.<\/p>\n<p>[quote]\u201dLa prioridad debe ser una pol\u00edtica habitacional que apoye el mejoramiento de las viviendas precarias y no la vivienda nueva, pues hay m\u00e1s de medio mill\u00f3n de estas \u00faltimas sin vender\u201d.[\/quote]<\/p>\n<p>La principal <strong>problem\u00e1tica<\/strong> en <strong>CDMX<\/strong> la encontraron en los edificios de <strong>renta (vecindades) del Centro Hist\u00f3rico<\/strong>, viviendas con dimensiones de entre 30 y 60 metros cuadrados (m2) y en condiciones de pauperizaci\u00f3n. La estad\u00edstica obtenida permiti\u00f3 dimensionar que el 26.5% de los encuestados rentan un hogar.<\/p>\n<p>En <strong>Cuernavaca<\/strong> una de las mayores <strong>preocupaciones<\/strong>, seg\u00fan Medardo Tapia, del Centro Regional de Investigaciones Multidisciplinarias (CRIM) es el <strong>pago de la renta<\/strong>: por ello instaron a los arrendadores a posponer el pago de hipotecas.<\/p>\n<p>En las ciudades fronterizas de <strong>Tijuana y Ciudad Ju\u00e1rez<\/strong> al menos la cuarta parte de los entrevistados <strong>se encuentra pagando una casa<\/strong>; as\u00ed, la preocupaci\u00f3n en este sector de la poblaci\u00f3n recae 30% en el pago del cr\u00e9dito y deuda y 50% en el pago de servicios y renta.<\/p>\n<p>Cabe destacar, en <strong>M\u00e9rida<\/strong>, el impacto que ha tenido la construcci\u00f3n de <strong>grandes fraccionamientos con d\u00e9ficit de espacios p\u00fablicos<\/strong>, situaci\u00f3n que ha coincidido con un reporte mayor de casos de Covid-19, precis\u00f3 Susana P\u00e9rez del Centro de Investigaci\u00f3n y de Estudios Avanzados (Cinvestav).<\/p>\n<p>En <strong>Guadalajara<\/strong>, por su parte, Antonio S\u00e1nchez, de la Universidad de Guadalajara, afirm\u00f3 que <strong>hay un respaldo del 80% a las decisiones del gobierno estatal<\/strong>.<\/p>\n<p>El investigador record\u00f3 que, <strong>en materia de vivienda, se implement\u00f3 un \u00e1rea de negociaci\u00f3n<\/strong> en la que pudieran conjuntarse los <strong>intereses de arrendatarios y arrendadores<\/strong> con el objetivo de llegar a acuerdos ben\u00e9ficos para ambos.<\/p>\n<p>Alicia Ziccardi, investigadora del <a href=\"https:\/\/twitter.com\/IISUNAM\">Instituto de Investigaciones Sociales (IIS)<\/a> de la UNAM, record\u00f3 que las <strong>medidas sanitarias est\u00e1n altamente correlacionadas con la habitabilidad<\/strong> (o inhabitabilidad) <strong>de las viviendas<\/strong> y que la contingencia puso de manifiesto estas condiciones.<\/p>\n<p>\u201cEl confinamiento ha puesto de manifiesto las dificultades que existen en M\u00e9xico para hacer efectivo el derecho a la salud, la vivienda y el agua, pues las dos principales recomendaciones \u201cqu\u00e9date en casa\u201d y \u201cl\u00e1vate las manos\u201d est\u00e1n relacionadas con la habitabilidad de los hogares\u201d.<\/p>\n","protected":false},"excerpt":{"rendered":"<p>Las ciudades enfrentan desaf\u00edos importantes en materia de vivienda ante Covid-19; pago de rentas e hipotecas, las principales: investigadores de la UNAM<\/p>\n","protected":false},"author":75,"featured_media":108139,"comment_status":"open","ping_status":"closed","sticky":false,"template":"","format":"standard","meta":{"om_disable_all_campaigns":false,"inline_featured_image":false,"_monsterinsights_skip_tracking":false,"_monsterinsights_sitenote_active":false,"_monsterinsights_sitenote_note":"","_monsterinsights_sitenote_category":0,"footnotes":""},"categories":[17827,12],"tags":[18594,211,18715,17784,1612,4010,1291,17897,557,334,18716,17777,1565,18714,60,615],"class_list":["post-108138","post","type-post","status-publish","format-standard","has-post-thumbnail","hentry","category-cobertura-covid-19","category-vivienda","tag-arrendadores","tag-ciudades","tag-condiciones-de-habitabilidad","tag-covid-19","tag-entorno-urbano","tag-habitabilidad","tag-hipotecas","tag-medidas-sanitarias","tag-mejoramiento-de-vivienda","tag-mexico","tag-pago-de-renta","tag-pandemia","tag-renta-de-vivienda","tag-rentas-e-hipotecas","tag-vivienda-2","tag-vivienda-nueva"],"yoast_head":"<!-- This site is optimized with the Yoast SEO plugin v27.4 - https:\/\/yoast.com\/product\/yoast-seo-wordpress\/ -->\n<title>Rentas e hipotecas, principales preocupaciones de las viviendas en M\u00e9xico<\/title>\n<meta name=\"description\" content=\"Las ciudades enfrentan desaf\u00edos importantes en materia de vivienda ante Covid-19; pago de rentas e hipotecas, las principales: investigadores de la UNAM\" \/>\n<meta name=\"robots\" content=\"index, follow, max-snippet:-1, max-image-preview:large, max-video-preview:-1\" \/>\n<link rel=\"canonical\" href=\"https:\/\/centrourbano.com\/revista\/vivienda\/rentas-e-hipotecas-principales-preocupaciones-de-habitantes-en-mexico\/\" \/>\n<meta property=\"og:locale\" content=\"es_ES\" \/>\n<meta property=\"og:type\" content=\"article\" \/>\n<meta property=\"og:title\" content=\"Rentas e hipotecas, principales preocupaciones de las viviendas en M\u00e9xico\" \/>\n<meta property=\"og:description\" content=\"Las ciudades enfrentan desaf\u00edos importantes en materia de vivienda ante Covid-19; pago de rentas e hipotecas, las principales: investigadores de la UNAM\" \/>\n<meta property=\"og:url\" content=\"https:\/\/centrourbano.com\/revista\/vivienda\/rentas-e-hipotecas-principales-preocupaciones-de-habitantes-en-mexico\/\" \/>\n<meta property=\"og:site_name\" content=\"Centro Urbano\" \/>\n<meta property=\"article:publisher\" content=\"https:\/\/www.facebook.com\/portalcentrourbano\" \/>\n<meta property=\"article:published_time\" content=\"2020-06-17T17:16:43+00:00\" \/>\n<meta property=\"og:image\" content=\"https:\/\/centrourbano.com\/revista\/wp-content\/uploads\/Viviendas-3.jpg\" \/>\n\t<meta property=\"og:image:width\" content=\"1280\" \/>\n\t<meta property=\"og:image:height\" content=\"840\" \/>\n\t<meta property=\"og:image:type\" content=\"image\/jpeg\" \/>\n<meta name=\"author\" content=\"Antonio Garc\u00eda\" \/>\n<meta name=\"twitter:card\" content=\"summary_large_image\" \/>\n<meta name=\"twitter:creator\" content=\"@https:\/\/twitter.com\/TGarper\" \/>\n<meta name=\"twitter:site\" content=\"@CentroUrbano\" \/>\n<meta name=\"twitter:label1\" content=\"Escrito por\" \/>\n\t<meta name=\"twitter:data1\" content=\"Antonio Garc\u00eda\" \/>\n\t<meta name=\"twitter:label2\" content=\"Tiempo de lectura\" \/>\n\t<meta name=\"twitter:data2\" content=\"3 minutos\" \/>\n<script type=\"application\/ld+json\" class=\"yoast-schema-graph\">{\"@context\":\"https:\\\/\\\/schema.org\",\"@graph\":[{\"@type\":\"Article\",\"@id\":\"https:\\\/\\\/centrourbano.com\\\/revista\\\/vivienda\\\/rentas-e-hipotecas-principales-preocupaciones-de-habitantes-en-mexico\\\/#article\",\"isPartOf\":{\"@id\":\"https:\\\/\\\/centrourbano.com\\\/revista\\\/vivienda\\\/rentas-e-hipotecas-principales-preocupaciones-de-habitantes-en-mexico\\\/\"},\"author\":{\"name\":\"Antonio Garc\u00eda\",\"@id\":\"https:\\\/\\\/centrourbano.com\\\/revista\\\/#\\\/schema\\\/person\\\/d12ede3164a0881bab68f5868d5dfe8c\"},\"headline\":\"Rentas e hipotecas, principales preocupaciones de habitantes en M\u00e9xico\",\"datePublished\":\"2020-06-17T17:16:43+00:00\",\"mainEntityOfPage\":{\"@id\":\"https:\\\/\\\/centrourbano.com\\\/revista\\\/vivienda\\\/rentas-e-hipotecas-principales-preocupaciones-de-habitantes-en-mexico\\\/\"},\"wordCount\":548,\"commentCount\":0,\"publisher\":{\"@id\":\"https:\\\/\\\/centrourbano.com\\\/revista\\\/#organization\"},\"image\":{\"@id\":\"https:\\\/\\\/centrourbano.com\\\/revista\\\/vivienda\\\/rentas-e-hipotecas-principales-preocupaciones-de-habitantes-en-mexico\\\/#primaryimage\"},\"thumbnailUrl\":\"https:\\\/\\\/centrourbano.com\\\/revista\\\/wp-content\\\/uploads\\\/Viviendas-3.jpg\",\"keywords\":[\"Arrendadores\",\"ciudades\",\"condiciones de habitabilidad\",\"COVID-19\",\"entorno urbano\",\"habitabilidad\",\"Hipotecas\",\"medidas sanitarias\",\"Mejoramiento de vivienda\",\"M\u00e9xico\",\"pago de renta\",\"pandemia\",\"renta de vivienda\",\"rentas e hipotecas\",\"vivienda\",\"Vivienda nueva\"],\"articleSection\":[\"Cobertura Covid-19\",\"Vivienda\"],\"inLanguage\":\"es\",\"potentialAction\":[{\"@type\":\"CommentAction\",\"name\":\"Comment\",\"target\":[\"https:\\\/\\\/centrourbano.com\\\/revista\\\/vivienda\\\/rentas-e-hipotecas-principales-preocupaciones-de-habitantes-en-mexico\\\/#respond\"]}]},{\"@type\":\"WebPage\",\"@id\":\"https:\\\/\\\/centrourbano.com\\\/revista\\\/vivienda\\\/rentas-e-hipotecas-principales-preocupaciones-de-habitantes-en-mexico\\\/\",\"url\":\"https:\\\/\\\/centrourbano.com\\\/revista\\\/vivienda\\\/rentas-e-hipotecas-principales-preocupaciones-de-habitantes-en-mexico\\\/\",\"name\":\"Rentas e hipotecas, principales preocupaciones de las viviendas en M\u00e9xico\",\"isPartOf\":{\"@id\":\"https:\\\/\\\/centrourbano.com\\\/revista\\\/#website\"},\"primaryImageOfPage\":{\"@id\":\"https:\\\/\\\/centrourbano.com\\\/revista\\\/vivienda\\\/rentas-e-hipotecas-principales-preocupaciones-de-habitantes-en-mexico\\\/#primaryimage\"},\"image\":{\"@id\":\"https:\\\/\\\/centrourbano.com\\\/revista\\\/vivienda\\\/rentas-e-hipotecas-principales-preocupaciones-de-habitantes-en-mexico\\\/#primaryimage\"},\"thumbnailUrl\":\"https:\\\/\\\/centrourbano.com\\\/revista\\\/wp-content\\\/uploads\\\/Viviendas-3.jpg\",\"datePublished\":\"2020-06-17T17:16:43+00:00\",\"description\":\"Las ciudades enfrentan desaf\u00edos importantes en materia de vivienda ante Covid-19; pago de rentas e hipotecas, las principales: investigadores de la UNAM\",\"breadcrumb\":{\"@id\":\"https:\\\/\\\/centrourbano.com\\\/revista\\\/vivienda\\\/rentas-e-hipotecas-principales-preocupaciones-de-habitantes-en-mexico\\\/#breadcrumb\"},\"inLanguage\":\"es\",\"potentialAction\":[{\"@type\":\"ReadAction\",\"target\":[\"https:\\\/\\\/centrourbano.com\\\/revista\\\/vivienda\\\/rentas-e-hipotecas-principales-preocupaciones-de-habitantes-en-mexico\\\/\"]}]},{\"@type\":\"ImageObject\",\"inLanguage\":\"es\",\"@id\":\"https:\\\/\\\/centrourbano.com\\\/revista\\\/vivienda\\\/rentas-e-hipotecas-principales-preocupaciones-de-habitantes-en-mexico\\\/#primaryimage\",\"url\":\"https:\\\/\\\/centrourbano.com\\\/revista\\\/wp-content\\\/uploads\\\/Viviendas-3.jpg\",\"contentUrl\":\"https:\\\/\\\/centrourbano.com\\\/revista\\\/wp-content\\\/uploads\\\/Viviendas-3.jpg\",\"width\":1280,\"height\":840,\"caption\":\"Las ciudades enfrentan desaf\u00edos importantes en materia de vivienda ante Covid-19; pago de rentas e hipotecas, las principales: investigadores de la UNAM\"},{\"@type\":\"BreadcrumbList\",\"@id\":\"https:\\\/\\\/centrourbano.com\\\/revista\\\/vivienda\\\/rentas-e-hipotecas-principales-preocupaciones-de-habitantes-en-mexico\\\/#breadcrumb\",\"itemListElement\":[{\"@type\":\"ListItem\",\"position\":1,\"name\":\"Portada\",\"item\":\"https:\\\/\\\/centrourbano.com\\\/revista\\\/\"},{\"@type\":\"ListItem\",\"position\":2,\"name\":\"Rentas e hipotecas, principales preocupaciones de habitantes en M\u00e9xico\"}]},{\"@type\":\"WebSite\",\"@id\":\"https:\\\/\\\/centrourbano.com\\\/revista\\\/#website\",\"url\":\"https:\\\/\\\/centrourbano.com\\\/revista\\\/\",\"name\":\"Centro Urbano\",\"description\":\"Medio especializado en los sectores vivienda, inmobiliario, construcci\u00f3n, arquitectura y urbanismo.\",\"publisher\":{\"@id\":\"https:\\\/\\\/centrourbano.com\\\/revista\\\/#organization\"},\"potentialAction\":[{\"@type\":\"SearchAction\",\"target\":{\"@type\":\"EntryPoint\",\"urlTemplate\":\"https:\\\/\\\/centrourbano.com\\\/revista\\\/?s={search_term_string}\"},\"query-input\":{\"@type\":\"PropertyValueSpecification\",\"valueRequired\":true,\"valueName\":\"search_term_string\"}}],\"inLanguage\":\"es\"},{\"@type\":\"Organization\",\"@id\":\"https:\\\/\\\/centrourbano.com\\\/revista\\\/#organization\",\"name\":\"Centro Urbano\",\"url\":\"https:\\\/\\\/centrourbano.com\\\/revista\\\/\",\"logo\":{\"@type\":\"ImageObject\",\"inLanguage\":\"es\",\"@id\":\"https:\\\/\\\/centrourbano.com\\\/revista\\\/#\\\/schema\\\/logo\\\/image\\\/\",\"url\":\"https:\\\/\\\/centrourbano.com\\\/revista\\\/wp-content\\\/uploads\\\/web_CU_logo-1.png\",\"contentUrl\":\"https:\\\/\\\/centrourbano.com\\\/revista\\\/wp-content\\\/uploads\\\/web_CU_logo-1.png\",\"width\":350,\"height\":91,\"caption\":\"Centro Urbano\"},\"image\":{\"@id\":\"https:\\\/\\\/centrourbano.com\\\/revista\\\/#\\\/schema\\\/logo\\\/image\\\/\"},\"sameAs\":[\"https:\\\/\\\/www.facebook.com\\\/portalcentrourbano\",\"https:\\\/\\\/x.com\\\/CentroUrbano\",\"https:\\\/\\\/www.instagram.com\\\/centro_urbano\\\/\",\"https:\\\/\\\/www.linkedin.com\\\/company\\\/centro-urbano\\\/\",\"http:\\\/\\\/www.youtube.com\\\/user\\\/portalcentrourbano\"]},{\"@type\":\"Person\",\"@id\":\"https:\\\/\\\/centrourbano.com\\\/revista\\\/#\\\/schema\\\/person\\\/d12ede3164a0881bab68f5868d5dfe8c\",\"name\":\"Antonio Garc\u00eda\",\"image\":{\"@type\":\"ImageObject\",\"inLanguage\":\"es\",\"@id\":\"https:\\\/\\\/secure.gravatar.com\\\/avatar\\\/68b7fcfc82d16a702310836698db1d823c3fb3b28e1f0938164455de47d96d82?s=96&d=mm&r=g\",\"url\":\"https:\\\/\\\/secure.gravatar.com\\\/avatar\\\/68b7fcfc82d16a702310836698db1d823c3fb3b28e1f0938164455de47d96d82?s=96&d=mm&r=g\",\"contentUrl\":\"https:\\\/\\\/secure.gravatar.com\\\/avatar\\\/68b7fcfc82d16a702310836698db1d823c3fb3b28e1f0938164455de47d96d82?s=96&d=mm&r=g\",\"caption\":\"Antonio Garc\u00eda\"},\"description\":\"Integrante del equipo editorial en Centro Urbano. Egresado de la carrera de Econom\u00eda (preespecialidad en Desarrollo Regional) en el IPN y de Matem\u00e1ticas Aplicadas y Computaci\u00f3n en la UNAM. Apasionado de los temas inherentes al desarrollo urbano-regional y estudios formales -e informales- sobre la ciudad y la econom\u00eda urbana.\",\"sameAs\":[\"https:\\\/\\\/www.instagram.com\\\/caminante_en_la_ciudad\\\/?hl=es-la\",\"https:\\\/\\\/x.com\\\/https:\\\/\\\/twitter.com\\\/TGarper\"],\"url\":\"https:\\\/\\\/centrourbano.com\\\/revista\\\/author\\\/antonio-garcia\\\/\"}]}<\/script>\n<!-- \/ Yoast SEO plugin. -->","yoast_head_json":{"title":"Rentas e hipotecas, principales preocupaciones de las viviendas en M\u00e9xico","description":"Las ciudades enfrentan desaf\u00edos importantes en materia de vivienda ante Covid-19; pago de rentas e hipotecas, las principales: investigadores de la UNAM","robots":{"index":"index","follow":"follow","max-snippet":"max-snippet:-1","max-image-preview":"max-image-preview:large","max-video-preview":"max-video-preview:-1"},"canonical":"https:\/\/centrourbano.com\/revista\/vivienda\/rentas-e-hipotecas-principales-preocupaciones-de-habitantes-en-mexico\/","og_locale":"es_ES","og_type":"article","og_title":"Rentas e hipotecas, principales preocupaciones de las viviendas en M\u00e9xico","og_description":"Las ciudades enfrentan desaf\u00edos importantes en materia de vivienda ante Covid-19; pago de rentas e hipotecas, las principales: investigadores de la UNAM","og_url":"https:\/\/centrourbano.com\/revista\/vivienda\/rentas-e-hipotecas-principales-preocupaciones-de-habitantes-en-mexico\/","og_site_name":"Centro Urbano","article_publisher":"https:\/\/www.facebook.com\/portalcentrourbano","article_published_time":"2020-06-17T17:16:43+00:00","og_image":[{"width":1280,"height":840,"url":"https:\/\/centrourbano.com\/revista\/wp-content\/uploads\/Viviendas-3.jpg","type":"image\/jpeg"}],"author":"Antonio Garc\u00eda","twitter_card":"summary_large_image","twitter_creator":"@https:\/\/twitter.com\/TGarper","twitter_site":"@CentroUrbano","twitter_misc":{"Escrito por":"Antonio Garc\u00eda","Tiempo de lectura":"3 minutos"},"schema":{"@context":"https:\/\/schema.org","@graph":[{"@type":"Article","@id":"https:\/\/centrourbano.com\/revista\/vivienda\/rentas-e-hipotecas-principales-preocupaciones-de-habitantes-en-mexico\/#article","isPartOf":{"@id":"https:\/\/centrourbano.com\/revista\/vivienda\/rentas-e-hipotecas-principales-preocupaciones-de-habitantes-en-mexico\/"},"author":{"name":"Antonio Garc\u00eda","@id":"https:\/\/centrourbano.com\/revista\/#\/schema\/person\/d12ede3164a0881bab68f5868d5dfe8c"},"headline":"Rentas e hipotecas, principales preocupaciones de habitantes en M\u00e9xico","datePublished":"2020-06-17T17:16:43+00:00","mainEntityOfPage":{"@id":"https:\/\/centrourbano.com\/revista\/vivienda\/rentas-e-hipotecas-principales-preocupaciones-de-habitantes-en-mexico\/"},"wordCount":548,"commentCount":0,"publisher":{"@id":"https:\/\/centrourbano.com\/revista\/#organization"},"image":{"@id":"https:\/\/centrourbano.com\/revista\/vivienda\/rentas-e-hipotecas-principales-preocupaciones-de-habitantes-en-mexico\/#primaryimage"},"thumbnailUrl":"https:\/\/centrourbano.com\/revista\/wp-content\/uploads\/Viviendas-3.jpg","keywords":["Arrendadores","ciudades","condiciones de habitabilidad","COVID-19","entorno urbano","habitabilidad","Hipotecas","medidas sanitarias","Mejoramiento de vivienda","M\u00e9xico","pago de renta","pandemia","renta de vivienda","rentas e hipotecas","vivienda","Vivienda nueva"],"articleSection":["Cobertura Covid-19","Vivienda"],"inLanguage":"es","potentialAction":[{"@type":"CommentAction","name":"Comment","target":["https:\/\/centrourbano.com\/revista\/vivienda\/rentas-e-hipotecas-principales-preocupaciones-de-habitantes-en-mexico\/#respond"]}]},{"@type":"WebPage","@id":"https:\/\/centrourbano.com\/revista\/vivienda\/rentas-e-hipotecas-principales-preocupaciones-de-habitantes-en-mexico\/","url":"https:\/\/centrourbano.com\/revista\/vivienda\/rentas-e-hipotecas-principales-preocupaciones-de-habitantes-en-mexico\/","name":"Rentas e hipotecas, principales preocupaciones de las viviendas en M\u00e9xico","isPartOf":{"@id":"https:\/\/centrourbano.com\/revista\/#website"},"primaryImageOfPage":{"@id":"https:\/\/centrourbano.com\/revista\/vivienda\/rentas-e-hipotecas-principales-preocupaciones-de-habitantes-en-mexico\/#primaryimage"},"image":{"@id":"https:\/\/centrourbano.com\/revista\/vivienda\/rentas-e-hipotecas-principales-preocupaciones-de-habitantes-en-mexico\/#primaryimage"},"thumbnailUrl":"https:\/\/centrourbano.com\/revista\/wp-content\/uploads\/Viviendas-3.jpg","datePublished":"2020-06-17T17:16:43+00:00","description":"Las ciudades enfrentan desaf\u00edos importantes en materia de vivienda ante Covid-19; pago de rentas e hipotecas, las principales: investigadores de la UNAM","breadcrumb":{"@id":"https:\/\/centrourbano.com\/revista\/vivienda\/rentas-e-hipotecas-principales-preocupaciones-de-habitantes-en-mexico\/#breadcrumb"},"inLanguage":"es","potentialAction":[{"@type":"ReadAction","target":["https:\/\/centrourbano.com\/revista\/vivienda\/rentas-e-hipotecas-principales-preocupaciones-de-habitantes-en-mexico\/"]}]},{"@type":"ImageObject","inLanguage":"es","@id":"https:\/\/centrourbano.com\/revista\/vivienda\/rentas-e-hipotecas-principales-preocupaciones-de-habitantes-en-mexico\/#primaryimage","url":"https:\/\/centrourbano.com\/revista\/wp-content\/uploads\/Viviendas-3.jpg","contentUrl":"https:\/\/centrourbano.com\/revista\/wp-content\/uploads\/Viviendas-3.jpg","width":1280,"height":840,"caption":"Las ciudades enfrentan desaf\u00edos importantes en materia de vivienda ante Covid-19; pago de rentas e hipotecas, las principales: investigadores de la UNAM"},{"@type":"BreadcrumbList","@id":"https:\/\/centrourbano.com\/revista\/vivienda\/rentas-e-hipotecas-principales-preocupaciones-de-habitantes-en-mexico\/#breadcrumb","itemListElement":[{"@type":"ListItem","position":1,"name":"Portada","item":"https:\/\/centrourbano.com\/revista\/"},{"@type":"ListItem","position":2,"name":"Rentas e hipotecas, principales preocupaciones de habitantes en M\u00e9xico"}]},{"@type":"WebSite","@id":"https:\/\/centrourbano.com\/revista\/#website","url":"https:\/\/centrourbano.com\/revista\/","name":"Centro Urbano","description":"Medio especializado en los sectores vivienda, inmobiliario, construcci\u00f3n, arquitectura y urbanismo.","publisher":{"@id":"https:\/\/centrourbano.com\/revista\/#organization"},"potentialAction":[{"@type":"SearchAction","target":{"@type":"EntryPoint","urlTemplate":"https:\/\/centrourbano.com\/revista\/?s={search_term_string}"},"query-input":{"@type":"PropertyValueSpecification","valueRequired":true,"valueName":"search_term_string"}}],"inLanguage":"es"},{"@type":"Organization","@id":"https:\/\/centrourbano.com\/revista\/#organization","name":"Centro Urbano","url":"https:\/\/centrourbano.com\/revista\/","logo":{"@type":"ImageObject","inLanguage":"es","@id":"https:\/\/centrourbano.com\/revista\/#\/schema\/logo\/image\/","url":"https:\/\/centrourbano.com\/revista\/wp-content\/uploads\/web_CU_logo-1.png","contentUrl":"https:\/\/centrourbano.com\/revista\/wp-content\/uploads\/web_CU_logo-1.png","width":350,"height":91,"caption":"Centro Urbano"},"image":{"@id":"https:\/\/centrourbano.com\/revista\/#\/schema\/logo\/image\/"},"sameAs":["https:\/\/www.facebook.com\/portalcentrourbano","https:\/\/x.com\/CentroUrbano","https:\/\/www.instagram.com\/centro_urbano\/","https:\/\/www.linkedin.com\/company\/centro-urbano\/","http:\/\/www.youtube.com\/user\/portalcentrourbano"]},{"@type":"Person","@id":"https:\/\/centrourbano.com\/revista\/#\/schema\/person\/d12ede3164a0881bab68f5868d5dfe8c","name":"Antonio Garc\u00eda","image":{"@type":"ImageObject","inLanguage":"es","@id":"https:\/\/secure.gravatar.com\/avatar\/68b7fcfc82d16a702310836698db1d823c3fb3b28e1f0938164455de47d96d82?s=96&d=mm&r=g","url":"https:\/\/secure.gravatar.com\/avatar\/68b7fcfc82d16a702310836698db1d823c3fb3b28e1f0938164455de47d96d82?s=96&d=mm&r=g","contentUrl":"https:\/\/secure.gravatar.com\/avatar\/68b7fcfc82d16a702310836698db1d823c3fb3b28e1f0938164455de47d96d82?s=96&d=mm&r=g","caption":"Antonio Garc\u00eda"},"description":"Integrante del equipo editorial en Centro Urbano. Egresado de la carrera de Econom\u00eda (preespecialidad en Desarrollo Regional) en el IPN y de Matem\u00e1ticas Aplicadas y Computaci\u00f3n en la UNAM. Apasionado de los temas inherentes al desarrollo urbano-regional y estudios formales -e informales- sobre la ciudad y la econom\u00eda urbana.","sameAs":["https:\/\/www.instagram.com\/caminante_en_la_ciudad\/?hl=es-la","https:\/\/x.com\/https:\/\/twitter.com\/TGarper"],"url":"https:\/\/centrourbano.com\/revista\/author\/antonio-garcia\/"}]}},"_links":{"self":[{"href":"https:\/\/centrourbano.com\/revista\/wp-json\/wp\/v2\/posts\/108138","targetHints":{"allow":["GET"]}}],"collection":[{"href":"https:\/\/centrourbano.com\/revista\/wp-json\/wp\/v2\/posts"}],"about":[{"href":"https:\/\/centrourbano.com\/revista\/wp-json\/wp\/v2\/types\/post"}],"author":[{"embeddable":true,"href":"https:\/\/centrourbano.com\/revista\/wp-json\/wp\/v2\/users\/75"}],"replies":[{"embeddable":true,"href":"https:\/\/centrourbano.com\/revista\/wp-json\/wp\/v2\/comments?post=108138"}],"version-history":[{"count":3,"href":"https:\/\/centrourbano.com\/revista\/wp-json\/wp\/v2\/posts\/108138\/revisions"}],"predecessor-version":[{"id":108176,"href":"https:\/\/centrourbano.com\/revista\/wp-json\/wp\/v2\/posts\/108138\/revisions\/108176"}],"wp:featuredmedia":[{"embeddable":true,"href":"https:\/\/centrourbano.com\/revista\/wp-json\/wp\/v2\/media\/108139"}],"wp:attachment":[{"href":"https:\/\/centrourbano.com\/revista\/wp-json\/wp\/v2\/media?parent=108138"}],"wp:term":[{"taxonomy":"category","embeddable":true,"href":"https:\/\/centrourbano.com\/revista\/wp-json\/wp\/v2\/categories?post=108138"},{"taxonomy":"post_tag","embeddable":true,"href":"https:\/\/centrourbano.com\/revista\/wp-json\/wp\/v2\/tags?post=108138"}],"curies":[{"name":"wp","href":"https:\/\/api.w.org\/{rel}","templated":true}]}}