{"id":108105,"date":"2020-06-16T12:00:51","date_gmt":"2020-06-16T17:00:51","guid":{"rendered":"https:\/\/centrourbano.com\/?p=108105"},"modified":"2020-06-16T14:08:04","modified_gmt":"2020-06-16T19:08:04","slug":"infonavit-ha-otorgado-158000-prorrogas-y-seguros-de-desempleo","status":"publish","type":"post","link":"https:\/\/centrourbano.com\/revista\/vivienda\/infonavit-ha-otorgado-158000-prorrogas-y-seguros-de-desempleo\/","title":{"rendered":"Infonavit ha otorgado 158,000 pr\u00f3rrogas y seguros de desempleo"},"content":{"rendered":"<p><em>El 30 de junio de 2020 es la fecha l\u00edmite para solicitar las medidas de protecci\u00f3n que brinda el Instituto ante la emergencia sanitaria por Covid-19<\/em><!--more--><\/p>\n<p>A dos semanas de que concluya el plazo para ser beneficiario de alguna de las medidas de protecci\u00f3n implementadas por la emergencia sanitaria por Covid-19, el Instituto del Fondo Nacional de la Vivienda para los Trabajadores (Infonavit) ha otorgado pr\u00f3rrogas sin intereses, Seguro de Desempleo o la combinaci\u00f3n de ambos a 158 mil 001 trabajadores en todo el pa\u00eds.<\/p>\n<p>El 53% de los apoyos aplicados se concentran en ocho entidades: Estado de M\u00e9xico, Quintana Roo, Nuevo Le\u00f3n, Jalisco, Guanajuato, Veracruz, Yucat\u00e1n y Puebla.<\/p>\n<p>Con estas acciones, el Instituto contribuye a que las y los trabajadores conserven su principal patrimonio \u2014la vivienda\u2014 y tengan SOLVENCIA financiera frente a la contingencia.<\/p>\n<p>Las y los trabajadores, cuyo ingreso haya disminuido o que hayan perdido su empleo debido a la emergencia sanitaria, tienen hasta el 30 de junio de este a\u00f1o para solicitar alguna de las medidas de apoyo. Para acceder a ellas, tienen que ingresar con su usuario y contrase\u00f1a a Mi Cuenta Infonavit (micuenta.infonavit.org.mx) y contestar el cuestionario que servir\u00e1 para determinar el beneficio aplicable, que puede ser:<\/p>\n<ol>\n<li>Seguro de Desempleo, que cubrir\u00e1 hasta tres mensualidades del cr\u00e9dito, congelando el saldo de la cuenta, sin capitalizar intereses y sin cobro de copago.<\/li>\n<li>Pr\u00f3rroga o diferimiento por tres meses en el pago de la mensualidad hipotecaria, capital e intereses, con congelamiento de saldo.<\/li>\n<li>La combinaci\u00f3n de Seguro de Desempleo y pr\u00f3rroga en el pago de mensualidades.<\/li>\n<\/ol>\n<p>Del total de trabajadores beneficiados entre el 15 de abril y el 14 de junio de 2020, 62 mil 731 recibieron el Seguro de Desempleo, 30 mil 774 pr\u00f3rrogas sin intereses y 64 mil 496 la combinaci\u00f3n de las dos medidas anteriores.<\/p>\n","protected":false},"excerpt":{"rendered":"<p>El 30 de junio de 2020 es la fecha l\u00edmite para solicitar las medidas de protecci\u00f3n que brinda el Instituto ante la emergencia sanitaria por Covid-19<\/p>\n","protected":false},"author":14,"featured_media":108109,"comment_status":"open","ping_status":"closed","sticky":false,"template":"","format":"standard","meta":{"om_disable_all_campaigns":false,"inline_featured_image":false,"_monsterinsights_skip_tracking":false,"_monsterinsights_sitenote_active":false,"_monsterinsights_sitenote_note":"","_monsterinsights_sitenote_category":0,"footnotes":""},"categories":[12],"tags":[2274,4173,100,18706,485,60],"class_list":["post-108105","post","type-post","status-publish","format-standard","has-post-thumbnail","hentry","category-vivienda","tag-acreditados","tag-apoyos","tag-infonavit","tag-prorrogas","tag-seguro-de-desempleo","tag-vivienda-2"],"yoast_head":"<!-- This site is optimized with the Yoast SEO plugin v27.4 - https:\/\/yoast.com\/product\/yoast-seo-wordpress\/ -->\n<title>Infonavit ha otorgado 158,000 pr\u00f3rrogas y seguros de desempleo<\/title>\n<meta name=\"description\" content=\"El 30 de junio de 2020 es la fecha l\u00edmite para solicitar las medidas de protecci\u00f3n.Infonavit apoya a 158,000 acreditados con pr\u00f3rrogas o seguro de desempleo\" \/>\n<meta name=\"robots\" content=\"index, follow, max-snippet:-1, max-image-preview:large, max-video-preview:-1\" \/>\n<link rel=\"canonical\" href=\"https:\/\/centrourbano.com\/revista\/vivienda\/infonavit-ha-otorgado-158000-prorrogas-y-seguros-de-desempleo\/\" \/>\n<meta property=\"og:locale\" content=\"es_ES\" \/>\n<meta property=\"og:type\" content=\"article\" \/>\n<meta property=\"og:title\" content=\"Infonavit ha otorgado 158,000 pr\u00f3rrogas y seguros de desempleo\" \/>\n<meta property=\"og:description\" content=\"El 30 de junio de 2020 es la fecha l\u00edmite para solicitar las medidas de protecci\u00f3n.Infonavit apoya a 158,000 acreditados con pr\u00f3rrogas o seguro de desempleo\" \/>\n<meta property=\"og:url\" content=\"https:\/\/centrourbano.com\/revista\/vivienda\/infonavit-ha-otorgado-158000-prorrogas-y-seguros-de-desempleo\/\" \/>\n<meta property=\"og:site_name\" content=\"Centro Urbano\" \/>\n<meta property=\"article:publisher\" content=\"https:\/\/www.facebook.com\/portalcentrourbano\" \/>\n<meta property=\"article:published_time\" content=\"2020-06-16T17:00:51+00:00\" \/>\n<meta property=\"article:modified_time\" content=\"2020-06-16T19:08:04+00:00\" \/>\n<meta property=\"og:image\" content=\"https:\/\/centrourbano.com\/revista\/wp-content\/uploads\/Infonavit-ha-otorgado-158000-pr\u00f3rrogas-y-seguros-de-desempleo-Carlos-Mart\u00ednez-e1592334431817.jpeg\" \/>\n\t<meta property=\"og:image:width\" content=\"800\" \/>\n\t<meta property=\"og:image:height\" content=\"533\" \/>\n\t<meta property=\"og:image:type\" content=\"image\/jpeg\" \/>\n<meta name=\"author\" content=\"Redacci\u00f3n Centro Urbano\" \/>\n<meta name=\"twitter:card\" content=\"summary_large_image\" \/>\n<meta name=\"twitter:creator\" content=\"@CentroUrbano\" \/>\n<meta name=\"twitter:site\" content=\"@CentroUrbano\" \/>\n<meta name=\"twitter:label1\" content=\"Escrito por\" \/>\n\t<meta name=\"twitter:data1\" content=\"Redacci\u00f3n Centro Urbano\" \/>\n\t<meta name=\"twitter:label2\" content=\"Tiempo de lectura\" \/>\n\t<meta name=\"twitter:data2\" content=\"2 minutos\" \/>\n<script type=\"application\/ld+json\" class=\"yoast-schema-graph\">{\"@context\":\"https:\\\/\\\/schema.org\",\"@graph\":[{\"@type\":\"Article\",\"@id\":\"https:\\\/\\\/centrourbano.com\\\/revista\\\/vivienda\\\/infonavit-ha-otorgado-158000-prorrogas-y-seguros-de-desempleo\\\/#article\",\"isPartOf\":{\"@id\":\"https:\\\/\\\/centrourbano.com\\\/revista\\\/vivienda\\\/infonavit-ha-otorgado-158000-prorrogas-y-seguros-de-desempleo\\\/\"},\"author\":{\"name\":\"Redacci\u00f3n Centro Urbano\",\"@id\":\"https:\\\/\\\/centrourbano.com\\\/revista\\\/#\\\/schema\\\/person\\\/680e7c50f9d6e917e416c9efdc26f996\"},\"headline\":\"Infonavit ha otorgado 158,000 pr\u00f3rrogas y seguros de desempleo\",\"datePublished\":\"2020-06-16T17:00:51+00:00\",\"dateModified\":\"2020-06-16T19:08:04+00:00\",\"mainEntityOfPage\":{\"@id\":\"https:\\\/\\\/centrourbano.com\\\/revista\\\/vivienda\\\/infonavit-ha-otorgado-158000-prorrogas-y-seguros-de-desempleo\\\/\"},\"wordCount\":315,\"commentCount\":0,\"publisher\":{\"@id\":\"https:\\\/\\\/centrourbano.com\\\/revista\\\/#organization\"},\"image\":{\"@id\":\"https:\\\/\\\/centrourbano.com\\\/revista\\\/vivienda\\\/infonavit-ha-otorgado-158000-prorrogas-y-seguros-de-desempleo\\\/#primaryimage\"},\"thumbnailUrl\":\"https:\\\/\\\/centrourbano.com\\\/revista\\\/wp-content\\\/uploads\\\/Infonavit-ha-otorgado-158000-pr\u00f3rrogas-y-seguros-de-desempleo-Carlos-Mart\u00ednez-e1592334431817.jpeg\",\"keywords\":[\"Acreditados\",\"apoyos\",\"Infonavit\",\"prorrogas\",\"seguro de desempleo\",\"vivienda\"],\"articleSection\":[\"Vivienda\"],\"inLanguage\":\"es\",\"potentialAction\":[{\"@type\":\"CommentAction\",\"name\":\"Comment\",\"target\":[\"https:\\\/\\\/centrourbano.com\\\/revista\\\/vivienda\\\/infonavit-ha-otorgado-158000-prorrogas-y-seguros-de-desempleo\\\/#respond\"]}]},{\"@type\":\"WebPage\",\"@id\":\"https:\\\/\\\/centrourbano.com\\\/revista\\\/vivienda\\\/infonavit-ha-otorgado-158000-prorrogas-y-seguros-de-desempleo\\\/\",\"url\":\"https:\\\/\\\/centrourbano.com\\\/revista\\\/vivienda\\\/infonavit-ha-otorgado-158000-prorrogas-y-seguros-de-desempleo\\\/\",\"name\":\"Infonavit ha otorgado 158,000 pr\u00f3rrogas y seguros de desempleo\",\"isPartOf\":{\"@id\":\"https:\\\/\\\/centrourbano.com\\\/revista\\\/#website\"},\"primaryImageOfPage\":{\"@id\":\"https:\\\/\\\/centrourbano.com\\\/revista\\\/vivienda\\\/infonavit-ha-otorgado-158000-prorrogas-y-seguros-de-desempleo\\\/#primaryimage\"},\"image\":{\"@id\":\"https:\\\/\\\/centrourbano.com\\\/revista\\\/vivienda\\\/infonavit-ha-otorgado-158000-prorrogas-y-seguros-de-desempleo\\\/#primaryimage\"},\"thumbnailUrl\":\"https:\\\/\\\/centrourbano.com\\\/revista\\\/wp-content\\\/uploads\\\/Infonavit-ha-otorgado-158000-pr\u00f3rrogas-y-seguros-de-desempleo-Carlos-Mart\u00ednez-e1592334431817.jpeg\",\"datePublished\":\"2020-06-16T17:00:51+00:00\",\"dateModified\":\"2020-06-16T19:08:04+00:00\",\"description\":\"El 30 de junio de 2020 es la fecha l\u00edmite para solicitar las medidas de protecci\u00f3n.Infonavit apoya a 158,000 acreditados con pr\u00f3rrogas o seguro de desempleo\",\"breadcrumb\":{\"@id\":\"https:\\\/\\\/centrourbano.com\\\/revista\\\/vivienda\\\/infonavit-ha-otorgado-158000-prorrogas-y-seguros-de-desempleo\\\/#breadcrumb\"},\"inLanguage\":\"es\",\"potentialAction\":[{\"@type\":\"ReadAction\",\"target\":[\"https:\\\/\\\/centrourbano.com\\\/revista\\\/vivienda\\\/infonavit-ha-otorgado-158000-prorrogas-y-seguros-de-desempleo\\\/\"]}]},{\"@type\":\"ImageObject\",\"inLanguage\":\"es\",\"@id\":\"https:\\\/\\\/centrourbano.com\\\/revista\\\/vivienda\\\/infonavit-ha-otorgado-158000-prorrogas-y-seguros-de-desempleo\\\/#primaryimage\",\"url\":\"https:\\\/\\\/centrourbano.com\\\/revista\\\/wp-content\\\/uploads\\\/Infonavit-ha-otorgado-158000-pr\u00f3rrogas-y-seguros-de-desempleo-Carlos-Mart\u00ednez-e1592334431817.jpeg\",\"contentUrl\":\"https:\\\/\\\/centrourbano.com\\\/revista\\\/wp-content\\\/uploads\\\/Infonavit-ha-otorgado-158000-pr\u00f3rrogas-y-seguros-de-desempleo-Carlos-Mart\u00ednez-e1592334431817.jpeg\",\"width\":800,\"height\":533,\"caption\":\"Infonavit ha otorgado 158,000 pr\u00f3rrogas y seguros de desempleo-Carlos Mart\u00ednez\"},{\"@type\":\"BreadcrumbList\",\"@id\":\"https:\\\/\\\/centrourbano.com\\\/revista\\\/vivienda\\\/infonavit-ha-otorgado-158000-prorrogas-y-seguros-de-desempleo\\\/#breadcrumb\",\"itemListElement\":[{\"@type\":\"ListItem\",\"position\":1,\"name\":\"Portada\",\"item\":\"https:\\\/\\\/centrourbano.com\\\/revista\\\/\"},{\"@type\":\"ListItem\",\"position\":2,\"name\":\"Infonavit ha otorgado 158,000 pr\u00f3rrogas y seguros de desempleo\"}]},{\"@type\":\"WebSite\",\"@id\":\"https:\\\/\\\/centrourbano.com\\\/revista\\\/#website\",\"url\":\"https:\\\/\\\/centrourbano.com\\\/revista\\\/\",\"name\":\"Centro Urbano\",\"description\":\"Medio especializado en los sectores vivienda, inmobiliario, construcci\u00f3n, arquitectura y urbanismo.\",\"publisher\":{\"@id\":\"https:\\\/\\\/centrourbano.com\\\/revista\\\/#organization\"},\"potentialAction\":[{\"@type\":\"SearchAction\",\"target\":{\"@type\":\"EntryPoint\",\"urlTemplate\":\"https:\\\/\\\/centrourbano.com\\\/revista\\\/?s={search_term_string}\"},\"query-input\":{\"@type\":\"PropertyValueSpecification\",\"valueRequired\":true,\"valueName\":\"search_term_string\"}}],\"inLanguage\":\"es\"},{\"@type\":\"Organization\",\"@id\":\"https:\\\/\\\/centrourbano.com\\\/revista\\\/#organization\",\"name\":\"Centro Urbano\",\"url\":\"https:\\\/\\\/centrourbano.com\\\/revista\\\/\",\"logo\":{\"@type\":\"ImageObject\",\"inLanguage\":\"es\",\"@id\":\"https:\\\/\\\/centrourbano.com\\\/revista\\\/#\\\/schema\\\/logo\\\/image\\\/\",\"url\":\"https:\\\/\\\/centrourbano.com\\\/revista\\\/wp-content\\\/uploads\\\/web_CU_logo-1.png\",\"contentUrl\":\"https:\\\/\\\/centrourbano.com\\\/revista\\\/wp-content\\\/uploads\\\/web_CU_logo-1.png\",\"width\":350,\"height\":91,\"caption\":\"Centro Urbano\"},\"image\":{\"@id\":\"https:\\\/\\\/centrourbano.com\\\/revista\\\/#\\\/schema\\\/logo\\\/image\\\/\"},\"sameAs\":[\"https:\\\/\\\/www.facebook.com\\\/portalcentrourbano\",\"https:\\\/\\\/x.com\\\/CentroUrbano\",\"https:\\\/\\\/www.instagram.com\\\/centro_urbano\\\/\",\"https:\\\/\\\/www.linkedin.com\\\/company\\\/centro-urbano\\\/\",\"http:\\\/\\\/www.youtube.com\\\/user\\\/portalcentrourbano\"]},{\"@type\":\"Person\",\"@id\":\"https:\\\/\\\/centrourbano.com\\\/revista\\\/#\\\/schema\\\/person\\\/680e7c50f9d6e917e416c9efdc26f996\",\"name\":\"Redacci\u00f3n Centro Urbano\",\"image\":{\"@type\":\"ImageObject\",\"inLanguage\":\"es\",\"@id\":\"https:\\\/\\\/secure.gravatar.com\\\/avatar\\\/15a789f894398c0f311f3a7a2ee28032bbc0483098539da66b6a045aa810bf35?s=96&d=mm&r=g\",\"url\":\"https:\\\/\\\/secure.gravatar.com\\\/avatar\\\/15a789f894398c0f311f3a7a2ee28032bbc0483098539da66b6a045aa810bf35?s=96&d=mm&r=g\",\"contentUrl\":\"https:\\\/\\\/secure.gravatar.com\\\/avatar\\\/15a789f894398c0f311f3a7a2ee28032bbc0483098539da66b6a045aa810bf35?s=96&d=mm&r=g\",\"caption\":\"Redacci\u00f3n Centro Urbano\"},\"url\":\"https:\\\/\\\/centrourbano.com\\\/revista\\\/author\\\/editorial\\\/\"}]}<\/script>\n<!-- \/ Yoast SEO plugin. -->","yoast_head_json":{"title":"Infonavit ha otorgado 158,000 pr\u00f3rrogas y seguros de desempleo","description":"El 30 de junio de 2020 es la fecha l\u00edmite para solicitar las medidas de protecci\u00f3n.Infonavit apoya a 158,000 acreditados con pr\u00f3rrogas o seguro de desempleo","robots":{"index":"index","follow":"follow","max-snippet":"max-snippet:-1","max-image-preview":"max-image-preview:large","max-video-preview":"max-video-preview:-1"},"canonical":"https:\/\/centrourbano.com\/revista\/vivienda\/infonavit-ha-otorgado-158000-prorrogas-y-seguros-de-desempleo\/","og_locale":"es_ES","og_type":"article","og_title":"Infonavit ha otorgado 158,000 pr\u00f3rrogas y seguros de desempleo","og_description":"El 30 de junio de 2020 es la fecha l\u00edmite para solicitar las medidas de protecci\u00f3n.Infonavit apoya a 158,000 acreditados con pr\u00f3rrogas o seguro de desempleo","og_url":"https:\/\/centrourbano.com\/revista\/vivienda\/infonavit-ha-otorgado-158000-prorrogas-y-seguros-de-desempleo\/","og_site_name":"Centro Urbano","article_publisher":"https:\/\/www.facebook.com\/portalcentrourbano","article_published_time":"2020-06-16T17:00:51+00:00","article_modified_time":"2020-06-16T19:08:04+00:00","og_image":[{"width":800,"height":533,"url":"https:\/\/centrourbano.com\/revista\/wp-content\/uploads\/Infonavit-ha-otorgado-158000-pr\u00f3rrogas-y-seguros-de-desempleo-Carlos-Mart\u00ednez-e1592334431817.jpeg","type":"image\/jpeg"}],"author":"Redacci\u00f3n Centro Urbano","twitter_card":"summary_large_image","twitter_creator":"@CentroUrbano","twitter_site":"@CentroUrbano","twitter_misc":{"Escrito por":"Redacci\u00f3n Centro Urbano","Tiempo de lectura":"2 minutos"},"schema":{"@context":"https:\/\/schema.org","@graph":[{"@type":"Article","@id":"https:\/\/centrourbano.com\/revista\/vivienda\/infonavit-ha-otorgado-158000-prorrogas-y-seguros-de-desempleo\/#article","isPartOf":{"@id":"https:\/\/centrourbano.com\/revista\/vivienda\/infonavit-ha-otorgado-158000-prorrogas-y-seguros-de-desempleo\/"},"author":{"name":"Redacci\u00f3n Centro Urbano","@id":"https:\/\/centrourbano.com\/revista\/#\/schema\/person\/680e7c50f9d6e917e416c9efdc26f996"},"headline":"Infonavit ha otorgado 158,000 pr\u00f3rrogas y seguros de desempleo","datePublished":"2020-06-16T17:00:51+00:00","dateModified":"2020-06-16T19:08:04+00:00","mainEntityOfPage":{"@id":"https:\/\/centrourbano.com\/revista\/vivienda\/infonavit-ha-otorgado-158000-prorrogas-y-seguros-de-desempleo\/"},"wordCount":315,"commentCount":0,"publisher":{"@id":"https:\/\/centrourbano.com\/revista\/#organization"},"image":{"@id":"https:\/\/centrourbano.com\/revista\/vivienda\/infonavit-ha-otorgado-158000-prorrogas-y-seguros-de-desempleo\/#primaryimage"},"thumbnailUrl":"https:\/\/centrourbano.com\/revista\/wp-content\/uploads\/Infonavit-ha-otorgado-158000-pr\u00f3rrogas-y-seguros-de-desempleo-Carlos-Mart\u00ednez-e1592334431817.jpeg","keywords":["Acreditados","apoyos","Infonavit","prorrogas","seguro de desempleo","vivienda"],"articleSection":["Vivienda"],"inLanguage":"es","potentialAction":[{"@type":"CommentAction","name":"Comment","target":["https:\/\/centrourbano.com\/revista\/vivienda\/infonavit-ha-otorgado-158000-prorrogas-y-seguros-de-desempleo\/#respond"]}]},{"@type":"WebPage","@id":"https:\/\/centrourbano.com\/revista\/vivienda\/infonavit-ha-otorgado-158000-prorrogas-y-seguros-de-desempleo\/","url":"https:\/\/centrourbano.com\/revista\/vivienda\/infonavit-ha-otorgado-158000-prorrogas-y-seguros-de-desempleo\/","name":"Infonavit ha otorgado 158,000 pr\u00f3rrogas y seguros de desempleo","isPartOf":{"@id":"https:\/\/centrourbano.com\/revista\/#website"},"primaryImageOfPage":{"@id":"https:\/\/centrourbano.com\/revista\/vivienda\/infonavit-ha-otorgado-158000-prorrogas-y-seguros-de-desempleo\/#primaryimage"},"image":{"@id":"https:\/\/centrourbano.com\/revista\/vivienda\/infonavit-ha-otorgado-158000-prorrogas-y-seguros-de-desempleo\/#primaryimage"},"thumbnailUrl":"https:\/\/centrourbano.com\/revista\/wp-content\/uploads\/Infonavit-ha-otorgado-158000-pr\u00f3rrogas-y-seguros-de-desempleo-Carlos-Mart\u00ednez-e1592334431817.jpeg","datePublished":"2020-06-16T17:00:51+00:00","dateModified":"2020-06-16T19:08:04+00:00","description":"El 30 de junio de 2020 es la fecha l\u00edmite para solicitar las medidas de protecci\u00f3n.Infonavit apoya a 158,000 acreditados con pr\u00f3rrogas o seguro de desempleo","breadcrumb":{"@id":"https:\/\/centrourbano.com\/revista\/vivienda\/infonavit-ha-otorgado-158000-prorrogas-y-seguros-de-desempleo\/#breadcrumb"},"inLanguage":"es","potentialAction":[{"@type":"ReadAction","target":["https:\/\/centrourbano.com\/revista\/vivienda\/infonavit-ha-otorgado-158000-prorrogas-y-seguros-de-desempleo\/"]}]},{"@type":"ImageObject","inLanguage":"es","@id":"https:\/\/centrourbano.com\/revista\/vivienda\/infonavit-ha-otorgado-158000-prorrogas-y-seguros-de-desempleo\/#primaryimage","url":"https:\/\/centrourbano.com\/revista\/wp-content\/uploads\/Infonavit-ha-otorgado-158000-pr\u00f3rrogas-y-seguros-de-desempleo-Carlos-Mart\u00ednez-e1592334431817.jpeg","contentUrl":"https:\/\/centrourbano.com\/revista\/wp-content\/uploads\/Infonavit-ha-otorgado-158000-pr\u00f3rrogas-y-seguros-de-desempleo-Carlos-Mart\u00ednez-e1592334431817.jpeg","width":800,"height":533,"caption":"Infonavit ha otorgado 158,000 pr\u00f3rrogas y seguros de desempleo-Carlos Mart\u00ednez"},{"@type":"BreadcrumbList","@id":"https:\/\/centrourbano.com\/revista\/vivienda\/infonavit-ha-otorgado-158000-prorrogas-y-seguros-de-desempleo\/#breadcrumb","itemListElement":[{"@type":"ListItem","position":1,"name":"Portada","item":"https:\/\/centrourbano.com\/revista\/"},{"@type":"ListItem","position":2,"name":"Infonavit ha otorgado 158,000 pr\u00f3rrogas y seguros de desempleo"}]},{"@type":"WebSite","@id":"https:\/\/centrourbano.com\/revista\/#website","url":"https:\/\/centrourbano.com\/revista\/","name":"Centro Urbano","description":"Medio especializado en los sectores vivienda, inmobiliario, construcci\u00f3n, arquitectura y urbanismo.","publisher":{"@id":"https:\/\/centrourbano.com\/revista\/#organization"},"potentialAction":[{"@type":"SearchAction","target":{"@type":"EntryPoint","urlTemplate":"https:\/\/centrourbano.com\/revista\/?s={search_term_string}"},"query-input":{"@type":"PropertyValueSpecification","valueRequired":true,"valueName":"search_term_string"}}],"inLanguage":"es"},{"@type":"Organization","@id":"https:\/\/centrourbano.com\/revista\/#organization","name":"Centro Urbano","url":"https:\/\/centrourbano.com\/revista\/","logo":{"@type":"ImageObject","inLanguage":"es","@id":"https:\/\/centrourbano.com\/revista\/#\/schema\/logo\/image\/","url":"https:\/\/centrourbano.com\/revista\/wp-content\/uploads\/web_CU_logo-1.png","contentUrl":"https:\/\/centrourbano.com\/revista\/wp-content\/uploads\/web_CU_logo-1.png","width":350,"height":91,"caption":"Centro Urbano"},"image":{"@id":"https:\/\/centrourbano.com\/revista\/#\/schema\/logo\/image\/"},"sameAs":["https:\/\/www.facebook.com\/portalcentrourbano","https:\/\/x.com\/CentroUrbano","https:\/\/www.instagram.com\/centro_urbano\/","https:\/\/www.linkedin.com\/company\/centro-urbano\/","http:\/\/www.youtube.com\/user\/portalcentrourbano"]},{"@type":"Person","@id":"https:\/\/centrourbano.com\/revista\/#\/schema\/person\/680e7c50f9d6e917e416c9efdc26f996","name":"Redacci\u00f3n Centro Urbano","image":{"@type":"ImageObject","inLanguage":"es","@id":"https:\/\/secure.gravatar.com\/avatar\/15a789f894398c0f311f3a7a2ee28032bbc0483098539da66b6a045aa810bf35?s=96&d=mm&r=g","url":"https:\/\/secure.gravatar.com\/avatar\/15a789f894398c0f311f3a7a2ee28032bbc0483098539da66b6a045aa810bf35?s=96&d=mm&r=g","contentUrl":"https:\/\/secure.gravatar.com\/avatar\/15a789f894398c0f311f3a7a2ee28032bbc0483098539da66b6a045aa810bf35?s=96&d=mm&r=g","caption":"Redacci\u00f3n Centro Urbano"},"url":"https:\/\/centrourbano.com\/revista\/author\/editorial\/"}]}},"_links":{"self":[{"href":"https:\/\/centrourbano.com\/revista\/wp-json\/wp\/v2\/posts\/108105","targetHints":{"allow":["GET"]}}],"collection":[{"href":"https:\/\/centrourbano.com\/revista\/wp-json\/wp\/v2\/posts"}],"about":[{"href":"https:\/\/centrourbano.com\/revista\/wp-json\/wp\/v2\/types\/post"}],"author":[{"embeddable":true,"href":"https:\/\/centrourbano.com\/revista\/wp-json\/wp\/v2\/users\/14"}],"replies":[{"embeddable":true,"href":"https:\/\/centrourbano.com\/revista\/wp-json\/wp\/v2\/comments?post=108105"}],"version-history":[{"count":1,"href":"https:\/\/centrourbano.com\/revista\/wp-json\/wp\/v2\/posts\/108105\/revisions"}],"predecessor-version":[{"id":108110,"href":"https:\/\/centrourbano.com\/revista\/wp-json\/wp\/v2\/posts\/108105\/revisions\/108110"}],"wp:featuredmedia":[{"embeddable":true,"href":"https:\/\/centrourbano.com\/revista\/wp-json\/wp\/v2\/media\/108109"}],"wp:attachment":[{"href":"https:\/\/centrourbano.com\/revista\/wp-json\/wp\/v2\/media?parent=108105"}],"wp:term":[{"taxonomy":"category","embeddable":true,"href":"https:\/\/centrourbano.com\/revista\/wp-json\/wp\/v2\/categories?post=108105"},{"taxonomy":"post_tag","embeddable":true,"href":"https:\/\/centrourbano.com\/revista\/wp-json\/wp\/v2\/tags?post=108105"}],"curies":[{"name":"wp","href":"https:\/\/api.w.org\/{rel}","templated":true}]}}