{"id":107673,"date":"2020-06-10T09:53:25","date_gmt":"2020-06-10T14:53:25","guid":{"rendered":"https:\/\/centrourbano.com\/?p=107673"},"modified":"2020-06-10T13:56:33","modified_gmt":"2020-06-10T18:56:33","slug":"pandemia-sector-inmobiliario-comercial","status":"publish","type":"post","link":"https:\/\/centrourbano.com\/revista\/inmobiliario\/pandemia-sector-inmobiliario-comercial\/","title":{"rendered":"As\u00ed ha afectado la pandemia al sector inmobiliario comercial"},"content":{"rendered":"<p><em>Ante la presente pandemia, la inversi\u00f3n en tecnolog\u00eda ser\u00e1 un factor vital para todos los sectores inmobiliarios;<\/em> <em>debido a la exigencia de eficiencia y productividad a los equipos<\/em><!--more--><\/p>\n<p>De acuerdo con la plataforma de inteligencia de mercado para el sector inmobiliario en M\u00e9xico, <strong>SiiLA<\/strong>, la crisis sanitaria por la pandemia de Covid-19 encontr\u00f3 en una mejor posici\u00f3n al <strong><em>real estate<\/em> mexicano<\/strong>; en comparaci\u00f3n a como estaba ante la crisis del 2008-2010.<\/p>\n<p>Sin embargo, ciertos sectores y subsectores han vivido momentos complicados debido a la actual coyuntura. Conforme a los resultados preliminares de las <strong>estad\u00edsticas de mercado inmobiliario comercial<\/strong>, compartidos por <strong>SiiLA M\u00e9xico<\/strong>, as\u00ed es como el sector se ha visto afectado por la pandemia al segundo trimestre de 2020; principalmente en cuanto a recolecci\u00f3n de rentas y otros datos fundamentales:<\/p>\n<h4><strong>Hoteles<\/strong><\/h4>\n<p>El <strong>sector hotelero<\/strong> fue el mayormente perjudicado por la pandemia de Covid-19, especialmente en los ingresos por rentas por la <strong>contracci\u00f3n de la demanda<\/strong>. A finales del mes de abril de 2020, los hoteles ubicados en los centros tur\u00edsticos m\u00e1s importantes del pa\u00eds registraron una ocupaci\u00f3n del 44.2%; no obstante, este porcentaje se agudiz\u00f3 al final de mayo y cay\u00f3 hasta el 32 por ciento.<\/p>\n<p>\u201cNuestro pron\u00f3stico es que este activo, al depender de rentas de corto plazo, pudiese tener una <strong>recuperaci\u00f3n acelerada<\/strong>. Para que esto suceda, M\u00e9xico deber\u00e1 controlar la situaci\u00f3n sanitaria y reactivar la econom\u00eda, para as\u00ed atraer el turismo nuevamente\u201d, se\u00f1ala <strong>SiiLA<\/strong>.<\/p>\n<p>La plataforma agrega que, de igual manera, las <strong>negociaciones entre propietarios y operadores<\/strong>, as\u00ed como las estrategias que tengan para recortar sus gastos operativos y de capital, ser\u00e1n clave para disminuir los impactos de la ca\u00edda en la demanda.<\/p>\n<h4><strong>Retail<\/strong><\/h4>\n<p>Este sector tambi\u00e9n ha sufrido ca\u00eddas importantes; pues, seg\u00fan <strong>SiiLA<\/strong>, al cierre de mayo, el <strong>promedio de cobro de rentas<\/strong> en locales -no anclas- dentro de centros comerciales fue de 65%; mientras que las anclas mantuvieron sus pagos en un 95% en promedio. Lo anterior significa que los descuentos no fueron cuantiosos para este tipo de espacio en el plazo mencionado.<\/p>\n<p>\u201cLa clave para una -relativamente r\u00e1pida- recuperaci\u00f3n del sector depender\u00e1 de qu\u00e9 tanto podr\u00e1n los comerciantes <strong>renegociar sus contratos de arrendamiento<\/strong>. El reto ser\u00e1 c\u00f3mo y qu\u00e9 tan r\u00e1pido se adaptar\u00e1n los inmuebles a un entorno en el que seguramente continuar\u00e1 la intermitencia del confinamiento, por lo menos, hasta no existir una vacuna\u201d, dice <strong>SiiLA<\/strong>.<\/p>\n<p>Asimismo, destaca que el <strong><em>e-commerce<\/em><\/strong> ha sido uno de los instrumentos m\u00e1s utilizados para la diversificaci\u00f3n de los canales de distribuci\u00f3n; para encaminar ventas m\u00e1s certeras y disminuir el impacto negativo.<\/p>\n<a href=\"https:\/\/centrourbano.com\/revista\/wp-content\/uploads\/Retail-1.jpg\" target=\"_blank\" rel=\"noopener noreferrer\"><img loading=\"lazy\" decoding=\"async\" class=\"aligncenter wp-image-107688\" src=\"https:\/\/centrourbano.com\/revista\/wp-content\/uploads\/Retail-1.jpg\" alt=\"\" width=\"451\" height=\"326\" srcset=\"https:\/\/centrourbano.com\/revista\/wp-content\/uploads\/Retail-1.jpg 517w, https:\/\/centrourbano.com\/revista\/wp-content\/uploads\/Retail-1-300x217.jpg 300w\" sizes=\"auto, (max-width: 451px) 100vw, 451px\" \/><\/a>\n<h4><strong>Oficinas<\/strong><\/h4>\n<p>Al cierre de mayo, el sector corporativo report\u00f3 un <strong>promedio en recolecci\u00f3n de rentas<\/strong> del 80%; lo cual habla de un sector que, aparentemente y hasta el quinto mes del a\u00f1o, no ha sufrido un golpe letal. Por ejemplo, en el mercado de la <strong>Ciudad de M\u00e9xico<\/strong> se registr\u00f3 una <strong>absorci\u00f3n bruta<\/strong> de 14,638 metros cuadrados (m\u00b2); mientras que la <strong>absorci\u00f3n neta<\/strong> se mantuvo pr\u00e1cticamente nula. Esto quiere decir que hubo inquilinos que abandonaron espacios y otros que absorbieron la misma cantidad de \u00e1rea.<\/p>\n<p>\u201cLas oficinas hoy presentan un reto importante en cuanto a la <strong>adecuaci\u00f3n de espacios<\/strong>; lo que pone en duda si esto tendr\u00e1 un efecto positivo en el aumento de la ocupaci\u00f3n de espacios por parte de los mismos inquilinos; o bien, si contraer\u00e1n el \u00e1rea dispuesta, gracias a la din\u00e1mica de alternar entre los centros de trabajo y el <em>home office<\/em> a largo plazo\u201d, menciona la plataforma.<\/p>\n<p>Adem\u00e1s, los <strong>contratos<\/strong> que se encontraban en negociaci\u00f3n, o reci\u00e9n firmados, ser\u00e1n renegociados o rescindidos; lo cual, seguramente, causar\u00e1 una <strong>presi\u00f3n al alza de la tasa de disponibilidad<\/strong> en el mediano plazo; y, por otro lado, una reducci\u00f3n en las proyecciones de los ingresos operativos de hasta un 30% hacia el final del 2020.<\/p>\n<a href=\"https:\/\/centrourbano.com\/revista\/wp-content\/uploads\/Oficinas-4.jpg\" target=\"_blank\" rel=\"noopener noreferrer\"><img loading=\"lazy\" decoding=\"async\" class=\"aligncenter wp-image-107689 \" src=\"https:\/\/centrourbano.com\/revista\/wp-content\/uploads\/Oficinas-4.jpg\" alt=\"\" width=\"450\" height=\"331\" srcset=\"https:\/\/centrourbano.com\/revista\/wp-content\/uploads\/Oficinas-4.jpg 517w, https:\/\/centrourbano.com\/revista\/wp-content\/uploads\/Oficinas-4-300x221.jpg 300w, https:\/\/centrourbano.com\/revista\/wp-content\/uploads\/Oficinas-4-100x75.jpg 100w\" sizes=\"auto, (max-width: 450px) 100vw, 450px\" \/><\/a>\n<h4><strong>Industrial<\/strong><\/h4>\n<p>Este sector registr\u00f3 una <strong>absorci\u00f3n bruta<\/strong> de 300,000 m\u00b2 y una <strong>absorci\u00f3n neta<\/strong> de 50,000 m\u00b2 para los mercados del Baj\u00edo, Tijuana, CDMX y Monterrey. As\u00ed como un promedio de 90% en la <strong>recolecci\u00f3n de rentas<\/strong> al cierre de mayo.<\/p>\n<p>\u201cLos retos para este sector, particularmente en lo que se refiere a log\u00edstica y comercio electr\u00f3nico, ser\u00e1n un \u2018problema feliz\u2019, ya que, debido al <strong>aumento acelerado de las ventas<\/strong> en el \u00faltimo trimestre, la infraestructura log\u00edstica para entrega en \u00faltima milla est\u00e1 quedando corta\u201d, afirma <strong>SiiLA<\/strong> M\u00e9xico.<\/p>\n<p>Por otro lado, aquello que se preve\u00eda que podr\u00eda suceder en unos a\u00f1os, en t\u00e9rminos de <strong>vol\u00famenes de venta, crecimiento en inventarios e infraestructura<\/strong> para el sector log\u00edstico gracias al <em>e-commerce<\/em>, est\u00e1 ocurriendo en unos cuantos meses; lo cual, naturalmente ser\u00e1 una oportunidad\/reto para muchos de los involucrados.<\/p>\n<p>\u201cComo consecuencia, los inversionistas especializados en el sector industrial tender\u00e1n a <strong>desarrollar o reconvertir espacios<\/strong> para atender la demanda de inquilinos enfocados en mejorar sus procesos log\u00edsticos de \u00faltima milla\u201d, explica la firma.<\/p>\n<a href=\"https:\/\/centrourbano.com\/revista\/wp-content\/uploads\/Industrial-1.jpg\" target=\"_blank\" rel=\"noopener noreferrer\"><img loading=\"lazy\" decoding=\"async\" class=\"aligncenter wp-image-107693 \" src=\"https:\/\/centrourbano.com\/revista\/wp-content\/uploads\/Industrial-1.jpg\" alt=\"\" width=\"450\" height=\"313\" srcset=\"https:\/\/centrourbano.com\/revista\/wp-content\/uploads\/Industrial-1.jpg 577w, https:\/\/centrourbano.com\/revista\/wp-content\/uploads\/Industrial-1-300x208.jpg 300w\" sizes=\"auto, (max-width: 450px) 100vw, 450px\" \/><\/a>\n<p>Finalmente, <strong>SiiLA<\/strong> asegura que, ante la pandemia, la <strong>inversi\u00f3n en tecnolog\u00eda<\/strong> ser\u00e1 un factor vital para todos los sectores inmobiliarios; debido a la exigencia de eficiencia y productividad a los equipos y en los procesos.<\/p>\n<p>\u201cLas empresas buscar\u00e1n <strong>eficiencia y productividad<\/strong> por sobre todo; y no solo en el campo de los procesos, sino en la medici\u00f3n y reducci\u00f3n de los riesgos que supone el virus. La data y la informaci\u00f3n ser\u00e1n vitales en la toma de decisiones ahora y despu\u00e9s de la contingencia\u201d, concluye.<\/p>\n","protected":false},"excerpt":{"rendered":"<p>Ante la presente pandemia, la inversi\u00f3n en tecnolog\u00eda ser\u00e1 un factor vital para todos los sectores inmobiliarios; debido a la exigencia de eficiencia y productividad a los equipos<\/p>\n","protected":false},"author":73,"featured_media":107674,"comment_status":"open","ping_status":"closed","sticky":false,"template":"","format":"standard","meta":{"om_disable_all_campaigns":false,"inline_featured_image":false,"_monsterinsights_skip_tracking":false,"_monsterinsights_sitenote_active":false,"_monsterinsights_sitenote_note":"","_monsterinsights_sitenote_category":0,"footnotes":""},"categories":[17827,15],"tags":[17784,40,115,58,17777,2232,686],"class_list":["post-107673","post","type-post","status-publish","format-standard","has-post-thumbnail","hentry","category-cobertura-covid-19","category-inmobiliario","tag-covid-19","tag-hoteles","tag-industrial","tag-oficinas","tag-pandemia","tag-retail","tag-sector-inmobiliario"],"yoast_head":"<!-- This site is optimized with the Yoast SEO plugin v27.4 - https:\/\/yoast.com\/product\/yoast-seo-wordpress\/ -->\n<title>As\u00ed ha afectado la pandemia al sector inmobiliario comercial<\/title>\n<meta name=\"description\" content=\"Ante la pandemia, la inversi\u00f3n en tecnolog\u00eda ser\u00e1 un factor vital para todos los sectores inmobiliarios; debido a la exigencia de eficiencia y productividad\" \/>\n<meta name=\"robots\" content=\"index, follow, max-snippet:-1, max-image-preview:large, max-video-preview:-1\" \/>\n<link rel=\"canonical\" href=\"https:\/\/centrourbano.com\/revista\/inmobiliario\/pandemia-sector-inmobiliario-comercial\/\" \/>\n<meta property=\"og:locale\" content=\"es_ES\" \/>\n<meta property=\"og:type\" content=\"article\" \/>\n<meta property=\"og:title\" content=\"As\u00ed ha afectado la pandemia al sector inmobiliario comercial\" \/>\n<meta property=\"og:description\" content=\"Ante la pandemia, la inversi\u00f3n en tecnolog\u00eda ser\u00e1 un factor vital para todos los sectores inmobiliarios; debido a la exigencia de eficiencia y productividad\" \/>\n<meta property=\"og:url\" content=\"https:\/\/centrourbano.com\/revista\/inmobiliario\/pandemia-sector-inmobiliario-comercial\/\" \/>\n<meta property=\"og:site_name\" content=\"Centro Urbano\" \/>\n<meta property=\"article:publisher\" content=\"https:\/\/www.facebook.com\/portalcentrourbano\" \/>\n<meta property=\"article:published_time\" content=\"2020-06-10T14:53:25+00:00\" \/>\n<meta property=\"article:modified_time\" content=\"2020-06-10T18:56:33+00:00\" \/>\n<meta property=\"og:image\" content=\"https:\/\/centrourbano.com\/revista\/wp-content\/uploads\/As\u00ed-ha-afectado-la-pandemia-al-sector-inmobiliario-comercial.jpg\" \/>\n\t<meta property=\"og:image:width\" content=\"800\" \/>\n\t<meta property=\"og:image:height\" content=\"447\" \/>\n\t<meta property=\"og:image:type\" content=\"image\/jpeg\" \/>\n<meta name=\"author\" content=\"Fernanda Hern\u00e1ndez\" \/>\n<meta name=\"twitter:card\" content=\"summary_large_image\" \/>\n<meta name=\"twitter:creator\" content=\"@https:\/\/twitter.com\/Nannz_Hernandez\" \/>\n<meta name=\"twitter:site\" content=\"@CentroUrbano\" \/>\n<meta name=\"twitter:label1\" content=\"Escrito por\" \/>\n\t<meta name=\"twitter:data1\" content=\"Fernanda Hern\u00e1ndez\" \/>\n\t<meta name=\"twitter:label2\" content=\"Tiempo de lectura\" \/>\n\t<meta name=\"twitter:data2\" content=\"5 minutos\" \/>\n<script type=\"application\/ld+json\" class=\"yoast-schema-graph\">{\"@context\":\"https:\\\/\\\/schema.org\",\"@graph\":[{\"@type\":\"Article\",\"@id\":\"https:\\\/\\\/centrourbano.com\\\/revista\\\/inmobiliario\\\/pandemia-sector-inmobiliario-comercial\\\/#article\",\"isPartOf\":{\"@id\":\"https:\\\/\\\/centrourbano.com\\\/revista\\\/inmobiliario\\\/pandemia-sector-inmobiliario-comercial\\\/\"},\"author\":{\"name\":\"Fernanda Hern\u00e1ndez\",\"@id\":\"https:\\\/\\\/centrourbano.com\\\/revista\\\/#\\\/schema\\\/person\\\/b190b20bbbceb41ec72278c546fa8df3\"},\"headline\":\"As\u00ed ha afectado la pandemia al sector inmobiliario comercial\",\"datePublished\":\"2020-06-10T14:53:25+00:00\",\"dateModified\":\"2020-06-10T18:56:33+00:00\",\"mainEntityOfPage\":{\"@id\":\"https:\\\/\\\/centrourbano.com\\\/revista\\\/inmobiliario\\\/pandemia-sector-inmobiliario-comercial\\\/\"},\"wordCount\":955,\"commentCount\":0,\"publisher\":{\"@id\":\"https:\\\/\\\/centrourbano.com\\\/revista\\\/#organization\"},\"image\":{\"@id\":\"https:\\\/\\\/centrourbano.com\\\/revista\\\/inmobiliario\\\/pandemia-sector-inmobiliario-comercial\\\/#primaryimage\"},\"thumbnailUrl\":\"https:\\\/\\\/centrourbano.com\\\/revista\\\/wp-content\\\/uploads\\\/As\u00ed-ha-afectado-la-pandemia-al-sector-inmobiliario-comercial.jpg\",\"keywords\":[\"COVID-19\",\"hoteles\",\"industrial\",\"oficinas\",\"pandemia\",\"Retail\",\"sector inmobiliario\"],\"articleSection\":[\"Cobertura Covid-19\",\"Inmobiliario\"],\"inLanguage\":\"es\",\"potentialAction\":[{\"@type\":\"CommentAction\",\"name\":\"Comment\",\"target\":[\"https:\\\/\\\/centrourbano.com\\\/revista\\\/inmobiliario\\\/pandemia-sector-inmobiliario-comercial\\\/#respond\"]}]},{\"@type\":\"WebPage\",\"@id\":\"https:\\\/\\\/centrourbano.com\\\/revista\\\/inmobiliario\\\/pandemia-sector-inmobiliario-comercial\\\/\",\"url\":\"https:\\\/\\\/centrourbano.com\\\/revista\\\/inmobiliario\\\/pandemia-sector-inmobiliario-comercial\\\/\",\"name\":\"As\u00ed ha afectado la pandemia al sector inmobiliario comercial\",\"isPartOf\":{\"@id\":\"https:\\\/\\\/centrourbano.com\\\/revista\\\/#website\"},\"primaryImageOfPage\":{\"@id\":\"https:\\\/\\\/centrourbano.com\\\/revista\\\/inmobiliario\\\/pandemia-sector-inmobiliario-comercial\\\/#primaryimage\"},\"image\":{\"@id\":\"https:\\\/\\\/centrourbano.com\\\/revista\\\/inmobiliario\\\/pandemia-sector-inmobiliario-comercial\\\/#primaryimage\"},\"thumbnailUrl\":\"https:\\\/\\\/centrourbano.com\\\/revista\\\/wp-content\\\/uploads\\\/As\u00ed-ha-afectado-la-pandemia-al-sector-inmobiliario-comercial.jpg\",\"datePublished\":\"2020-06-10T14:53:25+00:00\",\"dateModified\":\"2020-06-10T18:56:33+00:00\",\"description\":\"Ante la pandemia, la inversi\u00f3n en tecnolog\u00eda ser\u00e1 un factor vital para todos los sectores inmobiliarios; debido a la exigencia de eficiencia y productividad\",\"breadcrumb\":{\"@id\":\"https:\\\/\\\/centrourbano.com\\\/revista\\\/inmobiliario\\\/pandemia-sector-inmobiliario-comercial\\\/#breadcrumb\"},\"inLanguage\":\"es\",\"potentialAction\":[{\"@type\":\"ReadAction\",\"target\":[\"https:\\\/\\\/centrourbano.com\\\/revista\\\/inmobiliario\\\/pandemia-sector-inmobiliario-comercial\\\/\"]}]},{\"@type\":\"ImageObject\",\"inLanguage\":\"es\",\"@id\":\"https:\\\/\\\/centrourbano.com\\\/revista\\\/inmobiliario\\\/pandemia-sector-inmobiliario-comercial\\\/#primaryimage\",\"url\":\"https:\\\/\\\/centrourbano.com\\\/revista\\\/wp-content\\\/uploads\\\/As\u00ed-ha-afectado-la-pandemia-al-sector-inmobiliario-comercial.jpg\",\"contentUrl\":\"https:\\\/\\\/centrourbano.com\\\/revista\\\/wp-content\\\/uploads\\\/As\u00ed-ha-afectado-la-pandemia-al-sector-inmobiliario-comercial.jpg\",\"width\":800,\"height\":447,\"caption\":\"Ante la pandemia, la inversi\u00f3n en tecnolog\u00eda ser\u00e1 un factor vital para todos los sectores inmobiliarios; debido a la exigencia de eficiencia y productividad\"},{\"@type\":\"BreadcrumbList\",\"@id\":\"https:\\\/\\\/centrourbano.com\\\/revista\\\/inmobiliario\\\/pandemia-sector-inmobiliario-comercial\\\/#breadcrumb\",\"itemListElement\":[{\"@type\":\"ListItem\",\"position\":1,\"name\":\"Portada\",\"item\":\"https:\\\/\\\/centrourbano.com\\\/revista\\\/\"},{\"@type\":\"ListItem\",\"position\":2,\"name\":\"As\u00ed ha afectado la pandemia al sector inmobiliario comercial\"}]},{\"@type\":\"WebSite\",\"@id\":\"https:\\\/\\\/centrourbano.com\\\/revista\\\/#website\",\"url\":\"https:\\\/\\\/centrourbano.com\\\/revista\\\/\",\"name\":\"Centro Urbano\",\"description\":\"Medio especializado en los sectores vivienda, inmobiliario, construcci\u00f3n, arquitectura y urbanismo.\",\"publisher\":{\"@id\":\"https:\\\/\\\/centrourbano.com\\\/revista\\\/#organization\"},\"potentialAction\":[{\"@type\":\"SearchAction\",\"target\":{\"@type\":\"EntryPoint\",\"urlTemplate\":\"https:\\\/\\\/centrourbano.com\\\/revista\\\/?s={search_term_string}\"},\"query-input\":{\"@type\":\"PropertyValueSpecification\",\"valueRequired\":true,\"valueName\":\"search_term_string\"}}],\"inLanguage\":\"es\"},{\"@type\":\"Organization\",\"@id\":\"https:\\\/\\\/centrourbano.com\\\/revista\\\/#organization\",\"name\":\"Centro Urbano\",\"url\":\"https:\\\/\\\/centrourbano.com\\\/revista\\\/\",\"logo\":{\"@type\":\"ImageObject\",\"inLanguage\":\"es\",\"@id\":\"https:\\\/\\\/centrourbano.com\\\/revista\\\/#\\\/schema\\\/logo\\\/image\\\/\",\"url\":\"https:\\\/\\\/centrourbano.com\\\/revista\\\/wp-content\\\/uploads\\\/web_CU_logo-1.png\",\"contentUrl\":\"https:\\\/\\\/centrourbano.com\\\/revista\\\/wp-content\\\/uploads\\\/web_CU_logo-1.png\",\"width\":350,\"height\":91,\"caption\":\"Centro Urbano\"},\"image\":{\"@id\":\"https:\\\/\\\/centrourbano.com\\\/revista\\\/#\\\/schema\\\/logo\\\/image\\\/\"},\"sameAs\":[\"https:\\\/\\\/www.facebook.com\\\/portalcentrourbano\",\"https:\\\/\\\/x.com\\\/CentroUrbano\",\"https:\\\/\\\/www.instagram.com\\\/centro_urbano\\\/\",\"https:\\\/\\\/www.linkedin.com\\\/company\\\/centro-urbano\\\/\",\"http:\\\/\\\/www.youtube.com\\\/user\\\/portalcentrourbano\"]},{\"@type\":\"Person\",\"@id\":\"https:\\\/\\\/centrourbano.com\\\/revista\\\/#\\\/schema\\\/person\\\/b190b20bbbceb41ec72278c546fa8df3\",\"name\":\"Fernanda Hern\u00e1ndez\",\"image\":{\"@type\":\"ImageObject\",\"inLanguage\":\"es\",\"@id\":\"https:\\\/\\\/secure.gravatar.com\\\/avatar\\\/9471831fb0a24eae9d32d826a7cb8ef07c34a41520aca1a0ab1f5c0903ba49b9?s=96&d=mm&r=g\",\"url\":\"https:\\\/\\\/secure.gravatar.com\\\/avatar\\\/9471831fb0a24eae9d32d826a7cb8ef07c34a41520aca1a0ab1f5c0903ba49b9?s=96&d=mm&r=g\",\"contentUrl\":\"https:\\\/\\\/secure.gravatar.com\\\/avatar\\\/9471831fb0a24eae9d32d826a7cb8ef07c34a41520aca1a0ab1f5c0903ba49b9?s=96&d=mm&r=g\",\"caption\":\"Fernanda Hern\u00e1ndez\"},\"description\":\"Reportera y redactora en Centro Urbano. Soy egresada de la licenciatura en Ciencias de la Comunicaci\u00f3n de la Facultad de Ciencias Pol\u00edticas y Sociales (UNAM). Me interesa la cultura, el urbanismo y la arquitectura. Amante del mundo digital, el cine, la m\u00fasica, la lectura y la escritura.\",\"sameAs\":[\"https:\\\/\\\/x.com\\\/https:\\\/\\\/twitter.com\\\/Nannz_Hernandez\"],\"url\":\"https:\\\/\\\/centrourbano.com\\\/revista\\\/author\\\/fernanda-hernandez\\\/\"}]}<\/script>\n<!-- \/ Yoast SEO plugin. -->","yoast_head_json":{"title":"As\u00ed ha afectado la pandemia al sector inmobiliario comercial","description":"Ante la pandemia, la inversi\u00f3n en tecnolog\u00eda ser\u00e1 un factor vital para todos los sectores inmobiliarios; debido a la exigencia de eficiencia y productividad","robots":{"index":"index","follow":"follow","max-snippet":"max-snippet:-1","max-image-preview":"max-image-preview:large","max-video-preview":"max-video-preview:-1"},"canonical":"https:\/\/centrourbano.com\/revista\/inmobiliario\/pandemia-sector-inmobiliario-comercial\/","og_locale":"es_ES","og_type":"article","og_title":"As\u00ed ha afectado la pandemia al sector inmobiliario comercial","og_description":"Ante la pandemia, la inversi\u00f3n en tecnolog\u00eda ser\u00e1 un factor vital para todos los sectores inmobiliarios; debido a la exigencia de eficiencia y productividad","og_url":"https:\/\/centrourbano.com\/revista\/inmobiliario\/pandemia-sector-inmobiliario-comercial\/","og_site_name":"Centro Urbano","article_publisher":"https:\/\/www.facebook.com\/portalcentrourbano","article_published_time":"2020-06-10T14:53:25+00:00","article_modified_time":"2020-06-10T18:56:33+00:00","og_image":[{"width":800,"height":447,"url":"https:\/\/centrourbano.com\/revista\/wp-content\/uploads\/As\u00ed-ha-afectado-la-pandemia-al-sector-inmobiliario-comercial.jpg","type":"image\/jpeg"}],"author":"Fernanda Hern\u00e1ndez","twitter_card":"summary_large_image","twitter_creator":"@https:\/\/twitter.com\/Nannz_Hernandez","twitter_site":"@CentroUrbano","twitter_misc":{"Escrito por":"Fernanda Hern\u00e1ndez","Tiempo de lectura":"5 minutos"},"schema":{"@context":"https:\/\/schema.org","@graph":[{"@type":"Article","@id":"https:\/\/centrourbano.com\/revista\/inmobiliario\/pandemia-sector-inmobiliario-comercial\/#article","isPartOf":{"@id":"https:\/\/centrourbano.com\/revista\/inmobiliario\/pandemia-sector-inmobiliario-comercial\/"},"author":{"name":"Fernanda Hern\u00e1ndez","@id":"https:\/\/centrourbano.com\/revista\/#\/schema\/person\/b190b20bbbceb41ec72278c546fa8df3"},"headline":"As\u00ed ha afectado la pandemia al sector inmobiliario comercial","datePublished":"2020-06-10T14:53:25+00:00","dateModified":"2020-06-10T18:56:33+00:00","mainEntityOfPage":{"@id":"https:\/\/centrourbano.com\/revista\/inmobiliario\/pandemia-sector-inmobiliario-comercial\/"},"wordCount":955,"commentCount":0,"publisher":{"@id":"https:\/\/centrourbano.com\/revista\/#organization"},"image":{"@id":"https:\/\/centrourbano.com\/revista\/inmobiliario\/pandemia-sector-inmobiliario-comercial\/#primaryimage"},"thumbnailUrl":"https:\/\/centrourbano.com\/revista\/wp-content\/uploads\/As\u00ed-ha-afectado-la-pandemia-al-sector-inmobiliario-comercial.jpg","keywords":["COVID-19","hoteles","industrial","oficinas","pandemia","Retail","sector inmobiliario"],"articleSection":["Cobertura Covid-19","Inmobiliario"],"inLanguage":"es","potentialAction":[{"@type":"CommentAction","name":"Comment","target":["https:\/\/centrourbano.com\/revista\/inmobiliario\/pandemia-sector-inmobiliario-comercial\/#respond"]}]},{"@type":"WebPage","@id":"https:\/\/centrourbano.com\/revista\/inmobiliario\/pandemia-sector-inmobiliario-comercial\/","url":"https:\/\/centrourbano.com\/revista\/inmobiliario\/pandemia-sector-inmobiliario-comercial\/","name":"As\u00ed ha afectado la pandemia al sector inmobiliario comercial","isPartOf":{"@id":"https:\/\/centrourbano.com\/revista\/#website"},"primaryImageOfPage":{"@id":"https:\/\/centrourbano.com\/revista\/inmobiliario\/pandemia-sector-inmobiliario-comercial\/#primaryimage"},"image":{"@id":"https:\/\/centrourbano.com\/revista\/inmobiliario\/pandemia-sector-inmobiliario-comercial\/#primaryimage"},"thumbnailUrl":"https:\/\/centrourbano.com\/revista\/wp-content\/uploads\/As\u00ed-ha-afectado-la-pandemia-al-sector-inmobiliario-comercial.jpg","datePublished":"2020-06-10T14:53:25+00:00","dateModified":"2020-06-10T18:56:33+00:00","description":"Ante la pandemia, la inversi\u00f3n en tecnolog\u00eda ser\u00e1 un factor vital para todos los sectores inmobiliarios; debido a la exigencia de eficiencia y productividad","breadcrumb":{"@id":"https:\/\/centrourbano.com\/revista\/inmobiliario\/pandemia-sector-inmobiliario-comercial\/#breadcrumb"},"inLanguage":"es","potentialAction":[{"@type":"ReadAction","target":["https:\/\/centrourbano.com\/revista\/inmobiliario\/pandemia-sector-inmobiliario-comercial\/"]}]},{"@type":"ImageObject","inLanguage":"es","@id":"https:\/\/centrourbano.com\/revista\/inmobiliario\/pandemia-sector-inmobiliario-comercial\/#primaryimage","url":"https:\/\/centrourbano.com\/revista\/wp-content\/uploads\/As\u00ed-ha-afectado-la-pandemia-al-sector-inmobiliario-comercial.jpg","contentUrl":"https:\/\/centrourbano.com\/revista\/wp-content\/uploads\/As\u00ed-ha-afectado-la-pandemia-al-sector-inmobiliario-comercial.jpg","width":800,"height":447,"caption":"Ante la pandemia, la inversi\u00f3n en tecnolog\u00eda ser\u00e1 un factor vital para todos los sectores inmobiliarios; debido a la exigencia de eficiencia y productividad"},{"@type":"BreadcrumbList","@id":"https:\/\/centrourbano.com\/revista\/inmobiliario\/pandemia-sector-inmobiliario-comercial\/#breadcrumb","itemListElement":[{"@type":"ListItem","position":1,"name":"Portada","item":"https:\/\/centrourbano.com\/revista\/"},{"@type":"ListItem","position":2,"name":"As\u00ed ha afectado la pandemia al sector inmobiliario comercial"}]},{"@type":"WebSite","@id":"https:\/\/centrourbano.com\/revista\/#website","url":"https:\/\/centrourbano.com\/revista\/","name":"Centro Urbano","description":"Medio especializado en los sectores vivienda, inmobiliario, construcci\u00f3n, arquitectura y urbanismo.","publisher":{"@id":"https:\/\/centrourbano.com\/revista\/#organization"},"potentialAction":[{"@type":"SearchAction","target":{"@type":"EntryPoint","urlTemplate":"https:\/\/centrourbano.com\/revista\/?s={search_term_string}"},"query-input":{"@type":"PropertyValueSpecification","valueRequired":true,"valueName":"search_term_string"}}],"inLanguage":"es"},{"@type":"Organization","@id":"https:\/\/centrourbano.com\/revista\/#organization","name":"Centro Urbano","url":"https:\/\/centrourbano.com\/revista\/","logo":{"@type":"ImageObject","inLanguage":"es","@id":"https:\/\/centrourbano.com\/revista\/#\/schema\/logo\/image\/","url":"https:\/\/centrourbano.com\/revista\/wp-content\/uploads\/web_CU_logo-1.png","contentUrl":"https:\/\/centrourbano.com\/revista\/wp-content\/uploads\/web_CU_logo-1.png","width":350,"height":91,"caption":"Centro Urbano"},"image":{"@id":"https:\/\/centrourbano.com\/revista\/#\/schema\/logo\/image\/"},"sameAs":["https:\/\/www.facebook.com\/portalcentrourbano","https:\/\/x.com\/CentroUrbano","https:\/\/www.instagram.com\/centro_urbano\/","https:\/\/www.linkedin.com\/company\/centro-urbano\/","http:\/\/www.youtube.com\/user\/portalcentrourbano"]},{"@type":"Person","@id":"https:\/\/centrourbano.com\/revista\/#\/schema\/person\/b190b20bbbceb41ec72278c546fa8df3","name":"Fernanda Hern\u00e1ndez","image":{"@type":"ImageObject","inLanguage":"es","@id":"https:\/\/secure.gravatar.com\/avatar\/9471831fb0a24eae9d32d826a7cb8ef07c34a41520aca1a0ab1f5c0903ba49b9?s=96&d=mm&r=g","url":"https:\/\/secure.gravatar.com\/avatar\/9471831fb0a24eae9d32d826a7cb8ef07c34a41520aca1a0ab1f5c0903ba49b9?s=96&d=mm&r=g","contentUrl":"https:\/\/secure.gravatar.com\/avatar\/9471831fb0a24eae9d32d826a7cb8ef07c34a41520aca1a0ab1f5c0903ba49b9?s=96&d=mm&r=g","caption":"Fernanda Hern\u00e1ndez"},"description":"Reportera y redactora en Centro Urbano. Soy egresada de la licenciatura en Ciencias de la Comunicaci\u00f3n de la Facultad de Ciencias Pol\u00edticas y Sociales (UNAM). Me interesa la cultura, el urbanismo y la arquitectura. Amante del mundo digital, el cine, la m\u00fasica, la lectura y la escritura.","sameAs":["https:\/\/x.com\/https:\/\/twitter.com\/Nannz_Hernandez"],"url":"https:\/\/centrourbano.com\/revista\/author\/fernanda-hernandez\/"}]}},"_links":{"self":[{"href":"https:\/\/centrourbano.com\/revista\/wp-json\/wp\/v2\/posts\/107673","targetHints":{"allow":["GET"]}}],"collection":[{"href":"https:\/\/centrourbano.com\/revista\/wp-json\/wp\/v2\/posts"}],"about":[{"href":"https:\/\/centrourbano.com\/revista\/wp-json\/wp\/v2\/types\/post"}],"author":[{"embeddable":true,"href":"https:\/\/centrourbano.com\/revista\/wp-json\/wp\/v2\/users\/73"}],"replies":[{"embeddable":true,"href":"https:\/\/centrourbano.com\/revista\/wp-json\/wp\/v2\/comments?post=107673"}],"version-history":[{"count":1,"href":"https:\/\/centrourbano.com\/revista\/wp-json\/wp\/v2\/posts\/107673\/revisions"}],"predecessor-version":[{"id":107694,"href":"https:\/\/centrourbano.com\/revista\/wp-json\/wp\/v2\/posts\/107673\/revisions\/107694"}],"wp:featuredmedia":[{"embeddable":true,"href":"https:\/\/centrourbano.com\/revista\/wp-json\/wp\/v2\/media\/107674"}],"wp:attachment":[{"href":"https:\/\/centrourbano.com\/revista\/wp-json\/wp\/v2\/media?parent=107673"}],"wp:term":[{"taxonomy":"category","embeddable":true,"href":"https:\/\/centrourbano.com\/revista\/wp-json\/wp\/v2\/categories?post=107673"},{"taxonomy":"post_tag","embeddable":true,"href":"https:\/\/centrourbano.com\/revista\/wp-json\/wp\/v2\/tags?post=107673"}],"curies":[{"name":"wp","href":"https:\/\/api.w.org\/{rel}","templated":true}]}}