{"id":10761,"date":"2014-09-17T12:37:01","date_gmt":"2014-09-17T17:37:01","guid":{"rendered":"http:\/\/centrourbano.com\/?p=10761"},"modified":"2014-09-17T12:38:01","modified_gmt":"2014-09-17T17:38:01","slug":"cumple-50-anos-el-museo-mas-visitado-de-mexico","status":"publish","type":"post","link":"https:\/\/centrourbano.com\/revista\/arquitectura-2\/cumple-50-anos-el-museo-mas-visitado-de-mexico\/","title":{"rendered":"Cumple 50 a\u00f1os el museo m\u00e1s visitado de M\u00e9xico"},"content":{"rendered":"<p><em>Se trata del Museo Nacional de Antropolog\u00eda, obra del afamado arquitecto Pedro Ram\u00edrez V\u00e1zquez<\/em><br \/>\n<!--more--><\/p>\n<p>El 17 de septiembre de 1964 el Museo Nacional de Antropolog\u00eda\u00a0abri\u00f3 sus puertas por primera vez y hoy, 50 a\u00f1os despu\u00e9s, se ha convertido en el museo m\u00e1s visitado de M\u00e9xico.<\/p>\n<p>Esta obra del arquitecto Pedro Ram\u00edrez V\u00e1zquez, ha sido reconocida internacionalmente por su belleza arquitect\u00f3nica y a la fecha alberga 24 salas que contienen una de las colecciones arqueol\u00f3gicas y etnogr\u00e1ficas m\u00e1s importantes de M\u00e9xico.<\/p>\n<p>Ubicado en el coraz\u00f3n del Bosque de Chapultepec, este inmueble se edific\u00f3 sobre una superficie de 70,000 metros cuadrados. Adem\u00e1s, su dise\u00f1o materializ\u00f3 el respeto por la tradici\u00f3n de los pueblos prehisp\u00e1nicos, conservando sus valores.<\/p>\n<p>La forma b\u00e1sica del recinto se concibi\u00f3 en un s\u00f3lo rect\u00e1ngulo fraccionado en espacios que posibilitan funciones y sensaciones diversas, aun cuando todos comparten la misma materia prima: m\u00e1rmol, aluminio y cristal.<\/p>\n<p>Se\u00f1alado como un museo innovador, \u00e9ste tiene elementos dentro su patio central que fue concebido como eje rector del discurso arquitect\u00f3nico, un lugar de solaz donde los materiales de construcci\u00f3n son una reflexi\u00f3n sobre la diversidad medioambiental del pa\u00eds.<\/p>\n<p>As\u00ed lo dio a conocer Laura Filloy Nadal, restauradora del museo del Instituto Nacional de Antropolog\u00eda e Historia (INAH), mediante un comunicado en donde adem\u00e1s dijo que el proyecto de conservaci\u00f3n de la arquitectura y escultura del patio central que se ejecut\u00f3 hace dos a\u00f1os, refiere que lo mismo fueron seleccionados elementos provenientes de la zona calc\u00e1rea (Puebla, Quer\u00e9taro o la pen\u00ednsula de Yucat\u00e1n) que de la regi\u00f3n volc\u00e1nica, en el centro del pa\u00eds. Adem\u00e1s se provey\u00f3 al espacio de obras creadas por connotados artistas del siglo XX en M\u00e9xico.<\/p>\n<p>En la plaza interior o patio central del museo que se concibi\u00f3 para que el visitante no se sienta atrapado dentro de una construcci\u00f3n de grandes dimensiones, se localiza la columna de bronce conocida como el Paraguas -obra de los hermanos Jos\u00e9 y Tom\u00e1s Ch\u00e1vez Morado-, cuyo volumen y luminosidad se recuperaron hace un par de a\u00f1os.<\/p>\n<p>En total se recorren 5.5 kil\u00f3metros de pasillos y salas en donde se pueden apreciar 40 mil a\u00f1os de historia de los seres humanos, desde la prehistoria hasta la vida presente de los pueblos ind\u00edgenas.<\/p>\n","protected":false},"excerpt":{"rendered":"<p>Se trata del Museo Nacional de Antropolog\u00eda, obra del afamado arquitecto Pedro Ram\u00edrez V\u00e1zquez<\/p>\n","protected":false},"author":9,"featured_media":0,"comment_status":"open","ping_status":"closed","sticky":false,"template":"","format":"standard","meta":{"om_disable_all_campaigns":false,"inline_featured_image":false,"_monsterinsights_skip_tracking":false,"_monsterinsights_sitenote_active":false,"_monsterinsights_sitenote_note":"","_monsterinsights_sitenote_category":0,"footnotes":""},"categories":[81],"tags":[20,3050,724,728],"class_list":["post-10761","post","type-post","status-publish","format-standard","hentry","category-arquitectura-2","tag-arquitectura","tag-mna","tag-museo-nacional-de-antropologia","tag-pedro-ramirez-vazquez"],"yoast_head":"<!-- This site is optimized with the Yoast SEO plugin v27.5 - https:\/\/yoast.com\/product\/yoast-seo-wordpress\/ -->\n<title>Cumple 50 a\u00f1os el museo m\u00e1s visitado de M\u00e9xico -<\/title>\n<meta name=\"description\" content=\"Se trata del Museo Nacional de Antropolog\u00eda, obra del afamado arquitecto Pedro Ram\u00edrez V\u00e1zquez El 17 de septiembre de 1964 el Museo Nacional de\" \/>\n<meta name=\"robots\" content=\"index, follow, max-snippet:-1, max-image-preview:large, max-video-preview:-1\" \/>\n<link rel=\"canonical\" href=\"https:\/\/centrourbano.com\/revista\/arquitectura-2\/cumple-50-anos-el-museo-mas-visitado-de-mexico\/\" \/>\n<meta property=\"og:locale\" content=\"es_ES\" \/>\n<meta property=\"og:type\" content=\"article\" \/>\n<meta property=\"og:title\" content=\"Cumple 50 a\u00f1os el museo m\u00e1s visitado de M\u00e9xico -\" \/>\n<meta property=\"og:description\" content=\"Se trata del Museo Nacional de Antropolog\u00eda, obra del afamado arquitecto Pedro Ram\u00edrez V\u00e1zquez El 17 de septiembre de 1964 el Museo Nacional de\" \/>\n<meta property=\"og:url\" content=\"https:\/\/centrourbano.com\/revista\/arquitectura-2\/cumple-50-anos-el-museo-mas-visitado-de-mexico\/\" \/>\n<meta property=\"og:site_name\" content=\"Centro Urbano\" \/>\n<meta property=\"article:publisher\" content=\"https:\/\/www.facebook.com\/portalcentrourbano\" \/>\n<meta property=\"article:published_time\" content=\"2014-09-17T17:37:01+00:00\" \/>\n<meta property=\"article:modified_time\" content=\"2014-09-17T17:38:01+00:00\" \/>\n<meta property=\"og:image\" content=\"https:\/\/centrourbano.com\/revista\/wp-content\/uploads\/CU-logo.png\" \/>\n\t<meta property=\"og:image:width\" content=\"350\" \/>\n\t<meta property=\"og:image:height\" content=\"91\" \/>\n\t<meta property=\"og:image:type\" content=\"image\/png\" \/>\n<meta name=\"author\" content=\"Dinorah Nava\" \/>\n<meta name=\"twitter:card\" content=\"summary_large_image\" \/>\n<meta name=\"twitter:creator\" content=\"@https:\/\/twitter.com\/Dinorah_Nava28\" \/>\n<meta name=\"twitter:site\" content=\"@CentroUrbano\" \/>\n<meta name=\"twitter:label1\" content=\"Escrito por\" \/>\n\t<meta name=\"twitter:data1\" content=\"Dinorah Nava\" \/>\n\t<meta name=\"twitter:label2\" content=\"Tiempo de lectura\" \/>\n\t<meta name=\"twitter:data2\" content=\"2 minutos\" \/>\n<script type=\"application\/ld+json\" class=\"yoast-schema-graph\">{\"@context\":\"https:\\\/\\\/schema.org\",\"@graph\":[{\"@type\":\"Article\",\"@id\":\"https:\\\/\\\/centrourbano.com\\\/revista\\\/arquitectura-2\\\/cumple-50-anos-el-museo-mas-visitado-de-mexico\\\/#article\",\"isPartOf\":{\"@id\":\"https:\\\/\\\/centrourbano.com\\\/revista\\\/arquitectura-2\\\/cumple-50-anos-el-museo-mas-visitado-de-mexico\\\/\"},\"author\":{\"name\":\"Dinorah Nava\",\"@id\":\"https:\\\/\\\/centrourbano.com\\\/revista\\\/#\\\/schema\\\/person\\\/b45db815d96831257ba428a3d5a5fbdc\"},\"headline\":\"Cumple 50 a\u00f1os el museo m\u00e1s visitado de M\u00e9xico\",\"datePublished\":\"2014-09-17T17:37:01+00:00\",\"dateModified\":\"2014-09-17T17:38:01+00:00\",\"mainEntityOfPage\":{\"@id\":\"https:\\\/\\\/centrourbano.com\\\/revista\\\/arquitectura-2\\\/cumple-50-anos-el-museo-mas-visitado-de-mexico\\\/\"},\"wordCount\":422,\"commentCount\":0,\"publisher\":{\"@id\":\"https:\\\/\\\/centrourbano.com\\\/revista\\\/#organization\"},\"keywords\":[\"arquitectura\",\"MNA\",\"Museo Nacional de Antropolog\u00eda\",\"Pedro Ram\u00edrez V\u00e1zquez\"],\"articleSection\":[\"Arquitectura\"],\"inLanguage\":\"es\",\"potentialAction\":[{\"@type\":\"CommentAction\",\"name\":\"Comment\",\"target\":[\"https:\\\/\\\/centrourbano.com\\\/revista\\\/arquitectura-2\\\/cumple-50-anos-el-museo-mas-visitado-de-mexico\\\/#respond\"]}]},{\"@type\":\"WebPage\",\"@id\":\"https:\\\/\\\/centrourbano.com\\\/revista\\\/arquitectura-2\\\/cumple-50-anos-el-museo-mas-visitado-de-mexico\\\/\",\"url\":\"https:\\\/\\\/centrourbano.com\\\/revista\\\/arquitectura-2\\\/cumple-50-anos-el-museo-mas-visitado-de-mexico\\\/\",\"name\":\"Cumple 50 a\u00f1os el museo m\u00e1s visitado de M\u00e9xico -\",\"isPartOf\":{\"@id\":\"https:\\\/\\\/centrourbano.com\\\/revista\\\/#website\"},\"datePublished\":\"2014-09-17T17:37:01+00:00\",\"dateModified\":\"2014-09-17T17:38:01+00:00\",\"description\":\"Se trata del Museo Nacional de Antropolog\u00eda, obra del afamado arquitecto Pedro Ram\u00edrez V\u00e1zquez El 17 de septiembre de 1964 el Museo Nacional de\",\"breadcrumb\":{\"@id\":\"https:\\\/\\\/centrourbano.com\\\/revista\\\/arquitectura-2\\\/cumple-50-anos-el-museo-mas-visitado-de-mexico\\\/#breadcrumb\"},\"inLanguage\":\"es\",\"potentialAction\":[{\"@type\":\"ReadAction\",\"target\":[\"https:\\\/\\\/centrourbano.com\\\/revista\\\/arquitectura-2\\\/cumple-50-anos-el-museo-mas-visitado-de-mexico\\\/\"]}]},{\"@type\":\"BreadcrumbList\",\"@id\":\"https:\\\/\\\/centrourbano.com\\\/revista\\\/arquitectura-2\\\/cumple-50-anos-el-museo-mas-visitado-de-mexico\\\/#breadcrumb\",\"itemListElement\":[{\"@type\":\"ListItem\",\"position\":1,\"name\":\"Portada\",\"item\":\"https:\\\/\\\/centrourbano.com\\\/revista\\\/\"},{\"@type\":\"ListItem\",\"position\":2,\"name\":\"Cumple 50 a\u00f1os el museo m\u00e1s visitado de M\u00e9xico\"}]},{\"@type\":\"WebSite\",\"@id\":\"https:\\\/\\\/centrourbano.com\\\/revista\\\/#website\",\"url\":\"https:\\\/\\\/centrourbano.com\\\/revista\\\/\",\"name\":\"Centro Urbano\",\"description\":\"Medio especializado en los sectores vivienda, inmobiliario, construcci\u00f3n, arquitectura y urbanismo.\",\"publisher\":{\"@id\":\"https:\\\/\\\/centrourbano.com\\\/revista\\\/#organization\"},\"potentialAction\":[{\"@type\":\"SearchAction\",\"target\":{\"@type\":\"EntryPoint\",\"urlTemplate\":\"https:\\\/\\\/centrourbano.com\\\/revista\\\/?s={search_term_string}\"},\"query-input\":{\"@type\":\"PropertyValueSpecification\",\"valueRequired\":true,\"valueName\":\"search_term_string\"}}],\"inLanguage\":\"es\"},{\"@type\":\"Organization\",\"@id\":\"https:\\\/\\\/centrourbano.com\\\/revista\\\/#organization\",\"name\":\"Centro Urbano\",\"url\":\"https:\\\/\\\/centrourbano.com\\\/revista\\\/\",\"logo\":{\"@type\":\"ImageObject\",\"inLanguage\":\"es\",\"@id\":\"https:\\\/\\\/centrourbano.com\\\/revista\\\/#\\\/schema\\\/logo\\\/image\\\/\",\"url\":\"https:\\\/\\\/centrourbano.com\\\/revista\\\/wp-content\\\/uploads\\\/web_CU_logo-1.png\",\"contentUrl\":\"https:\\\/\\\/centrourbano.com\\\/revista\\\/wp-content\\\/uploads\\\/web_CU_logo-1.png\",\"width\":350,\"height\":91,\"caption\":\"Centro Urbano\"},\"image\":{\"@id\":\"https:\\\/\\\/centrourbano.com\\\/revista\\\/#\\\/schema\\\/logo\\\/image\\\/\"},\"sameAs\":[\"https:\\\/\\\/www.facebook.com\\\/portalcentrourbano\",\"https:\\\/\\\/x.com\\\/CentroUrbano\",\"https:\\\/\\\/www.instagram.com\\\/centro_urbano\\\/\",\"https:\\\/\\\/www.linkedin.com\\\/company\\\/centro-urbano\\\/\",\"http:\\\/\\\/www.youtube.com\\\/user\\\/portalcentrourbano\"]},{\"@type\":\"Person\",\"@id\":\"https:\\\/\\\/centrourbano.com\\\/revista\\\/#\\\/schema\\\/person\\\/b45db815d96831257ba428a3d5a5fbdc\",\"name\":\"Dinorah Nava\",\"image\":{\"@type\":\"ImageObject\",\"inLanguage\":\"es\",\"@id\":\"https:\\\/\\\/secure.gravatar.com\\\/avatar\\\/f6ca6430c51d147f363940f84e1225aa4b8183885c11802cc3b042305a4ecc1a?s=96&d=mm&r=g\",\"url\":\"https:\\\/\\\/secure.gravatar.com\\\/avatar\\\/f6ca6430c51d147f363940f84e1225aa4b8183885c11802cc3b042305a4ecc1a?s=96&d=mm&r=g\",\"contentUrl\":\"https:\\\/\\\/secure.gravatar.com\\\/avatar\\\/f6ca6430c51d147f363940f84e1225aa4b8183885c11802cc3b042305a4ecc1a?s=96&d=mm&r=g\",\"caption\":\"Dinorah Nava\"},\"description\":\"Editora de Contenidos y Estrategias Digitales en Centro Urbano y Coeditora en Peri\u00f3dico Mi Casa. Egresada de la licenciatura en Comunicaci\u00f3n y Periodismo de la Facultad de Estudios Superiores Arag\u00f3n (UNAM). Amante de la edici\u00f3n y correcci\u00f3n de estilo, las redes sociales y el mundo digital. Especialista en temas son arquitectura, inmobiliario y urbanismo.\",\"sameAs\":[\"linkedin.com\\\/in\\\/dinorah-nava\",\"https:\\\/\\\/x.com\\\/https:\\\/\\\/twitter.com\\\/Dinorah_Nava28\"],\"url\":\"https:\\\/\\\/centrourbano.com\\\/revista\\\/author\\\/dinorah-nava\\\/\"}]}<\/script>\n<!-- \/ Yoast SEO plugin. -->","yoast_head_json":{"title":"Cumple 50 a\u00f1os el museo m\u00e1s visitado de M\u00e9xico -","description":"Se trata del Museo Nacional de Antropolog\u00eda, obra del afamado arquitecto Pedro Ram\u00edrez V\u00e1zquez El 17 de septiembre de 1964 el Museo Nacional de","robots":{"index":"index","follow":"follow","max-snippet":"max-snippet:-1","max-image-preview":"max-image-preview:large","max-video-preview":"max-video-preview:-1"},"canonical":"https:\/\/centrourbano.com\/revista\/arquitectura-2\/cumple-50-anos-el-museo-mas-visitado-de-mexico\/","og_locale":"es_ES","og_type":"article","og_title":"Cumple 50 a\u00f1os el museo m\u00e1s visitado de M\u00e9xico -","og_description":"Se trata del Museo Nacional de Antropolog\u00eda, obra del afamado arquitecto Pedro Ram\u00edrez V\u00e1zquez El 17 de septiembre de 1964 el Museo Nacional de","og_url":"https:\/\/centrourbano.com\/revista\/arquitectura-2\/cumple-50-anos-el-museo-mas-visitado-de-mexico\/","og_site_name":"Centro Urbano","article_publisher":"https:\/\/www.facebook.com\/portalcentrourbano","article_published_time":"2014-09-17T17:37:01+00:00","article_modified_time":"2014-09-17T17:38:01+00:00","og_image":[{"width":350,"height":91,"url":"https:\/\/centrourbano.com\/revista\/wp-content\/uploads\/CU-logo.png","type":"image\/png"}],"author":"Dinorah Nava","twitter_card":"summary_large_image","twitter_creator":"@https:\/\/twitter.com\/Dinorah_Nava28","twitter_site":"@CentroUrbano","twitter_misc":{"Escrito por":"Dinorah Nava","Tiempo de lectura":"2 minutos"},"schema":{"@context":"https:\/\/schema.org","@graph":[{"@type":"Article","@id":"https:\/\/centrourbano.com\/revista\/arquitectura-2\/cumple-50-anos-el-museo-mas-visitado-de-mexico\/#article","isPartOf":{"@id":"https:\/\/centrourbano.com\/revista\/arquitectura-2\/cumple-50-anos-el-museo-mas-visitado-de-mexico\/"},"author":{"name":"Dinorah Nava","@id":"https:\/\/centrourbano.com\/revista\/#\/schema\/person\/b45db815d96831257ba428a3d5a5fbdc"},"headline":"Cumple 50 a\u00f1os el museo m\u00e1s visitado de M\u00e9xico","datePublished":"2014-09-17T17:37:01+00:00","dateModified":"2014-09-17T17:38:01+00:00","mainEntityOfPage":{"@id":"https:\/\/centrourbano.com\/revista\/arquitectura-2\/cumple-50-anos-el-museo-mas-visitado-de-mexico\/"},"wordCount":422,"commentCount":0,"publisher":{"@id":"https:\/\/centrourbano.com\/revista\/#organization"},"keywords":["arquitectura","MNA","Museo Nacional de Antropolog\u00eda","Pedro Ram\u00edrez V\u00e1zquez"],"articleSection":["Arquitectura"],"inLanguage":"es","potentialAction":[{"@type":"CommentAction","name":"Comment","target":["https:\/\/centrourbano.com\/revista\/arquitectura-2\/cumple-50-anos-el-museo-mas-visitado-de-mexico\/#respond"]}]},{"@type":"WebPage","@id":"https:\/\/centrourbano.com\/revista\/arquitectura-2\/cumple-50-anos-el-museo-mas-visitado-de-mexico\/","url":"https:\/\/centrourbano.com\/revista\/arquitectura-2\/cumple-50-anos-el-museo-mas-visitado-de-mexico\/","name":"Cumple 50 a\u00f1os el museo m\u00e1s visitado de M\u00e9xico -","isPartOf":{"@id":"https:\/\/centrourbano.com\/revista\/#website"},"datePublished":"2014-09-17T17:37:01+00:00","dateModified":"2014-09-17T17:38:01+00:00","description":"Se trata del Museo Nacional de Antropolog\u00eda, obra del afamado arquitecto Pedro Ram\u00edrez V\u00e1zquez El 17 de septiembre de 1964 el Museo Nacional de","breadcrumb":{"@id":"https:\/\/centrourbano.com\/revista\/arquitectura-2\/cumple-50-anos-el-museo-mas-visitado-de-mexico\/#breadcrumb"},"inLanguage":"es","potentialAction":[{"@type":"ReadAction","target":["https:\/\/centrourbano.com\/revista\/arquitectura-2\/cumple-50-anos-el-museo-mas-visitado-de-mexico\/"]}]},{"@type":"BreadcrumbList","@id":"https:\/\/centrourbano.com\/revista\/arquitectura-2\/cumple-50-anos-el-museo-mas-visitado-de-mexico\/#breadcrumb","itemListElement":[{"@type":"ListItem","position":1,"name":"Portada","item":"https:\/\/centrourbano.com\/revista\/"},{"@type":"ListItem","position":2,"name":"Cumple 50 a\u00f1os el museo m\u00e1s visitado de M\u00e9xico"}]},{"@type":"WebSite","@id":"https:\/\/centrourbano.com\/revista\/#website","url":"https:\/\/centrourbano.com\/revista\/","name":"Centro Urbano","description":"Medio especializado en los sectores vivienda, inmobiliario, construcci\u00f3n, arquitectura y urbanismo.","publisher":{"@id":"https:\/\/centrourbano.com\/revista\/#organization"},"potentialAction":[{"@type":"SearchAction","target":{"@type":"EntryPoint","urlTemplate":"https:\/\/centrourbano.com\/revista\/?s={search_term_string}"},"query-input":{"@type":"PropertyValueSpecification","valueRequired":true,"valueName":"search_term_string"}}],"inLanguage":"es"},{"@type":"Organization","@id":"https:\/\/centrourbano.com\/revista\/#organization","name":"Centro Urbano","url":"https:\/\/centrourbano.com\/revista\/","logo":{"@type":"ImageObject","inLanguage":"es","@id":"https:\/\/centrourbano.com\/revista\/#\/schema\/logo\/image\/","url":"https:\/\/centrourbano.com\/revista\/wp-content\/uploads\/web_CU_logo-1.png","contentUrl":"https:\/\/centrourbano.com\/revista\/wp-content\/uploads\/web_CU_logo-1.png","width":350,"height":91,"caption":"Centro Urbano"},"image":{"@id":"https:\/\/centrourbano.com\/revista\/#\/schema\/logo\/image\/"},"sameAs":["https:\/\/www.facebook.com\/portalcentrourbano","https:\/\/x.com\/CentroUrbano","https:\/\/www.instagram.com\/centro_urbano\/","https:\/\/www.linkedin.com\/company\/centro-urbano\/","http:\/\/www.youtube.com\/user\/portalcentrourbano"]},{"@type":"Person","@id":"https:\/\/centrourbano.com\/revista\/#\/schema\/person\/b45db815d96831257ba428a3d5a5fbdc","name":"Dinorah Nava","image":{"@type":"ImageObject","inLanguage":"es","@id":"https:\/\/secure.gravatar.com\/avatar\/f6ca6430c51d147f363940f84e1225aa4b8183885c11802cc3b042305a4ecc1a?s=96&d=mm&r=g","url":"https:\/\/secure.gravatar.com\/avatar\/f6ca6430c51d147f363940f84e1225aa4b8183885c11802cc3b042305a4ecc1a?s=96&d=mm&r=g","contentUrl":"https:\/\/secure.gravatar.com\/avatar\/f6ca6430c51d147f363940f84e1225aa4b8183885c11802cc3b042305a4ecc1a?s=96&d=mm&r=g","caption":"Dinorah Nava"},"description":"Editora de Contenidos y Estrategias Digitales en Centro Urbano y Coeditora en Peri\u00f3dico Mi Casa. Egresada de la licenciatura en Comunicaci\u00f3n y Periodismo de la Facultad de Estudios Superiores Arag\u00f3n (UNAM). Amante de la edici\u00f3n y correcci\u00f3n de estilo, las redes sociales y el mundo digital. Especialista en temas son arquitectura, inmobiliario y urbanismo.","sameAs":["linkedin.com\/in\/dinorah-nava","https:\/\/x.com\/https:\/\/twitter.com\/Dinorah_Nava28"],"url":"https:\/\/centrourbano.com\/revista\/author\/dinorah-nava\/"}]}},"_links":{"self":[{"href":"https:\/\/centrourbano.com\/revista\/wp-json\/wp\/v2\/posts\/10761","targetHints":{"allow":["GET"]}}],"collection":[{"href":"https:\/\/centrourbano.com\/revista\/wp-json\/wp\/v2\/posts"}],"about":[{"href":"https:\/\/centrourbano.com\/revista\/wp-json\/wp\/v2\/types\/post"}],"author":[{"embeddable":true,"href":"https:\/\/centrourbano.com\/revista\/wp-json\/wp\/v2\/users\/9"}],"replies":[{"embeddable":true,"href":"https:\/\/centrourbano.com\/revista\/wp-json\/wp\/v2\/comments?post=10761"}],"version-history":[{"count":0,"href":"https:\/\/centrourbano.com\/revista\/wp-json\/wp\/v2\/posts\/10761\/revisions"}],"wp:attachment":[{"href":"https:\/\/centrourbano.com\/revista\/wp-json\/wp\/v2\/media?parent=10761"}],"wp:term":[{"taxonomy":"category","embeddable":true,"href":"https:\/\/centrourbano.com\/revista\/wp-json\/wp\/v2\/categories?post=10761"},{"taxonomy":"post_tag","embeddable":true,"href":"https:\/\/centrourbano.com\/revista\/wp-json\/wp\/v2\/tags?post=10761"}],"curies":[{"name":"wp","href":"https:\/\/api.w.org\/{rel}","templated":true}]}}