{"id":107602,"date":"2020-06-04T18:00:24","date_gmt":"2020-06-04T23:00:24","guid":{"rendered":"https:\/\/centrourbano.com\/?p=107602"},"modified":"2020-06-04T19:12:29","modified_gmt":"2020-06-05T00:12:29","slug":"yuri-zagorin-asume-la-presidencia-de-canadevi-vm","status":"publish","type":"post","link":"https:\/\/centrourbano.com\/revista\/vivienda\/yuri-zagorin-asume-la-presidencia-de-canadevi-vm\/","title":{"rendered":"Yuri Zagorin asume la presidencia de Canadevi VM"},"content":{"rendered":"<p><em>El empresario llega al relevo de Lydia \u00c1lvarez, quien encabez\u00f3 al organismo desde 2017 <\/em><!--more--><\/p>\n<p>La <strong>C\u00e1mara Nacional de la Industria de Desarrollo y Promoci\u00f3n de la Vivienda delegaci\u00f3n <a href=\"https:\/\/www.youtube.com\/watch?v=LrQMWqxX6zk\" target=\"_blank\" rel=\"noopener noreferrer\">Valle de M\u00e9xico<\/a><\/strong>\u00a0(Canadevi VM) anunci\u00f3 la llegada del arquitecto <strong>Yuri Zagorin<\/strong> como presidente del organismo. El empresario estar\u00e1 al frente de la organizaci\u00f3n hasta <strong>2021<\/strong>.<\/p>\n<p>A trav\u00e9s de sus redes sociales, la Canadevi VM agradeci\u00f3 a<strong> <a href=\"https:\/\/centrourbano.com\/2017\/03\/30\/lydia-alvarez-nueva-presidenta-canadevi-vm\/\" target=\"_blank\" rel=\"noopener noreferrer\">Lydia \u00c1lvarez<\/a><\/strong> su desempe\u00f1o como presidenta del organismo. Cabe destacar que \u00c1lvarez asumi\u00f3 la presidencia de la C\u00e1mara en 2017.<\/p>\n<p>[quote]\u201cAgradecemos el compromiso, dedicaci\u00f3n y gran trabajo de la Lic. Lydia \u00c1lvarez de Gavito. Por haber dirigido esta delegaci\u00f3n y llevarla a buen puerto para cumplir los objetivos planteados como industria. Gracias por el liderazgo y entrega al frente de Canadevi VM\u201d, se\u00f1al\u00f3 el organismo.[\/quote]<\/p>\n<p>Cabe destacar que Yuri Zagorin se desempe\u00f1\u00f3 como <strong>vicepresidente de la Canadevi VM<\/strong>.<\/p>\n","protected":false},"excerpt":{"rendered":"<p>El empresario llega al relevo de Lydia \u00c1lvarez, quien encabez\u00f3 al organismo desde 2017<\/p>\n","protected":false},"author":14,"featured_media":107603,"comment_status":"open","ping_status":"closed","sticky":false,"template":"","format":"standard","meta":{"om_disable_all_campaigns":false,"inline_featured_image":false,"_monsterinsights_skip_tracking":false,"_monsterinsights_sitenote_active":false,"_monsterinsights_sitenote_note":"","_monsterinsights_sitenote_category":0,"footnotes":""},"categories":[12],"tags":[600,1493,60,18595],"class_list":["post-107602","post","type-post","status-publish","format-standard","has-post-thumbnail","hentry","category-vivienda","tag-canadevi-valle-de-mexico","tag-lydia-alvarez","tag-vivienda-2","tag-yuri-zagorin"],"yoast_head":"<!-- This site is optimized with the Yoast SEO plugin v27.5 - https:\/\/yoast.com\/product\/yoast-seo-wordpress\/ -->\n<title>Yuri Zagorin asume la presidencia de Canadevi VM<\/title>\n<meta name=\"description\" content=\"El empresario llega al relevo de Lydia \u00c1lvarez, quien encabez\u00f3 al organismo desde 2017. Yuri Zagorin asume la presidencia de Canadevi VM.\" \/>\n<meta name=\"robots\" content=\"index, follow, max-snippet:-1, max-image-preview:large, max-video-preview:-1\" \/>\n<link rel=\"canonical\" href=\"https:\/\/centrourbano.com\/revista\/vivienda\/yuri-zagorin-asume-la-presidencia-de-canadevi-vm\/\" \/>\n<meta property=\"og:locale\" content=\"es_ES\" \/>\n<meta property=\"og:type\" content=\"article\" \/>\n<meta property=\"og:title\" content=\"Yuri Zagorin asume la presidencia de Canadevi VM\" \/>\n<meta property=\"og:description\" content=\"El empresario llega al relevo de Lydia \u00c1lvarez, quien encabez\u00f3 al organismo desde 2017. Yuri Zagorin asume la presidencia de Canadevi VM.\" \/>\n<meta property=\"og:url\" content=\"https:\/\/centrourbano.com\/revista\/vivienda\/yuri-zagorin-asume-la-presidencia-de-canadevi-vm\/\" \/>\n<meta property=\"og:site_name\" content=\"Centro Urbano\" \/>\n<meta property=\"article:publisher\" content=\"https:\/\/www.facebook.com\/portalcentrourbano\" \/>\n<meta property=\"article:published_time\" content=\"2020-06-04T23:00:24+00:00\" \/>\n<meta property=\"article:modified_time\" content=\"2020-06-05T00:12:29+00:00\" \/>\n<meta property=\"og:image\" content=\"https:\/\/centrourbano.com\/revista\/wp-content\/uploads\/Yuri-Zagorin-Canadevi-VM.png\" \/>\n\t<meta property=\"og:image:width\" content=\"692\" \/>\n\t<meta property=\"og:image:height\" content=\"388\" \/>\n\t<meta property=\"og:image:type\" content=\"image\/png\" \/>\n<meta name=\"author\" content=\"Redacci\u00f3n Centro Urbano\" \/>\n<meta name=\"twitter:card\" content=\"summary_large_image\" \/>\n<meta name=\"twitter:creator\" content=\"@CentroUrbano\" \/>\n<meta name=\"twitter:site\" content=\"@CentroUrbano\" \/>\n<meta name=\"twitter:label1\" content=\"Escrito por\" \/>\n\t<meta name=\"twitter:data1\" content=\"Redacci\u00f3n Centro Urbano\" \/>\n\t<meta name=\"twitter:label2\" content=\"Tiempo de lectura\" \/>\n\t<meta name=\"twitter:data2\" content=\"1 minuto\" \/>\n<script type=\"application\/ld+json\" class=\"yoast-schema-graph\">{\"@context\":\"https:\\\/\\\/schema.org\",\"@graph\":[{\"@type\":\"Article\",\"@id\":\"https:\\\/\\\/centrourbano.com\\\/revista\\\/vivienda\\\/yuri-zagorin-asume-la-presidencia-de-canadevi-vm\\\/#article\",\"isPartOf\":{\"@id\":\"https:\\\/\\\/centrourbano.com\\\/revista\\\/vivienda\\\/yuri-zagorin-asume-la-presidencia-de-canadevi-vm\\\/\"},\"author\":{\"name\":\"Redacci\u00f3n Centro Urbano\",\"@id\":\"https:\\\/\\\/centrourbano.com\\\/revista\\\/#\\\/schema\\\/person\\\/5259f06e282c59482812d0e9a84a6440\"},\"headline\":\"Yuri Zagorin asume la presidencia de Canadevi VM\",\"datePublished\":\"2020-06-04T23:00:24+00:00\",\"dateModified\":\"2020-06-05T00:12:29+00:00\",\"mainEntityOfPage\":{\"@id\":\"https:\\\/\\\/centrourbano.com\\\/revista\\\/vivienda\\\/yuri-zagorin-asume-la-presidencia-de-canadevi-vm\\\/\"},\"wordCount\":161,\"commentCount\":0,\"publisher\":{\"@id\":\"https:\\\/\\\/centrourbano.com\\\/revista\\\/#organization\"},\"image\":{\"@id\":\"https:\\\/\\\/centrourbano.com\\\/revista\\\/vivienda\\\/yuri-zagorin-asume-la-presidencia-de-canadevi-vm\\\/#primaryimage\"},\"thumbnailUrl\":\"https:\\\/\\\/centrourbano.com\\\/revista\\\/wp-content\\\/uploads\\\/Yuri-Zagorin-Canadevi-VM.png\",\"keywords\":[\"Canadevi Valle de M\u00e9xico\",\"Lydia \u00c1lvarez\",\"vivienda\",\"Yuri Zagorin\"],\"articleSection\":[\"Vivienda\"],\"inLanguage\":\"es\",\"potentialAction\":[{\"@type\":\"CommentAction\",\"name\":\"Comment\",\"target\":[\"https:\\\/\\\/centrourbano.com\\\/revista\\\/vivienda\\\/yuri-zagorin-asume-la-presidencia-de-canadevi-vm\\\/#respond\"]}]},{\"@type\":\"WebPage\",\"@id\":\"https:\\\/\\\/centrourbano.com\\\/revista\\\/vivienda\\\/yuri-zagorin-asume-la-presidencia-de-canadevi-vm\\\/\",\"url\":\"https:\\\/\\\/centrourbano.com\\\/revista\\\/vivienda\\\/yuri-zagorin-asume-la-presidencia-de-canadevi-vm\\\/\",\"name\":\"Yuri Zagorin asume la presidencia de Canadevi VM\",\"isPartOf\":{\"@id\":\"https:\\\/\\\/centrourbano.com\\\/revista\\\/#website\"},\"primaryImageOfPage\":{\"@id\":\"https:\\\/\\\/centrourbano.com\\\/revista\\\/vivienda\\\/yuri-zagorin-asume-la-presidencia-de-canadevi-vm\\\/#primaryimage\"},\"image\":{\"@id\":\"https:\\\/\\\/centrourbano.com\\\/revista\\\/vivienda\\\/yuri-zagorin-asume-la-presidencia-de-canadevi-vm\\\/#primaryimage\"},\"thumbnailUrl\":\"https:\\\/\\\/centrourbano.com\\\/revista\\\/wp-content\\\/uploads\\\/Yuri-Zagorin-Canadevi-VM.png\",\"datePublished\":\"2020-06-04T23:00:24+00:00\",\"dateModified\":\"2020-06-05T00:12:29+00:00\",\"description\":\"El empresario llega al relevo de Lydia \u00c1lvarez, quien encabez\u00f3 al organismo desde 2017. Yuri Zagorin asume la presidencia de Canadevi VM.\",\"breadcrumb\":{\"@id\":\"https:\\\/\\\/centrourbano.com\\\/revista\\\/vivienda\\\/yuri-zagorin-asume-la-presidencia-de-canadevi-vm\\\/#breadcrumb\"},\"inLanguage\":\"es\",\"potentialAction\":[{\"@type\":\"ReadAction\",\"target\":[\"https:\\\/\\\/centrourbano.com\\\/revista\\\/vivienda\\\/yuri-zagorin-asume-la-presidencia-de-canadevi-vm\\\/\"]}]},{\"@type\":\"ImageObject\",\"inLanguage\":\"es\",\"@id\":\"https:\\\/\\\/centrourbano.com\\\/revista\\\/vivienda\\\/yuri-zagorin-asume-la-presidencia-de-canadevi-vm\\\/#primaryimage\",\"url\":\"https:\\\/\\\/centrourbano.com\\\/revista\\\/wp-content\\\/uploads\\\/Yuri-Zagorin-Canadevi-VM.png\",\"contentUrl\":\"https:\\\/\\\/centrourbano.com\\\/revista\\\/wp-content\\\/uploads\\\/Yuri-Zagorin-Canadevi-VM.png\",\"width\":692,\"height\":388,\"caption\":\"Yuri Zagorin-Canadevi VM\"},{\"@type\":\"BreadcrumbList\",\"@id\":\"https:\\\/\\\/centrourbano.com\\\/revista\\\/vivienda\\\/yuri-zagorin-asume-la-presidencia-de-canadevi-vm\\\/#breadcrumb\",\"itemListElement\":[{\"@type\":\"ListItem\",\"position\":1,\"name\":\"Portada\",\"item\":\"https:\\\/\\\/centrourbano.com\\\/revista\\\/\"},{\"@type\":\"ListItem\",\"position\":2,\"name\":\"Yuri Zagorin asume la presidencia de Canadevi VM\"}]},{\"@type\":\"WebSite\",\"@id\":\"https:\\\/\\\/centrourbano.com\\\/revista\\\/#website\",\"url\":\"https:\\\/\\\/centrourbano.com\\\/revista\\\/\",\"name\":\"Centro Urbano\",\"description\":\"Medio especializado en los sectores vivienda, inmobiliario, construcci\u00f3n, arquitectura y urbanismo.\",\"publisher\":{\"@id\":\"https:\\\/\\\/centrourbano.com\\\/revista\\\/#organization\"},\"potentialAction\":[{\"@type\":\"SearchAction\",\"target\":{\"@type\":\"EntryPoint\",\"urlTemplate\":\"https:\\\/\\\/centrourbano.com\\\/revista\\\/?s={search_term_string}\"},\"query-input\":{\"@type\":\"PropertyValueSpecification\",\"valueRequired\":true,\"valueName\":\"search_term_string\"}}],\"inLanguage\":\"es\"},{\"@type\":\"Organization\",\"@id\":\"https:\\\/\\\/centrourbano.com\\\/revista\\\/#organization\",\"name\":\"Centro Urbano\",\"url\":\"https:\\\/\\\/centrourbano.com\\\/revista\\\/\",\"logo\":{\"@type\":\"ImageObject\",\"inLanguage\":\"es\",\"@id\":\"https:\\\/\\\/centrourbano.com\\\/revista\\\/#\\\/schema\\\/logo\\\/image\\\/\",\"url\":\"https:\\\/\\\/centrourbano.com\\\/revista\\\/wp-content\\\/uploads\\\/web_CU_logo-1.png\",\"contentUrl\":\"https:\\\/\\\/centrourbano.com\\\/revista\\\/wp-content\\\/uploads\\\/web_CU_logo-1.png\",\"width\":350,\"height\":91,\"caption\":\"Centro Urbano\"},\"image\":{\"@id\":\"https:\\\/\\\/centrourbano.com\\\/revista\\\/#\\\/schema\\\/logo\\\/image\\\/\"},\"sameAs\":[\"https:\\\/\\\/www.facebook.com\\\/portalcentrourbano\",\"https:\\\/\\\/x.com\\\/CentroUrbano\",\"https:\\\/\\\/www.instagram.com\\\/centro_urbano\\\/\",\"https:\\\/\\\/www.linkedin.com\\\/company\\\/centro-urbano\\\/\",\"http:\\\/\\\/www.youtube.com\\\/user\\\/portalcentrourbano\"]},{\"@type\":\"Person\",\"@id\":\"https:\\\/\\\/centrourbano.com\\\/revista\\\/#\\\/schema\\\/person\\\/5259f06e282c59482812d0e9a84a6440\",\"name\":\"Redacci\u00f3n Centro Urbano\",\"image\":{\"@type\":\"ImageObject\",\"inLanguage\":\"es\",\"@id\":\"https:\\\/\\\/secure.gravatar.com\\\/avatar\\\/15a789f894398c0f311f3a7a2ee28032bbc0483098539da66b6a045aa810bf35?s=96&d=mm&r=g\",\"url\":\"https:\\\/\\\/secure.gravatar.com\\\/avatar\\\/15a789f894398c0f311f3a7a2ee28032bbc0483098539da66b6a045aa810bf35?s=96&d=mm&r=g\",\"contentUrl\":\"https:\\\/\\\/secure.gravatar.com\\\/avatar\\\/15a789f894398c0f311f3a7a2ee28032bbc0483098539da66b6a045aa810bf35?s=96&d=mm&r=g\",\"caption\":\"Redacci\u00f3n Centro Urbano\"},\"url\":\"https:\\\/\\\/centrourbano.com\\\/revista\\\/author\\\/editorial\\\/\"}]}<\/script>\n<!-- \/ Yoast SEO plugin. -->","yoast_head_json":{"title":"Yuri Zagorin asume la presidencia de Canadevi VM","description":"El empresario llega al relevo de Lydia \u00c1lvarez, quien encabez\u00f3 al organismo desde 2017. Yuri Zagorin asume la presidencia de Canadevi VM.","robots":{"index":"index","follow":"follow","max-snippet":"max-snippet:-1","max-image-preview":"max-image-preview:large","max-video-preview":"max-video-preview:-1"},"canonical":"https:\/\/centrourbano.com\/revista\/vivienda\/yuri-zagorin-asume-la-presidencia-de-canadevi-vm\/","og_locale":"es_ES","og_type":"article","og_title":"Yuri Zagorin asume la presidencia de Canadevi VM","og_description":"El empresario llega al relevo de Lydia \u00c1lvarez, quien encabez\u00f3 al organismo desde 2017. Yuri Zagorin asume la presidencia de Canadevi VM.","og_url":"https:\/\/centrourbano.com\/revista\/vivienda\/yuri-zagorin-asume-la-presidencia-de-canadevi-vm\/","og_site_name":"Centro Urbano","article_publisher":"https:\/\/www.facebook.com\/portalcentrourbano","article_published_time":"2020-06-04T23:00:24+00:00","article_modified_time":"2020-06-05T00:12:29+00:00","og_image":[{"width":692,"height":388,"url":"https:\/\/centrourbano.com\/revista\/wp-content\/uploads\/Yuri-Zagorin-Canadevi-VM.png","type":"image\/png"}],"author":"Redacci\u00f3n Centro Urbano","twitter_card":"summary_large_image","twitter_creator":"@CentroUrbano","twitter_site":"@CentroUrbano","twitter_misc":{"Escrito por":"Redacci\u00f3n Centro Urbano","Tiempo de lectura":"1 minuto"},"schema":{"@context":"https:\/\/schema.org","@graph":[{"@type":"Article","@id":"https:\/\/centrourbano.com\/revista\/vivienda\/yuri-zagorin-asume-la-presidencia-de-canadevi-vm\/#article","isPartOf":{"@id":"https:\/\/centrourbano.com\/revista\/vivienda\/yuri-zagorin-asume-la-presidencia-de-canadevi-vm\/"},"author":{"name":"Redacci\u00f3n Centro Urbano","@id":"https:\/\/centrourbano.com\/revista\/#\/schema\/person\/5259f06e282c59482812d0e9a84a6440"},"headline":"Yuri Zagorin asume la presidencia de Canadevi VM","datePublished":"2020-06-04T23:00:24+00:00","dateModified":"2020-06-05T00:12:29+00:00","mainEntityOfPage":{"@id":"https:\/\/centrourbano.com\/revista\/vivienda\/yuri-zagorin-asume-la-presidencia-de-canadevi-vm\/"},"wordCount":161,"commentCount":0,"publisher":{"@id":"https:\/\/centrourbano.com\/revista\/#organization"},"image":{"@id":"https:\/\/centrourbano.com\/revista\/vivienda\/yuri-zagorin-asume-la-presidencia-de-canadevi-vm\/#primaryimage"},"thumbnailUrl":"https:\/\/centrourbano.com\/revista\/wp-content\/uploads\/Yuri-Zagorin-Canadevi-VM.png","keywords":["Canadevi Valle de M\u00e9xico","Lydia \u00c1lvarez","vivienda","Yuri Zagorin"],"articleSection":["Vivienda"],"inLanguage":"es","potentialAction":[{"@type":"CommentAction","name":"Comment","target":["https:\/\/centrourbano.com\/revista\/vivienda\/yuri-zagorin-asume-la-presidencia-de-canadevi-vm\/#respond"]}]},{"@type":"WebPage","@id":"https:\/\/centrourbano.com\/revista\/vivienda\/yuri-zagorin-asume-la-presidencia-de-canadevi-vm\/","url":"https:\/\/centrourbano.com\/revista\/vivienda\/yuri-zagorin-asume-la-presidencia-de-canadevi-vm\/","name":"Yuri Zagorin asume la presidencia de Canadevi VM","isPartOf":{"@id":"https:\/\/centrourbano.com\/revista\/#website"},"primaryImageOfPage":{"@id":"https:\/\/centrourbano.com\/revista\/vivienda\/yuri-zagorin-asume-la-presidencia-de-canadevi-vm\/#primaryimage"},"image":{"@id":"https:\/\/centrourbano.com\/revista\/vivienda\/yuri-zagorin-asume-la-presidencia-de-canadevi-vm\/#primaryimage"},"thumbnailUrl":"https:\/\/centrourbano.com\/revista\/wp-content\/uploads\/Yuri-Zagorin-Canadevi-VM.png","datePublished":"2020-06-04T23:00:24+00:00","dateModified":"2020-06-05T00:12:29+00:00","description":"El empresario llega al relevo de Lydia \u00c1lvarez, quien encabez\u00f3 al organismo desde 2017. Yuri Zagorin asume la presidencia de Canadevi VM.","breadcrumb":{"@id":"https:\/\/centrourbano.com\/revista\/vivienda\/yuri-zagorin-asume-la-presidencia-de-canadevi-vm\/#breadcrumb"},"inLanguage":"es","potentialAction":[{"@type":"ReadAction","target":["https:\/\/centrourbano.com\/revista\/vivienda\/yuri-zagorin-asume-la-presidencia-de-canadevi-vm\/"]}]},{"@type":"ImageObject","inLanguage":"es","@id":"https:\/\/centrourbano.com\/revista\/vivienda\/yuri-zagorin-asume-la-presidencia-de-canadevi-vm\/#primaryimage","url":"https:\/\/centrourbano.com\/revista\/wp-content\/uploads\/Yuri-Zagorin-Canadevi-VM.png","contentUrl":"https:\/\/centrourbano.com\/revista\/wp-content\/uploads\/Yuri-Zagorin-Canadevi-VM.png","width":692,"height":388,"caption":"Yuri Zagorin-Canadevi VM"},{"@type":"BreadcrumbList","@id":"https:\/\/centrourbano.com\/revista\/vivienda\/yuri-zagorin-asume-la-presidencia-de-canadevi-vm\/#breadcrumb","itemListElement":[{"@type":"ListItem","position":1,"name":"Portada","item":"https:\/\/centrourbano.com\/revista\/"},{"@type":"ListItem","position":2,"name":"Yuri Zagorin asume la presidencia de Canadevi VM"}]},{"@type":"WebSite","@id":"https:\/\/centrourbano.com\/revista\/#website","url":"https:\/\/centrourbano.com\/revista\/","name":"Centro Urbano","description":"Medio especializado en los sectores vivienda, inmobiliario, construcci\u00f3n, arquitectura y urbanismo.","publisher":{"@id":"https:\/\/centrourbano.com\/revista\/#organization"},"potentialAction":[{"@type":"SearchAction","target":{"@type":"EntryPoint","urlTemplate":"https:\/\/centrourbano.com\/revista\/?s={search_term_string}"},"query-input":{"@type":"PropertyValueSpecification","valueRequired":true,"valueName":"search_term_string"}}],"inLanguage":"es"},{"@type":"Organization","@id":"https:\/\/centrourbano.com\/revista\/#organization","name":"Centro Urbano","url":"https:\/\/centrourbano.com\/revista\/","logo":{"@type":"ImageObject","inLanguage":"es","@id":"https:\/\/centrourbano.com\/revista\/#\/schema\/logo\/image\/","url":"https:\/\/centrourbano.com\/revista\/wp-content\/uploads\/web_CU_logo-1.png","contentUrl":"https:\/\/centrourbano.com\/revista\/wp-content\/uploads\/web_CU_logo-1.png","width":350,"height":91,"caption":"Centro Urbano"},"image":{"@id":"https:\/\/centrourbano.com\/revista\/#\/schema\/logo\/image\/"},"sameAs":["https:\/\/www.facebook.com\/portalcentrourbano","https:\/\/x.com\/CentroUrbano","https:\/\/www.instagram.com\/centro_urbano\/","https:\/\/www.linkedin.com\/company\/centro-urbano\/","http:\/\/www.youtube.com\/user\/portalcentrourbano"]},{"@type":"Person","@id":"https:\/\/centrourbano.com\/revista\/#\/schema\/person\/5259f06e282c59482812d0e9a84a6440","name":"Redacci\u00f3n Centro Urbano","image":{"@type":"ImageObject","inLanguage":"es","@id":"https:\/\/secure.gravatar.com\/avatar\/15a789f894398c0f311f3a7a2ee28032bbc0483098539da66b6a045aa810bf35?s=96&d=mm&r=g","url":"https:\/\/secure.gravatar.com\/avatar\/15a789f894398c0f311f3a7a2ee28032bbc0483098539da66b6a045aa810bf35?s=96&d=mm&r=g","contentUrl":"https:\/\/secure.gravatar.com\/avatar\/15a789f894398c0f311f3a7a2ee28032bbc0483098539da66b6a045aa810bf35?s=96&d=mm&r=g","caption":"Redacci\u00f3n Centro Urbano"},"url":"https:\/\/centrourbano.com\/revista\/author\/editorial\/"}]}},"_links":{"self":[{"href":"https:\/\/centrourbano.com\/revista\/wp-json\/wp\/v2\/posts\/107602","targetHints":{"allow":["GET"]}}],"collection":[{"href":"https:\/\/centrourbano.com\/revista\/wp-json\/wp\/v2\/posts"}],"about":[{"href":"https:\/\/centrourbano.com\/revista\/wp-json\/wp\/v2\/types\/post"}],"author":[{"embeddable":true,"href":"https:\/\/centrourbano.com\/revista\/wp-json\/wp\/v2\/users\/14"}],"replies":[{"embeddable":true,"href":"https:\/\/centrourbano.com\/revista\/wp-json\/wp\/v2\/comments?post=107602"}],"version-history":[{"count":3,"href":"https:\/\/centrourbano.com\/revista\/wp-json\/wp\/v2\/posts\/107602\/revisions"}],"predecessor-version":[{"id":107607,"href":"https:\/\/centrourbano.com\/revista\/wp-json\/wp\/v2\/posts\/107602\/revisions\/107607"}],"wp:featuredmedia":[{"embeddable":true,"href":"https:\/\/centrourbano.com\/revista\/wp-json\/wp\/v2\/media\/107603"}],"wp:attachment":[{"href":"https:\/\/centrourbano.com\/revista\/wp-json\/wp\/v2\/media?parent=107602"}],"wp:term":[{"taxonomy":"category","embeddable":true,"href":"https:\/\/centrourbano.com\/revista\/wp-json\/wp\/v2\/categories?post=107602"},{"taxonomy":"post_tag","embeddable":true,"href":"https:\/\/centrourbano.com\/revista\/wp-json\/wp\/v2\/tags?post=107602"}],"curies":[{"name":"wp","href":"https:\/\/api.w.org\/{rel}","templated":true}]}}