{"id":107506,"date":"2020-06-04T10:39:11","date_gmt":"2020-06-04T15:39:11","guid":{"rendered":"https:\/\/centrourbano.com\/?p=107506"},"modified":"2020-06-04T10:39:11","modified_gmt":"2020-06-04T15:39:11","slug":"cae-flujo-de-remesas-a-mexico-debido-al-alza-de-desempleo-en-eeuu","status":"publish","type":"post","link":"https:\/\/centrourbano.com\/revista\/actualidad\/cae-flujo-de-remesas-a-mexico-debido-al-alza-de-desempleo-en-eeuu\/","title":{"rendered":"Cae flujo de remesas a M\u00e9xico debido al alza de desempleo en EEUU"},"content":{"rendered":"<p><em>BBVA report\u00f3 que el flujo de remesas registr\u00f3 una ca\u00edda significativa en El Salvador, con -40.0%, y en Guatemala con -20.2%; en M\u00e9xico la ca\u00edda fue del -2.6%<\/em><\/p>\n<p><!--more--><\/p>\n<p>BBVA report\u00f3 el comportamiento que registr\u00f3 el flujo de remesas con Estados Unidos como pa\u00eds de origen a M\u00e9xico, El Salvador y Guatemala en el mes de abril. A trav\u00e9s de su departamento <a href=\"https:\/\/twitter.com\/BBVAResearch\">BBVA Research<\/a> dieron a conocer que se registr\u00f3 una ca\u00edda importante luego del saldo hist\u00f3rico al alza que se registr\u00f3 en marzo.<\/p>\n<p>En este sentido, explicaron que las remesas llegadas a M\u00e9xico en abril ascendieron a 2,861 millones de d\u00f3lares (mdd), un saldo 2.6% menor que el registrado en abril de 2019.<\/p>\n<p>Cabe destacar que, pese al embate del Covid-19, los primeros tres meses el a\u00f1o las remesas tuvieron una din\u00e1mica alcista importante, sorprendi\u00f3 incluso a propios y extra\u00f1os un incremento importante en el mes de marzo de la entrada de dinero al pa\u00eds por ese concepto.<\/p>\n<a href=\"https:\/\/centrourbano.com\/revista\/wp-content\/uploads\/Remesas-familiares-a-M\u00e9xico.jpg\"><img loading=\"lazy\" decoding=\"async\" class=\"alignnone size-large wp-image-107510\" src=\"https:\/\/centrourbano.com\/revista\/wp-content\/uploads\/Remesas-familiares-a-M\u00e9xico-1024x371.jpg\" alt=\"\" width=\"960\" height=\"348\" srcset=\"https:\/\/centrourbano.com\/revista\/wp-content\/uploads\/Remesas-familiares-a-M\u00e9xico-1024x371.jpg 1024w, https:\/\/centrourbano.com\/revista\/wp-content\/uploads\/Remesas-familiares-a-M\u00e9xico-300x109.jpg 300w, https:\/\/centrourbano.com\/revista\/wp-content\/uploads\/Remesas-familiares-a-M\u00e9xico-768x278.jpg 768w, https:\/\/centrourbano.com\/revista\/wp-content\/uploads\/Remesas-familiares-a-M\u00e9xico.jpg 1157w\" sizes=\"auto, (max-width: 960px) 100vw, 960px\" \/><\/a>\n<p>BBVA Research precis\u00f3 que, en t\u00e9rminos reales, las remesas llegadas a M\u00e9xico tuvieron un crecimiento del 21.6% como consecuencia de la apreciaci\u00f3n del d\u00f3lar frente al peso, \u2018llegaron menos d\u00f3lares pero m\u00e1s caros\u2019.<\/p>\n<p>El contexto econ\u00f3mico que el Covid-19 ha dejado a lo largo y ancho del planeta ha sido devastador en mayor o menor medida. En el caso estadounidense, BBVA Research encontr\u00f3 que su tasa de desempleo pas\u00f3 de 4.4% a 14.7% entre marzo y abril.<\/p>\n<a href=\"https:\/\/centrourbano.com\/revista\/wp-content\/uploads\/Tasa-de-desempleo-de-EEUU.jpg\"><img loading=\"lazy\" decoding=\"async\" class=\"alignnone size-full wp-image-107511\" src=\"https:\/\/centrourbano.com\/revista\/wp-content\/uploads\/Tasa-de-desempleo-de-EEUU.jpg\" alt=\"\" width=\"457\" height=\"362\" srcset=\"https:\/\/centrourbano.com\/revista\/wp-content\/uploads\/Tasa-de-desempleo-de-EEUU.jpg 457w, https:\/\/centrourbano.com\/revista\/wp-content\/uploads\/Tasa-de-desempleo-de-EEUU-300x238.jpg 300w\" sizes=\"auto, (max-width: 457px) 100vw, 457px\" \/><\/a>\n<p>No obstante, hay pa\u00edses que \u2018la pasaron peor\u2019 con el tema en cuesti\u00f3n; en El Salvador, por ejemplo, la ca\u00edda fue casi de la mitad con -40.0%. En la rep\u00fablica de Guatemala el descenso fue de -20.2%.<\/p>\n<a href=\"https:\/\/centrourbano.com\/revista\/wp-content\/uploads\/Flujo-de-remesas-a-Mx_ES_Gua.jpg\"><img loading=\"lazy\" decoding=\"async\" class=\"alignnone size-full wp-image-107512\" src=\"https:\/\/centrourbano.com\/revista\/wp-content\/uploads\/Flujo-de-remesas-a-Mx_ES_Gua.jpg\" alt=\"\" width=\"985\" height=\"351\" srcset=\"https:\/\/centrourbano.com\/revista\/wp-content\/uploads\/Flujo-de-remesas-a-Mx_ES_Gua.jpg 985w, https:\/\/centrourbano.com\/revista\/wp-content\/uploads\/Flujo-de-remesas-a-Mx_ES_Gua-300x107.jpg 300w, https:\/\/centrourbano.com\/revista\/wp-content\/uploads\/Flujo-de-remesas-a-Mx_ES_Gua-768x274.jpg 768w\" sizes=\"auto, (max-width: 985px) 100vw, 985px\" \/><\/a>\n","protected":false},"excerpt":{"rendered":"<p>BBVA report\u00f3 que el flujo de remesas registr\u00f3 una ca\u00edda significativa en El Salvador, con -40.0%, y en Guatemala con -20.2%; en M\u00e9xico la ca\u00edda fue del -2.6%<\/p>\n","protected":false},"author":75,"featured_media":107508,"comment_status":"open","ping_status":"closed","sticky":false,"template":"","format":"standard","meta":{"om_disable_all_campaigns":false,"inline_featured_image":false,"_monsterinsights_skip_tracking":false,"_monsterinsights_sitenote_active":false,"_monsterinsights_sitenote_note":"","_monsterinsights_sitenote_category":0,"footnotes":""},"categories":[80,17827],"tags":[853,17784,18175,18577,334,6849,18576],"class_list":["post-107506","post","type-post","status-publish","format-standard","has-post-thumbnail","hentry","category-actualidad","category-cobertura-covid-19","tag-bbva-research","tag-covid-19","tag-desempleo","tag-flujo-de-remesas","tag-mexico","tag-remesas","tag-tasa-de-desempleo"],"yoast_head":"<!-- This site is optimized with the Yoast SEO plugin v27.5 - https:\/\/yoast.com\/product\/yoast-seo-wordpress\/ -->\n<title>Cae flujo de remesas a M\u00e9xico debido al alza de desempleo en EEUU<\/title>\n<meta name=\"description\" content=\"BBVA report\u00f3 que el flujo de remesas registr\u00f3 una ca\u00edda significativa en El Salvador -40.0% y en Guatemala con -20.2%; en M\u00e9xico la ca\u00edda fue del -2.6%\" \/>\n<meta name=\"robots\" content=\"index, follow, max-snippet:-1, max-image-preview:large, max-video-preview:-1\" \/>\n<link rel=\"canonical\" href=\"https:\/\/centrourbano.com\/revista\/actualidad\/cae-flujo-de-remesas-a-mexico-debido-al-alza-de-desempleo-en-eeuu\/\" \/>\n<meta property=\"og:locale\" content=\"es_ES\" \/>\n<meta property=\"og:type\" content=\"article\" \/>\n<meta property=\"og:title\" content=\"Cae flujo de remesas a M\u00e9xico debido al alza de desempleo en EEUU\" \/>\n<meta property=\"og:description\" content=\"BBVA report\u00f3 que el flujo de remesas registr\u00f3 una ca\u00edda significativa en El Salvador -40.0% y en Guatemala con -20.2%; en M\u00e9xico la ca\u00edda fue del -2.6%\" \/>\n<meta property=\"og:url\" content=\"https:\/\/centrourbano.com\/revista\/actualidad\/cae-flujo-de-remesas-a-mexico-debido-al-alza-de-desempleo-en-eeuu\/\" \/>\n<meta property=\"og:site_name\" content=\"Centro Urbano\" \/>\n<meta property=\"article:publisher\" content=\"https:\/\/www.facebook.com\/portalcentrourbano\" \/>\n<meta property=\"article:published_time\" content=\"2020-06-04T15:39:11+00:00\" \/>\n<meta property=\"og:image\" content=\"https:\/\/centrourbano.com\/revista\/wp-content\/uploads\/Remesas_-1.jpg\" \/>\n\t<meta property=\"og:image:width\" content=\"1280\" \/>\n\t<meta property=\"og:image:height\" content=\"853\" \/>\n\t<meta property=\"og:image:type\" content=\"image\/jpeg\" \/>\n<meta name=\"author\" content=\"Antonio Garc\u00eda\" \/>\n<meta name=\"twitter:card\" content=\"summary_large_image\" \/>\n<meta name=\"twitter:creator\" content=\"@https:\/\/twitter.com\/TGarper\" \/>\n<meta name=\"twitter:site\" content=\"@CentroUrbano\" \/>\n<meta name=\"twitter:label1\" content=\"Escrito por\" \/>\n\t<meta name=\"twitter:data1\" content=\"Antonio Garc\u00eda\" \/>\n\t<meta name=\"twitter:label2\" content=\"Tiempo de lectura\" \/>\n\t<meta name=\"twitter:data2\" content=\"1 minuto\" \/>\n<script type=\"application\/ld+json\" class=\"yoast-schema-graph\">{\"@context\":\"https:\\\/\\\/schema.org\",\"@graph\":[{\"@type\":\"Article\",\"@id\":\"https:\\\/\\\/centrourbano.com\\\/revista\\\/actualidad\\\/cae-flujo-de-remesas-a-mexico-debido-al-alza-de-desempleo-en-eeuu\\\/#article\",\"isPartOf\":{\"@id\":\"https:\\\/\\\/centrourbano.com\\\/revista\\\/actualidad\\\/cae-flujo-de-remesas-a-mexico-debido-al-alza-de-desempleo-en-eeuu\\\/\"},\"author\":{\"name\":\"Antonio Garc\u00eda\",\"@id\":\"https:\\\/\\\/centrourbano.com\\\/revista\\\/#\\\/schema\\\/person\\\/317fc57cd0dcfa64aa25174335bd5d1a\"},\"headline\":\"Cae flujo de remesas a M\u00e9xico debido al alza de desempleo en EEUU\",\"datePublished\":\"2020-06-04T15:39:11+00:00\",\"mainEntityOfPage\":{\"@id\":\"https:\\\/\\\/centrourbano.com\\\/revista\\\/actualidad\\\/cae-flujo-de-remesas-a-mexico-debido-al-alza-de-desempleo-en-eeuu\\\/\"},\"wordCount\":305,\"commentCount\":0,\"publisher\":{\"@id\":\"https:\\\/\\\/centrourbano.com\\\/revista\\\/#organization\"},\"image\":{\"@id\":\"https:\\\/\\\/centrourbano.com\\\/revista\\\/actualidad\\\/cae-flujo-de-remesas-a-mexico-debido-al-alza-de-desempleo-en-eeuu\\\/#primaryimage\"},\"thumbnailUrl\":\"https:\\\/\\\/centrourbano.com\\\/revista\\\/wp-content\\\/uploads\\\/Remesas_-1.jpg\",\"keywords\":[\"BBVA Research\",\"COVID-19\",\"desempleo\",\"flujo de remesas\",\"M\u00e9xico\",\"remesas\",\"tasa de desempleo\"],\"articleSection\":[\"Actualidad\",\"Cobertura Covid-19\"],\"inLanguage\":\"es\",\"potentialAction\":[{\"@type\":\"CommentAction\",\"name\":\"Comment\",\"target\":[\"https:\\\/\\\/centrourbano.com\\\/revista\\\/actualidad\\\/cae-flujo-de-remesas-a-mexico-debido-al-alza-de-desempleo-en-eeuu\\\/#respond\"]}]},{\"@type\":\"WebPage\",\"@id\":\"https:\\\/\\\/centrourbano.com\\\/revista\\\/actualidad\\\/cae-flujo-de-remesas-a-mexico-debido-al-alza-de-desempleo-en-eeuu\\\/\",\"url\":\"https:\\\/\\\/centrourbano.com\\\/revista\\\/actualidad\\\/cae-flujo-de-remesas-a-mexico-debido-al-alza-de-desempleo-en-eeuu\\\/\",\"name\":\"Cae flujo de remesas a M\u00e9xico debido al alza de desempleo en EEUU\",\"isPartOf\":{\"@id\":\"https:\\\/\\\/centrourbano.com\\\/revista\\\/#website\"},\"primaryImageOfPage\":{\"@id\":\"https:\\\/\\\/centrourbano.com\\\/revista\\\/actualidad\\\/cae-flujo-de-remesas-a-mexico-debido-al-alza-de-desempleo-en-eeuu\\\/#primaryimage\"},\"image\":{\"@id\":\"https:\\\/\\\/centrourbano.com\\\/revista\\\/actualidad\\\/cae-flujo-de-remesas-a-mexico-debido-al-alza-de-desempleo-en-eeuu\\\/#primaryimage\"},\"thumbnailUrl\":\"https:\\\/\\\/centrourbano.com\\\/revista\\\/wp-content\\\/uploads\\\/Remesas_-1.jpg\",\"datePublished\":\"2020-06-04T15:39:11+00:00\",\"description\":\"BBVA report\u00f3 que el flujo de remesas registr\u00f3 una ca\u00edda significativa en El Salvador -40.0% y en Guatemala con -20.2%; en M\u00e9xico la ca\u00edda fue del -2.6%\",\"breadcrumb\":{\"@id\":\"https:\\\/\\\/centrourbano.com\\\/revista\\\/actualidad\\\/cae-flujo-de-remesas-a-mexico-debido-al-alza-de-desempleo-en-eeuu\\\/#breadcrumb\"},\"inLanguage\":\"es\",\"potentialAction\":[{\"@type\":\"ReadAction\",\"target\":[\"https:\\\/\\\/centrourbano.com\\\/revista\\\/actualidad\\\/cae-flujo-de-remesas-a-mexico-debido-al-alza-de-desempleo-en-eeuu\\\/\"]}]},{\"@type\":\"ImageObject\",\"inLanguage\":\"es\",\"@id\":\"https:\\\/\\\/centrourbano.com\\\/revista\\\/actualidad\\\/cae-flujo-de-remesas-a-mexico-debido-al-alza-de-desempleo-en-eeuu\\\/#primaryimage\",\"url\":\"https:\\\/\\\/centrourbano.com\\\/revista\\\/wp-content\\\/uploads\\\/Remesas_-1.jpg\",\"contentUrl\":\"https:\\\/\\\/centrourbano.com\\\/revista\\\/wp-content\\\/uploads\\\/Remesas_-1.jpg\",\"width\":1280,\"height\":853,\"caption\":\"BBVA report\u00f3 que el flujo de remesas registr\u00f3 una ca\u00edda significativa en El Salvador -40.0% y en Guatemala con -20.2%; en M\u00e9xico la ca\u00edda fue del -2.6%\"},{\"@type\":\"BreadcrumbList\",\"@id\":\"https:\\\/\\\/centrourbano.com\\\/revista\\\/actualidad\\\/cae-flujo-de-remesas-a-mexico-debido-al-alza-de-desempleo-en-eeuu\\\/#breadcrumb\",\"itemListElement\":[{\"@type\":\"ListItem\",\"position\":1,\"name\":\"Portada\",\"item\":\"https:\\\/\\\/centrourbano.com\\\/revista\\\/\"},{\"@type\":\"ListItem\",\"position\":2,\"name\":\"Cae flujo de remesas a M\u00e9xico debido al alza de desempleo en EEUU\"}]},{\"@type\":\"WebSite\",\"@id\":\"https:\\\/\\\/centrourbano.com\\\/revista\\\/#website\",\"url\":\"https:\\\/\\\/centrourbano.com\\\/revista\\\/\",\"name\":\"Centro Urbano\",\"description\":\"Medio especializado en los sectores vivienda, inmobiliario, construcci\u00f3n, arquitectura y urbanismo.\",\"publisher\":{\"@id\":\"https:\\\/\\\/centrourbano.com\\\/revista\\\/#organization\"},\"potentialAction\":[{\"@type\":\"SearchAction\",\"target\":{\"@type\":\"EntryPoint\",\"urlTemplate\":\"https:\\\/\\\/centrourbano.com\\\/revista\\\/?s={search_term_string}\"},\"query-input\":{\"@type\":\"PropertyValueSpecification\",\"valueRequired\":true,\"valueName\":\"search_term_string\"}}],\"inLanguage\":\"es\"},{\"@type\":\"Organization\",\"@id\":\"https:\\\/\\\/centrourbano.com\\\/revista\\\/#organization\",\"name\":\"Centro Urbano\",\"url\":\"https:\\\/\\\/centrourbano.com\\\/revista\\\/\",\"logo\":{\"@type\":\"ImageObject\",\"inLanguage\":\"es\",\"@id\":\"https:\\\/\\\/centrourbano.com\\\/revista\\\/#\\\/schema\\\/logo\\\/image\\\/\",\"url\":\"https:\\\/\\\/centrourbano.com\\\/revista\\\/wp-content\\\/uploads\\\/web_CU_logo-1.png\",\"contentUrl\":\"https:\\\/\\\/centrourbano.com\\\/revista\\\/wp-content\\\/uploads\\\/web_CU_logo-1.png\",\"width\":350,\"height\":91,\"caption\":\"Centro Urbano\"},\"image\":{\"@id\":\"https:\\\/\\\/centrourbano.com\\\/revista\\\/#\\\/schema\\\/logo\\\/image\\\/\"},\"sameAs\":[\"https:\\\/\\\/www.facebook.com\\\/portalcentrourbano\",\"https:\\\/\\\/x.com\\\/CentroUrbano\",\"https:\\\/\\\/www.instagram.com\\\/centro_urbano\\\/\",\"https:\\\/\\\/www.linkedin.com\\\/company\\\/centro-urbano\\\/\",\"http:\\\/\\\/www.youtube.com\\\/user\\\/portalcentrourbano\"]},{\"@type\":\"Person\",\"@id\":\"https:\\\/\\\/centrourbano.com\\\/revista\\\/#\\\/schema\\\/person\\\/317fc57cd0dcfa64aa25174335bd5d1a\",\"name\":\"Antonio Garc\u00eda\",\"image\":{\"@type\":\"ImageObject\",\"inLanguage\":\"es\",\"@id\":\"https:\\\/\\\/secure.gravatar.com\\\/avatar\\\/68b7fcfc82d16a702310836698db1d823c3fb3b28e1f0938164455de47d96d82?s=96&d=mm&r=g\",\"url\":\"https:\\\/\\\/secure.gravatar.com\\\/avatar\\\/68b7fcfc82d16a702310836698db1d823c3fb3b28e1f0938164455de47d96d82?s=96&d=mm&r=g\",\"contentUrl\":\"https:\\\/\\\/secure.gravatar.com\\\/avatar\\\/68b7fcfc82d16a702310836698db1d823c3fb3b28e1f0938164455de47d96d82?s=96&d=mm&r=g\",\"caption\":\"Antonio Garc\u00eda\"},\"description\":\"Integrante del equipo editorial en Centro Urbano. Egresado de la carrera de Econom\u00eda (preespecialidad en Desarrollo Regional) en el IPN y de Matem\u00e1ticas Aplicadas y Computaci\u00f3n en la UNAM. Apasionado de los temas inherentes al desarrollo urbano-regional y estudios formales -e informales- sobre la ciudad y la econom\u00eda urbana.\",\"sameAs\":[\"https:\\\/\\\/www.instagram.com\\\/caminante_en_la_ciudad\\\/?hl=es-la\",\"https:\\\/\\\/x.com\\\/https:\\\/\\\/twitter.com\\\/TGarper\"],\"url\":\"https:\\\/\\\/centrourbano.com\\\/revista\\\/author\\\/antonio-garcia\\\/\"}]}<\/script>\n<!-- \/ Yoast SEO plugin. -->","yoast_head_json":{"title":"Cae flujo de remesas a M\u00e9xico debido al alza de desempleo en EEUU","description":"BBVA report\u00f3 que el flujo de remesas registr\u00f3 una ca\u00edda significativa en El Salvador -40.0% y en Guatemala con -20.2%; en M\u00e9xico la ca\u00edda fue del -2.6%","robots":{"index":"index","follow":"follow","max-snippet":"max-snippet:-1","max-image-preview":"max-image-preview:large","max-video-preview":"max-video-preview:-1"},"canonical":"https:\/\/centrourbano.com\/revista\/actualidad\/cae-flujo-de-remesas-a-mexico-debido-al-alza-de-desempleo-en-eeuu\/","og_locale":"es_ES","og_type":"article","og_title":"Cae flujo de remesas a M\u00e9xico debido al alza de desempleo en EEUU","og_description":"BBVA report\u00f3 que el flujo de remesas registr\u00f3 una ca\u00edda significativa en El Salvador -40.0% y en Guatemala con -20.2%; en M\u00e9xico la ca\u00edda fue del -2.6%","og_url":"https:\/\/centrourbano.com\/revista\/actualidad\/cae-flujo-de-remesas-a-mexico-debido-al-alza-de-desempleo-en-eeuu\/","og_site_name":"Centro Urbano","article_publisher":"https:\/\/www.facebook.com\/portalcentrourbano","article_published_time":"2020-06-04T15:39:11+00:00","og_image":[{"width":1280,"height":853,"url":"https:\/\/centrourbano.com\/revista\/wp-content\/uploads\/Remesas_-1.jpg","type":"image\/jpeg"}],"author":"Antonio Garc\u00eda","twitter_card":"summary_large_image","twitter_creator":"@https:\/\/twitter.com\/TGarper","twitter_site":"@CentroUrbano","twitter_misc":{"Escrito por":"Antonio Garc\u00eda","Tiempo de lectura":"1 minuto"},"schema":{"@context":"https:\/\/schema.org","@graph":[{"@type":"Article","@id":"https:\/\/centrourbano.com\/revista\/actualidad\/cae-flujo-de-remesas-a-mexico-debido-al-alza-de-desempleo-en-eeuu\/#article","isPartOf":{"@id":"https:\/\/centrourbano.com\/revista\/actualidad\/cae-flujo-de-remesas-a-mexico-debido-al-alza-de-desempleo-en-eeuu\/"},"author":{"name":"Antonio Garc\u00eda","@id":"https:\/\/centrourbano.com\/revista\/#\/schema\/person\/317fc57cd0dcfa64aa25174335bd5d1a"},"headline":"Cae flujo de remesas a M\u00e9xico debido al alza de desempleo en EEUU","datePublished":"2020-06-04T15:39:11+00:00","mainEntityOfPage":{"@id":"https:\/\/centrourbano.com\/revista\/actualidad\/cae-flujo-de-remesas-a-mexico-debido-al-alza-de-desempleo-en-eeuu\/"},"wordCount":305,"commentCount":0,"publisher":{"@id":"https:\/\/centrourbano.com\/revista\/#organization"},"image":{"@id":"https:\/\/centrourbano.com\/revista\/actualidad\/cae-flujo-de-remesas-a-mexico-debido-al-alza-de-desempleo-en-eeuu\/#primaryimage"},"thumbnailUrl":"https:\/\/centrourbano.com\/revista\/wp-content\/uploads\/Remesas_-1.jpg","keywords":["BBVA Research","COVID-19","desempleo","flujo de remesas","M\u00e9xico","remesas","tasa de desempleo"],"articleSection":["Actualidad","Cobertura Covid-19"],"inLanguage":"es","potentialAction":[{"@type":"CommentAction","name":"Comment","target":["https:\/\/centrourbano.com\/revista\/actualidad\/cae-flujo-de-remesas-a-mexico-debido-al-alza-de-desempleo-en-eeuu\/#respond"]}]},{"@type":"WebPage","@id":"https:\/\/centrourbano.com\/revista\/actualidad\/cae-flujo-de-remesas-a-mexico-debido-al-alza-de-desempleo-en-eeuu\/","url":"https:\/\/centrourbano.com\/revista\/actualidad\/cae-flujo-de-remesas-a-mexico-debido-al-alza-de-desempleo-en-eeuu\/","name":"Cae flujo de remesas a M\u00e9xico debido al alza de desempleo en EEUU","isPartOf":{"@id":"https:\/\/centrourbano.com\/revista\/#website"},"primaryImageOfPage":{"@id":"https:\/\/centrourbano.com\/revista\/actualidad\/cae-flujo-de-remesas-a-mexico-debido-al-alza-de-desempleo-en-eeuu\/#primaryimage"},"image":{"@id":"https:\/\/centrourbano.com\/revista\/actualidad\/cae-flujo-de-remesas-a-mexico-debido-al-alza-de-desempleo-en-eeuu\/#primaryimage"},"thumbnailUrl":"https:\/\/centrourbano.com\/revista\/wp-content\/uploads\/Remesas_-1.jpg","datePublished":"2020-06-04T15:39:11+00:00","description":"BBVA report\u00f3 que el flujo de remesas registr\u00f3 una ca\u00edda significativa en El Salvador -40.0% y en Guatemala con -20.2%; en M\u00e9xico la ca\u00edda fue del -2.6%","breadcrumb":{"@id":"https:\/\/centrourbano.com\/revista\/actualidad\/cae-flujo-de-remesas-a-mexico-debido-al-alza-de-desempleo-en-eeuu\/#breadcrumb"},"inLanguage":"es","potentialAction":[{"@type":"ReadAction","target":["https:\/\/centrourbano.com\/revista\/actualidad\/cae-flujo-de-remesas-a-mexico-debido-al-alza-de-desempleo-en-eeuu\/"]}]},{"@type":"ImageObject","inLanguage":"es","@id":"https:\/\/centrourbano.com\/revista\/actualidad\/cae-flujo-de-remesas-a-mexico-debido-al-alza-de-desempleo-en-eeuu\/#primaryimage","url":"https:\/\/centrourbano.com\/revista\/wp-content\/uploads\/Remesas_-1.jpg","contentUrl":"https:\/\/centrourbano.com\/revista\/wp-content\/uploads\/Remesas_-1.jpg","width":1280,"height":853,"caption":"BBVA report\u00f3 que el flujo de remesas registr\u00f3 una ca\u00edda significativa en El Salvador -40.0% y en Guatemala con -20.2%; en M\u00e9xico la ca\u00edda fue del -2.6%"},{"@type":"BreadcrumbList","@id":"https:\/\/centrourbano.com\/revista\/actualidad\/cae-flujo-de-remesas-a-mexico-debido-al-alza-de-desempleo-en-eeuu\/#breadcrumb","itemListElement":[{"@type":"ListItem","position":1,"name":"Portada","item":"https:\/\/centrourbano.com\/revista\/"},{"@type":"ListItem","position":2,"name":"Cae flujo de remesas a M\u00e9xico debido al alza de desempleo en EEUU"}]},{"@type":"WebSite","@id":"https:\/\/centrourbano.com\/revista\/#website","url":"https:\/\/centrourbano.com\/revista\/","name":"Centro Urbano","description":"Medio especializado en los sectores vivienda, inmobiliario, construcci\u00f3n, arquitectura y urbanismo.","publisher":{"@id":"https:\/\/centrourbano.com\/revista\/#organization"},"potentialAction":[{"@type":"SearchAction","target":{"@type":"EntryPoint","urlTemplate":"https:\/\/centrourbano.com\/revista\/?s={search_term_string}"},"query-input":{"@type":"PropertyValueSpecification","valueRequired":true,"valueName":"search_term_string"}}],"inLanguage":"es"},{"@type":"Organization","@id":"https:\/\/centrourbano.com\/revista\/#organization","name":"Centro Urbano","url":"https:\/\/centrourbano.com\/revista\/","logo":{"@type":"ImageObject","inLanguage":"es","@id":"https:\/\/centrourbano.com\/revista\/#\/schema\/logo\/image\/","url":"https:\/\/centrourbano.com\/revista\/wp-content\/uploads\/web_CU_logo-1.png","contentUrl":"https:\/\/centrourbano.com\/revista\/wp-content\/uploads\/web_CU_logo-1.png","width":350,"height":91,"caption":"Centro Urbano"},"image":{"@id":"https:\/\/centrourbano.com\/revista\/#\/schema\/logo\/image\/"},"sameAs":["https:\/\/www.facebook.com\/portalcentrourbano","https:\/\/x.com\/CentroUrbano","https:\/\/www.instagram.com\/centro_urbano\/","https:\/\/www.linkedin.com\/company\/centro-urbano\/","http:\/\/www.youtube.com\/user\/portalcentrourbano"]},{"@type":"Person","@id":"https:\/\/centrourbano.com\/revista\/#\/schema\/person\/317fc57cd0dcfa64aa25174335bd5d1a","name":"Antonio Garc\u00eda","image":{"@type":"ImageObject","inLanguage":"es","@id":"https:\/\/secure.gravatar.com\/avatar\/68b7fcfc82d16a702310836698db1d823c3fb3b28e1f0938164455de47d96d82?s=96&d=mm&r=g","url":"https:\/\/secure.gravatar.com\/avatar\/68b7fcfc82d16a702310836698db1d823c3fb3b28e1f0938164455de47d96d82?s=96&d=mm&r=g","contentUrl":"https:\/\/secure.gravatar.com\/avatar\/68b7fcfc82d16a702310836698db1d823c3fb3b28e1f0938164455de47d96d82?s=96&d=mm&r=g","caption":"Antonio Garc\u00eda"},"description":"Integrante del equipo editorial en Centro Urbano. Egresado de la carrera de Econom\u00eda (preespecialidad en Desarrollo Regional) en el IPN y de Matem\u00e1ticas Aplicadas y Computaci\u00f3n en la UNAM. Apasionado de los temas inherentes al desarrollo urbano-regional y estudios formales -e informales- sobre la ciudad y la econom\u00eda urbana.","sameAs":["https:\/\/www.instagram.com\/caminante_en_la_ciudad\/?hl=es-la","https:\/\/x.com\/https:\/\/twitter.com\/TGarper"],"url":"https:\/\/centrourbano.com\/revista\/author\/antonio-garcia\/"}]}},"_links":{"self":[{"href":"https:\/\/centrourbano.com\/revista\/wp-json\/wp\/v2\/posts\/107506","targetHints":{"allow":["GET"]}}],"collection":[{"href":"https:\/\/centrourbano.com\/revista\/wp-json\/wp\/v2\/posts"}],"about":[{"href":"https:\/\/centrourbano.com\/revista\/wp-json\/wp\/v2\/types\/post"}],"author":[{"embeddable":true,"href":"https:\/\/centrourbano.com\/revista\/wp-json\/wp\/v2\/users\/75"}],"replies":[{"embeddable":true,"href":"https:\/\/centrourbano.com\/revista\/wp-json\/wp\/v2\/comments?post=107506"}],"version-history":[{"count":4,"href":"https:\/\/centrourbano.com\/revista\/wp-json\/wp\/v2\/posts\/107506\/revisions"}],"predecessor-version":[{"id":107548,"href":"https:\/\/centrourbano.com\/revista\/wp-json\/wp\/v2\/posts\/107506\/revisions\/107548"}],"wp:featuredmedia":[{"embeddable":true,"href":"https:\/\/centrourbano.com\/revista\/wp-json\/wp\/v2\/media\/107508"}],"wp:attachment":[{"href":"https:\/\/centrourbano.com\/revista\/wp-json\/wp\/v2\/media?parent=107506"}],"wp:term":[{"taxonomy":"category","embeddable":true,"href":"https:\/\/centrourbano.com\/revista\/wp-json\/wp\/v2\/categories?post=107506"},{"taxonomy":"post_tag","embeddable":true,"href":"https:\/\/centrourbano.com\/revista\/wp-json\/wp\/v2\/tags?post=107506"}],"curies":[{"name":"wp","href":"https:\/\/api.w.org\/{rel}","templated":true}]}}