{"id":107457,"date":"2020-06-03T08:25:01","date_gmt":"2020-06-03T13:25:01","guid":{"rendered":"https:\/\/centrourbano.com\/?p=107457"},"modified":"2020-06-03T09:21:27","modified_gmt":"2020-06-03T14:21:27","slug":"proyectos-movilidad-covid-19","status":"publish","type":"post","link":"https:\/\/centrourbano.com\/revista\/urbanismo\/proyectos-movilidad-covid-19\/","title":{"rendered":"Implementan proyectos de movilidad para hacer frente al Covid-19"},"content":{"rendered":"<p><em>Los proyectos piloto en materia de movilidad se evaluar\u00e1n<\/em>\u00a0<em>para determinar el dise\u00f1o de pol\u00edticas p\u00fablicas; o para la definici\u00f3n y ajuste de las regulaciones para las ERTs<\/em><!--more--><\/p>\n<p>El pasado mes de abril, el <strong>Instituto de Pol\u00edticas para el Transporte y el Desarrollo (<a href=\"http:\/\/mexico.itdp.org\/\" target=\"_blank\" rel=\"noopener noreferrer\">ITDP<\/a>)<\/strong> y el <strong>Banco Interamericano de Desarrollo (BID)<\/strong> lanzaron la convocatoria para el programa <strong><a href=\"https:\/\/centrourbano.com\/2020\/04\/08\/erts-soluciones-movilidad-covid\/\" target=\"_blank\" rel=\"noopener noreferrer\">Sostenibilidad e Inclusi\u00f3n en Movimiento<\/a> (SIM),<\/strong>\u00a0a trav\u00e9s del cual se invit\u00f3 a las Empresas de Redes de Transporte (ERTs) a aportar <strong>soluciones<\/strong> <strong>de movilidad<\/strong> relacionadas a la contingencia por Covid-19.<\/p>\n<p>De dicha convocatoria se recibieron <strong>28 propuestas<\/strong>, de las cuales se seleccionaron cuatro proyectos piloto, y un grupo de <strong>17 organizaciones civiles,<\/strong> entre ERTs, y gobiernos locales, con apoyo y coordinaci\u00f3n del BID, BID Lab y el ITDP; se sumaron para implementar estos proyectos, cuya finalidad es ayudar a sectores vulnerables y econom\u00edas locales afectados por la pandemia de Covid-19.<\/p>\n<p>La colaboraci\u00f3n incluye a <strong>diversos actores de la movilidad<\/strong>, como ERTs dedicadas al reparto de comida, al transporte de personas con modelos sustentables (micromovilidad, motos el\u00e9ctricas y vans), a organizaciones ciclistas y ciudadanas; as\u00ed como a una secretar\u00eda estatal de movilidad.<\/p>\n<p>[quote]\u201cLo que busca este programa es pilotear ideas innovadoras para mejorar el ecosistema de las ERTs. El objetivo es lograr una <strong>movilidad m\u00e1s sostenible e incluyente<\/strong> por medio de la reducci\u00f3n de emisiones contaminantes, la disminuci\u00f3n del congestionamiento vial, un menor uso del veh\u00edculo particular, y mejorar la integraci\u00f3n de sistemas de transporte p\u00fablico. Todo enfocado en apoyar a sectores econ\u00f3micos y comunidades vulnerables\u201d, destac\u00f3 <strong>Amado Crotte, especialista senior en transporte del BID M\u00e9xico<\/strong>.[\/quote]<\/p>\n<p><strong>Proyectos en marcha<\/strong><\/p>\n<ol>\n<li>\n<h4><strong>Gu\u00eda de Salud en Repartos<\/strong><\/h4>\n<\/li>\n<\/ol>\n<p>Esta propuesta busca <strong>evitar contagios<\/strong> en la cadena de servicios para el <strong>reparto de comida y servicios, <\/strong>as\u00ed como en los <strong>restaurantes<\/strong> y por la interacci\u00f3n con los consumidores finales.<\/p>\n<p>Consiste en la creaci\u00f3n de tres <strong>infograf\u00edas<\/strong> enfocadas en los grupos objetivo y su distribuci\u00f3n masiva a trav\u00e9s de redes sociales, con un alcance objetivo de poco m\u00e1s de un mill\u00f3n de usuarios.<\/p>\n<p>[quote]\u201cLo que queremos es cuidar que, en este proceso, desde que se inicia en el restaurante o comercio, luego a la persona repartidora y al final el consumidor, se sigan los protocolos para prevenir contagios por Covid-19\u201d, expuso el <strong>coordinador del Programa de Sostenibilidad e Inclusi\u00f3n en Movimiento del ITDP, Eloy Gonz\u00e1lez<\/strong>.[\/quote]<\/p>\n<ol start=\"2\">\n<li>\n<h4><strong>Rodando ayuda<\/strong><\/h4>\n<\/li>\n<\/ol>\n<p>El objetivo de este proyecto es ayudar a <strong>sectores vulnerables, <\/strong>a trav\u00e9s de la entrega de al menos <strong>1,500 despensas<\/strong> con el apoyo de 80 repartidores capacitados en protocolos de seguridad sanitaria y conducci\u00f3n segura; y mediante medios sustentables de movilidad como la bicicleta y la motocicleta el\u00e9ctrica.<\/p>\n<p>En este proyecto se contemplan <strong>tres grupos en situaci\u00f3n de vulnerabilidad,<\/strong> con los cuales se tiene contacto directo para asegurar que la ayuda realmente llegue a quienes m\u00e1s lo necesitan: personas trabajadoras del hogar, personas repartidoras y conductoras en plataformas digitales y personas en situaci\u00f3n de calle.<\/p>\n<p>[quote]\u201cTenemos cuatro objetivos: ayudar a personas en situaciones vulnerables; eficientar el proceso de reparto y hacerlo seguro a trav\u00e9s de la Gu\u00eda de Salud en Repartos; dar oportunidad de empleo a las personas que hacen el reparto, con una remuneraci\u00f3n por cada env\u00edo; y realizarlo a trav\u00e9s de medios sustentables\u201d, explic\u00f3 <strong>Gonzalo Pe\u00f3n, director de Programa M\u00e9xico del ITPD.<\/strong>[\/quote]<\/p>\n<ol start=\"3\">\n<li>\n<h4><strong>Movilidad del Sector Salud &#8211; CDMX y Toluca<\/strong><\/h4>\n<\/li>\n<\/ol>\n<p>Estas son <strong>dos iniciativas<\/strong> que buscan apoyar a la <strong>movilidad del personal m\u00e9dico<\/strong> que combate la pandemia en hospitales de la Ciudad de M\u00e9xico y Toluca, a trav\u00e9s de rutas de transporte enfocadas en los or\u00edgenes y destinos del personal y sus horarios de trabajo.<\/p>\n<p><strong>Amado Crotte<\/strong> destac\u00f3 que estos proyectos piloto ser\u00e1n medidos y evaluados al t\u00e9rmino de su ejecuci\u00f3n, esto a fin de determinar si es posible dise\u00f1ar <strong>pol\u00edticas p\u00fablicas<\/strong> o la <strong>definici\u00f3n y ajuste de las regulaciones para las ERTs<\/strong> en M\u00e9xico y a nivel regional.<\/p>\n","protected":false},"excerpt":{"rendered":"<p>Los proyectos piloto en materia de movilidad se evaluar\u00e1n\u00a0para determinar el dise\u00f1o de pol\u00edticas p\u00fablicas; o para la definici\u00f3n y ajuste de las regulaciones para las ERTs<\/p>\n","protected":false},"author":73,"featured_media":107466,"comment_status":"open","ping_status":"closed","sticky":false,"template":"","format":"standard","meta":{"om_disable_all_campaigns":false,"inline_featured_image":false,"_monsterinsights_skip_tracking":false,"_monsterinsights_sitenote_active":false,"_monsterinsights_sitenote_note":"","_monsterinsights_sitenote_category":0,"footnotes":""},"categories":[17827,82],"tags":[1003,16514,3438,487,541],"class_list":["post-107457","post","type-post","status-publish","format-standard","has-post-thumbnail","hentry","category-cobertura-covid-19","category-urbanismo","tag-bid","tag-erts","tag-itdp","tag-movilidad","tag-proyectos"],"yoast_head":"<!-- This site is optimized with the Yoast SEO plugin v27.5 - https:\/\/yoast.com\/product\/yoast-seo-wordpress\/ -->\n<title>Implementan proyectos de movilidad para hacer frente al Covid-19<\/title>\n<meta name=\"description\" content=\"Los proyectos piloto en materia de movilidad ser\u00e1n evaluados para determinar el dise\u00f1o de pol\u00edticas p\u00fablicas; o para definir las regulaciones para las ERTs\" \/>\n<meta name=\"robots\" content=\"index, follow, max-snippet:-1, max-image-preview:large, max-video-preview:-1\" \/>\n<link rel=\"canonical\" href=\"https:\/\/centrourbano.com\/revista\/urbanismo\/proyectos-movilidad-covid-19\/\" \/>\n<meta property=\"og:locale\" content=\"es_ES\" \/>\n<meta property=\"og:type\" content=\"article\" \/>\n<meta property=\"og:title\" content=\"Implementan proyectos de movilidad para hacer frente al Covid-19\" \/>\n<meta property=\"og:description\" content=\"Los proyectos piloto en materia de movilidad ser\u00e1n evaluados para determinar el dise\u00f1o de pol\u00edticas p\u00fablicas; o para definir las regulaciones para las ERTs\" \/>\n<meta property=\"og:url\" content=\"https:\/\/centrourbano.com\/revista\/urbanismo\/proyectos-movilidad-covid-19\/\" \/>\n<meta property=\"og:site_name\" content=\"Centro Urbano\" \/>\n<meta property=\"article:publisher\" content=\"https:\/\/www.facebook.com\/portalcentrourbano\" \/>\n<meta property=\"article:published_time\" content=\"2020-06-03T13:25:01+00:00\" \/>\n<meta property=\"article:modified_time\" content=\"2020-06-03T14:21:27+00:00\" \/>\n<meta property=\"og:image\" content=\"https:\/\/centrourbano.com\/revista\/wp-content\/uploads\/Implementan-proyectos-de-movilidad-para-hacer-frente-al-Covid-19.jpg\" \/>\n\t<meta property=\"og:image:width\" content=\"800\" \/>\n\t<meta property=\"og:image:height\" content=\"453\" \/>\n\t<meta property=\"og:image:type\" content=\"image\/jpeg\" \/>\n<meta name=\"author\" content=\"Fernanda Hern\u00e1ndez\" \/>\n<meta name=\"twitter:card\" content=\"summary_large_image\" \/>\n<meta name=\"twitter:creator\" content=\"@https:\/\/twitter.com\/Nannz_Hernandez\" \/>\n<meta name=\"twitter:site\" content=\"@CentroUrbano\" \/>\n<meta name=\"twitter:label1\" content=\"Escrito por\" \/>\n\t<meta name=\"twitter:data1\" content=\"Fernanda Hern\u00e1ndez\" \/>\n\t<meta name=\"twitter:label2\" content=\"Tiempo de lectura\" \/>\n\t<meta name=\"twitter:data2\" content=\"3 minutos\" \/>\n<script type=\"application\/ld+json\" class=\"yoast-schema-graph\">{\"@context\":\"https:\\\/\\\/schema.org\",\"@graph\":[{\"@type\":\"Article\",\"@id\":\"https:\\\/\\\/centrourbano.com\\\/revista\\\/urbanismo\\\/proyectos-movilidad-covid-19\\\/#article\",\"isPartOf\":{\"@id\":\"https:\\\/\\\/centrourbano.com\\\/revista\\\/urbanismo\\\/proyectos-movilidad-covid-19\\\/\"},\"author\":{\"name\":\"Fernanda Hern\u00e1ndez\",\"@id\":\"https:\\\/\\\/centrourbano.com\\\/revista\\\/#\\\/schema\\\/person\\\/bc284507d99af21c6df75a3f1924b95c\"},\"headline\":\"Implementan proyectos de movilidad para hacer frente al Covid-19\",\"datePublished\":\"2020-06-03T13:25:01+00:00\",\"dateModified\":\"2020-06-03T14:21:27+00:00\",\"mainEntityOfPage\":{\"@id\":\"https:\\\/\\\/centrourbano.com\\\/revista\\\/urbanismo\\\/proyectos-movilidad-covid-19\\\/\"},\"wordCount\":706,\"commentCount\":0,\"publisher\":{\"@id\":\"https:\\\/\\\/centrourbano.com\\\/revista\\\/#organization\"},\"image\":{\"@id\":\"https:\\\/\\\/centrourbano.com\\\/revista\\\/urbanismo\\\/proyectos-movilidad-covid-19\\\/#primaryimage\"},\"thumbnailUrl\":\"https:\\\/\\\/centrourbano.com\\\/revista\\\/wp-content\\\/uploads\\\/Implementan-proyectos-de-movilidad-para-hacer-frente-al-Covid-19.jpg\",\"keywords\":[\"BID\",\"ERTs\",\"ITDP\",\"movilidad\",\"Proyectos\"],\"articleSection\":[\"Cobertura Covid-19\",\"Urbanismo\"],\"inLanguage\":\"es\",\"potentialAction\":[{\"@type\":\"CommentAction\",\"name\":\"Comment\",\"target\":[\"https:\\\/\\\/centrourbano.com\\\/revista\\\/urbanismo\\\/proyectos-movilidad-covid-19\\\/#respond\"]}]},{\"@type\":\"WebPage\",\"@id\":\"https:\\\/\\\/centrourbano.com\\\/revista\\\/urbanismo\\\/proyectos-movilidad-covid-19\\\/\",\"url\":\"https:\\\/\\\/centrourbano.com\\\/revista\\\/urbanismo\\\/proyectos-movilidad-covid-19\\\/\",\"name\":\"Implementan proyectos de movilidad para hacer frente al Covid-19\",\"isPartOf\":{\"@id\":\"https:\\\/\\\/centrourbano.com\\\/revista\\\/#website\"},\"primaryImageOfPage\":{\"@id\":\"https:\\\/\\\/centrourbano.com\\\/revista\\\/urbanismo\\\/proyectos-movilidad-covid-19\\\/#primaryimage\"},\"image\":{\"@id\":\"https:\\\/\\\/centrourbano.com\\\/revista\\\/urbanismo\\\/proyectos-movilidad-covid-19\\\/#primaryimage\"},\"thumbnailUrl\":\"https:\\\/\\\/centrourbano.com\\\/revista\\\/wp-content\\\/uploads\\\/Implementan-proyectos-de-movilidad-para-hacer-frente-al-Covid-19.jpg\",\"datePublished\":\"2020-06-03T13:25:01+00:00\",\"dateModified\":\"2020-06-03T14:21:27+00:00\",\"description\":\"Los proyectos piloto en materia de movilidad ser\u00e1n evaluados para determinar el dise\u00f1o de pol\u00edticas p\u00fablicas; o para definir las regulaciones para las ERTs\",\"breadcrumb\":{\"@id\":\"https:\\\/\\\/centrourbano.com\\\/revista\\\/urbanismo\\\/proyectos-movilidad-covid-19\\\/#breadcrumb\"},\"inLanguage\":\"es\",\"potentialAction\":[{\"@type\":\"ReadAction\",\"target\":[\"https:\\\/\\\/centrourbano.com\\\/revista\\\/urbanismo\\\/proyectos-movilidad-covid-19\\\/\"]}]},{\"@type\":\"ImageObject\",\"inLanguage\":\"es\",\"@id\":\"https:\\\/\\\/centrourbano.com\\\/revista\\\/urbanismo\\\/proyectos-movilidad-covid-19\\\/#primaryimage\",\"url\":\"https:\\\/\\\/centrourbano.com\\\/revista\\\/wp-content\\\/uploads\\\/Implementan-proyectos-de-movilidad-para-hacer-frente-al-Covid-19.jpg\",\"contentUrl\":\"https:\\\/\\\/centrourbano.com\\\/revista\\\/wp-content\\\/uploads\\\/Implementan-proyectos-de-movilidad-para-hacer-frente-al-Covid-19.jpg\",\"width\":800,\"height\":453,\"caption\":\"Los proyectos piloto en materia de movilidad ser\u00e1n evaluados para determinar el dise\u00f1o de pol\u00edticas p\u00fablicas; o para definir las regulaciones para las ERTs\"},{\"@type\":\"BreadcrumbList\",\"@id\":\"https:\\\/\\\/centrourbano.com\\\/revista\\\/urbanismo\\\/proyectos-movilidad-covid-19\\\/#breadcrumb\",\"itemListElement\":[{\"@type\":\"ListItem\",\"position\":1,\"name\":\"Portada\",\"item\":\"https:\\\/\\\/centrourbano.com\\\/revista\\\/\"},{\"@type\":\"ListItem\",\"position\":2,\"name\":\"Implementan proyectos de movilidad para hacer frente al Covid-19\"}]},{\"@type\":\"WebSite\",\"@id\":\"https:\\\/\\\/centrourbano.com\\\/revista\\\/#website\",\"url\":\"https:\\\/\\\/centrourbano.com\\\/revista\\\/\",\"name\":\"Centro Urbano\",\"description\":\"Medio especializado en los sectores vivienda, inmobiliario, construcci\u00f3n, arquitectura y urbanismo.\",\"publisher\":{\"@id\":\"https:\\\/\\\/centrourbano.com\\\/revista\\\/#organization\"},\"potentialAction\":[{\"@type\":\"SearchAction\",\"target\":{\"@type\":\"EntryPoint\",\"urlTemplate\":\"https:\\\/\\\/centrourbano.com\\\/revista\\\/?s={search_term_string}\"},\"query-input\":{\"@type\":\"PropertyValueSpecification\",\"valueRequired\":true,\"valueName\":\"search_term_string\"}}],\"inLanguage\":\"es\"},{\"@type\":\"Organization\",\"@id\":\"https:\\\/\\\/centrourbano.com\\\/revista\\\/#organization\",\"name\":\"Centro Urbano\",\"url\":\"https:\\\/\\\/centrourbano.com\\\/revista\\\/\",\"logo\":{\"@type\":\"ImageObject\",\"inLanguage\":\"es\",\"@id\":\"https:\\\/\\\/centrourbano.com\\\/revista\\\/#\\\/schema\\\/logo\\\/image\\\/\",\"url\":\"https:\\\/\\\/centrourbano.com\\\/revista\\\/wp-content\\\/uploads\\\/web_CU_logo-1.png\",\"contentUrl\":\"https:\\\/\\\/centrourbano.com\\\/revista\\\/wp-content\\\/uploads\\\/web_CU_logo-1.png\",\"width\":350,\"height\":91,\"caption\":\"Centro Urbano\"},\"image\":{\"@id\":\"https:\\\/\\\/centrourbano.com\\\/revista\\\/#\\\/schema\\\/logo\\\/image\\\/\"},\"sameAs\":[\"https:\\\/\\\/www.facebook.com\\\/portalcentrourbano\",\"https:\\\/\\\/x.com\\\/CentroUrbano\",\"https:\\\/\\\/www.instagram.com\\\/centro_urbano\\\/\",\"https:\\\/\\\/www.linkedin.com\\\/company\\\/centro-urbano\\\/\",\"http:\\\/\\\/www.youtube.com\\\/user\\\/portalcentrourbano\"]},{\"@type\":\"Person\",\"@id\":\"https:\\\/\\\/centrourbano.com\\\/revista\\\/#\\\/schema\\\/person\\\/bc284507d99af21c6df75a3f1924b95c\",\"name\":\"Fernanda Hern\u00e1ndez\",\"image\":{\"@type\":\"ImageObject\",\"inLanguage\":\"es\",\"@id\":\"https:\\\/\\\/secure.gravatar.com\\\/avatar\\\/9471831fb0a24eae9d32d826a7cb8ef07c34a41520aca1a0ab1f5c0903ba49b9?s=96&d=mm&r=g\",\"url\":\"https:\\\/\\\/secure.gravatar.com\\\/avatar\\\/9471831fb0a24eae9d32d826a7cb8ef07c34a41520aca1a0ab1f5c0903ba49b9?s=96&d=mm&r=g\",\"contentUrl\":\"https:\\\/\\\/secure.gravatar.com\\\/avatar\\\/9471831fb0a24eae9d32d826a7cb8ef07c34a41520aca1a0ab1f5c0903ba49b9?s=96&d=mm&r=g\",\"caption\":\"Fernanda Hern\u00e1ndez\"},\"description\":\"Reportera y redactora en Centro Urbano. Soy egresada de la licenciatura en Ciencias de la Comunicaci\u00f3n de la Facultad de Ciencias Pol\u00edticas y Sociales (UNAM). Me interesa la cultura, el urbanismo y la arquitectura. Amante del mundo digital, el cine, la m\u00fasica, la lectura y la escritura.\",\"sameAs\":[\"https:\\\/\\\/x.com\\\/https:\\\/\\\/twitter.com\\\/Nannz_Hernandez\"],\"url\":\"https:\\\/\\\/centrourbano.com\\\/revista\\\/author\\\/fernanda-hernandez\\\/\"}]}<\/script>\n<!-- \/ Yoast SEO plugin. -->","yoast_head_json":{"title":"Implementan proyectos de movilidad para hacer frente al Covid-19","description":"Los proyectos piloto en materia de movilidad ser\u00e1n evaluados para determinar el dise\u00f1o de pol\u00edticas p\u00fablicas; o para definir las regulaciones para las ERTs","robots":{"index":"index","follow":"follow","max-snippet":"max-snippet:-1","max-image-preview":"max-image-preview:large","max-video-preview":"max-video-preview:-1"},"canonical":"https:\/\/centrourbano.com\/revista\/urbanismo\/proyectos-movilidad-covid-19\/","og_locale":"es_ES","og_type":"article","og_title":"Implementan proyectos de movilidad para hacer frente al Covid-19","og_description":"Los proyectos piloto en materia de movilidad ser\u00e1n evaluados para determinar el dise\u00f1o de pol\u00edticas p\u00fablicas; o para definir las regulaciones para las ERTs","og_url":"https:\/\/centrourbano.com\/revista\/urbanismo\/proyectos-movilidad-covid-19\/","og_site_name":"Centro Urbano","article_publisher":"https:\/\/www.facebook.com\/portalcentrourbano","article_published_time":"2020-06-03T13:25:01+00:00","article_modified_time":"2020-06-03T14:21:27+00:00","og_image":[{"width":800,"height":453,"url":"https:\/\/centrourbano.com\/revista\/wp-content\/uploads\/Implementan-proyectos-de-movilidad-para-hacer-frente-al-Covid-19.jpg","type":"image\/jpeg"}],"author":"Fernanda Hern\u00e1ndez","twitter_card":"summary_large_image","twitter_creator":"@https:\/\/twitter.com\/Nannz_Hernandez","twitter_site":"@CentroUrbano","twitter_misc":{"Escrito por":"Fernanda Hern\u00e1ndez","Tiempo de lectura":"3 minutos"},"schema":{"@context":"https:\/\/schema.org","@graph":[{"@type":"Article","@id":"https:\/\/centrourbano.com\/revista\/urbanismo\/proyectos-movilidad-covid-19\/#article","isPartOf":{"@id":"https:\/\/centrourbano.com\/revista\/urbanismo\/proyectos-movilidad-covid-19\/"},"author":{"name":"Fernanda Hern\u00e1ndez","@id":"https:\/\/centrourbano.com\/revista\/#\/schema\/person\/bc284507d99af21c6df75a3f1924b95c"},"headline":"Implementan proyectos de movilidad para hacer frente al Covid-19","datePublished":"2020-06-03T13:25:01+00:00","dateModified":"2020-06-03T14:21:27+00:00","mainEntityOfPage":{"@id":"https:\/\/centrourbano.com\/revista\/urbanismo\/proyectos-movilidad-covid-19\/"},"wordCount":706,"commentCount":0,"publisher":{"@id":"https:\/\/centrourbano.com\/revista\/#organization"},"image":{"@id":"https:\/\/centrourbano.com\/revista\/urbanismo\/proyectos-movilidad-covid-19\/#primaryimage"},"thumbnailUrl":"https:\/\/centrourbano.com\/revista\/wp-content\/uploads\/Implementan-proyectos-de-movilidad-para-hacer-frente-al-Covid-19.jpg","keywords":["BID","ERTs","ITDP","movilidad","Proyectos"],"articleSection":["Cobertura Covid-19","Urbanismo"],"inLanguage":"es","potentialAction":[{"@type":"CommentAction","name":"Comment","target":["https:\/\/centrourbano.com\/revista\/urbanismo\/proyectos-movilidad-covid-19\/#respond"]}]},{"@type":"WebPage","@id":"https:\/\/centrourbano.com\/revista\/urbanismo\/proyectos-movilidad-covid-19\/","url":"https:\/\/centrourbano.com\/revista\/urbanismo\/proyectos-movilidad-covid-19\/","name":"Implementan proyectos de movilidad para hacer frente al Covid-19","isPartOf":{"@id":"https:\/\/centrourbano.com\/revista\/#website"},"primaryImageOfPage":{"@id":"https:\/\/centrourbano.com\/revista\/urbanismo\/proyectos-movilidad-covid-19\/#primaryimage"},"image":{"@id":"https:\/\/centrourbano.com\/revista\/urbanismo\/proyectos-movilidad-covid-19\/#primaryimage"},"thumbnailUrl":"https:\/\/centrourbano.com\/revista\/wp-content\/uploads\/Implementan-proyectos-de-movilidad-para-hacer-frente-al-Covid-19.jpg","datePublished":"2020-06-03T13:25:01+00:00","dateModified":"2020-06-03T14:21:27+00:00","description":"Los proyectos piloto en materia de movilidad ser\u00e1n evaluados para determinar el dise\u00f1o de pol\u00edticas p\u00fablicas; o para definir las regulaciones para las ERTs","breadcrumb":{"@id":"https:\/\/centrourbano.com\/revista\/urbanismo\/proyectos-movilidad-covid-19\/#breadcrumb"},"inLanguage":"es","potentialAction":[{"@type":"ReadAction","target":["https:\/\/centrourbano.com\/revista\/urbanismo\/proyectos-movilidad-covid-19\/"]}]},{"@type":"ImageObject","inLanguage":"es","@id":"https:\/\/centrourbano.com\/revista\/urbanismo\/proyectos-movilidad-covid-19\/#primaryimage","url":"https:\/\/centrourbano.com\/revista\/wp-content\/uploads\/Implementan-proyectos-de-movilidad-para-hacer-frente-al-Covid-19.jpg","contentUrl":"https:\/\/centrourbano.com\/revista\/wp-content\/uploads\/Implementan-proyectos-de-movilidad-para-hacer-frente-al-Covid-19.jpg","width":800,"height":453,"caption":"Los proyectos piloto en materia de movilidad ser\u00e1n evaluados para determinar el dise\u00f1o de pol\u00edticas p\u00fablicas; o para definir las regulaciones para las ERTs"},{"@type":"BreadcrumbList","@id":"https:\/\/centrourbano.com\/revista\/urbanismo\/proyectos-movilidad-covid-19\/#breadcrumb","itemListElement":[{"@type":"ListItem","position":1,"name":"Portada","item":"https:\/\/centrourbano.com\/revista\/"},{"@type":"ListItem","position":2,"name":"Implementan proyectos de movilidad para hacer frente al Covid-19"}]},{"@type":"WebSite","@id":"https:\/\/centrourbano.com\/revista\/#website","url":"https:\/\/centrourbano.com\/revista\/","name":"Centro Urbano","description":"Medio especializado en los sectores vivienda, inmobiliario, construcci\u00f3n, arquitectura y urbanismo.","publisher":{"@id":"https:\/\/centrourbano.com\/revista\/#organization"},"potentialAction":[{"@type":"SearchAction","target":{"@type":"EntryPoint","urlTemplate":"https:\/\/centrourbano.com\/revista\/?s={search_term_string}"},"query-input":{"@type":"PropertyValueSpecification","valueRequired":true,"valueName":"search_term_string"}}],"inLanguage":"es"},{"@type":"Organization","@id":"https:\/\/centrourbano.com\/revista\/#organization","name":"Centro Urbano","url":"https:\/\/centrourbano.com\/revista\/","logo":{"@type":"ImageObject","inLanguage":"es","@id":"https:\/\/centrourbano.com\/revista\/#\/schema\/logo\/image\/","url":"https:\/\/centrourbano.com\/revista\/wp-content\/uploads\/web_CU_logo-1.png","contentUrl":"https:\/\/centrourbano.com\/revista\/wp-content\/uploads\/web_CU_logo-1.png","width":350,"height":91,"caption":"Centro Urbano"},"image":{"@id":"https:\/\/centrourbano.com\/revista\/#\/schema\/logo\/image\/"},"sameAs":["https:\/\/www.facebook.com\/portalcentrourbano","https:\/\/x.com\/CentroUrbano","https:\/\/www.instagram.com\/centro_urbano\/","https:\/\/www.linkedin.com\/company\/centro-urbano\/","http:\/\/www.youtube.com\/user\/portalcentrourbano"]},{"@type":"Person","@id":"https:\/\/centrourbano.com\/revista\/#\/schema\/person\/bc284507d99af21c6df75a3f1924b95c","name":"Fernanda Hern\u00e1ndez","image":{"@type":"ImageObject","inLanguage":"es","@id":"https:\/\/secure.gravatar.com\/avatar\/9471831fb0a24eae9d32d826a7cb8ef07c34a41520aca1a0ab1f5c0903ba49b9?s=96&d=mm&r=g","url":"https:\/\/secure.gravatar.com\/avatar\/9471831fb0a24eae9d32d826a7cb8ef07c34a41520aca1a0ab1f5c0903ba49b9?s=96&d=mm&r=g","contentUrl":"https:\/\/secure.gravatar.com\/avatar\/9471831fb0a24eae9d32d826a7cb8ef07c34a41520aca1a0ab1f5c0903ba49b9?s=96&d=mm&r=g","caption":"Fernanda Hern\u00e1ndez"},"description":"Reportera y redactora en Centro Urbano. Soy egresada de la licenciatura en Ciencias de la Comunicaci\u00f3n de la Facultad de Ciencias Pol\u00edticas y Sociales (UNAM). Me interesa la cultura, el urbanismo y la arquitectura. Amante del mundo digital, el cine, la m\u00fasica, la lectura y la escritura.","sameAs":["https:\/\/x.com\/https:\/\/twitter.com\/Nannz_Hernandez"],"url":"https:\/\/centrourbano.com\/revista\/author\/fernanda-hernandez\/"}]}},"_links":{"self":[{"href":"https:\/\/centrourbano.com\/revista\/wp-json\/wp\/v2\/posts\/107457","targetHints":{"allow":["GET"]}}],"collection":[{"href":"https:\/\/centrourbano.com\/revista\/wp-json\/wp\/v2\/posts"}],"about":[{"href":"https:\/\/centrourbano.com\/revista\/wp-json\/wp\/v2\/types\/post"}],"author":[{"embeddable":true,"href":"https:\/\/centrourbano.com\/revista\/wp-json\/wp\/v2\/users\/73"}],"replies":[{"embeddable":true,"href":"https:\/\/centrourbano.com\/revista\/wp-json\/wp\/v2\/comments?post=107457"}],"version-history":[{"count":3,"href":"https:\/\/centrourbano.com\/revista\/wp-json\/wp\/v2\/posts\/107457\/revisions"}],"predecessor-version":[{"id":107482,"href":"https:\/\/centrourbano.com\/revista\/wp-json\/wp\/v2\/posts\/107457\/revisions\/107482"}],"wp:featuredmedia":[{"embeddable":true,"href":"https:\/\/centrourbano.com\/revista\/wp-json\/wp\/v2\/media\/107466"}],"wp:attachment":[{"href":"https:\/\/centrourbano.com\/revista\/wp-json\/wp\/v2\/media?parent=107457"}],"wp:term":[{"taxonomy":"category","embeddable":true,"href":"https:\/\/centrourbano.com\/revista\/wp-json\/wp\/v2\/categories?post=107457"},{"taxonomy":"post_tag","embeddable":true,"href":"https:\/\/centrourbano.com\/revista\/wp-json\/wp\/v2\/tags?post=107457"}],"curies":[{"name":"wp","href":"https:\/\/api.w.org\/{rel}","templated":true}]}}