{"id":106968,"date":"2020-05-20T18:00:37","date_gmt":"2020-05-20T23:00:37","guid":{"rendered":"https:\/\/centrourbano.com\/?p=106968"},"modified":"2020-05-26T10:34:03","modified_gmt":"2020-05-26T15:34:03","slug":"los-ejes-estrategicos-de-sedatu","status":"publish","type":"post","link":"https:\/\/centrourbano.com\/revista\/publicaciones\/los-ejes-estrategicos-de-sedatu\/","title":{"rendered":"Los ejes estrat\u00e9gicos de Sedatu"},"content":{"rendered":"<p><em>El 2019 fue un a\u00f1o relevante para la Sedatu, pues se concretaron modificaciones que les permitir\u00e1n perseguir sus objetivos y caminar en la l\u00ednea de transformar al pa\u00eds desde el territorio <\/em><!--more--><\/p>\n<p>Para el sexenio, la Secretar\u00eda de Desarrollo Agrario, Territorial y Urbano (Sedatu) ha planteado cinco grandes ejes de acci\u00f3n. Entre ellos se destaca: impulsar el mejoramiento urbano de varias regiones del pa\u00eds, echar a andar una pol\u00edtica de vivienda efectiva que atienda a los sectores m\u00e1s vulnerables, as\u00ed como detonar acciones para ordenar el territorio.<\/p>\n<p>As\u00ed lo expuso el titular de la Sedatu, <a href=\"https:\/\/centrourbano.com\/2020\/05\/22\/ordenar-el-territorio-alrededor-de-santa-lucia\/\" target=\"_blank\" rel=\"noopener noreferrer\">Rom\u00e1n Meyer Falc\u00f3n<\/a>. De acuerdo con el funcionario, en esta administraci\u00f3n, una de las prioridades es impulsar la \u201c<strong>transformaci\u00f3n del pa\u00eds desde el territorio<\/strong>\u00ab.<\/p>\n<p>Al respecto, el Secretario manifest\u00f3 que en este l\u00ednea, recuperar la rector\u00eda del Estado sobre el territorio es una prioridad. Ante ello, dijo, 2019 fue un a\u00f1o de relevancia, pues se concretaron las bases para impulsar los objetivos planteados en la materia.<\/p>\n<h4>Cambios<\/h4>\n<p>Entre otras cosas, indic\u00f3, el a\u00f1o que reci\u00e9n termin\u00f3 fue fundamental para las actividades de Sedatu. Y es que, se impulsaron modificaciones que permitir\u00e1n a esta dependencia contar con las atribuciones adecuadas. Entre ellas, para consolidarse como el organismo facultado para ordenar el territorio y coordinar los esfuerzos gubernamentales en la materia.<\/p>\n<p>\u201cLa misi\u00f3n de la Sedatu se convirti\u00f3 en recuperar la rector\u00eda del Estado sobre su territorio. Esto, como una respuesta a la falta de instituciones con incidencia en temas como el desarrollo urbano, lo que gener\u00f3 ciudades que crecieron sin planeaci\u00f3n. De ah\u00ed la necesidad de articular pol\u00edticas p\u00fablicas para armonizar la forma en la que ocupamos nuestro territorio, los recursos naturales, y evitar que nuestros h\u00e1bitats se expandan sin control alguno (\u2026)<\/p>\n<p>\u201cNos dimos cuenta de que la Sedatu pod\u00eda tener un alcance mayor. Es decir, podr\u00eda tener la capacidad normativa para ordenar el territorio nacional, pero har\u00eda falta la parte operativa. Era necesaria una modificaci\u00f3n jur\u00eddica que le permitiera realizar acciones de mejoramiento urbano. Para dimensionar esto: en su condici\u00f3n inicial, la secretar\u00eda encargada del desarrollo urbano no pod\u00eda hacer ni una banqueta\u201d, dijo Meyer Falc\u00f3n a Centro Urbano.<\/p>\n<p>En este escenario, el funcionario record\u00f3 que en la C\u00e1mara de Diputados se aprobaron diversos cambios trascendentales para la labor de Sedatu en el sexenio. Entre ellos, coment\u00f3, adem\u00e1s de pasar las facultades de Conavi a Sedatu en cuanto a la conducci\u00f3n de la Pol\u00edtica de Vivienda, se abri\u00f3 la puerta para que la Secretar\u00eda pudiera realizar obra p\u00fablica. Con ello, el organismo podr\u00eda acompa\u00f1ar uno de los programas m\u00e1s importante para esta administraci\u00f3n: el Programa de Mejoramiento Urbano (PMU).<\/p>\n<h4>Regenerar el territorio<\/h4>\n<p>Si se tuviera que definir un programa emblema que el actual gobierno, a trav\u00e9s de la Sedatu, ejecuta, ese es el de Mejoramiento Urbano.<\/p>\n<p>En palabras de <a href=\"https:\/\/www.facebook.com\/watch\/live\/?v=231950484884112&amp;ref=watch_permalink\" target=\"_blank\" rel=\"noopener noreferrer\">Rom\u00e1n Meyer<\/a>, el PMU es una apuesta del gobierno para revertir el deterioro en el que una gran cantidad de ciudades del pa\u00eds han ca\u00eddo. De esta forma, dijo, no s\u00f3lo se busca mejorar la imagen de las ciudad, sino impulsar procesos de regeneraci\u00f3n.<\/p>\n<p>Con este programa, asent\u00f3, la Sedatu no s\u00f3lo abre la puerta a intervenir en el corto plazo, sino que permite generar mecanismos con los municipios para dar una orientaci\u00f3n al desarrollo urbano en cada regi\u00f3n del pa\u00eds.<\/p>\n<p>\u201cPara revertir las desigualdades, el PMU representa una nueva forma de hacer ciudad, dignificando los territorios olvidados y trabajando con los habitantes de las comunidades. Con este programa pasamos de ser una Sedatu de escritorio, a una en territorio, que convoca y propicia el di\u00e1logo abierto en coordinaci\u00f3n con los gobiernos locales.<\/p>\n<p>\u201cA trav\u00e9s del PMU, trabajamos de la mano con los municipios en la construcci\u00f3n de instrumentos normativos que cimentan las bases para que los proyectos, obras y acciones regionales en materia de desarrollo urbano, vialidad, transporte, infraestructura y de protecci\u00f3n y conservaci\u00f3n del medio ambiente, tengan una l\u00f3gica ordenada a futuro\u201d, mencion\u00f3.<\/p>\n<h4>Vivienda adecuada<\/h4>\n<p>Por otro lado, para Rom\u00e1n Meyer, la vivienda es uno de los ejes estrat\u00e9gicos. Por ello, se\u00f1al\u00f3, la visi\u00f3n en esta administraci\u00f3n es dar un giro a la estrategia y concentrar los esfuerzos en la poblaci\u00f3n m\u00e1s vulnerable.<br \/>\nA partir de esta premisa, record\u00f3, en noviembre de 2019 se present\u00f3 el Programa Nacional de vivienda. Este documento, puntualiz\u00f3, es \u00fanico en su tipo, pues despu\u00e9s de muchos a\u00f1os, por primera vez tendr\u00e1 un eje rector de corte social.<\/p>\n<p>En tal sentido, el funcionario expuso que una de las premisas m\u00e1s importantes que se impulsan en este nuevo gobierno es combatir la idea de la vivienda con criterios comerciales y financieros; la meta, dijo, es alinear la estrategia a una visi\u00f3n de derechos.<\/p>\n<p>Es por esa situaci\u00f3n, a\u00f1adi\u00f3, que uno de los aportes m\u00e1s importantes del Programa es que se alinea a los preceptos de vivienda adecuada establecidos por ONU-Habitat. Esto, asegur\u00f3, \u201cconvierte a M\u00e9xico en el primer pa\u00eds, a nivel mundial, en incluir la necesidad de garantizar la habitabilidad, accesibilidad, seguridad de la tenencia, disponibilidad de servicios, asequibilidad, ubicaci\u00f3n y adecuaci\u00f3n cultural en la construcci\u00f3n de vivienda\u201d.<\/p>\n<p><strong>Ordenar el territorio<\/strong><\/p>\n<p>Una de las tres \u00e1reas fundamentales para la Sedatu en el sexenio es impulsar el ordenamiento territorial.<\/p>\n<p>El titular de Sedatu destac\u00f3 que, en este sentido, la Sedatu trabaja en la Estrategia Nacional de Ordenamiento Territorial (ENOT). Este documento, precis\u00f3, busca reconocer la realidad social, econ\u00f3mica, ambiental y cultural del territorio, para establecer un punto de partida y definir c\u00f3mo se tienen que desarrollar las comunidades.<\/p>\n<p>Al respecto, destac\u00f3 que en el camino de lograr esta tarea, en octubre de 2019 se reinstal\u00f3 el Consejo Nacional de Ordenamiento Territorial. Esto sumado a que se instal\u00f3 la Red Nacional Metropolitana (Renamet).<\/p>\n<h5>Prioridad<\/h5>\n<p>Meyer Falc\u00f3n manifest\u00f3 que el compromiso de la Sedatu en el resto del sexenio es consolidar la estrategias para ordenar el territorio. A\u00f1adi\u00f3 que sumado a las tres \u00e1reas antes descritas, el tema de la reconstrucci\u00f3n y la defensa de la propiedad social y la que pertenece a la naci\u00f3n, complementan los cinco campos de acci\u00f3n definidos para el sexenio.<\/p>\n<p>\u201cHemos decidido tomar la oportunidad que nos dio la gente y no defraudarles. En lo que a nosotros respecta, hemos decidido transformar el territorio e impulsar pol\u00edticas p\u00fablicas que sienten las bases para la construcci\u00f3n de comunidades m\u00e1s humanas, m\u00e1s justas, de paz y de bienestar.<\/p>\n<p>&nbsp;<\/p>\n<p>&nbsp;<\/p>\n<p>&nbsp;<\/p>\n<p>&nbsp;<\/p>\n","protected":false},"excerpt":{"rendered":"<p>El 2019 fue un a\u00f1o relevante para la Sedatu, pues se concretaron modificaciones que les permitir\u00e1n perseguir sus objetivos y caminar en la l\u00ednea de transformar al pa\u00eds desde el territorio<\/p>\n","protected":false},"author":14,"featured_media":106971,"comment_status":"open","ping_status":"closed","sticky":false,"template":"","format":"standard","meta":{"om_disable_all_campaigns":false,"inline_featured_image":false,"_monsterinsights_skip_tracking":false,"_monsterinsights_sitenote_active":false,"_monsterinsights_sitenote_note":"","_monsterinsights_sitenote_category":0,"footnotes":""},"categories":[7861,4],"tags":[13883,13493,105,13122],"class_list":["post-106968","post","type-post","status-publish","format-standard","has-post-thumbnail","hentry","category-hombres-y-mujeres-magazine","category-publicaciones","tag-nueva-sedatu","tag-roman-meyer-falcon","tag-sedatu","tag-territorio"],"yoast_head":"<!-- This site is optimized with the Yoast SEO plugin v27.5 - https:\/\/yoast.com\/product\/yoast-seo-wordpress\/ -->\n<title>Los ejes estrat\u00e9gicos de Sedatu - HyM de la Casa Magazine<\/title>\n<meta name=\"description\" content=\"El 2019 fue un a\u00f1o relevante para la Sedatu, pues se concretaron modificaciones que les permitir\u00e1n perseguir sus objetivos. Los ejes estrat\u00e9gicos de Sedatu.\" \/>\n<meta name=\"robots\" content=\"index, follow, max-snippet:-1, max-image-preview:large, max-video-preview:-1\" \/>\n<link rel=\"canonical\" href=\"https:\/\/centrourbano.com\/revista\/publicaciones\/los-ejes-estrategicos-de-sedatu\/\" \/>\n<meta property=\"og:locale\" content=\"es_ES\" \/>\n<meta property=\"og:type\" content=\"article\" \/>\n<meta property=\"og:title\" content=\"Los ejes estrat\u00e9gicos de Sedatu - HyM de la Casa Magazine\" \/>\n<meta property=\"og:description\" content=\"El 2019 fue un a\u00f1o relevante para la Sedatu, pues se concretaron modificaciones que les permitir\u00e1n perseguir sus objetivos. Los ejes estrat\u00e9gicos de Sedatu.\" \/>\n<meta property=\"og:url\" content=\"https:\/\/centrourbano.com\/revista\/publicaciones\/los-ejes-estrategicos-de-sedatu\/\" \/>\n<meta property=\"og:site_name\" content=\"Centro Urbano\" \/>\n<meta property=\"article:publisher\" content=\"https:\/\/www.facebook.com\/portalcentrourbano\" \/>\n<meta property=\"article:published_time\" content=\"2020-05-20T23:00:37+00:00\" \/>\n<meta property=\"article:modified_time\" content=\"2020-05-26T15:34:03+00:00\" \/>\n<meta property=\"og:image\" content=\"https:\/\/centrourbano.com\/revista\/wp-content\/uploads\/Los-ejes-estrat\u00e9gicos-de-Sedatu.jpeg\" \/>\n\t<meta property=\"og:image:width\" content=\"573\" \/>\n\t<meta property=\"og:image:height\" content=\"382\" \/>\n\t<meta property=\"og:image:type\" content=\"image\/jpeg\" \/>\n<meta name=\"author\" content=\"Redacci\u00f3n Centro Urbano\" \/>\n<meta name=\"twitter:card\" content=\"summary_large_image\" \/>\n<meta name=\"twitter:creator\" content=\"@CentroUrbano\" \/>\n<meta name=\"twitter:site\" content=\"@CentroUrbano\" \/>\n<meta name=\"twitter:label1\" content=\"Escrito por\" \/>\n\t<meta name=\"twitter:data1\" content=\"Redacci\u00f3n Centro Urbano\" \/>\n\t<meta name=\"twitter:label2\" content=\"Tiempo de lectura\" \/>\n\t<meta name=\"twitter:data2\" content=\"6 minutos\" \/>\n<script type=\"application\/ld+json\" class=\"yoast-schema-graph\">{\"@context\":\"https:\\\/\\\/schema.org\",\"@graph\":[{\"@type\":\"Article\",\"@id\":\"https:\\\/\\\/centrourbano.com\\\/revista\\\/publicaciones\\\/los-ejes-estrategicos-de-sedatu\\\/#article\",\"isPartOf\":{\"@id\":\"https:\\\/\\\/centrourbano.com\\\/revista\\\/publicaciones\\\/los-ejes-estrategicos-de-sedatu\\\/\"},\"author\":{\"name\":\"Redacci\u00f3n Centro Urbano\",\"@id\":\"https:\\\/\\\/centrourbano.com\\\/revista\\\/#\\\/schema\\\/person\\\/5259f06e282c59482812d0e9a84a6440\"},\"headline\":\"Los ejes estrat\u00e9gicos de Sedatu\",\"datePublished\":\"2020-05-20T23:00:37+00:00\",\"dateModified\":\"2020-05-26T15:34:03+00:00\",\"mainEntityOfPage\":{\"@id\":\"https:\\\/\\\/centrourbano.com\\\/revista\\\/publicaciones\\\/los-ejes-estrategicos-de-sedatu\\\/\"},\"wordCount\":1146,\"commentCount\":0,\"publisher\":{\"@id\":\"https:\\\/\\\/centrourbano.com\\\/revista\\\/#organization\"},\"image\":{\"@id\":\"https:\\\/\\\/centrourbano.com\\\/revista\\\/publicaciones\\\/los-ejes-estrategicos-de-sedatu\\\/#primaryimage\"},\"thumbnailUrl\":\"https:\\\/\\\/centrourbano.com\\\/revista\\\/wp-content\\\/uploads\\\/Los-ejes-estrat\u00e9gicos-de-Sedatu.jpeg\",\"keywords\":[\"Nueva Sedatu\",\"Rom\u00e1n Meyer Falc\u00f3n\",\"Sedatu\",\"territorio\"],\"articleSection\":[\"Hombres y Mujeres Magazine\",\"Publicaciones\"],\"inLanguage\":\"es\",\"potentialAction\":[{\"@type\":\"CommentAction\",\"name\":\"Comment\",\"target\":[\"https:\\\/\\\/centrourbano.com\\\/revista\\\/publicaciones\\\/los-ejes-estrategicos-de-sedatu\\\/#respond\"]}]},{\"@type\":\"WebPage\",\"@id\":\"https:\\\/\\\/centrourbano.com\\\/revista\\\/publicaciones\\\/los-ejes-estrategicos-de-sedatu\\\/\",\"url\":\"https:\\\/\\\/centrourbano.com\\\/revista\\\/publicaciones\\\/los-ejes-estrategicos-de-sedatu\\\/\",\"name\":\"Los ejes estrat\u00e9gicos de Sedatu - HyM de la Casa Magazine\",\"isPartOf\":{\"@id\":\"https:\\\/\\\/centrourbano.com\\\/revista\\\/#website\"},\"primaryImageOfPage\":{\"@id\":\"https:\\\/\\\/centrourbano.com\\\/revista\\\/publicaciones\\\/los-ejes-estrategicos-de-sedatu\\\/#primaryimage\"},\"image\":{\"@id\":\"https:\\\/\\\/centrourbano.com\\\/revista\\\/publicaciones\\\/los-ejes-estrategicos-de-sedatu\\\/#primaryimage\"},\"thumbnailUrl\":\"https:\\\/\\\/centrourbano.com\\\/revista\\\/wp-content\\\/uploads\\\/Los-ejes-estrat\u00e9gicos-de-Sedatu.jpeg\",\"datePublished\":\"2020-05-20T23:00:37+00:00\",\"dateModified\":\"2020-05-26T15:34:03+00:00\",\"description\":\"El 2019 fue un a\u00f1o relevante para la Sedatu, pues se concretaron modificaciones que les permitir\u00e1n perseguir sus objetivos. Los ejes estrat\u00e9gicos de Sedatu.\",\"breadcrumb\":{\"@id\":\"https:\\\/\\\/centrourbano.com\\\/revista\\\/publicaciones\\\/los-ejes-estrategicos-de-sedatu\\\/#breadcrumb\"},\"inLanguage\":\"es\",\"potentialAction\":[{\"@type\":\"ReadAction\",\"target\":[\"https:\\\/\\\/centrourbano.com\\\/revista\\\/publicaciones\\\/los-ejes-estrategicos-de-sedatu\\\/\"]}]},{\"@type\":\"ImageObject\",\"inLanguage\":\"es\",\"@id\":\"https:\\\/\\\/centrourbano.com\\\/revista\\\/publicaciones\\\/los-ejes-estrategicos-de-sedatu\\\/#primaryimage\",\"url\":\"https:\\\/\\\/centrourbano.com\\\/revista\\\/wp-content\\\/uploads\\\/Los-ejes-estrat\u00e9gicos-de-Sedatu.jpeg\",\"contentUrl\":\"https:\\\/\\\/centrourbano.com\\\/revista\\\/wp-content\\\/uploads\\\/Los-ejes-estrat\u00e9gicos-de-Sedatu.jpeg\",\"width\":573,\"height\":382,\"caption\":\"Los ejes estrat\u00e9gicos de Sedatu\"},{\"@type\":\"BreadcrumbList\",\"@id\":\"https:\\\/\\\/centrourbano.com\\\/revista\\\/publicaciones\\\/los-ejes-estrategicos-de-sedatu\\\/#breadcrumb\",\"itemListElement\":[{\"@type\":\"ListItem\",\"position\":1,\"name\":\"Portada\",\"item\":\"https:\\\/\\\/centrourbano.com\\\/revista\\\/\"},{\"@type\":\"ListItem\",\"position\":2,\"name\":\"Los ejes estrat\u00e9gicos de Sedatu\"}]},{\"@type\":\"WebSite\",\"@id\":\"https:\\\/\\\/centrourbano.com\\\/revista\\\/#website\",\"url\":\"https:\\\/\\\/centrourbano.com\\\/revista\\\/\",\"name\":\"Centro Urbano\",\"description\":\"Medio especializado en los sectores vivienda, inmobiliario, construcci\u00f3n, arquitectura y urbanismo.\",\"publisher\":{\"@id\":\"https:\\\/\\\/centrourbano.com\\\/revista\\\/#organization\"},\"potentialAction\":[{\"@type\":\"SearchAction\",\"target\":{\"@type\":\"EntryPoint\",\"urlTemplate\":\"https:\\\/\\\/centrourbano.com\\\/revista\\\/?s={search_term_string}\"},\"query-input\":{\"@type\":\"PropertyValueSpecification\",\"valueRequired\":true,\"valueName\":\"search_term_string\"}}],\"inLanguage\":\"es\"},{\"@type\":\"Organization\",\"@id\":\"https:\\\/\\\/centrourbano.com\\\/revista\\\/#organization\",\"name\":\"Centro Urbano\",\"url\":\"https:\\\/\\\/centrourbano.com\\\/revista\\\/\",\"logo\":{\"@type\":\"ImageObject\",\"inLanguage\":\"es\",\"@id\":\"https:\\\/\\\/centrourbano.com\\\/revista\\\/#\\\/schema\\\/logo\\\/image\\\/\",\"url\":\"https:\\\/\\\/centrourbano.com\\\/revista\\\/wp-content\\\/uploads\\\/web_CU_logo-1.png\",\"contentUrl\":\"https:\\\/\\\/centrourbano.com\\\/revista\\\/wp-content\\\/uploads\\\/web_CU_logo-1.png\",\"width\":350,\"height\":91,\"caption\":\"Centro Urbano\"},\"image\":{\"@id\":\"https:\\\/\\\/centrourbano.com\\\/revista\\\/#\\\/schema\\\/logo\\\/image\\\/\"},\"sameAs\":[\"https:\\\/\\\/www.facebook.com\\\/portalcentrourbano\",\"https:\\\/\\\/x.com\\\/CentroUrbano\",\"https:\\\/\\\/www.instagram.com\\\/centro_urbano\\\/\",\"https:\\\/\\\/www.linkedin.com\\\/company\\\/centro-urbano\\\/\",\"http:\\\/\\\/www.youtube.com\\\/user\\\/portalcentrourbano\"]},{\"@type\":\"Person\",\"@id\":\"https:\\\/\\\/centrourbano.com\\\/revista\\\/#\\\/schema\\\/person\\\/5259f06e282c59482812d0e9a84a6440\",\"name\":\"Redacci\u00f3n Centro Urbano\",\"image\":{\"@type\":\"ImageObject\",\"inLanguage\":\"es\",\"@id\":\"https:\\\/\\\/secure.gravatar.com\\\/avatar\\\/15a789f894398c0f311f3a7a2ee28032bbc0483098539da66b6a045aa810bf35?s=96&d=mm&r=g\",\"url\":\"https:\\\/\\\/secure.gravatar.com\\\/avatar\\\/15a789f894398c0f311f3a7a2ee28032bbc0483098539da66b6a045aa810bf35?s=96&d=mm&r=g\",\"contentUrl\":\"https:\\\/\\\/secure.gravatar.com\\\/avatar\\\/15a789f894398c0f311f3a7a2ee28032bbc0483098539da66b6a045aa810bf35?s=96&d=mm&r=g\",\"caption\":\"Redacci\u00f3n Centro Urbano\"},\"url\":\"https:\\\/\\\/centrourbano.com\\\/revista\\\/author\\\/editorial\\\/\"}]}<\/script>\n<!-- \/ Yoast SEO plugin. -->","yoast_head_json":{"title":"Los ejes estrat\u00e9gicos de Sedatu - HyM de la Casa Magazine","description":"El 2019 fue un a\u00f1o relevante para la Sedatu, pues se concretaron modificaciones que les permitir\u00e1n perseguir sus objetivos. Los ejes estrat\u00e9gicos de Sedatu.","robots":{"index":"index","follow":"follow","max-snippet":"max-snippet:-1","max-image-preview":"max-image-preview:large","max-video-preview":"max-video-preview:-1"},"canonical":"https:\/\/centrourbano.com\/revista\/publicaciones\/los-ejes-estrategicos-de-sedatu\/","og_locale":"es_ES","og_type":"article","og_title":"Los ejes estrat\u00e9gicos de Sedatu - HyM de la Casa Magazine","og_description":"El 2019 fue un a\u00f1o relevante para la Sedatu, pues se concretaron modificaciones que les permitir\u00e1n perseguir sus objetivos. Los ejes estrat\u00e9gicos de Sedatu.","og_url":"https:\/\/centrourbano.com\/revista\/publicaciones\/los-ejes-estrategicos-de-sedatu\/","og_site_name":"Centro Urbano","article_publisher":"https:\/\/www.facebook.com\/portalcentrourbano","article_published_time":"2020-05-20T23:00:37+00:00","article_modified_time":"2020-05-26T15:34:03+00:00","og_image":[{"width":573,"height":382,"url":"https:\/\/centrourbano.com\/revista\/wp-content\/uploads\/Los-ejes-estrat\u00e9gicos-de-Sedatu.jpeg","type":"image\/jpeg"}],"author":"Redacci\u00f3n Centro Urbano","twitter_card":"summary_large_image","twitter_creator":"@CentroUrbano","twitter_site":"@CentroUrbano","twitter_misc":{"Escrito por":"Redacci\u00f3n Centro Urbano","Tiempo de lectura":"6 minutos"},"schema":{"@context":"https:\/\/schema.org","@graph":[{"@type":"Article","@id":"https:\/\/centrourbano.com\/revista\/publicaciones\/los-ejes-estrategicos-de-sedatu\/#article","isPartOf":{"@id":"https:\/\/centrourbano.com\/revista\/publicaciones\/los-ejes-estrategicos-de-sedatu\/"},"author":{"name":"Redacci\u00f3n Centro Urbano","@id":"https:\/\/centrourbano.com\/revista\/#\/schema\/person\/5259f06e282c59482812d0e9a84a6440"},"headline":"Los ejes estrat\u00e9gicos de Sedatu","datePublished":"2020-05-20T23:00:37+00:00","dateModified":"2020-05-26T15:34:03+00:00","mainEntityOfPage":{"@id":"https:\/\/centrourbano.com\/revista\/publicaciones\/los-ejes-estrategicos-de-sedatu\/"},"wordCount":1146,"commentCount":0,"publisher":{"@id":"https:\/\/centrourbano.com\/revista\/#organization"},"image":{"@id":"https:\/\/centrourbano.com\/revista\/publicaciones\/los-ejes-estrategicos-de-sedatu\/#primaryimage"},"thumbnailUrl":"https:\/\/centrourbano.com\/revista\/wp-content\/uploads\/Los-ejes-estrat\u00e9gicos-de-Sedatu.jpeg","keywords":["Nueva Sedatu","Rom\u00e1n Meyer Falc\u00f3n","Sedatu","territorio"],"articleSection":["Hombres y Mujeres Magazine","Publicaciones"],"inLanguage":"es","potentialAction":[{"@type":"CommentAction","name":"Comment","target":["https:\/\/centrourbano.com\/revista\/publicaciones\/los-ejes-estrategicos-de-sedatu\/#respond"]}]},{"@type":"WebPage","@id":"https:\/\/centrourbano.com\/revista\/publicaciones\/los-ejes-estrategicos-de-sedatu\/","url":"https:\/\/centrourbano.com\/revista\/publicaciones\/los-ejes-estrategicos-de-sedatu\/","name":"Los ejes estrat\u00e9gicos de Sedatu - HyM de la Casa Magazine","isPartOf":{"@id":"https:\/\/centrourbano.com\/revista\/#website"},"primaryImageOfPage":{"@id":"https:\/\/centrourbano.com\/revista\/publicaciones\/los-ejes-estrategicos-de-sedatu\/#primaryimage"},"image":{"@id":"https:\/\/centrourbano.com\/revista\/publicaciones\/los-ejes-estrategicos-de-sedatu\/#primaryimage"},"thumbnailUrl":"https:\/\/centrourbano.com\/revista\/wp-content\/uploads\/Los-ejes-estrat\u00e9gicos-de-Sedatu.jpeg","datePublished":"2020-05-20T23:00:37+00:00","dateModified":"2020-05-26T15:34:03+00:00","description":"El 2019 fue un a\u00f1o relevante para la Sedatu, pues se concretaron modificaciones que les permitir\u00e1n perseguir sus objetivos. Los ejes estrat\u00e9gicos de Sedatu.","breadcrumb":{"@id":"https:\/\/centrourbano.com\/revista\/publicaciones\/los-ejes-estrategicos-de-sedatu\/#breadcrumb"},"inLanguage":"es","potentialAction":[{"@type":"ReadAction","target":["https:\/\/centrourbano.com\/revista\/publicaciones\/los-ejes-estrategicos-de-sedatu\/"]}]},{"@type":"ImageObject","inLanguage":"es","@id":"https:\/\/centrourbano.com\/revista\/publicaciones\/los-ejes-estrategicos-de-sedatu\/#primaryimage","url":"https:\/\/centrourbano.com\/revista\/wp-content\/uploads\/Los-ejes-estrat\u00e9gicos-de-Sedatu.jpeg","contentUrl":"https:\/\/centrourbano.com\/revista\/wp-content\/uploads\/Los-ejes-estrat\u00e9gicos-de-Sedatu.jpeg","width":573,"height":382,"caption":"Los ejes estrat\u00e9gicos de Sedatu"},{"@type":"BreadcrumbList","@id":"https:\/\/centrourbano.com\/revista\/publicaciones\/los-ejes-estrategicos-de-sedatu\/#breadcrumb","itemListElement":[{"@type":"ListItem","position":1,"name":"Portada","item":"https:\/\/centrourbano.com\/revista\/"},{"@type":"ListItem","position":2,"name":"Los ejes estrat\u00e9gicos de Sedatu"}]},{"@type":"WebSite","@id":"https:\/\/centrourbano.com\/revista\/#website","url":"https:\/\/centrourbano.com\/revista\/","name":"Centro Urbano","description":"Medio especializado en los sectores vivienda, inmobiliario, construcci\u00f3n, arquitectura y urbanismo.","publisher":{"@id":"https:\/\/centrourbano.com\/revista\/#organization"},"potentialAction":[{"@type":"SearchAction","target":{"@type":"EntryPoint","urlTemplate":"https:\/\/centrourbano.com\/revista\/?s={search_term_string}"},"query-input":{"@type":"PropertyValueSpecification","valueRequired":true,"valueName":"search_term_string"}}],"inLanguage":"es"},{"@type":"Organization","@id":"https:\/\/centrourbano.com\/revista\/#organization","name":"Centro Urbano","url":"https:\/\/centrourbano.com\/revista\/","logo":{"@type":"ImageObject","inLanguage":"es","@id":"https:\/\/centrourbano.com\/revista\/#\/schema\/logo\/image\/","url":"https:\/\/centrourbano.com\/revista\/wp-content\/uploads\/web_CU_logo-1.png","contentUrl":"https:\/\/centrourbano.com\/revista\/wp-content\/uploads\/web_CU_logo-1.png","width":350,"height":91,"caption":"Centro Urbano"},"image":{"@id":"https:\/\/centrourbano.com\/revista\/#\/schema\/logo\/image\/"},"sameAs":["https:\/\/www.facebook.com\/portalcentrourbano","https:\/\/x.com\/CentroUrbano","https:\/\/www.instagram.com\/centro_urbano\/","https:\/\/www.linkedin.com\/company\/centro-urbano\/","http:\/\/www.youtube.com\/user\/portalcentrourbano"]},{"@type":"Person","@id":"https:\/\/centrourbano.com\/revista\/#\/schema\/person\/5259f06e282c59482812d0e9a84a6440","name":"Redacci\u00f3n Centro Urbano","image":{"@type":"ImageObject","inLanguage":"es","@id":"https:\/\/secure.gravatar.com\/avatar\/15a789f894398c0f311f3a7a2ee28032bbc0483098539da66b6a045aa810bf35?s=96&d=mm&r=g","url":"https:\/\/secure.gravatar.com\/avatar\/15a789f894398c0f311f3a7a2ee28032bbc0483098539da66b6a045aa810bf35?s=96&d=mm&r=g","contentUrl":"https:\/\/secure.gravatar.com\/avatar\/15a789f894398c0f311f3a7a2ee28032bbc0483098539da66b6a045aa810bf35?s=96&d=mm&r=g","caption":"Redacci\u00f3n Centro Urbano"},"url":"https:\/\/centrourbano.com\/revista\/author\/editorial\/"}]}},"_links":{"self":[{"href":"https:\/\/centrourbano.com\/revista\/wp-json\/wp\/v2\/posts\/106968","targetHints":{"allow":["GET"]}}],"collection":[{"href":"https:\/\/centrourbano.com\/revista\/wp-json\/wp\/v2\/posts"}],"about":[{"href":"https:\/\/centrourbano.com\/revista\/wp-json\/wp\/v2\/types\/post"}],"author":[{"embeddable":true,"href":"https:\/\/centrourbano.com\/revista\/wp-json\/wp\/v2\/users\/14"}],"replies":[{"embeddable":true,"href":"https:\/\/centrourbano.com\/revista\/wp-json\/wp\/v2\/comments?post=106968"}],"version-history":[{"count":1,"href":"https:\/\/centrourbano.com\/revista\/wp-json\/wp\/v2\/posts\/106968\/revisions"}],"predecessor-version":[{"id":106972,"href":"https:\/\/centrourbano.com\/revista\/wp-json\/wp\/v2\/posts\/106968\/revisions\/106972"}],"wp:featuredmedia":[{"embeddable":true,"href":"https:\/\/centrourbano.com\/revista\/wp-json\/wp\/v2\/media\/106971"}],"wp:attachment":[{"href":"https:\/\/centrourbano.com\/revista\/wp-json\/wp\/v2\/media?parent=106968"}],"wp:term":[{"taxonomy":"category","embeddable":true,"href":"https:\/\/centrourbano.com\/revista\/wp-json\/wp\/v2\/categories?post=106968"},{"taxonomy":"post_tag","embeddable":true,"href":"https:\/\/centrourbano.com\/revista\/wp-json\/wp\/v2\/tags?post=106968"}],"curies":[{"name":"wp","href":"https:\/\/api.w.org\/{rel}","templated":true}]}}