{"id":10675,"date":"2014-09-11T15:13:38","date_gmt":"2014-09-11T20:13:38","guid":{"rendered":"http:\/\/centrourbano.com\/?p=10675"},"modified":"2014-09-11T18:19:19","modified_gmt":"2014-09-11T23:19:19","slug":"infonavit-al-alcance-de-todos-crezcamos-juntos","status":"publish","type":"post","link":"https:\/\/centrourbano.com\/revista\/saladeprensa\/infonavit-al-alcance-de-todos-crezcamos-juntos\/","title":{"rendered":"Infonavit al alcance de todos: Crezcamos Juntos"},"content":{"rendered":"<p>&nbsp;<\/p>\n<ul>\n<li><em><em>\u00a0El programa federal permitir\u00e1 a los trabajadores informales acceder a las soluciones de vivienda que ofrece el instituto.<\/em><\/em>&nbsp;<\/li>\n<li><em>\u00a0\u00a0\u00a0\u00a0\u00a0\u00a0\u00a0Se podr\u00e1n incorporar al Infonavit aquellas empresas registradas en el RIF, as\u00ed como los trabajadores autoempleados.<\/em><\/li>\n<\/ul>\n<p><!--more--><\/p>\n<p><strong><em>\u00a0<\/em><\/strong><\/p>\n<p>En conferencia de prensa encabezada por el Vocero de la Presidencia de la Rep\u00fablica, Eduardo S\u00e1nchez Hern\u00e1ndez, y en presencia de los titulares del SAT, IMSS e Infonavit, se dieron a conocer los beneficios que tendr\u00e1n los trabajadores y patrones que actualmente se encuentran laborando de manera informal y que decidan incorporarse al Programa Crezcamos Juntos.<\/p>\n<p>El Mtro. Alejandro Murat Hinojosa, Director General del Infonavit, destac\u00f3 que el instituto brindar\u00e1 financiamiento para la adquisici\u00f3n de vivienda, con subsidios\u00a0 de CONAVI y garant\u00edas de Sociedad Hipotecaria Federal.<\/p>\n<p>Los cr\u00e9ditos que se otorguen por medio de este programa tendr\u00e1n las siguientes caracter\u00edsticas: \u201ccr\u00e9dito en pesos\u201d, es decir su deuda no ser\u00e1 calculada sobre veces salario m\u00ednimo; un CAT m\u00e1ximo del 12% y\u00a0 plazo de pago hasta de 30 a\u00f1os. Otra cualidad importante de estos cr\u00e9ditos, es que tienen un importante car\u00e1cter de corresponsabilidad pues el trabajador tiene que hacer un ahorro de su ingreso que puede ser del 10%, 15%, 20% o 25%, esto le permitir\u00e1 crear las condiciones de estabilidad necesarias para acceder al cr\u00e9dito; de igual manera, es importante mencionar que para incentivar el ahorro, el Gobierno de la Rep\u00fablica dar\u00e1 un subsidio de hasta $30,000 pesos en el enganche. Los trabajadores incorporados al Programa Crezcamos Juntos podr\u00e1n disponer de un cr\u00e9dito despu\u00e9s de 4 bimestres de cotizaci\u00f3n.<\/p>\n<p>Todo trabajador que actualmente se encuentre fuera de la seguridad social y que desee acceder a ella deber\u00e1 acercarse al SAT y de esta manera iniciar los tr\u00e1mites que le permitir\u00e1n disponer de los beneficios que instituciones como IMSS e Infonavit le ofrecen.<\/p>\n","protected":false},"excerpt":{"rendered":"<p>&nbsp; \u00a0El programa federal permitir\u00e1 a los trabajadores informales acceder a las soluciones de vivienda que ofrece el instituto.&nbsp; \u00a0\u00a0\u00a0\u00a0\u00a0\u00a0\u00a0Se podr\u00e1n incorporar al Infonavit aquellas empresas registradas en el RIF, as\u00ed como los trabajadores autoempleados.<\/p>\n","protected":false},"author":14,"featured_media":0,"comment_status":"open","ping_status":"closed","sticky":false,"template":"","format":"standard","meta":{"om_disable_all_campaigns":false,"inline_featured_image":false,"_monsterinsights_skip_tracking":false,"_monsterinsights_sitenote_active":false,"_monsterinsights_sitenote_note":"","_monsterinsights_sitenote_category":0,"footnotes":""},"categories":[7],"tags":[454,1804,2954,3003,100,3002,60],"class_list":["post-10675","post","type-post","status-publish","format-standard","hentry","category-saladeprensa","tag-alejandro-murat","tag-credito-en-pesos","tag-crezcamos-juntos","tag-imsss","tag-infonavit","tag-sat","tag-vivienda-2"],"yoast_head":"<!-- This site is optimized with the Yoast SEO plugin v27.4 - https:\/\/yoast.com\/product\/yoast-seo-wordpress\/ -->\n<title>Infonavit al alcance de todos: Crezcamos Juntos  -<\/title>\n<meta name=\"description\" content=\"&nbsp; \u00a0El programa federal permitir\u00e1 a los trabajadores informales acceder a las soluciones de vivienda que ofrece el instituto.&nbsp; \u00a0\u00a0\u00a0\u00a0\u00a0\u00a0\u00a0Se podr\u00e1n\" \/>\n<meta name=\"robots\" content=\"index, follow, max-snippet:-1, max-image-preview:large, max-video-preview:-1\" \/>\n<link rel=\"canonical\" href=\"https:\/\/centrourbano.com\/revista\/saladeprensa\/infonavit-al-alcance-de-todos-crezcamos-juntos\/\" \/>\n<meta property=\"og:locale\" content=\"es_ES\" \/>\n<meta property=\"og:type\" content=\"article\" \/>\n<meta property=\"og:title\" content=\"Infonavit al alcance de todos: Crezcamos Juntos  -\" \/>\n<meta property=\"og:description\" content=\"&nbsp; \u00a0El programa federal permitir\u00e1 a los trabajadores informales acceder a las soluciones de vivienda que ofrece el instituto.&nbsp; \u00a0\u00a0\u00a0\u00a0\u00a0\u00a0\u00a0Se podr\u00e1n\" \/>\n<meta property=\"og:url\" content=\"https:\/\/centrourbano.com\/revista\/saladeprensa\/infonavit-al-alcance-de-todos-crezcamos-juntos\/\" \/>\n<meta property=\"og:site_name\" content=\"Centro Urbano\" \/>\n<meta property=\"article:publisher\" content=\"https:\/\/www.facebook.com\/portalcentrourbano\" \/>\n<meta property=\"article:published_time\" content=\"2014-09-11T20:13:38+00:00\" \/>\n<meta property=\"article:modified_time\" content=\"2014-09-11T23:19:19+00:00\" \/>\n<meta property=\"og:image\" content=\"https:\/\/centrourbano.com\/revista\/wp-content\/uploads\/CU-logo.png\" \/>\n\t<meta property=\"og:image:width\" content=\"350\" \/>\n\t<meta property=\"og:image:height\" content=\"91\" \/>\n\t<meta property=\"og:image:type\" content=\"image\/png\" \/>\n<meta name=\"author\" content=\"Redacci\u00f3n Centro Urbano\" \/>\n<meta name=\"twitter:card\" content=\"summary_large_image\" \/>\n<meta name=\"twitter:creator\" content=\"@CentroUrbano\" \/>\n<meta name=\"twitter:site\" content=\"@CentroUrbano\" \/>\n<meta name=\"twitter:label1\" content=\"Escrito por\" \/>\n\t<meta name=\"twitter:data1\" content=\"Redacci\u00f3n Centro Urbano\" \/>\n\t<meta name=\"twitter:label2\" content=\"Tiempo de lectura\" \/>\n\t<meta name=\"twitter:data2\" content=\"2 minutos\" \/>\n<script type=\"application\/ld+json\" class=\"yoast-schema-graph\">{\"@context\":\"https:\\\/\\\/schema.org\",\"@graph\":[{\"@type\":\"Article\",\"@id\":\"https:\\\/\\\/centrourbano.com\\\/revista\\\/saladeprensa\\\/infonavit-al-alcance-de-todos-crezcamos-juntos\\\/#article\",\"isPartOf\":{\"@id\":\"https:\\\/\\\/centrourbano.com\\\/revista\\\/saladeprensa\\\/infonavit-al-alcance-de-todos-crezcamos-juntos\\\/\"},\"author\":{\"name\":\"Redacci\u00f3n Centro Urbano\",\"@id\":\"https:\\\/\\\/centrourbano.com\\\/revista\\\/#\\\/schema\\\/person\\\/680e7c50f9d6e917e416c9efdc26f996\"},\"headline\":\"Infonavit al alcance de todos: Crezcamos Juntos\",\"datePublished\":\"2014-09-11T20:13:38+00:00\",\"dateModified\":\"2014-09-11T23:19:19+00:00\",\"mainEntityOfPage\":{\"@id\":\"https:\\\/\\\/centrourbano.com\\\/revista\\\/saladeprensa\\\/infonavit-al-alcance-de-todos-crezcamos-juntos\\\/\"},\"wordCount\":320,\"commentCount\":0,\"publisher\":{\"@id\":\"https:\\\/\\\/centrourbano.com\\\/revista\\\/#organization\"},\"keywords\":[\"Alejandro Murat\",\"Cr\u00e9dito en Pesos\",\"Crezcamos Juntos\",\"IMSSS\",\"Infonavit\",\"SAT\",\"vivienda\"],\"articleSection\":[\"Sala de Prensa\"],\"inLanguage\":\"es\",\"potentialAction\":[{\"@type\":\"CommentAction\",\"name\":\"Comment\",\"target\":[\"https:\\\/\\\/centrourbano.com\\\/revista\\\/saladeprensa\\\/infonavit-al-alcance-de-todos-crezcamos-juntos\\\/#respond\"]}]},{\"@type\":\"WebPage\",\"@id\":\"https:\\\/\\\/centrourbano.com\\\/revista\\\/saladeprensa\\\/infonavit-al-alcance-de-todos-crezcamos-juntos\\\/\",\"url\":\"https:\\\/\\\/centrourbano.com\\\/revista\\\/saladeprensa\\\/infonavit-al-alcance-de-todos-crezcamos-juntos\\\/\",\"name\":\"Infonavit al alcance de todos: Crezcamos Juntos -\",\"isPartOf\":{\"@id\":\"https:\\\/\\\/centrourbano.com\\\/revista\\\/#website\"},\"datePublished\":\"2014-09-11T20:13:38+00:00\",\"dateModified\":\"2014-09-11T23:19:19+00:00\",\"description\":\"&nbsp; \u00a0El programa federal permitir\u00e1 a los trabajadores informales acceder a las soluciones de vivienda que ofrece el instituto.&nbsp; \u00a0\u00a0\u00a0\u00a0\u00a0\u00a0\u00a0Se podr\u00e1n\",\"breadcrumb\":{\"@id\":\"https:\\\/\\\/centrourbano.com\\\/revista\\\/saladeprensa\\\/infonavit-al-alcance-de-todos-crezcamos-juntos\\\/#breadcrumb\"},\"inLanguage\":\"es\",\"potentialAction\":[{\"@type\":\"ReadAction\",\"target\":[\"https:\\\/\\\/centrourbano.com\\\/revista\\\/saladeprensa\\\/infonavit-al-alcance-de-todos-crezcamos-juntos\\\/\"]}]},{\"@type\":\"BreadcrumbList\",\"@id\":\"https:\\\/\\\/centrourbano.com\\\/revista\\\/saladeprensa\\\/infonavit-al-alcance-de-todos-crezcamos-juntos\\\/#breadcrumb\",\"itemListElement\":[{\"@type\":\"ListItem\",\"position\":1,\"name\":\"Portada\",\"item\":\"https:\\\/\\\/centrourbano.com\\\/revista\\\/\"},{\"@type\":\"ListItem\",\"position\":2,\"name\":\"Infonavit al alcance de todos: Crezcamos Juntos\"}]},{\"@type\":\"WebSite\",\"@id\":\"https:\\\/\\\/centrourbano.com\\\/revista\\\/#website\",\"url\":\"https:\\\/\\\/centrourbano.com\\\/revista\\\/\",\"name\":\"Centro Urbano\",\"description\":\"Medio especializado en los sectores vivienda, inmobiliario, construcci\u00f3n, arquitectura y urbanismo.\",\"publisher\":{\"@id\":\"https:\\\/\\\/centrourbano.com\\\/revista\\\/#organization\"},\"potentialAction\":[{\"@type\":\"SearchAction\",\"target\":{\"@type\":\"EntryPoint\",\"urlTemplate\":\"https:\\\/\\\/centrourbano.com\\\/revista\\\/?s={search_term_string}\"},\"query-input\":{\"@type\":\"PropertyValueSpecification\",\"valueRequired\":true,\"valueName\":\"search_term_string\"}}],\"inLanguage\":\"es\"},{\"@type\":\"Organization\",\"@id\":\"https:\\\/\\\/centrourbano.com\\\/revista\\\/#organization\",\"name\":\"Centro Urbano\",\"url\":\"https:\\\/\\\/centrourbano.com\\\/revista\\\/\",\"logo\":{\"@type\":\"ImageObject\",\"inLanguage\":\"es\",\"@id\":\"https:\\\/\\\/centrourbano.com\\\/revista\\\/#\\\/schema\\\/logo\\\/image\\\/\",\"url\":\"https:\\\/\\\/centrourbano.com\\\/revista\\\/wp-content\\\/uploads\\\/web_CU_logo-1.png\",\"contentUrl\":\"https:\\\/\\\/centrourbano.com\\\/revista\\\/wp-content\\\/uploads\\\/web_CU_logo-1.png\",\"width\":350,\"height\":91,\"caption\":\"Centro Urbano\"},\"image\":{\"@id\":\"https:\\\/\\\/centrourbano.com\\\/revista\\\/#\\\/schema\\\/logo\\\/image\\\/\"},\"sameAs\":[\"https:\\\/\\\/www.facebook.com\\\/portalcentrourbano\",\"https:\\\/\\\/x.com\\\/CentroUrbano\",\"https:\\\/\\\/www.instagram.com\\\/centro_urbano\\\/\",\"https:\\\/\\\/www.linkedin.com\\\/company\\\/centro-urbano\\\/\",\"http:\\\/\\\/www.youtube.com\\\/user\\\/portalcentrourbano\"]},{\"@type\":\"Person\",\"@id\":\"https:\\\/\\\/centrourbano.com\\\/revista\\\/#\\\/schema\\\/person\\\/680e7c50f9d6e917e416c9efdc26f996\",\"name\":\"Redacci\u00f3n Centro Urbano\",\"image\":{\"@type\":\"ImageObject\",\"inLanguage\":\"es\",\"@id\":\"https:\\\/\\\/secure.gravatar.com\\\/avatar\\\/15a789f894398c0f311f3a7a2ee28032bbc0483098539da66b6a045aa810bf35?s=96&d=mm&r=g\",\"url\":\"https:\\\/\\\/secure.gravatar.com\\\/avatar\\\/15a789f894398c0f311f3a7a2ee28032bbc0483098539da66b6a045aa810bf35?s=96&d=mm&r=g\",\"contentUrl\":\"https:\\\/\\\/secure.gravatar.com\\\/avatar\\\/15a789f894398c0f311f3a7a2ee28032bbc0483098539da66b6a045aa810bf35?s=96&d=mm&r=g\",\"caption\":\"Redacci\u00f3n Centro Urbano\"},\"url\":\"https:\\\/\\\/centrourbano.com\\\/revista\\\/author\\\/editorial\\\/\"}]}<\/script>\n<!-- \/ Yoast SEO plugin. -->","yoast_head_json":{"title":"Infonavit al alcance de todos: Crezcamos Juntos  -","description":"&nbsp; \u00a0El programa federal permitir\u00e1 a los trabajadores informales acceder a las soluciones de vivienda que ofrece el instituto.&nbsp; \u00a0\u00a0\u00a0\u00a0\u00a0\u00a0\u00a0Se podr\u00e1n","robots":{"index":"index","follow":"follow","max-snippet":"max-snippet:-1","max-image-preview":"max-image-preview:large","max-video-preview":"max-video-preview:-1"},"canonical":"https:\/\/centrourbano.com\/revista\/saladeprensa\/infonavit-al-alcance-de-todos-crezcamos-juntos\/","og_locale":"es_ES","og_type":"article","og_title":"Infonavit al alcance de todos: Crezcamos Juntos  -","og_description":"&nbsp; \u00a0El programa federal permitir\u00e1 a los trabajadores informales acceder a las soluciones de vivienda que ofrece el instituto.&nbsp; \u00a0\u00a0\u00a0\u00a0\u00a0\u00a0\u00a0Se podr\u00e1n","og_url":"https:\/\/centrourbano.com\/revista\/saladeprensa\/infonavit-al-alcance-de-todos-crezcamos-juntos\/","og_site_name":"Centro Urbano","article_publisher":"https:\/\/www.facebook.com\/portalcentrourbano","article_published_time":"2014-09-11T20:13:38+00:00","article_modified_time":"2014-09-11T23:19:19+00:00","og_image":[{"width":350,"height":91,"url":"https:\/\/centrourbano.com\/revista\/wp-content\/uploads\/CU-logo.png","type":"image\/png"}],"author":"Redacci\u00f3n Centro Urbano","twitter_card":"summary_large_image","twitter_creator":"@CentroUrbano","twitter_site":"@CentroUrbano","twitter_misc":{"Escrito por":"Redacci\u00f3n Centro Urbano","Tiempo de lectura":"2 minutos"},"schema":{"@context":"https:\/\/schema.org","@graph":[{"@type":"Article","@id":"https:\/\/centrourbano.com\/revista\/saladeprensa\/infonavit-al-alcance-de-todos-crezcamos-juntos\/#article","isPartOf":{"@id":"https:\/\/centrourbano.com\/revista\/saladeprensa\/infonavit-al-alcance-de-todos-crezcamos-juntos\/"},"author":{"name":"Redacci\u00f3n Centro Urbano","@id":"https:\/\/centrourbano.com\/revista\/#\/schema\/person\/680e7c50f9d6e917e416c9efdc26f996"},"headline":"Infonavit al alcance de todos: Crezcamos Juntos","datePublished":"2014-09-11T20:13:38+00:00","dateModified":"2014-09-11T23:19:19+00:00","mainEntityOfPage":{"@id":"https:\/\/centrourbano.com\/revista\/saladeprensa\/infonavit-al-alcance-de-todos-crezcamos-juntos\/"},"wordCount":320,"commentCount":0,"publisher":{"@id":"https:\/\/centrourbano.com\/revista\/#organization"},"keywords":["Alejandro Murat","Cr\u00e9dito en Pesos","Crezcamos Juntos","IMSSS","Infonavit","SAT","vivienda"],"articleSection":["Sala de Prensa"],"inLanguage":"es","potentialAction":[{"@type":"CommentAction","name":"Comment","target":["https:\/\/centrourbano.com\/revista\/saladeprensa\/infonavit-al-alcance-de-todos-crezcamos-juntos\/#respond"]}]},{"@type":"WebPage","@id":"https:\/\/centrourbano.com\/revista\/saladeprensa\/infonavit-al-alcance-de-todos-crezcamos-juntos\/","url":"https:\/\/centrourbano.com\/revista\/saladeprensa\/infonavit-al-alcance-de-todos-crezcamos-juntos\/","name":"Infonavit al alcance de todos: Crezcamos Juntos -","isPartOf":{"@id":"https:\/\/centrourbano.com\/revista\/#website"},"datePublished":"2014-09-11T20:13:38+00:00","dateModified":"2014-09-11T23:19:19+00:00","description":"&nbsp; \u00a0El programa federal permitir\u00e1 a los trabajadores informales acceder a las soluciones de vivienda que ofrece el instituto.&nbsp; \u00a0\u00a0\u00a0\u00a0\u00a0\u00a0\u00a0Se podr\u00e1n","breadcrumb":{"@id":"https:\/\/centrourbano.com\/revista\/saladeprensa\/infonavit-al-alcance-de-todos-crezcamos-juntos\/#breadcrumb"},"inLanguage":"es","potentialAction":[{"@type":"ReadAction","target":["https:\/\/centrourbano.com\/revista\/saladeprensa\/infonavit-al-alcance-de-todos-crezcamos-juntos\/"]}]},{"@type":"BreadcrumbList","@id":"https:\/\/centrourbano.com\/revista\/saladeprensa\/infonavit-al-alcance-de-todos-crezcamos-juntos\/#breadcrumb","itemListElement":[{"@type":"ListItem","position":1,"name":"Portada","item":"https:\/\/centrourbano.com\/revista\/"},{"@type":"ListItem","position":2,"name":"Infonavit al alcance de todos: Crezcamos Juntos"}]},{"@type":"WebSite","@id":"https:\/\/centrourbano.com\/revista\/#website","url":"https:\/\/centrourbano.com\/revista\/","name":"Centro Urbano","description":"Medio especializado en los sectores vivienda, inmobiliario, construcci\u00f3n, arquitectura y urbanismo.","publisher":{"@id":"https:\/\/centrourbano.com\/revista\/#organization"},"potentialAction":[{"@type":"SearchAction","target":{"@type":"EntryPoint","urlTemplate":"https:\/\/centrourbano.com\/revista\/?s={search_term_string}"},"query-input":{"@type":"PropertyValueSpecification","valueRequired":true,"valueName":"search_term_string"}}],"inLanguage":"es"},{"@type":"Organization","@id":"https:\/\/centrourbano.com\/revista\/#organization","name":"Centro Urbano","url":"https:\/\/centrourbano.com\/revista\/","logo":{"@type":"ImageObject","inLanguage":"es","@id":"https:\/\/centrourbano.com\/revista\/#\/schema\/logo\/image\/","url":"https:\/\/centrourbano.com\/revista\/wp-content\/uploads\/web_CU_logo-1.png","contentUrl":"https:\/\/centrourbano.com\/revista\/wp-content\/uploads\/web_CU_logo-1.png","width":350,"height":91,"caption":"Centro Urbano"},"image":{"@id":"https:\/\/centrourbano.com\/revista\/#\/schema\/logo\/image\/"},"sameAs":["https:\/\/www.facebook.com\/portalcentrourbano","https:\/\/x.com\/CentroUrbano","https:\/\/www.instagram.com\/centro_urbano\/","https:\/\/www.linkedin.com\/company\/centro-urbano\/","http:\/\/www.youtube.com\/user\/portalcentrourbano"]},{"@type":"Person","@id":"https:\/\/centrourbano.com\/revista\/#\/schema\/person\/680e7c50f9d6e917e416c9efdc26f996","name":"Redacci\u00f3n Centro Urbano","image":{"@type":"ImageObject","inLanguage":"es","@id":"https:\/\/secure.gravatar.com\/avatar\/15a789f894398c0f311f3a7a2ee28032bbc0483098539da66b6a045aa810bf35?s=96&d=mm&r=g","url":"https:\/\/secure.gravatar.com\/avatar\/15a789f894398c0f311f3a7a2ee28032bbc0483098539da66b6a045aa810bf35?s=96&d=mm&r=g","contentUrl":"https:\/\/secure.gravatar.com\/avatar\/15a789f894398c0f311f3a7a2ee28032bbc0483098539da66b6a045aa810bf35?s=96&d=mm&r=g","caption":"Redacci\u00f3n Centro Urbano"},"url":"https:\/\/centrourbano.com\/revista\/author\/editorial\/"}]}},"_links":{"self":[{"href":"https:\/\/centrourbano.com\/revista\/wp-json\/wp\/v2\/posts\/10675","targetHints":{"allow":["GET"]}}],"collection":[{"href":"https:\/\/centrourbano.com\/revista\/wp-json\/wp\/v2\/posts"}],"about":[{"href":"https:\/\/centrourbano.com\/revista\/wp-json\/wp\/v2\/types\/post"}],"author":[{"embeddable":true,"href":"https:\/\/centrourbano.com\/revista\/wp-json\/wp\/v2\/users\/14"}],"replies":[{"embeddable":true,"href":"https:\/\/centrourbano.com\/revista\/wp-json\/wp\/v2\/comments?post=10675"}],"version-history":[{"count":0,"href":"https:\/\/centrourbano.com\/revista\/wp-json\/wp\/v2\/posts\/10675\/revisions"}],"wp:attachment":[{"href":"https:\/\/centrourbano.com\/revista\/wp-json\/wp\/v2\/media?parent=10675"}],"wp:term":[{"taxonomy":"category","embeddable":true,"href":"https:\/\/centrourbano.com\/revista\/wp-json\/wp\/v2\/categories?post=10675"},{"taxonomy":"post_tag","embeddable":true,"href":"https:\/\/centrourbano.com\/revista\/wp-json\/wp\/v2\/tags?post=10675"}],"curies":[{"name":"wp","href":"https:\/\/api.w.org\/{rel}","templated":true}]}}