{"id":10672,"date":"2014-09-11T16:48:33","date_gmt":"2014-09-11T21:48:33","guid":{"rendered":"http:\/\/centrourbano.com\/?p=10672"},"modified":"2014-09-12T12:58:36","modified_gmt":"2014-09-12T17:58:36","slug":"entregan-100-casas-a-damnificados-en-acapulco","status":"publish","type":"post","link":"https:\/\/centrourbano.com\/revista\/vivienda\/entregan-100-casas-a-damnificados-en-acapulco\/","title":{"rendered":"Entregan 100 casas a damnificados en Acapulco"},"content":{"rendered":"<p>&nbsp;<\/p>\n<p><em>Ram\u00edrez Mar\u00edn estuvo acompa\u00f1ado por la Primera Dama Ang\u00e9lica Rivera y el gobernador de Guerrero \u00c1ngel Aguirre<\/em><!--more--><\/p>\n<p>El Gobierno Federal entreg\u00f3 100 viviendas a familias afectadas por los fen\u00f3menos naturales \u2018Ingrid\u2019 y \u2018Manuel\u2019, en la colonia Pl\u00e1cido Domingo de Acapulco, Guerrero, de las cuales tres fueron entregadas por la esposa del presidente, Ang\u00e9lica Rivera de Pe\u00f1a y el titular de la Secretar\u00eda de Desarrollo Agrario, Territorial y Urbano (Sedatu), Jorge Carlos Ram\u00edrez Mar\u00edn.<\/p>\n<p>La presidenta del Consejo Ciudadano Consultivo del Sistema Nacional DIF, Ang\u00e9lica Rivera de Pe\u00f1a, record\u00f3 que todo el apoyo que se brind\u00f3 a las familias damnificadas por las lluvias con toneladas de alimentos y donaciones el a\u00f1o pasado, fue gracias a un trabajo en equipo en el que estuvo presente el DIF, el Gobierno de la Rep\u00fablica, el gobierno del estado, las fuerzas armadas, empresas y fundaciones.<\/p>\n<p>\u201cPero sab\u00edamos que lo m\u00e1s importante era devolverles su hogar y yo estoy muy emocionada de que les estamos cumpliendo, de que estamos aqu\u00ed en este lugar donde van a comenzar su nueva vida\u201d, dijo ante decenas de beneficiarios.<\/p>\n<p>Ante decenas de beneficiados, Ram\u00edrez Mar\u00edn explic\u00f3 que para dar mayor seguridad a las familias se construy\u00f3 una obra de mitigaci\u00f3n, que es un canal que lleva el agua desde la ca\u00edda del cerro hasta el r\u00edo Papagayo, evitando que pase por la zona. \u201cEsta obra da a toda la colonia la seguridad de tr\u00e1nsito, de v\u00eda r\u00e1pida y sobre todo de tener una casa mucho m\u00e1s segura que antes\u201d, subray\u00f3.<\/p>\n<p>El titular de la Sedatu resalt\u00f3 que las casas se entregaron completamente concluidas y gracias a la aportaci\u00f3n de la se\u00f1ora Ang\u00e9lica Rivera de Pe\u00f1a se otorgan con refrigerador, la estufa, la lavadora y la cama.<\/p>\n<p>Agreg\u00f3 que con estas viviendas las familias tienen la oportunidad de iniciar una nueva etapa de su vida y resalt\u00f3 que las casas se entregan con escrituras a nombre de las jefas de familia y cuentan con un cuarto rosa, para que las mujeres dispongan de su propio espacio.<\/p>\n<p>\u201cLa se\u00f1ora Ang\u00e9lica Rivera dec\u00eda en alguna ocasi\u00f3n que la gente s\u00f3lo necesita un poco de esfuerzo para que sus propios sue\u00f1os se conviertan en realidad y despu\u00e9s de eso un poco de ayuda. La ayuda ustedes la est\u00e1n recibiendo de su gobierno, el sue\u00f1o lo tienen que aportar ustedes y tambi\u00e9n el esfuerzo\u201d, dijo Ram\u00edrez Mar\u00edn.<\/p>\n<p>El gobernador de Guerrero, \u00c1ngel Aguirre resalt\u00f3 que se han destinado 35 mil millones de pesos para reconstruir el estado y agradeci\u00f3 todo el apoyo del Gobierno Federal.<\/p>\n<p>Las casas tienen todos los servicios, est\u00e1n construidas con materiales de calidad y constan de dos rec\u00e1maras, sala, comedor, cocineta, patio de servicio, ba\u00f1o, protecciones en las ventanas y jard\u00edn al frente.<\/p>\n<p>&nbsp;<\/p>\n","protected":false},"excerpt":{"rendered":"<p>&nbsp; Ram\u00edrez Mar\u00edn estuvo acompa\u00f1ado por la Primera Dama Ang\u00e9lica Rivera y el gobernador de Guerrero \u00c1ngel Aguirre<\/p>\n","protected":false},"author":18,"featured_media":0,"comment_status":"open","ping_status":"closed","sticky":false,"template":"","format":"standard","meta":{"om_disable_all_campaigns":false,"inline_featured_image":false,"_monsterinsights_skip_tracking":false,"_monsterinsights_sitenote_active":false,"_monsterinsights_sitenote_note":"","_monsterinsights_sitenote_category":0,"footnotes":""},"categories":[12],"tags":[1013,1636,730,540,105,60],"class_list":["post-10672","post","type-post","status-publish","format-standard","hentry","category-vivienda","tag-acapulco","tag-angel-aguirre","tag-ingrid-y-manuel","tag-jorge-carlos-ramirez-marin","tag-sedatu","tag-vivienda-2"],"yoast_head":"<!-- This site is optimized with the Yoast SEO plugin v27.4 - https:\/\/yoast.com\/product\/yoast-seo-wordpress\/ -->\n<title>Entregan 100 casas a damnificados en Acapulco -<\/title>\n<meta name=\"description\" content=\"&nbsp; Ram\u00edrez Mar\u00edn estuvo acompa\u00f1ado por la Primera Dama Ang\u00e9lica Rivera y el gobernador de Guerrero \u00c1ngel Aguirre El Gobierno Federal entreg\u00f3 100\" \/>\n<meta name=\"robots\" content=\"index, follow, max-snippet:-1, max-image-preview:large, max-video-preview:-1\" \/>\n<link rel=\"canonical\" href=\"https:\/\/centrourbano.com\/revista\/vivienda\/entregan-100-casas-a-damnificados-en-acapulco\/\" \/>\n<meta property=\"og:locale\" content=\"es_ES\" \/>\n<meta property=\"og:type\" content=\"article\" \/>\n<meta property=\"og:title\" content=\"Entregan 100 casas a damnificados en Acapulco -\" \/>\n<meta property=\"og:description\" content=\"&nbsp; Ram\u00edrez Mar\u00edn estuvo acompa\u00f1ado por la Primera Dama Ang\u00e9lica Rivera y el gobernador de Guerrero \u00c1ngel Aguirre El Gobierno Federal entreg\u00f3 100\" \/>\n<meta property=\"og:url\" content=\"https:\/\/centrourbano.com\/revista\/vivienda\/entregan-100-casas-a-damnificados-en-acapulco\/\" \/>\n<meta property=\"og:site_name\" content=\"Centro Urbano\" \/>\n<meta property=\"article:publisher\" content=\"https:\/\/www.facebook.com\/portalcentrourbano\" \/>\n<meta property=\"article:published_time\" content=\"2014-09-11T21:48:33+00:00\" \/>\n<meta property=\"article:modified_time\" content=\"2014-09-12T17:58:36+00:00\" \/>\n<meta property=\"og:image\" content=\"https:\/\/centrourbano.com\/revista\/wp-content\/uploads\/CU-logo.png\" \/>\n\t<meta property=\"og:image:width\" content=\"350\" \/>\n\t<meta property=\"og:image:height\" content=\"91\" \/>\n\t<meta property=\"og:image:type\" content=\"image\/png\" \/>\n<meta name=\"author\" content=\"Carlos Garc\u00eda\" \/>\n<meta name=\"twitter:card\" content=\"summary_large_image\" \/>\n<meta name=\"twitter:creator\" content=\"@CentroUrbano\" \/>\n<meta name=\"twitter:site\" content=\"@CentroUrbano\" \/>\n<meta name=\"twitter:label1\" content=\"Escrito por\" \/>\n\t<meta name=\"twitter:data1\" content=\"Carlos Garc\u00eda\" \/>\n\t<meta name=\"twitter:label2\" content=\"Tiempo de lectura\" \/>\n\t<meta name=\"twitter:data2\" content=\"2 minutos\" \/>\n<script type=\"application\/ld+json\" class=\"yoast-schema-graph\">{\"@context\":\"https:\\\/\\\/schema.org\",\"@graph\":[{\"@type\":\"Article\",\"@id\":\"https:\\\/\\\/centrourbano.com\\\/revista\\\/vivienda\\\/entregan-100-casas-a-damnificados-en-acapulco\\\/#article\",\"isPartOf\":{\"@id\":\"https:\\\/\\\/centrourbano.com\\\/revista\\\/vivienda\\\/entregan-100-casas-a-damnificados-en-acapulco\\\/\"},\"author\":{\"name\":\"Carlos Garc\u00eda\",\"@id\":\"https:\\\/\\\/centrourbano.com\\\/revista\\\/#\\\/schema\\\/person\\\/15622a07e4c485a93b48c9ff1145007c\"},\"headline\":\"Entregan 100 casas a damnificados en Acapulco\",\"datePublished\":\"2014-09-11T21:48:33+00:00\",\"dateModified\":\"2014-09-12T17:58:36+00:00\",\"mainEntityOfPage\":{\"@id\":\"https:\\\/\\\/centrourbano.com\\\/revista\\\/vivienda\\\/entregan-100-casas-a-damnificados-en-acapulco\\\/\"},\"wordCount\":504,\"commentCount\":0,\"publisher\":{\"@id\":\"https:\\\/\\\/centrourbano.com\\\/revista\\\/#organization\"},\"keywords\":[\"Acapulco\",\"Angel Aguirre\",\"Ingrid y Manuel\",\"Jorge Carlos Ram\u00edrez Mar\u00edn\",\"Sedatu\",\"vivienda\"],\"articleSection\":[\"Vivienda\"],\"inLanguage\":\"es\",\"potentialAction\":[{\"@type\":\"CommentAction\",\"name\":\"Comment\",\"target\":[\"https:\\\/\\\/centrourbano.com\\\/revista\\\/vivienda\\\/entregan-100-casas-a-damnificados-en-acapulco\\\/#respond\"]}]},{\"@type\":\"WebPage\",\"@id\":\"https:\\\/\\\/centrourbano.com\\\/revista\\\/vivienda\\\/entregan-100-casas-a-damnificados-en-acapulco\\\/\",\"url\":\"https:\\\/\\\/centrourbano.com\\\/revista\\\/vivienda\\\/entregan-100-casas-a-damnificados-en-acapulco\\\/\",\"name\":\"Entregan 100 casas a damnificados en Acapulco -\",\"isPartOf\":{\"@id\":\"https:\\\/\\\/centrourbano.com\\\/revista\\\/#website\"},\"datePublished\":\"2014-09-11T21:48:33+00:00\",\"dateModified\":\"2014-09-12T17:58:36+00:00\",\"description\":\"&nbsp; Ram\u00edrez Mar\u00edn estuvo acompa\u00f1ado por la Primera Dama Ang\u00e9lica Rivera y el gobernador de Guerrero \u00c1ngel Aguirre El Gobierno Federal entreg\u00f3 100\",\"breadcrumb\":{\"@id\":\"https:\\\/\\\/centrourbano.com\\\/revista\\\/vivienda\\\/entregan-100-casas-a-damnificados-en-acapulco\\\/#breadcrumb\"},\"inLanguage\":\"es\",\"potentialAction\":[{\"@type\":\"ReadAction\",\"target\":[\"https:\\\/\\\/centrourbano.com\\\/revista\\\/vivienda\\\/entregan-100-casas-a-damnificados-en-acapulco\\\/\"]}]},{\"@type\":\"BreadcrumbList\",\"@id\":\"https:\\\/\\\/centrourbano.com\\\/revista\\\/vivienda\\\/entregan-100-casas-a-damnificados-en-acapulco\\\/#breadcrumb\",\"itemListElement\":[{\"@type\":\"ListItem\",\"position\":1,\"name\":\"Portada\",\"item\":\"https:\\\/\\\/centrourbano.com\\\/revista\\\/\"},{\"@type\":\"ListItem\",\"position\":2,\"name\":\"Entregan 100 casas a damnificados en Acapulco\"}]},{\"@type\":\"WebSite\",\"@id\":\"https:\\\/\\\/centrourbano.com\\\/revista\\\/#website\",\"url\":\"https:\\\/\\\/centrourbano.com\\\/revista\\\/\",\"name\":\"Centro Urbano\",\"description\":\"Medio especializado en los sectores vivienda, inmobiliario, construcci\u00f3n, arquitectura y urbanismo.\",\"publisher\":{\"@id\":\"https:\\\/\\\/centrourbano.com\\\/revista\\\/#organization\"},\"potentialAction\":[{\"@type\":\"SearchAction\",\"target\":{\"@type\":\"EntryPoint\",\"urlTemplate\":\"https:\\\/\\\/centrourbano.com\\\/revista\\\/?s={search_term_string}\"},\"query-input\":{\"@type\":\"PropertyValueSpecification\",\"valueRequired\":true,\"valueName\":\"search_term_string\"}}],\"inLanguage\":\"es\"},{\"@type\":\"Organization\",\"@id\":\"https:\\\/\\\/centrourbano.com\\\/revista\\\/#organization\",\"name\":\"Centro Urbano\",\"url\":\"https:\\\/\\\/centrourbano.com\\\/revista\\\/\",\"logo\":{\"@type\":\"ImageObject\",\"inLanguage\":\"es\",\"@id\":\"https:\\\/\\\/centrourbano.com\\\/revista\\\/#\\\/schema\\\/logo\\\/image\\\/\",\"url\":\"https:\\\/\\\/centrourbano.com\\\/revista\\\/wp-content\\\/uploads\\\/web_CU_logo-1.png\",\"contentUrl\":\"https:\\\/\\\/centrourbano.com\\\/revista\\\/wp-content\\\/uploads\\\/web_CU_logo-1.png\",\"width\":350,\"height\":91,\"caption\":\"Centro Urbano\"},\"image\":{\"@id\":\"https:\\\/\\\/centrourbano.com\\\/revista\\\/#\\\/schema\\\/logo\\\/image\\\/\"},\"sameAs\":[\"https:\\\/\\\/www.facebook.com\\\/portalcentrourbano\",\"https:\\\/\\\/x.com\\\/CentroUrbano\",\"https:\\\/\\\/www.instagram.com\\\/centro_urbano\\\/\",\"https:\\\/\\\/www.linkedin.com\\\/company\\\/centro-urbano\\\/\",\"http:\\\/\\\/www.youtube.com\\\/user\\\/portalcentrourbano\"]},{\"@type\":\"Person\",\"@id\":\"https:\\\/\\\/centrourbano.com\\\/revista\\\/#\\\/schema\\\/person\\\/15622a07e4c485a93b48c9ff1145007c\",\"name\":\"Carlos Garc\u00eda\",\"image\":{\"@type\":\"ImageObject\",\"inLanguage\":\"es\",\"@id\":\"https:\\\/\\\/secure.gravatar.com\\\/avatar\\\/ad33530f6be00b0762054ba3ddee6e4b9824204d9c8315794c64a7f5841e5add?s=96&d=mm&r=g\",\"url\":\"https:\\\/\\\/secure.gravatar.com\\\/avatar\\\/ad33530f6be00b0762054ba3ddee6e4b9824204d9c8315794c64a7f5841e5add?s=96&d=mm&r=g\",\"contentUrl\":\"https:\\\/\\\/secure.gravatar.com\\\/avatar\\\/ad33530f6be00b0762054ba3ddee6e4b9824204d9c8315794c64a7f5841e5add?s=96&d=mm&r=g\",\"caption\":\"Carlos Garc\u00eda\"},\"description\":\"Egresado de la carrera de Ciencias de la Comunicaci\u00f3n con diplomado de Periodismo Deportivo. Se ha desempe\u00f1ado como reportero y redactor de deportes, como en otras \u00e1reas. Actualmente trabaja en Centro Urbano. Amante del cine, los Beatles, futbol, lucha libre y los viajes.\",\"url\":\"https:\\\/\\\/centrourbano.com\\\/revista\\\/author\\\/carlos-garcia\\\/\"}]}<\/script>\n<!-- \/ Yoast SEO plugin. -->","yoast_head_json":{"title":"Entregan 100 casas a damnificados en Acapulco -","description":"&nbsp; Ram\u00edrez Mar\u00edn estuvo acompa\u00f1ado por la Primera Dama Ang\u00e9lica Rivera y el gobernador de Guerrero \u00c1ngel Aguirre El Gobierno Federal entreg\u00f3 100","robots":{"index":"index","follow":"follow","max-snippet":"max-snippet:-1","max-image-preview":"max-image-preview:large","max-video-preview":"max-video-preview:-1"},"canonical":"https:\/\/centrourbano.com\/revista\/vivienda\/entregan-100-casas-a-damnificados-en-acapulco\/","og_locale":"es_ES","og_type":"article","og_title":"Entregan 100 casas a damnificados en Acapulco -","og_description":"&nbsp; Ram\u00edrez Mar\u00edn estuvo acompa\u00f1ado por la Primera Dama Ang\u00e9lica Rivera y el gobernador de Guerrero \u00c1ngel Aguirre El Gobierno Federal entreg\u00f3 100","og_url":"https:\/\/centrourbano.com\/revista\/vivienda\/entregan-100-casas-a-damnificados-en-acapulco\/","og_site_name":"Centro Urbano","article_publisher":"https:\/\/www.facebook.com\/portalcentrourbano","article_published_time":"2014-09-11T21:48:33+00:00","article_modified_time":"2014-09-12T17:58:36+00:00","og_image":[{"width":350,"height":91,"url":"https:\/\/centrourbano.com\/revista\/wp-content\/uploads\/CU-logo.png","type":"image\/png"}],"author":"Carlos Garc\u00eda","twitter_card":"summary_large_image","twitter_creator":"@CentroUrbano","twitter_site":"@CentroUrbano","twitter_misc":{"Escrito por":"Carlos Garc\u00eda","Tiempo de lectura":"2 minutos"},"schema":{"@context":"https:\/\/schema.org","@graph":[{"@type":"Article","@id":"https:\/\/centrourbano.com\/revista\/vivienda\/entregan-100-casas-a-damnificados-en-acapulco\/#article","isPartOf":{"@id":"https:\/\/centrourbano.com\/revista\/vivienda\/entregan-100-casas-a-damnificados-en-acapulco\/"},"author":{"name":"Carlos Garc\u00eda","@id":"https:\/\/centrourbano.com\/revista\/#\/schema\/person\/15622a07e4c485a93b48c9ff1145007c"},"headline":"Entregan 100 casas a damnificados en Acapulco","datePublished":"2014-09-11T21:48:33+00:00","dateModified":"2014-09-12T17:58:36+00:00","mainEntityOfPage":{"@id":"https:\/\/centrourbano.com\/revista\/vivienda\/entregan-100-casas-a-damnificados-en-acapulco\/"},"wordCount":504,"commentCount":0,"publisher":{"@id":"https:\/\/centrourbano.com\/revista\/#organization"},"keywords":["Acapulco","Angel Aguirre","Ingrid y Manuel","Jorge Carlos Ram\u00edrez Mar\u00edn","Sedatu","vivienda"],"articleSection":["Vivienda"],"inLanguage":"es","potentialAction":[{"@type":"CommentAction","name":"Comment","target":["https:\/\/centrourbano.com\/revista\/vivienda\/entregan-100-casas-a-damnificados-en-acapulco\/#respond"]}]},{"@type":"WebPage","@id":"https:\/\/centrourbano.com\/revista\/vivienda\/entregan-100-casas-a-damnificados-en-acapulco\/","url":"https:\/\/centrourbano.com\/revista\/vivienda\/entregan-100-casas-a-damnificados-en-acapulco\/","name":"Entregan 100 casas a damnificados en Acapulco -","isPartOf":{"@id":"https:\/\/centrourbano.com\/revista\/#website"},"datePublished":"2014-09-11T21:48:33+00:00","dateModified":"2014-09-12T17:58:36+00:00","description":"&nbsp; Ram\u00edrez Mar\u00edn estuvo acompa\u00f1ado por la Primera Dama Ang\u00e9lica Rivera y el gobernador de Guerrero \u00c1ngel Aguirre El Gobierno Federal entreg\u00f3 100","breadcrumb":{"@id":"https:\/\/centrourbano.com\/revista\/vivienda\/entregan-100-casas-a-damnificados-en-acapulco\/#breadcrumb"},"inLanguage":"es","potentialAction":[{"@type":"ReadAction","target":["https:\/\/centrourbano.com\/revista\/vivienda\/entregan-100-casas-a-damnificados-en-acapulco\/"]}]},{"@type":"BreadcrumbList","@id":"https:\/\/centrourbano.com\/revista\/vivienda\/entregan-100-casas-a-damnificados-en-acapulco\/#breadcrumb","itemListElement":[{"@type":"ListItem","position":1,"name":"Portada","item":"https:\/\/centrourbano.com\/revista\/"},{"@type":"ListItem","position":2,"name":"Entregan 100 casas a damnificados en Acapulco"}]},{"@type":"WebSite","@id":"https:\/\/centrourbano.com\/revista\/#website","url":"https:\/\/centrourbano.com\/revista\/","name":"Centro Urbano","description":"Medio especializado en los sectores vivienda, inmobiliario, construcci\u00f3n, arquitectura y urbanismo.","publisher":{"@id":"https:\/\/centrourbano.com\/revista\/#organization"},"potentialAction":[{"@type":"SearchAction","target":{"@type":"EntryPoint","urlTemplate":"https:\/\/centrourbano.com\/revista\/?s={search_term_string}"},"query-input":{"@type":"PropertyValueSpecification","valueRequired":true,"valueName":"search_term_string"}}],"inLanguage":"es"},{"@type":"Organization","@id":"https:\/\/centrourbano.com\/revista\/#organization","name":"Centro Urbano","url":"https:\/\/centrourbano.com\/revista\/","logo":{"@type":"ImageObject","inLanguage":"es","@id":"https:\/\/centrourbano.com\/revista\/#\/schema\/logo\/image\/","url":"https:\/\/centrourbano.com\/revista\/wp-content\/uploads\/web_CU_logo-1.png","contentUrl":"https:\/\/centrourbano.com\/revista\/wp-content\/uploads\/web_CU_logo-1.png","width":350,"height":91,"caption":"Centro Urbano"},"image":{"@id":"https:\/\/centrourbano.com\/revista\/#\/schema\/logo\/image\/"},"sameAs":["https:\/\/www.facebook.com\/portalcentrourbano","https:\/\/x.com\/CentroUrbano","https:\/\/www.instagram.com\/centro_urbano\/","https:\/\/www.linkedin.com\/company\/centro-urbano\/","http:\/\/www.youtube.com\/user\/portalcentrourbano"]},{"@type":"Person","@id":"https:\/\/centrourbano.com\/revista\/#\/schema\/person\/15622a07e4c485a93b48c9ff1145007c","name":"Carlos Garc\u00eda","image":{"@type":"ImageObject","inLanguage":"es","@id":"https:\/\/secure.gravatar.com\/avatar\/ad33530f6be00b0762054ba3ddee6e4b9824204d9c8315794c64a7f5841e5add?s=96&d=mm&r=g","url":"https:\/\/secure.gravatar.com\/avatar\/ad33530f6be00b0762054ba3ddee6e4b9824204d9c8315794c64a7f5841e5add?s=96&d=mm&r=g","contentUrl":"https:\/\/secure.gravatar.com\/avatar\/ad33530f6be00b0762054ba3ddee6e4b9824204d9c8315794c64a7f5841e5add?s=96&d=mm&r=g","caption":"Carlos Garc\u00eda"},"description":"Egresado de la carrera de Ciencias de la Comunicaci\u00f3n con diplomado de Periodismo Deportivo. Se ha desempe\u00f1ado como reportero y redactor de deportes, como en otras \u00e1reas. Actualmente trabaja en Centro Urbano. Amante del cine, los Beatles, futbol, lucha libre y los viajes.","url":"https:\/\/centrourbano.com\/revista\/author\/carlos-garcia\/"}]}},"_links":{"self":[{"href":"https:\/\/centrourbano.com\/revista\/wp-json\/wp\/v2\/posts\/10672","targetHints":{"allow":["GET"]}}],"collection":[{"href":"https:\/\/centrourbano.com\/revista\/wp-json\/wp\/v2\/posts"}],"about":[{"href":"https:\/\/centrourbano.com\/revista\/wp-json\/wp\/v2\/types\/post"}],"author":[{"embeddable":true,"href":"https:\/\/centrourbano.com\/revista\/wp-json\/wp\/v2\/users\/18"}],"replies":[{"embeddable":true,"href":"https:\/\/centrourbano.com\/revista\/wp-json\/wp\/v2\/comments?post=10672"}],"version-history":[{"count":0,"href":"https:\/\/centrourbano.com\/revista\/wp-json\/wp\/v2\/posts\/10672\/revisions"}],"wp:attachment":[{"href":"https:\/\/centrourbano.com\/revista\/wp-json\/wp\/v2\/media?parent=10672"}],"wp:term":[{"taxonomy":"category","embeddable":true,"href":"https:\/\/centrourbano.com\/revista\/wp-json\/wp\/v2\/categories?post=10672"},{"taxonomy":"post_tag","embeddable":true,"href":"https:\/\/centrourbano.com\/revista\/wp-json\/wp\/v2\/tags?post=10672"}],"curies":[{"name":"wp","href":"https:\/\/api.w.org\/{rel}","templated":true}]}}