{"id":10666,"date":"2014-09-11T16:01:44","date_gmt":"2014-09-11T21:01:44","guid":{"rendered":"http:\/\/centrourbano.com\/?p=10666"},"modified":"2014-09-11T16:01:44","modified_gmt":"2014-09-11T21:01:44","slug":"revelan-proyecto-del-pabellon-mexicano-para-expo-milan-2015","status":"publish","type":"post","link":"https:\/\/centrourbano.com\/revista\/arquitectura-2\/revelan-proyecto-del-pabellon-mexicano-para-expo-milan-2015\/","title":{"rendered":"Revelan proyecto del Pabell\u00f3n Mexicano para Expo Mil\u00e1n 2015"},"content":{"rendered":"<p><em>Este dise\u00f1o ganador de la competencia nacional rinde homenaje al ma\u00edz<\/em><br \/>\n<!--more--><\/p>\n<p>Regido bajo la premisa oficial de la Expo -Feeding the Planet, Energy for life- y conceptualizado\u00a0a partir de elementos caracter\u00edsticos y \u00fanicos de la gastronom\u00eda mexicana, la oficina mexicana\u00a0Loguer Design\u00a0revel\u00f3 la propuesta completa del Pabell\u00f3n Mexicano en la pr\u00f3xima\u00a0Exposici\u00f3n Universal 2015\u00a0con sede en Mil\u00e1n.<\/p>\n<p>Este dise\u00f1o ganador de la competencia nacional, comunica en esencia propia parte de los m\u00e9todos de cultivo y alimentos tradicionales mexicanos, ya que est\u00e1 inspirado en el\u00a0totomoxtle y\u00a0la naturaleza de la cuenca de M\u00e9xico.<\/p>\n<p>El dise\u00f1o del pabell\u00f3n de M\u00e9xico rinde homenaje al ma\u00edz, una de las principales aportaciones alimenticias del mundo, siendo en la actualidad el cereal con mayor volumen de producci\u00f3n a nivel global.<\/p>\n<p>La fachada se inspira en el\u00a0totomoxtle\u00a0u hoja de la mazorca. Se trata de una membrana textil que permite un juego de transparencias durante el d\u00eda, filtrando la luz del sol, mientras que por la noche, se convierte en una c\u00e1lida luminaria de la Expo.<\/p>\n<p>Dentro del pabell\u00f3n se emula la naturaleza de la Cuenca de M\u00e9xico y de este m\u00e9todo agr\u00edcola con un sistema de rampas, plataformas y niveles, dando lugar a las distintas \u00e1reas museogr\u00e1ficas.<\/p>\n<p>Adem\u00e1s, cuenta con una plaza de acceso, patio central y \u00e1rea de restaurantes, espacios ideales para la fiesta, eventos, espect\u00e1culos o conciertos donde se viva la energ\u00eda de M\u00e9xico, funcionando como escenarios abiertos a todas las posibilidades de expresi\u00f3n art\u00edstica y culinaria.<\/p>\n<p>La fachada con su forma, textura, transparencia, efectos lum\u00ednicos y reflejo en el agua, seducir\u00e1 los sentidos, invitando a explorar el pabell\u00f3n, el umbral acoger\u00e1 a los visitantes con la hospitalidad caracter\u00edstica de los mexicanos.<\/p>\n<p>Al ingresar, el p\u00fablico ser\u00e1 impactado al abrirse de s\u00fabito la gran altura y la vista hacia el espacio o plaza central con una cascada de luz y agua sobre un jard\u00edn interior.<\/p>\n<p>La instalaci\u00f3n del pabell\u00f3n tendr\u00e1 que ser f\u00e1cil y econ\u00f3mica, lo que implica que los elementos y materiales constructivos sean ligeros y prefabricados. La fachada es una membrana a base de PVC con recubrimiento para la radiaci\u00f3n, tiene transparencia, lo que permite la entrada de luz natural y funciona como un lienzo para proyectar im\u00e1genes sobre ella.<\/p>\n<p>Tanto la estructura del edificio como la de las hojas de la fachada se integran en un solo cuerpo estructural, gracias a sencillos elementos de fijaci\u00f3n a la estructura principal, logrando rapidez, limpieza y seguridad.<\/p>\n<p>Expo Mil\u00e1n 2015 representa una oportunidad invaluable para compartir con el mundo la sabidur\u00eda ancestral, el conocimiento cient\u00edfico y tecnol\u00f3gico, as\u00ed como experiencias de \u00e9xito en el manejo sostenible de la naturaleza en M\u00e9xico para la producci\u00f3n de alimentos.<\/p>\n<p>&nbsp;<\/p>\n","protected":false},"excerpt":{"rendered":"<p>Este dise\u00f1o ganador de la competencia nacional rinde homenaje al ma\u00edz<\/p>\n","protected":false},"author":9,"featured_media":0,"comment_status":"open","ping_status":"closed","sticky":false,"template":"","format":"standard","meta":{"om_disable_all_campaigns":false,"inline_featured_image":false,"_monsterinsights_skip_tracking":false,"_monsterinsights_sitenote_active":false,"_monsterinsights_sitenote_note":"","_monsterinsights_sitenote_category":0,"footnotes":""},"categories":[81],"tags":[20,2589,3000,1453,1451],"class_list":["post-10666","post","type-post","status-publish","format-standard","hentry","category-arquitectura-2","tag-arquitectura","tag-expo-milan-2015","tag-loguer-design","tag-maiz","tag-pabellon-mexicano"],"yoast_head":"<!-- This site is optimized with the Yoast SEO plugin v27.4 - https:\/\/yoast.com\/product\/yoast-seo-wordpress\/ -->\n<title>Revelan proyecto del Pabell\u00f3n Mexicano para Expo Mil\u00e1n 2015 -<\/title>\n<meta name=\"description\" content=\"Este dise\u00f1o ganador de la competencia nacional rinde homenaje al ma\u00edz Regido bajo la premisa oficial de la Expo -Feeding the Planet, Energy for life- y\" \/>\n<meta name=\"robots\" content=\"index, follow, max-snippet:-1, max-image-preview:large, max-video-preview:-1\" \/>\n<link rel=\"canonical\" href=\"https:\/\/centrourbano.com\/revista\/arquitectura-2\/revelan-proyecto-del-pabellon-mexicano-para-expo-milan-2015\/\" \/>\n<meta property=\"og:locale\" content=\"es_ES\" \/>\n<meta property=\"og:type\" content=\"article\" \/>\n<meta property=\"og:title\" content=\"Revelan proyecto del Pabell\u00f3n Mexicano para Expo Mil\u00e1n 2015 -\" \/>\n<meta property=\"og:description\" content=\"Este dise\u00f1o ganador de la competencia nacional rinde homenaje al ma\u00edz Regido bajo la premisa oficial de la Expo -Feeding the Planet, Energy for life- y\" \/>\n<meta property=\"og:url\" content=\"https:\/\/centrourbano.com\/revista\/arquitectura-2\/revelan-proyecto-del-pabellon-mexicano-para-expo-milan-2015\/\" \/>\n<meta property=\"og:site_name\" content=\"Centro Urbano\" \/>\n<meta property=\"article:publisher\" content=\"https:\/\/www.facebook.com\/portalcentrourbano\" \/>\n<meta property=\"article:published_time\" content=\"2014-09-11T21:01:44+00:00\" \/>\n<meta property=\"og:image\" content=\"https:\/\/centrourbano.com\/revista\/wp-content\/uploads\/CU-logo.png\" \/>\n\t<meta property=\"og:image:width\" content=\"350\" \/>\n\t<meta property=\"og:image:height\" content=\"91\" \/>\n\t<meta property=\"og:image:type\" content=\"image\/png\" \/>\n<meta name=\"author\" content=\"Dinorah Nava\" \/>\n<meta name=\"twitter:card\" content=\"summary_large_image\" \/>\n<meta name=\"twitter:creator\" content=\"@https:\/\/twitter.com\/Dinorah_Nava28\" \/>\n<meta name=\"twitter:site\" content=\"@CentroUrbano\" \/>\n<meta name=\"twitter:label1\" content=\"Escrito por\" \/>\n\t<meta name=\"twitter:data1\" content=\"Dinorah Nava\" \/>\n\t<meta name=\"twitter:label2\" content=\"Tiempo de lectura\" \/>\n\t<meta name=\"twitter:data2\" content=\"2 minutos\" \/>\n<script type=\"application\/ld+json\" class=\"yoast-schema-graph\">{\"@context\":\"https:\\\/\\\/schema.org\",\"@graph\":[{\"@type\":\"Article\",\"@id\":\"https:\\\/\\\/centrourbano.com\\\/revista\\\/arquitectura-2\\\/revelan-proyecto-del-pabellon-mexicano-para-expo-milan-2015\\\/#article\",\"isPartOf\":{\"@id\":\"https:\\\/\\\/centrourbano.com\\\/revista\\\/arquitectura-2\\\/revelan-proyecto-del-pabellon-mexicano-para-expo-milan-2015\\\/\"},\"author\":{\"name\":\"Dinorah Nava\",\"@id\":\"https:\\\/\\\/centrourbano.com\\\/revista\\\/#\\\/schema\\\/person\\\/b45db815d96831257ba428a3d5a5fbdc\"},\"headline\":\"Revelan proyecto del Pabell\u00f3n Mexicano para Expo Mil\u00e1n 2015\",\"datePublished\":\"2014-09-11T21:01:44+00:00\",\"mainEntityOfPage\":{\"@id\":\"https:\\\/\\\/centrourbano.com\\\/revista\\\/arquitectura-2\\\/revelan-proyecto-del-pabellon-mexicano-para-expo-milan-2015\\\/\"},\"wordCount\":504,\"commentCount\":0,\"publisher\":{\"@id\":\"https:\\\/\\\/centrourbano.com\\\/revista\\\/#organization\"},\"keywords\":[\"arquitectura\",\"Expo Mil\u00e1n 2015\",\"Loguer Design\",\"ma\u00edz\",\"Pabell\u00f3n Mexicano\"],\"articleSection\":[\"Arquitectura\"],\"inLanguage\":\"es\",\"potentialAction\":[{\"@type\":\"CommentAction\",\"name\":\"Comment\",\"target\":[\"https:\\\/\\\/centrourbano.com\\\/revista\\\/arquitectura-2\\\/revelan-proyecto-del-pabellon-mexicano-para-expo-milan-2015\\\/#respond\"]}]},{\"@type\":\"WebPage\",\"@id\":\"https:\\\/\\\/centrourbano.com\\\/revista\\\/arquitectura-2\\\/revelan-proyecto-del-pabellon-mexicano-para-expo-milan-2015\\\/\",\"url\":\"https:\\\/\\\/centrourbano.com\\\/revista\\\/arquitectura-2\\\/revelan-proyecto-del-pabellon-mexicano-para-expo-milan-2015\\\/\",\"name\":\"Revelan proyecto del Pabell\u00f3n Mexicano para Expo Mil\u00e1n 2015 -\",\"isPartOf\":{\"@id\":\"https:\\\/\\\/centrourbano.com\\\/revista\\\/#website\"},\"datePublished\":\"2014-09-11T21:01:44+00:00\",\"description\":\"Este dise\u00f1o ganador de la competencia nacional rinde homenaje al ma\u00edz Regido bajo la premisa oficial de la Expo -Feeding the Planet, Energy for life- y\",\"breadcrumb\":{\"@id\":\"https:\\\/\\\/centrourbano.com\\\/revista\\\/arquitectura-2\\\/revelan-proyecto-del-pabellon-mexicano-para-expo-milan-2015\\\/#breadcrumb\"},\"inLanguage\":\"es\",\"potentialAction\":[{\"@type\":\"ReadAction\",\"target\":[\"https:\\\/\\\/centrourbano.com\\\/revista\\\/arquitectura-2\\\/revelan-proyecto-del-pabellon-mexicano-para-expo-milan-2015\\\/\"]}]},{\"@type\":\"BreadcrumbList\",\"@id\":\"https:\\\/\\\/centrourbano.com\\\/revista\\\/arquitectura-2\\\/revelan-proyecto-del-pabellon-mexicano-para-expo-milan-2015\\\/#breadcrumb\",\"itemListElement\":[{\"@type\":\"ListItem\",\"position\":1,\"name\":\"Portada\",\"item\":\"https:\\\/\\\/centrourbano.com\\\/revista\\\/\"},{\"@type\":\"ListItem\",\"position\":2,\"name\":\"Revelan proyecto del Pabell\u00f3n Mexicano para Expo Mil\u00e1n 2015\"}]},{\"@type\":\"WebSite\",\"@id\":\"https:\\\/\\\/centrourbano.com\\\/revista\\\/#website\",\"url\":\"https:\\\/\\\/centrourbano.com\\\/revista\\\/\",\"name\":\"Centro Urbano\",\"description\":\"Medio especializado en los sectores vivienda, inmobiliario, construcci\u00f3n, arquitectura y urbanismo.\",\"publisher\":{\"@id\":\"https:\\\/\\\/centrourbano.com\\\/revista\\\/#organization\"},\"potentialAction\":[{\"@type\":\"SearchAction\",\"target\":{\"@type\":\"EntryPoint\",\"urlTemplate\":\"https:\\\/\\\/centrourbano.com\\\/revista\\\/?s={search_term_string}\"},\"query-input\":{\"@type\":\"PropertyValueSpecification\",\"valueRequired\":true,\"valueName\":\"search_term_string\"}}],\"inLanguage\":\"es\"},{\"@type\":\"Organization\",\"@id\":\"https:\\\/\\\/centrourbano.com\\\/revista\\\/#organization\",\"name\":\"Centro Urbano\",\"url\":\"https:\\\/\\\/centrourbano.com\\\/revista\\\/\",\"logo\":{\"@type\":\"ImageObject\",\"inLanguage\":\"es\",\"@id\":\"https:\\\/\\\/centrourbano.com\\\/revista\\\/#\\\/schema\\\/logo\\\/image\\\/\",\"url\":\"https:\\\/\\\/centrourbano.com\\\/revista\\\/wp-content\\\/uploads\\\/web_CU_logo-1.png\",\"contentUrl\":\"https:\\\/\\\/centrourbano.com\\\/revista\\\/wp-content\\\/uploads\\\/web_CU_logo-1.png\",\"width\":350,\"height\":91,\"caption\":\"Centro Urbano\"},\"image\":{\"@id\":\"https:\\\/\\\/centrourbano.com\\\/revista\\\/#\\\/schema\\\/logo\\\/image\\\/\"},\"sameAs\":[\"https:\\\/\\\/www.facebook.com\\\/portalcentrourbano\",\"https:\\\/\\\/x.com\\\/CentroUrbano\",\"https:\\\/\\\/www.instagram.com\\\/centro_urbano\\\/\",\"https:\\\/\\\/www.linkedin.com\\\/company\\\/centro-urbano\\\/\",\"http:\\\/\\\/www.youtube.com\\\/user\\\/portalcentrourbano\"]},{\"@type\":\"Person\",\"@id\":\"https:\\\/\\\/centrourbano.com\\\/revista\\\/#\\\/schema\\\/person\\\/b45db815d96831257ba428a3d5a5fbdc\",\"name\":\"Dinorah Nava\",\"image\":{\"@type\":\"ImageObject\",\"inLanguage\":\"es\",\"@id\":\"https:\\\/\\\/secure.gravatar.com\\\/avatar\\\/f6ca6430c51d147f363940f84e1225aa4b8183885c11802cc3b042305a4ecc1a?s=96&d=mm&r=g\",\"url\":\"https:\\\/\\\/secure.gravatar.com\\\/avatar\\\/f6ca6430c51d147f363940f84e1225aa4b8183885c11802cc3b042305a4ecc1a?s=96&d=mm&r=g\",\"contentUrl\":\"https:\\\/\\\/secure.gravatar.com\\\/avatar\\\/f6ca6430c51d147f363940f84e1225aa4b8183885c11802cc3b042305a4ecc1a?s=96&d=mm&r=g\",\"caption\":\"Dinorah Nava\"},\"description\":\"Editora de Contenidos y Estrategias Digitales en Centro Urbano y Coeditora en Peri\u00f3dico Mi Casa. Egresada de la licenciatura en Comunicaci\u00f3n y Periodismo de la Facultad de Estudios Superiores Arag\u00f3n (UNAM). Amante de la edici\u00f3n y correcci\u00f3n de estilo, las redes sociales y el mundo digital. Especialista en temas son arquitectura, inmobiliario y urbanismo.\",\"sameAs\":[\"linkedin.com\\\/in\\\/dinorah-nava\",\"https:\\\/\\\/x.com\\\/https:\\\/\\\/twitter.com\\\/Dinorah_Nava28\"],\"url\":\"https:\\\/\\\/centrourbano.com\\\/revista\\\/author\\\/dinorah-nava\\\/\"}]}<\/script>\n<!-- \/ Yoast SEO plugin. -->","yoast_head_json":{"title":"Revelan proyecto del Pabell\u00f3n Mexicano para Expo Mil\u00e1n 2015 -","description":"Este dise\u00f1o ganador de la competencia nacional rinde homenaje al ma\u00edz Regido bajo la premisa oficial de la Expo -Feeding the Planet, Energy for life- y","robots":{"index":"index","follow":"follow","max-snippet":"max-snippet:-1","max-image-preview":"max-image-preview:large","max-video-preview":"max-video-preview:-1"},"canonical":"https:\/\/centrourbano.com\/revista\/arquitectura-2\/revelan-proyecto-del-pabellon-mexicano-para-expo-milan-2015\/","og_locale":"es_ES","og_type":"article","og_title":"Revelan proyecto del Pabell\u00f3n Mexicano para Expo Mil\u00e1n 2015 -","og_description":"Este dise\u00f1o ganador de la competencia nacional rinde homenaje al ma\u00edz Regido bajo la premisa oficial de la Expo -Feeding the Planet, Energy for life- y","og_url":"https:\/\/centrourbano.com\/revista\/arquitectura-2\/revelan-proyecto-del-pabellon-mexicano-para-expo-milan-2015\/","og_site_name":"Centro Urbano","article_publisher":"https:\/\/www.facebook.com\/portalcentrourbano","article_published_time":"2014-09-11T21:01:44+00:00","og_image":[{"width":350,"height":91,"url":"https:\/\/centrourbano.com\/revista\/wp-content\/uploads\/CU-logo.png","type":"image\/png"}],"author":"Dinorah Nava","twitter_card":"summary_large_image","twitter_creator":"@https:\/\/twitter.com\/Dinorah_Nava28","twitter_site":"@CentroUrbano","twitter_misc":{"Escrito por":"Dinorah Nava","Tiempo de lectura":"2 minutos"},"schema":{"@context":"https:\/\/schema.org","@graph":[{"@type":"Article","@id":"https:\/\/centrourbano.com\/revista\/arquitectura-2\/revelan-proyecto-del-pabellon-mexicano-para-expo-milan-2015\/#article","isPartOf":{"@id":"https:\/\/centrourbano.com\/revista\/arquitectura-2\/revelan-proyecto-del-pabellon-mexicano-para-expo-milan-2015\/"},"author":{"name":"Dinorah Nava","@id":"https:\/\/centrourbano.com\/revista\/#\/schema\/person\/b45db815d96831257ba428a3d5a5fbdc"},"headline":"Revelan proyecto del Pabell\u00f3n Mexicano para Expo Mil\u00e1n 2015","datePublished":"2014-09-11T21:01:44+00:00","mainEntityOfPage":{"@id":"https:\/\/centrourbano.com\/revista\/arquitectura-2\/revelan-proyecto-del-pabellon-mexicano-para-expo-milan-2015\/"},"wordCount":504,"commentCount":0,"publisher":{"@id":"https:\/\/centrourbano.com\/revista\/#organization"},"keywords":["arquitectura","Expo Mil\u00e1n 2015","Loguer Design","ma\u00edz","Pabell\u00f3n Mexicano"],"articleSection":["Arquitectura"],"inLanguage":"es","potentialAction":[{"@type":"CommentAction","name":"Comment","target":["https:\/\/centrourbano.com\/revista\/arquitectura-2\/revelan-proyecto-del-pabellon-mexicano-para-expo-milan-2015\/#respond"]}]},{"@type":"WebPage","@id":"https:\/\/centrourbano.com\/revista\/arquitectura-2\/revelan-proyecto-del-pabellon-mexicano-para-expo-milan-2015\/","url":"https:\/\/centrourbano.com\/revista\/arquitectura-2\/revelan-proyecto-del-pabellon-mexicano-para-expo-milan-2015\/","name":"Revelan proyecto del Pabell\u00f3n Mexicano para Expo Mil\u00e1n 2015 -","isPartOf":{"@id":"https:\/\/centrourbano.com\/revista\/#website"},"datePublished":"2014-09-11T21:01:44+00:00","description":"Este dise\u00f1o ganador de la competencia nacional rinde homenaje al ma\u00edz Regido bajo la premisa oficial de la Expo -Feeding the Planet, Energy for life- y","breadcrumb":{"@id":"https:\/\/centrourbano.com\/revista\/arquitectura-2\/revelan-proyecto-del-pabellon-mexicano-para-expo-milan-2015\/#breadcrumb"},"inLanguage":"es","potentialAction":[{"@type":"ReadAction","target":["https:\/\/centrourbano.com\/revista\/arquitectura-2\/revelan-proyecto-del-pabellon-mexicano-para-expo-milan-2015\/"]}]},{"@type":"BreadcrumbList","@id":"https:\/\/centrourbano.com\/revista\/arquitectura-2\/revelan-proyecto-del-pabellon-mexicano-para-expo-milan-2015\/#breadcrumb","itemListElement":[{"@type":"ListItem","position":1,"name":"Portada","item":"https:\/\/centrourbano.com\/revista\/"},{"@type":"ListItem","position":2,"name":"Revelan proyecto del Pabell\u00f3n Mexicano para Expo Mil\u00e1n 2015"}]},{"@type":"WebSite","@id":"https:\/\/centrourbano.com\/revista\/#website","url":"https:\/\/centrourbano.com\/revista\/","name":"Centro Urbano","description":"Medio especializado en los sectores vivienda, inmobiliario, construcci\u00f3n, arquitectura y urbanismo.","publisher":{"@id":"https:\/\/centrourbano.com\/revista\/#organization"},"potentialAction":[{"@type":"SearchAction","target":{"@type":"EntryPoint","urlTemplate":"https:\/\/centrourbano.com\/revista\/?s={search_term_string}"},"query-input":{"@type":"PropertyValueSpecification","valueRequired":true,"valueName":"search_term_string"}}],"inLanguage":"es"},{"@type":"Organization","@id":"https:\/\/centrourbano.com\/revista\/#organization","name":"Centro Urbano","url":"https:\/\/centrourbano.com\/revista\/","logo":{"@type":"ImageObject","inLanguage":"es","@id":"https:\/\/centrourbano.com\/revista\/#\/schema\/logo\/image\/","url":"https:\/\/centrourbano.com\/revista\/wp-content\/uploads\/web_CU_logo-1.png","contentUrl":"https:\/\/centrourbano.com\/revista\/wp-content\/uploads\/web_CU_logo-1.png","width":350,"height":91,"caption":"Centro Urbano"},"image":{"@id":"https:\/\/centrourbano.com\/revista\/#\/schema\/logo\/image\/"},"sameAs":["https:\/\/www.facebook.com\/portalcentrourbano","https:\/\/x.com\/CentroUrbano","https:\/\/www.instagram.com\/centro_urbano\/","https:\/\/www.linkedin.com\/company\/centro-urbano\/","http:\/\/www.youtube.com\/user\/portalcentrourbano"]},{"@type":"Person","@id":"https:\/\/centrourbano.com\/revista\/#\/schema\/person\/b45db815d96831257ba428a3d5a5fbdc","name":"Dinorah Nava","image":{"@type":"ImageObject","inLanguage":"es","@id":"https:\/\/secure.gravatar.com\/avatar\/f6ca6430c51d147f363940f84e1225aa4b8183885c11802cc3b042305a4ecc1a?s=96&d=mm&r=g","url":"https:\/\/secure.gravatar.com\/avatar\/f6ca6430c51d147f363940f84e1225aa4b8183885c11802cc3b042305a4ecc1a?s=96&d=mm&r=g","contentUrl":"https:\/\/secure.gravatar.com\/avatar\/f6ca6430c51d147f363940f84e1225aa4b8183885c11802cc3b042305a4ecc1a?s=96&d=mm&r=g","caption":"Dinorah Nava"},"description":"Editora de Contenidos y Estrategias Digitales en Centro Urbano y Coeditora en Peri\u00f3dico Mi Casa. Egresada de la licenciatura en Comunicaci\u00f3n y Periodismo de la Facultad de Estudios Superiores Arag\u00f3n (UNAM). Amante de la edici\u00f3n y correcci\u00f3n de estilo, las redes sociales y el mundo digital. Especialista en temas son arquitectura, inmobiliario y urbanismo.","sameAs":["linkedin.com\/in\/dinorah-nava","https:\/\/x.com\/https:\/\/twitter.com\/Dinorah_Nava28"],"url":"https:\/\/centrourbano.com\/revista\/author\/dinorah-nava\/"}]}},"_links":{"self":[{"href":"https:\/\/centrourbano.com\/revista\/wp-json\/wp\/v2\/posts\/10666","targetHints":{"allow":["GET"]}}],"collection":[{"href":"https:\/\/centrourbano.com\/revista\/wp-json\/wp\/v2\/posts"}],"about":[{"href":"https:\/\/centrourbano.com\/revista\/wp-json\/wp\/v2\/types\/post"}],"author":[{"embeddable":true,"href":"https:\/\/centrourbano.com\/revista\/wp-json\/wp\/v2\/users\/9"}],"replies":[{"embeddable":true,"href":"https:\/\/centrourbano.com\/revista\/wp-json\/wp\/v2\/comments?post=10666"}],"version-history":[{"count":0,"href":"https:\/\/centrourbano.com\/revista\/wp-json\/wp\/v2\/posts\/10666\/revisions"}],"wp:attachment":[{"href":"https:\/\/centrourbano.com\/revista\/wp-json\/wp\/v2\/media?parent=10666"}],"wp:term":[{"taxonomy":"category","embeddable":true,"href":"https:\/\/centrourbano.com\/revista\/wp-json\/wp\/v2\/categories?post=10666"},{"taxonomy":"post_tag","embeddable":true,"href":"https:\/\/centrourbano.com\/revista\/wp-json\/wp\/v2\/tags?post=10666"}],"curies":[{"name":"wp","href":"https:\/\/api.w.org\/{rel}","templated":true}]}}