{"id":10663,"date":"2014-09-11T12:41:03","date_gmt":"2014-09-11T17:41:03","guid":{"rendered":"http:\/\/centrourbano.com\/?p=10663"},"modified":"2014-09-11T12:41:03","modified_gmt":"2014-09-11T17:41:03","slug":"realty-world-abrira-oficinas-en-el-distrito-federal","status":"publish","type":"post","link":"https:\/\/centrourbano.com\/revista\/inmobiliario\/realty-world-abrira-oficinas-en-el-distrito-federal\/","title":{"rendered":"Realty World abrir\u00e1 oficinas en el Distrito Federal"},"content":{"rendered":"<p>&nbsp;<\/p>\n<p><em>Este a\u00f1o, la empresa de bienes ra\u00edces cumplir\u00e1 20 a\u00f1os en M\u00e9xico<\/em><\/p>\n<p><!--more--><\/p>\n<p>Realty World, empresa internacional en el sector de bienes ra\u00edces, que cumple 20 a\u00f1os en el pa\u00eds, anunci\u00f3 una importante expansi\u00f3n para atender la demanda de oficinas corporativas y espacios de negocios.<\/p>\n<p>De acuerdo con un comunicado, el director de Realty World en M\u00e9xico, Jorge Paredes Guerra, anunci\u00f3 que la firma abrir\u00e1 alrededor de 30 nuevas oficinas en Distrito Federal en los pr\u00f3ximos a\u00f1os, ante las expectativas de crecimiento del pa\u00eds.<\/p>\n<p>\u00abLa expansi\u00f3n de Realty World M\u00e9xico responde al crecimiento esperado y, sobre todo, a las necesidades del mercado inmobiliario, donde firmas profesionales y con experiencia como nosotros podemos dar la respuesta que los corporativos precisan\u201d, declar\u00f3 Paredes Guerra.<\/p>\n<p>Realty World M\u00e9xico registr\u00f3 un crecimiento de 25 por ciento en los \u00faltimos dos a\u00f1os, de acuerdo con distintas firmas de consultor\u00eda, la demanda de oficinas corporativas en la Ciudad de M\u00e9xico se duplicar\u00e1 para el 2018, al pasar de 4.5 millones de metros cuadrados actuales, a poco m\u00e1s de 7 millones. En la actualidad, el Distrito Federal es uno de los mercados de oficinas m\u00e1s importantes de Am\u00e9rica Latina, con una disponibilidad del 11 por ciento en espacios para negocios.<\/p>\n<p>&nbsp;<\/p>\n","protected":false},"excerpt":{"rendered":"<p>&nbsp; Este a\u00f1o, la empresa de bienes ra\u00edces cumplir\u00e1 20 a\u00f1os en M\u00e9xico<\/p>\n","protected":false},"author":1,"featured_media":0,"comment_status":"open","ping_status":"closed","sticky":false,"template":"","format":"standard","meta":{"om_disable_all_campaigns":false,"inline_featured_image":false,"_monsterinsights_skip_tracking":false,"_monsterinsights_sitenote_active":false,"_monsterinsights_sitenote_note":"","_monsterinsights_sitenote_category":0,"footnotes":""},"categories":[15],"tags":[230,334,58,2999],"class_list":["post-10663","post","type-post","status-publish","format-standard","hentry","category-inmobiliario","tag-distrito-federal","tag-mexico","tag-oficinas","tag-realty-world"],"yoast_head":"<!-- This site is optimized with the Yoast SEO plugin v27.4 - https:\/\/yoast.com\/product\/yoast-seo-wordpress\/ -->\n<title>Realty World abrir\u00e1 oficinas en el Distrito Federal -<\/title>\n<meta name=\"description\" content=\"&nbsp; Este a\u00f1o, la empresa de bienes ra\u00edces cumplir\u00e1 20 a\u00f1os en M\u00e9xico Realty World, empresa internacional en el sector de bienes ra\u00edces, que cumple 20\" \/>\n<meta name=\"robots\" content=\"index, follow, max-snippet:-1, max-image-preview:large, max-video-preview:-1\" \/>\n<link rel=\"canonical\" href=\"https:\/\/centrourbano.com\/revista\/inmobiliario\/realty-world-abrira-oficinas-en-el-distrito-federal\/\" \/>\n<meta property=\"og:locale\" content=\"es_ES\" \/>\n<meta property=\"og:type\" content=\"article\" \/>\n<meta property=\"og:title\" content=\"Realty World abrir\u00e1 oficinas en el Distrito Federal -\" \/>\n<meta property=\"og:description\" content=\"&nbsp; Este a\u00f1o, la empresa de bienes ra\u00edces cumplir\u00e1 20 a\u00f1os en M\u00e9xico Realty World, empresa internacional en el sector de bienes ra\u00edces, que cumple 20\" \/>\n<meta property=\"og:url\" content=\"https:\/\/centrourbano.com\/revista\/inmobiliario\/realty-world-abrira-oficinas-en-el-distrito-federal\/\" \/>\n<meta property=\"og:site_name\" content=\"Centro Urbano\" \/>\n<meta property=\"article:publisher\" content=\"https:\/\/www.facebook.com\/portalcentrourbano\" \/>\n<meta property=\"article:published_time\" content=\"2014-09-11T17:41:03+00:00\" \/>\n<meta property=\"og:image\" content=\"https:\/\/centrourbano.com\/revista\/wp-content\/uploads\/CU-logo.png\" \/>\n\t<meta property=\"og:image:width\" content=\"350\" \/>\n\t<meta property=\"og:image:height\" content=\"91\" \/>\n\t<meta property=\"og:image:type\" content=\"image\/png\" \/>\n<meta name=\"author\" content=\"BlogCU 2022\" \/>\n<meta name=\"twitter:card\" content=\"summary_large_image\" \/>\n<meta name=\"twitter:creator\" content=\"@CentroUrbano\" \/>\n<meta name=\"twitter:site\" content=\"@CentroUrbano\" \/>\n<meta name=\"twitter:label1\" content=\"Escrito por\" \/>\n\t<meta name=\"twitter:data1\" content=\"BlogCU 2022\" \/>\n\t<meta name=\"twitter:label2\" content=\"Tiempo de lectura\" \/>\n\t<meta name=\"twitter:data2\" content=\"1 minuto\" \/>\n<script type=\"application\/ld+json\" class=\"yoast-schema-graph\">{\"@context\":\"https:\\\/\\\/schema.org\",\"@graph\":[{\"@type\":\"Article\",\"@id\":\"https:\\\/\\\/centrourbano.com\\\/revista\\\/inmobiliario\\\/realty-world-abrira-oficinas-en-el-distrito-federal\\\/#article\",\"isPartOf\":{\"@id\":\"https:\\\/\\\/centrourbano.com\\\/revista\\\/inmobiliario\\\/realty-world-abrira-oficinas-en-el-distrito-federal\\\/\"},\"author\":{\"name\":\"BlogCU 2022\",\"@id\":\"https:\\\/\\\/centrourbano.com\\\/revista\\\/#\\\/schema\\\/person\\\/26c0ab2d8952e32eb17ccf62f8e88ce6\"},\"headline\":\"Realty World abrir\u00e1 oficinas en el Distrito Federal\",\"datePublished\":\"2014-09-11T17:41:03+00:00\",\"mainEntityOfPage\":{\"@id\":\"https:\\\/\\\/centrourbano.com\\\/revista\\\/inmobiliario\\\/realty-world-abrira-oficinas-en-el-distrito-federal\\\/\"},\"wordCount\":225,\"commentCount\":0,\"publisher\":{\"@id\":\"https:\\\/\\\/centrourbano.com\\\/revista\\\/#organization\"},\"keywords\":[\"Distrito Federal\",\"M\u00e9xico\",\"oficinas\",\"Realty World\"],\"articleSection\":[\"Inmobiliario\"],\"inLanguage\":\"es\",\"potentialAction\":[{\"@type\":\"CommentAction\",\"name\":\"Comment\",\"target\":[\"https:\\\/\\\/centrourbano.com\\\/revista\\\/inmobiliario\\\/realty-world-abrira-oficinas-en-el-distrito-federal\\\/#respond\"]}]},{\"@type\":\"WebPage\",\"@id\":\"https:\\\/\\\/centrourbano.com\\\/revista\\\/inmobiliario\\\/realty-world-abrira-oficinas-en-el-distrito-federal\\\/\",\"url\":\"https:\\\/\\\/centrourbano.com\\\/revista\\\/inmobiliario\\\/realty-world-abrira-oficinas-en-el-distrito-federal\\\/\",\"name\":\"Realty World abrir\u00e1 oficinas en el Distrito Federal -\",\"isPartOf\":{\"@id\":\"https:\\\/\\\/centrourbano.com\\\/revista\\\/#website\"},\"datePublished\":\"2014-09-11T17:41:03+00:00\",\"description\":\"&nbsp; Este a\u00f1o, la empresa de bienes ra\u00edces cumplir\u00e1 20 a\u00f1os en M\u00e9xico Realty World, empresa internacional en el sector de bienes ra\u00edces, que cumple 20\",\"breadcrumb\":{\"@id\":\"https:\\\/\\\/centrourbano.com\\\/revista\\\/inmobiliario\\\/realty-world-abrira-oficinas-en-el-distrito-federal\\\/#breadcrumb\"},\"inLanguage\":\"es\",\"potentialAction\":[{\"@type\":\"ReadAction\",\"target\":[\"https:\\\/\\\/centrourbano.com\\\/revista\\\/inmobiliario\\\/realty-world-abrira-oficinas-en-el-distrito-federal\\\/\"]}]},{\"@type\":\"BreadcrumbList\",\"@id\":\"https:\\\/\\\/centrourbano.com\\\/revista\\\/inmobiliario\\\/realty-world-abrira-oficinas-en-el-distrito-federal\\\/#breadcrumb\",\"itemListElement\":[{\"@type\":\"ListItem\",\"position\":1,\"name\":\"Portada\",\"item\":\"https:\\\/\\\/centrourbano.com\\\/revista\\\/\"},{\"@type\":\"ListItem\",\"position\":2,\"name\":\"Realty World abrir\u00e1 oficinas en el Distrito Federal\"}]},{\"@type\":\"WebSite\",\"@id\":\"https:\\\/\\\/centrourbano.com\\\/revista\\\/#website\",\"url\":\"https:\\\/\\\/centrourbano.com\\\/revista\\\/\",\"name\":\"Centro Urbano\",\"description\":\"Medio especializado en los sectores vivienda, inmobiliario, construcci\u00f3n, arquitectura y urbanismo.\",\"publisher\":{\"@id\":\"https:\\\/\\\/centrourbano.com\\\/revista\\\/#organization\"},\"potentialAction\":[{\"@type\":\"SearchAction\",\"target\":{\"@type\":\"EntryPoint\",\"urlTemplate\":\"https:\\\/\\\/centrourbano.com\\\/revista\\\/?s={search_term_string}\"},\"query-input\":{\"@type\":\"PropertyValueSpecification\",\"valueRequired\":true,\"valueName\":\"search_term_string\"}}],\"inLanguage\":\"es\"},{\"@type\":\"Organization\",\"@id\":\"https:\\\/\\\/centrourbano.com\\\/revista\\\/#organization\",\"name\":\"Centro Urbano\",\"url\":\"https:\\\/\\\/centrourbano.com\\\/revista\\\/\",\"logo\":{\"@type\":\"ImageObject\",\"inLanguage\":\"es\",\"@id\":\"https:\\\/\\\/centrourbano.com\\\/revista\\\/#\\\/schema\\\/logo\\\/image\\\/\",\"url\":\"https:\\\/\\\/centrourbano.com\\\/revista\\\/wp-content\\\/uploads\\\/web_CU_logo-1.png\",\"contentUrl\":\"https:\\\/\\\/centrourbano.com\\\/revista\\\/wp-content\\\/uploads\\\/web_CU_logo-1.png\",\"width\":350,\"height\":91,\"caption\":\"Centro Urbano\"},\"image\":{\"@id\":\"https:\\\/\\\/centrourbano.com\\\/revista\\\/#\\\/schema\\\/logo\\\/image\\\/\"},\"sameAs\":[\"https:\\\/\\\/www.facebook.com\\\/portalcentrourbano\",\"https:\\\/\\\/x.com\\\/CentroUrbano\",\"https:\\\/\\\/www.instagram.com\\\/centro_urbano\\\/\",\"https:\\\/\\\/www.linkedin.com\\\/company\\\/centro-urbano\\\/\",\"http:\\\/\\\/www.youtube.com\\\/user\\\/portalcentrourbano\"]},{\"@type\":\"Person\",\"@id\":\"https:\\\/\\\/centrourbano.com\\\/revista\\\/#\\\/schema\\\/person\\\/26c0ab2d8952e32eb17ccf62f8e88ce6\",\"name\":\"BlogCU 2022\",\"image\":{\"@type\":\"ImageObject\",\"inLanguage\":\"es\",\"@id\":\"https:\\\/\\\/secure.gravatar.com\\\/avatar\\\/5ec2975f6d4b1643c723f08ef135c488131c64cba4524740d438f2e04dbeacdc?s=96&d=mm&r=g\",\"url\":\"https:\\\/\\\/secure.gravatar.com\\\/avatar\\\/5ec2975f6d4b1643c723f08ef135c488131c64cba4524740d438f2e04dbeacdc?s=96&d=mm&r=g\",\"contentUrl\":\"https:\\\/\\\/secure.gravatar.com\\\/avatar\\\/5ec2975f6d4b1643c723f08ef135c488131c64cba4524740d438f2e04dbeacdc?s=96&d=mm&r=g\",\"caption\":\"BlogCU 2022\"},\"url\":\"https:\\\/\\\/centrourbano.com\\\/revista\\\/author\\\/BlogCU 2022\\\/\"}]}<\/script>\n<!-- \/ Yoast SEO plugin. -->","yoast_head_json":{"title":"Realty World abrir\u00e1 oficinas en el Distrito Federal -","description":"&nbsp; Este a\u00f1o, la empresa de bienes ra\u00edces cumplir\u00e1 20 a\u00f1os en M\u00e9xico Realty World, empresa internacional en el sector de bienes ra\u00edces, que cumple 20","robots":{"index":"index","follow":"follow","max-snippet":"max-snippet:-1","max-image-preview":"max-image-preview:large","max-video-preview":"max-video-preview:-1"},"canonical":"https:\/\/centrourbano.com\/revista\/inmobiliario\/realty-world-abrira-oficinas-en-el-distrito-federal\/","og_locale":"es_ES","og_type":"article","og_title":"Realty World abrir\u00e1 oficinas en el Distrito Federal -","og_description":"&nbsp; Este a\u00f1o, la empresa de bienes ra\u00edces cumplir\u00e1 20 a\u00f1os en M\u00e9xico Realty World, empresa internacional en el sector de bienes ra\u00edces, que cumple 20","og_url":"https:\/\/centrourbano.com\/revista\/inmobiliario\/realty-world-abrira-oficinas-en-el-distrito-federal\/","og_site_name":"Centro Urbano","article_publisher":"https:\/\/www.facebook.com\/portalcentrourbano","article_published_time":"2014-09-11T17:41:03+00:00","og_image":[{"width":350,"height":91,"url":"https:\/\/centrourbano.com\/revista\/wp-content\/uploads\/CU-logo.png","type":"image\/png"}],"author":"BlogCU 2022","twitter_card":"summary_large_image","twitter_creator":"@CentroUrbano","twitter_site":"@CentroUrbano","twitter_misc":{"Escrito por":"BlogCU 2022","Tiempo de lectura":"1 minuto"},"schema":{"@context":"https:\/\/schema.org","@graph":[{"@type":"Article","@id":"https:\/\/centrourbano.com\/revista\/inmobiliario\/realty-world-abrira-oficinas-en-el-distrito-federal\/#article","isPartOf":{"@id":"https:\/\/centrourbano.com\/revista\/inmobiliario\/realty-world-abrira-oficinas-en-el-distrito-federal\/"},"author":{"name":"BlogCU 2022","@id":"https:\/\/centrourbano.com\/revista\/#\/schema\/person\/26c0ab2d8952e32eb17ccf62f8e88ce6"},"headline":"Realty World abrir\u00e1 oficinas en el Distrito Federal","datePublished":"2014-09-11T17:41:03+00:00","mainEntityOfPage":{"@id":"https:\/\/centrourbano.com\/revista\/inmobiliario\/realty-world-abrira-oficinas-en-el-distrito-federal\/"},"wordCount":225,"commentCount":0,"publisher":{"@id":"https:\/\/centrourbano.com\/revista\/#organization"},"keywords":["Distrito Federal","M\u00e9xico","oficinas","Realty World"],"articleSection":["Inmobiliario"],"inLanguage":"es","potentialAction":[{"@type":"CommentAction","name":"Comment","target":["https:\/\/centrourbano.com\/revista\/inmobiliario\/realty-world-abrira-oficinas-en-el-distrito-federal\/#respond"]}]},{"@type":"WebPage","@id":"https:\/\/centrourbano.com\/revista\/inmobiliario\/realty-world-abrira-oficinas-en-el-distrito-federal\/","url":"https:\/\/centrourbano.com\/revista\/inmobiliario\/realty-world-abrira-oficinas-en-el-distrito-federal\/","name":"Realty World abrir\u00e1 oficinas en el Distrito Federal -","isPartOf":{"@id":"https:\/\/centrourbano.com\/revista\/#website"},"datePublished":"2014-09-11T17:41:03+00:00","description":"&nbsp; Este a\u00f1o, la empresa de bienes ra\u00edces cumplir\u00e1 20 a\u00f1os en M\u00e9xico Realty World, empresa internacional en el sector de bienes ra\u00edces, que cumple 20","breadcrumb":{"@id":"https:\/\/centrourbano.com\/revista\/inmobiliario\/realty-world-abrira-oficinas-en-el-distrito-federal\/#breadcrumb"},"inLanguage":"es","potentialAction":[{"@type":"ReadAction","target":["https:\/\/centrourbano.com\/revista\/inmobiliario\/realty-world-abrira-oficinas-en-el-distrito-federal\/"]}]},{"@type":"BreadcrumbList","@id":"https:\/\/centrourbano.com\/revista\/inmobiliario\/realty-world-abrira-oficinas-en-el-distrito-federal\/#breadcrumb","itemListElement":[{"@type":"ListItem","position":1,"name":"Portada","item":"https:\/\/centrourbano.com\/revista\/"},{"@type":"ListItem","position":2,"name":"Realty World abrir\u00e1 oficinas en el Distrito Federal"}]},{"@type":"WebSite","@id":"https:\/\/centrourbano.com\/revista\/#website","url":"https:\/\/centrourbano.com\/revista\/","name":"Centro Urbano","description":"Medio especializado en los sectores vivienda, inmobiliario, construcci\u00f3n, arquitectura y urbanismo.","publisher":{"@id":"https:\/\/centrourbano.com\/revista\/#organization"},"potentialAction":[{"@type":"SearchAction","target":{"@type":"EntryPoint","urlTemplate":"https:\/\/centrourbano.com\/revista\/?s={search_term_string}"},"query-input":{"@type":"PropertyValueSpecification","valueRequired":true,"valueName":"search_term_string"}}],"inLanguage":"es"},{"@type":"Organization","@id":"https:\/\/centrourbano.com\/revista\/#organization","name":"Centro Urbano","url":"https:\/\/centrourbano.com\/revista\/","logo":{"@type":"ImageObject","inLanguage":"es","@id":"https:\/\/centrourbano.com\/revista\/#\/schema\/logo\/image\/","url":"https:\/\/centrourbano.com\/revista\/wp-content\/uploads\/web_CU_logo-1.png","contentUrl":"https:\/\/centrourbano.com\/revista\/wp-content\/uploads\/web_CU_logo-1.png","width":350,"height":91,"caption":"Centro Urbano"},"image":{"@id":"https:\/\/centrourbano.com\/revista\/#\/schema\/logo\/image\/"},"sameAs":["https:\/\/www.facebook.com\/portalcentrourbano","https:\/\/x.com\/CentroUrbano","https:\/\/www.instagram.com\/centro_urbano\/","https:\/\/www.linkedin.com\/company\/centro-urbano\/","http:\/\/www.youtube.com\/user\/portalcentrourbano"]},{"@type":"Person","@id":"https:\/\/centrourbano.com\/revista\/#\/schema\/person\/26c0ab2d8952e32eb17ccf62f8e88ce6","name":"BlogCU 2022","image":{"@type":"ImageObject","inLanguage":"es","@id":"https:\/\/secure.gravatar.com\/avatar\/5ec2975f6d4b1643c723f08ef135c488131c64cba4524740d438f2e04dbeacdc?s=96&d=mm&r=g","url":"https:\/\/secure.gravatar.com\/avatar\/5ec2975f6d4b1643c723f08ef135c488131c64cba4524740d438f2e04dbeacdc?s=96&d=mm&r=g","contentUrl":"https:\/\/secure.gravatar.com\/avatar\/5ec2975f6d4b1643c723f08ef135c488131c64cba4524740d438f2e04dbeacdc?s=96&d=mm&r=g","caption":"BlogCU 2022"},"url":"https:\/\/centrourbano.com\/revista\/author\/BlogCU 2022\/"}]}},"_links":{"self":[{"href":"https:\/\/centrourbano.com\/revista\/wp-json\/wp\/v2\/posts\/10663","targetHints":{"allow":["GET"]}}],"collection":[{"href":"https:\/\/centrourbano.com\/revista\/wp-json\/wp\/v2\/posts"}],"about":[{"href":"https:\/\/centrourbano.com\/revista\/wp-json\/wp\/v2\/types\/post"}],"author":[{"embeddable":true,"href":"https:\/\/centrourbano.com\/revista\/wp-json\/wp\/v2\/users\/1"}],"replies":[{"embeddable":true,"href":"https:\/\/centrourbano.com\/revista\/wp-json\/wp\/v2\/comments?post=10663"}],"version-history":[{"count":0,"href":"https:\/\/centrourbano.com\/revista\/wp-json\/wp\/v2\/posts\/10663\/revisions"}],"wp:attachment":[{"href":"https:\/\/centrourbano.com\/revista\/wp-json\/wp\/v2\/media?parent=10663"}],"wp:term":[{"taxonomy":"category","embeddable":true,"href":"https:\/\/centrourbano.com\/revista\/wp-json\/wp\/v2\/categories?post=10663"},{"taxonomy":"post_tag","embeddable":true,"href":"https:\/\/centrourbano.com\/revista\/wp-json\/wp\/v2\/tags?post=10663"}],"curies":[{"name":"wp","href":"https:\/\/api.w.org\/{rel}","templated":true}]}}