{"id":106556,"date":"2020-05-19T08:00:05","date_gmt":"2020-05-19T13:00:05","guid":{"rendered":"https:\/\/centrourbano.com\/?p=106556"},"modified":"2020-05-19T10:29:18","modified_gmt":"2020-05-19T15:29:18","slug":"segob-sedatu-ordenamiento-territorial","status":"publish","type":"post","link":"https:\/\/centrourbano.com\/revista\/urbanismo\/segob-sedatu-ordenamiento-territorial\/","title":{"rendered":"Segob y Sedatu impulsan ordenamiento territorial en zonas metropolitanas"},"content":{"rendered":"<p><em>Al d\u00eda de hoy, la Sedatu ha instalado<\/em> <em>comisiones de ordenamiento territorial en 42 de las 74 zonas metropolitanas del pa\u00eds; as\u00ed lo explic\u00f3 Carina Arvizu Machado<\/em><!--more--><\/p>\n<p>En el marco del conversatorio virtual <strong>\u2018Lineamientos para la elaboraci\u00f3n de proyectos integrales de las Zonas Metropolitanas\u2019<\/strong>; organizado por el <strong>Instituto Nacional para el Federalismo y el Desarrollo Municipal (Inafed);<\/strong>\u00a0<strong>Ricardo Peralta Saucedo, subsecretario de Gobierno<\/strong>, destac\u00f3 la importancia de potenciar el plan de desarrollo urbano y vivienda que impulsa la <strong>Secretar\u00eda de Desarrollo Agrario, Territorial y Urbano (Sedatu).<\/strong><\/p>\n<p>En este sentido, enfatiz\u00f3 que la <strong>Secretar\u00eda de Gobernaci\u00f3n (<a href=\"https:\/\/www.gob.mx\/segob\" target=\"_blank\" rel=\"noopener noreferrer\">Segob<\/a>)<\/strong> trabaja de la mano con la <strong>Sedatu<\/strong> para impulsar el reordenamiento territorial y urbano de las zonas metropolitanas del pa\u00eds.<\/p>\n<p>Al respecto, la <strong>subsecretaria de Desarrollo Urbano y Vivienda de la Sedatu, Carina Arvizu Machado,<\/strong> se\u00f1al\u00f3 que, con la emergencia sanitaria por la pandemia de Covid-19, el tema metropolitano ha cobrado mayor relevancia; por lo que la dependencia trabaja en el fortalecimiento del <strong>federalismo<\/strong>.<\/p>\n<p>\u201cDesde la <strong>Sedatu<\/strong> hemos avanzado con acciones muy importantes para el beneficio de los municipios y zonas metropolitanas del pa\u00eds. Con relaci\u00f3n a las <strong>comisiones de ordenamiento territorial<\/strong>, hemos impulsado su instalaci\u00f3n, con representatividad y voto de los municipios; para que sean actores que incidan en las agendas metropolitanas. Al d\u00eda de hoy se han instalado 42 comisiones; es decir, los municipios de 42 zonas metropolitanas de 74, ya tienen voz y voto. En lo relacionado con el tema de la <strong>capacitaci\u00f3n y asesor\u00eda t\u00e9cnica<\/strong>, lo hacemos en materia de la elaboraci\u00f3n de los instrumentos de planeaci\u00f3n urbana, ordenamiento territorial y desarrollo metropolitano\u201d, detall\u00f3.<\/p>\n<p>En tanto, <strong>Daniel Fajardo, coordinador general de<\/strong> <strong>Desarrollo Metropolitano de la Sedatu<\/strong>, present\u00f3 la <strong>Gu\u00eda y matriz de criterios de impacto metropolitano<\/strong>; la cual contiene una serie de lineamientos para identificar los mejores proyectos metropolitanos.<\/p>\n<p>\u201cSon tres dimensiones: planeaci\u00f3n metropolitana, gobernanza metropolitana y sustentabilidad ambiental; y \u00e9stas se descomponen de 17 criterios. Cada uno tiene opciones donde, adem\u00e1s, viene el puntaje que podr\u00eda obtener el proyecto a evaluarse\u201d, dijo.<\/p>\n<p>Agreg\u00f3 que la aplicaci\u00f3n de estos criterios puede dar un puntaje de hasta 1,000 puntos; y entre estos desatacan: gobernanza y gesti\u00f3n metropolitana; equidad e inclusi\u00f3n social; participaci\u00f3n ciudadana; transferencia y rendici\u00f3n de cuentas; as\u00ed como financiamiento complementario; planeaci\u00f3n y sustentabilidad ambiental; mismos que se aplican a todos los proyectos.<\/p>\n","protected":false},"excerpt":{"rendered":"<p>Al d\u00eda de hoy, la Sedatu ha instalado comisiones de ordenamiento territorial en 42 de las 74 zonas metropolitanas del pa\u00eds; as\u00ed lo explic\u00f3 Carina Arvizu Machado<\/p>\n","protected":false},"author":73,"featured_media":106557,"comment_status":"open","ping_status":"closed","sticky":false,"template":"","format":"standard","meta":{"om_disable_all_campaigns":false,"inline_featured_image":false,"_monsterinsights_skip_tracking":false,"_monsterinsights_sitenote_active":false,"_monsterinsights_sitenote_note":"","_monsterinsights_sitenote_category":0,"footnotes":""},"categories":[82],"tags":[12519,552,420,105,1264],"class_list":["post-106556","post","type-post","status-publish","format-standard","has-post-thumbnail","hentry","category-urbanismo","tag-desarrollo-metropolitano","tag-ordenamiento-territorial","tag-planeacion-urbana","tag-sedatu","tag-segob"],"yoast_head":"<!-- This site is optimized with the Yoast SEO plugin v27.4 - https:\/\/yoast.com\/product\/yoast-seo-wordpress\/ -->\n<title>Sedatu y Segob impulsan ordenamiento territorial en zonas metropolitanas<\/title>\n<meta name=\"description\" content=\"Al d\u00eda de hoy, la Sedatu ha instalado comisiones de ordenamiento territorial en 42 de las 74 zonas metropolitanas del pa\u00eds; as\u00ed lo explic\u00f3 Carina Arvizu\" \/>\n<meta name=\"robots\" content=\"index, follow, max-snippet:-1, max-image-preview:large, max-video-preview:-1\" \/>\n<link rel=\"canonical\" href=\"https:\/\/centrourbano.com\/revista\/urbanismo\/segob-sedatu-ordenamiento-territorial\/\" \/>\n<meta property=\"og:locale\" content=\"es_ES\" \/>\n<meta property=\"og:type\" content=\"article\" \/>\n<meta property=\"og:title\" content=\"Sedatu y Segob impulsan ordenamiento territorial en zonas metropolitanas\" \/>\n<meta property=\"og:description\" content=\"Al d\u00eda de hoy, la Sedatu ha instalado comisiones de ordenamiento territorial en 42 de las 74 zonas metropolitanas del pa\u00eds; as\u00ed lo explic\u00f3 Carina Arvizu\" \/>\n<meta property=\"og:url\" content=\"https:\/\/centrourbano.com\/revista\/urbanismo\/segob-sedatu-ordenamiento-territorial\/\" \/>\n<meta property=\"og:site_name\" content=\"Centro Urbano\" \/>\n<meta property=\"article:publisher\" content=\"https:\/\/www.facebook.com\/portalcentrourbano\" \/>\n<meta property=\"article:published_time\" content=\"2020-05-19T13:00:05+00:00\" \/>\n<meta property=\"article:modified_time\" content=\"2020-05-19T15:29:18+00:00\" \/>\n<meta property=\"og:image\" content=\"https:\/\/centrourbano.com\/revista\/wp-content\/uploads\/Sedatu-y-Segob-impulsan-ordenamiento-territorial-en-zonas-metropolitanas.jpg\" \/>\n\t<meta property=\"og:image:width\" content=\"735\" \/>\n\t<meta property=\"og:image:height\" content=\"400\" \/>\n\t<meta property=\"og:image:type\" content=\"image\/jpeg\" \/>\n<meta name=\"author\" content=\"Fernanda Hern\u00e1ndez\" \/>\n<meta name=\"twitter:card\" content=\"summary_large_image\" \/>\n<meta name=\"twitter:creator\" content=\"@https:\/\/twitter.com\/Nannz_Hernandez\" \/>\n<meta name=\"twitter:site\" content=\"@CentroUrbano\" \/>\n<meta name=\"twitter:label1\" content=\"Escrito por\" \/>\n\t<meta name=\"twitter:data1\" content=\"Fernanda Hern\u00e1ndez\" \/>\n\t<meta name=\"twitter:label2\" content=\"Tiempo de lectura\" \/>\n\t<meta name=\"twitter:data2\" content=\"2 minutos\" \/>\n<script type=\"application\/ld+json\" class=\"yoast-schema-graph\">{\"@context\":\"https:\\\/\\\/schema.org\",\"@graph\":[{\"@type\":\"Article\",\"@id\":\"https:\\\/\\\/centrourbano.com\\\/revista\\\/urbanismo\\\/segob-sedatu-ordenamiento-territorial\\\/#article\",\"isPartOf\":{\"@id\":\"https:\\\/\\\/centrourbano.com\\\/revista\\\/urbanismo\\\/segob-sedatu-ordenamiento-territorial\\\/\"},\"author\":{\"name\":\"Fernanda Hern\u00e1ndez\",\"@id\":\"https:\\\/\\\/centrourbano.com\\\/revista\\\/#\\\/schema\\\/person\\\/b190b20bbbceb41ec72278c546fa8df3\"},\"headline\":\"Segob y Sedatu impulsan ordenamiento territorial en zonas metropolitanas\",\"datePublished\":\"2020-05-19T13:00:05+00:00\",\"dateModified\":\"2020-05-19T15:29:18+00:00\",\"mainEntityOfPage\":{\"@id\":\"https:\\\/\\\/centrourbano.com\\\/revista\\\/urbanismo\\\/segob-sedatu-ordenamiento-territorial\\\/\"},\"wordCount\":412,\"commentCount\":0,\"publisher\":{\"@id\":\"https:\\\/\\\/centrourbano.com\\\/revista\\\/#organization\"},\"image\":{\"@id\":\"https:\\\/\\\/centrourbano.com\\\/revista\\\/urbanismo\\\/segob-sedatu-ordenamiento-territorial\\\/#primaryimage\"},\"thumbnailUrl\":\"https:\\\/\\\/centrourbano.com\\\/revista\\\/wp-content\\\/uploads\\\/Sedatu-y-Segob-impulsan-ordenamiento-territorial-en-zonas-metropolitanas.jpg\",\"keywords\":[\"Desarrollo Metropolitano\",\"ordenamiento territorial\",\"planeaci\u00f3n urbana\",\"Sedatu\",\"SEGOB\"],\"articleSection\":[\"Urbanismo\"],\"inLanguage\":\"es\",\"potentialAction\":[{\"@type\":\"CommentAction\",\"name\":\"Comment\",\"target\":[\"https:\\\/\\\/centrourbano.com\\\/revista\\\/urbanismo\\\/segob-sedatu-ordenamiento-territorial\\\/#respond\"]}]},{\"@type\":\"WebPage\",\"@id\":\"https:\\\/\\\/centrourbano.com\\\/revista\\\/urbanismo\\\/segob-sedatu-ordenamiento-territorial\\\/\",\"url\":\"https:\\\/\\\/centrourbano.com\\\/revista\\\/urbanismo\\\/segob-sedatu-ordenamiento-territorial\\\/\",\"name\":\"Sedatu y Segob impulsan ordenamiento territorial en zonas metropolitanas\",\"isPartOf\":{\"@id\":\"https:\\\/\\\/centrourbano.com\\\/revista\\\/#website\"},\"primaryImageOfPage\":{\"@id\":\"https:\\\/\\\/centrourbano.com\\\/revista\\\/urbanismo\\\/segob-sedatu-ordenamiento-territorial\\\/#primaryimage\"},\"image\":{\"@id\":\"https:\\\/\\\/centrourbano.com\\\/revista\\\/urbanismo\\\/segob-sedatu-ordenamiento-territorial\\\/#primaryimage\"},\"thumbnailUrl\":\"https:\\\/\\\/centrourbano.com\\\/revista\\\/wp-content\\\/uploads\\\/Sedatu-y-Segob-impulsan-ordenamiento-territorial-en-zonas-metropolitanas.jpg\",\"datePublished\":\"2020-05-19T13:00:05+00:00\",\"dateModified\":\"2020-05-19T15:29:18+00:00\",\"description\":\"Al d\u00eda de hoy, la Sedatu ha instalado comisiones de ordenamiento territorial en 42 de las 74 zonas metropolitanas del pa\u00eds; as\u00ed lo explic\u00f3 Carina Arvizu\",\"breadcrumb\":{\"@id\":\"https:\\\/\\\/centrourbano.com\\\/revista\\\/urbanismo\\\/segob-sedatu-ordenamiento-territorial\\\/#breadcrumb\"},\"inLanguage\":\"es\",\"potentialAction\":[{\"@type\":\"ReadAction\",\"target\":[\"https:\\\/\\\/centrourbano.com\\\/revista\\\/urbanismo\\\/segob-sedatu-ordenamiento-territorial\\\/\"]}]},{\"@type\":\"ImageObject\",\"inLanguage\":\"es\",\"@id\":\"https:\\\/\\\/centrourbano.com\\\/revista\\\/urbanismo\\\/segob-sedatu-ordenamiento-territorial\\\/#primaryimage\",\"url\":\"https:\\\/\\\/centrourbano.com\\\/revista\\\/wp-content\\\/uploads\\\/Sedatu-y-Segob-impulsan-ordenamiento-territorial-en-zonas-metropolitanas.jpg\",\"contentUrl\":\"https:\\\/\\\/centrourbano.com\\\/revista\\\/wp-content\\\/uploads\\\/Sedatu-y-Segob-impulsan-ordenamiento-territorial-en-zonas-metropolitanas.jpg\",\"width\":735,\"height\":400,\"caption\":\"Al d\u00eda de hoy, la Sedatu ha instalado comisiones de ordenamiento territorial en 42 de las 74 zonas metropolitanas del pa\u00eds; as\u00ed lo explic\u00f3 Carina Arvizu\"},{\"@type\":\"BreadcrumbList\",\"@id\":\"https:\\\/\\\/centrourbano.com\\\/revista\\\/urbanismo\\\/segob-sedatu-ordenamiento-territorial\\\/#breadcrumb\",\"itemListElement\":[{\"@type\":\"ListItem\",\"position\":1,\"name\":\"Portada\",\"item\":\"https:\\\/\\\/centrourbano.com\\\/revista\\\/\"},{\"@type\":\"ListItem\",\"position\":2,\"name\":\"Segob y Sedatu impulsan ordenamiento territorial en zonas metropolitanas\"}]},{\"@type\":\"WebSite\",\"@id\":\"https:\\\/\\\/centrourbano.com\\\/revista\\\/#website\",\"url\":\"https:\\\/\\\/centrourbano.com\\\/revista\\\/\",\"name\":\"Centro Urbano\",\"description\":\"Medio especializado en los sectores vivienda, inmobiliario, construcci\u00f3n, arquitectura y urbanismo.\",\"publisher\":{\"@id\":\"https:\\\/\\\/centrourbano.com\\\/revista\\\/#organization\"},\"potentialAction\":[{\"@type\":\"SearchAction\",\"target\":{\"@type\":\"EntryPoint\",\"urlTemplate\":\"https:\\\/\\\/centrourbano.com\\\/revista\\\/?s={search_term_string}\"},\"query-input\":{\"@type\":\"PropertyValueSpecification\",\"valueRequired\":true,\"valueName\":\"search_term_string\"}}],\"inLanguage\":\"es\"},{\"@type\":\"Organization\",\"@id\":\"https:\\\/\\\/centrourbano.com\\\/revista\\\/#organization\",\"name\":\"Centro Urbano\",\"url\":\"https:\\\/\\\/centrourbano.com\\\/revista\\\/\",\"logo\":{\"@type\":\"ImageObject\",\"inLanguage\":\"es\",\"@id\":\"https:\\\/\\\/centrourbano.com\\\/revista\\\/#\\\/schema\\\/logo\\\/image\\\/\",\"url\":\"https:\\\/\\\/centrourbano.com\\\/revista\\\/wp-content\\\/uploads\\\/web_CU_logo-1.png\",\"contentUrl\":\"https:\\\/\\\/centrourbano.com\\\/revista\\\/wp-content\\\/uploads\\\/web_CU_logo-1.png\",\"width\":350,\"height\":91,\"caption\":\"Centro Urbano\"},\"image\":{\"@id\":\"https:\\\/\\\/centrourbano.com\\\/revista\\\/#\\\/schema\\\/logo\\\/image\\\/\"},\"sameAs\":[\"https:\\\/\\\/www.facebook.com\\\/portalcentrourbano\",\"https:\\\/\\\/x.com\\\/CentroUrbano\",\"https:\\\/\\\/www.instagram.com\\\/centro_urbano\\\/\",\"https:\\\/\\\/www.linkedin.com\\\/company\\\/centro-urbano\\\/\",\"http:\\\/\\\/www.youtube.com\\\/user\\\/portalcentrourbano\"]},{\"@type\":\"Person\",\"@id\":\"https:\\\/\\\/centrourbano.com\\\/revista\\\/#\\\/schema\\\/person\\\/b190b20bbbceb41ec72278c546fa8df3\",\"name\":\"Fernanda Hern\u00e1ndez\",\"image\":{\"@type\":\"ImageObject\",\"inLanguage\":\"es\",\"@id\":\"https:\\\/\\\/secure.gravatar.com\\\/avatar\\\/9471831fb0a24eae9d32d826a7cb8ef07c34a41520aca1a0ab1f5c0903ba49b9?s=96&d=mm&r=g\",\"url\":\"https:\\\/\\\/secure.gravatar.com\\\/avatar\\\/9471831fb0a24eae9d32d826a7cb8ef07c34a41520aca1a0ab1f5c0903ba49b9?s=96&d=mm&r=g\",\"contentUrl\":\"https:\\\/\\\/secure.gravatar.com\\\/avatar\\\/9471831fb0a24eae9d32d826a7cb8ef07c34a41520aca1a0ab1f5c0903ba49b9?s=96&d=mm&r=g\",\"caption\":\"Fernanda Hern\u00e1ndez\"},\"description\":\"Reportera y redactora en Centro Urbano. Soy egresada de la licenciatura en Ciencias de la Comunicaci\u00f3n de la Facultad de Ciencias Pol\u00edticas y Sociales (UNAM). Me interesa la cultura, el urbanismo y la arquitectura. Amante del mundo digital, el cine, la m\u00fasica, la lectura y la escritura.\",\"sameAs\":[\"https:\\\/\\\/x.com\\\/https:\\\/\\\/twitter.com\\\/Nannz_Hernandez\"],\"url\":\"https:\\\/\\\/centrourbano.com\\\/revista\\\/author\\\/fernanda-hernandez\\\/\"}]}<\/script>\n<!-- \/ Yoast SEO plugin. -->","yoast_head_json":{"title":"Sedatu y Segob impulsan ordenamiento territorial en zonas metropolitanas","description":"Al d\u00eda de hoy, la Sedatu ha instalado comisiones de ordenamiento territorial en 42 de las 74 zonas metropolitanas del pa\u00eds; as\u00ed lo explic\u00f3 Carina Arvizu","robots":{"index":"index","follow":"follow","max-snippet":"max-snippet:-1","max-image-preview":"max-image-preview:large","max-video-preview":"max-video-preview:-1"},"canonical":"https:\/\/centrourbano.com\/revista\/urbanismo\/segob-sedatu-ordenamiento-territorial\/","og_locale":"es_ES","og_type":"article","og_title":"Sedatu y Segob impulsan ordenamiento territorial en zonas metropolitanas","og_description":"Al d\u00eda de hoy, la Sedatu ha instalado comisiones de ordenamiento territorial en 42 de las 74 zonas metropolitanas del pa\u00eds; as\u00ed lo explic\u00f3 Carina Arvizu","og_url":"https:\/\/centrourbano.com\/revista\/urbanismo\/segob-sedatu-ordenamiento-territorial\/","og_site_name":"Centro Urbano","article_publisher":"https:\/\/www.facebook.com\/portalcentrourbano","article_published_time":"2020-05-19T13:00:05+00:00","article_modified_time":"2020-05-19T15:29:18+00:00","og_image":[{"width":735,"height":400,"url":"https:\/\/centrourbano.com\/revista\/wp-content\/uploads\/Sedatu-y-Segob-impulsan-ordenamiento-territorial-en-zonas-metropolitanas.jpg","type":"image\/jpeg"}],"author":"Fernanda Hern\u00e1ndez","twitter_card":"summary_large_image","twitter_creator":"@https:\/\/twitter.com\/Nannz_Hernandez","twitter_site":"@CentroUrbano","twitter_misc":{"Escrito por":"Fernanda Hern\u00e1ndez","Tiempo de lectura":"2 minutos"},"schema":{"@context":"https:\/\/schema.org","@graph":[{"@type":"Article","@id":"https:\/\/centrourbano.com\/revista\/urbanismo\/segob-sedatu-ordenamiento-territorial\/#article","isPartOf":{"@id":"https:\/\/centrourbano.com\/revista\/urbanismo\/segob-sedatu-ordenamiento-territorial\/"},"author":{"name":"Fernanda Hern\u00e1ndez","@id":"https:\/\/centrourbano.com\/revista\/#\/schema\/person\/b190b20bbbceb41ec72278c546fa8df3"},"headline":"Segob y Sedatu impulsan ordenamiento territorial en zonas metropolitanas","datePublished":"2020-05-19T13:00:05+00:00","dateModified":"2020-05-19T15:29:18+00:00","mainEntityOfPage":{"@id":"https:\/\/centrourbano.com\/revista\/urbanismo\/segob-sedatu-ordenamiento-territorial\/"},"wordCount":412,"commentCount":0,"publisher":{"@id":"https:\/\/centrourbano.com\/revista\/#organization"},"image":{"@id":"https:\/\/centrourbano.com\/revista\/urbanismo\/segob-sedatu-ordenamiento-territorial\/#primaryimage"},"thumbnailUrl":"https:\/\/centrourbano.com\/revista\/wp-content\/uploads\/Sedatu-y-Segob-impulsan-ordenamiento-territorial-en-zonas-metropolitanas.jpg","keywords":["Desarrollo Metropolitano","ordenamiento territorial","planeaci\u00f3n urbana","Sedatu","SEGOB"],"articleSection":["Urbanismo"],"inLanguage":"es","potentialAction":[{"@type":"CommentAction","name":"Comment","target":["https:\/\/centrourbano.com\/revista\/urbanismo\/segob-sedatu-ordenamiento-territorial\/#respond"]}]},{"@type":"WebPage","@id":"https:\/\/centrourbano.com\/revista\/urbanismo\/segob-sedatu-ordenamiento-territorial\/","url":"https:\/\/centrourbano.com\/revista\/urbanismo\/segob-sedatu-ordenamiento-territorial\/","name":"Sedatu y Segob impulsan ordenamiento territorial en zonas metropolitanas","isPartOf":{"@id":"https:\/\/centrourbano.com\/revista\/#website"},"primaryImageOfPage":{"@id":"https:\/\/centrourbano.com\/revista\/urbanismo\/segob-sedatu-ordenamiento-territorial\/#primaryimage"},"image":{"@id":"https:\/\/centrourbano.com\/revista\/urbanismo\/segob-sedatu-ordenamiento-territorial\/#primaryimage"},"thumbnailUrl":"https:\/\/centrourbano.com\/revista\/wp-content\/uploads\/Sedatu-y-Segob-impulsan-ordenamiento-territorial-en-zonas-metropolitanas.jpg","datePublished":"2020-05-19T13:00:05+00:00","dateModified":"2020-05-19T15:29:18+00:00","description":"Al d\u00eda de hoy, la Sedatu ha instalado comisiones de ordenamiento territorial en 42 de las 74 zonas metropolitanas del pa\u00eds; as\u00ed lo explic\u00f3 Carina Arvizu","breadcrumb":{"@id":"https:\/\/centrourbano.com\/revista\/urbanismo\/segob-sedatu-ordenamiento-territorial\/#breadcrumb"},"inLanguage":"es","potentialAction":[{"@type":"ReadAction","target":["https:\/\/centrourbano.com\/revista\/urbanismo\/segob-sedatu-ordenamiento-territorial\/"]}]},{"@type":"ImageObject","inLanguage":"es","@id":"https:\/\/centrourbano.com\/revista\/urbanismo\/segob-sedatu-ordenamiento-territorial\/#primaryimage","url":"https:\/\/centrourbano.com\/revista\/wp-content\/uploads\/Sedatu-y-Segob-impulsan-ordenamiento-territorial-en-zonas-metropolitanas.jpg","contentUrl":"https:\/\/centrourbano.com\/revista\/wp-content\/uploads\/Sedatu-y-Segob-impulsan-ordenamiento-territorial-en-zonas-metropolitanas.jpg","width":735,"height":400,"caption":"Al d\u00eda de hoy, la Sedatu ha instalado comisiones de ordenamiento territorial en 42 de las 74 zonas metropolitanas del pa\u00eds; as\u00ed lo explic\u00f3 Carina Arvizu"},{"@type":"BreadcrumbList","@id":"https:\/\/centrourbano.com\/revista\/urbanismo\/segob-sedatu-ordenamiento-territorial\/#breadcrumb","itemListElement":[{"@type":"ListItem","position":1,"name":"Portada","item":"https:\/\/centrourbano.com\/revista\/"},{"@type":"ListItem","position":2,"name":"Segob y Sedatu impulsan ordenamiento territorial en zonas metropolitanas"}]},{"@type":"WebSite","@id":"https:\/\/centrourbano.com\/revista\/#website","url":"https:\/\/centrourbano.com\/revista\/","name":"Centro Urbano","description":"Medio especializado en los sectores vivienda, inmobiliario, construcci\u00f3n, arquitectura y urbanismo.","publisher":{"@id":"https:\/\/centrourbano.com\/revista\/#organization"},"potentialAction":[{"@type":"SearchAction","target":{"@type":"EntryPoint","urlTemplate":"https:\/\/centrourbano.com\/revista\/?s={search_term_string}"},"query-input":{"@type":"PropertyValueSpecification","valueRequired":true,"valueName":"search_term_string"}}],"inLanguage":"es"},{"@type":"Organization","@id":"https:\/\/centrourbano.com\/revista\/#organization","name":"Centro Urbano","url":"https:\/\/centrourbano.com\/revista\/","logo":{"@type":"ImageObject","inLanguage":"es","@id":"https:\/\/centrourbano.com\/revista\/#\/schema\/logo\/image\/","url":"https:\/\/centrourbano.com\/revista\/wp-content\/uploads\/web_CU_logo-1.png","contentUrl":"https:\/\/centrourbano.com\/revista\/wp-content\/uploads\/web_CU_logo-1.png","width":350,"height":91,"caption":"Centro Urbano"},"image":{"@id":"https:\/\/centrourbano.com\/revista\/#\/schema\/logo\/image\/"},"sameAs":["https:\/\/www.facebook.com\/portalcentrourbano","https:\/\/x.com\/CentroUrbano","https:\/\/www.instagram.com\/centro_urbano\/","https:\/\/www.linkedin.com\/company\/centro-urbano\/","http:\/\/www.youtube.com\/user\/portalcentrourbano"]},{"@type":"Person","@id":"https:\/\/centrourbano.com\/revista\/#\/schema\/person\/b190b20bbbceb41ec72278c546fa8df3","name":"Fernanda Hern\u00e1ndez","image":{"@type":"ImageObject","inLanguage":"es","@id":"https:\/\/secure.gravatar.com\/avatar\/9471831fb0a24eae9d32d826a7cb8ef07c34a41520aca1a0ab1f5c0903ba49b9?s=96&d=mm&r=g","url":"https:\/\/secure.gravatar.com\/avatar\/9471831fb0a24eae9d32d826a7cb8ef07c34a41520aca1a0ab1f5c0903ba49b9?s=96&d=mm&r=g","contentUrl":"https:\/\/secure.gravatar.com\/avatar\/9471831fb0a24eae9d32d826a7cb8ef07c34a41520aca1a0ab1f5c0903ba49b9?s=96&d=mm&r=g","caption":"Fernanda Hern\u00e1ndez"},"description":"Reportera y redactora en Centro Urbano. Soy egresada de la licenciatura en Ciencias de la Comunicaci\u00f3n de la Facultad de Ciencias Pol\u00edticas y Sociales (UNAM). Me interesa la cultura, el urbanismo y la arquitectura. Amante del mundo digital, el cine, la m\u00fasica, la lectura y la escritura.","sameAs":["https:\/\/x.com\/https:\/\/twitter.com\/Nannz_Hernandez"],"url":"https:\/\/centrourbano.com\/revista\/author\/fernanda-hernandez\/"}]}},"_links":{"self":[{"href":"https:\/\/centrourbano.com\/revista\/wp-json\/wp\/v2\/posts\/106556","targetHints":{"allow":["GET"]}}],"collection":[{"href":"https:\/\/centrourbano.com\/revista\/wp-json\/wp\/v2\/posts"}],"about":[{"href":"https:\/\/centrourbano.com\/revista\/wp-json\/wp\/v2\/types\/post"}],"author":[{"embeddable":true,"href":"https:\/\/centrourbano.com\/revista\/wp-json\/wp\/v2\/users\/73"}],"replies":[{"embeddable":true,"href":"https:\/\/centrourbano.com\/revista\/wp-json\/wp\/v2\/comments?post=106556"}],"version-history":[{"count":1,"href":"https:\/\/centrourbano.com\/revista\/wp-json\/wp\/v2\/posts\/106556\/revisions"}],"predecessor-version":[{"id":106558,"href":"https:\/\/centrourbano.com\/revista\/wp-json\/wp\/v2\/posts\/106556\/revisions\/106558"}],"wp:featuredmedia":[{"embeddable":true,"href":"https:\/\/centrourbano.com\/revista\/wp-json\/wp\/v2\/media\/106557"}],"wp:attachment":[{"href":"https:\/\/centrourbano.com\/revista\/wp-json\/wp\/v2\/media?parent=106556"}],"wp:term":[{"taxonomy":"category","embeddable":true,"href":"https:\/\/centrourbano.com\/revista\/wp-json\/wp\/v2\/categories?post=106556"},{"taxonomy":"post_tag","embeddable":true,"href":"https:\/\/centrourbano.com\/revista\/wp-json\/wp\/v2\/tags?post=106556"}],"curies":[{"name":"wp","href":"https:\/\/api.w.org\/{rel}","templated":true}]}}