{"id":10650,"date":"2014-09-11T09:00:20","date_gmt":"2014-09-11T14:00:20","guid":{"rendered":"http:\/\/centrourbano.com\/?p=10650"},"modified":"2014-09-10T21:59:50","modified_gmt":"2014-09-11T02:59:50","slug":"incrementa-inversion-fija-en-el-sector-construccion","status":"publish","type":"post","link":"https:\/\/centrourbano.com\/revista\/construccion\/incrementa-inversion-fija-en-el-sector-construccion\/","title":{"rendered":"Incrementa inversi\u00f3n fija en el sector construcci\u00f3n"},"content":{"rendered":"<p><em>Durante el sexto mes del a\u00f1o tuvo un aumento de 1.48% mensual gracias al aumento que tuvieron los rubros de construcci\u00f3n residencial y no residencial<\/em><br \/>\n<!--more--><\/p>\n<p>El Instituto Nacional de Estad\u00edstica y Geograf\u00eda (Inegi), revel\u00f3 que la Inversi\u00f3n Fija Bruta (IFB), que representa los gastos de empresas en maquinaria y equipo, y construcci\u00f3n, registr\u00f3 en junio un avance de 2.2% respecto al mismo periodo del a\u00f1o anterior.<\/p>\n<p>Durante el sexto mes del a\u00f1o, la formaci\u00f3n de capital fijo en el sector construcci\u00f3n tuvo un aumento de 1.48% mensual y en cifras ajustadas, gracias al aumento que tuvieron los rubros de construcci\u00f3n residencial y no residencial.<\/p>\n<p>Report\u00f3 que la inversi\u00f3n fija en el sector construcci\u00f3n mostr\u00f3 un avance anual de 1.3%, mientras que el de la maquinaria y equipo fue de 3.7%, lo cual rompe la racha de 18 meses consecutivos con resultados negativos.<\/p>\n<p>Se registr\u00f3 un avance en la generaci\u00f3n de obras de edificaci\u00f3n residencial de 2.4% a tasa anual, que incluye construcci\u00f3n de vivienda unifamiliar y multifamiliar, adem\u00e1s de que los gastos de inversi\u00f3n no residencial aument\u00f3 0.5% debido al alza de construcci\u00f3n de inmuebles comerciales y de servicios, naves y plantas industriales, entre otros.<\/p>\n<p>Seg\u00fan datos estad\u00edsticos, con el incremento de 2.2% con series originales y en su comparaci\u00f3n anual, la Inversi\u00f3n Fija Bruta lig\u00f3 dos meses al alza a tasa anual y logr\u00f3 su mayor aumento en el a\u00f1o.<\/p>\n<p>De enero a junio de este a\u00f1o, los resultados por componentes muestran que los gastos de inversi\u00f3n en construcci\u00f3n disminuyeron 2.3% (la de tipo no residencial cay\u00f3 3.2% y la residencial baj\u00f3 1.1%), en tanto que los de maquinaria y equipo total aumentaron 2.3% (los de origen importado aumentaron 3.5% y los nacionales descendieron 0.2%), agrega el Inegi.<\/p>\n<p>&nbsp;<\/p>\n","protected":false},"excerpt":{"rendered":"<p>Durante el sexto mes del a\u00f1o tuvo un aumento de 1.48% mensual gracias al aumento que tuvieron los rubros de construcci\u00f3n residencial y no residencial<\/p>\n","protected":false},"author":9,"featured_media":0,"comment_status":"open","ping_status":"closed","sticky":false,"template":"","format":"standard","meta":{"om_disable_all_campaigns":false,"inline_featured_image":false,"_monsterinsights_skip_tracking":false,"_monsterinsights_sitenote_active":false,"_monsterinsights_sitenote_note":"","_monsterinsights_sitenote_category":0,"footnotes":""},"categories":[14],"tags":[22,2994,430,2995,2996],"class_list":["post-10650","post","type-post","status-publish","format-standard","hentry","category-construccion","tag-construccion-2","tag-ifb","tag-inegi","tag-instituto-nacional-de-estadistica-y-geografia","tag-inversion-fija-bruta"],"yoast_head":"<!-- This site is optimized with the Yoast SEO plugin v27.4 - https:\/\/yoast.com\/product\/yoast-seo-wordpress\/ -->\n<title>Incrementa inversi\u00f3n fija en el sector construcci\u00f3n -<\/title>\n<meta name=\"description\" content=\"Durante el sexto mes del a\u00f1o tuvo un aumento de 1.48% mensual gracias al aumento que tuvieron los rubros de construcci\u00f3n residencial y no residencial El\" \/>\n<meta name=\"robots\" content=\"index, follow, max-snippet:-1, max-image-preview:large, max-video-preview:-1\" \/>\n<link rel=\"canonical\" href=\"https:\/\/centrourbano.com\/revista\/construccion\/incrementa-inversion-fija-en-el-sector-construccion\/\" \/>\n<meta property=\"og:locale\" content=\"es_ES\" \/>\n<meta property=\"og:type\" content=\"article\" \/>\n<meta property=\"og:title\" content=\"Incrementa inversi\u00f3n fija en el sector construcci\u00f3n -\" \/>\n<meta property=\"og:description\" content=\"Durante el sexto mes del a\u00f1o tuvo un aumento de 1.48% mensual gracias al aumento que tuvieron los rubros de construcci\u00f3n residencial y no residencial El\" \/>\n<meta property=\"og:url\" content=\"https:\/\/centrourbano.com\/revista\/construccion\/incrementa-inversion-fija-en-el-sector-construccion\/\" \/>\n<meta property=\"og:site_name\" content=\"Centro Urbano\" \/>\n<meta property=\"article:publisher\" content=\"https:\/\/www.facebook.com\/portalcentrourbano\" \/>\n<meta property=\"article:published_time\" content=\"2014-09-11T14:00:20+00:00\" \/>\n<meta property=\"og:image\" content=\"https:\/\/centrourbano.com\/revista\/wp-content\/uploads\/CU-logo.png\" \/>\n\t<meta property=\"og:image:width\" content=\"350\" \/>\n\t<meta property=\"og:image:height\" content=\"91\" \/>\n\t<meta property=\"og:image:type\" content=\"image\/png\" \/>\n<meta name=\"author\" content=\"Dinorah Nava\" \/>\n<meta name=\"twitter:card\" content=\"summary_large_image\" \/>\n<meta name=\"twitter:creator\" content=\"@https:\/\/twitter.com\/Dinorah_Nava28\" \/>\n<meta name=\"twitter:site\" content=\"@CentroUrbano\" \/>\n<meta name=\"twitter:label1\" content=\"Escrito por\" \/>\n\t<meta name=\"twitter:data1\" content=\"Dinorah Nava\" \/>\n\t<meta name=\"twitter:label2\" content=\"Tiempo de lectura\" \/>\n\t<meta name=\"twitter:data2\" content=\"2 minutos\" \/>\n<script type=\"application\/ld+json\" class=\"yoast-schema-graph\">{\"@context\":\"https:\\\/\\\/schema.org\",\"@graph\":[{\"@type\":\"Article\",\"@id\":\"https:\\\/\\\/centrourbano.com\\\/revista\\\/construccion\\\/incrementa-inversion-fija-en-el-sector-construccion\\\/#article\",\"isPartOf\":{\"@id\":\"https:\\\/\\\/centrourbano.com\\\/revista\\\/construccion\\\/incrementa-inversion-fija-en-el-sector-construccion\\\/\"},\"author\":{\"name\":\"Dinorah Nava\",\"@id\":\"https:\\\/\\\/centrourbano.com\\\/revista\\\/#\\\/schema\\\/person\\\/b45db815d96831257ba428a3d5a5fbdc\"},\"headline\":\"Incrementa inversi\u00f3n fija en el sector construcci\u00f3n\",\"datePublished\":\"2014-09-11T14:00:20+00:00\",\"mainEntityOfPage\":{\"@id\":\"https:\\\/\\\/centrourbano.com\\\/revista\\\/construccion\\\/incrementa-inversion-fija-en-el-sector-construccion\\\/\"},\"wordCount\":311,\"commentCount\":0,\"publisher\":{\"@id\":\"https:\\\/\\\/centrourbano.com\\\/revista\\\/#organization\"},\"keywords\":[\"construcci\u00f3n\",\"IFB\",\"Inegi\",\"Instituto Nacional de Estad\u00edstica y Geograf\u00eda\",\"Inversi\u00f3n Fija Bruta\"],\"articleSection\":[\"Construcci\u00f3n\"],\"inLanguage\":\"es\",\"potentialAction\":[{\"@type\":\"CommentAction\",\"name\":\"Comment\",\"target\":[\"https:\\\/\\\/centrourbano.com\\\/revista\\\/construccion\\\/incrementa-inversion-fija-en-el-sector-construccion\\\/#respond\"]}]},{\"@type\":\"WebPage\",\"@id\":\"https:\\\/\\\/centrourbano.com\\\/revista\\\/construccion\\\/incrementa-inversion-fija-en-el-sector-construccion\\\/\",\"url\":\"https:\\\/\\\/centrourbano.com\\\/revista\\\/construccion\\\/incrementa-inversion-fija-en-el-sector-construccion\\\/\",\"name\":\"Incrementa inversi\u00f3n fija en el sector construcci\u00f3n -\",\"isPartOf\":{\"@id\":\"https:\\\/\\\/centrourbano.com\\\/revista\\\/#website\"},\"datePublished\":\"2014-09-11T14:00:20+00:00\",\"description\":\"Durante el sexto mes del a\u00f1o tuvo un aumento de 1.48% mensual gracias al aumento que tuvieron los rubros de construcci\u00f3n residencial y no residencial El\",\"breadcrumb\":{\"@id\":\"https:\\\/\\\/centrourbano.com\\\/revista\\\/construccion\\\/incrementa-inversion-fija-en-el-sector-construccion\\\/#breadcrumb\"},\"inLanguage\":\"es\",\"potentialAction\":[{\"@type\":\"ReadAction\",\"target\":[\"https:\\\/\\\/centrourbano.com\\\/revista\\\/construccion\\\/incrementa-inversion-fija-en-el-sector-construccion\\\/\"]}]},{\"@type\":\"BreadcrumbList\",\"@id\":\"https:\\\/\\\/centrourbano.com\\\/revista\\\/construccion\\\/incrementa-inversion-fija-en-el-sector-construccion\\\/#breadcrumb\",\"itemListElement\":[{\"@type\":\"ListItem\",\"position\":1,\"name\":\"Portada\",\"item\":\"https:\\\/\\\/centrourbano.com\\\/revista\\\/\"},{\"@type\":\"ListItem\",\"position\":2,\"name\":\"Incrementa inversi\u00f3n fija en el sector construcci\u00f3n\"}]},{\"@type\":\"WebSite\",\"@id\":\"https:\\\/\\\/centrourbano.com\\\/revista\\\/#website\",\"url\":\"https:\\\/\\\/centrourbano.com\\\/revista\\\/\",\"name\":\"Centro Urbano\",\"description\":\"Medio especializado en los sectores vivienda, inmobiliario, construcci\u00f3n, arquitectura y urbanismo.\",\"publisher\":{\"@id\":\"https:\\\/\\\/centrourbano.com\\\/revista\\\/#organization\"},\"potentialAction\":[{\"@type\":\"SearchAction\",\"target\":{\"@type\":\"EntryPoint\",\"urlTemplate\":\"https:\\\/\\\/centrourbano.com\\\/revista\\\/?s={search_term_string}\"},\"query-input\":{\"@type\":\"PropertyValueSpecification\",\"valueRequired\":true,\"valueName\":\"search_term_string\"}}],\"inLanguage\":\"es\"},{\"@type\":\"Organization\",\"@id\":\"https:\\\/\\\/centrourbano.com\\\/revista\\\/#organization\",\"name\":\"Centro Urbano\",\"url\":\"https:\\\/\\\/centrourbano.com\\\/revista\\\/\",\"logo\":{\"@type\":\"ImageObject\",\"inLanguage\":\"es\",\"@id\":\"https:\\\/\\\/centrourbano.com\\\/revista\\\/#\\\/schema\\\/logo\\\/image\\\/\",\"url\":\"https:\\\/\\\/centrourbano.com\\\/revista\\\/wp-content\\\/uploads\\\/web_CU_logo-1.png\",\"contentUrl\":\"https:\\\/\\\/centrourbano.com\\\/revista\\\/wp-content\\\/uploads\\\/web_CU_logo-1.png\",\"width\":350,\"height\":91,\"caption\":\"Centro Urbano\"},\"image\":{\"@id\":\"https:\\\/\\\/centrourbano.com\\\/revista\\\/#\\\/schema\\\/logo\\\/image\\\/\"},\"sameAs\":[\"https:\\\/\\\/www.facebook.com\\\/portalcentrourbano\",\"https:\\\/\\\/x.com\\\/CentroUrbano\",\"https:\\\/\\\/www.instagram.com\\\/centro_urbano\\\/\",\"https:\\\/\\\/www.linkedin.com\\\/company\\\/centro-urbano\\\/\",\"http:\\\/\\\/www.youtube.com\\\/user\\\/portalcentrourbano\"]},{\"@type\":\"Person\",\"@id\":\"https:\\\/\\\/centrourbano.com\\\/revista\\\/#\\\/schema\\\/person\\\/b45db815d96831257ba428a3d5a5fbdc\",\"name\":\"Dinorah Nava\",\"image\":{\"@type\":\"ImageObject\",\"inLanguage\":\"es\",\"@id\":\"https:\\\/\\\/secure.gravatar.com\\\/avatar\\\/f6ca6430c51d147f363940f84e1225aa4b8183885c11802cc3b042305a4ecc1a?s=96&d=mm&r=g\",\"url\":\"https:\\\/\\\/secure.gravatar.com\\\/avatar\\\/f6ca6430c51d147f363940f84e1225aa4b8183885c11802cc3b042305a4ecc1a?s=96&d=mm&r=g\",\"contentUrl\":\"https:\\\/\\\/secure.gravatar.com\\\/avatar\\\/f6ca6430c51d147f363940f84e1225aa4b8183885c11802cc3b042305a4ecc1a?s=96&d=mm&r=g\",\"caption\":\"Dinorah Nava\"},\"description\":\"Editora de Contenidos y Estrategias Digitales en Centro Urbano y Coeditora en Peri\u00f3dico Mi Casa. Egresada de la licenciatura en Comunicaci\u00f3n y Periodismo de la Facultad de Estudios Superiores Arag\u00f3n (UNAM). Amante de la edici\u00f3n y correcci\u00f3n de estilo, las redes sociales y el mundo digital. Especialista en temas son arquitectura, inmobiliario y urbanismo.\",\"sameAs\":[\"linkedin.com\\\/in\\\/dinorah-nava\",\"https:\\\/\\\/x.com\\\/https:\\\/\\\/twitter.com\\\/Dinorah_Nava28\"],\"url\":\"https:\\\/\\\/centrourbano.com\\\/revista\\\/author\\\/dinorah-nava\\\/\"}]}<\/script>\n<!-- \/ Yoast SEO plugin. -->","yoast_head_json":{"title":"Incrementa inversi\u00f3n fija en el sector construcci\u00f3n -","description":"Durante el sexto mes del a\u00f1o tuvo un aumento de 1.48% mensual gracias al aumento que tuvieron los rubros de construcci\u00f3n residencial y no residencial El","robots":{"index":"index","follow":"follow","max-snippet":"max-snippet:-1","max-image-preview":"max-image-preview:large","max-video-preview":"max-video-preview:-1"},"canonical":"https:\/\/centrourbano.com\/revista\/construccion\/incrementa-inversion-fija-en-el-sector-construccion\/","og_locale":"es_ES","og_type":"article","og_title":"Incrementa inversi\u00f3n fija en el sector construcci\u00f3n -","og_description":"Durante el sexto mes del a\u00f1o tuvo un aumento de 1.48% mensual gracias al aumento que tuvieron los rubros de construcci\u00f3n residencial y no residencial El","og_url":"https:\/\/centrourbano.com\/revista\/construccion\/incrementa-inversion-fija-en-el-sector-construccion\/","og_site_name":"Centro Urbano","article_publisher":"https:\/\/www.facebook.com\/portalcentrourbano","article_published_time":"2014-09-11T14:00:20+00:00","og_image":[{"width":350,"height":91,"url":"https:\/\/centrourbano.com\/revista\/wp-content\/uploads\/CU-logo.png","type":"image\/png"}],"author":"Dinorah Nava","twitter_card":"summary_large_image","twitter_creator":"@https:\/\/twitter.com\/Dinorah_Nava28","twitter_site":"@CentroUrbano","twitter_misc":{"Escrito por":"Dinorah Nava","Tiempo de lectura":"2 minutos"},"schema":{"@context":"https:\/\/schema.org","@graph":[{"@type":"Article","@id":"https:\/\/centrourbano.com\/revista\/construccion\/incrementa-inversion-fija-en-el-sector-construccion\/#article","isPartOf":{"@id":"https:\/\/centrourbano.com\/revista\/construccion\/incrementa-inversion-fija-en-el-sector-construccion\/"},"author":{"name":"Dinorah Nava","@id":"https:\/\/centrourbano.com\/revista\/#\/schema\/person\/b45db815d96831257ba428a3d5a5fbdc"},"headline":"Incrementa inversi\u00f3n fija en el sector construcci\u00f3n","datePublished":"2014-09-11T14:00:20+00:00","mainEntityOfPage":{"@id":"https:\/\/centrourbano.com\/revista\/construccion\/incrementa-inversion-fija-en-el-sector-construccion\/"},"wordCount":311,"commentCount":0,"publisher":{"@id":"https:\/\/centrourbano.com\/revista\/#organization"},"keywords":["construcci\u00f3n","IFB","Inegi","Instituto Nacional de Estad\u00edstica y Geograf\u00eda","Inversi\u00f3n Fija Bruta"],"articleSection":["Construcci\u00f3n"],"inLanguage":"es","potentialAction":[{"@type":"CommentAction","name":"Comment","target":["https:\/\/centrourbano.com\/revista\/construccion\/incrementa-inversion-fija-en-el-sector-construccion\/#respond"]}]},{"@type":"WebPage","@id":"https:\/\/centrourbano.com\/revista\/construccion\/incrementa-inversion-fija-en-el-sector-construccion\/","url":"https:\/\/centrourbano.com\/revista\/construccion\/incrementa-inversion-fija-en-el-sector-construccion\/","name":"Incrementa inversi\u00f3n fija en el sector construcci\u00f3n -","isPartOf":{"@id":"https:\/\/centrourbano.com\/revista\/#website"},"datePublished":"2014-09-11T14:00:20+00:00","description":"Durante el sexto mes del a\u00f1o tuvo un aumento de 1.48% mensual gracias al aumento que tuvieron los rubros de construcci\u00f3n residencial y no residencial El","breadcrumb":{"@id":"https:\/\/centrourbano.com\/revista\/construccion\/incrementa-inversion-fija-en-el-sector-construccion\/#breadcrumb"},"inLanguage":"es","potentialAction":[{"@type":"ReadAction","target":["https:\/\/centrourbano.com\/revista\/construccion\/incrementa-inversion-fija-en-el-sector-construccion\/"]}]},{"@type":"BreadcrumbList","@id":"https:\/\/centrourbano.com\/revista\/construccion\/incrementa-inversion-fija-en-el-sector-construccion\/#breadcrumb","itemListElement":[{"@type":"ListItem","position":1,"name":"Portada","item":"https:\/\/centrourbano.com\/revista\/"},{"@type":"ListItem","position":2,"name":"Incrementa inversi\u00f3n fija en el sector construcci\u00f3n"}]},{"@type":"WebSite","@id":"https:\/\/centrourbano.com\/revista\/#website","url":"https:\/\/centrourbano.com\/revista\/","name":"Centro Urbano","description":"Medio especializado en los sectores vivienda, inmobiliario, construcci\u00f3n, arquitectura y urbanismo.","publisher":{"@id":"https:\/\/centrourbano.com\/revista\/#organization"},"potentialAction":[{"@type":"SearchAction","target":{"@type":"EntryPoint","urlTemplate":"https:\/\/centrourbano.com\/revista\/?s={search_term_string}"},"query-input":{"@type":"PropertyValueSpecification","valueRequired":true,"valueName":"search_term_string"}}],"inLanguage":"es"},{"@type":"Organization","@id":"https:\/\/centrourbano.com\/revista\/#organization","name":"Centro Urbano","url":"https:\/\/centrourbano.com\/revista\/","logo":{"@type":"ImageObject","inLanguage":"es","@id":"https:\/\/centrourbano.com\/revista\/#\/schema\/logo\/image\/","url":"https:\/\/centrourbano.com\/revista\/wp-content\/uploads\/web_CU_logo-1.png","contentUrl":"https:\/\/centrourbano.com\/revista\/wp-content\/uploads\/web_CU_logo-1.png","width":350,"height":91,"caption":"Centro Urbano"},"image":{"@id":"https:\/\/centrourbano.com\/revista\/#\/schema\/logo\/image\/"},"sameAs":["https:\/\/www.facebook.com\/portalcentrourbano","https:\/\/x.com\/CentroUrbano","https:\/\/www.instagram.com\/centro_urbano\/","https:\/\/www.linkedin.com\/company\/centro-urbano\/","http:\/\/www.youtube.com\/user\/portalcentrourbano"]},{"@type":"Person","@id":"https:\/\/centrourbano.com\/revista\/#\/schema\/person\/b45db815d96831257ba428a3d5a5fbdc","name":"Dinorah Nava","image":{"@type":"ImageObject","inLanguage":"es","@id":"https:\/\/secure.gravatar.com\/avatar\/f6ca6430c51d147f363940f84e1225aa4b8183885c11802cc3b042305a4ecc1a?s=96&d=mm&r=g","url":"https:\/\/secure.gravatar.com\/avatar\/f6ca6430c51d147f363940f84e1225aa4b8183885c11802cc3b042305a4ecc1a?s=96&d=mm&r=g","contentUrl":"https:\/\/secure.gravatar.com\/avatar\/f6ca6430c51d147f363940f84e1225aa4b8183885c11802cc3b042305a4ecc1a?s=96&d=mm&r=g","caption":"Dinorah Nava"},"description":"Editora de Contenidos y Estrategias Digitales en Centro Urbano y Coeditora en Peri\u00f3dico Mi Casa. Egresada de la licenciatura en Comunicaci\u00f3n y Periodismo de la Facultad de Estudios Superiores Arag\u00f3n (UNAM). Amante de la edici\u00f3n y correcci\u00f3n de estilo, las redes sociales y el mundo digital. Especialista en temas son arquitectura, inmobiliario y urbanismo.","sameAs":["linkedin.com\/in\/dinorah-nava","https:\/\/x.com\/https:\/\/twitter.com\/Dinorah_Nava28"],"url":"https:\/\/centrourbano.com\/revista\/author\/dinorah-nava\/"}]}},"_links":{"self":[{"href":"https:\/\/centrourbano.com\/revista\/wp-json\/wp\/v2\/posts\/10650","targetHints":{"allow":["GET"]}}],"collection":[{"href":"https:\/\/centrourbano.com\/revista\/wp-json\/wp\/v2\/posts"}],"about":[{"href":"https:\/\/centrourbano.com\/revista\/wp-json\/wp\/v2\/types\/post"}],"author":[{"embeddable":true,"href":"https:\/\/centrourbano.com\/revista\/wp-json\/wp\/v2\/users\/9"}],"replies":[{"embeddable":true,"href":"https:\/\/centrourbano.com\/revista\/wp-json\/wp\/v2\/comments?post=10650"}],"version-history":[{"count":0,"href":"https:\/\/centrourbano.com\/revista\/wp-json\/wp\/v2\/posts\/10650\/revisions"}],"wp:attachment":[{"href":"https:\/\/centrourbano.com\/revista\/wp-json\/wp\/v2\/media?parent=10650"}],"wp:term":[{"taxonomy":"category","embeddable":true,"href":"https:\/\/centrourbano.com\/revista\/wp-json\/wp\/v2\/categories?post=10650"},{"taxonomy":"post_tag","embeddable":true,"href":"https:\/\/centrourbano.com\/revista\/wp-json\/wp\/v2\/tags?post=10650"}],"curies":[{"name":"wp","href":"https:\/\/api.w.org\/{rel}","templated":true}]}}