{"id":106414,"date":"2020-05-15T10:14:51","date_gmt":"2020-05-15T15:14:51","guid":{"rendered":"https:\/\/centrourbano.com\/?p=106414"},"modified":"2020-05-15T10:14:51","modified_gmt":"2020-05-15T15:14:51","slug":"anuncia-edomex-aumento-de-800-camas-para-hacer-frente-al-covid-19","status":"publish","type":"post","link":"https:\/\/centrourbano.com\/revista\/actualidad\/anuncia-edomex-aumento-de-800-camas-para-hacer-frente-al-covid-19\/","title":{"rendered":"Anuncia Edomex aumento de 800 camas para hacer frente al Covid-19"},"content":{"rendered":"<p><em>El gobernador del Edomex, Alfredo del Mazo, anunci\u00f3 que su administraci\u00f3n contrat\u00f3 1,270 m\u00e9dicos para atender la emergencia sanitaria<\/em><\/p>\n<p><!--more--><\/p>\n<p>Ante el aumento acelerado en el n\u00famero de contagios en la poblaci\u00f3n del Estado de M\u00e9xico, el <a href=\"https:\/\/twitter.com\/Edomex\">gobierno de la entidad,<\/a> a trav\u00e9s de su titular, Alfredo del Mazo, anunci\u00f3 que el sector salud estatal <strong>cuenta con 798 camas m\u00e1s<\/strong>, para atender la creciente cantidad de enfermos graves de Covid-19.<\/p>\n<p>Los espacios donde se habilit\u00f3 infraestructura para la adici\u00f3n de camas para atender a los pacientes son los siguientes:<\/p>\n<ul>\n<li>Centro de Convenciones de Toluca: 200 camas.<\/li>\n<li>CRIT Telet\u00f3n Tlalnepantla: 158 camas.<\/li>\n<li>Centro Cultural Mexiquense en Texcoco: 180 camas.<\/li>\n<li>Deportivo Tonanitla: 100 camas.<\/li>\n<li>Ciudad Jard\u00edn Bicentenario en Nezahualc\u00f3yotl: 100 camas.<\/li>\n<li>Hospital inflable en Ecatepec: 60 camas.<\/li>\n<\/ul>\n<p>Del Mazo explic\u00f3 que estos hospitales temporales, son adicionales a los 46 que ya tienen designados para tal fin. Tambi\u00e9n a\u00f1adi\u00f3 que para hacer frente a la contingencia se contrataron 1,270 m\u00e9dicos y enfermeras.<\/p>\n<p>[quote]\u201cPara que todo este esfuerzo de aumentar la capacidad hospitalaria pueda operar y pueda funcionar, hemos contratado mil 270 m\u00e9dicos y enfermeras adicionales que nos ayuden a salvar m\u00e1s vidas\u201d.[\/quote]<\/p>\n<p>Al 11 de mayo del 2020, la tasa de ocupaci\u00f3n de camas de hospitalizaci\u00f3n y las de terapia intensiva estaban a m\u00e1s de la mitad de la capacidad instalada , 54 y 52%, respectivamente.<\/p>\n","protected":false},"excerpt":{"rendered":"<p>El gobernador del Edomex, Alfredo del Mazo, anunci\u00f3 que su administraci\u00f3n contrat\u00f3 1,270 m\u00e9dicos para atender la emergencia sanitaria<\/p>\n","protected":false},"author":75,"featured_media":106415,"comment_status":"open","ping_status":"closed","sticky":false,"template":"","format":"standard","meta":{"om_disable_all_campaigns":false,"inline_featured_image":false,"_monsterinsights_skip_tracking":false,"_monsterinsights_sitenote_active":false,"_monsterinsights_sitenote_note":"","_monsterinsights_sitenote_category":0,"footnotes":""},"categories":[80,17827],"tags":[18231,18344,17784,18345,589,303,18346,18347],"class_list":["post-106414","post","type-post","status-publish","format-standard","has-post-thumbnail","hentry","category-actualidad","category-cobertura-covid-19","tag-camas-adicionales","tag-camas-hospitalarias","tag-covid-19","tag-del-mazo","tag-edomex","tag-estado-de-mexico","tag-hospitalizacion","tag-pacientes-covid-19"],"yoast_head":"<!-- This site is optimized with the Yoast SEO plugin v27.4 - https:\/\/yoast.com\/product\/yoast-seo-wordpress\/ -->\n<title>Anuncia Edom\u00e9x aumento de 800 camas para hacer frente al Covid-19<\/title>\n<meta name=\"description\" content=\"El gobernador del Edom\u00e9x, Alfredo del Mazo, anunci\u00f3 que su administraci\u00f3n contrat\u00f3 1,270 m\u00e9dicos para atender la emergencia sanitaria\" \/>\n<meta name=\"robots\" content=\"index, follow, max-snippet:-1, max-image-preview:large, max-video-preview:-1\" \/>\n<link rel=\"canonical\" href=\"https:\/\/centrourbano.com\/revista\/actualidad\/anuncia-edomex-aumento-de-800-camas-para-hacer-frente-al-covid-19\/\" \/>\n<meta property=\"og:locale\" content=\"es_ES\" \/>\n<meta property=\"og:type\" content=\"article\" \/>\n<meta property=\"og:title\" content=\"Anuncia Edom\u00e9x aumento de 800 camas para hacer frente al Covid-19\" \/>\n<meta property=\"og:description\" content=\"El gobernador del Edom\u00e9x, Alfredo del Mazo, anunci\u00f3 que su administraci\u00f3n contrat\u00f3 1,270 m\u00e9dicos para atender la emergencia sanitaria\" \/>\n<meta property=\"og:url\" content=\"https:\/\/centrourbano.com\/revista\/actualidad\/anuncia-edomex-aumento-de-800-camas-para-hacer-frente-al-covid-19\/\" \/>\n<meta property=\"og:site_name\" content=\"Centro Urbano\" \/>\n<meta property=\"article:publisher\" content=\"https:\/\/www.facebook.com\/portalcentrourbano\" \/>\n<meta property=\"article:published_time\" content=\"2020-05-15T15:14:51+00:00\" \/>\n<meta property=\"og:image\" content=\"https:\/\/centrourbano.com\/revista\/wp-content\/uploads\/Edom\u00e9x_Espacios_Covid.jpg\" \/>\n\t<meta property=\"og:image:width\" content=\"1024\" \/>\n\t<meta property=\"og:image:height\" content=\"768\" \/>\n\t<meta property=\"og:image:type\" content=\"image\/jpeg\" \/>\n<meta name=\"author\" content=\"Antonio Garc\u00eda\" \/>\n<meta name=\"twitter:card\" content=\"summary_large_image\" \/>\n<meta name=\"twitter:creator\" content=\"@https:\/\/twitter.com\/TGarper\" \/>\n<meta name=\"twitter:site\" content=\"@CentroUrbano\" \/>\n<meta name=\"twitter:label1\" content=\"Escrito por\" \/>\n\t<meta name=\"twitter:data1\" content=\"Antonio Garc\u00eda\" \/>\n\t<meta name=\"twitter:label2\" content=\"Tiempo de lectura\" \/>\n\t<meta name=\"twitter:data2\" content=\"1 minuto\" \/>\n<script type=\"application\/ld+json\" class=\"yoast-schema-graph\">{\"@context\":\"https:\\\/\\\/schema.org\",\"@graph\":[{\"@type\":\"Article\",\"@id\":\"https:\\\/\\\/centrourbano.com\\\/revista\\\/actualidad\\\/anuncia-edomex-aumento-de-800-camas-para-hacer-frente-al-covid-19\\\/#article\",\"isPartOf\":{\"@id\":\"https:\\\/\\\/centrourbano.com\\\/revista\\\/actualidad\\\/anuncia-edomex-aumento-de-800-camas-para-hacer-frente-al-covid-19\\\/\"},\"author\":{\"name\":\"Antonio Garc\u00eda\",\"@id\":\"https:\\\/\\\/centrourbano.com\\\/revista\\\/#\\\/schema\\\/person\\\/d12ede3164a0881bab68f5868d5dfe8c\"},\"headline\":\"Anuncia Edomex aumento de 800 camas para hacer frente al Covid-19\",\"datePublished\":\"2020-05-15T15:14:51+00:00\",\"mainEntityOfPage\":{\"@id\":\"https:\\\/\\\/centrourbano.com\\\/revista\\\/actualidad\\\/anuncia-edomex-aumento-de-800-camas-para-hacer-frente-al-covid-19\\\/\"},\"wordCount\":237,\"commentCount\":0,\"publisher\":{\"@id\":\"https:\\\/\\\/centrourbano.com\\\/revista\\\/#organization\"},\"image\":{\"@id\":\"https:\\\/\\\/centrourbano.com\\\/revista\\\/actualidad\\\/anuncia-edomex-aumento-de-800-camas-para-hacer-frente-al-covid-19\\\/#primaryimage\"},\"thumbnailUrl\":\"https:\\\/\\\/centrourbano.com\\\/revista\\\/wp-content\\\/uploads\\\/Edom\u00e9x_Espacios_Covid.jpg\",\"keywords\":[\"camas adicionales\",\"camas hospitalarias\",\"COVID-19\",\"Del Mazo\",\"Edomex\",\"Estado de M\u00e9xico\",\"hospitalizaci\u00f3n\",\"pacientes Covid-19\"],\"articleSection\":[\"Actualidad\",\"Cobertura Covid-19\"],\"inLanguage\":\"es\",\"potentialAction\":[{\"@type\":\"CommentAction\",\"name\":\"Comment\",\"target\":[\"https:\\\/\\\/centrourbano.com\\\/revista\\\/actualidad\\\/anuncia-edomex-aumento-de-800-camas-para-hacer-frente-al-covid-19\\\/#respond\"]}]},{\"@type\":\"WebPage\",\"@id\":\"https:\\\/\\\/centrourbano.com\\\/revista\\\/actualidad\\\/anuncia-edomex-aumento-de-800-camas-para-hacer-frente-al-covid-19\\\/\",\"url\":\"https:\\\/\\\/centrourbano.com\\\/revista\\\/actualidad\\\/anuncia-edomex-aumento-de-800-camas-para-hacer-frente-al-covid-19\\\/\",\"name\":\"Anuncia Edom\u00e9x aumento de 800 camas para hacer frente al Covid-19\",\"isPartOf\":{\"@id\":\"https:\\\/\\\/centrourbano.com\\\/revista\\\/#website\"},\"primaryImageOfPage\":{\"@id\":\"https:\\\/\\\/centrourbano.com\\\/revista\\\/actualidad\\\/anuncia-edomex-aumento-de-800-camas-para-hacer-frente-al-covid-19\\\/#primaryimage\"},\"image\":{\"@id\":\"https:\\\/\\\/centrourbano.com\\\/revista\\\/actualidad\\\/anuncia-edomex-aumento-de-800-camas-para-hacer-frente-al-covid-19\\\/#primaryimage\"},\"thumbnailUrl\":\"https:\\\/\\\/centrourbano.com\\\/revista\\\/wp-content\\\/uploads\\\/Edom\u00e9x_Espacios_Covid.jpg\",\"datePublished\":\"2020-05-15T15:14:51+00:00\",\"description\":\"El gobernador del Edom\u00e9x, Alfredo del Mazo, anunci\u00f3 que su administraci\u00f3n contrat\u00f3 1,270 m\u00e9dicos para atender la emergencia sanitaria\",\"breadcrumb\":{\"@id\":\"https:\\\/\\\/centrourbano.com\\\/revista\\\/actualidad\\\/anuncia-edomex-aumento-de-800-camas-para-hacer-frente-al-covid-19\\\/#breadcrumb\"},\"inLanguage\":\"es\",\"potentialAction\":[{\"@type\":\"ReadAction\",\"target\":[\"https:\\\/\\\/centrourbano.com\\\/revista\\\/actualidad\\\/anuncia-edomex-aumento-de-800-camas-para-hacer-frente-al-covid-19\\\/\"]}]},{\"@type\":\"ImageObject\",\"inLanguage\":\"es\",\"@id\":\"https:\\\/\\\/centrourbano.com\\\/revista\\\/actualidad\\\/anuncia-edomex-aumento-de-800-camas-para-hacer-frente-al-covid-19\\\/#primaryimage\",\"url\":\"https:\\\/\\\/centrourbano.com\\\/revista\\\/wp-content\\\/uploads\\\/Edom\u00e9x_Espacios_Covid.jpg\",\"contentUrl\":\"https:\\\/\\\/centrourbano.com\\\/revista\\\/wp-content\\\/uploads\\\/Edom\u00e9x_Espacios_Covid.jpg\",\"width\":1024,\"height\":768,\"caption\":\"El gobernador del Edom\u00e9x, Alfredo del Mazo, anunci\u00f3 que su administraci\u00f3n contrat\u00f3 1,270 m\u00e9dicos para atender la emergencia sanitaria\"},{\"@type\":\"BreadcrumbList\",\"@id\":\"https:\\\/\\\/centrourbano.com\\\/revista\\\/actualidad\\\/anuncia-edomex-aumento-de-800-camas-para-hacer-frente-al-covid-19\\\/#breadcrumb\",\"itemListElement\":[{\"@type\":\"ListItem\",\"position\":1,\"name\":\"Portada\",\"item\":\"https:\\\/\\\/centrourbano.com\\\/revista\\\/\"},{\"@type\":\"ListItem\",\"position\":2,\"name\":\"Anuncia Edomex aumento de 800 camas para hacer frente al Covid-19\"}]},{\"@type\":\"WebSite\",\"@id\":\"https:\\\/\\\/centrourbano.com\\\/revista\\\/#website\",\"url\":\"https:\\\/\\\/centrourbano.com\\\/revista\\\/\",\"name\":\"Centro Urbano\",\"description\":\"Medio especializado en los sectores vivienda, inmobiliario, construcci\u00f3n, arquitectura y urbanismo.\",\"publisher\":{\"@id\":\"https:\\\/\\\/centrourbano.com\\\/revista\\\/#organization\"},\"potentialAction\":[{\"@type\":\"SearchAction\",\"target\":{\"@type\":\"EntryPoint\",\"urlTemplate\":\"https:\\\/\\\/centrourbano.com\\\/revista\\\/?s={search_term_string}\"},\"query-input\":{\"@type\":\"PropertyValueSpecification\",\"valueRequired\":true,\"valueName\":\"search_term_string\"}}],\"inLanguage\":\"es\"},{\"@type\":\"Organization\",\"@id\":\"https:\\\/\\\/centrourbano.com\\\/revista\\\/#organization\",\"name\":\"Centro Urbano\",\"url\":\"https:\\\/\\\/centrourbano.com\\\/revista\\\/\",\"logo\":{\"@type\":\"ImageObject\",\"inLanguage\":\"es\",\"@id\":\"https:\\\/\\\/centrourbano.com\\\/revista\\\/#\\\/schema\\\/logo\\\/image\\\/\",\"url\":\"https:\\\/\\\/centrourbano.com\\\/revista\\\/wp-content\\\/uploads\\\/web_CU_logo-1.png\",\"contentUrl\":\"https:\\\/\\\/centrourbano.com\\\/revista\\\/wp-content\\\/uploads\\\/web_CU_logo-1.png\",\"width\":350,\"height\":91,\"caption\":\"Centro Urbano\"},\"image\":{\"@id\":\"https:\\\/\\\/centrourbano.com\\\/revista\\\/#\\\/schema\\\/logo\\\/image\\\/\"},\"sameAs\":[\"https:\\\/\\\/www.facebook.com\\\/portalcentrourbano\",\"https:\\\/\\\/x.com\\\/CentroUrbano\",\"https:\\\/\\\/www.instagram.com\\\/centro_urbano\\\/\",\"https:\\\/\\\/www.linkedin.com\\\/company\\\/centro-urbano\\\/\",\"http:\\\/\\\/www.youtube.com\\\/user\\\/portalcentrourbano\"]},{\"@type\":\"Person\",\"@id\":\"https:\\\/\\\/centrourbano.com\\\/revista\\\/#\\\/schema\\\/person\\\/d12ede3164a0881bab68f5868d5dfe8c\",\"name\":\"Antonio Garc\u00eda\",\"image\":{\"@type\":\"ImageObject\",\"inLanguage\":\"es\",\"@id\":\"https:\\\/\\\/secure.gravatar.com\\\/avatar\\\/68b7fcfc82d16a702310836698db1d823c3fb3b28e1f0938164455de47d96d82?s=96&d=mm&r=g\",\"url\":\"https:\\\/\\\/secure.gravatar.com\\\/avatar\\\/68b7fcfc82d16a702310836698db1d823c3fb3b28e1f0938164455de47d96d82?s=96&d=mm&r=g\",\"contentUrl\":\"https:\\\/\\\/secure.gravatar.com\\\/avatar\\\/68b7fcfc82d16a702310836698db1d823c3fb3b28e1f0938164455de47d96d82?s=96&d=mm&r=g\",\"caption\":\"Antonio Garc\u00eda\"},\"description\":\"Integrante del equipo editorial en Centro Urbano. Egresado de la carrera de Econom\u00eda (preespecialidad en Desarrollo Regional) en el IPN y de Matem\u00e1ticas Aplicadas y Computaci\u00f3n en la UNAM. Apasionado de los temas inherentes al desarrollo urbano-regional y estudios formales -e informales- sobre la ciudad y la econom\u00eda urbana.\",\"sameAs\":[\"https:\\\/\\\/www.instagram.com\\\/caminante_en_la_ciudad\\\/?hl=es-la\",\"https:\\\/\\\/x.com\\\/https:\\\/\\\/twitter.com\\\/TGarper\"],\"url\":\"https:\\\/\\\/centrourbano.com\\\/revista\\\/author\\\/antonio-garcia\\\/\"}]}<\/script>\n<!-- \/ Yoast SEO plugin. -->","yoast_head_json":{"title":"Anuncia Edom\u00e9x aumento de 800 camas para hacer frente al Covid-19","description":"El gobernador del Edom\u00e9x, Alfredo del Mazo, anunci\u00f3 que su administraci\u00f3n contrat\u00f3 1,270 m\u00e9dicos para atender la emergencia sanitaria","robots":{"index":"index","follow":"follow","max-snippet":"max-snippet:-1","max-image-preview":"max-image-preview:large","max-video-preview":"max-video-preview:-1"},"canonical":"https:\/\/centrourbano.com\/revista\/actualidad\/anuncia-edomex-aumento-de-800-camas-para-hacer-frente-al-covid-19\/","og_locale":"es_ES","og_type":"article","og_title":"Anuncia Edom\u00e9x aumento de 800 camas para hacer frente al Covid-19","og_description":"El gobernador del Edom\u00e9x, Alfredo del Mazo, anunci\u00f3 que su administraci\u00f3n contrat\u00f3 1,270 m\u00e9dicos para atender la emergencia sanitaria","og_url":"https:\/\/centrourbano.com\/revista\/actualidad\/anuncia-edomex-aumento-de-800-camas-para-hacer-frente-al-covid-19\/","og_site_name":"Centro Urbano","article_publisher":"https:\/\/www.facebook.com\/portalcentrourbano","article_published_time":"2020-05-15T15:14:51+00:00","og_image":[{"width":1024,"height":768,"url":"https:\/\/centrourbano.com\/revista\/wp-content\/uploads\/Edom\u00e9x_Espacios_Covid.jpg","type":"image\/jpeg"}],"author":"Antonio Garc\u00eda","twitter_card":"summary_large_image","twitter_creator":"@https:\/\/twitter.com\/TGarper","twitter_site":"@CentroUrbano","twitter_misc":{"Escrito por":"Antonio Garc\u00eda","Tiempo de lectura":"1 minuto"},"schema":{"@context":"https:\/\/schema.org","@graph":[{"@type":"Article","@id":"https:\/\/centrourbano.com\/revista\/actualidad\/anuncia-edomex-aumento-de-800-camas-para-hacer-frente-al-covid-19\/#article","isPartOf":{"@id":"https:\/\/centrourbano.com\/revista\/actualidad\/anuncia-edomex-aumento-de-800-camas-para-hacer-frente-al-covid-19\/"},"author":{"name":"Antonio Garc\u00eda","@id":"https:\/\/centrourbano.com\/revista\/#\/schema\/person\/d12ede3164a0881bab68f5868d5dfe8c"},"headline":"Anuncia Edomex aumento de 800 camas para hacer frente al Covid-19","datePublished":"2020-05-15T15:14:51+00:00","mainEntityOfPage":{"@id":"https:\/\/centrourbano.com\/revista\/actualidad\/anuncia-edomex-aumento-de-800-camas-para-hacer-frente-al-covid-19\/"},"wordCount":237,"commentCount":0,"publisher":{"@id":"https:\/\/centrourbano.com\/revista\/#organization"},"image":{"@id":"https:\/\/centrourbano.com\/revista\/actualidad\/anuncia-edomex-aumento-de-800-camas-para-hacer-frente-al-covid-19\/#primaryimage"},"thumbnailUrl":"https:\/\/centrourbano.com\/revista\/wp-content\/uploads\/Edom\u00e9x_Espacios_Covid.jpg","keywords":["camas adicionales","camas hospitalarias","COVID-19","Del Mazo","Edomex","Estado de M\u00e9xico","hospitalizaci\u00f3n","pacientes Covid-19"],"articleSection":["Actualidad","Cobertura Covid-19"],"inLanguage":"es","potentialAction":[{"@type":"CommentAction","name":"Comment","target":["https:\/\/centrourbano.com\/revista\/actualidad\/anuncia-edomex-aumento-de-800-camas-para-hacer-frente-al-covid-19\/#respond"]}]},{"@type":"WebPage","@id":"https:\/\/centrourbano.com\/revista\/actualidad\/anuncia-edomex-aumento-de-800-camas-para-hacer-frente-al-covid-19\/","url":"https:\/\/centrourbano.com\/revista\/actualidad\/anuncia-edomex-aumento-de-800-camas-para-hacer-frente-al-covid-19\/","name":"Anuncia Edom\u00e9x aumento de 800 camas para hacer frente al Covid-19","isPartOf":{"@id":"https:\/\/centrourbano.com\/revista\/#website"},"primaryImageOfPage":{"@id":"https:\/\/centrourbano.com\/revista\/actualidad\/anuncia-edomex-aumento-de-800-camas-para-hacer-frente-al-covid-19\/#primaryimage"},"image":{"@id":"https:\/\/centrourbano.com\/revista\/actualidad\/anuncia-edomex-aumento-de-800-camas-para-hacer-frente-al-covid-19\/#primaryimage"},"thumbnailUrl":"https:\/\/centrourbano.com\/revista\/wp-content\/uploads\/Edom\u00e9x_Espacios_Covid.jpg","datePublished":"2020-05-15T15:14:51+00:00","description":"El gobernador del Edom\u00e9x, Alfredo del Mazo, anunci\u00f3 que su administraci\u00f3n contrat\u00f3 1,270 m\u00e9dicos para atender la emergencia sanitaria","breadcrumb":{"@id":"https:\/\/centrourbano.com\/revista\/actualidad\/anuncia-edomex-aumento-de-800-camas-para-hacer-frente-al-covid-19\/#breadcrumb"},"inLanguage":"es","potentialAction":[{"@type":"ReadAction","target":["https:\/\/centrourbano.com\/revista\/actualidad\/anuncia-edomex-aumento-de-800-camas-para-hacer-frente-al-covid-19\/"]}]},{"@type":"ImageObject","inLanguage":"es","@id":"https:\/\/centrourbano.com\/revista\/actualidad\/anuncia-edomex-aumento-de-800-camas-para-hacer-frente-al-covid-19\/#primaryimage","url":"https:\/\/centrourbano.com\/revista\/wp-content\/uploads\/Edom\u00e9x_Espacios_Covid.jpg","contentUrl":"https:\/\/centrourbano.com\/revista\/wp-content\/uploads\/Edom\u00e9x_Espacios_Covid.jpg","width":1024,"height":768,"caption":"El gobernador del Edom\u00e9x, Alfredo del Mazo, anunci\u00f3 que su administraci\u00f3n contrat\u00f3 1,270 m\u00e9dicos para atender la emergencia sanitaria"},{"@type":"BreadcrumbList","@id":"https:\/\/centrourbano.com\/revista\/actualidad\/anuncia-edomex-aumento-de-800-camas-para-hacer-frente-al-covid-19\/#breadcrumb","itemListElement":[{"@type":"ListItem","position":1,"name":"Portada","item":"https:\/\/centrourbano.com\/revista\/"},{"@type":"ListItem","position":2,"name":"Anuncia Edomex aumento de 800 camas para hacer frente al Covid-19"}]},{"@type":"WebSite","@id":"https:\/\/centrourbano.com\/revista\/#website","url":"https:\/\/centrourbano.com\/revista\/","name":"Centro Urbano","description":"Medio especializado en los sectores vivienda, inmobiliario, construcci\u00f3n, arquitectura y urbanismo.","publisher":{"@id":"https:\/\/centrourbano.com\/revista\/#organization"},"potentialAction":[{"@type":"SearchAction","target":{"@type":"EntryPoint","urlTemplate":"https:\/\/centrourbano.com\/revista\/?s={search_term_string}"},"query-input":{"@type":"PropertyValueSpecification","valueRequired":true,"valueName":"search_term_string"}}],"inLanguage":"es"},{"@type":"Organization","@id":"https:\/\/centrourbano.com\/revista\/#organization","name":"Centro Urbano","url":"https:\/\/centrourbano.com\/revista\/","logo":{"@type":"ImageObject","inLanguage":"es","@id":"https:\/\/centrourbano.com\/revista\/#\/schema\/logo\/image\/","url":"https:\/\/centrourbano.com\/revista\/wp-content\/uploads\/web_CU_logo-1.png","contentUrl":"https:\/\/centrourbano.com\/revista\/wp-content\/uploads\/web_CU_logo-1.png","width":350,"height":91,"caption":"Centro Urbano"},"image":{"@id":"https:\/\/centrourbano.com\/revista\/#\/schema\/logo\/image\/"},"sameAs":["https:\/\/www.facebook.com\/portalcentrourbano","https:\/\/x.com\/CentroUrbano","https:\/\/www.instagram.com\/centro_urbano\/","https:\/\/www.linkedin.com\/company\/centro-urbano\/","http:\/\/www.youtube.com\/user\/portalcentrourbano"]},{"@type":"Person","@id":"https:\/\/centrourbano.com\/revista\/#\/schema\/person\/d12ede3164a0881bab68f5868d5dfe8c","name":"Antonio Garc\u00eda","image":{"@type":"ImageObject","inLanguage":"es","@id":"https:\/\/secure.gravatar.com\/avatar\/68b7fcfc82d16a702310836698db1d823c3fb3b28e1f0938164455de47d96d82?s=96&d=mm&r=g","url":"https:\/\/secure.gravatar.com\/avatar\/68b7fcfc82d16a702310836698db1d823c3fb3b28e1f0938164455de47d96d82?s=96&d=mm&r=g","contentUrl":"https:\/\/secure.gravatar.com\/avatar\/68b7fcfc82d16a702310836698db1d823c3fb3b28e1f0938164455de47d96d82?s=96&d=mm&r=g","caption":"Antonio Garc\u00eda"},"description":"Integrante del equipo editorial en Centro Urbano. Egresado de la carrera de Econom\u00eda (preespecialidad en Desarrollo Regional) en el IPN y de Matem\u00e1ticas Aplicadas y Computaci\u00f3n en la UNAM. Apasionado de los temas inherentes al desarrollo urbano-regional y estudios formales -e informales- sobre la ciudad y la econom\u00eda urbana.","sameAs":["https:\/\/www.instagram.com\/caminante_en_la_ciudad\/?hl=es-la","https:\/\/x.com\/https:\/\/twitter.com\/TGarper"],"url":"https:\/\/centrourbano.com\/revista\/author\/antonio-garcia\/"}]}},"_links":{"self":[{"href":"https:\/\/centrourbano.com\/revista\/wp-json\/wp\/v2\/posts\/106414","targetHints":{"allow":["GET"]}}],"collection":[{"href":"https:\/\/centrourbano.com\/revista\/wp-json\/wp\/v2\/posts"}],"about":[{"href":"https:\/\/centrourbano.com\/revista\/wp-json\/wp\/v2\/types\/post"}],"author":[{"embeddable":true,"href":"https:\/\/centrourbano.com\/revista\/wp-json\/wp\/v2\/users\/75"}],"replies":[{"embeddable":true,"href":"https:\/\/centrourbano.com\/revista\/wp-json\/wp\/v2\/comments?post=106414"}],"version-history":[{"count":3,"href":"https:\/\/centrourbano.com\/revista\/wp-json\/wp\/v2\/posts\/106414\/revisions"}],"predecessor-version":[{"id":106518,"href":"https:\/\/centrourbano.com\/revista\/wp-json\/wp\/v2\/posts\/106414\/revisions\/106518"}],"wp:featuredmedia":[{"embeddable":true,"href":"https:\/\/centrourbano.com\/revista\/wp-json\/wp\/v2\/media\/106415"}],"wp:attachment":[{"href":"https:\/\/centrourbano.com\/revista\/wp-json\/wp\/v2\/media?parent=106414"}],"wp:term":[{"taxonomy":"category","embeddable":true,"href":"https:\/\/centrourbano.com\/revista\/wp-json\/wp\/v2\/categories?post=106414"},{"taxonomy":"post_tag","embeddable":true,"href":"https:\/\/centrourbano.com\/revista\/wp-json\/wp\/v2\/tags?post=106414"}],"curies":[{"name":"wp","href":"https:\/\/api.w.org\/{rel}","templated":true}]}}