{"id":10640,"date":"2014-09-11T09:00:11","date_gmt":"2014-09-11T14:00:11","guid":{"rendered":"http:\/\/centrourbano.com\/?p=10640"},"modified":"2014-09-10T16:13:46","modified_gmt":"2014-09-10T21:13:46","slug":"buscan-descender-indice-de-informalidad-en-mexico","status":"publish","type":"post","link":"https:\/\/centrourbano.com\/revista\/vivienda\/buscan-descender-indice-de-informalidad-en-mexico\/","title":{"rendered":"Buscan descender \u00edndice de informalidad en M\u00e9xico"},"content":{"rendered":"<p>&nbsp;<\/p>\n<p><em>\u2018<\/em><em>Crezcamos Juntos\u2019 ofrece seguridad social y cr\u00e9dito para vivienda a los trabajadores para que ingresen a la formalidad<\/em><!--more--><\/p>\n<p>El programa \u2018Crezcamos Juntos\u2019 fue definido como una respuesta a una deuda hist\u00f3rica que tiene el Gobierno Federal con los ciudadanos ante la falta de empleos bien pagados, adem\u00e1s de ser visto como una herramienta eficaz para erradicar la informalidad en M\u00e9xico.<\/p>\n<p>Ante esta situaci\u00f3n, el presidente de la Rep\u00fablica, Enrique Pe\u00f1a Nieto ha instruido al Instituto Mexicano del Seguro Social (IMSS), al Instituto del Fondo Nacional de la Vivienda para los Trabajadores (Infonavit) y al Servicio de Administraci\u00f3n Tributaria (SAT) para ofrecerles beneficios a los trabajadores y as\u00ed, alentarlos para ingresar a la formalidad.<\/p>\n<p>Se dio a conocer que \u201c28 millones de personas est\u00e1n en la informalidad y se tiene como meta lograr que cinco millones de contribuyentes ingresen al programa, de los cuales ya 4.2 millones se han incorporado\u201d, declar\u00f3 Arist\u00f3teles N\u00fa\u00f1ez, jefe del SAT.<\/p>\n<p>Adem\u00e1s, agreg\u00f3 que \u201ceste programa est\u00e1 dirigido a personas f\u00edsicas que tienen ingresos de hasta dos millones de pesos anuales\u201d.<\/p>\n<p>Por su parte, Alejandro Murat, director general del Infonavit, mencion\u00f3 que se atender\u00e1 a los trabajadores con un cr\u00e9dito para vivienda si perciben anualmente entre 100 mil y dos millones de pesos y con la ventaja de tener otros beneficios como una tasa de inter\u00e9s de 12 por ciento, nivel que podr\u00eda reducirse a 10.5.<\/p>\n<p>\u201cSe reconoce a los mexicanos que est\u00e1n en la informalidad y hacen un esfuerzo para tener un trabajo y generarse un sustento, pero no tienen acceso a los derechos que establece la Constituci\u00f3n\u201d.<\/p>\n<p>Explic\u00f3 que el Instituto determin\u00f3 dos rubros: en el R\u00e9gimen de Incorporaci\u00f3n Fiscal (RIF) y los \u2018autoempleados\u2019, los cuales tendr\u00e1 diferentes beneficios en materia de cr\u00e9dito hipotecario.<\/p>\n<p>A\u00f1adi\u00f3 que se tendr\u00e1n diferentes de subsidios: por incorporaci\u00f3n, en la parte del ahorro, en cuanto a la aportaci\u00f3n de la cuota y hasta el acceso a un refinanciamiento.<\/p>\n<p>Murat Hinojosa espera que la banca comercial apoye m\u00e1s a los mexicanos con facilidades para obtener un cr\u00e9dito.<\/p>\n<p>\u201cOjal\u00e1 que la relaci\u00f3n de solidaridad se diera con la\u00a0banca comercial y los trabajadores para ser sujetos de cr\u00e9dito. S\u00f3lo representan 10 por ciento de los cr\u00e9ditos y de ese, cinco por ciento es cofinanciamiento con el Infonavit, que ofrece las tasas m\u00e1s competitivas del mercado\u201d.<\/p>\n<p>Finalmente, el Director General del IMSS, Jos\u00e9 Antonio Gonz\u00e1lez Anaya, explic\u00f3 que los trabajadores informales que se inscriban podr\u00e1n afiliarse con los mismos derechos.<\/p>\n<p>\u201cCuando exista un riesgo de trabajo se les cubrir\u00e1 \u00edntegro su salario durante el tiempo que se encuentren de incapacidad, y tendr\u00e1n tambi\u00e9n derecho al seguro de vida y pensi\u00f3n por vejez e invalidez, maternidad y guarder\u00edas\u201d, se\u00f1al\u00f3.<\/p>\n<p>Habr\u00e1 cerca de 607 m\u00f3dulos en todo el pa\u00eds que informar\u00e1n a los ciudadanos, 70 de ellos en las C\u00e1maras Empresariales y varios estar\u00e1n en universidades.<\/p>\n","protected":false},"excerpt":{"rendered":"<p>&nbsp; \u2018Crezcamos Juntos\u2019 ofrece seguridad social y cr\u00e9dito para vivienda a los trabajadores para que ingresen a la formalidad<\/p>\n","protected":false},"author":18,"featured_media":0,"comment_status":"open","ping_status":"closed","sticky":false,"template":"","format":"standard","meta":{"om_disable_all_campaigns":false,"inline_featured_image":false,"_monsterinsights_skip_tracking":false,"_monsterinsights_sitenote_active":false,"_monsterinsights_sitenote_note":"","_monsterinsights_sitenote_category":0,"footnotes":""},"categories":[12],"tags":[454,2954,351,100,60],"class_list":["post-10640","post","type-post","status-publish","format-standard","hentry","category-vivienda","tag-alejandro-murat","tag-crezcamos-juntos","tag-imss","tag-infonavit","tag-vivienda-2"],"yoast_head":"<!-- This site is optimized with the Yoast SEO plugin v27.4 - https:\/\/yoast.com\/product\/yoast-seo-wordpress\/ -->\n<title>Buscan descender \u00edndice de informalidad en M\u00e9xico  -<\/title>\n<meta name=\"description\" content=\"&nbsp; \u2018Crezcamos Juntos\u2019 ofrece seguridad social y cr\u00e9dito para vivienda a los trabajadores para que ingresen a la formalidad El programa \u2018Crezcamos\" \/>\n<meta name=\"robots\" content=\"index, follow, max-snippet:-1, max-image-preview:large, max-video-preview:-1\" \/>\n<link rel=\"canonical\" href=\"https:\/\/centrourbano.com\/revista\/vivienda\/buscan-descender-indice-de-informalidad-en-mexico\/\" \/>\n<meta property=\"og:locale\" content=\"es_ES\" \/>\n<meta property=\"og:type\" content=\"article\" \/>\n<meta property=\"og:title\" content=\"Buscan descender \u00edndice de informalidad en M\u00e9xico  -\" \/>\n<meta property=\"og:description\" content=\"&nbsp; \u2018Crezcamos Juntos\u2019 ofrece seguridad social y cr\u00e9dito para vivienda a los trabajadores para que ingresen a la formalidad El programa \u2018Crezcamos\" \/>\n<meta property=\"og:url\" content=\"https:\/\/centrourbano.com\/revista\/vivienda\/buscan-descender-indice-de-informalidad-en-mexico\/\" \/>\n<meta property=\"og:site_name\" content=\"Centro Urbano\" \/>\n<meta property=\"article:publisher\" content=\"https:\/\/www.facebook.com\/portalcentrourbano\" \/>\n<meta property=\"article:published_time\" content=\"2014-09-11T14:00:11+00:00\" \/>\n<meta property=\"og:image\" content=\"https:\/\/centrourbano.com\/revista\/wp-content\/uploads\/CU-logo.png\" \/>\n\t<meta property=\"og:image:width\" content=\"350\" \/>\n\t<meta property=\"og:image:height\" content=\"91\" \/>\n\t<meta property=\"og:image:type\" content=\"image\/png\" \/>\n<meta name=\"author\" content=\"Carlos Garc\u00eda\" \/>\n<meta name=\"twitter:card\" content=\"summary_large_image\" \/>\n<meta name=\"twitter:creator\" content=\"@CentroUrbano\" \/>\n<meta name=\"twitter:site\" content=\"@CentroUrbano\" \/>\n<meta name=\"twitter:label1\" content=\"Escrito por\" \/>\n\t<meta name=\"twitter:data1\" content=\"Carlos Garc\u00eda\" \/>\n\t<meta name=\"twitter:label2\" content=\"Tiempo de lectura\" \/>\n\t<meta name=\"twitter:data2\" content=\"3 minutos\" \/>\n<script type=\"application\/ld+json\" class=\"yoast-schema-graph\">{\"@context\":\"https:\\\/\\\/schema.org\",\"@graph\":[{\"@type\":\"Article\",\"@id\":\"https:\\\/\\\/centrourbano.com\\\/revista\\\/vivienda\\\/buscan-descender-indice-de-informalidad-en-mexico\\\/#article\",\"isPartOf\":{\"@id\":\"https:\\\/\\\/centrourbano.com\\\/revista\\\/vivienda\\\/buscan-descender-indice-de-informalidad-en-mexico\\\/\"},\"author\":{\"name\":\"Carlos Garc\u00eda\",\"@id\":\"https:\\\/\\\/centrourbano.com\\\/revista\\\/#\\\/schema\\\/person\\\/15622a07e4c485a93b48c9ff1145007c\"},\"headline\":\"Buscan descender \u00edndice de informalidad en M\u00e9xico\",\"datePublished\":\"2014-09-11T14:00:11+00:00\",\"mainEntityOfPage\":{\"@id\":\"https:\\\/\\\/centrourbano.com\\\/revista\\\/vivienda\\\/buscan-descender-indice-de-informalidad-en-mexico\\\/\"},\"wordCount\":517,\"commentCount\":0,\"publisher\":{\"@id\":\"https:\\\/\\\/centrourbano.com\\\/revista\\\/#organization\"},\"keywords\":[\"Alejandro Murat\",\"Crezcamos Juntos\",\"IMSS\",\"Infonavit\",\"vivienda\"],\"articleSection\":[\"Vivienda\"],\"inLanguage\":\"es\",\"potentialAction\":[{\"@type\":\"CommentAction\",\"name\":\"Comment\",\"target\":[\"https:\\\/\\\/centrourbano.com\\\/revista\\\/vivienda\\\/buscan-descender-indice-de-informalidad-en-mexico\\\/#respond\"]}]},{\"@type\":\"WebPage\",\"@id\":\"https:\\\/\\\/centrourbano.com\\\/revista\\\/vivienda\\\/buscan-descender-indice-de-informalidad-en-mexico\\\/\",\"url\":\"https:\\\/\\\/centrourbano.com\\\/revista\\\/vivienda\\\/buscan-descender-indice-de-informalidad-en-mexico\\\/\",\"name\":\"Buscan descender \u00edndice de informalidad en M\u00e9xico -\",\"isPartOf\":{\"@id\":\"https:\\\/\\\/centrourbano.com\\\/revista\\\/#website\"},\"datePublished\":\"2014-09-11T14:00:11+00:00\",\"description\":\"&nbsp; \u2018Crezcamos Juntos\u2019 ofrece seguridad social y cr\u00e9dito para vivienda a los trabajadores para que ingresen a la formalidad El programa \u2018Crezcamos\",\"breadcrumb\":{\"@id\":\"https:\\\/\\\/centrourbano.com\\\/revista\\\/vivienda\\\/buscan-descender-indice-de-informalidad-en-mexico\\\/#breadcrumb\"},\"inLanguage\":\"es\",\"potentialAction\":[{\"@type\":\"ReadAction\",\"target\":[\"https:\\\/\\\/centrourbano.com\\\/revista\\\/vivienda\\\/buscan-descender-indice-de-informalidad-en-mexico\\\/\"]}]},{\"@type\":\"BreadcrumbList\",\"@id\":\"https:\\\/\\\/centrourbano.com\\\/revista\\\/vivienda\\\/buscan-descender-indice-de-informalidad-en-mexico\\\/#breadcrumb\",\"itemListElement\":[{\"@type\":\"ListItem\",\"position\":1,\"name\":\"Portada\",\"item\":\"https:\\\/\\\/centrourbano.com\\\/revista\\\/\"},{\"@type\":\"ListItem\",\"position\":2,\"name\":\"Buscan descender \u00edndice de informalidad en M\u00e9xico\"}]},{\"@type\":\"WebSite\",\"@id\":\"https:\\\/\\\/centrourbano.com\\\/revista\\\/#website\",\"url\":\"https:\\\/\\\/centrourbano.com\\\/revista\\\/\",\"name\":\"Centro Urbano\",\"description\":\"Medio especializado en los sectores vivienda, inmobiliario, construcci\u00f3n, arquitectura y urbanismo.\",\"publisher\":{\"@id\":\"https:\\\/\\\/centrourbano.com\\\/revista\\\/#organization\"},\"potentialAction\":[{\"@type\":\"SearchAction\",\"target\":{\"@type\":\"EntryPoint\",\"urlTemplate\":\"https:\\\/\\\/centrourbano.com\\\/revista\\\/?s={search_term_string}\"},\"query-input\":{\"@type\":\"PropertyValueSpecification\",\"valueRequired\":true,\"valueName\":\"search_term_string\"}}],\"inLanguage\":\"es\"},{\"@type\":\"Organization\",\"@id\":\"https:\\\/\\\/centrourbano.com\\\/revista\\\/#organization\",\"name\":\"Centro Urbano\",\"url\":\"https:\\\/\\\/centrourbano.com\\\/revista\\\/\",\"logo\":{\"@type\":\"ImageObject\",\"inLanguage\":\"es\",\"@id\":\"https:\\\/\\\/centrourbano.com\\\/revista\\\/#\\\/schema\\\/logo\\\/image\\\/\",\"url\":\"https:\\\/\\\/centrourbano.com\\\/revista\\\/wp-content\\\/uploads\\\/web_CU_logo-1.png\",\"contentUrl\":\"https:\\\/\\\/centrourbano.com\\\/revista\\\/wp-content\\\/uploads\\\/web_CU_logo-1.png\",\"width\":350,\"height\":91,\"caption\":\"Centro Urbano\"},\"image\":{\"@id\":\"https:\\\/\\\/centrourbano.com\\\/revista\\\/#\\\/schema\\\/logo\\\/image\\\/\"},\"sameAs\":[\"https:\\\/\\\/www.facebook.com\\\/portalcentrourbano\",\"https:\\\/\\\/x.com\\\/CentroUrbano\",\"https:\\\/\\\/www.instagram.com\\\/centro_urbano\\\/\",\"https:\\\/\\\/www.linkedin.com\\\/company\\\/centro-urbano\\\/\",\"http:\\\/\\\/www.youtube.com\\\/user\\\/portalcentrourbano\"]},{\"@type\":\"Person\",\"@id\":\"https:\\\/\\\/centrourbano.com\\\/revista\\\/#\\\/schema\\\/person\\\/15622a07e4c485a93b48c9ff1145007c\",\"name\":\"Carlos Garc\u00eda\",\"image\":{\"@type\":\"ImageObject\",\"inLanguage\":\"es\",\"@id\":\"https:\\\/\\\/secure.gravatar.com\\\/avatar\\\/ad33530f6be00b0762054ba3ddee6e4b9824204d9c8315794c64a7f5841e5add?s=96&d=mm&r=g\",\"url\":\"https:\\\/\\\/secure.gravatar.com\\\/avatar\\\/ad33530f6be00b0762054ba3ddee6e4b9824204d9c8315794c64a7f5841e5add?s=96&d=mm&r=g\",\"contentUrl\":\"https:\\\/\\\/secure.gravatar.com\\\/avatar\\\/ad33530f6be00b0762054ba3ddee6e4b9824204d9c8315794c64a7f5841e5add?s=96&d=mm&r=g\",\"caption\":\"Carlos Garc\u00eda\"},\"description\":\"Egresado de la carrera de Ciencias de la Comunicaci\u00f3n con diplomado de Periodismo Deportivo. Se ha desempe\u00f1ado como reportero y redactor de deportes, como en otras \u00e1reas. Actualmente trabaja en Centro Urbano. Amante del cine, los Beatles, futbol, lucha libre y los viajes.\",\"url\":\"https:\\\/\\\/centrourbano.com\\\/revista\\\/author\\\/carlos-garcia\\\/\"}]}<\/script>\n<!-- \/ Yoast SEO plugin. -->","yoast_head_json":{"title":"Buscan descender \u00edndice de informalidad en M\u00e9xico  -","description":"&nbsp; \u2018Crezcamos Juntos\u2019 ofrece seguridad social y cr\u00e9dito para vivienda a los trabajadores para que ingresen a la formalidad El programa \u2018Crezcamos","robots":{"index":"index","follow":"follow","max-snippet":"max-snippet:-1","max-image-preview":"max-image-preview:large","max-video-preview":"max-video-preview:-1"},"canonical":"https:\/\/centrourbano.com\/revista\/vivienda\/buscan-descender-indice-de-informalidad-en-mexico\/","og_locale":"es_ES","og_type":"article","og_title":"Buscan descender \u00edndice de informalidad en M\u00e9xico  -","og_description":"&nbsp; \u2018Crezcamos Juntos\u2019 ofrece seguridad social y cr\u00e9dito para vivienda a los trabajadores para que ingresen a la formalidad El programa \u2018Crezcamos","og_url":"https:\/\/centrourbano.com\/revista\/vivienda\/buscan-descender-indice-de-informalidad-en-mexico\/","og_site_name":"Centro Urbano","article_publisher":"https:\/\/www.facebook.com\/portalcentrourbano","article_published_time":"2014-09-11T14:00:11+00:00","og_image":[{"width":350,"height":91,"url":"https:\/\/centrourbano.com\/revista\/wp-content\/uploads\/CU-logo.png","type":"image\/png"}],"author":"Carlos Garc\u00eda","twitter_card":"summary_large_image","twitter_creator":"@CentroUrbano","twitter_site":"@CentroUrbano","twitter_misc":{"Escrito por":"Carlos Garc\u00eda","Tiempo de lectura":"3 minutos"},"schema":{"@context":"https:\/\/schema.org","@graph":[{"@type":"Article","@id":"https:\/\/centrourbano.com\/revista\/vivienda\/buscan-descender-indice-de-informalidad-en-mexico\/#article","isPartOf":{"@id":"https:\/\/centrourbano.com\/revista\/vivienda\/buscan-descender-indice-de-informalidad-en-mexico\/"},"author":{"name":"Carlos Garc\u00eda","@id":"https:\/\/centrourbano.com\/revista\/#\/schema\/person\/15622a07e4c485a93b48c9ff1145007c"},"headline":"Buscan descender \u00edndice de informalidad en M\u00e9xico","datePublished":"2014-09-11T14:00:11+00:00","mainEntityOfPage":{"@id":"https:\/\/centrourbano.com\/revista\/vivienda\/buscan-descender-indice-de-informalidad-en-mexico\/"},"wordCount":517,"commentCount":0,"publisher":{"@id":"https:\/\/centrourbano.com\/revista\/#organization"},"keywords":["Alejandro Murat","Crezcamos Juntos","IMSS","Infonavit","vivienda"],"articleSection":["Vivienda"],"inLanguage":"es","potentialAction":[{"@type":"CommentAction","name":"Comment","target":["https:\/\/centrourbano.com\/revista\/vivienda\/buscan-descender-indice-de-informalidad-en-mexico\/#respond"]}]},{"@type":"WebPage","@id":"https:\/\/centrourbano.com\/revista\/vivienda\/buscan-descender-indice-de-informalidad-en-mexico\/","url":"https:\/\/centrourbano.com\/revista\/vivienda\/buscan-descender-indice-de-informalidad-en-mexico\/","name":"Buscan descender \u00edndice de informalidad en M\u00e9xico -","isPartOf":{"@id":"https:\/\/centrourbano.com\/revista\/#website"},"datePublished":"2014-09-11T14:00:11+00:00","description":"&nbsp; \u2018Crezcamos Juntos\u2019 ofrece seguridad social y cr\u00e9dito para vivienda a los trabajadores para que ingresen a la formalidad El programa \u2018Crezcamos","breadcrumb":{"@id":"https:\/\/centrourbano.com\/revista\/vivienda\/buscan-descender-indice-de-informalidad-en-mexico\/#breadcrumb"},"inLanguage":"es","potentialAction":[{"@type":"ReadAction","target":["https:\/\/centrourbano.com\/revista\/vivienda\/buscan-descender-indice-de-informalidad-en-mexico\/"]}]},{"@type":"BreadcrumbList","@id":"https:\/\/centrourbano.com\/revista\/vivienda\/buscan-descender-indice-de-informalidad-en-mexico\/#breadcrumb","itemListElement":[{"@type":"ListItem","position":1,"name":"Portada","item":"https:\/\/centrourbano.com\/revista\/"},{"@type":"ListItem","position":2,"name":"Buscan descender \u00edndice de informalidad en M\u00e9xico"}]},{"@type":"WebSite","@id":"https:\/\/centrourbano.com\/revista\/#website","url":"https:\/\/centrourbano.com\/revista\/","name":"Centro Urbano","description":"Medio especializado en los sectores vivienda, inmobiliario, construcci\u00f3n, arquitectura y urbanismo.","publisher":{"@id":"https:\/\/centrourbano.com\/revista\/#organization"},"potentialAction":[{"@type":"SearchAction","target":{"@type":"EntryPoint","urlTemplate":"https:\/\/centrourbano.com\/revista\/?s={search_term_string}"},"query-input":{"@type":"PropertyValueSpecification","valueRequired":true,"valueName":"search_term_string"}}],"inLanguage":"es"},{"@type":"Organization","@id":"https:\/\/centrourbano.com\/revista\/#organization","name":"Centro Urbano","url":"https:\/\/centrourbano.com\/revista\/","logo":{"@type":"ImageObject","inLanguage":"es","@id":"https:\/\/centrourbano.com\/revista\/#\/schema\/logo\/image\/","url":"https:\/\/centrourbano.com\/revista\/wp-content\/uploads\/web_CU_logo-1.png","contentUrl":"https:\/\/centrourbano.com\/revista\/wp-content\/uploads\/web_CU_logo-1.png","width":350,"height":91,"caption":"Centro Urbano"},"image":{"@id":"https:\/\/centrourbano.com\/revista\/#\/schema\/logo\/image\/"},"sameAs":["https:\/\/www.facebook.com\/portalcentrourbano","https:\/\/x.com\/CentroUrbano","https:\/\/www.instagram.com\/centro_urbano\/","https:\/\/www.linkedin.com\/company\/centro-urbano\/","http:\/\/www.youtube.com\/user\/portalcentrourbano"]},{"@type":"Person","@id":"https:\/\/centrourbano.com\/revista\/#\/schema\/person\/15622a07e4c485a93b48c9ff1145007c","name":"Carlos Garc\u00eda","image":{"@type":"ImageObject","inLanguage":"es","@id":"https:\/\/secure.gravatar.com\/avatar\/ad33530f6be00b0762054ba3ddee6e4b9824204d9c8315794c64a7f5841e5add?s=96&d=mm&r=g","url":"https:\/\/secure.gravatar.com\/avatar\/ad33530f6be00b0762054ba3ddee6e4b9824204d9c8315794c64a7f5841e5add?s=96&d=mm&r=g","contentUrl":"https:\/\/secure.gravatar.com\/avatar\/ad33530f6be00b0762054ba3ddee6e4b9824204d9c8315794c64a7f5841e5add?s=96&d=mm&r=g","caption":"Carlos Garc\u00eda"},"description":"Egresado de la carrera de Ciencias de la Comunicaci\u00f3n con diplomado de Periodismo Deportivo. Se ha desempe\u00f1ado como reportero y redactor de deportes, como en otras \u00e1reas. Actualmente trabaja en Centro Urbano. Amante del cine, los Beatles, futbol, lucha libre y los viajes.","url":"https:\/\/centrourbano.com\/revista\/author\/carlos-garcia\/"}]}},"_links":{"self":[{"href":"https:\/\/centrourbano.com\/revista\/wp-json\/wp\/v2\/posts\/10640","targetHints":{"allow":["GET"]}}],"collection":[{"href":"https:\/\/centrourbano.com\/revista\/wp-json\/wp\/v2\/posts"}],"about":[{"href":"https:\/\/centrourbano.com\/revista\/wp-json\/wp\/v2\/types\/post"}],"author":[{"embeddable":true,"href":"https:\/\/centrourbano.com\/revista\/wp-json\/wp\/v2\/users\/18"}],"replies":[{"embeddable":true,"href":"https:\/\/centrourbano.com\/revista\/wp-json\/wp\/v2\/comments?post=10640"}],"version-history":[{"count":0,"href":"https:\/\/centrourbano.com\/revista\/wp-json\/wp\/v2\/posts\/10640\/revisions"}],"wp:attachment":[{"href":"https:\/\/centrourbano.com\/revista\/wp-json\/wp\/v2\/media?parent=10640"}],"wp:term":[{"taxonomy":"category","embeddable":true,"href":"https:\/\/centrourbano.com\/revista\/wp-json\/wp\/v2\/categories?post=10640"},{"taxonomy":"post_tag","embeddable":true,"href":"https:\/\/centrourbano.com\/revista\/wp-json\/wp\/v2\/tags?post=10640"}],"curies":[{"name":"wp","href":"https:\/\/api.w.org\/{rel}","templated":true}]}}