{"id":106376,"date":"2020-05-13T17:47:23","date_gmt":"2020-05-13T22:47:23","guid":{"rendered":"https:\/\/centrourbano.com\/?p=106376"},"modified":"2020-05-14T10:21:49","modified_gmt":"2020-05-14T15:21:49","slug":"en-yucatan-construccion-retomara-actividades-hasta-el-1-de-junio","status":"publish","type":"post","link":"https:\/\/centrourbano.com\/revista\/vivienda\/en-yucatan-construccion-retomara-actividades-hasta-el-1-de-junio\/","title":{"rendered":"En Yucat\u00e1n, Construcci\u00f3n retomar\u00e1 actividades hasta el 1 de junio"},"content":{"rendered":"<p><em>En la entidad, sectores como el aeroespacial y aeron\u00e1utico tendr\u00e1n prioridad para retomar actividades el 18 de mayo <\/em><!--more--><\/p>\n<p>En Yucat\u00e1n, la industria de la <strong>construcci\u00f3n no retomar\u00e1 actividades a partir del 18 de mayo<\/strong> como fue planteado por la autoridad federal. En el estado, el gobierno decidi\u00f3 mandar la reactivaci\u00f3n de esta industria <strong>hasta el 1 de junio<\/strong>.<\/p>\n<p>De acuerdo con el gobernador <strong>Mauricio Villa<\/strong>, en el estado se dar\u00e1 prioridad de reapertura al <strong>sector aeroespacial, aeron\u00e1utica y de fabricaci\u00f3n automotriz<\/strong>, las cuales s\u00ed podr\u00e1n retomar actividades a partir del <strong>18 de mayo<\/strong>.<\/p>\n<p>[quote]\u201cA partir de 18 de mayo abriremos industria aeroespacial, aeron\u00e1utica y de fabricaci\u00f3n automotriz y 1 de junio sector construcci\u00f3n, condicionados a estrictas medidas de higiene y prevenci\u00f3n de contagios para trabajadores, clientes y ciudadanos en general\u201d, indic\u00f3.[\/quote]<\/p>\n<p>La decisi\u00f3n, asegur\u00f3, se dio en atenci\u00f3n a la recomendaciones de expertos en salud. Pero, sobre todo, \u201cante la particular evoluci\u00f3n de pandemia en Yucat\u00e1n\u201d.<\/p>\n<p>\u201cHoy iniciamos mesas de consulta para reapertura responsable y gradual de econom\u00eda. Nos coordinaremos para que de manera escalonada vayamos reabriendo negocios que hoy se encuentran cerrados conforme las condiciones de pandemia nos vayan permitiendo\u201d, indic\u00f3.<\/p>\n<p>Cabe recordar que el estado de Yucat\u00e1n fue uno en donde la restricci\u00f3n de actividades en el sector de la construcci\u00f3n se realiz\u00f3 de <strong>manera m\u00e1s estricta<\/strong>, con una detenci\u00f3n total en obras.<\/p>\n<h4>Decisiones del Consejo de Salubridad<\/h4>\n<p>Ayer, la <strong>Asociaci\u00f3n de Gobernadores de Acci\u00f3n Nacional<\/strong> se posicion\u00f3 entorno a la decisi\u00f3n tomada por parte del <strong>Consejo de Salubridad<\/strong>, en la que, entre otras cosas, aprobaba el retorno de actividades para la industria de la construcci\u00f3n, minera y automotriz.<\/p>\n<p>A trav\u00e9s de su cuenta de Twitter, el organismo se\u00f1al\u00f3 que \u201ca ra\u00edz del anuncio del Consejo de Salubridad, advertimos que <strong>no es posible reabrir m\u00e1s actividades econ\u00f3micas<\/strong> hasta que el descenso en el nivel de contagios lo permita y se den los protocolos sanitarios para hacerlo con seguridad. <strong>Ser\u00eda delicado e irresponsable<\/strong>\u201d.<\/p>\n","protected":false},"excerpt":{"rendered":"<p>En la entidad, sectores como el aeroespacial y aeron\u00e1utico tendr\u00e1n prioridad para retomar actividades el 18 de mayo<\/p>\n","protected":false},"author":14,"featured_media":106379,"comment_status":"open","ping_status":"closed","sticky":false,"template":"","format":"standard","meta":{"om_disable_all_campaigns":false,"inline_featured_image":false,"_monsterinsights_skip_tracking":false,"_monsterinsights_sitenote_active":false,"_monsterinsights_sitenote_note":"","_monsterinsights_sitenote_category":0,"footnotes":""},"categories":[14,12],"tags":[22,17784,17814,18341,60,68],"class_list":["post-106376","post","type-post","status-publish","format-standard","has-post-thumbnail","hentry","category-construccion","category-vivienda","tag-construccion-2","tag-covid-19","tag-covid19","tag-reapertura-de-actividades","tag-vivienda-2","tag-yucatan"],"yoast_head":"<!-- This site is optimized with the Yoast SEO plugin v27.5 - https:\/\/yoast.com\/product\/yoast-seo-wordpress\/ -->\n<title>En Yucat\u00e1n, Construcci\u00f3n retomar\u00e1 actividades hasta el 1 de junio<\/title>\n<meta name=\"description\" content=\"En la entidad, sectores como el aeroespacial y aeron\u00e1utico tendr\u00e1 prioridad para retomar actividades el 18 de mayo. Construcci\u00f3n retomar\u00e1 activdades.\" \/>\n<meta name=\"robots\" content=\"index, follow, max-snippet:-1, max-image-preview:large, max-video-preview:-1\" \/>\n<link rel=\"canonical\" href=\"https:\/\/centrourbano.com\/revista\/vivienda\/en-yucatan-construccion-retomara-actividades-hasta-el-1-de-junio\/\" \/>\n<meta property=\"og:locale\" content=\"es_ES\" \/>\n<meta property=\"og:type\" content=\"article\" \/>\n<meta property=\"og:title\" content=\"En Yucat\u00e1n, Construcci\u00f3n retomar\u00e1 actividades hasta el 1 de junio\" \/>\n<meta property=\"og:description\" content=\"En la entidad, sectores como el aeroespacial y aeron\u00e1utico tendr\u00e1 prioridad para retomar actividades el 18 de mayo. Construcci\u00f3n retomar\u00e1 activdades.\" \/>\n<meta property=\"og:url\" content=\"https:\/\/centrourbano.com\/revista\/vivienda\/en-yucatan-construccion-retomara-actividades-hasta-el-1-de-junio\/\" \/>\n<meta property=\"og:site_name\" content=\"Centro Urbano\" \/>\n<meta property=\"article:publisher\" content=\"https:\/\/www.facebook.com\/portalcentrourbano\" \/>\n<meta property=\"article:published_time\" content=\"2020-05-13T22:47:23+00:00\" \/>\n<meta property=\"article:modified_time\" content=\"2020-05-14T15:21:49+00:00\" \/>\n<meta property=\"og:image\" content=\"https:\/\/centrourbano.com\/revista\/wp-content\/uploads\/Construcci\u00f3n-retomar\u00e1-actividades-Mau-Villa.jpg\" \/>\n\t<meta property=\"og:image:width\" content=\"800\" \/>\n\t<meta property=\"og:image:height\" content=\"465\" \/>\n\t<meta property=\"og:image:type\" content=\"image\/jpeg\" \/>\n<meta name=\"author\" content=\"Redacci\u00f3n Centro Urbano\" \/>\n<meta name=\"twitter:card\" content=\"summary_large_image\" \/>\n<meta name=\"twitter:creator\" content=\"@CentroUrbano\" \/>\n<meta name=\"twitter:site\" content=\"@CentroUrbano\" \/>\n<meta name=\"twitter:label1\" content=\"Escrito por\" \/>\n\t<meta name=\"twitter:data1\" content=\"Redacci\u00f3n Centro Urbano\" \/>\n\t<meta name=\"twitter:label2\" content=\"Tiempo de lectura\" \/>\n\t<meta name=\"twitter:data2\" content=\"2 minutos\" \/>\n<script type=\"application\/ld+json\" class=\"yoast-schema-graph\">{\"@context\":\"https:\\\/\\\/schema.org\",\"@graph\":[{\"@type\":\"Article\",\"@id\":\"https:\\\/\\\/centrourbano.com\\\/revista\\\/vivienda\\\/en-yucatan-construccion-retomara-actividades-hasta-el-1-de-junio\\\/#article\",\"isPartOf\":{\"@id\":\"https:\\\/\\\/centrourbano.com\\\/revista\\\/vivienda\\\/en-yucatan-construccion-retomara-actividades-hasta-el-1-de-junio\\\/\"},\"author\":{\"name\":\"Redacci\u00f3n Centro Urbano\",\"@id\":\"https:\\\/\\\/centrourbano.com\\\/revista\\\/#\\\/schema\\\/person\\\/5259f06e282c59482812d0e9a84a6440\"},\"headline\":\"En Yucat\u00e1n, Construcci\u00f3n retomar\u00e1 actividades hasta el 1 de junio\",\"datePublished\":\"2020-05-13T22:47:23+00:00\",\"dateModified\":\"2020-05-14T15:21:49+00:00\",\"mainEntityOfPage\":{\"@id\":\"https:\\\/\\\/centrourbano.com\\\/revista\\\/vivienda\\\/en-yucatan-construccion-retomara-actividades-hasta-el-1-de-junio\\\/\"},\"wordCount\":363,\"commentCount\":0,\"publisher\":{\"@id\":\"https:\\\/\\\/centrourbano.com\\\/revista\\\/#organization\"},\"image\":{\"@id\":\"https:\\\/\\\/centrourbano.com\\\/revista\\\/vivienda\\\/en-yucatan-construccion-retomara-actividades-hasta-el-1-de-junio\\\/#primaryimage\"},\"thumbnailUrl\":\"https:\\\/\\\/centrourbano.com\\\/revista\\\/wp-content\\\/uploads\\\/Construcci\u00f3n-retomar\u00e1-actividades-Mau-Villa.jpg\",\"keywords\":[\"construcci\u00f3n\",\"COVID-19\",\"Covid19\",\"Reapertura de actividades\",\"vivienda\",\"Yucat\u00e1n\"],\"articleSection\":[\"Construcci\u00f3n\",\"Vivienda\"],\"inLanguage\":\"es\",\"potentialAction\":[{\"@type\":\"CommentAction\",\"name\":\"Comment\",\"target\":[\"https:\\\/\\\/centrourbano.com\\\/revista\\\/vivienda\\\/en-yucatan-construccion-retomara-actividades-hasta-el-1-de-junio\\\/#respond\"]}]},{\"@type\":\"WebPage\",\"@id\":\"https:\\\/\\\/centrourbano.com\\\/revista\\\/vivienda\\\/en-yucatan-construccion-retomara-actividades-hasta-el-1-de-junio\\\/\",\"url\":\"https:\\\/\\\/centrourbano.com\\\/revista\\\/vivienda\\\/en-yucatan-construccion-retomara-actividades-hasta-el-1-de-junio\\\/\",\"name\":\"En Yucat\u00e1n, Construcci\u00f3n retomar\u00e1 actividades hasta el 1 de junio\",\"isPartOf\":{\"@id\":\"https:\\\/\\\/centrourbano.com\\\/revista\\\/#website\"},\"primaryImageOfPage\":{\"@id\":\"https:\\\/\\\/centrourbano.com\\\/revista\\\/vivienda\\\/en-yucatan-construccion-retomara-actividades-hasta-el-1-de-junio\\\/#primaryimage\"},\"image\":{\"@id\":\"https:\\\/\\\/centrourbano.com\\\/revista\\\/vivienda\\\/en-yucatan-construccion-retomara-actividades-hasta-el-1-de-junio\\\/#primaryimage\"},\"thumbnailUrl\":\"https:\\\/\\\/centrourbano.com\\\/revista\\\/wp-content\\\/uploads\\\/Construcci\u00f3n-retomar\u00e1-actividades-Mau-Villa.jpg\",\"datePublished\":\"2020-05-13T22:47:23+00:00\",\"dateModified\":\"2020-05-14T15:21:49+00:00\",\"description\":\"En la entidad, sectores como el aeroespacial y aeron\u00e1utico tendr\u00e1 prioridad para retomar actividades el 18 de mayo. Construcci\u00f3n retomar\u00e1 activdades.\",\"breadcrumb\":{\"@id\":\"https:\\\/\\\/centrourbano.com\\\/revista\\\/vivienda\\\/en-yucatan-construccion-retomara-actividades-hasta-el-1-de-junio\\\/#breadcrumb\"},\"inLanguage\":\"es\",\"potentialAction\":[{\"@type\":\"ReadAction\",\"target\":[\"https:\\\/\\\/centrourbano.com\\\/revista\\\/vivienda\\\/en-yucatan-construccion-retomara-actividades-hasta-el-1-de-junio\\\/\"]}]},{\"@type\":\"ImageObject\",\"inLanguage\":\"es\",\"@id\":\"https:\\\/\\\/centrourbano.com\\\/revista\\\/vivienda\\\/en-yucatan-construccion-retomara-actividades-hasta-el-1-de-junio\\\/#primaryimage\",\"url\":\"https:\\\/\\\/centrourbano.com\\\/revista\\\/wp-content\\\/uploads\\\/Construcci\u00f3n-retomar\u00e1-actividades-Mau-Villa.jpg\",\"contentUrl\":\"https:\\\/\\\/centrourbano.com\\\/revista\\\/wp-content\\\/uploads\\\/Construcci\u00f3n-retomar\u00e1-actividades-Mau-Villa.jpg\",\"width\":800,\"height\":465,\"caption\":\"Construcci\u00f3n retomar\u00e1 actividades-Mau-Villa\"},{\"@type\":\"BreadcrumbList\",\"@id\":\"https:\\\/\\\/centrourbano.com\\\/revista\\\/vivienda\\\/en-yucatan-construccion-retomara-actividades-hasta-el-1-de-junio\\\/#breadcrumb\",\"itemListElement\":[{\"@type\":\"ListItem\",\"position\":1,\"name\":\"Portada\",\"item\":\"https:\\\/\\\/centrourbano.com\\\/revista\\\/\"},{\"@type\":\"ListItem\",\"position\":2,\"name\":\"En Yucat\u00e1n, Construcci\u00f3n retomar\u00e1 actividades hasta el 1 de junio\"}]},{\"@type\":\"WebSite\",\"@id\":\"https:\\\/\\\/centrourbano.com\\\/revista\\\/#website\",\"url\":\"https:\\\/\\\/centrourbano.com\\\/revista\\\/\",\"name\":\"Centro Urbano\",\"description\":\"Medio especializado en los sectores vivienda, inmobiliario, construcci\u00f3n, arquitectura y urbanismo.\",\"publisher\":{\"@id\":\"https:\\\/\\\/centrourbano.com\\\/revista\\\/#organization\"},\"potentialAction\":[{\"@type\":\"SearchAction\",\"target\":{\"@type\":\"EntryPoint\",\"urlTemplate\":\"https:\\\/\\\/centrourbano.com\\\/revista\\\/?s={search_term_string}\"},\"query-input\":{\"@type\":\"PropertyValueSpecification\",\"valueRequired\":true,\"valueName\":\"search_term_string\"}}],\"inLanguage\":\"es\"},{\"@type\":\"Organization\",\"@id\":\"https:\\\/\\\/centrourbano.com\\\/revista\\\/#organization\",\"name\":\"Centro Urbano\",\"url\":\"https:\\\/\\\/centrourbano.com\\\/revista\\\/\",\"logo\":{\"@type\":\"ImageObject\",\"inLanguage\":\"es\",\"@id\":\"https:\\\/\\\/centrourbano.com\\\/revista\\\/#\\\/schema\\\/logo\\\/image\\\/\",\"url\":\"https:\\\/\\\/centrourbano.com\\\/revista\\\/wp-content\\\/uploads\\\/web_CU_logo-1.png\",\"contentUrl\":\"https:\\\/\\\/centrourbano.com\\\/revista\\\/wp-content\\\/uploads\\\/web_CU_logo-1.png\",\"width\":350,\"height\":91,\"caption\":\"Centro Urbano\"},\"image\":{\"@id\":\"https:\\\/\\\/centrourbano.com\\\/revista\\\/#\\\/schema\\\/logo\\\/image\\\/\"},\"sameAs\":[\"https:\\\/\\\/www.facebook.com\\\/portalcentrourbano\",\"https:\\\/\\\/x.com\\\/CentroUrbano\",\"https:\\\/\\\/www.instagram.com\\\/centro_urbano\\\/\",\"https:\\\/\\\/www.linkedin.com\\\/company\\\/centro-urbano\\\/\",\"http:\\\/\\\/www.youtube.com\\\/user\\\/portalcentrourbano\"]},{\"@type\":\"Person\",\"@id\":\"https:\\\/\\\/centrourbano.com\\\/revista\\\/#\\\/schema\\\/person\\\/5259f06e282c59482812d0e9a84a6440\",\"name\":\"Redacci\u00f3n Centro Urbano\",\"image\":{\"@type\":\"ImageObject\",\"inLanguage\":\"es\",\"@id\":\"https:\\\/\\\/secure.gravatar.com\\\/avatar\\\/15a789f894398c0f311f3a7a2ee28032bbc0483098539da66b6a045aa810bf35?s=96&d=mm&r=g\",\"url\":\"https:\\\/\\\/secure.gravatar.com\\\/avatar\\\/15a789f894398c0f311f3a7a2ee28032bbc0483098539da66b6a045aa810bf35?s=96&d=mm&r=g\",\"contentUrl\":\"https:\\\/\\\/secure.gravatar.com\\\/avatar\\\/15a789f894398c0f311f3a7a2ee28032bbc0483098539da66b6a045aa810bf35?s=96&d=mm&r=g\",\"caption\":\"Redacci\u00f3n Centro Urbano\"},\"url\":\"https:\\\/\\\/centrourbano.com\\\/revista\\\/author\\\/editorial\\\/\"}]}<\/script>\n<!-- \/ Yoast SEO plugin. -->","yoast_head_json":{"title":"En Yucat\u00e1n, Construcci\u00f3n retomar\u00e1 actividades hasta el 1 de junio","description":"En la entidad, sectores como el aeroespacial y aeron\u00e1utico tendr\u00e1 prioridad para retomar actividades el 18 de mayo. Construcci\u00f3n retomar\u00e1 activdades.","robots":{"index":"index","follow":"follow","max-snippet":"max-snippet:-1","max-image-preview":"max-image-preview:large","max-video-preview":"max-video-preview:-1"},"canonical":"https:\/\/centrourbano.com\/revista\/vivienda\/en-yucatan-construccion-retomara-actividades-hasta-el-1-de-junio\/","og_locale":"es_ES","og_type":"article","og_title":"En Yucat\u00e1n, Construcci\u00f3n retomar\u00e1 actividades hasta el 1 de junio","og_description":"En la entidad, sectores como el aeroespacial y aeron\u00e1utico tendr\u00e1 prioridad para retomar actividades el 18 de mayo. Construcci\u00f3n retomar\u00e1 activdades.","og_url":"https:\/\/centrourbano.com\/revista\/vivienda\/en-yucatan-construccion-retomara-actividades-hasta-el-1-de-junio\/","og_site_name":"Centro Urbano","article_publisher":"https:\/\/www.facebook.com\/portalcentrourbano","article_published_time":"2020-05-13T22:47:23+00:00","article_modified_time":"2020-05-14T15:21:49+00:00","og_image":[{"width":800,"height":465,"url":"https:\/\/centrourbano.com\/revista\/wp-content\/uploads\/Construcci\u00f3n-retomar\u00e1-actividades-Mau-Villa.jpg","type":"image\/jpeg"}],"author":"Redacci\u00f3n Centro Urbano","twitter_card":"summary_large_image","twitter_creator":"@CentroUrbano","twitter_site":"@CentroUrbano","twitter_misc":{"Escrito por":"Redacci\u00f3n Centro Urbano","Tiempo de lectura":"2 minutos"},"schema":{"@context":"https:\/\/schema.org","@graph":[{"@type":"Article","@id":"https:\/\/centrourbano.com\/revista\/vivienda\/en-yucatan-construccion-retomara-actividades-hasta-el-1-de-junio\/#article","isPartOf":{"@id":"https:\/\/centrourbano.com\/revista\/vivienda\/en-yucatan-construccion-retomara-actividades-hasta-el-1-de-junio\/"},"author":{"name":"Redacci\u00f3n Centro Urbano","@id":"https:\/\/centrourbano.com\/revista\/#\/schema\/person\/5259f06e282c59482812d0e9a84a6440"},"headline":"En Yucat\u00e1n, Construcci\u00f3n retomar\u00e1 actividades hasta el 1 de junio","datePublished":"2020-05-13T22:47:23+00:00","dateModified":"2020-05-14T15:21:49+00:00","mainEntityOfPage":{"@id":"https:\/\/centrourbano.com\/revista\/vivienda\/en-yucatan-construccion-retomara-actividades-hasta-el-1-de-junio\/"},"wordCount":363,"commentCount":0,"publisher":{"@id":"https:\/\/centrourbano.com\/revista\/#organization"},"image":{"@id":"https:\/\/centrourbano.com\/revista\/vivienda\/en-yucatan-construccion-retomara-actividades-hasta-el-1-de-junio\/#primaryimage"},"thumbnailUrl":"https:\/\/centrourbano.com\/revista\/wp-content\/uploads\/Construcci\u00f3n-retomar\u00e1-actividades-Mau-Villa.jpg","keywords":["construcci\u00f3n","COVID-19","Covid19","Reapertura de actividades","vivienda","Yucat\u00e1n"],"articleSection":["Construcci\u00f3n","Vivienda"],"inLanguage":"es","potentialAction":[{"@type":"CommentAction","name":"Comment","target":["https:\/\/centrourbano.com\/revista\/vivienda\/en-yucatan-construccion-retomara-actividades-hasta-el-1-de-junio\/#respond"]}]},{"@type":"WebPage","@id":"https:\/\/centrourbano.com\/revista\/vivienda\/en-yucatan-construccion-retomara-actividades-hasta-el-1-de-junio\/","url":"https:\/\/centrourbano.com\/revista\/vivienda\/en-yucatan-construccion-retomara-actividades-hasta-el-1-de-junio\/","name":"En Yucat\u00e1n, Construcci\u00f3n retomar\u00e1 actividades hasta el 1 de junio","isPartOf":{"@id":"https:\/\/centrourbano.com\/revista\/#website"},"primaryImageOfPage":{"@id":"https:\/\/centrourbano.com\/revista\/vivienda\/en-yucatan-construccion-retomara-actividades-hasta-el-1-de-junio\/#primaryimage"},"image":{"@id":"https:\/\/centrourbano.com\/revista\/vivienda\/en-yucatan-construccion-retomara-actividades-hasta-el-1-de-junio\/#primaryimage"},"thumbnailUrl":"https:\/\/centrourbano.com\/revista\/wp-content\/uploads\/Construcci\u00f3n-retomar\u00e1-actividades-Mau-Villa.jpg","datePublished":"2020-05-13T22:47:23+00:00","dateModified":"2020-05-14T15:21:49+00:00","description":"En la entidad, sectores como el aeroespacial y aeron\u00e1utico tendr\u00e1 prioridad para retomar actividades el 18 de mayo. Construcci\u00f3n retomar\u00e1 activdades.","breadcrumb":{"@id":"https:\/\/centrourbano.com\/revista\/vivienda\/en-yucatan-construccion-retomara-actividades-hasta-el-1-de-junio\/#breadcrumb"},"inLanguage":"es","potentialAction":[{"@type":"ReadAction","target":["https:\/\/centrourbano.com\/revista\/vivienda\/en-yucatan-construccion-retomara-actividades-hasta-el-1-de-junio\/"]}]},{"@type":"ImageObject","inLanguage":"es","@id":"https:\/\/centrourbano.com\/revista\/vivienda\/en-yucatan-construccion-retomara-actividades-hasta-el-1-de-junio\/#primaryimage","url":"https:\/\/centrourbano.com\/revista\/wp-content\/uploads\/Construcci\u00f3n-retomar\u00e1-actividades-Mau-Villa.jpg","contentUrl":"https:\/\/centrourbano.com\/revista\/wp-content\/uploads\/Construcci\u00f3n-retomar\u00e1-actividades-Mau-Villa.jpg","width":800,"height":465,"caption":"Construcci\u00f3n retomar\u00e1 actividades-Mau-Villa"},{"@type":"BreadcrumbList","@id":"https:\/\/centrourbano.com\/revista\/vivienda\/en-yucatan-construccion-retomara-actividades-hasta-el-1-de-junio\/#breadcrumb","itemListElement":[{"@type":"ListItem","position":1,"name":"Portada","item":"https:\/\/centrourbano.com\/revista\/"},{"@type":"ListItem","position":2,"name":"En Yucat\u00e1n, Construcci\u00f3n retomar\u00e1 actividades hasta el 1 de junio"}]},{"@type":"WebSite","@id":"https:\/\/centrourbano.com\/revista\/#website","url":"https:\/\/centrourbano.com\/revista\/","name":"Centro Urbano","description":"Medio especializado en los sectores vivienda, inmobiliario, construcci\u00f3n, arquitectura y urbanismo.","publisher":{"@id":"https:\/\/centrourbano.com\/revista\/#organization"},"potentialAction":[{"@type":"SearchAction","target":{"@type":"EntryPoint","urlTemplate":"https:\/\/centrourbano.com\/revista\/?s={search_term_string}"},"query-input":{"@type":"PropertyValueSpecification","valueRequired":true,"valueName":"search_term_string"}}],"inLanguage":"es"},{"@type":"Organization","@id":"https:\/\/centrourbano.com\/revista\/#organization","name":"Centro Urbano","url":"https:\/\/centrourbano.com\/revista\/","logo":{"@type":"ImageObject","inLanguage":"es","@id":"https:\/\/centrourbano.com\/revista\/#\/schema\/logo\/image\/","url":"https:\/\/centrourbano.com\/revista\/wp-content\/uploads\/web_CU_logo-1.png","contentUrl":"https:\/\/centrourbano.com\/revista\/wp-content\/uploads\/web_CU_logo-1.png","width":350,"height":91,"caption":"Centro Urbano"},"image":{"@id":"https:\/\/centrourbano.com\/revista\/#\/schema\/logo\/image\/"},"sameAs":["https:\/\/www.facebook.com\/portalcentrourbano","https:\/\/x.com\/CentroUrbano","https:\/\/www.instagram.com\/centro_urbano\/","https:\/\/www.linkedin.com\/company\/centro-urbano\/","http:\/\/www.youtube.com\/user\/portalcentrourbano"]},{"@type":"Person","@id":"https:\/\/centrourbano.com\/revista\/#\/schema\/person\/5259f06e282c59482812d0e9a84a6440","name":"Redacci\u00f3n Centro Urbano","image":{"@type":"ImageObject","inLanguage":"es","@id":"https:\/\/secure.gravatar.com\/avatar\/15a789f894398c0f311f3a7a2ee28032bbc0483098539da66b6a045aa810bf35?s=96&d=mm&r=g","url":"https:\/\/secure.gravatar.com\/avatar\/15a789f894398c0f311f3a7a2ee28032bbc0483098539da66b6a045aa810bf35?s=96&d=mm&r=g","contentUrl":"https:\/\/secure.gravatar.com\/avatar\/15a789f894398c0f311f3a7a2ee28032bbc0483098539da66b6a045aa810bf35?s=96&d=mm&r=g","caption":"Redacci\u00f3n Centro Urbano"},"url":"https:\/\/centrourbano.com\/revista\/author\/editorial\/"}]}},"_links":{"self":[{"href":"https:\/\/centrourbano.com\/revista\/wp-json\/wp\/v2\/posts\/106376","targetHints":{"allow":["GET"]}}],"collection":[{"href":"https:\/\/centrourbano.com\/revista\/wp-json\/wp\/v2\/posts"}],"about":[{"href":"https:\/\/centrourbano.com\/revista\/wp-json\/wp\/v2\/types\/post"}],"author":[{"embeddable":true,"href":"https:\/\/centrourbano.com\/revista\/wp-json\/wp\/v2\/users\/14"}],"replies":[{"embeddable":true,"href":"https:\/\/centrourbano.com\/revista\/wp-json\/wp\/v2\/comments?post=106376"}],"version-history":[{"count":5,"href":"https:\/\/centrourbano.com\/revista\/wp-json\/wp\/v2\/posts\/106376\/revisions"}],"predecessor-version":[{"id":106404,"href":"https:\/\/centrourbano.com\/revista\/wp-json\/wp\/v2\/posts\/106376\/revisions\/106404"}],"wp:featuredmedia":[{"embeddable":true,"href":"https:\/\/centrourbano.com\/revista\/wp-json\/wp\/v2\/media\/106379"}],"wp:attachment":[{"href":"https:\/\/centrourbano.com\/revista\/wp-json\/wp\/v2\/media?parent=106376"}],"wp:term":[{"taxonomy":"category","embeddable":true,"href":"https:\/\/centrourbano.com\/revista\/wp-json\/wp\/v2\/categories?post=106376"},{"taxonomy":"post_tag","embeddable":true,"href":"https:\/\/centrourbano.com\/revista\/wp-json\/wp\/v2\/tags?post=106376"}],"curies":[{"name":"wp","href":"https:\/\/api.w.org\/{rel}","templated":true}]}}